{"id":114684,"date":"2023-10-31T00:21:18","date_gmt":"2023-10-31T03:21:18","guid":{"rendered":"https:\/\/infoecos.com.ar\/?p=114684"},"modified":"2023-11-01T02:54:52","modified_gmt":"2023-11-01T05:54:52","slug":"memorable-noche-en-trenque-lauquen-por-los-40-anos-ininterrumpidos-de-la-vuelta-a-la-democracia","status":"publish","type":"post","link":"https:\/\/infoecos.com.ar\/index.php\/memorable-noche-en-trenque-lauquen-por-los-40-anos-ininterrumpidos-de-la-vuelta-a-la-democracia\/","title":{"rendered":"Memorable noche en Trenque Lauquen por los 40 a\u00f1os ininterrumpidos de la vuelta a la Democracia"},"content":{"rendered":"\n<p>Una noche marcada por emociones, recuerdos y distinciones se vivi\u00f3 el domingo a la noche en la sala del Teatro Espa\u00f1ol, colmada por concejales de ayer y de hoy, por quienes han ocupado una banca en el recinto durante las \u00faltimas cuatro d\u00e9cadas, elegidos por el voto popular, por quienes han presidido el Cuerpo de concejales durante ese per\u00edodo democr\u00e1tico y por quienes han trabajado en tareas administrativas y legislativas en el Concejo Deliberante.<\/p>\n\n\n\n<figure class=\"wp-block-gallery has-nested-images columns-default is-cropped wp-block-gallery-1 is-layout-flex wp-block-gallery-is-layout-flex\">\n<figure class=\"wp-block-image size-large\"><img loading=\"lazy\" decoding=\"async\" width=\"1115\" height=\"836\" data-id=\"114692\" src=\"https:\/\/infoecos.com.ar\/wp-content\/uploads\/2023\/10\/8e1e7704-7afe-4be9-b88f-0ee10e252755-1.jpg\" alt=\"\" class=\"wp-image-114692\" srcset=\"https:\/\/infoecos.com.ar\/wp-content\/uploads\/2023\/10\/8e1e7704-7afe-4be9-b88f-0ee10e252755-1.jpg 1115w, https:\/\/infoecos.com.ar\/wp-content\/uploads\/2023\/10\/8e1e7704-7afe-4be9-b88f-0ee10e252755-1-800x600.jpg 800w, https:\/\/infoecos.com.ar\/wp-content\/uploads\/2023\/10\/8e1e7704-7afe-4be9-b88f-0ee10e252755-1-768x576.jpg 768w, https:\/\/infoecos.com.ar\/wp-content\/uploads\/2023\/10\/8e1e7704-7afe-4be9-b88f-0ee10e252755-1-1024x768.jpg 1024w\" sizes=\"(max-width: 1115px) 100vw, 1115px\" \/><figcaption class=\"wp-element-caption\">Concejo Deliberante &#8211; 40 a\u00f1os de Democracia<\/figcaption><\/figure>\n\n\n\n<figure class=\"wp-block-image size-large\"><img loading=\"lazy\" decoding=\"async\" width=\"1280\" height=\"720\" data-id=\"114691\" src=\"https:\/\/infoecos.com.ar\/wp-content\/uploads\/2023\/10\/53e92372-6f67-4237-b371-8e3c038ef643-1.jpg\" alt=\"\" class=\"wp-image-114691\" srcset=\"https:\/\/infoecos.com.ar\/wp-content\/uploads\/2023\/10\/53e92372-6f67-4237-b371-8e3c038ef643-1.jpg 1280w, https:\/\/infoecos.com.ar\/wp-content\/uploads\/2023\/10\/53e92372-6f67-4237-b371-8e3c038ef643-1-800x450.jpg 800w, https:\/\/infoecos.com.ar\/wp-content\/uploads\/2023\/10\/53e92372-6f67-4237-b371-8e3c038ef643-1-768x432.jpg 768w, https:\/\/infoecos.com.ar\/wp-content\/uploads\/2023\/10\/53e92372-6f67-4237-b371-8e3c038ef643-1-1024x576.jpg 1024w\" sizes=\"(max-width: 1280px) 100vw, 1280px\" \/><figcaption class=\"wp-element-caption\">Concejo Deliberante &#8211; 40 a\u00f1os de Democracia<\/figcaption><\/figure>\n\n\n\n<figure class=\"wp-block-image size-large\"><img loading=\"lazy\" decoding=\"async\" width=\"1280\" height=\"720\" data-id=\"114690\" src=\"https:\/\/infoecos.com.ar\/wp-content\/uploads\/2023\/10\/76cce062-3bda-4988-b48b-72727ab09ddd-1.jpg\" alt=\"\" class=\"wp-image-114690\" srcset=\"https:\/\/infoecos.com.ar\/wp-content\/uploads\/2023\/10\/76cce062-3bda-4988-b48b-72727ab09ddd-1.jpg 1280w, https:\/\/infoecos.com.ar\/wp-content\/uploads\/2023\/10\/76cce062-3bda-4988-b48b-72727ab09ddd-1-800x450.jpg 800w, https:\/\/infoecos.com.ar\/wp-content\/uploads\/2023\/10\/76cce062-3bda-4988-b48b-72727ab09ddd-1-768x432.jpg 768w, https:\/\/infoecos.com.ar\/wp-content\/uploads\/2023\/10\/76cce062-3bda-4988-b48b-72727ab09ddd-1-1024x576.jpg 1024w\" sizes=\"(max-width: 1280px) 100vw, 1280px\" \/><figcaption class=\"wp-element-caption\">Concejo Deliberante &#8211; 40 a\u00f1os de Democracia<\/figcaption><\/figure>\n<\/figure>\n\n\n\n<p>La cita, que comenz\u00f3 con la lectura del Decreto de convocatoria a cargo del periodista Hugo Fruccio, fue en conmemoraci\u00f3n al 40\u00b0 aniversario de la recuperaci\u00f3n de la Democracia, que se record\u00f3 este lunes por aquella elecci\u00f3n del 30 de octubre de 1983 que consagr\u00f3 a Ra\u00fal Alfons\u00edn a la presidencia, tras siete a\u00f1os de flagelante dictadura militar.<\/p>\n\n\n\n<p>Luego, desde el escenario, el presidente del Concejo Deliberante, Alberto Rodr\u00edguez Mera, ofreci\u00f3 unas palabras de bienvenida y se\u00f1al\u00f3 que \u201cha sido la Democracia la que nos ha tra\u00eddo hasta ac\u00e1, nos ha forjado este destino. Podemos hacer el ejercicio de mirar qu\u00e9 era Trenque Lauquen a principios de los a\u00f1os 80 y ver lo que es actualmente, ese es el resultado de la Democracia\u201d.<\/p>\n\n\n\n<figure class=\"wp-block-gallery has-nested-images columns-default is-cropped wp-block-gallery-2 is-layout-flex wp-block-gallery-is-layout-flex\">\n<figure class=\"wp-block-image size-large\"><img loading=\"lazy\" decoding=\"async\" width=\"1115\" height=\"836\" data-id=\"114694\" src=\"https:\/\/infoecos.com.ar\/wp-content\/uploads\/2023\/10\/86d5a675-0d38-4892-87f1-8e880924b5e1.jpg\" alt=\"\" class=\"wp-image-114694\" srcset=\"https:\/\/infoecos.com.ar\/wp-content\/uploads\/2023\/10\/86d5a675-0d38-4892-87f1-8e880924b5e1.jpg 1115w, https:\/\/infoecos.com.ar\/wp-content\/uploads\/2023\/10\/86d5a675-0d38-4892-87f1-8e880924b5e1-800x600.jpg 800w, https:\/\/infoecos.com.ar\/wp-content\/uploads\/2023\/10\/86d5a675-0d38-4892-87f1-8e880924b5e1-768x576.jpg 768w, https:\/\/infoecos.com.ar\/wp-content\/uploads\/2023\/10\/86d5a675-0d38-4892-87f1-8e880924b5e1-1024x768.jpg 1024w\" sizes=\"(max-width: 1115px) 100vw, 1115px\" \/><figcaption class=\"wp-element-caption\">Concejo Deliberante &#8211; 40 a\u00f1os de Democracia<\/figcaption><\/figure>\n\n\n\n<figure class=\"wp-block-image size-large\"><img loading=\"lazy\" decoding=\"async\" width=\"1115\" height=\"836\" data-id=\"114696\" src=\"https:\/\/infoecos.com.ar\/wp-content\/uploads\/2023\/10\/89ecffc5-ab32-4384-b950-34b7f9905990.jpg\" alt=\"\" class=\"wp-image-114696\" srcset=\"https:\/\/infoecos.com.ar\/wp-content\/uploads\/2023\/10\/89ecffc5-ab32-4384-b950-34b7f9905990.jpg 1115w, https:\/\/infoecos.com.ar\/wp-content\/uploads\/2023\/10\/89ecffc5-ab32-4384-b950-34b7f9905990-800x600.jpg 800w, https:\/\/infoecos.com.ar\/wp-content\/uploads\/2023\/10\/89ecffc5-ab32-4384-b950-34b7f9905990-768x576.jpg 768w, https:\/\/infoecos.com.ar\/wp-content\/uploads\/2023\/10\/89ecffc5-ab32-4384-b950-34b7f9905990-1024x768.jpg 1024w\" sizes=\"(max-width: 1115px) 100vw, 1115px\" \/><figcaption class=\"wp-element-caption\">Concejo Deliberante &#8211; 40 a\u00f1os de Democracia<\/figcaption><\/figure>\n\n\n\n<figure class=\"wp-block-image size-large\"><img loading=\"lazy\" decoding=\"async\" width=\"1115\" height=\"836\" data-id=\"114695\" src=\"https:\/\/infoecos.com.ar\/wp-content\/uploads\/2023\/10\/2807f54e-1ec6-47d9-b39f-756a83aca94e.jpg\" alt=\"\" class=\"wp-image-114695\" srcset=\"https:\/\/infoecos.com.ar\/wp-content\/uploads\/2023\/10\/2807f54e-1ec6-47d9-b39f-756a83aca94e.jpg 1115w, https:\/\/infoecos.com.ar\/wp-content\/uploads\/2023\/10\/2807f54e-1ec6-47d9-b39f-756a83aca94e-800x600.jpg 800w, https:\/\/infoecos.com.ar\/wp-content\/uploads\/2023\/10\/2807f54e-1ec6-47d9-b39f-756a83aca94e-768x576.jpg 768w, https:\/\/infoecos.com.ar\/wp-content\/uploads\/2023\/10\/2807f54e-1ec6-47d9-b39f-756a83aca94e-1024x768.jpg 1024w\" sizes=\"(max-width: 1115px) 100vw, 1115px\" \/><figcaption class=\"wp-element-caption\">Concejo Deliberante &#8211; 40 a\u00f1os de Democracia<\/figcaption><\/figure>\n<\/figure>\n\n\n\n<p>\u201cEl HCD ha tenido como caracter\u00edstica muchos bloques, es una constante que nos ha dado calidad institucional y ha permitido tener a todas las voces representadas para una mejor calidad institucional. Este homenaje es para todos los trabajadores y concejales que han jurado, que han hecho grande a nuestro distrito en estos \u00faltimos 40 a\u00f1os\u201d, agreg\u00f3 Rodr\u00edguez Mera.<\/p>\n\n\n\n<p>Con la m\u00fasica de fondo del tr\u00edo Caracotche-Moro y con im\u00e1genes proyectadas en una enorme pantalla, y la lectura de los periodistas Carlos Prono y Rosana S\u00e1nchez, fueron recordadas con aplausos las distintas conformaciones del Cuerpo legislativo de las \u00faltimas cuatro d\u00e9cadas, sus presidentes, sus bancadas y cada uno de los concejales que las integraron.<\/p>\n\n\n\n<figure class=\"wp-block-gallery has-nested-images columns-default is-cropped wp-block-gallery-3 is-layout-flex wp-block-gallery-is-layout-flex\">\n<figure class=\"wp-block-image size-large\"><img loading=\"lazy\" decoding=\"async\" width=\"1115\" height=\"836\" data-id=\"114706\" src=\"https:\/\/infoecos.com.ar\/wp-content\/uploads\/2023\/10\/02a12f88-55f8-49c7-ba47-96bb14db6896.jpg\" alt=\"\" class=\"wp-image-114706\" srcset=\"https:\/\/infoecos.com.ar\/wp-content\/uploads\/2023\/10\/02a12f88-55f8-49c7-ba47-96bb14db6896.jpg 1115w, https:\/\/infoecos.com.ar\/wp-content\/uploads\/2023\/10\/02a12f88-55f8-49c7-ba47-96bb14db6896-800x600.jpg 800w, https:\/\/infoecos.com.ar\/wp-content\/uploads\/2023\/10\/02a12f88-55f8-49c7-ba47-96bb14db6896-768x576.jpg 768w, https:\/\/infoecos.com.ar\/wp-content\/uploads\/2023\/10\/02a12f88-55f8-49c7-ba47-96bb14db6896-1024x768.jpg 1024w\" sizes=\"(max-width: 1115px) 100vw, 1115px\" \/><figcaption class=\"wp-element-caption\">Concejo Deliberante &#8211; 40 a\u00f1os de Democracia<\/figcaption><\/figure>\n\n\n\n<figure class=\"wp-block-image size-large\"><img loading=\"lazy\" decoding=\"async\" width=\"1115\" height=\"836\" data-id=\"114714\" src=\"https:\/\/infoecos.com.ar\/wp-content\/uploads\/2023\/10\/7a4fa25e-8ff1-48e7-aedd-65b3f7f3b78f.jpg\" alt=\"\" class=\"wp-image-114714\" srcset=\"https:\/\/infoecos.com.ar\/wp-content\/uploads\/2023\/10\/7a4fa25e-8ff1-48e7-aedd-65b3f7f3b78f.jpg 1115w, https:\/\/infoecos.com.ar\/wp-content\/uploads\/2023\/10\/7a4fa25e-8ff1-48e7-aedd-65b3f7f3b78f-800x600.jpg 800w, https:\/\/infoecos.com.ar\/wp-content\/uploads\/2023\/10\/7a4fa25e-8ff1-48e7-aedd-65b3f7f3b78f-768x576.jpg 768w, https:\/\/infoecos.com.ar\/wp-content\/uploads\/2023\/10\/7a4fa25e-8ff1-48e7-aedd-65b3f7f3b78f-1024x768.jpg 1024w\" sizes=\"(max-width: 1115px) 100vw, 1115px\" \/><figcaption class=\"wp-element-caption\">Concejo Deliberante &#8211; 40 a\u00f1os de Democracia<\/figcaption><\/figure>\n\n\n\n<figure class=\"wp-block-image size-large\"><img loading=\"lazy\" decoding=\"async\" width=\"1115\" height=\"836\" data-id=\"114711\" src=\"https:\/\/infoecos.com.ar\/wp-content\/uploads\/2023\/10\/8d33e960-6e2e-4fd8-978c-711bc5f7bbce.jpg\" alt=\"\" class=\"wp-image-114711\" srcset=\"https:\/\/infoecos.com.ar\/wp-content\/uploads\/2023\/10\/8d33e960-6e2e-4fd8-978c-711bc5f7bbce.jpg 1115w, https:\/\/infoecos.com.ar\/wp-content\/uploads\/2023\/10\/8d33e960-6e2e-4fd8-978c-711bc5f7bbce-800x600.jpg 800w, https:\/\/infoecos.com.ar\/wp-content\/uploads\/2023\/10\/8d33e960-6e2e-4fd8-978c-711bc5f7bbce-768x576.jpg 768w, https:\/\/infoecos.com.ar\/wp-content\/uploads\/2023\/10\/8d33e960-6e2e-4fd8-978c-711bc5f7bbce-1024x768.jpg 1024w\" sizes=\"(max-width: 1115px) 100vw, 1115px\" \/><figcaption class=\"wp-element-caption\">Concejo Deliberante &#8211; 40 a\u00f1os de Democracia<\/figcaption><\/figure>\n\n\n\n<figure class=\"wp-block-image size-large\"><img loading=\"lazy\" decoding=\"async\" width=\"1115\" height=\"836\" data-id=\"114709\" src=\"https:\/\/infoecos.com.ar\/wp-content\/uploads\/2023\/10\/8e1e7704-7afe-4be9-b88f-0ee10e252755-2.jpg\" alt=\"\" class=\"wp-image-114709\" srcset=\"https:\/\/infoecos.com.ar\/wp-content\/uploads\/2023\/10\/8e1e7704-7afe-4be9-b88f-0ee10e252755-2.jpg 1115w, https:\/\/infoecos.com.ar\/wp-content\/uploads\/2023\/10\/8e1e7704-7afe-4be9-b88f-0ee10e252755-2-800x600.jpg 800w, https:\/\/infoecos.com.ar\/wp-content\/uploads\/2023\/10\/8e1e7704-7afe-4be9-b88f-0ee10e252755-2-768x576.jpg 768w, https:\/\/infoecos.com.ar\/wp-content\/uploads\/2023\/10\/8e1e7704-7afe-4be9-b88f-0ee10e252755-2-1024x768.jpg 1024w\" sizes=\"(max-width: 1115px) 100vw, 1115px\" \/><figcaption class=\"wp-element-caption\">Concejo Deliberante &#8211; 40 a\u00f1os de Democracia<\/figcaption><\/figure>\n\n\n\n<figure class=\"wp-block-image size-large\"><img loading=\"lazy\" decoding=\"async\" width=\"1115\" height=\"836\" data-id=\"114707\" src=\"https:\/\/infoecos.com.ar\/wp-content\/uploads\/2023\/10\/64da6b6e-23d8-4656-bf60-8b995027c2d8-2.jpg\" alt=\"\" class=\"wp-image-114707\" srcset=\"https:\/\/infoecos.com.ar\/wp-content\/uploads\/2023\/10\/64da6b6e-23d8-4656-bf60-8b995027c2d8-2.jpg 1115w, https:\/\/infoecos.com.ar\/wp-content\/uploads\/2023\/10\/64da6b6e-23d8-4656-bf60-8b995027c2d8-2-800x600.jpg 800w, https:\/\/infoecos.com.ar\/wp-content\/uploads\/2023\/10\/64da6b6e-23d8-4656-bf60-8b995027c2d8-2-768x576.jpg 768w, https:\/\/infoecos.com.ar\/wp-content\/uploads\/2023\/10\/64da6b6e-23d8-4656-bf60-8b995027c2d8-2-1024x768.jpg 1024w\" sizes=\"(max-width: 1115px) 100vw, 1115px\" \/><figcaption class=\"wp-element-caption\">Concejo Deliberante &#8211; 40 a\u00f1os de Democracia<\/figcaption><\/figure>\n\n\n\n<figure class=\"wp-block-image size-large\"><img loading=\"lazy\" decoding=\"async\" width=\"1115\" height=\"836\" data-id=\"114701\" src=\"https:\/\/infoecos.com.ar\/wp-content\/uploads\/2023\/10\/7416b157-5c62-4744-8ed4-dae4b1061bea.jpg\" alt=\"\" class=\"wp-image-114701\" srcset=\"https:\/\/infoecos.com.ar\/wp-content\/uploads\/2023\/10\/7416b157-5c62-4744-8ed4-dae4b1061bea.jpg 1115w, https:\/\/infoecos.com.ar\/wp-content\/uploads\/2023\/10\/7416b157-5c62-4744-8ed4-dae4b1061bea-800x600.jpg 800w, https:\/\/infoecos.com.ar\/wp-content\/uploads\/2023\/10\/7416b157-5c62-4744-8ed4-dae4b1061bea-768x576.jpg 768w, https:\/\/infoecos.com.ar\/wp-content\/uploads\/2023\/10\/7416b157-5c62-4744-8ed4-dae4b1061bea-1024x768.jpg 1024w\" sizes=\"(max-width: 1115px) 100vw, 1115px\" \/><figcaption class=\"wp-element-caption\">Concejo Deliberante &#8211; 40 a\u00f1os de Democracia<\/figcaption><\/figure>\n\n\n\n<figure class=\"wp-block-image size-large\"><img loading=\"lazy\" decoding=\"async\" width=\"1115\" height=\"836\" data-id=\"114700\" src=\"https:\/\/infoecos.com.ar\/wp-content\/uploads\/2023\/10\/642892a0-135a-49ad-9b3d-3b3f5433c878.jpg\" alt=\"\" class=\"wp-image-114700\" srcset=\"https:\/\/infoecos.com.ar\/wp-content\/uploads\/2023\/10\/642892a0-135a-49ad-9b3d-3b3f5433c878.jpg 1115w, https:\/\/infoecos.com.ar\/wp-content\/uploads\/2023\/10\/642892a0-135a-49ad-9b3d-3b3f5433c878-800x600.jpg 800w, https:\/\/infoecos.com.ar\/wp-content\/uploads\/2023\/10\/642892a0-135a-49ad-9b3d-3b3f5433c878-768x576.jpg 768w, https:\/\/infoecos.com.ar\/wp-content\/uploads\/2023\/10\/642892a0-135a-49ad-9b3d-3b3f5433c878-1024x768.jpg 1024w\" sizes=\"(max-width: 1115px) 100vw, 1115px\" \/><figcaption class=\"wp-element-caption\">Concejo Deliberante &#8211; 40 a\u00f1os de Democracia<\/figcaption><\/figure>\n\n\n\n<figure class=\"wp-block-image size-large\"><img loading=\"lazy\" decoding=\"async\" width=\"1115\" height=\"836\" data-id=\"114716\" src=\"https:\/\/infoecos.com.ar\/wp-content\/uploads\/2023\/10\/b4a1e21c-b60b-4c3d-975c-3ac79d565559.jpg\" alt=\"\" class=\"wp-image-114716\" srcset=\"https:\/\/infoecos.com.ar\/wp-content\/uploads\/2023\/10\/b4a1e21c-b60b-4c3d-975c-3ac79d565559.jpg 1115w, https:\/\/infoecos.com.ar\/wp-content\/uploads\/2023\/10\/b4a1e21c-b60b-4c3d-975c-3ac79d565559-800x600.jpg 800w, https:\/\/infoecos.com.ar\/wp-content\/uploads\/2023\/10\/b4a1e21c-b60b-4c3d-975c-3ac79d565559-768x576.jpg 768w, https:\/\/infoecos.com.ar\/wp-content\/uploads\/2023\/10\/b4a1e21c-b60b-4c3d-975c-3ac79d565559-1024x768.jpg 1024w\" sizes=\"(max-width: 1115px) 100vw, 1115px\" \/><figcaption class=\"wp-element-caption\">Concejo Deliberante &#8211; 40 a\u00f1os de Democracia<\/figcaption><\/figure>\n\n\n\n<figure class=\"wp-block-image size-large\"><img loading=\"lazy\" decoding=\"async\" width=\"1115\" height=\"836\" data-id=\"114712\" src=\"https:\/\/infoecos.com.ar\/wp-content\/uploads\/2023\/10\/bccec87a-0ebb-40ac-9b49-43297b03f181.jpg\" alt=\"\" class=\"wp-image-114712\" srcset=\"https:\/\/infoecos.com.ar\/wp-content\/uploads\/2023\/10\/bccec87a-0ebb-40ac-9b49-43297b03f181.jpg 1115w, https:\/\/infoecos.com.ar\/wp-content\/uploads\/2023\/10\/bccec87a-0ebb-40ac-9b49-43297b03f181-800x600.jpg 800w, https:\/\/infoecos.com.ar\/wp-content\/uploads\/2023\/10\/bccec87a-0ebb-40ac-9b49-43297b03f181-768x576.jpg 768w, https:\/\/infoecos.com.ar\/wp-content\/uploads\/2023\/10\/bccec87a-0ebb-40ac-9b49-43297b03f181-1024x768.jpg 1024w\" sizes=\"(max-width: 1115px) 100vw, 1115px\" \/><figcaption class=\"wp-element-caption\">Concejo Deliberante &#8211; 40 a\u00f1os de Democracia<\/figcaption><\/figure>\n<\/figure>\n\n\n\n<p>Representando a aquel cuerpo legislativo que asumi\u00f3 en 1983, fueron invitados al escenario los ex concejales Luis Llamedo, Roberto Lanz, Francisco Rub\u00e9n Sastre y Carlos Mar\u00eda Folco, quienes recordaron aquella elecci\u00f3n de 1983, al Trenque Lauquen de entonces y a la efervescencia social por la recuperaci\u00f3n democr\u00e1tica, la lucha de las madres y abuelas de Plaza de Mayo, los constantes Golpes de Estado durante el siglo XX, la \u00faltima dictadura C\u00edvico Militar y la Guerra de Malvinas, los trenquelauquenses detenidos y desaparecidos y el juicio a las Juntas Militares, coincidiendo en valorar la vida y la pol\u00edtica en Democracia.<\/p>\n\n\n\n<p>Para finalizar la ceremonia, todos los vecinos homenajeados fueron invitados a ocupar las gradas montadas en el escenario del teatro para una foto grupal en uno de los momentos m\u00e1s emotivos de la noche.<\/p>\n","protected":false},"excerpt":{"rendered":"<p> la sala del Teatro Espa\u00f1ol, colmada por concejales de ayer y de hoy, por quienes han ocupado una banca en el recinto durante las \u00faltimas cuatro d\u00e9cadas, elegidos por el voto popular, por quienes han presidido el Cuerpo de concejales durante ese per\u00edodo democr\u00e1tico y por quienes han trabajado en tareas administrativas y legislativas<\/p>\n","protected":false},"author":2,"featured_media":114689,"comment_status":"closed","ping_status":"open","sticky":false,"template":"","format":"standard","meta":{"footnotes":""},"categories":[1614],"tags":[6221],"class_list":["post-114684","post","type-post","status-publish","format-standard","has-post-thumbnail","hentry","category-c2nota7","tag-en-el-teatro-espanol"],"yoast_head":"<!-- This site is optimized with the Yoast SEO plugin v23.4 - https:\/\/yoast.com\/wordpress\/plugins\/seo\/ -->\n<title>Memorable noche en Trenque Lauquen por los 40 a\u00f1os ininterrumpidos de la vuelta a la Democracia - Infoecos<\/title>\n<meta name=\"robots\" content=\"index, follow, max-snippet:-1, max-image-preview:large, max-video-preview:-1\" \/>\n<link rel=\"canonical\" href=\"https:\/\/infoecos.com.ar\/index.php\/memorable-noche-en-trenque-lauquen-por-los-40-anos-ininterrumpidos-de-la-vuelta-a-la-democracia\/\" \/>\n<meta property=\"og:locale\" content=\"es_ES\" \/>\n<meta property=\"og:type\" content=\"article\" \/>\n<meta property=\"og:title\" content=\"Memorable noche en Trenque Lauquen por los 40 a\u00f1os ininterrumpidos de la vuelta a la Democracia - Infoecos\" \/>\n<meta property=\"og:description\" content=\"la sala del Teatro Espa\u00f1ol, colmada por concejales de ayer y de hoy, por quienes han ocupado una banca en el recinto durante las \u00faltimas cuatro d\u00e9cadas, elegidos por el voto popular, por quienes han presidido el Cuerpo de concejales durante ese per\u00edodo democr\u00e1tico y por quienes han trabajado en tareas administrativas y legislativas\" \/>\n<meta property=\"og:url\" content=\"https:\/\/infoecos.com.ar\/index.php\/memorable-noche-en-trenque-lauquen-por-los-40-anos-ininterrumpidos-de-la-vuelta-a-la-democracia\/\" \/>\n<meta property=\"og:site_name\" content=\"Infoecos\" \/>\n<meta property=\"article:publisher\" content=\"https:\/\/www.facebook.com\/profile.php?id=100063200290284\" \/>\n<meta property=\"article:published_time\" content=\"2023-10-31T03:21:18+00:00\" \/>\n<meta property=\"article:modified_time\" content=\"2023-11-01T05:54:52+00:00\" \/>\n<meta property=\"og:image\" content=\"https:\/\/infoecos.com.ar\/wp-content\/uploads\/2023\/10\/76cce062-3bda-4988-b48b-72727ab09ddd.jpg\" \/>\n\t<meta property=\"og:image:width\" content=\"1280\" \/>\n\t<meta property=\"og:image:height\" content=\"720\" \/>\n\t<meta property=\"og:image:type\" content=\"image\/jpeg\" \/>\n<meta name=\"author\" content=\"Jorge Matheus\" \/>\n<meta name=\"twitter:card\" content=\"summary_large_image\" \/>\n<meta name=\"twitter:creator\" content=\"@infoecos\" \/>\n<meta name=\"twitter:site\" content=\"@infoecos\" \/>\n<meta name=\"twitter:label1\" content=\"Escrito por\" \/>\n\t<meta name=\"twitter:data1\" content=\"Jorge Matheus\" \/>\n\t<meta name=\"twitter:label2\" content=\"Tiempo de lectura\" \/>\n\t<meta name=\"twitter:data2\" content=\"6 minutos\" \/>\n<script type=\"application\/ld+json\" class=\"yoast-schema-graph\">{\"@context\":\"https:\/\/schema.org\",\"@graph\":[{\"@type\":\"Article\",\"@id\":\"https:\/\/infoecos.com.ar\/index.php\/memorable-noche-en-trenque-lauquen-por-los-40-anos-ininterrumpidos-de-la-vuelta-a-la-democracia\/#article\",\"isPartOf\":{\"@id\":\"https:\/\/infoecos.com.ar\/index.php\/memorable-noche-en-trenque-lauquen-por-los-40-anos-ininterrumpidos-de-la-vuelta-a-la-democracia\/\"},\"author\":{\"name\":\"Jorge Matheus\",\"@id\":\"https:\/\/infoecos.com.ar\/#\/schema\/person\/8f5ace5ce73b4b4aac4b7245aee6f191\"},\"headline\":\"Memorable noche en Trenque Lauquen por los 40 a\u00f1os ininterrumpidos de la vuelta a la Democracia\",\"datePublished\":\"2023-10-31T03:21:18+00:00\",\"dateModified\":\"2023-11-01T05:54:52+00:00\",\"mainEntityOfPage\":{\"@id\":\"https:\/\/infoecos.com.ar\/index.php\/memorable-noche-en-trenque-lauquen-por-los-40-anos-ininterrumpidos-de-la-vuelta-a-la-democracia\/\"},\"wordCount\":587,\"publisher\":{\"@id\":\"https:\/\/infoecos.com.ar\/#organization\"},\"image\":{\"@id\":\"https:\/\/infoecos.com.ar\/index.php\/memorable-noche-en-trenque-lauquen-por-los-40-anos-ininterrumpidos-de-la-vuelta-a-la-democracia\/#primaryimage\"},\"thumbnailUrl\":\"https:\/\/infoecos.com.ar\/wp-content\/uploads\/2023\/10\/76cce062-3bda-4988-b48b-72727ab09ddd.jpg\",\"keywords\":[\"EN EL TEATRO ESPA\u00d1OL\"],\"articleSection\":[\"C2 N7\"],\"inLanguage\":\"es\"},{\"@type\":\"WebPage\",\"@id\":\"https:\/\/infoecos.com.ar\/index.php\/memorable-noche-en-trenque-lauquen-por-los-40-anos-ininterrumpidos-de-la-vuelta-a-la-democracia\/\",\"url\":\"https:\/\/infoecos.com.ar\/index.php\/memorable-noche-en-trenque-lauquen-por-los-40-anos-ininterrumpidos-de-la-vuelta-a-la-democracia\/\",\"name\":\"Memorable noche en Trenque Lauquen por los 40 a\u00f1os ininterrumpidos de la vuelta a la Democracia - Infoecos\",\"isPartOf\":{\"@id\":\"https:\/\/infoecos.com.ar\/#website\"},\"primaryImageOfPage\":{\"@id\":\"https:\/\/infoecos.com.ar\/index.php\/memorable-noche-en-trenque-lauquen-por-los-40-anos-ininterrumpidos-de-la-vuelta-a-la-democracia\/#primaryimage\"},\"image\":{\"@id\":\"https:\/\/infoecos.com.ar\/index.php\/memorable-noche-en-trenque-lauquen-por-los-40-anos-ininterrumpidos-de-la-vuelta-a-la-democracia\/#primaryimage\"},\"thumbnailUrl\":\"https:\/\/infoecos.com.ar\/wp-content\/uploads\/2023\/10\/76cce062-3bda-4988-b48b-72727ab09ddd.jpg\",\"datePublished\":\"2023-10-31T03:21:18+00:00\",\"dateModified\":\"2023-11-01T05:54:52+00:00\",\"breadcrumb\":{\"@id\":\"https:\/\/infoecos.com.ar\/index.php\/memorable-noche-en-trenque-lauquen-por-los-40-anos-ininterrumpidos-de-la-vuelta-a-la-democracia\/#breadcrumb\"},\"inLanguage\":\"es\",\"potentialAction\":[{\"@type\":\"ReadAction\",\"target\":[\"https:\/\/infoecos.com.ar\/index.php\/memorable-noche-en-trenque-lauquen-por-los-40-anos-ininterrumpidos-de-la-vuelta-a-la-democracia\/\"]}]},{\"@type\":\"ImageObject\",\"inLanguage\":\"es\",\"@id\":\"https:\/\/infoecos.com.ar\/index.php\/memorable-noche-en-trenque-lauquen-por-los-40-anos-ininterrumpidos-de-la-vuelta-a-la-democracia\/#primaryimage\",\"url\":\"https:\/\/infoecos.com.ar\/wp-content\/uploads\/2023\/10\/76cce062-3bda-4988-b48b-72727ab09ddd.jpg\",\"contentUrl\":\"https:\/\/infoecos.com.ar\/wp-content\/uploads\/2023\/10\/76cce062-3bda-4988-b48b-72727ab09ddd.jpg\",\"width\":1280,\"height\":720},{\"@type\":\"BreadcrumbList\",\"@id\":\"https:\/\/infoecos.com.ar\/index.php\/memorable-noche-en-trenque-lauquen-por-los-40-anos-ininterrumpidos-de-la-vuelta-a-la-democracia\/#breadcrumb\",\"itemListElement\":[{\"@type\":\"ListItem\",\"position\":1,\"name\":\"Portada\",\"item\":\"https:\/\/infoecos.com.ar\/\"},{\"@type\":\"ListItem\",\"position\":2,\"name\":\"Memorable noche en Trenque Lauquen por los 40 a\u00f1os ininterrumpidos de la vuelta a la Democracia\"}]},{\"@type\":\"WebSite\",\"@id\":\"https:\/\/infoecos.com.ar\/#website\",\"url\":\"https:\/\/infoecos.com.ar\/\",\"name\":\"Infoecos\",\"description\":\"Noticias de trenque lauquen y la zona\",\"publisher\":{\"@id\":\"https:\/\/infoecos.com.ar\/#organization\"},\"alternateName\":\"Noticias\",\"potentialAction\":[{\"@type\":\"SearchAction\",\"target\":{\"@type\":\"EntryPoint\",\"urlTemplate\":\"https:\/\/infoecos.com.ar\/?s={search_term_string}\"},\"query-input\":{\"@type\":\"PropertyValueSpecification\",\"valueRequired\":true,\"valueName\":\"search_term_string\"}}],\"inLanguage\":\"es\"},{\"@type\":\"Organization\",\"@id\":\"https:\/\/infoecos.com.ar\/#organization\",\"name\":\"Infoecos\",\"alternateName\":\"Noticias\",\"url\":\"https:\/\/infoecos.com.ar\/\",\"logo\":{\"@type\":\"ImageObject\",\"inLanguage\":\"es\",\"@id\":\"https:\/\/infoecos.com.ar\/#\/schema\/logo\/image\/\",\"url\":\"https:\/\/infoecos.com.ar\/wp-content\/uploads\/2024\/03\/cropped-logo.png\",\"contentUrl\":\"https:\/\/infoecos.com.ar\/wp-content\/uploads\/2024\/03\/cropped-logo.png\",\"width\":374,\"height\":90,\"caption\":\"Infoecos\"},\"image\":{\"@id\":\"https:\/\/infoecos.com.ar\/#\/schema\/logo\/image\/\"},\"sameAs\":[\"https:\/\/www.facebook.com\/profile.php?id=100063200290284\",\"https:\/\/x.com\/infoecos\"]},{\"@type\":\"Person\",\"@id\":\"https:\/\/infoecos.com.ar\/#\/schema\/person\/8f5ace5ce73b4b4aac4b7245aee6f191\",\"name\":\"Jorge Matheus\",\"url\":\"https:\/\/infoecos.com.ar\/index.php\/author\/jomatheus\/\"}]}<\/script>\n<!-- \/ Yoast SEO plugin. -->","yoast_head_json":{"title":"Memorable noche en Trenque Lauquen por los 40 a\u00f1os ininterrumpidos de la vuelta a la Democracia - Infoecos","robots":{"index":"index","follow":"follow","max-snippet":"max-snippet:-1","max-image-preview":"max-image-preview:large","max-video-preview":"max-video-preview:-1"},"canonical":"https:\/\/infoecos.com.ar\/index.php\/memorable-noche-en-trenque-lauquen-por-los-40-anos-ininterrumpidos-de-la-vuelta-a-la-democracia\/","og_locale":"es_ES","og_type":"article","og_title":"Memorable noche en Trenque Lauquen por los 40 a\u00f1os ininterrumpidos de la vuelta a la Democracia - Infoecos","og_description":"la sala del Teatro Espa\u00f1ol, colmada por concejales de ayer y de hoy, por quienes han ocupado una banca en el recinto durante las \u00faltimas cuatro d\u00e9cadas, elegidos por el voto popular, por quienes han presidido el Cuerpo de concejales durante ese per\u00edodo democr\u00e1tico y por quienes han trabajado en tareas administrativas y legislativas","og_url":"https:\/\/infoecos.com.ar\/index.php\/memorable-noche-en-trenque-lauquen-por-los-40-anos-ininterrumpidos-de-la-vuelta-a-la-democracia\/","og_site_name":"Infoecos","article_publisher":"https:\/\/www.facebook.com\/profile.php?id=100063200290284","article_published_time":"2023-10-31T03:21:18+00:00","article_modified_time":"2023-11-01T05:54:52+00:00","og_image":[{"width":1280,"height":720,"url":"https:\/\/infoecos.com.ar\/wp-content\/uploads\/2023\/10\/76cce062-3bda-4988-b48b-72727ab09ddd.jpg","type":"image\/jpeg"}],"author":"Jorge Matheus","twitter_card":"summary_large_image","twitter_creator":"@infoecos","twitter_site":"@infoecos","twitter_misc":{"Escrito por":"Jorge Matheus","Tiempo de lectura":"6 minutos"},"schema":{"@context":"https:\/\/schema.org","@graph":[{"@type":"Article","@id":"https:\/\/infoecos.com.ar\/index.php\/memorable-noche-en-trenque-lauquen-por-los-40-anos-ininterrumpidos-de-la-vuelta-a-la-democracia\/#article","isPartOf":{"@id":"https:\/\/infoecos.com.ar\/index.php\/memorable-noche-en-trenque-lauquen-por-los-40-anos-ininterrumpidos-de-la-vuelta-a-la-democracia\/"},"author":{"name":"Jorge Matheus","@id":"https:\/\/infoecos.com.ar\/#\/schema\/person\/8f5ace5ce73b4b4aac4b7245aee6f191"},"headline":"Memorable noche en Trenque Lauquen por los 40 a\u00f1os ininterrumpidos de la vuelta a la Democracia","datePublished":"2023-10-31T03:21:18+00:00","dateModified":"2023-11-01T05:54:52+00:00","mainEntityOfPage":{"@id":"https:\/\/infoecos.com.ar\/index.php\/memorable-noche-en-trenque-lauquen-por-los-40-anos-ininterrumpidos-de-la-vuelta-a-la-democracia\/"},"wordCount":587,"publisher":{"@id":"https:\/\/infoecos.com.ar\/#organization"},"image":{"@id":"https:\/\/infoecos.com.ar\/index.php\/memorable-noche-en-trenque-lauquen-por-los-40-anos-ininterrumpidos-de-la-vuelta-a-la-democracia\/#primaryimage"},"thumbnailUrl":"https:\/\/infoecos.com.ar\/wp-content\/uploads\/2023\/10\/76cce062-3bda-4988-b48b-72727ab09ddd.jpg","keywords":["EN EL TEATRO ESPA\u00d1OL"],"articleSection":["C2 N7"],"inLanguage":"es"},{"@type":"WebPage","@id":"https:\/\/infoecos.com.ar\/index.php\/memorable-noche-en-trenque-lauquen-por-los-40-anos-ininterrumpidos-de-la-vuelta-a-la-democracia\/","url":"https:\/\/infoecos.com.ar\/index.php\/memorable-noche-en-trenque-lauquen-por-los-40-anos-ininterrumpidos-de-la-vuelta-a-la-democracia\/","name":"Memorable noche en Trenque Lauquen por los 40 a\u00f1os ininterrumpidos de la vuelta a la Democracia - Infoecos","isPartOf":{"@id":"https:\/\/infoecos.com.ar\/#website"},"primaryImageOfPage":{"@id":"https:\/\/infoecos.com.ar\/index.php\/memorable-noche-en-trenque-lauquen-por-los-40-anos-ininterrumpidos-de-la-vuelta-a-la-democracia\/#primaryimage"},"image":{"@id":"https:\/\/infoecos.com.ar\/index.php\/memorable-noche-en-trenque-lauquen-por-los-40-anos-ininterrumpidos-de-la-vuelta-a-la-democracia\/#primaryimage"},"thumbnailUrl":"https:\/\/infoecos.com.ar\/wp-content\/uploads\/2023\/10\/76cce062-3bda-4988-b48b-72727ab09ddd.jpg","datePublished":"2023-10-31T03:21:18+00:00","dateModified":"2023-11-01T05:54:52+00:00","breadcrumb":{"@id":"https:\/\/infoecos.com.ar\/index.php\/memorable-noche-en-trenque-lauquen-por-los-40-anos-ininterrumpidos-de-la-vuelta-a-la-democracia\/#breadcrumb"},"inLanguage":"es","potentialAction":[{"@type":"ReadAction","target":["https:\/\/infoecos.com.ar\/index.php\/memorable-noche-en-trenque-lauquen-por-los-40-anos-ininterrumpidos-de-la-vuelta-a-la-democracia\/"]}]},{"@type":"ImageObject","inLanguage":"es","@id":"https:\/\/infoecos.com.ar\/index.php\/memorable-noche-en-trenque-lauquen-por-los-40-anos-ininterrumpidos-de-la-vuelta-a-la-democracia\/#primaryimage","url":"https:\/\/infoecos.com.ar\/wp-content\/uploads\/2023\/10\/76cce062-3bda-4988-b48b-72727ab09ddd.jpg","contentUrl":"https:\/\/infoecos.com.ar\/wp-content\/uploads\/2023\/10\/76cce062-3bda-4988-b48b-72727ab09ddd.jpg","width":1280,"height":720},{"@type":"BreadcrumbList","@id":"https:\/\/infoecos.com.ar\/index.php\/memorable-noche-en-trenque-lauquen-por-los-40-anos-ininterrumpidos-de-la-vuelta-a-la-democracia\/#breadcrumb","itemListElement":[{"@type":"ListItem","position":1,"name":"Portada","item":"https:\/\/infoecos.com.ar\/"},{"@type":"ListItem","position":2,"name":"Memorable noche en Trenque Lauquen por los 40 a\u00f1os ininterrumpidos de la vuelta a la Democracia"}]},{"@type":"WebSite","@id":"https:\/\/infoecos.com.ar\/#website","url":"https:\/\/infoecos.com.ar\/","name":"Infoecos","description":"Noticias de trenque lauquen y la zona","publisher":{"@id":"https:\/\/infoecos.com.ar\/#organization"},"alternateName":"Noticias","potentialAction":[{"@type":"SearchAction","target":{"@type":"EntryPoint","urlTemplate":"https:\/\/infoecos.com.ar\/?s={search_term_string}"},"query-input":{"@type":"PropertyValueSpecification","valueRequired":true,"valueName":"search_term_string"}}],"inLanguage":"es"},{"@type":"Organization","@id":"https:\/\/infoecos.com.ar\/#organization","name":"Infoecos","alternateName":"Noticias","url":"https:\/\/infoecos.com.ar\/","logo":{"@type":"ImageObject","inLanguage":"es","@id":"https:\/\/infoecos.com.ar\/#\/schema\/logo\/image\/","url":"https:\/\/infoecos.com.ar\/wp-content\/uploads\/2024\/03\/cropped-logo.png","contentUrl":"https:\/\/infoecos.com.ar\/wp-content\/uploads\/2024\/03\/cropped-logo.png","width":374,"height":90,"caption":"Infoecos"},"image":{"@id":"https:\/\/infoecos.com.ar\/#\/schema\/logo\/image\/"},"sameAs":["https:\/\/www.facebook.com\/profile.php?id=100063200290284","https:\/\/x.com\/infoecos"]},{"@type":"Person","@id":"https:\/\/infoecos.com.ar\/#\/schema\/person\/8f5ace5ce73b4b4aac4b7245aee6f191","name":"Jorge Matheus","url":"https:\/\/infoecos.com.ar\/index.php\/author\/jomatheus\/"}]}},"featured_image_urls":{"full":["https:\/\/infoecos.com.ar\/wp-content\/uploads\/2023\/10\/76cce062-3bda-4988-b48b-72727ab09ddd.jpg",1280,720,false],"thumbnail":["https:\/\/infoecos.com.ar\/wp-content\/uploads\/2023\/10\/76cce062-3bda-4988-b48b-72727ab09ddd-300x150.jpg",300,150,true],"medium":["https:\/\/infoecos.com.ar\/wp-content\/uploads\/2023\/10\/76cce062-3bda-4988-b48b-72727ab09ddd-800x450.jpg",800,450,true],"medium_large":["https:\/\/infoecos.com.ar\/wp-content\/uploads\/2023\/10\/76cce062-3bda-4988-b48b-72727ab09ddd-768x432.jpg",640,360,true],"large":["https:\/\/infoecos.com.ar\/wp-content\/uploads\/2023\/10\/76cce062-3bda-4988-b48b-72727ab09ddd.jpg",640,360,false],"1536x1536":["https:\/\/infoecos.com.ar\/wp-content\/uploads\/2023\/10\/76cce062-3bda-4988-b48b-72727ab09ddd.jpg",1280,720,false],"2048x2048":["https:\/\/infoecos.com.ar\/wp-content\/uploads\/2023\/10\/76cce062-3bda-4988-b48b-72727ab09ddd.jpg",1280,720,false],"covernews-slider-full":["https:\/\/infoecos.com.ar\/wp-content\/uploads\/2023\/10\/76cce062-3bda-4988-b48b-72727ab09ddd.jpg",1115,627,false],"covernews-slider-center":["https:\/\/infoecos.com.ar\/wp-content\/uploads\/2023\/10\/76cce062-3bda-4988-b48b-72727ab09ddd-936x720.jpg",650,500,true],"covernews-featured":["https:\/\/infoecos.com.ar\/wp-content\/uploads\/2023\/10\/76cce062-3bda-4988-b48b-72727ab09ddd-1024x576.jpg",1024,576,true],"covernews-medium":["https:\/\/infoecos.com.ar\/wp-content\/uploads\/2023\/10\/76cce062-3bda-4988-b48b-72727ab09ddd-720x380.jpg",540,285,true],"covernews-medium-square":["https:\/\/infoecos.com.ar\/wp-content\/uploads\/2023\/10\/76cce062-3bda-4988-b48b-72727ab09ddd-675x450.jpg",375,250,true]},"author_info":{"info":["Jorge Matheus"]},"category_info":"<a href=\"https:\/\/infoecos.com.ar\/index.php\/category\/c2nota7\/\" rel=\"category tag\">C2 N7<\/a>","tag_info":"C2 N7","comment_count":"0","_links":{"self":[{"href":"https:\/\/infoecos.com.ar\/index.php\/wp-json\/wp\/v2\/posts\/114684"}],"collection":[{"href":"https:\/\/infoecos.com.ar\/index.php\/wp-json\/wp\/v2\/posts"}],"about":[{"href":"https:\/\/infoecos.com.ar\/index.php\/wp-json\/wp\/v2\/types\/post"}],"author":[{"embeddable":true,"href":"https:\/\/infoecos.com.ar\/index.php\/wp-json\/wp\/v2\/users\/2"}],"replies":[{"embeddable":true,"href":"https:\/\/infoecos.com.ar\/index.php\/wp-json\/wp\/v2\/comments?post=114684"}],"version-history":[{"count":1,"href":"https:\/\/infoecos.com.ar\/index.php\/wp-json\/wp\/v2\/posts\/114684\/revisions"}],"predecessor-version":[{"id":114717,"href":"https:\/\/infoecos.com.ar\/index.php\/wp-json\/wp\/v2\/posts\/114684\/revisions\/114717"}],"wp:featuredmedia":[{"embeddable":true,"href":"https:\/\/infoecos.com.ar\/index.php\/wp-json\/wp\/v2\/media\/114689"}],"wp:attachment":[{"href":"https:\/\/infoecos.com.ar\/index.php\/wp-json\/wp\/v2\/media?parent=114684"}],"wp:term":[{"taxonomy":"category","embeddable":true,"href":"https:\/\/infoecos.com.ar\/index.php\/wp-json\/wp\/v2\/categories?post=114684"},{"taxonomy":"post_tag","embeddable":true,"href":"https:\/\/infoecos.com.ar\/index.php\/wp-json\/wp\/v2\/tags?post=114684"}],"curies":[{"name":"wp","href":"https:\/\/api.w.org\/{rel}","templated":true}]}}