{"id":114757,"date":"2023-10-31T02:56:39","date_gmt":"2023-10-31T05:56:39","guid":{"rendered":"https:\/\/infoecos.com.ar\/?p=114757"},"modified":"2023-11-01T02:53:19","modified_gmt":"2023-11-01T05:53:19","slug":"el-ex-intendente-de-junin-abel-paulino-miguel-vasco-declarado-ciudadano-ilustre","status":"publish","type":"post","link":"https:\/\/infoecos.com.ar\/index.php\/el-ex-intendente-de-junin-abel-paulino-miguel-vasco-declarado-ciudadano-ilustre\/","title":{"rendered":"El ex intendente de Jun\u00edn, Abel Paulino Miguel (Vasco), declarado Ciudadano Ilustre"},"content":{"rendered":"\n<figure class=\"wp-block-image alignright size-full is-resized\"><img loading=\"lazy\" decoding=\"async\" src=\"https:\/\/infoecos.com.ar\/wp-content\/uploads\/2023\/10\/image-192.png\" alt=\"\" class=\"wp-image-114758\" width=\"366\" height=\"244\" srcset=\"https:\/\/infoecos.com.ar\/wp-content\/uploads\/2023\/10\/image-192.png 880w, https:\/\/infoecos.com.ar\/wp-content\/uploads\/2023\/10\/image-192-800x533.png 800w, https:\/\/infoecos.com.ar\/wp-content\/uploads\/2023\/10\/image-192-768x511.png 768w, https:\/\/infoecos.com.ar\/wp-content\/uploads\/2023\/10\/image-192-675x450.png 675w\" sizes=\"(max-width: 366px) 100vw, 366px\" \/><\/figure>\n\n\n\n<p>Fue declarado Ciudadano Ilustre de Jun\u00edn el ex intendente de Jun\u00edn Abel Paulino Miguel como art\u00edfice y constructor activo de la democracia, siendo intendente en cinco per\u00edodos consecutivos entre los a\u00f1os 1983 a 2003. Naci\u00f3 el 9 de julio de 1940 en la localidad de Saforcada, cursando los estudios primarios en la Escuela 10 de dicha localidad, fue alumno y egresado de la T\u00e9cnica 1 con amplia trayectoria en la Franja Morada como dirigente, vicepresidente por dos veces de la Franja Morada de la Facultad de Agronom\u00eda, secretario de la Federaci\u00f3n Universitaria de La Plata y miembro de la Federaci\u00f3n Universitaria Argentina.<\/p>\n\n\n\n<p>Abel Miguel -perteneciente a la Uni\u00f3n C\u00edvica Radical- se mantuvo al frente de la intendencia en el 80% de su gesti\u00f3n con gobiernos de distinto signos pol\u00edticos en Provincia y Naci\u00f3n y fue aumentando su caudal pol\u00edtico obteniendo el 44% en su primera elecci\u00f3n y casi 64% en 1999. Bas\u00f3 su gesti\u00f3n en la obra p\u00fablica, implementando planes de cloacas, asfalto y agua dado que al inicio de su mandato solamente el 40% de la ciudad contaba con dicho servicio y al finalizar, el 90% de los habitantes contaban con los mismos.<\/p>\n\n\n\n<p>La concejal de Juntos por el Cambio, Emilse Marini, dio lectura al proyecto y a la rese\u00f1a de Abel Paulino Miguel.<\/p>\n\n\n\n<p>En materia de Salud, se inauguraron ocho unidades de atenci\u00f3n primaria de salud en los barrios Emilio Mitre, Norte, Prado Espa\u00f1ol, San Jorge, Villa del Parque, Mart\u00edn Miguel de G\u00fcemes, Eusebio Marcilla y Laguna de G\u00f3mez.<\/p>\n\n\n\n<p>Se instalaron seis jard\u00ednes maternales en los barrios San Jorge, UOCRA, Almirante Brown, Mart\u00edn Miguel de G\u00fcemes, Villa del Parque y Mayor L\u00f3pez.<\/p>\n\n\n\n<p>En su gesti\u00f3n se construyeron los centros comunitarios con sus respectivos salones de usos m\u00faltiples en los barrios Pogreso, Villa del Parque, Eusebio Marcilla, La Merced, entre otros.<\/p>\n\n\n\n<p>Se puso en funcionamiento el Taller Protegido para inserci\u00f3n laboral de personas discapacitadas; dot\u00f3 al complejo polideportivo General San Mart\u00edn, del sal\u00f3n gimnasio cerrado d emil metros cuadrados; se adquirieron m\u00e1s de 150 hect\u00e1reas en el parque Natural; se cre\u00f3 el Orfe\u00f3n Municipal, Banda Municipal, Orquesta Municipal de C\u00e1mara y la Murga Los Saltimbanquis del Fort\u00edn, se abri\u00f3 la Escuela de Est\u00e9tica, se reabri\u00f3 la Escuela de Teatro provincial, clausurada durante la dictadura militar.<\/p>\n\n\n\n<p>Decidi\u00f3 centralizar la empresa de gas del estado, siendo Jun\u00edn la primera ciudad en generar una empresa municipal para bbrindar y ampliar el servicio de gas natural y as\u00ed naci\u00f3 Gas Jun\u00edn S.A. en 1994 sociedad an\u00f3nima con participaci\u00f3n estatal mayoritaria que se transformar\u00eda en la actual Grupo Servicios Jun\u00edn.<\/p>\n\n\n\n<p>Otro eje de su gesti\u00f3n fue la educaci\u00f3n superior. Abel Miguel gestion\u00f3 durante muchos a\u00f1os hasta que pudo abrir el Centro Universitario Regional Jun\u00edn en 1990 y posteriormente en 2002 fue creada la actual Universidad Nacional del Noroeste de la provincia de Buenos Aires.<\/p>\n\n\n\n<p>Otro punto de especial atenci\u00f3n es la obra hidr\u00e1ulica del plan maestro de la cuenca del R\u00edo Salado atento a las grandes inundaciones sufridas en nuestra ciudad.<\/p>\n\n\n\n<p>En 2007 se incorpor\u00f3 a la Coalici\u00f3n C\u00edvica liderada por Elisa Carrio y se present\u00f3 a las elecciones del 28 de octubre de ese a\u00f1o integrando la lista de candidatos a diputados provinciales y se sum\u00f3 a la C\u00e1mara de Diputados en representaci\u00f3n de la Cuarta Secci\u00f3n Electoral.<\/p>\n\n\n\n<p>En las elecciones presidenciales y legislativas de 2011 fue candidato a senador nacional suplente por la Coalici\u00f3n C\u00edvica-ARI.<\/p>\n\n\n\n<p>La propuesta fue del bloque de concejales de Juntos por el Cambio y aprobada por unanimidad<\/p>\n\n\n\n<p>Los concejales Javier Prandi -presidente del bloque de Juntos por el Cambio-, Pablo Petraglia (Uni\u00f3n por la Patria) y Lautaro Mazzutti (titular del bloque de Uni\u00f3n por la Patria) hicieron uso de la palabra destacando la figura de Abel Paulino Miguel.<\/p>\n\n\n\n<p>Javier Prandi puso de relieve que \u00absin ninguna dudas es un part\u00edcipe necesario de estos cuarenta a\u00f1os de democracia. Sigue estando vinculado a los acontecimientos pol\u00edticos de Jun\u00edn y del pa\u00eds\u00bb, resalt\u00f3 el titular de la bancada de Juntos por el Cambio.<\/p>\n\n\n\n<p><strong>Fuente textual: infonoroeste.com.ar<\/strong><\/p>\n","protected":false},"excerpt":{"rendered":"<p>Abel Miguel -perteneciente a la Uni\u00f3n C\u00edvica Radical- se mantuvo al frente de la intendencia en el 80% de su gesti\u00f3n con gobiernos de distinto signos pol\u00edticos en Provincia y Naci\u00f3n<\/p>\n","protected":false},"author":2,"featured_media":114758,"comment_status":"closed","ping_status":"open","sticky":false,"template":"","format":"standard","meta":{"footnotes":""},"categories":[1326],"tags":[7683],"class_list":["post-114757","post","type-post","status-publish","format-standard","has-post-thumbnail","hentry","category-c2nota6","tag-por-unanimidad"],"yoast_head":"<!-- This site is optimized with the Yoast SEO plugin v23.4 - https:\/\/yoast.com\/wordpress\/plugins\/seo\/ -->\n<title>El ex intendente de Jun\u00edn, Abel Paulino Miguel (Vasco), declarado Ciudadano Ilustre - Infoecos<\/title>\n<meta name=\"robots\" content=\"index, follow, max-snippet:-1, max-image-preview:large, max-video-preview:-1\" \/>\n<link rel=\"canonical\" href=\"https:\/\/infoecos.com.ar\/index.php\/el-ex-intendente-de-junin-abel-paulino-miguel-vasco-declarado-ciudadano-ilustre\/\" \/>\n<meta property=\"og:locale\" content=\"es_ES\" \/>\n<meta property=\"og:type\" content=\"article\" \/>\n<meta property=\"og:title\" content=\"El ex intendente de Jun\u00edn, Abel Paulino Miguel (Vasco), declarado Ciudadano Ilustre - Infoecos\" \/>\n<meta property=\"og:description\" content=\"Abel Miguel -perteneciente a la Uni\u00f3n C\u00edvica Radical- se mantuvo al frente de la intendencia en el 80% de su gesti\u00f3n con gobiernos de distinto signos pol\u00edticos en Provincia y Naci\u00f3n\" \/>\n<meta property=\"og:url\" content=\"https:\/\/infoecos.com.ar\/index.php\/el-ex-intendente-de-junin-abel-paulino-miguel-vasco-declarado-ciudadano-ilustre\/\" \/>\n<meta property=\"og:site_name\" content=\"Infoecos\" \/>\n<meta property=\"article:publisher\" content=\"https:\/\/www.facebook.com\/profile.php?id=100063200290284\" \/>\n<meta property=\"article:published_time\" content=\"2023-10-31T05:56:39+00:00\" \/>\n<meta property=\"article:modified_time\" content=\"2023-11-01T05:53:19+00:00\" \/>\n<meta property=\"og:image\" content=\"https:\/\/infoecos.com.ar\/wp-content\/uploads\/2023\/10\/image-192.png\" \/>\n\t<meta property=\"og:image:width\" content=\"880\" \/>\n\t<meta property=\"og:image:height\" content=\"586\" \/>\n\t<meta property=\"og:image:type\" content=\"image\/png\" \/>\n<meta name=\"author\" content=\"Jorge Matheus\" \/>\n<meta name=\"twitter:card\" content=\"summary_large_image\" \/>\n<meta name=\"twitter:creator\" content=\"@infoecos\" \/>\n<meta name=\"twitter:site\" content=\"@infoecos\" \/>\n<meta name=\"twitter:label1\" content=\"Escrito por\" \/>\n\t<meta name=\"twitter:data1\" content=\"Jorge Matheus\" \/>\n\t<meta name=\"twitter:label2\" content=\"Tiempo de lectura\" \/>\n\t<meta name=\"twitter:data2\" content=\"4 minutos\" \/>\n<script type=\"application\/ld+json\" class=\"yoast-schema-graph\">{\"@context\":\"https:\/\/schema.org\",\"@graph\":[{\"@type\":\"Article\",\"@id\":\"https:\/\/infoecos.com.ar\/index.php\/el-ex-intendente-de-junin-abel-paulino-miguel-vasco-declarado-ciudadano-ilustre\/#article\",\"isPartOf\":{\"@id\":\"https:\/\/infoecos.com.ar\/index.php\/el-ex-intendente-de-junin-abel-paulino-miguel-vasco-declarado-ciudadano-ilustre\/\"},\"author\":{\"name\":\"Jorge Matheus\",\"@id\":\"https:\/\/infoecos.com.ar\/#\/schema\/person\/8f5ace5ce73b4b4aac4b7245aee6f191\"},\"headline\":\"El ex intendente de Jun\u00edn, Abel Paulino Miguel (Vasco), declarado Ciudadano Ilustre\",\"datePublished\":\"2023-10-31T05:56:39+00:00\",\"dateModified\":\"2023-11-01T05:53:19+00:00\",\"mainEntityOfPage\":{\"@id\":\"https:\/\/infoecos.com.ar\/index.php\/el-ex-intendente-de-junin-abel-paulino-miguel-vasco-declarado-ciudadano-ilustre\/\"},\"wordCount\":729,\"publisher\":{\"@id\":\"https:\/\/infoecos.com.ar\/#organization\"},\"image\":{\"@id\":\"https:\/\/infoecos.com.ar\/index.php\/el-ex-intendente-de-junin-abel-paulino-miguel-vasco-declarado-ciudadano-ilustre\/#primaryimage\"},\"thumbnailUrl\":\"https:\/\/infoecos.com.ar\/wp-content\/uploads\/2023\/10\/image-192.png\",\"keywords\":[\"POR UNANIMIDAD\"],\"articleSection\":[\"C2 N6\"],\"inLanguage\":\"es\"},{\"@type\":\"WebPage\",\"@id\":\"https:\/\/infoecos.com.ar\/index.php\/el-ex-intendente-de-junin-abel-paulino-miguel-vasco-declarado-ciudadano-ilustre\/\",\"url\":\"https:\/\/infoecos.com.ar\/index.php\/el-ex-intendente-de-junin-abel-paulino-miguel-vasco-declarado-ciudadano-ilustre\/\",\"name\":\"El ex intendente de Jun\u00edn, Abel Paulino Miguel (Vasco), declarado Ciudadano Ilustre - Infoecos\",\"isPartOf\":{\"@id\":\"https:\/\/infoecos.com.ar\/#website\"},\"primaryImageOfPage\":{\"@id\":\"https:\/\/infoecos.com.ar\/index.php\/el-ex-intendente-de-junin-abel-paulino-miguel-vasco-declarado-ciudadano-ilustre\/#primaryimage\"},\"image\":{\"@id\":\"https:\/\/infoecos.com.ar\/index.php\/el-ex-intendente-de-junin-abel-paulino-miguel-vasco-declarado-ciudadano-ilustre\/#primaryimage\"},\"thumbnailUrl\":\"https:\/\/infoecos.com.ar\/wp-content\/uploads\/2023\/10\/image-192.png\",\"datePublished\":\"2023-10-31T05:56:39+00:00\",\"dateModified\":\"2023-11-01T05:53:19+00:00\",\"breadcrumb\":{\"@id\":\"https:\/\/infoecos.com.ar\/index.php\/el-ex-intendente-de-junin-abel-paulino-miguel-vasco-declarado-ciudadano-ilustre\/#breadcrumb\"},\"inLanguage\":\"es\",\"potentialAction\":[{\"@type\":\"ReadAction\",\"target\":[\"https:\/\/infoecos.com.ar\/index.php\/el-ex-intendente-de-junin-abel-paulino-miguel-vasco-declarado-ciudadano-ilustre\/\"]}]},{\"@type\":\"ImageObject\",\"inLanguage\":\"es\",\"@id\":\"https:\/\/infoecos.com.ar\/index.php\/el-ex-intendente-de-junin-abel-paulino-miguel-vasco-declarado-ciudadano-ilustre\/#primaryimage\",\"url\":\"https:\/\/infoecos.com.ar\/wp-content\/uploads\/2023\/10\/image-192.png\",\"contentUrl\":\"https:\/\/infoecos.com.ar\/wp-content\/uploads\/2023\/10\/image-192.png\",\"width\":880,\"height\":586},{\"@type\":\"BreadcrumbList\",\"@id\":\"https:\/\/infoecos.com.ar\/index.php\/el-ex-intendente-de-junin-abel-paulino-miguel-vasco-declarado-ciudadano-ilustre\/#breadcrumb\",\"itemListElement\":[{\"@type\":\"ListItem\",\"position\":1,\"name\":\"Portada\",\"item\":\"https:\/\/infoecos.com.ar\/\"},{\"@type\":\"ListItem\",\"position\":2,\"name\":\"El ex intendente de Jun\u00edn, Abel Paulino Miguel (Vasco), declarado Ciudadano Ilustre\"}]},{\"@type\":\"WebSite\",\"@id\":\"https:\/\/infoecos.com.ar\/#website\",\"url\":\"https:\/\/infoecos.com.ar\/\",\"name\":\"Infoecos\",\"description\":\"Noticias de trenque lauquen y la zona\",\"publisher\":{\"@id\":\"https:\/\/infoecos.com.ar\/#organization\"},\"alternateName\":\"Noticias\",\"potentialAction\":[{\"@type\":\"SearchAction\",\"target\":{\"@type\":\"EntryPoint\",\"urlTemplate\":\"https:\/\/infoecos.com.ar\/?s={search_term_string}\"},\"query-input\":{\"@type\":\"PropertyValueSpecification\",\"valueRequired\":true,\"valueName\":\"search_term_string\"}}],\"inLanguage\":\"es\"},{\"@type\":\"Organization\",\"@id\":\"https:\/\/infoecos.com.ar\/#organization\",\"name\":\"Infoecos\",\"alternateName\":\"Noticias\",\"url\":\"https:\/\/infoecos.com.ar\/\",\"logo\":{\"@type\":\"ImageObject\",\"inLanguage\":\"es\",\"@id\":\"https:\/\/infoecos.com.ar\/#\/schema\/logo\/image\/\",\"url\":\"https:\/\/infoecos.com.ar\/wp-content\/uploads\/2024\/03\/cropped-logo.png\",\"contentUrl\":\"https:\/\/infoecos.com.ar\/wp-content\/uploads\/2024\/03\/cropped-logo.png\",\"width\":374,\"height\":90,\"caption\":\"Infoecos\"},\"image\":{\"@id\":\"https:\/\/infoecos.com.ar\/#\/schema\/logo\/image\/\"},\"sameAs\":[\"https:\/\/www.facebook.com\/profile.php?id=100063200290284\",\"https:\/\/x.com\/infoecos\"]},{\"@type\":\"Person\",\"@id\":\"https:\/\/infoecos.com.ar\/#\/schema\/person\/8f5ace5ce73b4b4aac4b7245aee6f191\",\"name\":\"Jorge Matheus\",\"url\":\"https:\/\/infoecos.com.ar\/index.php\/author\/jomatheus\/\"}]}<\/script>\n<!-- \/ Yoast SEO plugin. -->","yoast_head_json":{"title":"El ex intendente de Jun\u00edn, Abel Paulino Miguel (Vasco), declarado Ciudadano Ilustre - Infoecos","robots":{"index":"index","follow":"follow","max-snippet":"max-snippet:-1","max-image-preview":"max-image-preview:large","max-video-preview":"max-video-preview:-1"},"canonical":"https:\/\/infoecos.com.ar\/index.php\/el-ex-intendente-de-junin-abel-paulino-miguel-vasco-declarado-ciudadano-ilustre\/","og_locale":"es_ES","og_type":"article","og_title":"El ex intendente de Jun\u00edn, Abel Paulino Miguel (Vasco), declarado Ciudadano Ilustre - Infoecos","og_description":"Abel Miguel -perteneciente a la Uni\u00f3n C\u00edvica Radical- se mantuvo al frente de la intendencia en el 80% de su gesti\u00f3n con gobiernos de distinto signos pol\u00edticos en Provincia y Naci\u00f3n","og_url":"https:\/\/infoecos.com.ar\/index.php\/el-ex-intendente-de-junin-abel-paulino-miguel-vasco-declarado-ciudadano-ilustre\/","og_site_name":"Infoecos","article_publisher":"https:\/\/www.facebook.com\/profile.php?id=100063200290284","article_published_time":"2023-10-31T05:56:39+00:00","article_modified_time":"2023-11-01T05:53:19+00:00","og_image":[{"width":880,"height":586,"url":"https:\/\/infoecos.com.ar\/wp-content\/uploads\/2023\/10\/image-192.png","type":"image\/png"}],"author":"Jorge Matheus","twitter_card":"summary_large_image","twitter_creator":"@infoecos","twitter_site":"@infoecos","twitter_misc":{"Escrito por":"Jorge Matheus","Tiempo de lectura":"4 minutos"},"schema":{"@context":"https:\/\/schema.org","@graph":[{"@type":"Article","@id":"https:\/\/infoecos.com.ar\/index.php\/el-ex-intendente-de-junin-abel-paulino-miguel-vasco-declarado-ciudadano-ilustre\/#article","isPartOf":{"@id":"https:\/\/infoecos.com.ar\/index.php\/el-ex-intendente-de-junin-abel-paulino-miguel-vasco-declarado-ciudadano-ilustre\/"},"author":{"name":"Jorge Matheus","@id":"https:\/\/infoecos.com.ar\/#\/schema\/person\/8f5ace5ce73b4b4aac4b7245aee6f191"},"headline":"El ex intendente de Jun\u00edn, Abel Paulino Miguel (Vasco), declarado Ciudadano Ilustre","datePublished":"2023-10-31T05:56:39+00:00","dateModified":"2023-11-01T05:53:19+00:00","mainEntityOfPage":{"@id":"https:\/\/infoecos.com.ar\/index.php\/el-ex-intendente-de-junin-abel-paulino-miguel-vasco-declarado-ciudadano-ilustre\/"},"wordCount":729,"publisher":{"@id":"https:\/\/infoecos.com.ar\/#organization"},"image":{"@id":"https:\/\/infoecos.com.ar\/index.php\/el-ex-intendente-de-junin-abel-paulino-miguel-vasco-declarado-ciudadano-ilustre\/#primaryimage"},"thumbnailUrl":"https:\/\/infoecos.com.ar\/wp-content\/uploads\/2023\/10\/image-192.png","keywords":["POR UNANIMIDAD"],"articleSection":["C2 N6"],"inLanguage":"es"},{"@type":"WebPage","@id":"https:\/\/infoecos.com.ar\/index.php\/el-ex-intendente-de-junin-abel-paulino-miguel-vasco-declarado-ciudadano-ilustre\/","url":"https:\/\/infoecos.com.ar\/index.php\/el-ex-intendente-de-junin-abel-paulino-miguel-vasco-declarado-ciudadano-ilustre\/","name":"El ex intendente de Jun\u00edn, Abel Paulino Miguel (Vasco), declarado Ciudadano Ilustre - Infoecos","isPartOf":{"@id":"https:\/\/infoecos.com.ar\/#website"},"primaryImageOfPage":{"@id":"https:\/\/infoecos.com.ar\/index.php\/el-ex-intendente-de-junin-abel-paulino-miguel-vasco-declarado-ciudadano-ilustre\/#primaryimage"},"image":{"@id":"https:\/\/infoecos.com.ar\/index.php\/el-ex-intendente-de-junin-abel-paulino-miguel-vasco-declarado-ciudadano-ilustre\/#primaryimage"},"thumbnailUrl":"https:\/\/infoecos.com.ar\/wp-content\/uploads\/2023\/10\/image-192.png","datePublished":"2023-10-31T05:56:39+00:00","dateModified":"2023-11-01T05:53:19+00:00","breadcrumb":{"@id":"https:\/\/infoecos.com.ar\/index.php\/el-ex-intendente-de-junin-abel-paulino-miguel-vasco-declarado-ciudadano-ilustre\/#breadcrumb"},"inLanguage":"es","potentialAction":[{"@type":"ReadAction","target":["https:\/\/infoecos.com.ar\/index.php\/el-ex-intendente-de-junin-abel-paulino-miguel-vasco-declarado-ciudadano-ilustre\/"]}]},{"@type":"ImageObject","inLanguage":"es","@id":"https:\/\/infoecos.com.ar\/index.php\/el-ex-intendente-de-junin-abel-paulino-miguel-vasco-declarado-ciudadano-ilustre\/#primaryimage","url":"https:\/\/infoecos.com.ar\/wp-content\/uploads\/2023\/10\/image-192.png","contentUrl":"https:\/\/infoecos.com.ar\/wp-content\/uploads\/2023\/10\/image-192.png","width":880,"height":586},{"@type":"BreadcrumbList","@id":"https:\/\/infoecos.com.ar\/index.php\/el-ex-intendente-de-junin-abel-paulino-miguel-vasco-declarado-ciudadano-ilustre\/#breadcrumb","itemListElement":[{"@type":"ListItem","position":1,"name":"Portada","item":"https:\/\/infoecos.com.ar\/"},{"@type":"ListItem","position":2,"name":"El ex intendente de Jun\u00edn, Abel Paulino Miguel (Vasco), declarado Ciudadano Ilustre"}]},{"@type":"WebSite","@id":"https:\/\/infoecos.com.ar\/#website","url":"https:\/\/infoecos.com.ar\/","name":"Infoecos","description":"Noticias de trenque lauquen y la zona","publisher":{"@id":"https:\/\/infoecos.com.ar\/#organization"},"alternateName":"Noticias","potentialAction":[{"@type":"SearchAction","target":{"@type":"EntryPoint","urlTemplate":"https:\/\/infoecos.com.ar\/?s={search_term_string}"},"query-input":{"@type":"PropertyValueSpecification","valueRequired":true,"valueName":"search_term_string"}}],"inLanguage":"es"},{"@type":"Organization","@id":"https:\/\/infoecos.com.ar\/#organization","name":"Infoecos","alternateName":"Noticias","url":"https:\/\/infoecos.com.ar\/","logo":{"@type":"ImageObject","inLanguage":"es","@id":"https:\/\/infoecos.com.ar\/#\/schema\/logo\/image\/","url":"https:\/\/infoecos.com.ar\/wp-content\/uploads\/2024\/03\/cropped-logo.png","contentUrl":"https:\/\/infoecos.com.ar\/wp-content\/uploads\/2024\/03\/cropped-logo.png","width":374,"height":90,"caption":"Infoecos"},"image":{"@id":"https:\/\/infoecos.com.ar\/#\/schema\/logo\/image\/"},"sameAs":["https:\/\/www.facebook.com\/profile.php?id=100063200290284","https:\/\/x.com\/infoecos"]},{"@type":"Person","@id":"https:\/\/infoecos.com.ar\/#\/schema\/person\/8f5ace5ce73b4b4aac4b7245aee6f191","name":"Jorge Matheus","url":"https:\/\/infoecos.com.ar\/index.php\/author\/jomatheus\/"}]}},"featured_image_urls":{"full":["https:\/\/infoecos.com.ar\/wp-content\/uploads\/2023\/10\/image-192.png",880,586,false],"thumbnail":["https:\/\/infoecos.com.ar\/wp-content\/uploads\/2023\/10\/image-192-300x150.png",300,150,true],"medium":["https:\/\/infoecos.com.ar\/wp-content\/uploads\/2023\/10\/image-192-800x533.png",800,533,true],"medium_large":["https:\/\/infoecos.com.ar\/wp-content\/uploads\/2023\/10\/image-192-768x511.png",640,426,true],"large":["https:\/\/infoecos.com.ar\/wp-content\/uploads\/2023\/10\/image-192.png",640,426,false],"1536x1536":["https:\/\/infoecos.com.ar\/wp-content\/uploads\/2023\/10\/image-192.png",880,586,false],"2048x2048":["https:\/\/infoecos.com.ar\/wp-content\/uploads\/2023\/10\/image-192.png",880,586,false],"covernews-slider-full":["https:\/\/infoecos.com.ar\/wp-content\/uploads\/2023\/10\/image-192.png",880,586,false],"covernews-slider-center":["https:\/\/infoecos.com.ar\/wp-content\/uploads\/2023\/10\/image-192.png",751,500,false],"covernews-featured":["https:\/\/infoecos.com.ar\/wp-content\/uploads\/2023\/10\/image-192.png",880,586,false],"covernews-medium":["https:\/\/infoecos.com.ar\/wp-content\/uploads\/2023\/10\/image-192-720x380.png",540,285,true],"covernews-medium-square":["https:\/\/infoecos.com.ar\/wp-content\/uploads\/2023\/10\/image-192-675x450.png",375,250,true]},"author_info":{"info":["Jorge Matheus"]},"category_info":"<a href=\"https:\/\/infoecos.com.ar\/index.php\/category\/c2nota6\/\" rel=\"category tag\">C2 N6<\/a>","tag_info":"C2 N6","comment_count":"0","_links":{"self":[{"href":"https:\/\/infoecos.com.ar\/index.php\/wp-json\/wp\/v2\/posts\/114757"}],"collection":[{"href":"https:\/\/infoecos.com.ar\/index.php\/wp-json\/wp\/v2\/posts"}],"about":[{"href":"https:\/\/infoecos.com.ar\/index.php\/wp-json\/wp\/v2\/types\/post"}],"author":[{"embeddable":true,"href":"https:\/\/infoecos.com.ar\/index.php\/wp-json\/wp\/v2\/users\/2"}],"replies":[{"embeddable":true,"href":"https:\/\/infoecos.com.ar\/index.php\/wp-json\/wp\/v2\/comments?post=114757"}],"version-history":[{"count":2,"href":"https:\/\/infoecos.com.ar\/index.php\/wp-json\/wp\/v2\/posts\/114757\/revisions"}],"predecessor-version":[{"id":114767,"href":"https:\/\/infoecos.com.ar\/index.php\/wp-json\/wp\/v2\/posts\/114757\/revisions\/114767"}],"wp:featuredmedia":[{"embeddable":true,"href":"https:\/\/infoecos.com.ar\/index.php\/wp-json\/wp\/v2\/media\/114758"}],"wp:attachment":[{"href":"https:\/\/infoecos.com.ar\/index.php\/wp-json\/wp\/v2\/media?parent=114757"}],"wp:term":[{"taxonomy":"category","embeddable":true,"href":"https:\/\/infoecos.com.ar\/index.php\/wp-json\/wp\/v2\/categories?post=114757"},{"taxonomy":"post_tag","embeddable":true,"href":"https:\/\/infoecos.com.ar\/index.php\/wp-json\/wp\/v2\/tags?post=114757"}],"curies":[{"name":"wp","href":"https:\/\/api.w.org\/{rel}","templated":true}]}}