{"id":114825,"date":"2023-11-02T01:02:01","date_gmt":"2023-11-02T04:02:01","guid":{"rendered":"https:\/\/infoecos.com.ar\/?p=114825"},"modified":"2023-11-02T02:16:44","modified_gmt":"2023-11-02T05:16:44","slug":"se-asegura-que-se-reuniran-hoy-en-trenque-lauquen-los-intendentes-radicales-de-la-provincia","status":"publish","type":"post","link":"https:\/\/infoecos.com.ar\/index.php\/se-asegura-que-se-reuniran-hoy-en-trenque-lauquen-los-intendentes-radicales-de-la-provincia\/","title":{"rendered":"Aseguran que se reunir\u00e1n hoy en Trenque Lauquen, los intendentes radicales de la provincia"},"content":{"rendered":"\n<p>Integrantes del Foro de Intendentes Radicales que presidi\u00f3 hasta hace poco tiempo Miguel Fern\u00e1ndez, el mandatario comunal del distrito y candidato a vicegobernador de Juntos por el Cambio, se re\u00fanen este jueves.<\/p>\n\n\n\n<figure class=\"wp-block-image alignright size-full is-resized\"><img loading=\"lazy\" decoding=\"async\" src=\"https:\/\/infoecos.com.ar\/wp-content\/uploads\/20191219153718_foro-ucr-tandil.jpg\" alt=\"\" class=\"wp-image-56831\" width=\"363\" height=\"227\"\/><figcaption class=\"wp-element-caption\">Foro de Intendentes radicales<\/figcaption><\/figure>\n\n\n\n<p>As\u00ed lo hicieron saber distintos mandatarios comunales en otros medios de comunicaci\u00f3n bonaerenses y en sus cuentas de las redes sociales.<\/p>\n\n\n\n<p>El Jefe Comunal anfitri\u00f3n, en la red X (ex Twitter) public\u00f3 el pasado 26 de Octubre: <strong><em>Tal cual lo manifestado acertadamente por el Comit\u00e9 de la UCR Nacional, no voy a acompa\u00f1ar ninguna de las opciones que referencia a Massa y Milei. La sociedad nos otorg\u00f3 como fuerza pol\u00edtica el mandato de ser oposici\u00f3n a nivel provincial y nacional\u00bb.<\/em><\/strong> Agreg\u00f3 luego de haber subido el documento de su partido que <strong><em>\u00abhonrar\u00e9 con mis convicciones y conductas la consolidaci\u00f3n de la democracia desde ese lugar que nos han asignado\u00bb.<\/em><\/strong><\/p>\n\n\n\n<p>Si bien lo que pueden definir los intendentes con la mirada puesta en el 19 de noviembre poco o nada pueda influ\u00edr en el electorado, el no recostarse para ninguno de los candidatos en pugna (Sergio Massa \u00f3 Javier Milei) ser\u00e1 una posici\u00f3n que &#8211; en lo inmediato &#8211; ser\u00eda aventurado afirmar que puede generarle beneficios pol\u00edticos, pero si puede posicionarlos en cualquier discusi\u00f3n que se realice en los \u00e1mbitos gubernamentales, para el interior del propio partido \u00f3 de lo que quede de Juntos x el Cambio.<\/p>\n\n\n\n<p>La reuni\u00f3n del jueves, seg\u00fan se public\u00f3 en otros medios, servir\u00e1 adem\u00e1s para reencontrarse en un \u00e1mbito donde se pueda reconocer el trabajo de los que ganaron y perdieron en los distritos.<\/p>\n\n\n\n<p>No se inform\u00f3, al menos hasta el cierre de Infoecos, a que horas comenzar\u00eda el encuentro.<\/p>\n\n\n\n<p><\/p>\n","protected":false},"excerpt":{"rendered":"<p>As\u00ed lo hicieron saber distintos mandatarios comunales en otros medios de comunicaci\u00f3n bonaerenses y en sus cuentas de las redes sociales<\/p>\n","protected":false},"author":2,"featured_media":95788,"comment_status":"closed","ping_status":"open","sticky":false,"template":"","format":"standard","meta":{"footnotes":""},"categories":[1613],"tags":[1329],"class_list":["post-114825","post","type-post","status-publish","format-standard","has-post-thumbnail","hentry","category-noticia-secundaria","tag-politica-electoral"],"yoast_head":"<!-- This site is optimized with the Yoast SEO plugin v23.4 - https:\/\/yoast.com\/wordpress\/plugins\/seo\/ -->\n<title>Aseguran que se reunir\u00e1n hoy en Trenque Lauquen, los intendentes radicales de la provincia - Infoecos<\/title>\n<meta name=\"robots\" content=\"index, follow, max-snippet:-1, max-image-preview:large, max-video-preview:-1\" \/>\n<link rel=\"canonical\" href=\"https:\/\/infoecos.com.ar\/index.php\/se-asegura-que-se-reuniran-hoy-en-trenque-lauquen-los-intendentes-radicales-de-la-provincia\/\" \/>\n<meta property=\"og:locale\" content=\"es_ES\" \/>\n<meta property=\"og:type\" content=\"article\" \/>\n<meta property=\"og:title\" content=\"Aseguran que se reunir\u00e1n hoy en Trenque Lauquen, los intendentes radicales de la provincia - Infoecos\" \/>\n<meta property=\"og:description\" content=\"As\u00ed lo hicieron saber distintos mandatarios comunales en otros medios de comunicaci\u00f3n bonaerenses y en sus cuentas de las redes sociales\" \/>\n<meta property=\"og:url\" content=\"https:\/\/infoecos.com.ar\/index.php\/se-asegura-que-se-reuniran-hoy-en-trenque-lauquen-los-intendentes-radicales-de-la-provincia\/\" \/>\n<meta property=\"og:site_name\" content=\"Infoecos\" \/>\n<meta property=\"article:publisher\" content=\"https:\/\/www.facebook.com\/profile.php?id=100063200290284\" \/>\n<meta property=\"article:published_time\" content=\"2023-11-02T04:02:01+00:00\" \/>\n<meta property=\"article:modified_time\" content=\"2023-11-02T05:16:44+00:00\" \/>\n<meta property=\"og:image\" content=\"https:\/\/infoecos.com.ar\/wp-content\/uploads\/2022\/08\/forodeintendentesenmagdalena.jpg\" \/>\n\t<meta property=\"og:image:width\" content=\"900\" \/>\n\t<meta property=\"og:image:height\" content=\"600\" \/>\n\t<meta property=\"og:image:type\" content=\"image\/jpeg\" \/>\n<meta name=\"author\" content=\"Jorge Matheus\" \/>\n<meta name=\"twitter:card\" content=\"summary_large_image\" \/>\n<meta name=\"twitter:creator\" content=\"@infoecos\" \/>\n<meta name=\"twitter:site\" content=\"@infoecos\" \/>\n<meta name=\"twitter:label1\" content=\"Escrito por\" \/>\n\t<meta name=\"twitter:data1\" content=\"Jorge Matheus\" \/>\n\t<meta name=\"twitter:label2\" content=\"Tiempo de lectura\" \/>\n\t<meta name=\"twitter:data2\" content=\"2 minutos\" \/>\n<script type=\"application\/ld+json\" class=\"yoast-schema-graph\">{\"@context\":\"https:\/\/schema.org\",\"@graph\":[{\"@type\":\"Article\",\"@id\":\"https:\/\/infoecos.com.ar\/index.php\/se-asegura-que-se-reuniran-hoy-en-trenque-lauquen-los-intendentes-radicales-de-la-provincia\/#article\",\"isPartOf\":{\"@id\":\"https:\/\/infoecos.com.ar\/index.php\/se-asegura-que-se-reuniran-hoy-en-trenque-lauquen-los-intendentes-radicales-de-la-provincia\/\"},\"author\":{\"name\":\"Jorge Matheus\",\"@id\":\"https:\/\/infoecos.com.ar\/#\/schema\/person\/8f5ace5ce73b4b4aac4b7245aee6f191\"},\"headline\":\"Aseguran que se reunir\u00e1n hoy en Trenque Lauquen, los intendentes radicales de la provincia\",\"datePublished\":\"2023-11-02T04:02:01+00:00\",\"dateModified\":\"2023-11-02T05:16:44+00:00\",\"mainEntityOfPage\":{\"@id\":\"https:\/\/infoecos.com.ar\/index.php\/se-asegura-que-se-reuniran-hoy-en-trenque-lauquen-los-intendentes-radicales-de-la-provincia\/\"},\"wordCount\":308,\"publisher\":{\"@id\":\"https:\/\/infoecos.com.ar\/#organization\"},\"image\":{\"@id\":\"https:\/\/infoecos.com.ar\/index.php\/se-asegura-que-se-reuniran-hoy-en-trenque-lauquen-los-intendentes-radicales-de-la-provincia\/#primaryimage\"},\"thumbnailUrl\":\"https:\/\/infoecos.com.ar\/wp-content\/uploads\/2022\/08\/forodeintendentesenmagdalena.jpg\",\"keywords\":[\"POL\u00cdTICA ELECTORAL\"],\"articleSection\":[\"Noticia Secundaria\"],\"inLanguage\":\"es\"},{\"@type\":\"WebPage\",\"@id\":\"https:\/\/infoecos.com.ar\/index.php\/se-asegura-que-se-reuniran-hoy-en-trenque-lauquen-los-intendentes-radicales-de-la-provincia\/\",\"url\":\"https:\/\/infoecos.com.ar\/index.php\/se-asegura-que-se-reuniran-hoy-en-trenque-lauquen-los-intendentes-radicales-de-la-provincia\/\",\"name\":\"Aseguran que se reunir\u00e1n hoy en Trenque Lauquen, los intendentes radicales de la provincia - Infoecos\",\"isPartOf\":{\"@id\":\"https:\/\/infoecos.com.ar\/#website\"},\"primaryImageOfPage\":{\"@id\":\"https:\/\/infoecos.com.ar\/index.php\/se-asegura-que-se-reuniran-hoy-en-trenque-lauquen-los-intendentes-radicales-de-la-provincia\/#primaryimage\"},\"image\":{\"@id\":\"https:\/\/infoecos.com.ar\/index.php\/se-asegura-que-se-reuniran-hoy-en-trenque-lauquen-los-intendentes-radicales-de-la-provincia\/#primaryimage\"},\"thumbnailUrl\":\"https:\/\/infoecos.com.ar\/wp-content\/uploads\/2022\/08\/forodeintendentesenmagdalena.jpg\",\"datePublished\":\"2023-11-02T04:02:01+00:00\",\"dateModified\":\"2023-11-02T05:16:44+00:00\",\"breadcrumb\":{\"@id\":\"https:\/\/infoecos.com.ar\/index.php\/se-asegura-que-se-reuniran-hoy-en-trenque-lauquen-los-intendentes-radicales-de-la-provincia\/#breadcrumb\"},\"inLanguage\":\"es\",\"potentialAction\":[{\"@type\":\"ReadAction\",\"target\":[\"https:\/\/infoecos.com.ar\/index.php\/se-asegura-que-se-reuniran-hoy-en-trenque-lauquen-los-intendentes-radicales-de-la-provincia\/\"]}]},{\"@type\":\"ImageObject\",\"inLanguage\":\"es\",\"@id\":\"https:\/\/infoecos.com.ar\/index.php\/se-asegura-que-se-reuniran-hoy-en-trenque-lauquen-los-intendentes-radicales-de-la-provincia\/#primaryimage\",\"url\":\"https:\/\/infoecos.com.ar\/wp-content\/uploads\/2022\/08\/forodeintendentesenmagdalena.jpg\",\"contentUrl\":\"https:\/\/infoecos.com.ar\/wp-content\/uploads\/2022\/08\/forodeintendentesenmagdalena.jpg\",\"width\":900,\"height\":600},{\"@type\":\"BreadcrumbList\",\"@id\":\"https:\/\/infoecos.com.ar\/index.php\/se-asegura-que-se-reuniran-hoy-en-trenque-lauquen-los-intendentes-radicales-de-la-provincia\/#breadcrumb\",\"itemListElement\":[{\"@type\":\"ListItem\",\"position\":1,\"name\":\"Portada\",\"item\":\"https:\/\/infoecos.com.ar\/\"},{\"@type\":\"ListItem\",\"position\":2,\"name\":\"Aseguran que se reunir\u00e1n hoy en Trenque Lauquen, los intendentes radicales de la provincia\"}]},{\"@type\":\"WebSite\",\"@id\":\"https:\/\/infoecos.com.ar\/#website\",\"url\":\"https:\/\/infoecos.com.ar\/\",\"name\":\"Infoecos\",\"description\":\"Noticias de trenque lauquen y la zona\",\"publisher\":{\"@id\":\"https:\/\/infoecos.com.ar\/#organization\"},\"alternateName\":\"Noticias\",\"potentialAction\":[{\"@type\":\"SearchAction\",\"target\":{\"@type\":\"EntryPoint\",\"urlTemplate\":\"https:\/\/infoecos.com.ar\/?s={search_term_string}\"},\"query-input\":{\"@type\":\"PropertyValueSpecification\",\"valueRequired\":true,\"valueName\":\"search_term_string\"}}],\"inLanguage\":\"es\"},{\"@type\":\"Organization\",\"@id\":\"https:\/\/infoecos.com.ar\/#organization\",\"name\":\"Infoecos\",\"alternateName\":\"Noticias\",\"url\":\"https:\/\/infoecos.com.ar\/\",\"logo\":{\"@type\":\"ImageObject\",\"inLanguage\":\"es\",\"@id\":\"https:\/\/infoecos.com.ar\/#\/schema\/logo\/image\/\",\"url\":\"https:\/\/infoecos.com.ar\/wp-content\/uploads\/2024\/03\/cropped-logo.png\",\"contentUrl\":\"https:\/\/infoecos.com.ar\/wp-content\/uploads\/2024\/03\/cropped-logo.png\",\"width\":374,\"height\":90,\"caption\":\"Infoecos\"},\"image\":{\"@id\":\"https:\/\/infoecos.com.ar\/#\/schema\/logo\/image\/\"},\"sameAs\":[\"https:\/\/www.facebook.com\/profile.php?id=100063200290284\",\"https:\/\/x.com\/infoecos\"]},{\"@type\":\"Person\",\"@id\":\"https:\/\/infoecos.com.ar\/#\/schema\/person\/8f5ace5ce73b4b4aac4b7245aee6f191\",\"name\":\"Jorge Matheus\",\"url\":\"https:\/\/infoecos.com.ar\/index.php\/author\/jomatheus\/\"}]}<\/script>\n<!-- \/ Yoast SEO plugin. -->","yoast_head_json":{"title":"Aseguran que se reunir\u00e1n hoy en Trenque Lauquen, los intendentes radicales de la provincia - Infoecos","robots":{"index":"index","follow":"follow","max-snippet":"max-snippet:-1","max-image-preview":"max-image-preview:large","max-video-preview":"max-video-preview:-1"},"canonical":"https:\/\/infoecos.com.ar\/index.php\/se-asegura-que-se-reuniran-hoy-en-trenque-lauquen-los-intendentes-radicales-de-la-provincia\/","og_locale":"es_ES","og_type":"article","og_title":"Aseguran que se reunir\u00e1n hoy en Trenque Lauquen, los intendentes radicales de la provincia - Infoecos","og_description":"As\u00ed lo hicieron saber distintos mandatarios comunales en otros medios de comunicaci\u00f3n bonaerenses y en sus cuentas de las redes sociales","og_url":"https:\/\/infoecos.com.ar\/index.php\/se-asegura-que-se-reuniran-hoy-en-trenque-lauquen-los-intendentes-radicales-de-la-provincia\/","og_site_name":"Infoecos","article_publisher":"https:\/\/www.facebook.com\/profile.php?id=100063200290284","article_published_time":"2023-11-02T04:02:01+00:00","article_modified_time":"2023-11-02T05:16:44+00:00","og_image":[{"width":900,"height":600,"url":"https:\/\/infoecos.com.ar\/wp-content\/uploads\/2022\/08\/forodeintendentesenmagdalena.jpg","type":"image\/jpeg"}],"author":"Jorge Matheus","twitter_card":"summary_large_image","twitter_creator":"@infoecos","twitter_site":"@infoecos","twitter_misc":{"Escrito por":"Jorge Matheus","Tiempo de lectura":"2 minutos"},"schema":{"@context":"https:\/\/schema.org","@graph":[{"@type":"Article","@id":"https:\/\/infoecos.com.ar\/index.php\/se-asegura-que-se-reuniran-hoy-en-trenque-lauquen-los-intendentes-radicales-de-la-provincia\/#article","isPartOf":{"@id":"https:\/\/infoecos.com.ar\/index.php\/se-asegura-que-se-reuniran-hoy-en-trenque-lauquen-los-intendentes-radicales-de-la-provincia\/"},"author":{"name":"Jorge Matheus","@id":"https:\/\/infoecos.com.ar\/#\/schema\/person\/8f5ace5ce73b4b4aac4b7245aee6f191"},"headline":"Aseguran que se reunir\u00e1n hoy en Trenque Lauquen, los intendentes radicales de la provincia","datePublished":"2023-11-02T04:02:01+00:00","dateModified":"2023-11-02T05:16:44+00:00","mainEntityOfPage":{"@id":"https:\/\/infoecos.com.ar\/index.php\/se-asegura-que-se-reuniran-hoy-en-trenque-lauquen-los-intendentes-radicales-de-la-provincia\/"},"wordCount":308,"publisher":{"@id":"https:\/\/infoecos.com.ar\/#organization"},"image":{"@id":"https:\/\/infoecos.com.ar\/index.php\/se-asegura-que-se-reuniran-hoy-en-trenque-lauquen-los-intendentes-radicales-de-la-provincia\/#primaryimage"},"thumbnailUrl":"https:\/\/infoecos.com.ar\/wp-content\/uploads\/2022\/08\/forodeintendentesenmagdalena.jpg","keywords":["POL\u00cdTICA ELECTORAL"],"articleSection":["Noticia Secundaria"],"inLanguage":"es"},{"@type":"WebPage","@id":"https:\/\/infoecos.com.ar\/index.php\/se-asegura-que-se-reuniran-hoy-en-trenque-lauquen-los-intendentes-radicales-de-la-provincia\/","url":"https:\/\/infoecos.com.ar\/index.php\/se-asegura-que-se-reuniran-hoy-en-trenque-lauquen-los-intendentes-radicales-de-la-provincia\/","name":"Aseguran que se reunir\u00e1n hoy en Trenque Lauquen, los intendentes radicales de la provincia - Infoecos","isPartOf":{"@id":"https:\/\/infoecos.com.ar\/#website"},"primaryImageOfPage":{"@id":"https:\/\/infoecos.com.ar\/index.php\/se-asegura-que-se-reuniran-hoy-en-trenque-lauquen-los-intendentes-radicales-de-la-provincia\/#primaryimage"},"image":{"@id":"https:\/\/infoecos.com.ar\/index.php\/se-asegura-que-se-reuniran-hoy-en-trenque-lauquen-los-intendentes-radicales-de-la-provincia\/#primaryimage"},"thumbnailUrl":"https:\/\/infoecos.com.ar\/wp-content\/uploads\/2022\/08\/forodeintendentesenmagdalena.jpg","datePublished":"2023-11-02T04:02:01+00:00","dateModified":"2023-11-02T05:16:44+00:00","breadcrumb":{"@id":"https:\/\/infoecos.com.ar\/index.php\/se-asegura-que-se-reuniran-hoy-en-trenque-lauquen-los-intendentes-radicales-de-la-provincia\/#breadcrumb"},"inLanguage":"es","potentialAction":[{"@type":"ReadAction","target":["https:\/\/infoecos.com.ar\/index.php\/se-asegura-que-se-reuniran-hoy-en-trenque-lauquen-los-intendentes-radicales-de-la-provincia\/"]}]},{"@type":"ImageObject","inLanguage":"es","@id":"https:\/\/infoecos.com.ar\/index.php\/se-asegura-que-se-reuniran-hoy-en-trenque-lauquen-los-intendentes-radicales-de-la-provincia\/#primaryimage","url":"https:\/\/infoecos.com.ar\/wp-content\/uploads\/2022\/08\/forodeintendentesenmagdalena.jpg","contentUrl":"https:\/\/infoecos.com.ar\/wp-content\/uploads\/2022\/08\/forodeintendentesenmagdalena.jpg","width":900,"height":600},{"@type":"BreadcrumbList","@id":"https:\/\/infoecos.com.ar\/index.php\/se-asegura-que-se-reuniran-hoy-en-trenque-lauquen-los-intendentes-radicales-de-la-provincia\/#breadcrumb","itemListElement":[{"@type":"ListItem","position":1,"name":"Portada","item":"https:\/\/infoecos.com.ar\/"},{"@type":"ListItem","position":2,"name":"Aseguran que se reunir\u00e1n hoy en Trenque Lauquen, los intendentes radicales de la provincia"}]},{"@type":"WebSite","@id":"https:\/\/infoecos.com.ar\/#website","url":"https:\/\/infoecos.com.ar\/","name":"Infoecos","description":"Noticias de trenque lauquen y la zona","publisher":{"@id":"https:\/\/infoecos.com.ar\/#organization"},"alternateName":"Noticias","potentialAction":[{"@type":"SearchAction","target":{"@type":"EntryPoint","urlTemplate":"https:\/\/infoecos.com.ar\/?s={search_term_string}"},"query-input":{"@type":"PropertyValueSpecification","valueRequired":true,"valueName":"search_term_string"}}],"inLanguage":"es"},{"@type":"Organization","@id":"https:\/\/infoecos.com.ar\/#organization","name":"Infoecos","alternateName":"Noticias","url":"https:\/\/infoecos.com.ar\/","logo":{"@type":"ImageObject","inLanguage":"es","@id":"https:\/\/infoecos.com.ar\/#\/schema\/logo\/image\/","url":"https:\/\/infoecos.com.ar\/wp-content\/uploads\/2024\/03\/cropped-logo.png","contentUrl":"https:\/\/infoecos.com.ar\/wp-content\/uploads\/2024\/03\/cropped-logo.png","width":374,"height":90,"caption":"Infoecos"},"image":{"@id":"https:\/\/infoecos.com.ar\/#\/schema\/logo\/image\/"},"sameAs":["https:\/\/www.facebook.com\/profile.php?id=100063200290284","https:\/\/x.com\/infoecos"]},{"@type":"Person","@id":"https:\/\/infoecos.com.ar\/#\/schema\/person\/8f5ace5ce73b4b4aac4b7245aee6f191","name":"Jorge Matheus","url":"https:\/\/infoecos.com.ar\/index.php\/author\/jomatheus\/"}]}},"featured_image_urls":{"full":["https:\/\/infoecos.com.ar\/wp-content\/uploads\/2022\/08\/forodeintendentesenmagdalena.jpg",900,600,false],"thumbnail":["https:\/\/infoecos.com.ar\/wp-content\/uploads\/2022\/08\/forodeintendentesenmagdalena-150x150.jpg",150,150,true],"medium":["https:\/\/infoecos.com.ar\/wp-content\/uploads\/2022\/08\/forodeintendentesenmagdalena-460x307.jpg",460,307,true],"medium_large":["https:\/\/infoecos.com.ar\/wp-content\/uploads\/2022\/08\/forodeintendentesenmagdalena-768x512.jpg",640,427,true],"large":["https:\/\/infoecos.com.ar\/wp-content\/uploads\/2022\/08\/forodeintendentesenmagdalena.jpg",640,427,false],"1536x1536":["https:\/\/infoecos.com.ar\/wp-content\/uploads\/2022\/08\/forodeintendentesenmagdalena.jpg",900,600,false],"2048x2048":["https:\/\/infoecos.com.ar\/wp-content\/uploads\/2022\/08\/forodeintendentesenmagdalena.jpg",900,600,false],"covernews-slider-full":["https:\/\/infoecos.com.ar\/wp-content\/uploads\/2022\/08\/forodeintendentesenmagdalena.jpg",900,600,false],"covernews-slider-center":["https:\/\/infoecos.com.ar\/wp-content\/uploads\/2022\/08\/forodeintendentesenmagdalena.jpg",750,500,false],"covernews-featured":["https:\/\/infoecos.com.ar\/wp-content\/uploads\/2022\/08\/forodeintendentesenmagdalena.jpg",900,600,false],"covernews-medium":["https:\/\/infoecos.com.ar\/wp-content\/uploads\/2022\/08\/forodeintendentesenmagdalena-720x380.jpg",540,285,true],"covernews-medium-square":["https:\/\/infoecos.com.ar\/wp-content\/uploads\/2022\/08\/forodeintendentesenmagdalena-675x450.jpg",375,250,true]},"author_info":{"info":["Jorge Matheus"]},"category_info":"<a href=\"https:\/\/infoecos.com.ar\/index.php\/category\/noticia-secundaria\/\" rel=\"category tag\">Noticia Secundaria<\/a>","tag_info":"Noticia Secundaria","comment_count":"0","_links":{"self":[{"href":"https:\/\/infoecos.com.ar\/index.php\/wp-json\/wp\/v2\/posts\/114825"}],"collection":[{"href":"https:\/\/infoecos.com.ar\/index.php\/wp-json\/wp\/v2\/posts"}],"about":[{"href":"https:\/\/infoecos.com.ar\/index.php\/wp-json\/wp\/v2\/types\/post"}],"author":[{"embeddable":true,"href":"https:\/\/infoecos.com.ar\/index.php\/wp-json\/wp\/v2\/users\/2"}],"replies":[{"embeddable":true,"href":"https:\/\/infoecos.com.ar\/index.php\/wp-json\/wp\/v2\/comments?post=114825"}],"version-history":[{"count":3,"href":"https:\/\/infoecos.com.ar\/index.php\/wp-json\/wp\/v2\/posts\/114825\/revisions"}],"predecessor-version":[{"id":114853,"href":"https:\/\/infoecos.com.ar\/index.php\/wp-json\/wp\/v2\/posts\/114825\/revisions\/114853"}],"wp:featuredmedia":[{"embeddable":true,"href":"https:\/\/infoecos.com.ar\/index.php\/wp-json\/wp\/v2\/media\/95788"}],"wp:attachment":[{"href":"https:\/\/infoecos.com.ar\/index.php\/wp-json\/wp\/v2\/media?parent=114825"}],"wp:term":[{"taxonomy":"category","embeddable":true,"href":"https:\/\/infoecos.com.ar\/index.php\/wp-json\/wp\/v2\/categories?post=114825"},{"taxonomy":"post_tag","embeddable":true,"href":"https:\/\/infoecos.com.ar\/index.php\/wp-json\/wp\/v2\/tags?post=114825"}],"curies":[{"name":"wp","href":"https:\/\/api.w.org\/{rel}","templated":true}]}}