{"id":114828,"date":"2023-11-02T01:16:09","date_gmt":"2023-11-02T04:16:09","guid":{"rendered":"https:\/\/infoecos.com.ar\/?p=114828"},"modified":"2023-11-02T01:16:10","modified_gmt":"2023-11-02T04:16:10","slug":"sergio-massa-arranco-en-la-pampa-el-ultimo-tramo-de-su-campana-electoral","status":"publish","type":"post","link":"https:\/\/infoecos.com.ar\/index.php\/sergio-massa-arranco-en-la-pampa-el-ultimo-tramo-de-su-campana-electoral\/","title":{"rendered":"Sergio Massa arranc\u00f3 en La Pampa el \u00faltimo tramo de su campa\u00f1a electoral"},"content":{"rendered":"\n<figure class=\"wp-block-image alignright size-full is-resized\"><img loading=\"lazy\" decoding=\"async\" src=\"https:\/\/infoecos.com.ar\/wp-content\/uploads\/2023\/11\/eldiario.webp\" alt=\"\" class=\"wp-image-114829\" width=\"370\" height=\"490\" srcset=\"https:\/\/infoecos.com.ar\/wp-content\/uploads\/2023\/11\/eldiario.webp 1208w, https:\/\/infoecos.com.ar\/wp-content\/uploads\/2023\/11\/eldiario-604x800.webp 604w, https:\/\/infoecos.com.ar\/wp-content\/uploads\/2023\/11\/eldiario-768x1017.webp 768w, https:\/\/infoecos.com.ar\/wp-content\/uploads\/2023\/11\/eldiario-1160x1536.webp 1160w, https:\/\/infoecos.com.ar\/wp-content\/uploads\/2023\/11\/eldiario-1024x1355.webp 1024w\" sizes=\"(max-width: 370px) 100vw, 370px\" \/><\/figure>\n\n\n\n<p>\u00abHubo maniobras, unos ganaron plata y otros hicieran maniobras paranoicas\u00bb, dijo el ministro de Econom\u00eda y candidato presidencial, Sergio Massa, durante la conferencia de prensa posterior al encuentro con los intendentes del oficialismo y la oposici\u00f3n.<\/p>\n\n\n\n<p>Ah\u00ed fue donde apunt\u00f3 contra las cuevas por el manejo del d\u00f3lar paralelo y contra las petroleras por el valor de los combustibles.&nbsp;<strong>\u00abPidieron un aumento del 40%\u00bb<\/strong>, dijo.<\/p>\n\n\n\n<p>Luego se esperanz\u00f3 con un eventual triunfo en el balotaje frente a Javier Milei. \u00abDespu\u00e9s del 10 de diciembre quiero a los mejores en el Gabinete\u00bb, lanz\u00f3.<\/p>\n\n\n\n<p>Y advirti\u00f3: \u00abNos tenemos que poner el overol para los 4 pr\u00f3ximos a\u00f1os\u00bb.<\/p>\n\n\n\n<p>Massa tambi\u00e9n aprovech\u00f3 la ocasi\u00f3n para lanzarle algunos dardos a su contrincante. \u00abQuieren vender Vaca Muerta cuando es un recurso de las provincias\u00bb, critic\u00f3.<\/p>\n\n\n\n<figure class=\"wp-block-image alignright size-full is-resized\"><img loading=\"lazy\" decoding=\"async\" src=\"https:\/\/infoecos.com.ar\/wp-content\/uploads\/2023\/11\/image-8.png\" alt=\"\" class=\"wp-image-114830\" width=\"363\" height=\"477\" srcset=\"https:\/\/infoecos.com.ar\/wp-content\/uploads\/2023\/11\/image-8.png 1140w, https:\/\/infoecos.com.ar\/wp-content\/uploads\/2023\/11\/image-8-608x800.png 608w, https:\/\/infoecos.com.ar\/wp-content\/uploads\/2023\/11\/image-8-768x1011.png 768w, https:\/\/infoecos.com.ar\/wp-content\/uploads\/2023\/11\/image-8-1024x1347.png 1024w\" sizes=\"(max-width: 363px) 100vw, 363px\" \/><\/figure>\n\n\n\n<p><strong>Tambi\u00e9n dej\u00f3 las siguientes definiciones:<\/strong><\/p>\n\n\n\n<p>&#8211; \u00abEl mejor remedio es fortalecer las exportaciones para recaudar m\u00e1s\u00bb<\/p>\n\n\n\n<p>&#8211; \u00abLos sectores productivos y del trabajo tienen que estar en el Gobierno\u00bb<\/p>\n\n\n\n<p>&#8211; \u00abHay que tener una mirada federal y productiva en las decisiones\u00bb<\/p>\n\n\n\n<p>&#8211; \u00abNo queremos anuncios para las 60 manzanas de Plaza de Mayo\u00bb.<\/p>\n\n\n\n<p><strong>Durante la conferencia de prensa, que se extendi\u00f3 por unos pocos minutos, Massa fue el \u00fanico orador<\/strong>. De ah\u00ed parti\u00f3 hacia el Club Estudiantes donde lo esperaba una multitud.<\/p>\n\n\n\n<p>Massa puso en marcha en La Pampa como \u201ckil\u00f3metro 0 el \u00faltimo tramo de la campa\u00f1a hacia el 19 de noviembre, hacia la definici\u00f3n del modelo de pa\u00eds que queremos\u201d.<\/p>\n\n\n\n<figure class=\"wp-block-image alignright size-full is-resized\"><img loading=\"lazy\" decoding=\"async\" src=\"https:\/\/infoecos.com.ar\/wp-content\/uploads\/2023\/11\/image-9.png\" alt=\"\" class=\"wp-image-114831\" width=\"360\" height=\"240\" srcset=\"https:\/\/infoecos.com.ar\/wp-content\/uploads\/2023\/11\/image-9.png 1599w, https:\/\/infoecos.com.ar\/wp-content\/uploads\/2023\/11\/image-9-800x533.png 800w, https:\/\/infoecos.com.ar\/wp-content\/uploads\/2023\/11\/image-9-768x512.png 768w, https:\/\/infoecos.com.ar\/wp-content\/uploads\/2023\/11\/image-9-1536x1020.png 1536w, https:\/\/infoecos.com.ar\/wp-content\/uploads\/2023\/11\/image-9-1024x683.png 1024w, https:\/\/infoecos.com.ar\/wp-content\/uploads\/2023\/11\/image-9-675x450.png 675w\" sizes=\"(max-width: 360px) 100vw, 360px\" \/><\/figure>\n\n\n\n<p>Desde horas tempranas militantes de todos los sectores -gremios, organizaciones sociales, representantes de unidades b\u00e1sicas y adherentes llegados de distintos puntos de la provincia- le dieron un marco impresionante al escenario, con los bombos atronando y con c\u00e1nticos y bailes de la multitud.<\/p>\n\n\n\n<p>Se pudo advertir toda la liturgia militante en un acto que, obviamente, iba a culminar con la entonaci\u00f3n de la marcha que identifica al peronismo.<\/p>\n","protected":false},"excerpt":{"rendered":"<p>Advirti\u00f3 que \u00abnos tenemos que poner el overol para los 4 pr\u00f3ximos a\u00f1os\u00bb<\/p>\n","protected":false},"author":2,"featured_media":114831,"comment_status":"closed","ping_status":"open","sticky":false,"template":"","format":"standard","meta":{"footnotes":""},"categories":[1613],"tags":[9533],"class_list":["post-114828","post","type-post","status-publish","format-standard","has-post-thumbnail","hentry","category-noticia-secundaria","tag-estuvo-como-ministro-y-candidato"],"yoast_head":"<!-- This site is optimized with the Yoast SEO plugin v23.4 - https:\/\/yoast.com\/wordpress\/plugins\/seo\/ -->\n<title>Sergio Massa arranc\u00f3 en La Pampa el \u00faltimo tramo de su campa\u00f1a electoral - Infoecos<\/title>\n<meta name=\"robots\" content=\"index, follow, max-snippet:-1, max-image-preview:large, max-video-preview:-1\" \/>\n<link rel=\"canonical\" href=\"https:\/\/infoecos.com.ar\/index.php\/sergio-massa-arranco-en-la-pampa-el-ultimo-tramo-de-su-campana-electoral\/\" \/>\n<meta property=\"og:locale\" content=\"es_ES\" \/>\n<meta property=\"og:type\" content=\"article\" \/>\n<meta property=\"og:title\" content=\"Sergio Massa arranc\u00f3 en La Pampa el \u00faltimo tramo de su campa\u00f1a electoral - Infoecos\" \/>\n<meta property=\"og:description\" content=\"Advirti\u00f3 que &quot;nos tenemos que poner el overol para los 4 pr\u00f3ximos a\u00f1os&quot;\" \/>\n<meta property=\"og:url\" content=\"https:\/\/infoecos.com.ar\/index.php\/sergio-massa-arranco-en-la-pampa-el-ultimo-tramo-de-su-campana-electoral\/\" \/>\n<meta property=\"og:site_name\" content=\"Infoecos\" \/>\n<meta property=\"article:publisher\" content=\"https:\/\/www.facebook.com\/profile.php?id=100063200290284\" \/>\n<meta property=\"article:published_time\" content=\"2023-11-02T04:16:09+00:00\" \/>\n<meta property=\"article:modified_time\" content=\"2023-11-02T04:16:10+00:00\" \/>\n<meta property=\"og:image\" content=\"https:\/\/infoecos.com.ar\/wp-content\/uploads\/2023\/11\/image-9.png\" \/>\n\t<meta property=\"og:image:width\" content=\"640\" \/>\n\t<meta property=\"og:image:height\" content=\"427\" \/>\n\t<meta property=\"og:image:type\" content=\"image\/png\" \/>\n<meta name=\"author\" content=\"Jorge Matheus\" \/>\n<meta name=\"twitter:card\" content=\"summary_large_image\" \/>\n<meta name=\"twitter:creator\" content=\"@infoecos\" \/>\n<meta name=\"twitter:site\" content=\"@infoecos\" \/>\n<meta name=\"twitter:label1\" content=\"Escrito por\" \/>\n\t<meta name=\"twitter:data1\" content=\"Jorge Matheus\" \/>\n\t<meta name=\"twitter:label2\" content=\"Tiempo de lectura\" \/>\n\t<meta name=\"twitter:data2\" content=\"2 minutos\" \/>\n<script type=\"application\/ld+json\" class=\"yoast-schema-graph\">{\"@context\":\"https:\/\/schema.org\",\"@graph\":[{\"@type\":\"Article\",\"@id\":\"https:\/\/infoecos.com.ar\/index.php\/sergio-massa-arranco-en-la-pampa-el-ultimo-tramo-de-su-campana-electoral\/#article\",\"isPartOf\":{\"@id\":\"https:\/\/infoecos.com.ar\/index.php\/sergio-massa-arranco-en-la-pampa-el-ultimo-tramo-de-su-campana-electoral\/\"},\"author\":{\"name\":\"Jorge Matheus\",\"@id\":\"https:\/\/infoecos.com.ar\/#\/schema\/person\/8f5ace5ce73b4b4aac4b7245aee6f191\"},\"headline\":\"Sergio Massa arranc\u00f3 en La Pampa el \u00faltimo tramo de su campa\u00f1a electoral\",\"datePublished\":\"2023-11-02T04:16:09+00:00\",\"dateModified\":\"2023-11-02T04:16:10+00:00\",\"mainEntityOfPage\":{\"@id\":\"https:\/\/infoecos.com.ar\/index.php\/sergio-massa-arranco-en-la-pampa-el-ultimo-tramo-de-su-campana-electoral\/\"},\"wordCount\":335,\"publisher\":{\"@id\":\"https:\/\/infoecos.com.ar\/#organization\"},\"image\":{\"@id\":\"https:\/\/infoecos.com.ar\/index.php\/sergio-massa-arranco-en-la-pampa-el-ultimo-tramo-de-su-campana-electoral\/#primaryimage\"},\"thumbnailUrl\":\"https:\/\/infoecos.com.ar\/wp-content\/uploads\/2023\/11\/image-9.png\",\"keywords\":[\"ESTUVO COMO MINISTRO Y CANDIDATO\"],\"articleSection\":[\"Noticia Secundaria\"],\"inLanguage\":\"es\"},{\"@type\":\"WebPage\",\"@id\":\"https:\/\/infoecos.com.ar\/index.php\/sergio-massa-arranco-en-la-pampa-el-ultimo-tramo-de-su-campana-electoral\/\",\"url\":\"https:\/\/infoecos.com.ar\/index.php\/sergio-massa-arranco-en-la-pampa-el-ultimo-tramo-de-su-campana-electoral\/\",\"name\":\"Sergio Massa arranc\u00f3 en La Pampa el \u00faltimo tramo de su campa\u00f1a electoral - Infoecos\",\"isPartOf\":{\"@id\":\"https:\/\/infoecos.com.ar\/#website\"},\"primaryImageOfPage\":{\"@id\":\"https:\/\/infoecos.com.ar\/index.php\/sergio-massa-arranco-en-la-pampa-el-ultimo-tramo-de-su-campana-electoral\/#primaryimage\"},\"image\":{\"@id\":\"https:\/\/infoecos.com.ar\/index.php\/sergio-massa-arranco-en-la-pampa-el-ultimo-tramo-de-su-campana-electoral\/#primaryimage\"},\"thumbnailUrl\":\"https:\/\/infoecos.com.ar\/wp-content\/uploads\/2023\/11\/image-9.png\",\"datePublished\":\"2023-11-02T04:16:09+00:00\",\"dateModified\":\"2023-11-02T04:16:10+00:00\",\"breadcrumb\":{\"@id\":\"https:\/\/infoecos.com.ar\/index.php\/sergio-massa-arranco-en-la-pampa-el-ultimo-tramo-de-su-campana-electoral\/#breadcrumb\"},\"inLanguage\":\"es\",\"potentialAction\":[{\"@type\":\"ReadAction\",\"target\":[\"https:\/\/infoecos.com.ar\/index.php\/sergio-massa-arranco-en-la-pampa-el-ultimo-tramo-de-su-campana-electoral\/\"]}]},{\"@type\":\"ImageObject\",\"inLanguage\":\"es\",\"@id\":\"https:\/\/infoecos.com.ar\/index.php\/sergio-massa-arranco-en-la-pampa-el-ultimo-tramo-de-su-campana-electoral\/#primaryimage\",\"url\":\"https:\/\/infoecos.com.ar\/wp-content\/uploads\/2023\/11\/image-9.png\",\"contentUrl\":\"https:\/\/infoecos.com.ar\/wp-content\/uploads\/2023\/11\/image-9.png\",\"width\":1599,\"height\":1066},{\"@type\":\"BreadcrumbList\",\"@id\":\"https:\/\/infoecos.com.ar\/index.php\/sergio-massa-arranco-en-la-pampa-el-ultimo-tramo-de-su-campana-electoral\/#breadcrumb\",\"itemListElement\":[{\"@type\":\"ListItem\",\"position\":1,\"name\":\"Portada\",\"item\":\"https:\/\/infoecos.com.ar\/\"},{\"@type\":\"ListItem\",\"position\":2,\"name\":\"Sergio Massa arranc\u00f3 en La Pampa el \u00faltimo tramo de su campa\u00f1a electoral\"}]},{\"@type\":\"WebSite\",\"@id\":\"https:\/\/infoecos.com.ar\/#website\",\"url\":\"https:\/\/infoecos.com.ar\/\",\"name\":\"Infoecos\",\"description\":\"Noticias de trenque lauquen y la zona\",\"publisher\":{\"@id\":\"https:\/\/infoecos.com.ar\/#organization\"},\"alternateName\":\"Noticias\",\"potentialAction\":[{\"@type\":\"SearchAction\",\"target\":{\"@type\":\"EntryPoint\",\"urlTemplate\":\"https:\/\/infoecos.com.ar\/?s={search_term_string}\"},\"query-input\":{\"@type\":\"PropertyValueSpecification\",\"valueRequired\":true,\"valueName\":\"search_term_string\"}}],\"inLanguage\":\"es\"},{\"@type\":\"Organization\",\"@id\":\"https:\/\/infoecos.com.ar\/#organization\",\"name\":\"Infoecos\",\"alternateName\":\"Noticias\",\"url\":\"https:\/\/infoecos.com.ar\/\",\"logo\":{\"@type\":\"ImageObject\",\"inLanguage\":\"es\",\"@id\":\"https:\/\/infoecos.com.ar\/#\/schema\/logo\/image\/\",\"url\":\"https:\/\/infoecos.com.ar\/wp-content\/uploads\/2024\/03\/cropped-logo.png\",\"contentUrl\":\"https:\/\/infoecos.com.ar\/wp-content\/uploads\/2024\/03\/cropped-logo.png\",\"width\":374,\"height\":90,\"caption\":\"Infoecos\"},\"image\":{\"@id\":\"https:\/\/infoecos.com.ar\/#\/schema\/logo\/image\/\"},\"sameAs\":[\"https:\/\/www.facebook.com\/profile.php?id=100063200290284\",\"https:\/\/x.com\/infoecos\"]},{\"@type\":\"Person\",\"@id\":\"https:\/\/infoecos.com.ar\/#\/schema\/person\/8f5ace5ce73b4b4aac4b7245aee6f191\",\"name\":\"Jorge Matheus\",\"url\":\"https:\/\/infoecos.com.ar\/index.php\/author\/jomatheus\/\"}]}<\/script>\n<!-- \/ Yoast SEO plugin. -->","yoast_head_json":{"title":"Sergio Massa arranc\u00f3 en La Pampa el \u00faltimo tramo de su campa\u00f1a electoral - Infoecos","robots":{"index":"index","follow":"follow","max-snippet":"max-snippet:-1","max-image-preview":"max-image-preview:large","max-video-preview":"max-video-preview:-1"},"canonical":"https:\/\/infoecos.com.ar\/index.php\/sergio-massa-arranco-en-la-pampa-el-ultimo-tramo-de-su-campana-electoral\/","og_locale":"es_ES","og_type":"article","og_title":"Sergio Massa arranc\u00f3 en La Pampa el \u00faltimo tramo de su campa\u00f1a electoral - Infoecos","og_description":"Advirti\u00f3 que \"nos tenemos que poner el overol para los 4 pr\u00f3ximos a\u00f1os\"","og_url":"https:\/\/infoecos.com.ar\/index.php\/sergio-massa-arranco-en-la-pampa-el-ultimo-tramo-de-su-campana-electoral\/","og_site_name":"Infoecos","article_publisher":"https:\/\/www.facebook.com\/profile.php?id=100063200290284","article_published_time":"2023-11-02T04:16:09+00:00","article_modified_time":"2023-11-02T04:16:10+00:00","og_image":[{"url":"https:\/\/infoecos.com.ar\/wp-content\/uploads\/2023\/11\/image-9.png","width":640,"height":427,"type":"image\/png"}],"author":"Jorge Matheus","twitter_card":"summary_large_image","twitter_creator":"@infoecos","twitter_site":"@infoecos","twitter_misc":{"Escrito por":"Jorge Matheus","Tiempo de lectura":"2 minutos"},"schema":{"@context":"https:\/\/schema.org","@graph":[{"@type":"Article","@id":"https:\/\/infoecos.com.ar\/index.php\/sergio-massa-arranco-en-la-pampa-el-ultimo-tramo-de-su-campana-electoral\/#article","isPartOf":{"@id":"https:\/\/infoecos.com.ar\/index.php\/sergio-massa-arranco-en-la-pampa-el-ultimo-tramo-de-su-campana-electoral\/"},"author":{"name":"Jorge Matheus","@id":"https:\/\/infoecos.com.ar\/#\/schema\/person\/8f5ace5ce73b4b4aac4b7245aee6f191"},"headline":"Sergio Massa arranc\u00f3 en La Pampa el \u00faltimo tramo de su campa\u00f1a electoral","datePublished":"2023-11-02T04:16:09+00:00","dateModified":"2023-11-02T04:16:10+00:00","mainEntityOfPage":{"@id":"https:\/\/infoecos.com.ar\/index.php\/sergio-massa-arranco-en-la-pampa-el-ultimo-tramo-de-su-campana-electoral\/"},"wordCount":335,"publisher":{"@id":"https:\/\/infoecos.com.ar\/#organization"},"image":{"@id":"https:\/\/infoecos.com.ar\/index.php\/sergio-massa-arranco-en-la-pampa-el-ultimo-tramo-de-su-campana-electoral\/#primaryimage"},"thumbnailUrl":"https:\/\/infoecos.com.ar\/wp-content\/uploads\/2023\/11\/image-9.png","keywords":["ESTUVO COMO MINISTRO Y CANDIDATO"],"articleSection":["Noticia Secundaria"],"inLanguage":"es"},{"@type":"WebPage","@id":"https:\/\/infoecos.com.ar\/index.php\/sergio-massa-arranco-en-la-pampa-el-ultimo-tramo-de-su-campana-electoral\/","url":"https:\/\/infoecos.com.ar\/index.php\/sergio-massa-arranco-en-la-pampa-el-ultimo-tramo-de-su-campana-electoral\/","name":"Sergio Massa arranc\u00f3 en La Pampa el \u00faltimo tramo de su campa\u00f1a electoral - Infoecos","isPartOf":{"@id":"https:\/\/infoecos.com.ar\/#website"},"primaryImageOfPage":{"@id":"https:\/\/infoecos.com.ar\/index.php\/sergio-massa-arranco-en-la-pampa-el-ultimo-tramo-de-su-campana-electoral\/#primaryimage"},"image":{"@id":"https:\/\/infoecos.com.ar\/index.php\/sergio-massa-arranco-en-la-pampa-el-ultimo-tramo-de-su-campana-electoral\/#primaryimage"},"thumbnailUrl":"https:\/\/infoecos.com.ar\/wp-content\/uploads\/2023\/11\/image-9.png","datePublished":"2023-11-02T04:16:09+00:00","dateModified":"2023-11-02T04:16:10+00:00","breadcrumb":{"@id":"https:\/\/infoecos.com.ar\/index.php\/sergio-massa-arranco-en-la-pampa-el-ultimo-tramo-de-su-campana-electoral\/#breadcrumb"},"inLanguage":"es","potentialAction":[{"@type":"ReadAction","target":["https:\/\/infoecos.com.ar\/index.php\/sergio-massa-arranco-en-la-pampa-el-ultimo-tramo-de-su-campana-electoral\/"]}]},{"@type":"ImageObject","inLanguage":"es","@id":"https:\/\/infoecos.com.ar\/index.php\/sergio-massa-arranco-en-la-pampa-el-ultimo-tramo-de-su-campana-electoral\/#primaryimage","url":"https:\/\/infoecos.com.ar\/wp-content\/uploads\/2023\/11\/image-9.png","contentUrl":"https:\/\/infoecos.com.ar\/wp-content\/uploads\/2023\/11\/image-9.png","width":1599,"height":1066},{"@type":"BreadcrumbList","@id":"https:\/\/infoecos.com.ar\/index.php\/sergio-massa-arranco-en-la-pampa-el-ultimo-tramo-de-su-campana-electoral\/#breadcrumb","itemListElement":[{"@type":"ListItem","position":1,"name":"Portada","item":"https:\/\/infoecos.com.ar\/"},{"@type":"ListItem","position":2,"name":"Sergio Massa arranc\u00f3 en La Pampa el \u00faltimo tramo de su campa\u00f1a electoral"}]},{"@type":"WebSite","@id":"https:\/\/infoecos.com.ar\/#website","url":"https:\/\/infoecos.com.ar\/","name":"Infoecos","description":"Noticias de trenque lauquen y la zona","publisher":{"@id":"https:\/\/infoecos.com.ar\/#organization"},"alternateName":"Noticias","potentialAction":[{"@type":"SearchAction","target":{"@type":"EntryPoint","urlTemplate":"https:\/\/infoecos.com.ar\/?s={search_term_string}"},"query-input":{"@type":"PropertyValueSpecification","valueRequired":true,"valueName":"search_term_string"}}],"inLanguage":"es"},{"@type":"Organization","@id":"https:\/\/infoecos.com.ar\/#organization","name":"Infoecos","alternateName":"Noticias","url":"https:\/\/infoecos.com.ar\/","logo":{"@type":"ImageObject","inLanguage":"es","@id":"https:\/\/infoecos.com.ar\/#\/schema\/logo\/image\/","url":"https:\/\/infoecos.com.ar\/wp-content\/uploads\/2024\/03\/cropped-logo.png","contentUrl":"https:\/\/infoecos.com.ar\/wp-content\/uploads\/2024\/03\/cropped-logo.png","width":374,"height":90,"caption":"Infoecos"},"image":{"@id":"https:\/\/infoecos.com.ar\/#\/schema\/logo\/image\/"},"sameAs":["https:\/\/www.facebook.com\/profile.php?id=100063200290284","https:\/\/x.com\/infoecos"]},{"@type":"Person","@id":"https:\/\/infoecos.com.ar\/#\/schema\/person\/8f5ace5ce73b4b4aac4b7245aee6f191","name":"Jorge Matheus","url":"https:\/\/infoecos.com.ar\/index.php\/author\/jomatheus\/"}]}},"featured_image_urls":{"full":["https:\/\/infoecos.com.ar\/wp-content\/uploads\/2023\/11\/image-9.png",1599,1066,false],"thumbnail":["https:\/\/infoecos.com.ar\/wp-content\/uploads\/2023\/11\/image-9-300x150.png",300,150,true],"medium":["https:\/\/infoecos.com.ar\/wp-content\/uploads\/2023\/11\/image-9-800x533.png",800,533,true],"medium_large":["https:\/\/infoecos.com.ar\/wp-content\/uploads\/2023\/11\/image-9-768x512.png",640,427,true],"large":["https:\/\/infoecos.com.ar\/wp-content\/uploads\/2023\/11\/image-9.png",640,427,false],"1536x1536":["https:\/\/infoecos.com.ar\/wp-content\/uploads\/2023\/11\/image-9-1536x1024.png",1536,1024,true],"2048x2048":["https:\/\/infoecos.com.ar\/wp-content\/uploads\/2023\/11\/image-9.png",1599,1066,false],"covernews-slider-full":["https:\/\/infoecos.com.ar\/wp-content\/uploads\/2023\/11\/image-9-1536x1020.png",1077,715,true],"covernews-slider-center":["https:\/\/infoecos.com.ar\/wp-content\/uploads\/2023\/11\/image-9-936x897.png",522,500,true],"covernews-featured":["https:\/\/infoecos.com.ar\/wp-content\/uploads\/2023\/11\/image-9-1024x683.png",1024,683,true],"covernews-medium":["https:\/\/infoecos.com.ar\/wp-content\/uploads\/2023\/11\/image-9-720x380.png",540,285,true],"covernews-medium-square":["https:\/\/infoecos.com.ar\/wp-content\/uploads\/2023\/11\/image-9-675x450.png",375,250,true]},"author_info":{"info":["Jorge Matheus"]},"category_info":"<a href=\"https:\/\/infoecos.com.ar\/index.php\/category\/noticia-secundaria\/\" rel=\"category tag\">Noticia Secundaria<\/a>","tag_info":"Noticia Secundaria","comment_count":"0","_links":{"self":[{"href":"https:\/\/infoecos.com.ar\/index.php\/wp-json\/wp\/v2\/posts\/114828"}],"collection":[{"href":"https:\/\/infoecos.com.ar\/index.php\/wp-json\/wp\/v2\/posts"}],"about":[{"href":"https:\/\/infoecos.com.ar\/index.php\/wp-json\/wp\/v2\/types\/post"}],"author":[{"embeddable":true,"href":"https:\/\/infoecos.com.ar\/index.php\/wp-json\/wp\/v2\/users\/2"}],"replies":[{"embeddable":true,"href":"https:\/\/infoecos.com.ar\/index.php\/wp-json\/wp\/v2\/comments?post=114828"}],"version-history":[{"count":1,"href":"https:\/\/infoecos.com.ar\/index.php\/wp-json\/wp\/v2\/posts\/114828\/revisions"}],"predecessor-version":[{"id":114832,"href":"https:\/\/infoecos.com.ar\/index.php\/wp-json\/wp\/v2\/posts\/114828\/revisions\/114832"}],"wp:featuredmedia":[{"embeddable":true,"href":"https:\/\/infoecos.com.ar\/index.php\/wp-json\/wp\/v2\/media\/114831"}],"wp:attachment":[{"href":"https:\/\/infoecos.com.ar\/index.php\/wp-json\/wp\/v2\/media?parent=114828"}],"wp:term":[{"taxonomy":"category","embeddable":true,"href":"https:\/\/infoecos.com.ar\/index.php\/wp-json\/wp\/v2\/categories?post=114828"},{"taxonomy":"post_tag","embeddable":true,"href":"https:\/\/infoecos.com.ar\/index.php\/wp-json\/wp\/v2\/tags?post=114828"}],"curies":[{"name":"wp","href":"https:\/\/api.w.org\/{rel}","templated":true}]}}