{"id":114887,"date":"2023-11-07T20:04:39","date_gmt":"2023-11-07T23:04:39","guid":{"rendered":"https:\/\/infoecos.com.ar\/?p=114887"},"modified":"2023-11-07T20:21:54","modified_gmt":"2023-11-07T23:21:54","slug":"paritaria-docente-en-provincia-de-buenos-aires-paso-a-cuarto-intermedio-con-rechazo-fudb","status":"publish","type":"post","link":"https:\/\/infoecos.com.ar\/index.php\/paritaria-docente-en-provincia-de-buenos-aires-paso-a-cuarto-intermedio-con-rechazo-fudb\/","title":{"rendered":"Paritaria docente provincia de Buenos Aires: pas\u00f3 a cuarto intermedio con rechazo de la FUDB a la oferta estatal"},"content":{"rendered":"\n<p>El encuentro entre los gremios docentes y el Gobierno de la Provincia de Buenos Aires por paritarias concluy\u00f3 y&nbsp;<strong>pas\u00f3 a cuarto intermedio a la espera de una nueva convocatoria<\/strong>.&nbsp;<\/p>\n\n\n\n<figure class=\"wp-block-image alignright size-full is-resized\"><img loading=\"lazy\" decoding=\"async\" src=\"https:\/\/infoecos.com.ar\/wp-content\/uploads\/2023\/11\/image-25.png\" alt=\"\" class=\"wp-image-114888\" width=\"390\" height=\"227\" srcset=\"https:\/\/infoecos.com.ar\/wp-content\/uploads\/2023\/11\/image-25.png 800w, https:\/\/infoecos.com.ar\/wp-content\/uploads\/2023\/11\/image-25-768x446.png 768w\" sizes=\"(max-width: 390px) 100vw, 390px\" \/><figcaption class=\"wp-element-caption\">Salcedo (UDOCBA) &#8211; Foto: codigobaires.com.ar<\/figcaption><\/figure>\n\n\n\n<p>El Frente de Unidad Docente Bonaerense (FUDB) rechaz\u00f3 la propuesta de incremento salarial del Gobierno de la Provincia, calific\u00e1ndola como \u201cinsuficiente\u201d. Seg\u00fan el FUDB, su \u201cleg\u00edtimo reclamo es un incremento que garantice el poder adquisitivo de todos los docentes bonaerenses\u201d. En ese sentido, tambi\u00e9n exigieron \u201cque se mantenga en vigencia la cl\u00e1usula de monitoreo, revisi\u00f3n y actualizaci\u00f3n, para garantizar que las y los educadores no pierdan salarialmente contra la inflaci\u00f3n\u201d. &nbsp;<\/p>\n\n\n\n<p>Hace algunos d\u00edas,&nbsp;Alejandro Salcedo de UDOCBA, expres\u00f3 que \u201cel salario docente en la Provincia fue acompa\u00f1ando la inflaci\u00f3n, pero pretendemos que se acorten los plazos, que se apliquen mecanismos que generen mejoras\u201d.&nbsp;<\/p>\n\n\n\n<p>Y agreg\u00f3: \u201cLa inflaci\u00f3n est\u00e1 en el 102% y nosotros estamos un poco arriba, el pr\u00f3ximo se podr\u00eda calcular respecto del mes anterior para mejorar un poco m\u00e1s el poder adquisitivo\u201d.<\/p>\n\n\n\n<p><strong>Fuente: codigobaires.com.ar<\/strong><\/p>\n","protected":false},"excerpt":{"rendered":"<p>El Frente de Unidad Docente Bonaerense (FUDB) rechaz\u00f3 la propuesta de incremento salarial del Gobierno de la Provincia, calific\u00e1ndola como \u201cinsuficiente\u201d<\/p>\n","protected":false},"author":2,"featured_media":114888,"comment_status":"closed","ping_status":"open","sticky":false,"template":"","format":"standard","meta":{"footnotes":""},"categories":[1323],"tags":[1852],"class_list":["post-114887","post","type-post","status-publish","format-standard","has-post-thumbnail","hentry","category-c2nota5","tag-educacion-3"],"yoast_head":"<!-- This site is optimized with the Yoast SEO plugin v23.4 - https:\/\/yoast.com\/wordpress\/plugins\/seo\/ -->\n<title>Paritaria docente provincia de Buenos Aires: pas\u00f3 a cuarto intermedio con rechazo de la FUDB a la oferta estatal - Infoecos<\/title>\n<meta name=\"robots\" content=\"index, follow, max-snippet:-1, max-image-preview:large, max-video-preview:-1\" \/>\n<link rel=\"canonical\" href=\"https:\/\/infoecos.com.ar\/index.php\/paritaria-docente-en-provincia-de-buenos-aires-paso-a-cuarto-intermedio-con-rechazo-fudb\/\" \/>\n<meta property=\"og:locale\" content=\"es_ES\" \/>\n<meta property=\"og:type\" content=\"article\" \/>\n<meta property=\"og:title\" content=\"Paritaria docente provincia de Buenos Aires: pas\u00f3 a cuarto intermedio con rechazo de la FUDB a la oferta estatal - Infoecos\" \/>\n<meta property=\"og:description\" content=\"El Frente de Unidad Docente Bonaerense (FUDB) rechaz\u00f3 la propuesta de incremento salarial del Gobierno de la Provincia, calific\u00e1ndola como \u201cinsuficiente\u201d\" \/>\n<meta property=\"og:url\" content=\"https:\/\/infoecos.com.ar\/index.php\/paritaria-docente-en-provincia-de-buenos-aires-paso-a-cuarto-intermedio-con-rechazo-fudb\/\" \/>\n<meta property=\"og:site_name\" content=\"Infoecos\" \/>\n<meta property=\"article:publisher\" content=\"https:\/\/www.facebook.com\/profile.php?id=100063200290284\" \/>\n<meta property=\"article:published_time\" content=\"2023-11-07T23:04:39+00:00\" \/>\n<meta property=\"article:modified_time\" content=\"2023-11-07T23:21:54+00:00\" \/>\n<meta property=\"og:image\" content=\"https:\/\/infoecos.com.ar\/wp-content\/uploads\/2023\/11\/image-25.png\" \/>\n\t<meta property=\"og:image:width\" content=\"800\" \/>\n\t<meta property=\"og:image:height\" content=\"465\" \/>\n\t<meta property=\"og:image:type\" content=\"image\/png\" \/>\n<meta name=\"author\" content=\"Jorge Matheus\" \/>\n<meta name=\"twitter:card\" content=\"summary_large_image\" \/>\n<meta name=\"twitter:creator\" content=\"@infoecos\" \/>\n<meta name=\"twitter:site\" content=\"@infoecos\" \/>\n<meta name=\"twitter:label1\" content=\"Escrito por\" \/>\n\t<meta name=\"twitter:data1\" content=\"Jorge Matheus\" \/>\n\t<meta name=\"twitter:label2\" content=\"Tiempo de lectura\" \/>\n\t<meta name=\"twitter:data2\" content=\"1 minuto\" \/>\n<script type=\"application\/ld+json\" class=\"yoast-schema-graph\">{\"@context\":\"https:\/\/schema.org\",\"@graph\":[{\"@type\":\"Article\",\"@id\":\"https:\/\/infoecos.com.ar\/index.php\/paritaria-docente-en-provincia-de-buenos-aires-paso-a-cuarto-intermedio-con-rechazo-fudb\/#article\",\"isPartOf\":{\"@id\":\"https:\/\/infoecos.com.ar\/index.php\/paritaria-docente-en-provincia-de-buenos-aires-paso-a-cuarto-intermedio-con-rechazo-fudb\/\"},\"author\":{\"name\":\"Jorge Matheus\",\"@id\":\"https:\/\/infoecos.com.ar\/#\/schema\/person\/8f5ace5ce73b4b4aac4b7245aee6f191\"},\"headline\":\"Paritaria docente provincia de Buenos Aires: pas\u00f3 a cuarto intermedio con rechazo de la FUDB a la oferta estatal\",\"datePublished\":\"2023-11-07T23:04:39+00:00\",\"dateModified\":\"2023-11-07T23:21:54+00:00\",\"mainEntityOfPage\":{\"@id\":\"https:\/\/infoecos.com.ar\/index.php\/paritaria-docente-en-provincia-de-buenos-aires-paso-a-cuarto-intermedio-con-rechazo-fudb\/\"},\"wordCount\":213,\"publisher\":{\"@id\":\"https:\/\/infoecos.com.ar\/#organization\"},\"image\":{\"@id\":\"https:\/\/infoecos.com.ar\/index.php\/paritaria-docente-en-provincia-de-buenos-aires-paso-a-cuarto-intermedio-con-rechazo-fudb\/#primaryimage\"},\"thumbnailUrl\":\"https:\/\/infoecos.com.ar\/wp-content\/uploads\/2023\/11\/image-25.png\",\"keywords\":[\"educaci\u00f3n\"],\"articleSection\":[\"C2 N5\"],\"inLanguage\":\"es\"},{\"@type\":\"WebPage\",\"@id\":\"https:\/\/infoecos.com.ar\/index.php\/paritaria-docente-en-provincia-de-buenos-aires-paso-a-cuarto-intermedio-con-rechazo-fudb\/\",\"url\":\"https:\/\/infoecos.com.ar\/index.php\/paritaria-docente-en-provincia-de-buenos-aires-paso-a-cuarto-intermedio-con-rechazo-fudb\/\",\"name\":\"Paritaria docente provincia de Buenos Aires: pas\u00f3 a cuarto intermedio con rechazo de la FUDB a la oferta estatal - Infoecos\",\"isPartOf\":{\"@id\":\"https:\/\/infoecos.com.ar\/#website\"},\"primaryImageOfPage\":{\"@id\":\"https:\/\/infoecos.com.ar\/index.php\/paritaria-docente-en-provincia-de-buenos-aires-paso-a-cuarto-intermedio-con-rechazo-fudb\/#primaryimage\"},\"image\":{\"@id\":\"https:\/\/infoecos.com.ar\/index.php\/paritaria-docente-en-provincia-de-buenos-aires-paso-a-cuarto-intermedio-con-rechazo-fudb\/#primaryimage\"},\"thumbnailUrl\":\"https:\/\/infoecos.com.ar\/wp-content\/uploads\/2023\/11\/image-25.png\",\"datePublished\":\"2023-11-07T23:04:39+00:00\",\"dateModified\":\"2023-11-07T23:21:54+00:00\",\"breadcrumb\":{\"@id\":\"https:\/\/infoecos.com.ar\/index.php\/paritaria-docente-en-provincia-de-buenos-aires-paso-a-cuarto-intermedio-con-rechazo-fudb\/#breadcrumb\"},\"inLanguage\":\"es\",\"potentialAction\":[{\"@type\":\"ReadAction\",\"target\":[\"https:\/\/infoecos.com.ar\/index.php\/paritaria-docente-en-provincia-de-buenos-aires-paso-a-cuarto-intermedio-con-rechazo-fudb\/\"]}]},{\"@type\":\"ImageObject\",\"inLanguage\":\"es\",\"@id\":\"https:\/\/infoecos.com.ar\/index.php\/paritaria-docente-en-provincia-de-buenos-aires-paso-a-cuarto-intermedio-con-rechazo-fudb\/#primaryimage\",\"url\":\"https:\/\/infoecos.com.ar\/wp-content\/uploads\/2023\/11\/image-25.png\",\"contentUrl\":\"https:\/\/infoecos.com.ar\/wp-content\/uploads\/2023\/11\/image-25.png\",\"width\":800,\"height\":465},{\"@type\":\"BreadcrumbList\",\"@id\":\"https:\/\/infoecos.com.ar\/index.php\/paritaria-docente-en-provincia-de-buenos-aires-paso-a-cuarto-intermedio-con-rechazo-fudb\/#breadcrumb\",\"itemListElement\":[{\"@type\":\"ListItem\",\"position\":1,\"name\":\"Portada\",\"item\":\"https:\/\/infoecos.com.ar\/\"},{\"@type\":\"ListItem\",\"position\":2,\"name\":\"Paritaria docente provincia de Buenos Aires: pas\u00f3 a cuarto intermedio con rechazo de la FUDB a la oferta estatal\"}]},{\"@type\":\"WebSite\",\"@id\":\"https:\/\/infoecos.com.ar\/#website\",\"url\":\"https:\/\/infoecos.com.ar\/\",\"name\":\"Infoecos\",\"description\":\"Noticias de trenque lauquen y la zona\",\"publisher\":{\"@id\":\"https:\/\/infoecos.com.ar\/#organization\"},\"alternateName\":\"Noticias\",\"potentialAction\":[{\"@type\":\"SearchAction\",\"target\":{\"@type\":\"EntryPoint\",\"urlTemplate\":\"https:\/\/infoecos.com.ar\/?s={search_term_string}\"},\"query-input\":{\"@type\":\"PropertyValueSpecification\",\"valueRequired\":true,\"valueName\":\"search_term_string\"}}],\"inLanguage\":\"es\"},{\"@type\":\"Organization\",\"@id\":\"https:\/\/infoecos.com.ar\/#organization\",\"name\":\"Infoecos\",\"alternateName\":\"Noticias\",\"url\":\"https:\/\/infoecos.com.ar\/\",\"logo\":{\"@type\":\"ImageObject\",\"inLanguage\":\"es\",\"@id\":\"https:\/\/infoecos.com.ar\/#\/schema\/logo\/image\/\",\"url\":\"https:\/\/infoecos.com.ar\/wp-content\/uploads\/2024\/03\/cropped-logo.png\",\"contentUrl\":\"https:\/\/infoecos.com.ar\/wp-content\/uploads\/2024\/03\/cropped-logo.png\",\"width\":374,\"height\":90,\"caption\":\"Infoecos\"},\"image\":{\"@id\":\"https:\/\/infoecos.com.ar\/#\/schema\/logo\/image\/\"},\"sameAs\":[\"https:\/\/www.facebook.com\/profile.php?id=100063200290284\",\"https:\/\/x.com\/infoecos\"]},{\"@type\":\"Person\",\"@id\":\"https:\/\/infoecos.com.ar\/#\/schema\/person\/8f5ace5ce73b4b4aac4b7245aee6f191\",\"name\":\"Jorge Matheus\",\"url\":\"https:\/\/infoecos.com.ar\/index.php\/author\/jomatheus\/\"}]}<\/script>\n<!-- \/ Yoast SEO plugin. -->","yoast_head_json":{"title":"Paritaria docente provincia de Buenos Aires: pas\u00f3 a cuarto intermedio con rechazo de la FUDB a la oferta estatal - Infoecos","robots":{"index":"index","follow":"follow","max-snippet":"max-snippet:-1","max-image-preview":"max-image-preview:large","max-video-preview":"max-video-preview:-1"},"canonical":"https:\/\/infoecos.com.ar\/index.php\/paritaria-docente-en-provincia-de-buenos-aires-paso-a-cuarto-intermedio-con-rechazo-fudb\/","og_locale":"es_ES","og_type":"article","og_title":"Paritaria docente provincia de Buenos Aires: pas\u00f3 a cuarto intermedio con rechazo de la FUDB a la oferta estatal - Infoecos","og_description":"El Frente de Unidad Docente Bonaerense (FUDB) rechaz\u00f3 la propuesta de incremento salarial del Gobierno de la Provincia, calific\u00e1ndola como \u201cinsuficiente\u201d","og_url":"https:\/\/infoecos.com.ar\/index.php\/paritaria-docente-en-provincia-de-buenos-aires-paso-a-cuarto-intermedio-con-rechazo-fudb\/","og_site_name":"Infoecos","article_publisher":"https:\/\/www.facebook.com\/profile.php?id=100063200290284","article_published_time":"2023-11-07T23:04:39+00:00","article_modified_time":"2023-11-07T23:21:54+00:00","og_image":[{"width":800,"height":465,"url":"https:\/\/infoecos.com.ar\/wp-content\/uploads\/2023\/11\/image-25.png","type":"image\/png"}],"author":"Jorge Matheus","twitter_card":"summary_large_image","twitter_creator":"@infoecos","twitter_site":"@infoecos","twitter_misc":{"Escrito por":"Jorge Matheus","Tiempo de lectura":"1 minuto"},"schema":{"@context":"https:\/\/schema.org","@graph":[{"@type":"Article","@id":"https:\/\/infoecos.com.ar\/index.php\/paritaria-docente-en-provincia-de-buenos-aires-paso-a-cuarto-intermedio-con-rechazo-fudb\/#article","isPartOf":{"@id":"https:\/\/infoecos.com.ar\/index.php\/paritaria-docente-en-provincia-de-buenos-aires-paso-a-cuarto-intermedio-con-rechazo-fudb\/"},"author":{"name":"Jorge Matheus","@id":"https:\/\/infoecos.com.ar\/#\/schema\/person\/8f5ace5ce73b4b4aac4b7245aee6f191"},"headline":"Paritaria docente provincia de Buenos Aires: pas\u00f3 a cuarto intermedio con rechazo de la FUDB a la oferta estatal","datePublished":"2023-11-07T23:04:39+00:00","dateModified":"2023-11-07T23:21:54+00:00","mainEntityOfPage":{"@id":"https:\/\/infoecos.com.ar\/index.php\/paritaria-docente-en-provincia-de-buenos-aires-paso-a-cuarto-intermedio-con-rechazo-fudb\/"},"wordCount":213,"publisher":{"@id":"https:\/\/infoecos.com.ar\/#organization"},"image":{"@id":"https:\/\/infoecos.com.ar\/index.php\/paritaria-docente-en-provincia-de-buenos-aires-paso-a-cuarto-intermedio-con-rechazo-fudb\/#primaryimage"},"thumbnailUrl":"https:\/\/infoecos.com.ar\/wp-content\/uploads\/2023\/11\/image-25.png","keywords":["educaci\u00f3n"],"articleSection":["C2 N5"],"inLanguage":"es"},{"@type":"WebPage","@id":"https:\/\/infoecos.com.ar\/index.php\/paritaria-docente-en-provincia-de-buenos-aires-paso-a-cuarto-intermedio-con-rechazo-fudb\/","url":"https:\/\/infoecos.com.ar\/index.php\/paritaria-docente-en-provincia-de-buenos-aires-paso-a-cuarto-intermedio-con-rechazo-fudb\/","name":"Paritaria docente provincia de Buenos Aires: pas\u00f3 a cuarto intermedio con rechazo de la FUDB a la oferta estatal - Infoecos","isPartOf":{"@id":"https:\/\/infoecos.com.ar\/#website"},"primaryImageOfPage":{"@id":"https:\/\/infoecos.com.ar\/index.php\/paritaria-docente-en-provincia-de-buenos-aires-paso-a-cuarto-intermedio-con-rechazo-fudb\/#primaryimage"},"image":{"@id":"https:\/\/infoecos.com.ar\/index.php\/paritaria-docente-en-provincia-de-buenos-aires-paso-a-cuarto-intermedio-con-rechazo-fudb\/#primaryimage"},"thumbnailUrl":"https:\/\/infoecos.com.ar\/wp-content\/uploads\/2023\/11\/image-25.png","datePublished":"2023-11-07T23:04:39+00:00","dateModified":"2023-11-07T23:21:54+00:00","breadcrumb":{"@id":"https:\/\/infoecos.com.ar\/index.php\/paritaria-docente-en-provincia-de-buenos-aires-paso-a-cuarto-intermedio-con-rechazo-fudb\/#breadcrumb"},"inLanguage":"es","potentialAction":[{"@type":"ReadAction","target":["https:\/\/infoecos.com.ar\/index.php\/paritaria-docente-en-provincia-de-buenos-aires-paso-a-cuarto-intermedio-con-rechazo-fudb\/"]}]},{"@type":"ImageObject","inLanguage":"es","@id":"https:\/\/infoecos.com.ar\/index.php\/paritaria-docente-en-provincia-de-buenos-aires-paso-a-cuarto-intermedio-con-rechazo-fudb\/#primaryimage","url":"https:\/\/infoecos.com.ar\/wp-content\/uploads\/2023\/11\/image-25.png","contentUrl":"https:\/\/infoecos.com.ar\/wp-content\/uploads\/2023\/11\/image-25.png","width":800,"height":465},{"@type":"BreadcrumbList","@id":"https:\/\/infoecos.com.ar\/index.php\/paritaria-docente-en-provincia-de-buenos-aires-paso-a-cuarto-intermedio-con-rechazo-fudb\/#breadcrumb","itemListElement":[{"@type":"ListItem","position":1,"name":"Portada","item":"https:\/\/infoecos.com.ar\/"},{"@type":"ListItem","position":2,"name":"Paritaria docente provincia de Buenos Aires: pas\u00f3 a cuarto intermedio con rechazo de la FUDB a la oferta estatal"}]},{"@type":"WebSite","@id":"https:\/\/infoecos.com.ar\/#website","url":"https:\/\/infoecos.com.ar\/","name":"Infoecos","description":"Noticias de trenque lauquen y la zona","publisher":{"@id":"https:\/\/infoecos.com.ar\/#organization"},"alternateName":"Noticias","potentialAction":[{"@type":"SearchAction","target":{"@type":"EntryPoint","urlTemplate":"https:\/\/infoecos.com.ar\/?s={search_term_string}"},"query-input":{"@type":"PropertyValueSpecification","valueRequired":true,"valueName":"search_term_string"}}],"inLanguage":"es"},{"@type":"Organization","@id":"https:\/\/infoecos.com.ar\/#organization","name":"Infoecos","alternateName":"Noticias","url":"https:\/\/infoecos.com.ar\/","logo":{"@type":"ImageObject","inLanguage":"es","@id":"https:\/\/infoecos.com.ar\/#\/schema\/logo\/image\/","url":"https:\/\/infoecos.com.ar\/wp-content\/uploads\/2024\/03\/cropped-logo.png","contentUrl":"https:\/\/infoecos.com.ar\/wp-content\/uploads\/2024\/03\/cropped-logo.png","width":374,"height":90,"caption":"Infoecos"},"image":{"@id":"https:\/\/infoecos.com.ar\/#\/schema\/logo\/image\/"},"sameAs":["https:\/\/www.facebook.com\/profile.php?id=100063200290284","https:\/\/x.com\/infoecos"]},{"@type":"Person","@id":"https:\/\/infoecos.com.ar\/#\/schema\/person\/8f5ace5ce73b4b4aac4b7245aee6f191","name":"Jorge Matheus","url":"https:\/\/infoecos.com.ar\/index.php\/author\/jomatheus\/"}]}},"featured_image_urls":{"full":["https:\/\/infoecos.com.ar\/wp-content\/uploads\/2023\/11\/image-25.png",800,465,false],"thumbnail":["https:\/\/infoecos.com.ar\/wp-content\/uploads\/2023\/11\/image-25-300x150.png",300,150,true],"medium":["https:\/\/infoecos.com.ar\/wp-content\/uploads\/2023\/11\/image-25.png",800,465,false],"medium_large":["https:\/\/infoecos.com.ar\/wp-content\/uploads\/2023\/11\/image-25-768x446.png",640,372,true],"large":["https:\/\/infoecos.com.ar\/wp-content\/uploads\/2023\/11\/image-25.png",640,372,false],"1536x1536":["https:\/\/infoecos.com.ar\/wp-content\/uploads\/2023\/11\/image-25.png",800,465,false],"2048x2048":["https:\/\/infoecos.com.ar\/wp-content\/uploads\/2023\/11\/image-25.png",800,465,false],"covernews-slider-full":["https:\/\/infoecos.com.ar\/wp-content\/uploads\/2023\/11\/image-25.png",800,465,false],"covernews-slider-center":["https:\/\/infoecos.com.ar\/wp-content\/uploads\/2023\/11\/image-25.png",800,465,false],"covernews-featured":["https:\/\/infoecos.com.ar\/wp-content\/uploads\/2023\/11\/image-25.png",800,465,false],"covernews-medium":["https:\/\/infoecos.com.ar\/wp-content\/uploads\/2023\/11\/image-25-720x380.png",540,285,true],"covernews-medium-square":["https:\/\/infoecos.com.ar\/wp-content\/uploads\/2023\/11\/image-25-675x450.png",375,250,true]},"author_info":{"info":["Jorge Matheus"]},"category_info":"<a href=\"https:\/\/infoecos.com.ar\/index.php\/category\/c2nota5\/\" rel=\"category tag\">C2 N5<\/a>","tag_info":"C2 N5","comment_count":"0","_links":{"self":[{"href":"https:\/\/infoecos.com.ar\/index.php\/wp-json\/wp\/v2\/posts\/114887"}],"collection":[{"href":"https:\/\/infoecos.com.ar\/index.php\/wp-json\/wp\/v2\/posts"}],"about":[{"href":"https:\/\/infoecos.com.ar\/index.php\/wp-json\/wp\/v2\/types\/post"}],"author":[{"embeddable":true,"href":"https:\/\/infoecos.com.ar\/index.php\/wp-json\/wp\/v2\/users\/2"}],"replies":[{"embeddable":true,"href":"https:\/\/infoecos.com.ar\/index.php\/wp-json\/wp\/v2\/comments?post=114887"}],"version-history":[{"count":4,"href":"https:\/\/infoecos.com.ar\/index.php\/wp-json\/wp\/v2\/posts\/114887\/revisions"}],"predecessor-version":[{"id":114900,"href":"https:\/\/infoecos.com.ar\/index.php\/wp-json\/wp\/v2\/posts\/114887\/revisions\/114900"}],"wp:featuredmedia":[{"embeddable":true,"href":"https:\/\/infoecos.com.ar\/index.php\/wp-json\/wp\/v2\/media\/114888"}],"wp:attachment":[{"href":"https:\/\/infoecos.com.ar\/index.php\/wp-json\/wp\/v2\/media?parent=114887"}],"wp:term":[{"taxonomy":"category","embeddable":true,"href":"https:\/\/infoecos.com.ar\/index.php\/wp-json\/wp\/v2\/categories?post=114887"},{"taxonomy":"post_tag","embeddable":true,"href":"https:\/\/infoecos.com.ar\/index.php\/wp-json\/wp\/v2\/tags?post=114887"}],"curies":[{"name":"wp","href":"https:\/\/api.w.org\/{rel}","templated":true}]}}