{"id":114978,"date":"2023-11-09T18:27:49","date_gmt":"2023-11-09T21:27:49","guid":{"rendered":"https:\/\/infoecos.com.ar\/?p=114978"},"modified":"2023-11-09T18:27:50","modified_gmt":"2023-11-09T21:27:50","slug":"las-importaciones-estan-en-su-segundo-mayor-registro-en-cinco-anos-informo-de-mendiguren","status":"publish","type":"post","link":"https:\/\/infoecos.com.ar\/index.php\/las-importaciones-estan-en-su-segundo-mayor-registro-en-cinco-anos-informo-de-mendiguren\/","title":{"rendered":"\u00abLas importaciones est\u00e1n en su segundo mayor registro en cinco a\u00f1os\u00bb, inform\u00f3 De Mendiguren"},"content":{"rendered":"\n<figure class=\"wp-block-embed alignright is-type-rich is-provider-twitter wp-block-embed-twitter\"><div class=\"wp-block-embed__wrapper\">\n<blockquote class=\"twitter-tweet\" data-width=\"550\" data-dnt=\"true\"><p lang=\"es\" dir=\"ltr\">Estamos superando la peor sequ\u00eda en d\u00e9cadas. Nos quit\u00f3 un cuarto de nuestras exportaciones. Con todo, las importaciones est\u00e1n en su segundo mayor registro en 5 a\u00f1os. \u00bfPor qu\u00e9? Por la decisi\u00f3n de Sergio Massa de sostener contra viento y marea el nivel de actividad. <a href=\"https:\/\/t.co\/ksQUP7FTVc\">pic.twitter.com\/ksQUP7FTVc<\/a><\/p>&mdash; Vasco de Mendiguren (@dmvasco) <a href=\"https:\/\/twitter.com\/dmvasco\/status\/1722576248931578149?ref_src=twsrc%5Etfw\">November 9, 2023<\/a><\/blockquote><script async src=\"https:\/\/platform.twitter.com\/widgets.js\" charset=\"utf-8\"><\/script>\n<\/div><\/figure>\n\n\n\n<p>Las importaciones acumuladas en los primeros diez meses de 2023 alcanzaron un nivel de&nbsp;<strong>US$64.000 millones y representan el segundo registro m\u00e1s alto de los \u00faltimos cinco a\u00f1os<\/strong>&nbsp;para el mismo per\u00edodo, de acuerdo con datos preliminares del Gobierno.<\/p>\n\n\n\n<p>La informaci\u00f3n fue destacada por el secretario de Industria,\u00a0<strong>Jos\u00e9 Ignacio de Mendiguren<\/strong>, y por el vicepresidente del Banco Argentino de Desarrollo (BICE),\u00a0<strong>Ra\u00fal S\u00e1nchez<\/strong>.<\/p>\n\n\n\n<p>El monto s\u00f3lo fue superado por los US$ 70.738 millones informados por el Instituto Nacional de Estad\u00edstica y Censos (Indec) para enero-octubre de 2022 y es mayor a todos los registros de los a\u00f1os previos para per\u00edodos similares: US$51.201 millones en 2021, US$34.385 millones en 2020 (por el impacto de la pandemia de coronavirus en el comercio internacional), US$42.583 millones en 2019 y US$57.203 millones en 2018.<\/p>\n\n\n\n<p>Los datos definitivos del intercambio comercial de octubre ser\u00e1n difundidos por el Indec el viernes 17 de noviembre.<\/p>\n\n\n\n<p>La informaci\u00f3n fue puesta de relieve por De Mendiguren, quien valor\u00f3 \u00abla decisi\u00f3n de (el ministro de Econom\u00eda y candidato presidencial de Uni\u00f3n por la Patria) Sergio Massa\u00bb de no recortar el nivel de importaciones para\u00a0<strong>\u00absostener contra viento y marea el nivel de actividad\u00bb.<\/strong><\/p>\n\n\n\n<p><strong>\u00abEstamos superando la peor sequ\u00eda en d\u00e9cadas. Nos quit\u00f3 un cuarto de nuestras exportaciones. Con todo, las importaciones est\u00e1n en su segundo mayor registro en cinco a\u00f1os\u00bb<\/strong>, subray\u00f3 De Mendiguren en un posteo de X (antes Twitter).<\/p>\n\n\n\n<figure class=\"wp-block-image alignright size-full is-resized\"><img loading=\"lazy\" decoding=\"async\" src=\"https:\/\/infoecos.com.ar\/wp-content\/uploads\/2023\/11\/image-40.png\" alt=\"\" class=\"wp-image-114979\" width=\"360\" height=\"202\" srcset=\"https:\/\/infoecos.com.ar\/wp-content\/uploads\/2023\/11\/image-40.png 1200w, https:\/\/infoecos.com.ar\/wp-content\/uploads\/2023\/11\/image-40-800x450.png 800w, https:\/\/infoecos.com.ar\/wp-content\/uploads\/2023\/11\/image-40-768x432.png 768w, https:\/\/infoecos.com.ar\/wp-content\/uploads\/2023\/11\/image-40-1024x576.png 1024w\" sizes=\"(max-width: 360px) 100vw, 360px\" \/><\/figure>\n\n\n\n<p>Para el funcionario, eso se debi\u00f3 a \u00abla decisi\u00f3n de Sergio Massa de sostener contra viento y marea el nivel de actividad\u00bb, evitando la falta de insumos industriales provenientes del exterior.<\/p>\n\n\n\n<p>En el mismo sentido se expres\u00f3 S\u00e1nchez, quien puso de relieve&nbsp;<strong>\u00abel segundo mejor registro en cinco a\u00f1os para las importaciones, con sequ\u00eda, con restricciones externas producto de la guerra europea y con divisas que deben destinarse al pago del escandaloso pr\u00e9stamo del FMI de (el expresidente) Mauricio Macri\u00bb.<\/strong><\/p>\n\n\n\n<p>\u00abTodo para sostener el crecimiento econ\u00f3mico\u00bb, complet\u00f3 S\u00e1nchez en la misma red social.<\/p>\n\n\n\n<p>La estrategia de no restringir el volumen de importaciones a pesar de la ca\u00edda de las ventas al exterior ya hab\u00eda sido defendida el martes \u00faltimo por Massa en una entrevista concedida a la radio Cadena 3 de C\u00f3rdoba, en la que remarc\u00f3 que, a ra\u00edz de la sequ\u00eda, \u00abla Argentina dej\u00f3 de exportar, pero mantuvo en gran parte su complejo importador con dificultades, precisamente para que no se pare la econom\u00eda\u00bb.<\/p>\n\n\n\n<p><strong>\u00abSi, por ejemplo, hubi\u00e9semos parado las importaciones de Brasil, todos los trabajadores del complejo automotor hoy estar\u00edan suspendidos, y para nosotros el tema que el trabajo est\u00e9 garantizado es fundamental\u00bb<\/strong>, plante\u00f3 el ministro.<\/p>\n\n\n\n<p><\/p>\n","protected":false},"excerpt":{"rendered":"<p>Los datos definitivos del intercambio comercial de octubre ser\u00e1n difundidos por el Indec el viernes 17 de noviembre<\/p>\n","protected":false},"author":2,"featured_media":114979,"comment_status":"closed","ping_status":"open","sticky":false,"template":"","format":"standard","meta":{"footnotes":""},"categories":[1323],"tags":[9559],"class_list":["post-114978","post","type-post","status-publish","format-standard","has-post-thumbnail","hentry","category-c2nota5","tag-64-mil-millones-de-dolares"],"yoast_head":"<!-- This site is optimized with the Yoast SEO plugin v23.4 - https:\/\/yoast.com\/wordpress\/plugins\/seo\/ -->\n<title>&quot;Las importaciones est\u00e1n en su segundo mayor registro en cinco a\u00f1os&quot;, inform\u00f3 De Mendiguren - Infoecos<\/title>\n<meta name=\"robots\" content=\"index, follow, max-snippet:-1, max-image-preview:large, max-video-preview:-1\" \/>\n<link rel=\"canonical\" href=\"https:\/\/infoecos.com.ar\/index.php\/las-importaciones-estan-en-su-segundo-mayor-registro-en-cinco-anos-informo-de-mendiguren\/\" \/>\n<meta property=\"og:locale\" content=\"es_ES\" \/>\n<meta property=\"og:type\" content=\"article\" \/>\n<meta property=\"og:title\" content=\"&quot;Las importaciones est\u00e1n en su segundo mayor registro en cinco a\u00f1os&quot;, inform\u00f3 De Mendiguren - Infoecos\" \/>\n<meta property=\"og:description\" content=\"Los datos definitivos del intercambio comercial de octubre ser\u00e1n difundidos por el Indec el viernes 17 de noviembre\" \/>\n<meta property=\"og:url\" content=\"https:\/\/infoecos.com.ar\/index.php\/las-importaciones-estan-en-su-segundo-mayor-registro-en-cinco-anos-informo-de-mendiguren\/\" \/>\n<meta property=\"og:site_name\" content=\"Infoecos\" \/>\n<meta property=\"article:publisher\" content=\"https:\/\/www.facebook.com\/profile.php?id=100063200290284\" \/>\n<meta property=\"article:published_time\" content=\"2023-11-09T21:27:49+00:00\" \/>\n<meta property=\"article:modified_time\" content=\"2023-11-09T21:27:50+00:00\" \/>\n<meta property=\"og:image\" content=\"https:\/\/infoecos.com.ar\/wp-content\/uploads\/2023\/11\/image-40.png\" \/>\n\t<meta property=\"og:image:width\" content=\"1200\" \/>\n\t<meta property=\"og:image:height\" content=\"675\" \/>\n\t<meta property=\"og:image:type\" content=\"image\/png\" \/>\n<meta name=\"author\" content=\"Jorge Matheus\" \/>\n<meta name=\"twitter:card\" content=\"summary_large_image\" \/>\n<meta name=\"twitter:creator\" content=\"@infoecos\" \/>\n<meta name=\"twitter:site\" content=\"@infoecos\" \/>\n<meta name=\"twitter:label1\" content=\"Escrito por\" \/>\n\t<meta name=\"twitter:data1\" content=\"Jorge Matheus\" \/>\n\t<meta name=\"twitter:label2\" content=\"Tiempo de lectura\" \/>\n\t<meta name=\"twitter:data2\" content=\"3 minutos\" \/>\n<script type=\"application\/ld+json\" class=\"yoast-schema-graph\">{\"@context\":\"https:\/\/schema.org\",\"@graph\":[{\"@type\":\"Article\",\"@id\":\"https:\/\/infoecos.com.ar\/index.php\/las-importaciones-estan-en-su-segundo-mayor-registro-en-cinco-anos-informo-de-mendiguren\/#article\",\"isPartOf\":{\"@id\":\"https:\/\/infoecos.com.ar\/index.php\/las-importaciones-estan-en-su-segundo-mayor-registro-en-cinco-anos-informo-de-mendiguren\/\"},\"author\":{\"name\":\"Jorge Matheus\",\"@id\":\"https:\/\/infoecos.com.ar\/#\/schema\/person\/8f5ace5ce73b4b4aac4b7245aee6f191\"},\"headline\":\"\u00abLas importaciones est\u00e1n en su segundo mayor registro en cinco a\u00f1os\u00bb, inform\u00f3 De Mendiguren\",\"datePublished\":\"2023-11-09T21:27:49+00:00\",\"dateModified\":\"2023-11-09T21:27:50+00:00\",\"mainEntityOfPage\":{\"@id\":\"https:\/\/infoecos.com.ar\/index.php\/las-importaciones-estan-en-su-segundo-mayor-registro-en-cinco-anos-informo-de-mendiguren\/\"},\"wordCount\":478,\"publisher\":{\"@id\":\"https:\/\/infoecos.com.ar\/#organization\"},\"image\":{\"@id\":\"https:\/\/infoecos.com.ar\/index.php\/las-importaciones-estan-en-su-segundo-mayor-registro-en-cinco-anos-informo-de-mendiguren\/#primaryimage\"},\"thumbnailUrl\":\"https:\/\/infoecos.com.ar\/wp-content\/uploads\/2023\/11\/image-40.png\",\"keywords\":[\"64 mil millones de d\u00f3lares\"],\"articleSection\":[\"C2 N5\"],\"inLanguage\":\"es\"},{\"@type\":\"WebPage\",\"@id\":\"https:\/\/infoecos.com.ar\/index.php\/las-importaciones-estan-en-su-segundo-mayor-registro-en-cinco-anos-informo-de-mendiguren\/\",\"url\":\"https:\/\/infoecos.com.ar\/index.php\/las-importaciones-estan-en-su-segundo-mayor-registro-en-cinco-anos-informo-de-mendiguren\/\",\"name\":\"\\\"Las importaciones est\u00e1n en su segundo mayor registro en cinco a\u00f1os\\\", inform\u00f3 De Mendiguren - Infoecos\",\"isPartOf\":{\"@id\":\"https:\/\/infoecos.com.ar\/#website\"},\"primaryImageOfPage\":{\"@id\":\"https:\/\/infoecos.com.ar\/index.php\/las-importaciones-estan-en-su-segundo-mayor-registro-en-cinco-anos-informo-de-mendiguren\/#primaryimage\"},\"image\":{\"@id\":\"https:\/\/infoecos.com.ar\/index.php\/las-importaciones-estan-en-su-segundo-mayor-registro-en-cinco-anos-informo-de-mendiguren\/#primaryimage\"},\"thumbnailUrl\":\"https:\/\/infoecos.com.ar\/wp-content\/uploads\/2023\/11\/image-40.png\",\"datePublished\":\"2023-11-09T21:27:49+00:00\",\"dateModified\":\"2023-11-09T21:27:50+00:00\",\"breadcrumb\":{\"@id\":\"https:\/\/infoecos.com.ar\/index.php\/las-importaciones-estan-en-su-segundo-mayor-registro-en-cinco-anos-informo-de-mendiguren\/#breadcrumb\"},\"inLanguage\":\"es\",\"potentialAction\":[{\"@type\":\"ReadAction\",\"target\":[\"https:\/\/infoecos.com.ar\/index.php\/las-importaciones-estan-en-su-segundo-mayor-registro-en-cinco-anos-informo-de-mendiguren\/\"]}]},{\"@type\":\"ImageObject\",\"inLanguage\":\"es\",\"@id\":\"https:\/\/infoecos.com.ar\/index.php\/las-importaciones-estan-en-su-segundo-mayor-registro-en-cinco-anos-informo-de-mendiguren\/#primaryimage\",\"url\":\"https:\/\/infoecos.com.ar\/wp-content\/uploads\/2023\/11\/image-40.png\",\"contentUrl\":\"https:\/\/infoecos.com.ar\/wp-content\/uploads\/2023\/11\/image-40.png\",\"width\":1200,\"height\":675},{\"@type\":\"BreadcrumbList\",\"@id\":\"https:\/\/infoecos.com.ar\/index.php\/las-importaciones-estan-en-su-segundo-mayor-registro-en-cinco-anos-informo-de-mendiguren\/#breadcrumb\",\"itemListElement\":[{\"@type\":\"ListItem\",\"position\":1,\"name\":\"Portada\",\"item\":\"https:\/\/infoecos.com.ar\/\"},{\"@type\":\"ListItem\",\"position\":2,\"name\":\"\u00abLas importaciones est\u00e1n en su segundo mayor registro en cinco a\u00f1os\u00bb, inform\u00f3 De Mendiguren\"}]},{\"@type\":\"WebSite\",\"@id\":\"https:\/\/infoecos.com.ar\/#website\",\"url\":\"https:\/\/infoecos.com.ar\/\",\"name\":\"Infoecos\",\"description\":\"Noticias de trenque lauquen y la zona\",\"publisher\":{\"@id\":\"https:\/\/infoecos.com.ar\/#organization\"},\"alternateName\":\"Noticias\",\"potentialAction\":[{\"@type\":\"SearchAction\",\"target\":{\"@type\":\"EntryPoint\",\"urlTemplate\":\"https:\/\/infoecos.com.ar\/?s={search_term_string}\"},\"query-input\":{\"@type\":\"PropertyValueSpecification\",\"valueRequired\":true,\"valueName\":\"search_term_string\"}}],\"inLanguage\":\"es\"},{\"@type\":\"Organization\",\"@id\":\"https:\/\/infoecos.com.ar\/#organization\",\"name\":\"Infoecos\",\"alternateName\":\"Noticias\",\"url\":\"https:\/\/infoecos.com.ar\/\",\"logo\":{\"@type\":\"ImageObject\",\"inLanguage\":\"es\",\"@id\":\"https:\/\/infoecos.com.ar\/#\/schema\/logo\/image\/\",\"url\":\"https:\/\/infoecos.com.ar\/wp-content\/uploads\/2024\/03\/cropped-logo.png\",\"contentUrl\":\"https:\/\/infoecos.com.ar\/wp-content\/uploads\/2024\/03\/cropped-logo.png\",\"width\":374,\"height\":90,\"caption\":\"Infoecos\"},\"image\":{\"@id\":\"https:\/\/infoecos.com.ar\/#\/schema\/logo\/image\/\"},\"sameAs\":[\"https:\/\/www.facebook.com\/profile.php?id=100063200290284\",\"https:\/\/x.com\/infoecos\"]},{\"@type\":\"Person\",\"@id\":\"https:\/\/infoecos.com.ar\/#\/schema\/person\/8f5ace5ce73b4b4aac4b7245aee6f191\",\"name\":\"Jorge Matheus\",\"url\":\"https:\/\/infoecos.com.ar\/index.php\/author\/jomatheus\/\"}]}<\/script>\n<!-- \/ Yoast SEO plugin. -->","yoast_head_json":{"title":"\"Las importaciones est\u00e1n en su segundo mayor registro en cinco a\u00f1os\", inform\u00f3 De Mendiguren - Infoecos","robots":{"index":"index","follow":"follow","max-snippet":"max-snippet:-1","max-image-preview":"max-image-preview:large","max-video-preview":"max-video-preview:-1"},"canonical":"https:\/\/infoecos.com.ar\/index.php\/las-importaciones-estan-en-su-segundo-mayor-registro-en-cinco-anos-informo-de-mendiguren\/","og_locale":"es_ES","og_type":"article","og_title":"\"Las importaciones est\u00e1n en su segundo mayor registro en cinco a\u00f1os\", inform\u00f3 De Mendiguren - Infoecos","og_description":"Los datos definitivos del intercambio comercial de octubre ser\u00e1n difundidos por el Indec el viernes 17 de noviembre","og_url":"https:\/\/infoecos.com.ar\/index.php\/las-importaciones-estan-en-su-segundo-mayor-registro-en-cinco-anos-informo-de-mendiguren\/","og_site_name":"Infoecos","article_publisher":"https:\/\/www.facebook.com\/profile.php?id=100063200290284","article_published_time":"2023-11-09T21:27:49+00:00","article_modified_time":"2023-11-09T21:27:50+00:00","og_image":[{"width":1200,"height":675,"url":"https:\/\/infoecos.com.ar\/wp-content\/uploads\/2023\/11\/image-40.png","type":"image\/png"}],"author":"Jorge Matheus","twitter_card":"summary_large_image","twitter_creator":"@infoecos","twitter_site":"@infoecos","twitter_misc":{"Escrito por":"Jorge Matheus","Tiempo de lectura":"3 minutos"},"schema":{"@context":"https:\/\/schema.org","@graph":[{"@type":"Article","@id":"https:\/\/infoecos.com.ar\/index.php\/las-importaciones-estan-en-su-segundo-mayor-registro-en-cinco-anos-informo-de-mendiguren\/#article","isPartOf":{"@id":"https:\/\/infoecos.com.ar\/index.php\/las-importaciones-estan-en-su-segundo-mayor-registro-en-cinco-anos-informo-de-mendiguren\/"},"author":{"name":"Jorge Matheus","@id":"https:\/\/infoecos.com.ar\/#\/schema\/person\/8f5ace5ce73b4b4aac4b7245aee6f191"},"headline":"\u00abLas importaciones est\u00e1n en su segundo mayor registro en cinco a\u00f1os\u00bb, inform\u00f3 De Mendiguren","datePublished":"2023-11-09T21:27:49+00:00","dateModified":"2023-11-09T21:27:50+00:00","mainEntityOfPage":{"@id":"https:\/\/infoecos.com.ar\/index.php\/las-importaciones-estan-en-su-segundo-mayor-registro-en-cinco-anos-informo-de-mendiguren\/"},"wordCount":478,"publisher":{"@id":"https:\/\/infoecos.com.ar\/#organization"},"image":{"@id":"https:\/\/infoecos.com.ar\/index.php\/las-importaciones-estan-en-su-segundo-mayor-registro-en-cinco-anos-informo-de-mendiguren\/#primaryimage"},"thumbnailUrl":"https:\/\/infoecos.com.ar\/wp-content\/uploads\/2023\/11\/image-40.png","keywords":["64 mil millones de d\u00f3lares"],"articleSection":["C2 N5"],"inLanguage":"es"},{"@type":"WebPage","@id":"https:\/\/infoecos.com.ar\/index.php\/las-importaciones-estan-en-su-segundo-mayor-registro-en-cinco-anos-informo-de-mendiguren\/","url":"https:\/\/infoecos.com.ar\/index.php\/las-importaciones-estan-en-su-segundo-mayor-registro-en-cinco-anos-informo-de-mendiguren\/","name":"\"Las importaciones est\u00e1n en su segundo mayor registro en cinco a\u00f1os\", inform\u00f3 De Mendiguren - Infoecos","isPartOf":{"@id":"https:\/\/infoecos.com.ar\/#website"},"primaryImageOfPage":{"@id":"https:\/\/infoecos.com.ar\/index.php\/las-importaciones-estan-en-su-segundo-mayor-registro-en-cinco-anos-informo-de-mendiguren\/#primaryimage"},"image":{"@id":"https:\/\/infoecos.com.ar\/index.php\/las-importaciones-estan-en-su-segundo-mayor-registro-en-cinco-anos-informo-de-mendiguren\/#primaryimage"},"thumbnailUrl":"https:\/\/infoecos.com.ar\/wp-content\/uploads\/2023\/11\/image-40.png","datePublished":"2023-11-09T21:27:49+00:00","dateModified":"2023-11-09T21:27:50+00:00","breadcrumb":{"@id":"https:\/\/infoecos.com.ar\/index.php\/las-importaciones-estan-en-su-segundo-mayor-registro-en-cinco-anos-informo-de-mendiguren\/#breadcrumb"},"inLanguage":"es","potentialAction":[{"@type":"ReadAction","target":["https:\/\/infoecos.com.ar\/index.php\/las-importaciones-estan-en-su-segundo-mayor-registro-en-cinco-anos-informo-de-mendiguren\/"]}]},{"@type":"ImageObject","inLanguage":"es","@id":"https:\/\/infoecos.com.ar\/index.php\/las-importaciones-estan-en-su-segundo-mayor-registro-en-cinco-anos-informo-de-mendiguren\/#primaryimage","url":"https:\/\/infoecos.com.ar\/wp-content\/uploads\/2023\/11\/image-40.png","contentUrl":"https:\/\/infoecos.com.ar\/wp-content\/uploads\/2023\/11\/image-40.png","width":1200,"height":675},{"@type":"BreadcrumbList","@id":"https:\/\/infoecos.com.ar\/index.php\/las-importaciones-estan-en-su-segundo-mayor-registro-en-cinco-anos-informo-de-mendiguren\/#breadcrumb","itemListElement":[{"@type":"ListItem","position":1,"name":"Portada","item":"https:\/\/infoecos.com.ar\/"},{"@type":"ListItem","position":2,"name":"\u00abLas importaciones est\u00e1n en su segundo mayor registro en cinco a\u00f1os\u00bb, inform\u00f3 De Mendiguren"}]},{"@type":"WebSite","@id":"https:\/\/infoecos.com.ar\/#website","url":"https:\/\/infoecos.com.ar\/","name":"Infoecos","description":"Noticias de trenque lauquen y la zona","publisher":{"@id":"https:\/\/infoecos.com.ar\/#organization"},"alternateName":"Noticias","potentialAction":[{"@type":"SearchAction","target":{"@type":"EntryPoint","urlTemplate":"https:\/\/infoecos.com.ar\/?s={search_term_string}"},"query-input":{"@type":"PropertyValueSpecification","valueRequired":true,"valueName":"search_term_string"}}],"inLanguage":"es"},{"@type":"Organization","@id":"https:\/\/infoecos.com.ar\/#organization","name":"Infoecos","alternateName":"Noticias","url":"https:\/\/infoecos.com.ar\/","logo":{"@type":"ImageObject","inLanguage":"es","@id":"https:\/\/infoecos.com.ar\/#\/schema\/logo\/image\/","url":"https:\/\/infoecos.com.ar\/wp-content\/uploads\/2024\/03\/cropped-logo.png","contentUrl":"https:\/\/infoecos.com.ar\/wp-content\/uploads\/2024\/03\/cropped-logo.png","width":374,"height":90,"caption":"Infoecos"},"image":{"@id":"https:\/\/infoecos.com.ar\/#\/schema\/logo\/image\/"},"sameAs":["https:\/\/www.facebook.com\/profile.php?id=100063200290284","https:\/\/x.com\/infoecos"]},{"@type":"Person","@id":"https:\/\/infoecos.com.ar\/#\/schema\/person\/8f5ace5ce73b4b4aac4b7245aee6f191","name":"Jorge Matheus","url":"https:\/\/infoecos.com.ar\/index.php\/author\/jomatheus\/"}]}},"featured_image_urls":{"full":["https:\/\/infoecos.com.ar\/wp-content\/uploads\/2023\/11\/image-40.png",1200,675,false],"thumbnail":["https:\/\/infoecos.com.ar\/wp-content\/uploads\/2023\/11\/image-40-300x150.png",300,150,true],"medium":["https:\/\/infoecos.com.ar\/wp-content\/uploads\/2023\/11\/image-40-800x450.png",800,450,true],"medium_large":["https:\/\/infoecos.com.ar\/wp-content\/uploads\/2023\/11\/image-40-768x432.png",640,360,true],"large":["https:\/\/infoecos.com.ar\/wp-content\/uploads\/2023\/11\/image-40.png",640,360,false],"1536x1536":["https:\/\/infoecos.com.ar\/wp-content\/uploads\/2023\/11\/image-40.png",1200,675,false],"2048x2048":["https:\/\/infoecos.com.ar\/wp-content\/uploads\/2023\/11\/image-40.png",1200,675,false],"covernews-slider-full":["https:\/\/infoecos.com.ar\/wp-content\/uploads\/2023\/11\/image-40.png",1115,627,false],"covernews-slider-center":["https:\/\/infoecos.com.ar\/wp-content\/uploads\/2023\/11\/image-40-936x675.png",693,500,true],"covernews-featured":["https:\/\/infoecos.com.ar\/wp-content\/uploads\/2023\/11\/image-40-1024x576.png",1024,576,true],"covernews-medium":["https:\/\/infoecos.com.ar\/wp-content\/uploads\/2023\/11\/image-40-720x380.png",540,285,true],"covernews-medium-square":["https:\/\/infoecos.com.ar\/wp-content\/uploads\/2023\/11\/image-40-675x450.png",375,250,true]},"author_info":{"info":["Jorge Matheus"]},"category_info":"<a href=\"https:\/\/infoecos.com.ar\/index.php\/category\/c2nota5\/\" rel=\"category tag\">C2 N5<\/a>","tag_info":"C2 N5","comment_count":"0","_links":{"self":[{"href":"https:\/\/infoecos.com.ar\/index.php\/wp-json\/wp\/v2\/posts\/114978"}],"collection":[{"href":"https:\/\/infoecos.com.ar\/index.php\/wp-json\/wp\/v2\/posts"}],"about":[{"href":"https:\/\/infoecos.com.ar\/index.php\/wp-json\/wp\/v2\/types\/post"}],"author":[{"embeddable":true,"href":"https:\/\/infoecos.com.ar\/index.php\/wp-json\/wp\/v2\/users\/2"}],"replies":[{"embeddable":true,"href":"https:\/\/infoecos.com.ar\/index.php\/wp-json\/wp\/v2\/comments?post=114978"}],"version-history":[{"count":1,"href":"https:\/\/infoecos.com.ar\/index.php\/wp-json\/wp\/v2\/posts\/114978\/revisions"}],"predecessor-version":[{"id":114980,"href":"https:\/\/infoecos.com.ar\/index.php\/wp-json\/wp\/v2\/posts\/114978\/revisions\/114980"}],"wp:featuredmedia":[{"embeddable":true,"href":"https:\/\/infoecos.com.ar\/index.php\/wp-json\/wp\/v2\/media\/114979"}],"wp:attachment":[{"href":"https:\/\/infoecos.com.ar\/index.php\/wp-json\/wp\/v2\/media?parent=114978"}],"wp:term":[{"taxonomy":"category","embeddable":true,"href":"https:\/\/infoecos.com.ar\/index.php\/wp-json\/wp\/v2\/categories?post=114978"},{"taxonomy":"post_tag","embeddable":true,"href":"https:\/\/infoecos.com.ar\/index.php\/wp-json\/wp\/v2\/tags?post=114978"}],"curies":[{"name":"wp","href":"https:\/\/api.w.org\/{rel}","templated":true}]}}