{"id":115020,"date":"2023-11-10T00:49:44","date_gmt":"2023-11-10T03:49:44","guid":{"rendered":"https:\/\/infoecos.com.ar\/?p=115020"},"modified":"2023-11-10T00:49:45","modified_gmt":"2023-11-10T03:49:45","slug":"dos-intendentes-vecinalistas-de-la-6ta-seccion-electoral-apoyan-la-candidatura-de-sergio-massa","status":"publish","type":"post","link":"https:\/\/infoecos.com.ar\/index.php\/dos-intendentes-vecinalistas-de-la-6ta-seccion-electoral-apoyan-la-candidatura-de-sergio-massa\/","title":{"rendered":"Dos intendentes vecinalistas de la 6ta Secci\u00f3n Electoral apoyan la candidatura de Sergio Massa"},"content":{"rendered":"\n<p>Dos jefes comunales de la Sexta Secci\u00f3n Electoral, pertenecientes al vecinalismo, anunciaron que en el ballottage del pr\u00f3ximo 19 de noviembre apoyar\u00e1n al candidato de Uni\u00f3n por la Patria, Sergio Massa, por sobre el representante de La Libertad Avanza, Javier Milei.<\/p>\n\n\n\n<figure class=\"wp-block-image aligncenter size-full is-resized\"><img loading=\"lazy\" decoding=\"async\" src=\"https:\/\/infoecos.com.ar\/wp-content\/uploads\/2023\/11\/image-42.png\" alt=\"\" class=\"wp-image-115021\" width=\"455\" height=\"257\" srcset=\"https:\/\/infoecos.com.ar\/wp-content\/uploads\/2023\/11\/image-42.png 1121w, https:\/\/infoecos.com.ar\/wp-content\/uploads\/2023\/11\/image-42-800x452.png 800w, https:\/\/infoecos.com.ar\/wp-content\/uploads\/2023\/11\/image-42-768x434.png 768w, https:\/\/infoecos.com.ar\/wp-content\/uploads\/2023\/11\/image-42-1024x578.png 1024w\" sizes=\"(max-width: 455px) 100vw, 455px\" \/><figcaption class=\"wp-element-caption\">Foto: La Nueva<\/figcaption><\/figure>\n\n\n\n<p>Mat\u00edas Nebot, de Todos por Saavedra, se\u00f1al\u00f3 en las \u00faltimas horas su determinaci\u00f3n, en consonancia con la que ya hab\u00eda se\u00f1alado Carlos Bevilacqua, de Villarino.<\/p>\n\n\n\n<p>\u201cEntiendo que los valores que encarna el vecinalismo, como la igualdad, la contenci\u00f3n social, el trabajo territorial y el respeto a la democracia, son valores que hoy encarna la persona de Sergio Massa\u201d, manifest\u00f3.<\/p>\n\n\n\n<p>Bevilacqua hab\u00eda se\u00f1alado tambi\u00e9n su apoyo a Massa, recordando que&nbsp;con el l\u00edder del Frente Renovador lo une \u201cun aprecio mutuo\u201d.<\/p>\n\n\n\n<p>\u201cSoy vecinalista y en las \u00faltimas elecciones presidenciales fuimos con boleta corta, pero entre Massa y Milei no tengo la menor duda: Sergio es el mejor candidato y tiene todo mi respaldo\u201d, subray\u00f3.<\/p>\n\n\n\n<p>Al respecto, se\u00f1al\u00f3 que \u00abcomo vecinalista comparto el mensaje de Sergio en cuando a la convocatoria a un gobierno de unidad nacional, amplio, que convoque a todos los sectores\u00bb.<\/p>\n\n\n\n<p><\/p>\n\n\n\n<p><\/p>\n\n\n\n<p><\/p>\n","protected":false},"excerpt":{"rendered":"<p>Mat\u00edas Nebot, de Todos por Saavedra y Carlos Bevilacqua, de Villarino<\/p>\n","protected":false},"author":2,"featured_media":115021,"comment_status":"closed","ping_status":"open","sticky":false,"template":"","format":"standard","meta":{"footnotes":""},"categories":[50],"tags":[9565],"class_list":["post-115020","post","type-post","status-publish","format-standard","has-post-thumbnail","hentry","category-c1nota4","tag-balotaje-presidencial"],"yoast_head":"<!-- This site is optimized with the Yoast SEO plugin v23.4 - https:\/\/yoast.com\/wordpress\/plugins\/seo\/ -->\n<title>Dos intendentes vecinalistas de la 6ta Secci\u00f3n Electoral apoyan la candidatura de Sergio Massa - Infoecos<\/title>\n<meta name=\"robots\" content=\"index, follow, max-snippet:-1, max-image-preview:large, max-video-preview:-1\" \/>\n<link rel=\"canonical\" href=\"https:\/\/infoecos.com.ar\/index.php\/dos-intendentes-vecinalistas-de-la-6ta-seccion-electoral-apoyan-la-candidatura-de-sergio-massa\/\" \/>\n<meta property=\"og:locale\" content=\"es_ES\" \/>\n<meta property=\"og:type\" content=\"article\" \/>\n<meta property=\"og:title\" content=\"Dos intendentes vecinalistas de la 6ta Secci\u00f3n Electoral apoyan la candidatura de Sergio Massa - Infoecos\" \/>\n<meta property=\"og:description\" content=\"Mat\u00edas Nebot, de Todos por Saavedra y Carlos Bevilacqua, de Villarino\" \/>\n<meta property=\"og:url\" content=\"https:\/\/infoecos.com.ar\/index.php\/dos-intendentes-vecinalistas-de-la-6ta-seccion-electoral-apoyan-la-candidatura-de-sergio-massa\/\" \/>\n<meta property=\"og:site_name\" content=\"Infoecos\" \/>\n<meta property=\"article:publisher\" content=\"https:\/\/www.facebook.com\/profile.php?id=100063200290284\" \/>\n<meta property=\"article:published_time\" content=\"2023-11-10T03:49:44+00:00\" \/>\n<meta property=\"article:modified_time\" content=\"2023-11-10T03:49:45+00:00\" \/>\n<meta property=\"og:image\" content=\"https:\/\/infoecos.com.ar\/wp-content\/uploads\/2023\/11\/image-42.png\" \/>\n\t<meta property=\"og:image:width\" content=\"1121\" \/>\n\t<meta property=\"og:image:height\" content=\"633\" \/>\n\t<meta property=\"og:image:type\" content=\"image\/png\" \/>\n<meta name=\"author\" content=\"Jorge Matheus\" \/>\n<meta name=\"twitter:card\" content=\"summary_large_image\" \/>\n<meta name=\"twitter:creator\" content=\"@infoecos\" \/>\n<meta name=\"twitter:site\" content=\"@infoecos\" \/>\n<meta name=\"twitter:label1\" content=\"Escrito por\" \/>\n\t<meta name=\"twitter:data1\" content=\"Jorge Matheus\" \/>\n\t<meta name=\"twitter:label2\" content=\"Tiempo de lectura\" \/>\n\t<meta name=\"twitter:data2\" content=\"2 minutos\" \/>\n<script type=\"application\/ld+json\" class=\"yoast-schema-graph\">{\"@context\":\"https:\/\/schema.org\",\"@graph\":[{\"@type\":\"Article\",\"@id\":\"https:\/\/infoecos.com.ar\/index.php\/dos-intendentes-vecinalistas-de-la-6ta-seccion-electoral-apoyan-la-candidatura-de-sergio-massa\/#article\",\"isPartOf\":{\"@id\":\"https:\/\/infoecos.com.ar\/index.php\/dos-intendentes-vecinalistas-de-la-6ta-seccion-electoral-apoyan-la-candidatura-de-sergio-massa\/\"},\"author\":{\"name\":\"Jorge Matheus\",\"@id\":\"https:\/\/infoecos.com.ar\/#\/schema\/person\/8f5ace5ce73b4b4aac4b7245aee6f191\"},\"headline\":\"Dos intendentes vecinalistas de la 6ta Secci\u00f3n Electoral apoyan la candidatura de Sergio Massa\",\"datePublished\":\"2023-11-10T03:49:44+00:00\",\"dateModified\":\"2023-11-10T03:49:45+00:00\",\"mainEntityOfPage\":{\"@id\":\"https:\/\/infoecos.com.ar\/index.php\/dos-intendentes-vecinalistas-de-la-6ta-seccion-electoral-apoyan-la-candidatura-de-sergio-massa\/\"},\"wordCount\":216,\"publisher\":{\"@id\":\"https:\/\/infoecos.com.ar\/#organization\"},\"image\":{\"@id\":\"https:\/\/infoecos.com.ar\/index.php\/dos-intendentes-vecinalistas-de-la-6ta-seccion-electoral-apoyan-la-candidatura-de-sergio-massa\/#primaryimage\"},\"thumbnailUrl\":\"https:\/\/infoecos.com.ar\/wp-content\/uploads\/2023\/11\/image-42.png\",\"keywords\":[\"balotaje presidencial\"],\"articleSection\":[\"C1 N4\"],\"inLanguage\":\"es\"},{\"@type\":\"WebPage\",\"@id\":\"https:\/\/infoecos.com.ar\/index.php\/dos-intendentes-vecinalistas-de-la-6ta-seccion-electoral-apoyan-la-candidatura-de-sergio-massa\/\",\"url\":\"https:\/\/infoecos.com.ar\/index.php\/dos-intendentes-vecinalistas-de-la-6ta-seccion-electoral-apoyan-la-candidatura-de-sergio-massa\/\",\"name\":\"Dos intendentes vecinalistas de la 6ta Secci\u00f3n Electoral apoyan la candidatura de Sergio Massa - Infoecos\",\"isPartOf\":{\"@id\":\"https:\/\/infoecos.com.ar\/#website\"},\"primaryImageOfPage\":{\"@id\":\"https:\/\/infoecos.com.ar\/index.php\/dos-intendentes-vecinalistas-de-la-6ta-seccion-electoral-apoyan-la-candidatura-de-sergio-massa\/#primaryimage\"},\"image\":{\"@id\":\"https:\/\/infoecos.com.ar\/index.php\/dos-intendentes-vecinalistas-de-la-6ta-seccion-electoral-apoyan-la-candidatura-de-sergio-massa\/#primaryimage\"},\"thumbnailUrl\":\"https:\/\/infoecos.com.ar\/wp-content\/uploads\/2023\/11\/image-42.png\",\"datePublished\":\"2023-11-10T03:49:44+00:00\",\"dateModified\":\"2023-11-10T03:49:45+00:00\",\"breadcrumb\":{\"@id\":\"https:\/\/infoecos.com.ar\/index.php\/dos-intendentes-vecinalistas-de-la-6ta-seccion-electoral-apoyan-la-candidatura-de-sergio-massa\/#breadcrumb\"},\"inLanguage\":\"es\",\"potentialAction\":[{\"@type\":\"ReadAction\",\"target\":[\"https:\/\/infoecos.com.ar\/index.php\/dos-intendentes-vecinalistas-de-la-6ta-seccion-electoral-apoyan-la-candidatura-de-sergio-massa\/\"]}]},{\"@type\":\"ImageObject\",\"inLanguage\":\"es\",\"@id\":\"https:\/\/infoecos.com.ar\/index.php\/dos-intendentes-vecinalistas-de-la-6ta-seccion-electoral-apoyan-la-candidatura-de-sergio-massa\/#primaryimage\",\"url\":\"https:\/\/infoecos.com.ar\/wp-content\/uploads\/2023\/11\/image-42.png\",\"contentUrl\":\"https:\/\/infoecos.com.ar\/wp-content\/uploads\/2023\/11\/image-42.png\",\"width\":1121,\"height\":633},{\"@type\":\"BreadcrumbList\",\"@id\":\"https:\/\/infoecos.com.ar\/index.php\/dos-intendentes-vecinalistas-de-la-6ta-seccion-electoral-apoyan-la-candidatura-de-sergio-massa\/#breadcrumb\",\"itemListElement\":[{\"@type\":\"ListItem\",\"position\":1,\"name\":\"Portada\",\"item\":\"https:\/\/infoecos.com.ar\/\"},{\"@type\":\"ListItem\",\"position\":2,\"name\":\"Dos intendentes vecinalistas de la 6ta Secci\u00f3n Electoral apoyan la candidatura de Sergio Massa\"}]},{\"@type\":\"WebSite\",\"@id\":\"https:\/\/infoecos.com.ar\/#website\",\"url\":\"https:\/\/infoecos.com.ar\/\",\"name\":\"Infoecos\",\"description\":\"Noticias de trenque lauquen y la zona\",\"publisher\":{\"@id\":\"https:\/\/infoecos.com.ar\/#organization\"},\"alternateName\":\"Noticias\",\"potentialAction\":[{\"@type\":\"SearchAction\",\"target\":{\"@type\":\"EntryPoint\",\"urlTemplate\":\"https:\/\/infoecos.com.ar\/?s={search_term_string}\"},\"query-input\":{\"@type\":\"PropertyValueSpecification\",\"valueRequired\":true,\"valueName\":\"search_term_string\"}}],\"inLanguage\":\"es\"},{\"@type\":\"Organization\",\"@id\":\"https:\/\/infoecos.com.ar\/#organization\",\"name\":\"Infoecos\",\"alternateName\":\"Noticias\",\"url\":\"https:\/\/infoecos.com.ar\/\",\"logo\":{\"@type\":\"ImageObject\",\"inLanguage\":\"es\",\"@id\":\"https:\/\/infoecos.com.ar\/#\/schema\/logo\/image\/\",\"url\":\"https:\/\/infoecos.com.ar\/wp-content\/uploads\/2024\/03\/cropped-logo.png\",\"contentUrl\":\"https:\/\/infoecos.com.ar\/wp-content\/uploads\/2024\/03\/cropped-logo.png\",\"width\":374,\"height\":90,\"caption\":\"Infoecos\"},\"image\":{\"@id\":\"https:\/\/infoecos.com.ar\/#\/schema\/logo\/image\/\"},\"sameAs\":[\"https:\/\/www.facebook.com\/profile.php?id=100063200290284\",\"https:\/\/x.com\/infoecos\"]},{\"@type\":\"Person\",\"@id\":\"https:\/\/infoecos.com.ar\/#\/schema\/person\/8f5ace5ce73b4b4aac4b7245aee6f191\",\"name\":\"Jorge Matheus\",\"url\":\"https:\/\/infoecos.com.ar\/index.php\/author\/jomatheus\/\"}]}<\/script>\n<!-- \/ Yoast SEO plugin. -->","yoast_head_json":{"title":"Dos intendentes vecinalistas de la 6ta Secci\u00f3n Electoral apoyan la candidatura de Sergio Massa - Infoecos","robots":{"index":"index","follow":"follow","max-snippet":"max-snippet:-1","max-image-preview":"max-image-preview:large","max-video-preview":"max-video-preview:-1"},"canonical":"https:\/\/infoecos.com.ar\/index.php\/dos-intendentes-vecinalistas-de-la-6ta-seccion-electoral-apoyan-la-candidatura-de-sergio-massa\/","og_locale":"es_ES","og_type":"article","og_title":"Dos intendentes vecinalistas de la 6ta Secci\u00f3n Electoral apoyan la candidatura de Sergio Massa - Infoecos","og_description":"Mat\u00edas Nebot, de Todos por Saavedra y Carlos Bevilacqua, de Villarino","og_url":"https:\/\/infoecos.com.ar\/index.php\/dos-intendentes-vecinalistas-de-la-6ta-seccion-electoral-apoyan-la-candidatura-de-sergio-massa\/","og_site_name":"Infoecos","article_publisher":"https:\/\/www.facebook.com\/profile.php?id=100063200290284","article_published_time":"2023-11-10T03:49:44+00:00","article_modified_time":"2023-11-10T03:49:45+00:00","og_image":[{"width":1121,"height":633,"url":"https:\/\/infoecos.com.ar\/wp-content\/uploads\/2023\/11\/image-42.png","type":"image\/png"}],"author":"Jorge Matheus","twitter_card":"summary_large_image","twitter_creator":"@infoecos","twitter_site":"@infoecos","twitter_misc":{"Escrito por":"Jorge Matheus","Tiempo de lectura":"2 minutos"},"schema":{"@context":"https:\/\/schema.org","@graph":[{"@type":"Article","@id":"https:\/\/infoecos.com.ar\/index.php\/dos-intendentes-vecinalistas-de-la-6ta-seccion-electoral-apoyan-la-candidatura-de-sergio-massa\/#article","isPartOf":{"@id":"https:\/\/infoecos.com.ar\/index.php\/dos-intendentes-vecinalistas-de-la-6ta-seccion-electoral-apoyan-la-candidatura-de-sergio-massa\/"},"author":{"name":"Jorge Matheus","@id":"https:\/\/infoecos.com.ar\/#\/schema\/person\/8f5ace5ce73b4b4aac4b7245aee6f191"},"headline":"Dos intendentes vecinalistas de la 6ta Secci\u00f3n Electoral apoyan la candidatura de Sergio Massa","datePublished":"2023-11-10T03:49:44+00:00","dateModified":"2023-11-10T03:49:45+00:00","mainEntityOfPage":{"@id":"https:\/\/infoecos.com.ar\/index.php\/dos-intendentes-vecinalistas-de-la-6ta-seccion-electoral-apoyan-la-candidatura-de-sergio-massa\/"},"wordCount":216,"publisher":{"@id":"https:\/\/infoecos.com.ar\/#organization"},"image":{"@id":"https:\/\/infoecos.com.ar\/index.php\/dos-intendentes-vecinalistas-de-la-6ta-seccion-electoral-apoyan-la-candidatura-de-sergio-massa\/#primaryimage"},"thumbnailUrl":"https:\/\/infoecos.com.ar\/wp-content\/uploads\/2023\/11\/image-42.png","keywords":["balotaje presidencial"],"articleSection":["C1 N4"],"inLanguage":"es"},{"@type":"WebPage","@id":"https:\/\/infoecos.com.ar\/index.php\/dos-intendentes-vecinalistas-de-la-6ta-seccion-electoral-apoyan-la-candidatura-de-sergio-massa\/","url":"https:\/\/infoecos.com.ar\/index.php\/dos-intendentes-vecinalistas-de-la-6ta-seccion-electoral-apoyan-la-candidatura-de-sergio-massa\/","name":"Dos intendentes vecinalistas de la 6ta Secci\u00f3n Electoral apoyan la candidatura de Sergio Massa - Infoecos","isPartOf":{"@id":"https:\/\/infoecos.com.ar\/#website"},"primaryImageOfPage":{"@id":"https:\/\/infoecos.com.ar\/index.php\/dos-intendentes-vecinalistas-de-la-6ta-seccion-electoral-apoyan-la-candidatura-de-sergio-massa\/#primaryimage"},"image":{"@id":"https:\/\/infoecos.com.ar\/index.php\/dos-intendentes-vecinalistas-de-la-6ta-seccion-electoral-apoyan-la-candidatura-de-sergio-massa\/#primaryimage"},"thumbnailUrl":"https:\/\/infoecos.com.ar\/wp-content\/uploads\/2023\/11\/image-42.png","datePublished":"2023-11-10T03:49:44+00:00","dateModified":"2023-11-10T03:49:45+00:00","breadcrumb":{"@id":"https:\/\/infoecos.com.ar\/index.php\/dos-intendentes-vecinalistas-de-la-6ta-seccion-electoral-apoyan-la-candidatura-de-sergio-massa\/#breadcrumb"},"inLanguage":"es","potentialAction":[{"@type":"ReadAction","target":["https:\/\/infoecos.com.ar\/index.php\/dos-intendentes-vecinalistas-de-la-6ta-seccion-electoral-apoyan-la-candidatura-de-sergio-massa\/"]}]},{"@type":"ImageObject","inLanguage":"es","@id":"https:\/\/infoecos.com.ar\/index.php\/dos-intendentes-vecinalistas-de-la-6ta-seccion-electoral-apoyan-la-candidatura-de-sergio-massa\/#primaryimage","url":"https:\/\/infoecos.com.ar\/wp-content\/uploads\/2023\/11\/image-42.png","contentUrl":"https:\/\/infoecos.com.ar\/wp-content\/uploads\/2023\/11\/image-42.png","width":1121,"height":633},{"@type":"BreadcrumbList","@id":"https:\/\/infoecos.com.ar\/index.php\/dos-intendentes-vecinalistas-de-la-6ta-seccion-electoral-apoyan-la-candidatura-de-sergio-massa\/#breadcrumb","itemListElement":[{"@type":"ListItem","position":1,"name":"Portada","item":"https:\/\/infoecos.com.ar\/"},{"@type":"ListItem","position":2,"name":"Dos intendentes vecinalistas de la 6ta Secci\u00f3n Electoral apoyan la candidatura de Sergio Massa"}]},{"@type":"WebSite","@id":"https:\/\/infoecos.com.ar\/#website","url":"https:\/\/infoecos.com.ar\/","name":"Infoecos","description":"Noticias de trenque lauquen y la zona","publisher":{"@id":"https:\/\/infoecos.com.ar\/#organization"},"alternateName":"Noticias","potentialAction":[{"@type":"SearchAction","target":{"@type":"EntryPoint","urlTemplate":"https:\/\/infoecos.com.ar\/?s={search_term_string}"},"query-input":{"@type":"PropertyValueSpecification","valueRequired":true,"valueName":"search_term_string"}}],"inLanguage":"es"},{"@type":"Organization","@id":"https:\/\/infoecos.com.ar\/#organization","name":"Infoecos","alternateName":"Noticias","url":"https:\/\/infoecos.com.ar\/","logo":{"@type":"ImageObject","inLanguage":"es","@id":"https:\/\/infoecos.com.ar\/#\/schema\/logo\/image\/","url":"https:\/\/infoecos.com.ar\/wp-content\/uploads\/2024\/03\/cropped-logo.png","contentUrl":"https:\/\/infoecos.com.ar\/wp-content\/uploads\/2024\/03\/cropped-logo.png","width":374,"height":90,"caption":"Infoecos"},"image":{"@id":"https:\/\/infoecos.com.ar\/#\/schema\/logo\/image\/"},"sameAs":["https:\/\/www.facebook.com\/profile.php?id=100063200290284","https:\/\/x.com\/infoecos"]},{"@type":"Person","@id":"https:\/\/infoecos.com.ar\/#\/schema\/person\/8f5ace5ce73b4b4aac4b7245aee6f191","name":"Jorge Matheus","url":"https:\/\/infoecos.com.ar\/index.php\/author\/jomatheus\/"}]}},"featured_image_urls":{"full":["https:\/\/infoecos.com.ar\/wp-content\/uploads\/2023\/11\/image-42.png",1121,633,false],"thumbnail":["https:\/\/infoecos.com.ar\/wp-content\/uploads\/2023\/11\/image-42-300x150.png",300,150,true],"medium":["https:\/\/infoecos.com.ar\/wp-content\/uploads\/2023\/11\/image-42-800x452.png",800,452,true],"medium_large":["https:\/\/infoecos.com.ar\/wp-content\/uploads\/2023\/11\/image-42-768x434.png",640,362,true],"large":["https:\/\/infoecos.com.ar\/wp-content\/uploads\/2023\/11\/image-42.png",640,361,false],"1536x1536":["https:\/\/infoecos.com.ar\/wp-content\/uploads\/2023\/11\/image-42.png",1121,633,false],"2048x2048":["https:\/\/infoecos.com.ar\/wp-content\/uploads\/2023\/11\/image-42.png",1121,633,false],"covernews-slider-full":["https:\/\/infoecos.com.ar\/wp-content\/uploads\/2023\/11\/image-42.png",1115,630,false],"covernews-slider-center":["https:\/\/infoecos.com.ar\/wp-content\/uploads\/2023\/11\/image-42-936x633.png",739,500,true],"covernews-featured":["https:\/\/infoecos.com.ar\/wp-content\/uploads\/2023\/11\/image-42-1024x578.png",1024,578,true],"covernews-medium":["https:\/\/infoecos.com.ar\/wp-content\/uploads\/2023\/11\/image-42-720x380.png",540,285,true],"covernews-medium-square":["https:\/\/infoecos.com.ar\/wp-content\/uploads\/2023\/11\/image-42-675x450.png",375,250,true]},"author_info":{"info":["Jorge Matheus"]},"category_info":"<a href=\"https:\/\/infoecos.com.ar\/index.php\/category\/c1nota4\/\" rel=\"category tag\">C1 N4<\/a>","tag_info":"C1 N4","comment_count":"0","_links":{"self":[{"href":"https:\/\/infoecos.com.ar\/index.php\/wp-json\/wp\/v2\/posts\/115020"}],"collection":[{"href":"https:\/\/infoecos.com.ar\/index.php\/wp-json\/wp\/v2\/posts"}],"about":[{"href":"https:\/\/infoecos.com.ar\/index.php\/wp-json\/wp\/v2\/types\/post"}],"author":[{"embeddable":true,"href":"https:\/\/infoecos.com.ar\/index.php\/wp-json\/wp\/v2\/users\/2"}],"replies":[{"embeddable":true,"href":"https:\/\/infoecos.com.ar\/index.php\/wp-json\/wp\/v2\/comments?post=115020"}],"version-history":[{"count":1,"href":"https:\/\/infoecos.com.ar\/index.php\/wp-json\/wp\/v2\/posts\/115020\/revisions"}],"predecessor-version":[{"id":115022,"href":"https:\/\/infoecos.com.ar\/index.php\/wp-json\/wp\/v2\/posts\/115020\/revisions\/115022"}],"wp:featuredmedia":[{"embeddable":true,"href":"https:\/\/infoecos.com.ar\/index.php\/wp-json\/wp\/v2\/media\/115021"}],"wp:attachment":[{"href":"https:\/\/infoecos.com.ar\/index.php\/wp-json\/wp\/v2\/media?parent=115020"}],"wp:term":[{"taxonomy":"category","embeddable":true,"href":"https:\/\/infoecos.com.ar\/index.php\/wp-json\/wp\/v2\/categories?post=115020"},{"taxonomy":"post_tag","embeddable":true,"href":"https:\/\/infoecos.com.ar\/index.php\/wp-json\/wp\/v2\/tags?post=115020"}],"curies":[{"name":"wp","href":"https:\/\/api.w.org\/{rel}","templated":true}]}}