{"id":115023,"date":"2023-11-10T00:55:50","date_gmt":"2023-11-10T03:55:50","guid":{"rendered":"https:\/\/infoecos.com.ar\/?p=115023"},"modified":"2023-11-12T20:31:01","modified_gmt":"2023-11-12T23:31:01","slug":"el-gobernador-de-la-pampa-sigue-promoviendo-la-victoria-electoral-de-sergio-massa","status":"publish","type":"post","link":"https:\/\/infoecos.com.ar\/index.php\/el-gobernador-de-la-pampa-sigue-promoviendo-la-victoria-electoral-de-sergio-massa\/","title":{"rendered":"El gobernador de La Pampa sigue promoviendo la victoria electoral de Sergio Massa"},"content":{"rendered":"\n<p>El gobernador<strong>&nbsp;de La Pampa, Sergio Ziliotto<\/strong>&nbsp;afirm\u00f3, durante la entrega de 24 ambulancias para localidades del interior provincial, que<strong>&nbsp;\u00abesto es un ejemplo tangible de lo que est\u00e1 en juego\u00bb<\/strong>&nbsp;en el balotaje del 19 de noviembre.<\/p>\n\n\n\n<figure class=\"wp-block-image aligncenter size-full is-resized\"><img loading=\"lazy\" decoding=\"async\" src=\"https:\/\/infoecos.com.ar\/wp-content\/uploads\/2023\/11\/image-43.png\" alt=\"\" class=\"wp-image-115024\" width=\"447\" height=\"237\" srcset=\"https:\/\/infoecos.com.ar\/wp-content\/uploads\/2023\/11\/image-43.png 1000w, https:\/\/infoecos.com.ar\/wp-content\/uploads\/2023\/11\/image-43-800x426.png 800w, https:\/\/infoecos.com.ar\/wp-content\/uploads\/2023\/11\/image-43-768x409.png 768w, https:\/\/infoecos.com.ar\/wp-content\/uploads\/2023\/11\/image-43-720x380.png 720w\" sizes=\"(max-width: 447px) 100vw, 447px\" \/><\/figure>\n\n\n\n<p>\u00abHoy estamos en la oportunidad de agregar un peque\u00f1o, un eslab\u00f3n m\u00e1s, de esa cadena de inversiones. En la diversidad de nuestro territorio es necesario que haya un Estado que d\u00e9 respuestas de calidad en cada uno de los lugares donde la demanda de pampeanas y pampeanos debe de ser satisfecha\u00bb, se\u00f1al\u00f3.<\/p>\n\n\n\n<p>\u00abHoy estamos en la oportunidad de agregar un peque\u00f1o, un eslab\u00f3n m\u00e1s, de esa cadena de inversiones. En la diversidad de nuestro territorio es necesario que haya un Estado que d\u00e9 respuestas de calidad en cada uno de los lugares donde la demanda de pampeanas y pampeanos debe de ser satisfecha\u00bb, se\u00f1al\u00f3.<\/p>\n","protected":false},"excerpt":{"rendered":"<p>Cerrada defensa de la presencia del Estado en la gesti\u00f3n p\u00fablica durante un acto de entrega de ambulancias a localidades del interior pampeano<\/p>\n","protected":false},"author":2,"featured_media":115024,"comment_status":"closed","ping_status":"open","sticky":false,"template":"","format":"standard","meta":{"footnotes":""},"categories":[1614],"tags":[9565],"class_list":["post-115023","post","type-post","status-publish","format-standard","has-post-thumbnail","hentry","category-c2nota7","tag-balotaje-presidencial"],"yoast_head":"<!-- This site is optimized with the Yoast SEO plugin v23.4 - https:\/\/yoast.com\/wordpress\/plugins\/seo\/ -->\n<title>El gobernador de La Pampa sigue promoviendo la victoria electoral de Sergio Massa - Infoecos<\/title>\n<meta name=\"robots\" content=\"index, follow, max-snippet:-1, max-image-preview:large, max-video-preview:-1\" \/>\n<link rel=\"canonical\" href=\"https:\/\/infoecos.com.ar\/index.php\/el-gobernador-de-la-pampa-sigue-promoviendo-la-victoria-electoral-de-sergio-massa\/\" \/>\n<meta property=\"og:locale\" content=\"es_ES\" \/>\n<meta property=\"og:type\" content=\"article\" \/>\n<meta property=\"og:title\" content=\"El gobernador de La Pampa sigue promoviendo la victoria electoral de Sergio Massa - Infoecos\" \/>\n<meta property=\"og:description\" content=\"Cerrada defensa de la presencia del Estado en la gesti\u00f3n p\u00fablica durante un acto de entrega de ambulancias a localidades del interior pampeano\" \/>\n<meta property=\"og:url\" content=\"https:\/\/infoecos.com.ar\/index.php\/el-gobernador-de-la-pampa-sigue-promoviendo-la-victoria-electoral-de-sergio-massa\/\" \/>\n<meta property=\"og:site_name\" content=\"Infoecos\" \/>\n<meta property=\"article:publisher\" content=\"https:\/\/www.facebook.com\/profile.php?id=100063200290284\" \/>\n<meta property=\"article:published_time\" content=\"2023-11-10T03:55:50+00:00\" \/>\n<meta property=\"article:modified_time\" content=\"2023-11-12T23:31:01+00:00\" \/>\n<meta property=\"og:image\" content=\"https:\/\/infoecos.com.ar\/wp-content\/uploads\/2023\/11\/image-43.png\" \/>\n\t<meta property=\"og:image:width\" content=\"1000\" \/>\n\t<meta property=\"og:image:height\" content=\"533\" \/>\n\t<meta property=\"og:image:type\" content=\"image\/png\" \/>\n<meta name=\"author\" content=\"Jorge Matheus\" \/>\n<meta name=\"twitter:card\" content=\"summary_large_image\" \/>\n<meta name=\"twitter:creator\" content=\"@infoecos\" \/>\n<meta name=\"twitter:site\" content=\"@infoecos\" \/>\n<meta name=\"twitter:label1\" content=\"Escrito por\" \/>\n\t<meta name=\"twitter:data1\" content=\"Jorge Matheus\" \/>\n\t<meta name=\"twitter:label2\" content=\"Tiempo de lectura\" \/>\n\t<meta name=\"twitter:data2\" content=\"1 minuto\" \/>\n<script type=\"application\/ld+json\" class=\"yoast-schema-graph\">{\"@context\":\"https:\/\/schema.org\",\"@graph\":[{\"@type\":\"Article\",\"@id\":\"https:\/\/infoecos.com.ar\/index.php\/el-gobernador-de-la-pampa-sigue-promoviendo-la-victoria-electoral-de-sergio-massa\/#article\",\"isPartOf\":{\"@id\":\"https:\/\/infoecos.com.ar\/index.php\/el-gobernador-de-la-pampa-sigue-promoviendo-la-victoria-electoral-de-sergio-massa\/\"},\"author\":{\"name\":\"Jorge Matheus\",\"@id\":\"https:\/\/infoecos.com.ar\/#\/schema\/person\/8f5ace5ce73b4b4aac4b7245aee6f191\"},\"headline\":\"El gobernador de La Pampa sigue promoviendo la victoria electoral de Sergio Massa\",\"datePublished\":\"2023-11-10T03:55:50+00:00\",\"dateModified\":\"2023-11-12T23:31:01+00:00\",\"mainEntityOfPage\":{\"@id\":\"https:\/\/infoecos.com.ar\/index.php\/el-gobernador-de-la-pampa-sigue-promoviendo-la-victoria-electoral-de-sergio-massa\/\"},\"wordCount\":165,\"publisher\":{\"@id\":\"https:\/\/infoecos.com.ar\/#organization\"},\"image\":{\"@id\":\"https:\/\/infoecos.com.ar\/index.php\/el-gobernador-de-la-pampa-sigue-promoviendo-la-victoria-electoral-de-sergio-massa\/#primaryimage\"},\"thumbnailUrl\":\"https:\/\/infoecos.com.ar\/wp-content\/uploads\/2023\/11\/image-43.png\",\"keywords\":[\"balotaje presidencial\"],\"articleSection\":[\"C2 N7\"],\"inLanguage\":\"es\"},{\"@type\":\"WebPage\",\"@id\":\"https:\/\/infoecos.com.ar\/index.php\/el-gobernador-de-la-pampa-sigue-promoviendo-la-victoria-electoral-de-sergio-massa\/\",\"url\":\"https:\/\/infoecos.com.ar\/index.php\/el-gobernador-de-la-pampa-sigue-promoviendo-la-victoria-electoral-de-sergio-massa\/\",\"name\":\"El gobernador de La Pampa sigue promoviendo la victoria electoral de Sergio Massa - Infoecos\",\"isPartOf\":{\"@id\":\"https:\/\/infoecos.com.ar\/#website\"},\"primaryImageOfPage\":{\"@id\":\"https:\/\/infoecos.com.ar\/index.php\/el-gobernador-de-la-pampa-sigue-promoviendo-la-victoria-electoral-de-sergio-massa\/#primaryimage\"},\"image\":{\"@id\":\"https:\/\/infoecos.com.ar\/index.php\/el-gobernador-de-la-pampa-sigue-promoviendo-la-victoria-electoral-de-sergio-massa\/#primaryimage\"},\"thumbnailUrl\":\"https:\/\/infoecos.com.ar\/wp-content\/uploads\/2023\/11\/image-43.png\",\"datePublished\":\"2023-11-10T03:55:50+00:00\",\"dateModified\":\"2023-11-12T23:31:01+00:00\",\"breadcrumb\":{\"@id\":\"https:\/\/infoecos.com.ar\/index.php\/el-gobernador-de-la-pampa-sigue-promoviendo-la-victoria-electoral-de-sergio-massa\/#breadcrumb\"},\"inLanguage\":\"es\",\"potentialAction\":[{\"@type\":\"ReadAction\",\"target\":[\"https:\/\/infoecos.com.ar\/index.php\/el-gobernador-de-la-pampa-sigue-promoviendo-la-victoria-electoral-de-sergio-massa\/\"]}]},{\"@type\":\"ImageObject\",\"inLanguage\":\"es\",\"@id\":\"https:\/\/infoecos.com.ar\/index.php\/el-gobernador-de-la-pampa-sigue-promoviendo-la-victoria-electoral-de-sergio-massa\/#primaryimage\",\"url\":\"https:\/\/infoecos.com.ar\/wp-content\/uploads\/2023\/11\/image-43.png\",\"contentUrl\":\"https:\/\/infoecos.com.ar\/wp-content\/uploads\/2023\/11\/image-43.png\",\"width\":1000,\"height\":533},{\"@type\":\"BreadcrumbList\",\"@id\":\"https:\/\/infoecos.com.ar\/index.php\/el-gobernador-de-la-pampa-sigue-promoviendo-la-victoria-electoral-de-sergio-massa\/#breadcrumb\",\"itemListElement\":[{\"@type\":\"ListItem\",\"position\":1,\"name\":\"Portada\",\"item\":\"https:\/\/infoecos.com.ar\/\"},{\"@type\":\"ListItem\",\"position\":2,\"name\":\"El gobernador de La Pampa sigue promoviendo la victoria electoral de Sergio Massa\"}]},{\"@type\":\"WebSite\",\"@id\":\"https:\/\/infoecos.com.ar\/#website\",\"url\":\"https:\/\/infoecos.com.ar\/\",\"name\":\"Infoecos\",\"description\":\"Noticias de trenque lauquen y la zona\",\"publisher\":{\"@id\":\"https:\/\/infoecos.com.ar\/#organization\"},\"alternateName\":\"Noticias\",\"potentialAction\":[{\"@type\":\"SearchAction\",\"target\":{\"@type\":\"EntryPoint\",\"urlTemplate\":\"https:\/\/infoecos.com.ar\/?s={search_term_string}\"},\"query-input\":{\"@type\":\"PropertyValueSpecification\",\"valueRequired\":true,\"valueName\":\"search_term_string\"}}],\"inLanguage\":\"es\"},{\"@type\":\"Organization\",\"@id\":\"https:\/\/infoecos.com.ar\/#organization\",\"name\":\"Infoecos\",\"alternateName\":\"Noticias\",\"url\":\"https:\/\/infoecos.com.ar\/\",\"logo\":{\"@type\":\"ImageObject\",\"inLanguage\":\"es\",\"@id\":\"https:\/\/infoecos.com.ar\/#\/schema\/logo\/image\/\",\"url\":\"https:\/\/infoecos.com.ar\/wp-content\/uploads\/2024\/03\/cropped-logo.png\",\"contentUrl\":\"https:\/\/infoecos.com.ar\/wp-content\/uploads\/2024\/03\/cropped-logo.png\",\"width\":374,\"height\":90,\"caption\":\"Infoecos\"},\"image\":{\"@id\":\"https:\/\/infoecos.com.ar\/#\/schema\/logo\/image\/\"},\"sameAs\":[\"https:\/\/www.facebook.com\/profile.php?id=100063200290284\",\"https:\/\/x.com\/infoecos\"]},{\"@type\":\"Person\",\"@id\":\"https:\/\/infoecos.com.ar\/#\/schema\/person\/8f5ace5ce73b4b4aac4b7245aee6f191\",\"name\":\"Jorge Matheus\",\"url\":\"https:\/\/infoecos.com.ar\/index.php\/author\/jomatheus\/\"}]}<\/script>\n<!-- \/ Yoast SEO plugin. -->","yoast_head_json":{"title":"El gobernador de La Pampa sigue promoviendo la victoria electoral de Sergio Massa - Infoecos","robots":{"index":"index","follow":"follow","max-snippet":"max-snippet:-1","max-image-preview":"max-image-preview:large","max-video-preview":"max-video-preview:-1"},"canonical":"https:\/\/infoecos.com.ar\/index.php\/el-gobernador-de-la-pampa-sigue-promoviendo-la-victoria-electoral-de-sergio-massa\/","og_locale":"es_ES","og_type":"article","og_title":"El gobernador de La Pampa sigue promoviendo la victoria electoral de Sergio Massa - Infoecos","og_description":"Cerrada defensa de la presencia del Estado en la gesti\u00f3n p\u00fablica durante un acto de entrega de ambulancias a localidades del interior pampeano","og_url":"https:\/\/infoecos.com.ar\/index.php\/el-gobernador-de-la-pampa-sigue-promoviendo-la-victoria-electoral-de-sergio-massa\/","og_site_name":"Infoecos","article_publisher":"https:\/\/www.facebook.com\/profile.php?id=100063200290284","article_published_time":"2023-11-10T03:55:50+00:00","article_modified_time":"2023-11-12T23:31:01+00:00","og_image":[{"width":1000,"height":533,"url":"https:\/\/infoecos.com.ar\/wp-content\/uploads\/2023\/11\/image-43.png","type":"image\/png"}],"author":"Jorge Matheus","twitter_card":"summary_large_image","twitter_creator":"@infoecos","twitter_site":"@infoecos","twitter_misc":{"Escrito por":"Jorge Matheus","Tiempo de lectura":"1 minuto"},"schema":{"@context":"https:\/\/schema.org","@graph":[{"@type":"Article","@id":"https:\/\/infoecos.com.ar\/index.php\/el-gobernador-de-la-pampa-sigue-promoviendo-la-victoria-electoral-de-sergio-massa\/#article","isPartOf":{"@id":"https:\/\/infoecos.com.ar\/index.php\/el-gobernador-de-la-pampa-sigue-promoviendo-la-victoria-electoral-de-sergio-massa\/"},"author":{"name":"Jorge Matheus","@id":"https:\/\/infoecos.com.ar\/#\/schema\/person\/8f5ace5ce73b4b4aac4b7245aee6f191"},"headline":"El gobernador de La Pampa sigue promoviendo la victoria electoral de Sergio Massa","datePublished":"2023-11-10T03:55:50+00:00","dateModified":"2023-11-12T23:31:01+00:00","mainEntityOfPage":{"@id":"https:\/\/infoecos.com.ar\/index.php\/el-gobernador-de-la-pampa-sigue-promoviendo-la-victoria-electoral-de-sergio-massa\/"},"wordCount":165,"publisher":{"@id":"https:\/\/infoecos.com.ar\/#organization"},"image":{"@id":"https:\/\/infoecos.com.ar\/index.php\/el-gobernador-de-la-pampa-sigue-promoviendo-la-victoria-electoral-de-sergio-massa\/#primaryimage"},"thumbnailUrl":"https:\/\/infoecos.com.ar\/wp-content\/uploads\/2023\/11\/image-43.png","keywords":["balotaje presidencial"],"articleSection":["C2 N7"],"inLanguage":"es"},{"@type":"WebPage","@id":"https:\/\/infoecos.com.ar\/index.php\/el-gobernador-de-la-pampa-sigue-promoviendo-la-victoria-electoral-de-sergio-massa\/","url":"https:\/\/infoecos.com.ar\/index.php\/el-gobernador-de-la-pampa-sigue-promoviendo-la-victoria-electoral-de-sergio-massa\/","name":"El gobernador de La Pampa sigue promoviendo la victoria electoral de Sergio Massa - Infoecos","isPartOf":{"@id":"https:\/\/infoecos.com.ar\/#website"},"primaryImageOfPage":{"@id":"https:\/\/infoecos.com.ar\/index.php\/el-gobernador-de-la-pampa-sigue-promoviendo-la-victoria-electoral-de-sergio-massa\/#primaryimage"},"image":{"@id":"https:\/\/infoecos.com.ar\/index.php\/el-gobernador-de-la-pampa-sigue-promoviendo-la-victoria-electoral-de-sergio-massa\/#primaryimage"},"thumbnailUrl":"https:\/\/infoecos.com.ar\/wp-content\/uploads\/2023\/11\/image-43.png","datePublished":"2023-11-10T03:55:50+00:00","dateModified":"2023-11-12T23:31:01+00:00","breadcrumb":{"@id":"https:\/\/infoecos.com.ar\/index.php\/el-gobernador-de-la-pampa-sigue-promoviendo-la-victoria-electoral-de-sergio-massa\/#breadcrumb"},"inLanguage":"es","potentialAction":[{"@type":"ReadAction","target":["https:\/\/infoecos.com.ar\/index.php\/el-gobernador-de-la-pampa-sigue-promoviendo-la-victoria-electoral-de-sergio-massa\/"]}]},{"@type":"ImageObject","inLanguage":"es","@id":"https:\/\/infoecos.com.ar\/index.php\/el-gobernador-de-la-pampa-sigue-promoviendo-la-victoria-electoral-de-sergio-massa\/#primaryimage","url":"https:\/\/infoecos.com.ar\/wp-content\/uploads\/2023\/11\/image-43.png","contentUrl":"https:\/\/infoecos.com.ar\/wp-content\/uploads\/2023\/11\/image-43.png","width":1000,"height":533},{"@type":"BreadcrumbList","@id":"https:\/\/infoecos.com.ar\/index.php\/el-gobernador-de-la-pampa-sigue-promoviendo-la-victoria-electoral-de-sergio-massa\/#breadcrumb","itemListElement":[{"@type":"ListItem","position":1,"name":"Portada","item":"https:\/\/infoecos.com.ar\/"},{"@type":"ListItem","position":2,"name":"El gobernador de La Pampa sigue promoviendo la victoria electoral de Sergio Massa"}]},{"@type":"WebSite","@id":"https:\/\/infoecos.com.ar\/#website","url":"https:\/\/infoecos.com.ar\/","name":"Infoecos","description":"Noticias de trenque lauquen y la zona","publisher":{"@id":"https:\/\/infoecos.com.ar\/#organization"},"alternateName":"Noticias","potentialAction":[{"@type":"SearchAction","target":{"@type":"EntryPoint","urlTemplate":"https:\/\/infoecos.com.ar\/?s={search_term_string}"},"query-input":{"@type":"PropertyValueSpecification","valueRequired":true,"valueName":"search_term_string"}}],"inLanguage":"es"},{"@type":"Organization","@id":"https:\/\/infoecos.com.ar\/#organization","name":"Infoecos","alternateName":"Noticias","url":"https:\/\/infoecos.com.ar\/","logo":{"@type":"ImageObject","inLanguage":"es","@id":"https:\/\/infoecos.com.ar\/#\/schema\/logo\/image\/","url":"https:\/\/infoecos.com.ar\/wp-content\/uploads\/2024\/03\/cropped-logo.png","contentUrl":"https:\/\/infoecos.com.ar\/wp-content\/uploads\/2024\/03\/cropped-logo.png","width":374,"height":90,"caption":"Infoecos"},"image":{"@id":"https:\/\/infoecos.com.ar\/#\/schema\/logo\/image\/"},"sameAs":["https:\/\/www.facebook.com\/profile.php?id=100063200290284","https:\/\/x.com\/infoecos"]},{"@type":"Person","@id":"https:\/\/infoecos.com.ar\/#\/schema\/person\/8f5ace5ce73b4b4aac4b7245aee6f191","name":"Jorge Matheus","url":"https:\/\/infoecos.com.ar\/index.php\/author\/jomatheus\/"}]}},"featured_image_urls":{"full":["https:\/\/infoecos.com.ar\/wp-content\/uploads\/2023\/11\/image-43.png",1000,533,false],"thumbnail":["https:\/\/infoecos.com.ar\/wp-content\/uploads\/2023\/11\/image-43-300x150.png",300,150,true],"medium":["https:\/\/infoecos.com.ar\/wp-content\/uploads\/2023\/11\/image-43-800x426.png",800,426,true],"medium_large":["https:\/\/infoecos.com.ar\/wp-content\/uploads\/2023\/11\/image-43-768x409.png",640,341,true],"large":["https:\/\/infoecos.com.ar\/wp-content\/uploads\/2023\/11\/image-43.png",640,341,false],"1536x1536":["https:\/\/infoecos.com.ar\/wp-content\/uploads\/2023\/11\/image-43.png",1000,533,false],"2048x2048":["https:\/\/infoecos.com.ar\/wp-content\/uploads\/2023\/11\/image-43.png",1000,533,false],"covernews-slider-full":["https:\/\/infoecos.com.ar\/wp-content\/uploads\/2023\/11\/image-43.png",1000,533,false],"covernews-slider-center":["https:\/\/infoecos.com.ar\/wp-content\/uploads\/2023\/11\/image-43-936x533.png",800,456,true],"covernews-featured":["https:\/\/infoecos.com.ar\/wp-content\/uploads\/2023\/11\/image-43.png",1000,533,false],"covernews-medium":["https:\/\/infoecos.com.ar\/wp-content\/uploads\/2023\/11\/image-43-720x380.png",540,285,true],"covernews-medium-square":["https:\/\/infoecos.com.ar\/wp-content\/uploads\/2023\/11\/image-43-675x450.png",375,250,true]},"author_info":{"info":["Jorge Matheus"]},"category_info":"<a href=\"https:\/\/infoecos.com.ar\/index.php\/category\/c2nota7\/\" rel=\"category tag\">C2 N7<\/a>","tag_info":"C2 N7","comment_count":"0","_links":{"self":[{"href":"https:\/\/infoecos.com.ar\/index.php\/wp-json\/wp\/v2\/posts\/115023"}],"collection":[{"href":"https:\/\/infoecos.com.ar\/index.php\/wp-json\/wp\/v2\/posts"}],"about":[{"href":"https:\/\/infoecos.com.ar\/index.php\/wp-json\/wp\/v2\/types\/post"}],"author":[{"embeddable":true,"href":"https:\/\/infoecos.com.ar\/index.php\/wp-json\/wp\/v2\/users\/2"}],"replies":[{"embeddable":true,"href":"https:\/\/infoecos.com.ar\/index.php\/wp-json\/wp\/v2\/comments?post=115023"}],"version-history":[{"count":2,"href":"https:\/\/infoecos.com.ar\/index.php\/wp-json\/wp\/v2\/posts\/115023\/revisions"}],"predecessor-version":[{"id":115108,"href":"https:\/\/infoecos.com.ar\/index.php\/wp-json\/wp\/v2\/posts\/115023\/revisions\/115108"}],"wp:featuredmedia":[{"embeddable":true,"href":"https:\/\/infoecos.com.ar\/index.php\/wp-json\/wp\/v2\/media\/115024"}],"wp:attachment":[{"href":"https:\/\/infoecos.com.ar\/index.php\/wp-json\/wp\/v2\/media?parent=115023"}],"wp:term":[{"taxonomy":"category","embeddable":true,"href":"https:\/\/infoecos.com.ar\/index.php\/wp-json\/wp\/v2\/categories?post=115023"},{"taxonomy":"post_tag","embeddable":true,"href":"https:\/\/infoecos.com.ar\/index.php\/wp-json\/wp\/v2\/tags?post=115023"}],"curies":[{"name":"wp","href":"https:\/\/api.w.org\/{rel}","templated":true}]}}