{"id":115026,"date":"2023-11-10T01:15:24","date_gmt":"2023-11-10T04:15:24","guid":{"rendered":"https:\/\/infoecos.com.ar\/?p=115026"},"modified":"2023-11-10T01:20:15","modified_gmt":"2023-11-10T04:20:15","slug":"unos-200-conocidos-afiliados-del-radicalismo-llamaron-a-votar-por-sergio-massa","status":"publish","type":"post","link":"https:\/\/infoecos.com.ar\/index.php\/unos-200-conocidos-afiliados-del-radicalismo-llamaron-a-votar-por-sergio-massa\/","title":{"rendered":"Conocidos afiliados del radicalismo, unos 200, llamaron a votar por Sergio Massa"},"content":{"rendered":"\n<p>Afiliados de la Uni\u00f3n C\u00edvica Radical (UCR) llamaron este jueves a votar al candidato presidencial de Uni\u00f3n por la Patria (UxP), Sergio Massa, para \u00abdefender la convivencia\u00bb y \u00abderrotar el odio\u00bb, en alusi\u00f3n al postulante de La Libertad Avanza (LLA), Javier Milei, a quien acusaron de \u00abdestratar al radicalismo\u00bb.<\/p>\n\n\n\n<p>Con un comunicado titulado \u00abUn voto para defender la convivencia y derrotar al odio\u00bb, los afiliados de la UCR expresaron que \u00abcomo mal menor, en defensa propia de la convivencia y la democracia promovemos un voto positivo el pr\u00f3ximo domingo 19 de noviembre para derrotar la f\u00f3rmula de La Libertad Avanza que amenaza los valores radicales y de la sociedad argentina\u00bb.<\/p>\n\n\n\n<p>Los partidarios radicales destacaron que son \u00abopositores al muy mal gobierno actual\u00bb y anticiparon que lo ser\u00e1n \u00aba cualquiera que triunfe en el balotaje\u00bb porque \u00abel pueblo argentino nos ha ubicado en la oposici\u00f3n y ah\u00ed estaremos\u00bb.<\/p>\n\n\n\n<p>Entre los firmantes del documento, se encuentran el exministro del Interior y exdiputado nacional, Federico Storani; el exministro de Trabajo, Juan Manuel Casella; el l\u00edder del Movimiento Nacional de la Militancia Radical (MNMR-UCR), Luis \u00abChangui\u00bb C\u00e1ceres; y la vicepresidenta de la UCR Nacional, Mar\u00eda Luis Storani, entre otros<\/p>\n","protected":false},"excerpt":{"rendered":"<p>Los partidarios radicales destacaron que son \u00abopositores al muy mal gobierno actual\u00bb y anticiparon que lo ser\u00e1n \u00aba cualquiera que triunfe en el balotaje\u00bb porque \u00abel pueblo argentino nos ha ubicado en la oposici\u00f3n y ah\u00ed estaremos\u00bb<\/p>\n","protected":false},"author":2,"featured_media":15081,"comment_status":"closed","ping_status":"open","sticky":false,"template":"","format":"standard","meta":{"footnotes":""},"categories":[197],"tags":[9565],"class_list":["post-115026","post","type-post","status-publish","format-standard","has-post-thumbnail","hentry","category-c3nota4","tag-balotaje-presidencial"],"yoast_head":"<!-- This site is optimized with the Yoast SEO plugin v23.4 - https:\/\/yoast.com\/wordpress\/plugins\/seo\/ -->\n<title>Conocidos afiliados del radicalismo, unos 200, llamaron a votar por Sergio Massa - Infoecos<\/title>\n<meta name=\"robots\" content=\"index, follow, max-snippet:-1, max-image-preview:large, max-video-preview:-1\" \/>\n<link rel=\"canonical\" href=\"https:\/\/infoecos.com.ar\/index.php\/unos-200-conocidos-afiliados-del-radicalismo-llamaron-a-votar-por-sergio-massa\/\" \/>\n<meta property=\"og:locale\" content=\"es_ES\" \/>\n<meta property=\"og:type\" content=\"article\" \/>\n<meta property=\"og:title\" content=\"Conocidos afiliados del radicalismo, unos 200, llamaron a votar por Sergio Massa - Infoecos\" \/>\n<meta property=\"og:description\" content=\"Los partidarios radicales destacaron que son \u00abopositores al muy mal gobierno actual\u00bb y anticiparon que lo ser\u00e1n \u00aba cualquiera que triunfe en el balotaje\u00bb porque \u00abel pueblo argentino nos ha ubicado en la oposici\u00f3n y ah\u00ed estaremos\u00bb\" \/>\n<meta property=\"og:url\" content=\"https:\/\/infoecos.com.ar\/index.php\/unos-200-conocidos-afiliados-del-radicalismo-llamaron-a-votar-por-sergio-massa\/\" \/>\n<meta property=\"og:site_name\" content=\"Infoecos\" \/>\n<meta property=\"article:publisher\" content=\"https:\/\/www.facebook.com\/profile.php?id=100063200290284\" \/>\n<meta property=\"article:published_time\" content=\"2023-11-10T04:15:24+00:00\" \/>\n<meta property=\"article:modified_time\" content=\"2023-11-10T04:20:15+00:00\" \/>\n<meta property=\"og:image\" content=\"https:\/\/infoecos.com.ar\/wp-content\/uploads\/LOGOUCR.jpg\" \/>\n\t<meta property=\"og:image:width\" content=\"510\" \/>\n\t<meta property=\"og:image:height\" content=\"600\" \/>\n\t<meta property=\"og:image:type\" content=\"image\/jpeg\" \/>\n<meta name=\"author\" content=\"Jorge Matheus\" \/>\n<meta name=\"twitter:card\" content=\"summary_large_image\" \/>\n<meta name=\"twitter:creator\" content=\"@infoecos\" \/>\n<meta name=\"twitter:site\" content=\"@infoecos\" \/>\n<meta name=\"twitter:label1\" content=\"Escrito por\" \/>\n\t<meta name=\"twitter:data1\" content=\"Jorge Matheus\" \/>\n\t<meta name=\"twitter:label2\" content=\"Tiempo de lectura\" \/>\n\t<meta name=\"twitter:data2\" content=\"1 minuto\" \/>\n<script type=\"application\/ld+json\" class=\"yoast-schema-graph\">{\"@context\":\"https:\/\/schema.org\",\"@graph\":[{\"@type\":\"Article\",\"@id\":\"https:\/\/infoecos.com.ar\/index.php\/unos-200-conocidos-afiliados-del-radicalismo-llamaron-a-votar-por-sergio-massa\/#article\",\"isPartOf\":{\"@id\":\"https:\/\/infoecos.com.ar\/index.php\/unos-200-conocidos-afiliados-del-radicalismo-llamaron-a-votar-por-sergio-massa\/\"},\"author\":{\"name\":\"Jorge Matheus\",\"@id\":\"https:\/\/infoecos.com.ar\/#\/schema\/person\/8f5ace5ce73b4b4aac4b7245aee6f191\"},\"headline\":\"Conocidos afiliados del radicalismo, unos 200, llamaron a votar por Sergio Massa\",\"datePublished\":\"2023-11-10T04:15:24+00:00\",\"dateModified\":\"2023-11-10T04:20:15+00:00\",\"mainEntityOfPage\":{\"@id\":\"https:\/\/infoecos.com.ar\/index.php\/unos-200-conocidos-afiliados-del-radicalismo-llamaron-a-votar-por-sergio-massa\/\"},\"wordCount\":216,\"publisher\":{\"@id\":\"https:\/\/infoecos.com.ar\/#organization\"},\"image\":{\"@id\":\"https:\/\/infoecos.com.ar\/index.php\/unos-200-conocidos-afiliados-del-radicalismo-llamaron-a-votar-por-sergio-massa\/#primaryimage\"},\"thumbnailUrl\":\"\",\"keywords\":[\"balotaje presidencial\"],\"articleSection\":[\"C3 N4\"],\"inLanguage\":\"es\"},{\"@type\":\"WebPage\",\"@id\":\"https:\/\/infoecos.com.ar\/index.php\/unos-200-conocidos-afiliados-del-radicalismo-llamaron-a-votar-por-sergio-massa\/\",\"url\":\"https:\/\/infoecos.com.ar\/index.php\/unos-200-conocidos-afiliados-del-radicalismo-llamaron-a-votar-por-sergio-massa\/\",\"name\":\"Conocidos afiliados del radicalismo, unos 200, llamaron a votar por Sergio Massa - Infoecos\",\"isPartOf\":{\"@id\":\"https:\/\/infoecos.com.ar\/#website\"},\"primaryImageOfPage\":{\"@id\":\"https:\/\/infoecos.com.ar\/index.php\/unos-200-conocidos-afiliados-del-radicalismo-llamaron-a-votar-por-sergio-massa\/#primaryimage\"},\"image\":{\"@id\":\"https:\/\/infoecos.com.ar\/index.php\/unos-200-conocidos-afiliados-del-radicalismo-llamaron-a-votar-por-sergio-massa\/#primaryimage\"},\"thumbnailUrl\":\"\",\"datePublished\":\"2023-11-10T04:15:24+00:00\",\"dateModified\":\"2023-11-10T04:20:15+00:00\",\"breadcrumb\":{\"@id\":\"https:\/\/infoecos.com.ar\/index.php\/unos-200-conocidos-afiliados-del-radicalismo-llamaron-a-votar-por-sergio-massa\/#breadcrumb\"},\"inLanguage\":\"es\",\"potentialAction\":[{\"@type\":\"ReadAction\",\"target\":[\"https:\/\/infoecos.com.ar\/index.php\/unos-200-conocidos-afiliados-del-radicalismo-llamaron-a-votar-por-sergio-massa\/\"]}]},{\"@type\":\"ImageObject\",\"inLanguage\":\"es\",\"@id\":\"https:\/\/infoecos.com.ar\/index.php\/unos-200-conocidos-afiliados-del-radicalismo-llamaron-a-votar-por-sergio-massa\/#primaryimage\",\"url\":\"\",\"contentUrl\":\"\"},{\"@type\":\"BreadcrumbList\",\"@id\":\"https:\/\/infoecos.com.ar\/index.php\/unos-200-conocidos-afiliados-del-radicalismo-llamaron-a-votar-por-sergio-massa\/#breadcrumb\",\"itemListElement\":[{\"@type\":\"ListItem\",\"position\":1,\"name\":\"Portada\",\"item\":\"https:\/\/infoecos.com.ar\/\"},{\"@type\":\"ListItem\",\"position\":2,\"name\":\"Conocidos afiliados del radicalismo, unos 200, llamaron a votar por Sergio Massa\"}]},{\"@type\":\"WebSite\",\"@id\":\"https:\/\/infoecos.com.ar\/#website\",\"url\":\"https:\/\/infoecos.com.ar\/\",\"name\":\"Infoecos\",\"description\":\"Noticias de trenque lauquen y la zona\",\"publisher\":{\"@id\":\"https:\/\/infoecos.com.ar\/#organization\"},\"alternateName\":\"Noticias\",\"potentialAction\":[{\"@type\":\"SearchAction\",\"target\":{\"@type\":\"EntryPoint\",\"urlTemplate\":\"https:\/\/infoecos.com.ar\/?s={search_term_string}\"},\"query-input\":{\"@type\":\"PropertyValueSpecification\",\"valueRequired\":true,\"valueName\":\"search_term_string\"}}],\"inLanguage\":\"es\"},{\"@type\":\"Organization\",\"@id\":\"https:\/\/infoecos.com.ar\/#organization\",\"name\":\"Infoecos\",\"alternateName\":\"Noticias\",\"url\":\"https:\/\/infoecos.com.ar\/\",\"logo\":{\"@type\":\"ImageObject\",\"inLanguage\":\"es\",\"@id\":\"https:\/\/infoecos.com.ar\/#\/schema\/logo\/image\/\",\"url\":\"https:\/\/infoecos.com.ar\/wp-content\/uploads\/2024\/03\/cropped-logo.png\",\"contentUrl\":\"https:\/\/infoecos.com.ar\/wp-content\/uploads\/2024\/03\/cropped-logo.png\",\"width\":374,\"height\":90,\"caption\":\"Infoecos\"},\"image\":{\"@id\":\"https:\/\/infoecos.com.ar\/#\/schema\/logo\/image\/\"},\"sameAs\":[\"https:\/\/www.facebook.com\/profile.php?id=100063200290284\",\"https:\/\/x.com\/infoecos\"]},{\"@type\":\"Person\",\"@id\":\"https:\/\/infoecos.com.ar\/#\/schema\/person\/8f5ace5ce73b4b4aac4b7245aee6f191\",\"name\":\"Jorge Matheus\",\"url\":\"https:\/\/infoecos.com.ar\/index.php\/author\/jomatheus\/\"}]}<\/script>\n<!-- \/ Yoast SEO plugin. -->","yoast_head_json":{"title":"Conocidos afiliados del radicalismo, unos 200, llamaron a votar por Sergio Massa - Infoecos","robots":{"index":"index","follow":"follow","max-snippet":"max-snippet:-1","max-image-preview":"max-image-preview:large","max-video-preview":"max-video-preview:-1"},"canonical":"https:\/\/infoecos.com.ar\/index.php\/unos-200-conocidos-afiliados-del-radicalismo-llamaron-a-votar-por-sergio-massa\/","og_locale":"es_ES","og_type":"article","og_title":"Conocidos afiliados del radicalismo, unos 200, llamaron a votar por Sergio Massa - Infoecos","og_description":"Los partidarios radicales destacaron que son \u00abopositores al muy mal gobierno actual\u00bb y anticiparon que lo ser\u00e1n \u00aba cualquiera que triunfe en el balotaje\u00bb porque \u00abel pueblo argentino nos ha ubicado en la oposici\u00f3n y ah\u00ed estaremos\u00bb","og_url":"https:\/\/infoecos.com.ar\/index.php\/unos-200-conocidos-afiliados-del-radicalismo-llamaron-a-votar-por-sergio-massa\/","og_site_name":"Infoecos","article_publisher":"https:\/\/www.facebook.com\/profile.php?id=100063200290284","article_published_time":"2023-11-10T04:15:24+00:00","article_modified_time":"2023-11-10T04:20:15+00:00","og_image":[{"width":510,"height":600,"url":"https:\/\/infoecos.com.ar\/wp-content\/uploads\/LOGOUCR.jpg","type":"image\/jpeg"}],"author":"Jorge Matheus","twitter_card":"summary_large_image","twitter_creator":"@infoecos","twitter_site":"@infoecos","twitter_misc":{"Escrito por":"Jorge Matheus","Tiempo de lectura":"1 minuto"},"schema":{"@context":"https:\/\/schema.org","@graph":[{"@type":"Article","@id":"https:\/\/infoecos.com.ar\/index.php\/unos-200-conocidos-afiliados-del-radicalismo-llamaron-a-votar-por-sergio-massa\/#article","isPartOf":{"@id":"https:\/\/infoecos.com.ar\/index.php\/unos-200-conocidos-afiliados-del-radicalismo-llamaron-a-votar-por-sergio-massa\/"},"author":{"name":"Jorge Matheus","@id":"https:\/\/infoecos.com.ar\/#\/schema\/person\/8f5ace5ce73b4b4aac4b7245aee6f191"},"headline":"Conocidos afiliados del radicalismo, unos 200, llamaron a votar por Sergio Massa","datePublished":"2023-11-10T04:15:24+00:00","dateModified":"2023-11-10T04:20:15+00:00","mainEntityOfPage":{"@id":"https:\/\/infoecos.com.ar\/index.php\/unos-200-conocidos-afiliados-del-radicalismo-llamaron-a-votar-por-sergio-massa\/"},"wordCount":216,"publisher":{"@id":"https:\/\/infoecos.com.ar\/#organization"},"image":{"@id":"https:\/\/infoecos.com.ar\/index.php\/unos-200-conocidos-afiliados-del-radicalismo-llamaron-a-votar-por-sergio-massa\/#primaryimage"},"thumbnailUrl":"","keywords":["balotaje presidencial"],"articleSection":["C3 N4"],"inLanguage":"es"},{"@type":"WebPage","@id":"https:\/\/infoecos.com.ar\/index.php\/unos-200-conocidos-afiliados-del-radicalismo-llamaron-a-votar-por-sergio-massa\/","url":"https:\/\/infoecos.com.ar\/index.php\/unos-200-conocidos-afiliados-del-radicalismo-llamaron-a-votar-por-sergio-massa\/","name":"Conocidos afiliados del radicalismo, unos 200, llamaron a votar por Sergio Massa - Infoecos","isPartOf":{"@id":"https:\/\/infoecos.com.ar\/#website"},"primaryImageOfPage":{"@id":"https:\/\/infoecos.com.ar\/index.php\/unos-200-conocidos-afiliados-del-radicalismo-llamaron-a-votar-por-sergio-massa\/#primaryimage"},"image":{"@id":"https:\/\/infoecos.com.ar\/index.php\/unos-200-conocidos-afiliados-del-radicalismo-llamaron-a-votar-por-sergio-massa\/#primaryimage"},"thumbnailUrl":"","datePublished":"2023-11-10T04:15:24+00:00","dateModified":"2023-11-10T04:20:15+00:00","breadcrumb":{"@id":"https:\/\/infoecos.com.ar\/index.php\/unos-200-conocidos-afiliados-del-radicalismo-llamaron-a-votar-por-sergio-massa\/#breadcrumb"},"inLanguage":"es","potentialAction":[{"@type":"ReadAction","target":["https:\/\/infoecos.com.ar\/index.php\/unos-200-conocidos-afiliados-del-radicalismo-llamaron-a-votar-por-sergio-massa\/"]}]},{"@type":"ImageObject","inLanguage":"es","@id":"https:\/\/infoecos.com.ar\/index.php\/unos-200-conocidos-afiliados-del-radicalismo-llamaron-a-votar-por-sergio-massa\/#primaryimage","url":"","contentUrl":""},{"@type":"BreadcrumbList","@id":"https:\/\/infoecos.com.ar\/index.php\/unos-200-conocidos-afiliados-del-radicalismo-llamaron-a-votar-por-sergio-massa\/#breadcrumb","itemListElement":[{"@type":"ListItem","position":1,"name":"Portada","item":"https:\/\/infoecos.com.ar\/"},{"@type":"ListItem","position":2,"name":"Conocidos afiliados del radicalismo, unos 200, llamaron a votar por Sergio Massa"}]},{"@type":"WebSite","@id":"https:\/\/infoecos.com.ar\/#website","url":"https:\/\/infoecos.com.ar\/","name":"Infoecos","description":"Noticias de trenque lauquen y la zona","publisher":{"@id":"https:\/\/infoecos.com.ar\/#organization"},"alternateName":"Noticias","potentialAction":[{"@type":"SearchAction","target":{"@type":"EntryPoint","urlTemplate":"https:\/\/infoecos.com.ar\/?s={search_term_string}"},"query-input":{"@type":"PropertyValueSpecification","valueRequired":true,"valueName":"search_term_string"}}],"inLanguage":"es"},{"@type":"Organization","@id":"https:\/\/infoecos.com.ar\/#organization","name":"Infoecos","alternateName":"Noticias","url":"https:\/\/infoecos.com.ar\/","logo":{"@type":"ImageObject","inLanguage":"es","@id":"https:\/\/infoecos.com.ar\/#\/schema\/logo\/image\/","url":"https:\/\/infoecos.com.ar\/wp-content\/uploads\/2024\/03\/cropped-logo.png","contentUrl":"https:\/\/infoecos.com.ar\/wp-content\/uploads\/2024\/03\/cropped-logo.png","width":374,"height":90,"caption":"Infoecos"},"image":{"@id":"https:\/\/infoecos.com.ar\/#\/schema\/logo\/image\/"},"sameAs":["https:\/\/www.facebook.com\/profile.php?id=100063200290284","https:\/\/x.com\/infoecos"]},{"@type":"Person","@id":"https:\/\/infoecos.com.ar\/#\/schema\/person\/8f5ace5ce73b4b4aac4b7245aee6f191","name":"Jorge Matheus","url":"https:\/\/infoecos.com.ar\/index.php\/author\/jomatheus\/"}]}},"featured_image_urls":{"full":"","thumbnail":"","medium":"","medium_large":"","large":"","1536x1536":"","2048x2048":"","covernews-slider-full":"","covernews-slider-center":"","covernews-featured":"","covernews-medium":"","covernews-medium-square":""},"author_info":{"info":["Jorge Matheus"]},"category_info":"<a href=\"https:\/\/infoecos.com.ar\/index.php\/category\/c3nota4\/\" rel=\"category tag\">C3 N4<\/a>","tag_info":"C3 N4","comment_count":"0","_links":{"self":[{"href":"https:\/\/infoecos.com.ar\/index.php\/wp-json\/wp\/v2\/posts\/115026"}],"collection":[{"href":"https:\/\/infoecos.com.ar\/index.php\/wp-json\/wp\/v2\/posts"}],"about":[{"href":"https:\/\/infoecos.com.ar\/index.php\/wp-json\/wp\/v2\/types\/post"}],"author":[{"embeddable":true,"href":"https:\/\/infoecos.com.ar\/index.php\/wp-json\/wp\/v2\/users\/2"}],"replies":[{"embeddable":true,"href":"https:\/\/infoecos.com.ar\/index.php\/wp-json\/wp\/v2\/comments?post=115026"}],"version-history":[{"count":2,"href":"https:\/\/infoecos.com.ar\/index.php\/wp-json\/wp\/v2\/posts\/115026\/revisions"}],"predecessor-version":[{"id":115030,"href":"https:\/\/infoecos.com.ar\/index.php\/wp-json\/wp\/v2\/posts\/115026\/revisions\/115030"}],"wp:featuredmedia":[{"embeddable":true,"href":"https:\/\/infoecos.com.ar\/index.php\/wp-json\/"}],"wp:attachment":[{"href":"https:\/\/infoecos.com.ar\/index.php\/wp-json\/wp\/v2\/media?parent=115026"}],"wp:term":[{"taxonomy":"category","embeddable":true,"href":"https:\/\/infoecos.com.ar\/index.php\/wp-json\/wp\/v2\/categories?post=115026"},{"taxonomy":"post_tag","embeddable":true,"href":"https:\/\/infoecos.com.ar\/index.php\/wp-json\/wp\/v2\/tags?post=115026"}],"curies":[{"name":"wp","href":"https:\/\/api.w.org\/{rel}","templated":true}]}}