{"id":115081,"date":"2023-11-12T14:11:02","date_gmt":"2023-11-12T17:11:02","guid":{"rendered":"https:\/\/infoecos.com.ar\/?p=115081"},"modified":"2023-11-12T15:46:49","modified_gmt":"2023-11-12T18:46:49","slug":"anses-a-partir-del-primero-de-diciembre-cuarto-y-ultimo-aumento","status":"publish","type":"post","link":"https:\/\/infoecos.com.ar\/index.php\/anses-a-partir-del-primero-de-diciembre-cuarto-y-ultimo-aumento\/","title":{"rendered":"ANSES: a partir del primero de diciembre, cuarto y \u00faltimo aumento"},"content":{"rendered":"\n<p>ANSES inform\u00f3 que, de acuerdo a la Ley de Movilidad Jubilatoria, el cuarto y \u00faltimo aumento anual ser\u00e1 del&nbsp;<strong>20,87 por ciento<\/strong>. Estar\u00e1 vigente a partir del&nbsp;<strong>1\u00ba de diciembre<\/strong>.<\/p>\n\n\n\n<p>De esta manera, el organismo continuar\u00e1 con su pol\u00edtica de refuerzos previsionales para seguir recuperando el poder adquisitivo de las jubilaciones y pensiones m\u00ednimas: en diciembre recibir\u00e1n&nbsp;<strong>55 mil pesos<\/strong>, por lo que<strong>&nbsp;ning\u00fan jubilado o pensionado cobrar\u00e1 menos de<\/strong>&nbsp;<strong>160.713 pesos<\/strong>. Esto se traduce en el 73 por ciento de los titulares alcanzados (5,5 millones de personas), se se\u00f1ala en un parte de prensa.<\/p>\n\n\n\n<p>Asimismo, el pr\u00f3ximo mes percibir\u00e1n el medio aguinaldo: de esa manera, quienes tengan un haber m\u00ednimo recibir\u00e1n&nbsp;<strong>213.569 pesos (movilidad + refuerzo + medio aguinaldo)<\/strong>. Si la persona tiene PAMI, tambi\u00e9n cobrar\u00e1 los 15 mil pesos del Refuerzo Alimentario de esta obra social.<\/p>\n\n\n\n<p><a><\/a>En tanto, las y los jubilados de la m\u00ednima que se jubilaron con los 30 a\u00f1os de aportes efectivos (sin moratorias ni Plan de Pago) recibir\u00e1n el complemento al 82 por ciento del SMVM, que ser\u00e1 de<strong>&nbsp;22.207 pesos<\/strong>. De esta manera, percibir\u00e1n&nbsp;<strong>182.920 pesos&nbsp;<\/strong>(complemento + haber m\u00ednimo + refuerzo). Y, tambi\u00e9n, el medio aguinaldo.<\/p>\n\n\n\n<p><a><\/a>La movilidad impactar\u00e1 en&nbsp;<strong>m\u00e1s de 17 millones de beneficios<\/strong>: 7,5 millones de jubilados y pensionados, as\u00ed como en titulares de asignaciones universales y familiares (AUH, AAFF, AxE, entre otras).<\/p>\n\n\n\n<p>De esta forma,&nbsp;<strong>la jubilaci\u00f3n m\u00ednima habr\u00e1 tenido un incremento interanual del 167 por ciento&nbsp;<\/strong>(diciembre 2022 &#8211; diciembre 2023), ubic\u00e1ndose por encima de la inflaci\u00f3n del per\u00edodo.<\/p>\n\n\n\n<p>A su vez, con este nuevo aumento,&nbsp;<strong>la Asignaci\u00f3n Universal por Hija e Hijo (AUH) y la Asignaci\u00f3n por Embarazo pasar\u00e1n a ser de 20.661 pesos<\/strong>. Del mismo modo, el incremento impactar\u00e1 en las AAFF por Prenatal, Nacimiento, Adopci\u00f3n, Matrimonio, C\u00f3nyuge y el Complemento de leche de la Ley de los 1000 d\u00edas.<\/p>\n","protected":false},"excerpt":{"rendered":"<p>Quienes tengan un haber m\u00ednimo recibir\u00e1n\u00a0213.569 pesos (movilidad + refuerzo + medio aguinaldo). Si la persona tiene PAMI, tambi\u00e9n cobrar\u00e1 los 15 mil pesos del Refuerzo Alimentario de esta obra social<\/p>\n","protected":false},"author":2,"featured_media":77020,"comment_status":"closed","ping_status":"open","sticky":false,"template":"","format":"standard","meta":{"footnotes":""},"categories":[45],"tags":[9572],"class_list":["post-115081","post","type-post","status-publish","format-standard","has-post-thumbnail","hentry","category-c1nota2","tag-movilidad-jubilatoria"],"yoast_head":"<!-- This site is optimized with the Yoast SEO plugin v23.4 - https:\/\/yoast.com\/wordpress\/plugins\/seo\/ -->\n<title>ANSES: a partir del primero de diciembre, cuarto y \u00faltimo aumento - Infoecos<\/title>\n<meta name=\"robots\" content=\"index, follow, max-snippet:-1, max-image-preview:large, max-video-preview:-1\" \/>\n<link rel=\"canonical\" href=\"https:\/\/infoecos.com.ar\/index.php\/anses-a-partir-del-primero-de-diciembre-cuarto-y-ultimo-aumento\/\" \/>\n<meta property=\"og:locale\" content=\"es_ES\" \/>\n<meta property=\"og:type\" content=\"article\" \/>\n<meta property=\"og:title\" content=\"ANSES: a partir del primero de diciembre, cuarto y \u00faltimo aumento - Infoecos\" \/>\n<meta property=\"og:description\" content=\"Quienes tengan un haber m\u00ednimo recibir\u00e1n\u00a0213.569 pesos (movilidad + refuerzo + medio aguinaldo). Si la persona tiene PAMI, tambi\u00e9n cobrar\u00e1 los 15 mil pesos del Refuerzo Alimentario de esta obra social\" \/>\n<meta property=\"og:url\" content=\"https:\/\/infoecos.com.ar\/index.php\/anses-a-partir-del-primero-de-diciembre-cuarto-y-ultimo-aumento\/\" \/>\n<meta property=\"og:site_name\" content=\"Infoecos\" \/>\n<meta property=\"article:publisher\" content=\"https:\/\/www.facebook.com\/profile.php?id=100063200290284\" \/>\n<meta property=\"article:published_time\" content=\"2023-11-12T17:11:02+00:00\" \/>\n<meta property=\"article:modified_time\" content=\"2023-11-12T18:46:49+00:00\" \/>\n<meta property=\"og:image\" content=\"https:\/\/infoecos.com.ar\/wp-content\/uploads\/2021\/03\/ANSESTL.jpg\" \/>\n\t<meta property=\"og:image:width\" content=\"480\" \/>\n\t<meta property=\"og:image:height\" content=\"360\" \/>\n\t<meta property=\"og:image:type\" content=\"image\/jpeg\" \/>\n<meta name=\"author\" content=\"Jorge Matheus\" \/>\n<meta name=\"twitter:card\" content=\"summary_large_image\" \/>\n<meta name=\"twitter:creator\" content=\"@infoecos\" \/>\n<meta name=\"twitter:site\" content=\"@infoecos\" \/>\n<meta name=\"twitter:label1\" content=\"Escrito por\" \/>\n\t<meta name=\"twitter:data1\" content=\"Jorge Matheus\" \/>\n\t<meta name=\"twitter:label2\" content=\"Tiempo de lectura\" \/>\n\t<meta name=\"twitter:data2\" content=\"2 minutos\" \/>\n<script type=\"application\/ld+json\" class=\"yoast-schema-graph\">{\"@context\":\"https:\/\/schema.org\",\"@graph\":[{\"@type\":\"Article\",\"@id\":\"https:\/\/infoecos.com.ar\/index.php\/anses-a-partir-del-primero-de-diciembre-cuarto-y-ultimo-aumento\/#article\",\"isPartOf\":{\"@id\":\"https:\/\/infoecos.com.ar\/index.php\/anses-a-partir-del-primero-de-diciembre-cuarto-y-ultimo-aumento\/\"},\"author\":{\"name\":\"Jorge Matheus\",\"@id\":\"https:\/\/infoecos.com.ar\/#\/schema\/person\/8f5ace5ce73b4b4aac4b7245aee6f191\"},\"headline\":\"ANSES: a partir del primero de diciembre, cuarto y \u00faltimo aumento\",\"datePublished\":\"2023-11-12T17:11:02+00:00\",\"dateModified\":\"2023-11-12T18:46:49+00:00\",\"mainEntityOfPage\":{\"@id\":\"https:\/\/infoecos.com.ar\/index.php\/anses-a-partir-del-primero-de-diciembre-cuarto-y-ultimo-aumento\/\"},\"wordCount\":334,\"publisher\":{\"@id\":\"https:\/\/infoecos.com.ar\/#organization\"},\"image\":{\"@id\":\"https:\/\/infoecos.com.ar\/index.php\/anses-a-partir-del-primero-de-diciembre-cuarto-y-ultimo-aumento\/#primaryimage\"},\"thumbnailUrl\":\"https:\/\/infoecos.com.ar\/wp-content\/uploads\/2021\/03\/ANSESTL.jpg\",\"keywords\":[\"MOVILIDAD JUBILATORIA\"],\"articleSection\":[\"C1 N2\"],\"inLanguage\":\"es\"},{\"@type\":\"WebPage\",\"@id\":\"https:\/\/infoecos.com.ar\/index.php\/anses-a-partir-del-primero-de-diciembre-cuarto-y-ultimo-aumento\/\",\"url\":\"https:\/\/infoecos.com.ar\/index.php\/anses-a-partir-del-primero-de-diciembre-cuarto-y-ultimo-aumento\/\",\"name\":\"ANSES: a partir del primero de diciembre, cuarto y \u00faltimo aumento - Infoecos\",\"isPartOf\":{\"@id\":\"https:\/\/infoecos.com.ar\/#website\"},\"primaryImageOfPage\":{\"@id\":\"https:\/\/infoecos.com.ar\/index.php\/anses-a-partir-del-primero-de-diciembre-cuarto-y-ultimo-aumento\/#primaryimage\"},\"image\":{\"@id\":\"https:\/\/infoecos.com.ar\/index.php\/anses-a-partir-del-primero-de-diciembre-cuarto-y-ultimo-aumento\/#primaryimage\"},\"thumbnailUrl\":\"https:\/\/infoecos.com.ar\/wp-content\/uploads\/2021\/03\/ANSESTL.jpg\",\"datePublished\":\"2023-11-12T17:11:02+00:00\",\"dateModified\":\"2023-11-12T18:46:49+00:00\",\"breadcrumb\":{\"@id\":\"https:\/\/infoecos.com.ar\/index.php\/anses-a-partir-del-primero-de-diciembre-cuarto-y-ultimo-aumento\/#breadcrumb\"},\"inLanguage\":\"es\",\"potentialAction\":[{\"@type\":\"ReadAction\",\"target\":[\"https:\/\/infoecos.com.ar\/index.php\/anses-a-partir-del-primero-de-diciembre-cuarto-y-ultimo-aumento\/\"]}]},{\"@type\":\"ImageObject\",\"inLanguage\":\"es\",\"@id\":\"https:\/\/infoecos.com.ar\/index.php\/anses-a-partir-del-primero-de-diciembre-cuarto-y-ultimo-aumento\/#primaryimage\",\"url\":\"https:\/\/infoecos.com.ar\/wp-content\/uploads\/2021\/03\/ANSESTL.jpg\",\"contentUrl\":\"https:\/\/infoecos.com.ar\/wp-content\/uploads\/2021\/03\/ANSESTL.jpg\",\"width\":480,\"height\":360},{\"@type\":\"BreadcrumbList\",\"@id\":\"https:\/\/infoecos.com.ar\/index.php\/anses-a-partir-del-primero-de-diciembre-cuarto-y-ultimo-aumento\/#breadcrumb\",\"itemListElement\":[{\"@type\":\"ListItem\",\"position\":1,\"name\":\"Portada\",\"item\":\"https:\/\/infoecos.com.ar\/\"},{\"@type\":\"ListItem\",\"position\":2,\"name\":\"ANSES: a partir del primero de diciembre, cuarto y \u00faltimo aumento\"}]},{\"@type\":\"WebSite\",\"@id\":\"https:\/\/infoecos.com.ar\/#website\",\"url\":\"https:\/\/infoecos.com.ar\/\",\"name\":\"Infoecos\",\"description\":\"Noticias de trenque lauquen y la zona\",\"publisher\":{\"@id\":\"https:\/\/infoecos.com.ar\/#organization\"},\"alternateName\":\"Noticias\",\"potentialAction\":[{\"@type\":\"SearchAction\",\"target\":{\"@type\":\"EntryPoint\",\"urlTemplate\":\"https:\/\/infoecos.com.ar\/?s={search_term_string}\"},\"query-input\":{\"@type\":\"PropertyValueSpecification\",\"valueRequired\":true,\"valueName\":\"search_term_string\"}}],\"inLanguage\":\"es\"},{\"@type\":\"Organization\",\"@id\":\"https:\/\/infoecos.com.ar\/#organization\",\"name\":\"Infoecos\",\"alternateName\":\"Noticias\",\"url\":\"https:\/\/infoecos.com.ar\/\",\"logo\":{\"@type\":\"ImageObject\",\"inLanguage\":\"es\",\"@id\":\"https:\/\/infoecos.com.ar\/#\/schema\/logo\/image\/\",\"url\":\"https:\/\/infoecos.com.ar\/wp-content\/uploads\/2024\/03\/cropped-logo.png\",\"contentUrl\":\"https:\/\/infoecos.com.ar\/wp-content\/uploads\/2024\/03\/cropped-logo.png\",\"width\":374,\"height\":90,\"caption\":\"Infoecos\"},\"image\":{\"@id\":\"https:\/\/infoecos.com.ar\/#\/schema\/logo\/image\/\"},\"sameAs\":[\"https:\/\/www.facebook.com\/profile.php?id=100063200290284\",\"https:\/\/x.com\/infoecos\"]},{\"@type\":\"Person\",\"@id\":\"https:\/\/infoecos.com.ar\/#\/schema\/person\/8f5ace5ce73b4b4aac4b7245aee6f191\",\"name\":\"Jorge Matheus\",\"url\":\"https:\/\/infoecos.com.ar\/index.php\/author\/jomatheus\/\"}]}<\/script>\n<!-- \/ Yoast SEO plugin. -->","yoast_head_json":{"title":"ANSES: a partir del primero de diciembre, cuarto y \u00faltimo aumento - Infoecos","robots":{"index":"index","follow":"follow","max-snippet":"max-snippet:-1","max-image-preview":"max-image-preview:large","max-video-preview":"max-video-preview:-1"},"canonical":"https:\/\/infoecos.com.ar\/index.php\/anses-a-partir-del-primero-de-diciembre-cuarto-y-ultimo-aumento\/","og_locale":"es_ES","og_type":"article","og_title":"ANSES: a partir del primero de diciembre, cuarto y \u00faltimo aumento - Infoecos","og_description":"Quienes tengan un haber m\u00ednimo recibir\u00e1n\u00a0213.569 pesos (movilidad + refuerzo + medio aguinaldo). Si la persona tiene PAMI, tambi\u00e9n cobrar\u00e1 los 15 mil pesos del Refuerzo Alimentario de esta obra social","og_url":"https:\/\/infoecos.com.ar\/index.php\/anses-a-partir-del-primero-de-diciembre-cuarto-y-ultimo-aumento\/","og_site_name":"Infoecos","article_publisher":"https:\/\/www.facebook.com\/profile.php?id=100063200290284","article_published_time":"2023-11-12T17:11:02+00:00","article_modified_time":"2023-11-12T18:46:49+00:00","og_image":[{"width":480,"height":360,"url":"https:\/\/infoecos.com.ar\/wp-content\/uploads\/2021\/03\/ANSESTL.jpg","type":"image\/jpeg"}],"author":"Jorge Matheus","twitter_card":"summary_large_image","twitter_creator":"@infoecos","twitter_site":"@infoecos","twitter_misc":{"Escrito por":"Jorge Matheus","Tiempo de lectura":"2 minutos"},"schema":{"@context":"https:\/\/schema.org","@graph":[{"@type":"Article","@id":"https:\/\/infoecos.com.ar\/index.php\/anses-a-partir-del-primero-de-diciembre-cuarto-y-ultimo-aumento\/#article","isPartOf":{"@id":"https:\/\/infoecos.com.ar\/index.php\/anses-a-partir-del-primero-de-diciembre-cuarto-y-ultimo-aumento\/"},"author":{"name":"Jorge Matheus","@id":"https:\/\/infoecos.com.ar\/#\/schema\/person\/8f5ace5ce73b4b4aac4b7245aee6f191"},"headline":"ANSES: a partir del primero de diciembre, cuarto y \u00faltimo aumento","datePublished":"2023-11-12T17:11:02+00:00","dateModified":"2023-11-12T18:46:49+00:00","mainEntityOfPage":{"@id":"https:\/\/infoecos.com.ar\/index.php\/anses-a-partir-del-primero-de-diciembre-cuarto-y-ultimo-aumento\/"},"wordCount":334,"publisher":{"@id":"https:\/\/infoecos.com.ar\/#organization"},"image":{"@id":"https:\/\/infoecos.com.ar\/index.php\/anses-a-partir-del-primero-de-diciembre-cuarto-y-ultimo-aumento\/#primaryimage"},"thumbnailUrl":"https:\/\/infoecos.com.ar\/wp-content\/uploads\/2021\/03\/ANSESTL.jpg","keywords":["MOVILIDAD JUBILATORIA"],"articleSection":["C1 N2"],"inLanguage":"es"},{"@type":"WebPage","@id":"https:\/\/infoecos.com.ar\/index.php\/anses-a-partir-del-primero-de-diciembre-cuarto-y-ultimo-aumento\/","url":"https:\/\/infoecos.com.ar\/index.php\/anses-a-partir-del-primero-de-diciembre-cuarto-y-ultimo-aumento\/","name":"ANSES: a partir del primero de diciembre, cuarto y \u00faltimo aumento - Infoecos","isPartOf":{"@id":"https:\/\/infoecos.com.ar\/#website"},"primaryImageOfPage":{"@id":"https:\/\/infoecos.com.ar\/index.php\/anses-a-partir-del-primero-de-diciembre-cuarto-y-ultimo-aumento\/#primaryimage"},"image":{"@id":"https:\/\/infoecos.com.ar\/index.php\/anses-a-partir-del-primero-de-diciembre-cuarto-y-ultimo-aumento\/#primaryimage"},"thumbnailUrl":"https:\/\/infoecos.com.ar\/wp-content\/uploads\/2021\/03\/ANSESTL.jpg","datePublished":"2023-11-12T17:11:02+00:00","dateModified":"2023-11-12T18:46:49+00:00","breadcrumb":{"@id":"https:\/\/infoecos.com.ar\/index.php\/anses-a-partir-del-primero-de-diciembre-cuarto-y-ultimo-aumento\/#breadcrumb"},"inLanguage":"es","potentialAction":[{"@type":"ReadAction","target":["https:\/\/infoecos.com.ar\/index.php\/anses-a-partir-del-primero-de-diciembre-cuarto-y-ultimo-aumento\/"]}]},{"@type":"ImageObject","inLanguage":"es","@id":"https:\/\/infoecos.com.ar\/index.php\/anses-a-partir-del-primero-de-diciembre-cuarto-y-ultimo-aumento\/#primaryimage","url":"https:\/\/infoecos.com.ar\/wp-content\/uploads\/2021\/03\/ANSESTL.jpg","contentUrl":"https:\/\/infoecos.com.ar\/wp-content\/uploads\/2021\/03\/ANSESTL.jpg","width":480,"height":360},{"@type":"BreadcrumbList","@id":"https:\/\/infoecos.com.ar\/index.php\/anses-a-partir-del-primero-de-diciembre-cuarto-y-ultimo-aumento\/#breadcrumb","itemListElement":[{"@type":"ListItem","position":1,"name":"Portada","item":"https:\/\/infoecos.com.ar\/"},{"@type":"ListItem","position":2,"name":"ANSES: a partir del primero de diciembre, cuarto y \u00faltimo aumento"}]},{"@type":"WebSite","@id":"https:\/\/infoecos.com.ar\/#website","url":"https:\/\/infoecos.com.ar\/","name":"Infoecos","description":"Noticias de trenque lauquen y la zona","publisher":{"@id":"https:\/\/infoecos.com.ar\/#organization"},"alternateName":"Noticias","potentialAction":[{"@type":"SearchAction","target":{"@type":"EntryPoint","urlTemplate":"https:\/\/infoecos.com.ar\/?s={search_term_string}"},"query-input":{"@type":"PropertyValueSpecification","valueRequired":true,"valueName":"search_term_string"}}],"inLanguage":"es"},{"@type":"Organization","@id":"https:\/\/infoecos.com.ar\/#organization","name":"Infoecos","alternateName":"Noticias","url":"https:\/\/infoecos.com.ar\/","logo":{"@type":"ImageObject","inLanguage":"es","@id":"https:\/\/infoecos.com.ar\/#\/schema\/logo\/image\/","url":"https:\/\/infoecos.com.ar\/wp-content\/uploads\/2024\/03\/cropped-logo.png","contentUrl":"https:\/\/infoecos.com.ar\/wp-content\/uploads\/2024\/03\/cropped-logo.png","width":374,"height":90,"caption":"Infoecos"},"image":{"@id":"https:\/\/infoecos.com.ar\/#\/schema\/logo\/image\/"},"sameAs":["https:\/\/www.facebook.com\/profile.php?id=100063200290284","https:\/\/x.com\/infoecos"]},{"@type":"Person","@id":"https:\/\/infoecos.com.ar\/#\/schema\/person\/8f5ace5ce73b4b4aac4b7245aee6f191","name":"Jorge Matheus","url":"https:\/\/infoecos.com.ar\/index.php\/author\/jomatheus\/"}]}},"featured_image_urls":{"full":["https:\/\/infoecos.com.ar\/wp-content\/uploads\/2021\/03\/ANSESTL.jpg",480,360,false],"thumbnail":["https:\/\/infoecos.com.ar\/wp-content\/uploads\/2021\/03\/ANSESTL-150x150.jpg",150,150,true],"medium":["https:\/\/infoecos.com.ar\/wp-content\/uploads\/2021\/03\/ANSESTL-460x345.jpg",460,345,true],"medium_large":["https:\/\/infoecos.com.ar\/wp-content\/uploads\/2021\/03\/ANSESTL.jpg",480,360,false],"large":["https:\/\/infoecos.com.ar\/wp-content\/uploads\/2021\/03\/ANSESTL.jpg",480,360,false],"1536x1536":["https:\/\/infoecos.com.ar\/wp-content\/uploads\/2021\/03\/ANSESTL.jpg",480,360,false],"2048x2048":["https:\/\/infoecos.com.ar\/wp-content\/uploads\/2021\/03\/ANSESTL.jpg",480,360,false],"covernews-slider-full":["https:\/\/infoecos.com.ar\/wp-content\/uploads\/2021\/03\/ANSESTL.jpg",480,360,false],"covernews-slider-center":["https:\/\/infoecos.com.ar\/wp-content\/uploads\/2021\/03\/ANSESTL.jpg",480,360,false],"covernews-featured":["https:\/\/infoecos.com.ar\/wp-content\/uploads\/2021\/03\/ANSESTL.jpg",480,360,false],"covernews-medium":["https:\/\/infoecos.com.ar\/wp-content\/uploads\/2021\/03\/ANSESTL.jpg",453,340,false],"covernews-medium-square":["https:\/\/infoecos.com.ar\/wp-content\/uploads\/2021\/03\/ANSESTL.jpg",333,250,false]},"author_info":{"info":["Jorge Matheus"]},"category_info":"<a href=\"https:\/\/infoecos.com.ar\/index.php\/category\/c1nota2\/\" rel=\"category tag\">C1 N2<\/a>","tag_info":"C1 N2","comment_count":"0","_links":{"self":[{"href":"https:\/\/infoecos.com.ar\/index.php\/wp-json\/wp\/v2\/posts\/115081"}],"collection":[{"href":"https:\/\/infoecos.com.ar\/index.php\/wp-json\/wp\/v2\/posts"}],"about":[{"href":"https:\/\/infoecos.com.ar\/index.php\/wp-json\/wp\/v2\/types\/post"}],"author":[{"embeddable":true,"href":"https:\/\/infoecos.com.ar\/index.php\/wp-json\/wp\/v2\/users\/2"}],"replies":[{"embeddable":true,"href":"https:\/\/infoecos.com.ar\/index.php\/wp-json\/wp\/v2\/comments?post=115081"}],"version-history":[{"count":2,"href":"https:\/\/infoecos.com.ar\/index.php\/wp-json\/wp\/v2\/posts\/115081\/revisions"}],"predecessor-version":[{"id":115101,"href":"https:\/\/infoecos.com.ar\/index.php\/wp-json\/wp\/v2\/posts\/115081\/revisions\/115101"}],"wp:featuredmedia":[{"embeddable":true,"href":"https:\/\/infoecos.com.ar\/index.php\/wp-json\/wp\/v2\/media\/77020"}],"wp:attachment":[{"href":"https:\/\/infoecos.com.ar\/index.php\/wp-json\/wp\/v2\/media?parent=115081"}],"wp:term":[{"taxonomy":"category","embeddable":true,"href":"https:\/\/infoecos.com.ar\/index.php\/wp-json\/wp\/v2\/categories?post=115081"},{"taxonomy":"post_tag","embeddable":true,"href":"https:\/\/infoecos.com.ar\/index.php\/wp-json\/wp\/v2\/tags?post=115081"}],"curies":[{"name":"wp","href":"https:\/\/api.w.org\/{rel}","templated":true}]}}