{"id":115085,"date":"2023-11-12T15:11:19","date_gmt":"2023-11-12T18:11:19","guid":{"rendered":"https:\/\/infoecos.com.ar\/?p=115085"},"modified":"2023-11-12T15:11:19","modified_gmt":"2023-11-12T18:11:19","slug":"viviendas-sociales-en-t-lauquen-inscripcion-abierta","status":"publish","type":"post","link":"https:\/\/infoecos.com.ar\/index.php\/viviendas-sociales-en-t-lauquen-inscripcion-abierta\/","title":{"rendered":"Viviendas Sociales en T.Lauquen: inscripci\u00f3n abierta"},"content":{"rendered":"\n<p>Hasta el mi\u00e9rcoles 22 de noviembre pr\u00f3ximo inclusive la municipalidad de Trenque Lauquen tendr\u00e1 abierta la inscripci\u00f3n del Registro \u00danico y Permanente de Demanda Habitacional (RUPDH) para las 60 viviendas sociales que se est\u00e1n construyendo en la ciudad cabecera con financiamiento del Instituto de la Vivienda de la Provincia de Buenos Aires (IVBA)<\/p>\n\n\n\n<p>La apertura de inscripci\u00f3n se hace \u00fanicamente para titulares de grupos familiares con hijos\/as que hasta el momento no se hayan registrado y para quienes estando ya anotados, desde entonces hasta ahora tuvieron cambios en la conformaci\u00f3n del n\u00facleo familiar.<\/p>\n\n\n\n<p>Quedan exceptuados del tr\u00e1mite de inscripci\u00f3n y participar\u00e1n autom\u00e1ticamente del sorteo aquellas\/os titulares de grupos familiares que est\u00e9n inscriptos y no tengan que reportar ninguna modificaci\u00f3n.<\/p>\n\n\n\n<p>La inscripci\u00f3n se realiza de lunes a viernes de 8 a 13 en la subsecretar\u00eda de Desarrollo Humano municipal, en 25 de mayo n\u00ba44, entre Villegas y San Mart\u00edn.<\/p>\n\n\n\n<p>El o la titular de los nuevos grupos familiares que se presenten para anotarse deber\u00e1n cumplir las siguientes condiciones:<\/p>\n\n\n\n<p>&nbsp;\u2013 REQUISITOS<\/p>\n\n\n\n<p>. Ingresos por un monto m\u00e1ximo de hasta seis (6) Salario M\u00ednimos Vitales y M\u00f3viles.<\/p>\n\n\n\n<p>. Residencia m\u00ednima de dos (2) a\u00f1os para nacidos en Trenque Lauquen.<\/p>\n\n\n\n<p>. Residencia m\u00ednima de cinco (5) a\u00f1os para quienes no hayan nacido en el distrito de Trenque Lauquen.<\/p>\n\n\n\n<p>\u2013 DOCUMENTACI\u00d3N<\/p>\n\n\n\n<p>Solo podr\u00e1n registrarse \u2013sin excepci\u00f3n- aquellas personas que se presenten con la documentaci\u00f3n solicitada completa:<\/p>\n\n\n\n<p>. Fotocopia de DNI de todo el grupo familiar.<\/p>\n\n\n\n<p>. Contrato de alquiler (quienes son inquilinos).<\/p>\n\n\n\n<p>. Constancia de ingresos: planes sociales, Asignaci\u00f3n Universal por Hijo (AUH), pensiones, jubilaciones, etc. (seg\u00fan corresponda).<\/p>\n\n\n\n<p>. Constancia de inscripci\u00f3n de Monotributista (en caso de estar anotado de ese modo).<\/p>\n\n\n\n<p>. \u00daltimos tres (3) recibos de sueldo (quienes est\u00e9n empleados\/as)<\/p>\n\n\n\n<p>. Certificado de discapacidad vigente.<\/p>\n\n\n\n<p>. Declaraci\u00f3n jurada (se hace junto con la inscripci\u00f3n, en la oficina de Desarrollo Humano).<\/p>\n\n\n\n<p>La inscripci\u00f3n es una exigencia ineludible del Instituto de la Vivienda a partir de la implementaci\u00f3n del Registro \u00danico y Permanente de Demanda Habitacional (RUPDH), una herramienta digital que permite que los vecinos\/as asienten sus necesidades habitacionales y puedan postularse para acceder a las viviendas. Trenque Lauquen es uno de los distritos que adhiri\u00f3 al mismo.<\/p>\n\n\n\n<p>De estas 60 viviendas sociales, un 5 por ciento corresponde al cupo para personas con discapacidad.<\/p>\n\n\n\n<p>Quedan por definir tanto la fecha del sorteo como la de la entrega de viviendas.<\/p>\n\n\n\n<p>La construcci\u00f3n de las 60 nuevas se realiza entre las calles Melvin Jones, Ra\u00fal Alfons\u00edn, N\u00e9stor Kirchner y De la Cooperaci\u00f3n (Circ XVII, Secc C, Chacra 222, Manzanas 222 t, w, x, y \u2013 parcelas 4 a 23), y est\u00e1n destinadas a los sectores de menores ingresos. El IVBA determinar\u00e1 el monto de las cuotas.<\/p>\n\n\n\n<p>El Municipio tendr\u00e1 a su cargo realizar la Preselecci\u00f3n de aspirantes y el ministerio de H\u00e1bitat y Desarrollo Urbano a trav\u00e9s del IVBA har\u00e1 la selecci\u00f3n definitiva. Esto ocurrir\u00e1 reci\u00e9n cuando las casas est\u00e9n a punto de ser entregadas.<\/p>\n","protected":false},"excerpt":{"rendered":"<p>Quedan exceptuados del tr\u00e1mite de inscripci\u00f3n y participar\u00e1n autom\u00e1ticamente del sorteo aquellas\/os titulares de grupos familiares que est\u00e9n inscriptos y no tengan que reportar ninguna modificaci\u00f3n<\/p>\n","protected":false},"author":2,"featured_media":102300,"comment_status":"closed","ping_status":"open","sticky":false,"template":"","format":"standard","meta":{"footnotes":""},"categories":[29],"tags":[9573],"class_list":["post-115085","post","type-post","status-publish","format-standard","has-post-thumbnail","hentry","category-c2nota1","tag-para-las-que-estan-en-construccion"],"yoast_head":"<!-- This site is optimized with the Yoast SEO plugin v23.4 - https:\/\/yoast.com\/wordpress\/plugins\/seo\/ -->\n<title>Viviendas Sociales en T.Lauquen: inscripci\u00f3n abierta - Infoecos<\/title>\n<meta name=\"robots\" content=\"index, follow, max-snippet:-1, max-image-preview:large, max-video-preview:-1\" \/>\n<link rel=\"canonical\" href=\"https:\/\/infoecos.com.ar\/index.php\/viviendas-sociales-en-t-lauquen-inscripcion-abierta\/\" \/>\n<meta property=\"og:locale\" content=\"es_ES\" \/>\n<meta property=\"og:type\" content=\"article\" \/>\n<meta property=\"og:title\" content=\"Viviendas Sociales en T.Lauquen: inscripci\u00f3n abierta - Infoecos\" \/>\n<meta property=\"og:description\" content=\"Quedan exceptuados del tr\u00e1mite de inscripci\u00f3n y participar\u00e1n autom\u00e1ticamente del sorteo aquellas\/os titulares de grupos familiares que est\u00e9n inscriptos y no tengan que reportar ninguna modificaci\u00f3n\" \/>\n<meta property=\"og:url\" content=\"https:\/\/infoecos.com.ar\/index.php\/viviendas-sociales-en-t-lauquen-inscripcion-abierta\/\" \/>\n<meta property=\"og:site_name\" content=\"Infoecos\" \/>\n<meta property=\"article:publisher\" content=\"https:\/\/www.facebook.com\/profile.php?id=100063200290284\" \/>\n<meta property=\"article:published_time\" content=\"2023-11-12T18:11:19+00:00\" \/>\n<meta property=\"og:image\" content=\"https:\/\/infoecos.com.ar\/wp-content\/uploads\/2023\/02\/Foto-RUPDH-1.jpeg\" \/>\n\t<meta property=\"og:image:width\" content=\"1024\" \/>\n\t<meta property=\"og:image:height\" content=\"576\" \/>\n\t<meta property=\"og:image:type\" content=\"image\/jpeg\" \/>\n<meta name=\"author\" content=\"Jorge Matheus\" \/>\n<meta name=\"twitter:card\" content=\"summary_large_image\" \/>\n<meta name=\"twitter:creator\" content=\"@infoecos\" \/>\n<meta name=\"twitter:site\" content=\"@infoecos\" \/>\n<meta name=\"twitter:label1\" content=\"Escrito por\" \/>\n\t<meta name=\"twitter:data1\" content=\"Jorge Matheus\" \/>\n\t<meta name=\"twitter:label2\" content=\"Tiempo de lectura\" \/>\n\t<meta name=\"twitter:data2\" content=\"3 minutos\" \/>\n<script type=\"application\/ld+json\" class=\"yoast-schema-graph\">{\"@context\":\"https:\/\/schema.org\",\"@graph\":[{\"@type\":\"Article\",\"@id\":\"https:\/\/infoecos.com.ar\/index.php\/viviendas-sociales-en-t-lauquen-inscripcion-abierta\/#article\",\"isPartOf\":{\"@id\":\"https:\/\/infoecos.com.ar\/index.php\/viviendas-sociales-en-t-lauquen-inscripcion-abierta\/\"},\"author\":{\"name\":\"Jorge Matheus\",\"@id\":\"https:\/\/infoecos.com.ar\/#\/schema\/person\/8f5ace5ce73b4b4aac4b7245aee6f191\"},\"headline\":\"Viviendas Sociales en T.Lauquen: inscripci\u00f3n abierta\",\"datePublished\":\"2023-11-12T18:11:19+00:00\",\"dateModified\":\"2023-11-12T18:11:19+00:00\",\"mainEntityOfPage\":{\"@id\":\"https:\/\/infoecos.com.ar\/index.php\/viviendas-sociales-en-t-lauquen-inscripcion-abierta\/\"},\"wordCount\":520,\"publisher\":{\"@id\":\"https:\/\/infoecos.com.ar\/#organization\"},\"image\":{\"@id\":\"https:\/\/infoecos.com.ar\/index.php\/viviendas-sociales-en-t-lauquen-inscripcion-abierta\/#primaryimage\"},\"thumbnailUrl\":\"https:\/\/infoecos.com.ar\/wp-content\/uploads\/2023\/02\/Foto-RUPDH-1.jpeg\",\"keywords\":[\"para las que est\u00e1n en construcci\u00f3n\"],\"articleSection\":[\"C2 nota 1\"],\"inLanguage\":\"es\"},{\"@type\":\"WebPage\",\"@id\":\"https:\/\/infoecos.com.ar\/index.php\/viviendas-sociales-en-t-lauquen-inscripcion-abierta\/\",\"url\":\"https:\/\/infoecos.com.ar\/index.php\/viviendas-sociales-en-t-lauquen-inscripcion-abierta\/\",\"name\":\"Viviendas Sociales en T.Lauquen: inscripci\u00f3n abierta - Infoecos\",\"isPartOf\":{\"@id\":\"https:\/\/infoecos.com.ar\/#website\"},\"primaryImageOfPage\":{\"@id\":\"https:\/\/infoecos.com.ar\/index.php\/viviendas-sociales-en-t-lauquen-inscripcion-abierta\/#primaryimage\"},\"image\":{\"@id\":\"https:\/\/infoecos.com.ar\/index.php\/viviendas-sociales-en-t-lauquen-inscripcion-abierta\/#primaryimage\"},\"thumbnailUrl\":\"https:\/\/infoecos.com.ar\/wp-content\/uploads\/2023\/02\/Foto-RUPDH-1.jpeg\",\"datePublished\":\"2023-11-12T18:11:19+00:00\",\"dateModified\":\"2023-11-12T18:11:19+00:00\",\"breadcrumb\":{\"@id\":\"https:\/\/infoecos.com.ar\/index.php\/viviendas-sociales-en-t-lauquen-inscripcion-abierta\/#breadcrumb\"},\"inLanguage\":\"es\",\"potentialAction\":[{\"@type\":\"ReadAction\",\"target\":[\"https:\/\/infoecos.com.ar\/index.php\/viviendas-sociales-en-t-lauquen-inscripcion-abierta\/\"]}]},{\"@type\":\"ImageObject\",\"inLanguage\":\"es\",\"@id\":\"https:\/\/infoecos.com.ar\/index.php\/viviendas-sociales-en-t-lauquen-inscripcion-abierta\/#primaryimage\",\"url\":\"https:\/\/infoecos.com.ar\/wp-content\/uploads\/2023\/02\/Foto-RUPDH-1.jpeg\",\"contentUrl\":\"https:\/\/infoecos.com.ar\/wp-content\/uploads\/2023\/02\/Foto-RUPDH-1.jpeg\",\"width\":1024,\"height\":576},{\"@type\":\"BreadcrumbList\",\"@id\":\"https:\/\/infoecos.com.ar\/index.php\/viviendas-sociales-en-t-lauquen-inscripcion-abierta\/#breadcrumb\",\"itemListElement\":[{\"@type\":\"ListItem\",\"position\":1,\"name\":\"Portada\",\"item\":\"https:\/\/infoecos.com.ar\/\"},{\"@type\":\"ListItem\",\"position\":2,\"name\":\"Viviendas Sociales en T.Lauquen: inscripci\u00f3n abierta\"}]},{\"@type\":\"WebSite\",\"@id\":\"https:\/\/infoecos.com.ar\/#website\",\"url\":\"https:\/\/infoecos.com.ar\/\",\"name\":\"Infoecos\",\"description\":\"Noticias de trenque lauquen y la zona\",\"publisher\":{\"@id\":\"https:\/\/infoecos.com.ar\/#organization\"},\"alternateName\":\"Noticias\",\"potentialAction\":[{\"@type\":\"SearchAction\",\"target\":{\"@type\":\"EntryPoint\",\"urlTemplate\":\"https:\/\/infoecos.com.ar\/?s={search_term_string}\"},\"query-input\":{\"@type\":\"PropertyValueSpecification\",\"valueRequired\":true,\"valueName\":\"search_term_string\"}}],\"inLanguage\":\"es\"},{\"@type\":\"Organization\",\"@id\":\"https:\/\/infoecos.com.ar\/#organization\",\"name\":\"Infoecos\",\"alternateName\":\"Noticias\",\"url\":\"https:\/\/infoecos.com.ar\/\",\"logo\":{\"@type\":\"ImageObject\",\"inLanguage\":\"es\",\"@id\":\"https:\/\/infoecos.com.ar\/#\/schema\/logo\/image\/\",\"url\":\"https:\/\/infoecos.com.ar\/wp-content\/uploads\/2024\/03\/cropped-logo.png\",\"contentUrl\":\"https:\/\/infoecos.com.ar\/wp-content\/uploads\/2024\/03\/cropped-logo.png\",\"width\":374,\"height\":90,\"caption\":\"Infoecos\"},\"image\":{\"@id\":\"https:\/\/infoecos.com.ar\/#\/schema\/logo\/image\/\"},\"sameAs\":[\"https:\/\/www.facebook.com\/profile.php?id=100063200290284\",\"https:\/\/x.com\/infoecos\"]},{\"@type\":\"Person\",\"@id\":\"https:\/\/infoecos.com.ar\/#\/schema\/person\/8f5ace5ce73b4b4aac4b7245aee6f191\",\"name\":\"Jorge Matheus\",\"url\":\"https:\/\/infoecos.com.ar\/index.php\/author\/jomatheus\/\"}]}<\/script>\n<!-- \/ Yoast SEO plugin. -->","yoast_head_json":{"title":"Viviendas Sociales en T.Lauquen: inscripci\u00f3n abierta - Infoecos","robots":{"index":"index","follow":"follow","max-snippet":"max-snippet:-1","max-image-preview":"max-image-preview:large","max-video-preview":"max-video-preview:-1"},"canonical":"https:\/\/infoecos.com.ar\/index.php\/viviendas-sociales-en-t-lauquen-inscripcion-abierta\/","og_locale":"es_ES","og_type":"article","og_title":"Viviendas Sociales en T.Lauquen: inscripci\u00f3n abierta - Infoecos","og_description":"Quedan exceptuados del tr\u00e1mite de inscripci\u00f3n y participar\u00e1n autom\u00e1ticamente del sorteo aquellas\/os titulares de grupos familiares que est\u00e9n inscriptos y no tengan que reportar ninguna modificaci\u00f3n","og_url":"https:\/\/infoecos.com.ar\/index.php\/viviendas-sociales-en-t-lauquen-inscripcion-abierta\/","og_site_name":"Infoecos","article_publisher":"https:\/\/www.facebook.com\/profile.php?id=100063200290284","article_published_time":"2023-11-12T18:11:19+00:00","og_image":[{"width":1024,"height":576,"url":"https:\/\/infoecos.com.ar\/wp-content\/uploads\/2023\/02\/Foto-RUPDH-1.jpeg","type":"image\/jpeg"}],"author":"Jorge Matheus","twitter_card":"summary_large_image","twitter_creator":"@infoecos","twitter_site":"@infoecos","twitter_misc":{"Escrito por":"Jorge Matheus","Tiempo de lectura":"3 minutos"},"schema":{"@context":"https:\/\/schema.org","@graph":[{"@type":"Article","@id":"https:\/\/infoecos.com.ar\/index.php\/viviendas-sociales-en-t-lauquen-inscripcion-abierta\/#article","isPartOf":{"@id":"https:\/\/infoecos.com.ar\/index.php\/viviendas-sociales-en-t-lauquen-inscripcion-abierta\/"},"author":{"name":"Jorge Matheus","@id":"https:\/\/infoecos.com.ar\/#\/schema\/person\/8f5ace5ce73b4b4aac4b7245aee6f191"},"headline":"Viviendas Sociales en T.Lauquen: inscripci\u00f3n abierta","datePublished":"2023-11-12T18:11:19+00:00","dateModified":"2023-11-12T18:11:19+00:00","mainEntityOfPage":{"@id":"https:\/\/infoecos.com.ar\/index.php\/viviendas-sociales-en-t-lauquen-inscripcion-abierta\/"},"wordCount":520,"publisher":{"@id":"https:\/\/infoecos.com.ar\/#organization"},"image":{"@id":"https:\/\/infoecos.com.ar\/index.php\/viviendas-sociales-en-t-lauquen-inscripcion-abierta\/#primaryimage"},"thumbnailUrl":"https:\/\/infoecos.com.ar\/wp-content\/uploads\/2023\/02\/Foto-RUPDH-1.jpeg","keywords":["para las que est\u00e1n en construcci\u00f3n"],"articleSection":["C2 nota 1"],"inLanguage":"es"},{"@type":"WebPage","@id":"https:\/\/infoecos.com.ar\/index.php\/viviendas-sociales-en-t-lauquen-inscripcion-abierta\/","url":"https:\/\/infoecos.com.ar\/index.php\/viviendas-sociales-en-t-lauquen-inscripcion-abierta\/","name":"Viviendas Sociales en T.Lauquen: inscripci\u00f3n abierta - Infoecos","isPartOf":{"@id":"https:\/\/infoecos.com.ar\/#website"},"primaryImageOfPage":{"@id":"https:\/\/infoecos.com.ar\/index.php\/viviendas-sociales-en-t-lauquen-inscripcion-abierta\/#primaryimage"},"image":{"@id":"https:\/\/infoecos.com.ar\/index.php\/viviendas-sociales-en-t-lauquen-inscripcion-abierta\/#primaryimage"},"thumbnailUrl":"https:\/\/infoecos.com.ar\/wp-content\/uploads\/2023\/02\/Foto-RUPDH-1.jpeg","datePublished":"2023-11-12T18:11:19+00:00","dateModified":"2023-11-12T18:11:19+00:00","breadcrumb":{"@id":"https:\/\/infoecos.com.ar\/index.php\/viviendas-sociales-en-t-lauquen-inscripcion-abierta\/#breadcrumb"},"inLanguage":"es","potentialAction":[{"@type":"ReadAction","target":["https:\/\/infoecos.com.ar\/index.php\/viviendas-sociales-en-t-lauquen-inscripcion-abierta\/"]}]},{"@type":"ImageObject","inLanguage":"es","@id":"https:\/\/infoecos.com.ar\/index.php\/viviendas-sociales-en-t-lauquen-inscripcion-abierta\/#primaryimage","url":"https:\/\/infoecos.com.ar\/wp-content\/uploads\/2023\/02\/Foto-RUPDH-1.jpeg","contentUrl":"https:\/\/infoecos.com.ar\/wp-content\/uploads\/2023\/02\/Foto-RUPDH-1.jpeg","width":1024,"height":576},{"@type":"BreadcrumbList","@id":"https:\/\/infoecos.com.ar\/index.php\/viviendas-sociales-en-t-lauquen-inscripcion-abierta\/#breadcrumb","itemListElement":[{"@type":"ListItem","position":1,"name":"Portada","item":"https:\/\/infoecos.com.ar\/"},{"@type":"ListItem","position":2,"name":"Viviendas Sociales en T.Lauquen: inscripci\u00f3n abierta"}]},{"@type":"WebSite","@id":"https:\/\/infoecos.com.ar\/#website","url":"https:\/\/infoecos.com.ar\/","name":"Infoecos","description":"Noticias de trenque lauquen y la zona","publisher":{"@id":"https:\/\/infoecos.com.ar\/#organization"},"alternateName":"Noticias","potentialAction":[{"@type":"SearchAction","target":{"@type":"EntryPoint","urlTemplate":"https:\/\/infoecos.com.ar\/?s={search_term_string}"},"query-input":{"@type":"PropertyValueSpecification","valueRequired":true,"valueName":"search_term_string"}}],"inLanguage":"es"},{"@type":"Organization","@id":"https:\/\/infoecos.com.ar\/#organization","name":"Infoecos","alternateName":"Noticias","url":"https:\/\/infoecos.com.ar\/","logo":{"@type":"ImageObject","inLanguage":"es","@id":"https:\/\/infoecos.com.ar\/#\/schema\/logo\/image\/","url":"https:\/\/infoecos.com.ar\/wp-content\/uploads\/2024\/03\/cropped-logo.png","contentUrl":"https:\/\/infoecos.com.ar\/wp-content\/uploads\/2024\/03\/cropped-logo.png","width":374,"height":90,"caption":"Infoecos"},"image":{"@id":"https:\/\/infoecos.com.ar\/#\/schema\/logo\/image\/"},"sameAs":["https:\/\/www.facebook.com\/profile.php?id=100063200290284","https:\/\/x.com\/infoecos"]},{"@type":"Person","@id":"https:\/\/infoecos.com.ar\/#\/schema\/person\/8f5ace5ce73b4b4aac4b7245aee6f191","name":"Jorge Matheus","url":"https:\/\/infoecos.com.ar\/index.php\/author\/jomatheus\/"}]}},"featured_image_urls":{"full":["https:\/\/infoecos.com.ar\/wp-content\/uploads\/2023\/02\/Foto-RUPDH-1.jpeg",1024,576,false],"thumbnail":["https:\/\/infoecos.com.ar\/wp-content\/uploads\/2023\/02\/Foto-RUPDH-1-300x150.jpeg",300,150,true],"medium":["https:\/\/infoecos.com.ar\/wp-content\/uploads\/2023\/02\/Foto-RUPDH-1-800x450.jpeg",800,450,true],"medium_large":["https:\/\/infoecos.com.ar\/wp-content\/uploads\/2023\/02\/Foto-RUPDH-1-768x432.jpeg",640,360,true],"large":["https:\/\/infoecos.com.ar\/wp-content\/uploads\/2023\/02\/Foto-RUPDH-1.jpeg",640,360,false],"1536x1536":["https:\/\/infoecos.com.ar\/wp-content\/uploads\/2023\/02\/Foto-RUPDH-1.jpeg",1024,576,false],"2048x2048":["https:\/\/infoecos.com.ar\/wp-content\/uploads\/2023\/02\/Foto-RUPDH-1.jpeg",1024,576,false],"covernews-slider-full":["https:\/\/infoecos.com.ar\/wp-content\/uploads\/2023\/02\/Foto-RUPDH-1.jpeg",1024,576,false],"covernews-slider-center":["https:\/\/infoecos.com.ar\/wp-content\/uploads\/2023\/02\/Foto-RUPDH-1-936x576.jpeg",800,492,true],"covernews-featured":["https:\/\/infoecos.com.ar\/wp-content\/uploads\/2023\/02\/Foto-RUPDH-1.jpeg",1024,576,false],"covernews-medium":["https:\/\/infoecos.com.ar\/wp-content\/uploads\/2023\/02\/Foto-RUPDH-1-720x380.jpeg",540,285,true],"covernews-medium-square":["https:\/\/infoecos.com.ar\/wp-content\/uploads\/2023\/02\/Foto-RUPDH-1-675x450.jpeg",375,250,true]},"author_info":{"info":["Jorge Matheus"]},"category_info":"<a href=\"https:\/\/infoecos.com.ar\/index.php\/category\/c2nota1\/\" rel=\"category tag\">C2 nota 1<\/a>","tag_info":"C2 nota 1","comment_count":"0","_links":{"self":[{"href":"https:\/\/infoecos.com.ar\/index.php\/wp-json\/wp\/v2\/posts\/115085"}],"collection":[{"href":"https:\/\/infoecos.com.ar\/index.php\/wp-json\/wp\/v2\/posts"}],"about":[{"href":"https:\/\/infoecos.com.ar\/index.php\/wp-json\/wp\/v2\/types\/post"}],"author":[{"embeddable":true,"href":"https:\/\/infoecos.com.ar\/index.php\/wp-json\/wp\/v2\/users\/2"}],"replies":[{"embeddable":true,"href":"https:\/\/infoecos.com.ar\/index.php\/wp-json\/wp\/v2\/comments?post=115085"}],"version-history":[{"count":1,"href":"https:\/\/infoecos.com.ar\/index.php\/wp-json\/wp\/v2\/posts\/115085\/revisions"}],"predecessor-version":[{"id":115086,"href":"https:\/\/infoecos.com.ar\/index.php\/wp-json\/wp\/v2\/posts\/115085\/revisions\/115086"}],"wp:featuredmedia":[{"embeddable":true,"href":"https:\/\/infoecos.com.ar\/index.php\/wp-json\/wp\/v2\/media\/102300"}],"wp:attachment":[{"href":"https:\/\/infoecos.com.ar\/index.php\/wp-json\/wp\/v2\/media?parent=115085"}],"wp:term":[{"taxonomy":"category","embeddable":true,"href":"https:\/\/infoecos.com.ar\/index.php\/wp-json\/wp\/v2\/categories?post=115085"},{"taxonomy":"post_tag","embeddable":true,"href":"https:\/\/infoecos.com.ar\/index.php\/wp-json\/wp\/v2\/tags?post=115085"}],"curies":[{"name":"wp","href":"https:\/\/api.w.org\/{rel}","templated":true}]}}