{"id":115114,"date":"2023-11-13T16:31:36","date_gmt":"2023-11-13T19:31:36","guid":{"rendered":"https:\/\/infoecos.com.ar\/?p=115114"},"modified":"2023-11-14T00:17:28","modified_gmt":"2023-11-14T03:17:28","slug":"inflacion-medida-por-el-indec-83","status":"publish","type":"post","link":"https:\/\/infoecos.com.ar\/index.php\/inflacion-medida-por-el-indec-83\/","title":{"rendered":"Inflaci\u00f3n medida por el INDEC: 8,3 %"},"content":{"rendered":"\n<p>El Instituto Nacional de Estad\u00edsticas y Censos de la Argentina dio a conocer los datos de la inflaci\u00f3n. De acuerdo a la informaci\u00f3n baj\u00f3 un d\u00edgito. Es de 8,3 %.<\/p>\n\n\n\n<p>La inflaci\u00f3n tuvo su pico en septiembre, medido de manera mensual, con<strong>&nbsp;<\/strong>12,7 por ciento. Un mes antes, en agosto, hab\u00eda sido de&nbsp;12,4 por ciento.<\/p>\n\n\n\n<figure class=\"wp-block-image aligncenter size-full\"><img loading=\"lazy\" decoding=\"async\" width=\"680\" height=\"390\" src=\"https:\/\/infoecos.com.ar\/wp-content\/uploads\/2023\/11\/indec1.jpg\" alt=\"\" class=\"wp-image-115115\"\/><\/figure>\n\n\n\n<p>El segmento&nbsp;<strong>Alimentos y bebidas no alcoh\u00f3licas<\/strong>, por su parte, registr\u00f3&nbsp;<strong>un incremento del 134,2% entre enero y octubre y del 153,8%<\/strong>&nbsp;en los \u00faltimos doce meses.<\/p>\n\n\n\n<figure class=\"wp-block-image aligncenter size-full\"><img loading=\"lazy\" decoding=\"async\" width=\"680\" height=\"419\" src=\"https:\/\/infoecos.com.ar\/wp-content\/uploads\/2023\/11\/indec2.jpg\" alt=\"\" class=\"wp-image-115116\"\/><\/figure>\n\n\n\n<p>\u201cLa divisi\u00f3n de mayor aumento en el mes fue&nbsp;<strong>Comunicaci\u00f3n (12,6%)<\/strong>, producto de las subas en los servicios de telefon\u00eda e internet. Le siguieron&nbsp;<strong>Prendas de vestir y calzado (11%)<\/strong>&nbsp;\u2013por el cambio de temporada\u2013, y&nbsp;<strong>Equipamiento y mantenimiento del hogar (10,7%)<\/strong>. La divisi\u00f3n con mayor incidencia en todas las regiones fue&nbsp;<strong>Alimentos y bebidas no alcoh\u00f3licas (7,7%)<\/strong>. Al interior de la divisi\u00f3n impact\u00f3 la suba de<strong>&nbsp;Carnes y derivados, Pan y cereales y Leche, productos l\u00e1cteos y huevos<\/strong>\u201d, se\u00f1al\u00f3 el Indec.<\/p>\n\n\n\n<p>\u201cLas dos divisiones que registraron las menores variaciones en octubre fueron Salud (5,1%) y Educaci\u00f3n (6,6%). A nivel de las categor\u00edas, el IPC N\u00facleo (8,8%) lider\u00f3 el aumento seguida por Estacionales (7,6%), mientras que Regulados registr\u00f3 un incremento de 6,6 por ciento\u201d, agreg\u00f3 el informe del organismo estad\u00edstico.<\/p>\n\n\n\n<figure class=\"wp-block-image aligncenter size-full\"><img loading=\"lazy\" decoding=\"async\" width=\"768\" height=\"341\" src=\"https:\/\/infoecos.com.ar\/wp-content\/uploads\/2023\/11\/image-62.png\" alt=\"\" class=\"wp-image-115117\"\/><\/figure>\n","protected":false},"excerpt":{"rendered":"<p>La divisi\u00f3n de mayor aumento en el mes fue\u00a0Comunicaci\u00f3n (12,6%), producto de las subas en los servicios de telefon\u00eda e internet<\/p>\n","protected":false},"author":2,"featured_media":59373,"comment_status":"closed","ping_status":"open","sticky":false,"template":"","format":"standard","meta":{"footnotes":""},"categories":[1613],"tags":[516],"class_list":["post-115114","post","type-post","status-publish","format-standard","has-post-thumbnail","hentry","category-noticia-secundaria","tag-economia-nacional"],"yoast_head":"<!-- This site is optimized with the Yoast SEO plugin v23.4 - https:\/\/yoast.com\/wordpress\/plugins\/seo\/ -->\n<title>Inflaci\u00f3n medida por el INDEC: 8,3 % - Infoecos<\/title>\n<meta name=\"robots\" content=\"index, follow, max-snippet:-1, max-image-preview:large, max-video-preview:-1\" \/>\n<link rel=\"canonical\" href=\"https:\/\/infoecos.com.ar\/index.php\/inflacion-medida-por-el-indec-83\/\" \/>\n<meta property=\"og:locale\" content=\"es_ES\" \/>\n<meta property=\"og:type\" content=\"article\" \/>\n<meta property=\"og:title\" content=\"Inflaci\u00f3n medida por el INDEC: 8,3 % - Infoecos\" \/>\n<meta property=\"og:description\" content=\"La divisi\u00f3n de mayor aumento en el mes fue\u00a0Comunicaci\u00f3n (12,6%), producto de las subas en los servicios de telefon\u00eda e internet\" \/>\n<meta property=\"og:url\" content=\"https:\/\/infoecos.com.ar\/index.php\/inflacion-medida-por-el-indec-83\/\" \/>\n<meta property=\"og:site_name\" content=\"Infoecos\" \/>\n<meta property=\"article:publisher\" content=\"https:\/\/www.facebook.com\/profile.php?id=100063200290284\" \/>\n<meta property=\"article:published_time\" content=\"2023-11-13T19:31:36+00:00\" \/>\n<meta property=\"article:modified_time\" content=\"2023-11-14T03:17:28+00:00\" \/>\n<meta property=\"og:image\" content=\"https:\/\/infoecos.com.ar\/wp-content\/uploads\/supermercados.jpg\" \/>\n\t<meta property=\"og:image:width\" content=\"720\" \/>\n\t<meta property=\"og:image:height\" content=\"405\" \/>\n\t<meta property=\"og:image:type\" content=\"image\/jpeg\" \/>\n<meta name=\"author\" content=\"Jorge Matheus\" \/>\n<meta name=\"twitter:card\" content=\"summary_large_image\" \/>\n<meta name=\"twitter:creator\" content=\"@infoecos\" \/>\n<meta name=\"twitter:site\" content=\"@infoecos\" \/>\n<meta name=\"twitter:label1\" content=\"Escrito por\" \/>\n\t<meta name=\"twitter:data1\" content=\"Jorge Matheus\" \/>\n\t<meta name=\"twitter:label2\" content=\"Tiempo de lectura\" \/>\n\t<meta name=\"twitter:data2\" content=\"2 minutos\" \/>\n<script type=\"application\/ld+json\" class=\"yoast-schema-graph\">{\"@context\":\"https:\/\/schema.org\",\"@graph\":[{\"@type\":\"Article\",\"@id\":\"https:\/\/infoecos.com.ar\/index.php\/inflacion-medida-por-el-indec-83\/#article\",\"isPartOf\":{\"@id\":\"https:\/\/infoecos.com.ar\/index.php\/inflacion-medida-por-el-indec-83\/\"},\"author\":{\"name\":\"Jorge Matheus\",\"@id\":\"https:\/\/infoecos.com.ar\/#\/schema\/person\/8f5ace5ce73b4b4aac4b7245aee6f191\"},\"headline\":\"Inflaci\u00f3n medida por el INDEC: 8,3 %\",\"datePublished\":\"2023-11-13T19:31:36+00:00\",\"dateModified\":\"2023-11-14T03:17:28+00:00\",\"mainEntityOfPage\":{\"@id\":\"https:\/\/infoecos.com.ar\/index.php\/inflacion-medida-por-el-indec-83\/\"},\"wordCount\":234,\"publisher\":{\"@id\":\"https:\/\/infoecos.com.ar\/#organization\"},\"image\":{\"@id\":\"https:\/\/infoecos.com.ar\/index.php\/inflacion-medida-por-el-indec-83\/#primaryimage\"},\"thumbnailUrl\":\"https:\/\/infoecos.com.ar\/wp-content\/uploads\/supermercados.jpg\",\"keywords\":[\"ECONOM\u00cdA NACIONAL\"],\"articleSection\":[\"Noticia Secundaria\"],\"inLanguage\":\"es\"},{\"@type\":\"WebPage\",\"@id\":\"https:\/\/infoecos.com.ar\/index.php\/inflacion-medida-por-el-indec-83\/\",\"url\":\"https:\/\/infoecos.com.ar\/index.php\/inflacion-medida-por-el-indec-83\/\",\"name\":\"Inflaci\u00f3n medida por el INDEC: 8,3 % - Infoecos\",\"isPartOf\":{\"@id\":\"https:\/\/infoecos.com.ar\/#website\"},\"primaryImageOfPage\":{\"@id\":\"https:\/\/infoecos.com.ar\/index.php\/inflacion-medida-por-el-indec-83\/#primaryimage\"},\"image\":{\"@id\":\"https:\/\/infoecos.com.ar\/index.php\/inflacion-medida-por-el-indec-83\/#primaryimage\"},\"thumbnailUrl\":\"https:\/\/infoecos.com.ar\/wp-content\/uploads\/supermercados.jpg\",\"datePublished\":\"2023-11-13T19:31:36+00:00\",\"dateModified\":\"2023-11-14T03:17:28+00:00\",\"breadcrumb\":{\"@id\":\"https:\/\/infoecos.com.ar\/index.php\/inflacion-medida-por-el-indec-83\/#breadcrumb\"},\"inLanguage\":\"es\",\"potentialAction\":[{\"@type\":\"ReadAction\",\"target\":[\"https:\/\/infoecos.com.ar\/index.php\/inflacion-medida-por-el-indec-83\/\"]}]},{\"@type\":\"ImageObject\",\"inLanguage\":\"es\",\"@id\":\"https:\/\/infoecos.com.ar\/index.php\/inflacion-medida-por-el-indec-83\/#primaryimage\",\"url\":\"https:\/\/infoecos.com.ar\/wp-content\/uploads\/supermercados.jpg\",\"contentUrl\":\"https:\/\/infoecos.com.ar\/wp-content\/uploads\/supermercados.jpg\",\"width\":720,\"height\":405,\"caption\":\"Supermercados\"},{\"@type\":\"BreadcrumbList\",\"@id\":\"https:\/\/infoecos.com.ar\/index.php\/inflacion-medida-por-el-indec-83\/#breadcrumb\",\"itemListElement\":[{\"@type\":\"ListItem\",\"position\":1,\"name\":\"Portada\",\"item\":\"https:\/\/infoecos.com.ar\/\"},{\"@type\":\"ListItem\",\"position\":2,\"name\":\"Inflaci\u00f3n medida por el INDEC: 8,3 %\"}]},{\"@type\":\"WebSite\",\"@id\":\"https:\/\/infoecos.com.ar\/#website\",\"url\":\"https:\/\/infoecos.com.ar\/\",\"name\":\"Infoecos\",\"description\":\"Noticias de trenque lauquen y la zona\",\"publisher\":{\"@id\":\"https:\/\/infoecos.com.ar\/#organization\"},\"alternateName\":\"Noticias\",\"potentialAction\":[{\"@type\":\"SearchAction\",\"target\":{\"@type\":\"EntryPoint\",\"urlTemplate\":\"https:\/\/infoecos.com.ar\/?s={search_term_string}\"},\"query-input\":{\"@type\":\"PropertyValueSpecification\",\"valueRequired\":true,\"valueName\":\"search_term_string\"}}],\"inLanguage\":\"es\"},{\"@type\":\"Organization\",\"@id\":\"https:\/\/infoecos.com.ar\/#organization\",\"name\":\"Infoecos\",\"alternateName\":\"Noticias\",\"url\":\"https:\/\/infoecos.com.ar\/\",\"logo\":{\"@type\":\"ImageObject\",\"inLanguage\":\"es\",\"@id\":\"https:\/\/infoecos.com.ar\/#\/schema\/logo\/image\/\",\"url\":\"https:\/\/infoecos.com.ar\/wp-content\/uploads\/2024\/03\/cropped-logo.png\",\"contentUrl\":\"https:\/\/infoecos.com.ar\/wp-content\/uploads\/2024\/03\/cropped-logo.png\",\"width\":374,\"height\":90,\"caption\":\"Infoecos\"},\"image\":{\"@id\":\"https:\/\/infoecos.com.ar\/#\/schema\/logo\/image\/\"},\"sameAs\":[\"https:\/\/www.facebook.com\/profile.php?id=100063200290284\",\"https:\/\/x.com\/infoecos\"]},{\"@type\":\"Person\",\"@id\":\"https:\/\/infoecos.com.ar\/#\/schema\/person\/8f5ace5ce73b4b4aac4b7245aee6f191\",\"name\":\"Jorge Matheus\",\"url\":\"https:\/\/infoecos.com.ar\/index.php\/author\/jomatheus\/\"}]}<\/script>\n<!-- \/ Yoast SEO plugin. -->","yoast_head_json":{"title":"Inflaci\u00f3n medida por el INDEC: 8,3 % - Infoecos","robots":{"index":"index","follow":"follow","max-snippet":"max-snippet:-1","max-image-preview":"max-image-preview:large","max-video-preview":"max-video-preview:-1"},"canonical":"https:\/\/infoecos.com.ar\/index.php\/inflacion-medida-por-el-indec-83\/","og_locale":"es_ES","og_type":"article","og_title":"Inflaci\u00f3n medida por el INDEC: 8,3 % - Infoecos","og_description":"La divisi\u00f3n de mayor aumento en el mes fue\u00a0Comunicaci\u00f3n (12,6%), producto de las subas en los servicios de telefon\u00eda e internet","og_url":"https:\/\/infoecos.com.ar\/index.php\/inflacion-medida-por-el-indec-83\/","og_site_name":"Infoecos","article_publisher":"https:\/\/www.facebook.com\/profile.php?id=100063200290284","article_published_time":"2023-11-13T19:31:36+00:00","article_modified_time":"2023-11-14T03:17:28+00:00","og_image":[{"width":720,"height":405,"url":"https:\/\/infoecos.com.ar\/wp-content\/uploads\/supermercados.jpg","type":"image\/jpeg"}],"author":"Jorge Matheus","twitter_card":"summary_large_image","twitter_creator":"@infoecos","twitter_site":"@infoecos","twitter_misc":{"Escrito por":"Jorge Matheus","Tiempo de lectura":"2 minutos"},"schema":{"@context":"https:\/\/schema.org","@graph":[{"@type":"Article","@id":"https:\/\/infoecos.com.ar\/index.php\/inflacion-medida-por-el-indec-83\/#article","isPartOf":{"@id":"https:\/\/infoecos.com.ar\/index.php\/inflacion-medida-por-el-indec-83\/"},"author":{"name":"Jorge Matheus","@id":"https:\/\/infoecos.com.ar\/#\/schema\/person\/8f5ace5ce73b4b4aac4b7245aee6f191"},"headline":"Inflaci\u00f3n medida por el INDEC: 8,3 %","datePublished":"2023-11-13T19:31:36+00:00","dateModified":"2023-11-14T03:17:28+00:00","mainEntityOfPage":{"@id":"https:\/\/infoecos.com.ar\/index.php\/inflacion-medida-por-el-indec-83\/"},"wordCount":234,"publisher":{"@id":"https:\/\/infoecos.com.ar\/#organization"},"image":{"@id":"https:\/\/infoecos.com.ar\/index.php\/inflacion-medida-por-el-indec-83\/#primaryimage"},"thumbnailUrl":"https:\/\/infoecos.com.ar\/wp-content\/uploads\/supermercados.jpg","keywords":["ECONOM\u00cdA NACIONAL"],"articleSection":["Noticia Secundaria"],"inLanguage":"es"},{"@type":"WebPage","@id":"https:\/\/infoecos.com.ar\/index.php\/inflacion-medida-por-el-indec-83\/","url":"https:\/\/infoecos.com.ar\/index.php\/inflacion-medida-por-el-indec-83\/","name":"Inflaci\u00f3n medida por el INDEC: 8,3 % - Infoecos","isPartOf":{"@id":"https:\/\/infoecos.com.ar\/#website"},"primaryImageOfPage":{"@id":"https:\/\/infoecos.com.ar\/index.php\/inflacion-medida-por-el-indec-83\/#primaryimage"},"image":{"@id":"https:\/\/infoecos.com.ar\/index.php\/inflacion-medida-por-el-indec-83\/#primaryimage"},"thumbnailUrl":"https:\/\/infoecos.com.ar\/wp-content\/uploads\/supermercados.jpg","datePublished":"2023-11-13T19:31:36+00:00","dateModified":"2023-11-14T03:17:28+00:00","breadcrumb":{"@id":"https:\/\/infoecos.com.ar\/index.php\/inflacion-medida-por-el-indec-83\/#breadcrumb"},"inLanguage":"es","potentialAction":[{"@type":"ReadAction","target":["https:\/\/infoecos.com.ar\/index.php\/inflacion-medida-por-el-indec-83\/"]}]},{"@type":"ImageObject","inLanguage":"es","@id":"https:\/\/infoecos.com.ar\/index.php\/inflacion-medida-por-el-indec-83\/#primaryimage","url":"https:\/\/infoecos.com.ar\/wp-content\/uploads\/supermercados.jpg","contentUrl":"https:\/\/infoecos.com.ar\/wp-content\/uploads\/supermercados.jpg","width":720,"height":405,"caption":"Supermercados"},{"@type":"BreadcrumbList","@id":"https:\/\/infoecos.com.ar\/index.php\/inflacion-medida-por-el-indec-83\/#breadcrumb","itemListElement":[{"@type":"ListItem","position":1,"name":"Portada","item":"https:\/\/infoecos.com.ar\/"},{"@type":"ListItem","position":2,"name":"Inflaci\u00f3n medida por el INDEC: 8,3 %"}]},{"@type":"WebSite","@id":"https:\/\/infoecos.com.ar\/#website","url":"https:\/\/infoecos.com.ar\/","name":"Infoecos","description":"Noticias de trenque lauquen y la zona","publisher":{"@id":"https:\/\/infoecos.com.ar\/#organization"},"alternateName":"Noticias","potentialAction":[{"@type":"SearchAction","target":{"@type":"EntryPoint","urlTemplate":"https:\/\/infoecos.com.ar\/?s={search_term_string}"},"query-input":{"@type":"PropertyValueSpecification","valueRequired":true,"valueName":"search_term_string"}}],"inLanguage":"es"},{"@type":"Organization","@id":"https:\/\/infoecos.com.ar\/#organization","name":"Infoecos","alternateName":"Noticias","url":"https:\/\/infoecos.com.ar\/","logo":{"@type":"ImageObject","inLanguage":"es","@id":"https:\/\/infoecos.com.ar\/#\/schema\/logo\/image\/","url":"https:\/\/infoecos.com.ar\/wp-content\/uploads\/2024\/03\/cropped-logo.png","contentUrl":"https:\/\/infoecos.com.ar\/wp-content\/uploads\/2024\/03\/cropped-logo.png","width":374,"height":90,"caption":"Infoecos"},"image":{"@id":"https:\/\/infoecos.com.ar\/#\/schema\/logo\/image\/"},"sameAs":["https:\/\/www.facebook.com\/profile.php?id=100063200290284","https:\/\/x.com\/infoecos"]},{"@type":"Person","@id":"https:\/\/infoecos.com.ar\/#\/schema\/person\/8f5ace5ce73b4b4aac4b7245aee6f191","name":"Jorge Matheus","url":"https:\/\/infoecos.com.ar\/index.php\/author\/jomatheus\/"}]}},"featured_image_urls":{"full":["https:\/\/infoecos.com.ar\/wp-content\/uploads\/supermercados.jpg",720,405,false],"thumbnail":["https:\/\/infoecos.com.ar\/wp-content\/uploads\/supermercados-150x150.jpg",150,150,true],"medium":["https:\/\/infoecos.com.ar\/wp-content\/uploads\/supermercados-460x259.jpg",460,259,true],"medium_large":["https:\/\/infoecos.com.ar\/wp-content\/uploads\/supermercados.jpg",640,360,false],"large":["https:\/\/infoecos.com.ar\/wp-content\/uploads\/supermercados.jpg",640,360,false],"1536x1536":["https:\/\/infoecos.com.ar\/wp-content\/uploads\/supermercados.jpg",720,405,false],"2048x2048":["https:\/\/infoecos.com.ar\/wp-content\/uploads\/supermercados.jpg",720,405,false],"covernews-slider-full":["https:\/\/infoecos.com.ar\/wp-content\/uploads\/supermercados.jpg",720,405,false],"covernews-slider-center":["https:\/\/infoecos.com.ar\/wp-content\/uploads\/supermercados.jpg",720,405,false],"covernews-featured":["https:\/\/infoecos.com.ar\/wp-content\/uploads\/supermercados.jpg",720,405,false],"covernews-medium":["https:\/\/infoecos.com.ar\/wp-content\/uploads\/supermercados-720x380.jpg",540,285,true],"covernews-medium-square":["https:\/\/infoecos.com.ar\/wp-content\/uploads\/supermercados-675x405.jpg",400,240,true]},"author_info":{"info":["Jorge Matheus"]},"category_info":"<a href=\"https:\/\/infoecos.com.ar\/index.php\/category\/noticia-secundaria\/\" rel=\"category tag\">Noticia Secundaria<\/a>","tag_info":"Noticia Secundaria","comment_count":"0","_links":{"self":[{"href":"https:\/\/infoecos.com.ar\/index.php\/wp-json\/wp\/v2\/posts\/115114"}],"collection":[{"href":"https:\/\/infoecos.com.ar\/index.php\/wp-json\/wp\/v2\/posts"}],"about":[{"href":"https:\/\/infoecos.com.ar\/index.php\/wp-json\/wp\/v2\/types\/post"}],"author":[{"embeddable":true,"href":"https:\/\/infoecos.com.ar\/index.php\/wp-json\/wp\/v2\/users\/2"}],"replies":[{"embeddable":true,"href":"https:\/\/infoecos.com.ar\/index.php\/wp-json\/wp\/v2\/comments?post=115114"}],"version-history":[{"count":2,"href":"https:\/\/infoecos.com.ar\/index.php\/wp-json\/wp\/v2\/posts\/115114\/revisions"}],"predecessor-version":[{"id":115144,"href":"https:\/\/infoecos.com.ar\/index.php\/wp-json\/wp\/v2\/posts\/115114\/revisions\/115144"}],"wp:featuredmedia":[{"embeddable":true,"href":"https:\/\/infoecos.com.ar\/index.php\/wp-json\/wp\/v2\/media\/59373"}],"wp:attachment":[{"href":"https:\/\/infoecos.com.ar\/index.php\/wp-json\/wp\/v2\/media?parent=115114"}],"wp:term":[{"taxonomy":"category","embeddable":true,"href":"https:\/\/infoecos.com.ar\/index.php\/wp-json\/wp\/v2\/categories?post=115114"},{"taxonomy":"post_tag","embeddable":true,"href":"https:\/\/infoecos.com.ar\/index.php\/wp-json\/wp\/v2\/tags?post=115114"}],"curies":[{"name":"wp","href":"https:\/\/api.w.org\/{rel}","templated":true}]}}