{"id":115119,"date":"2023-11-13T16:59:28","date_gmt":"2023-11-13T19:59:28","guid":{"rendered":"https:\/\/infoecos.com.ar\/?p=115119"},"modified":"2023-11-13T17:38:02","modified_gmt":"2023-11-13T20:38:02","slug":"las-dos-vecinas-de-fortin-olavarria-que-sufrieron-heridas-en-el-accidente-estan-internadas-en-bariloche","status":"publish","type":"post","link":"https:\/\/infoecos.com.ar\/index.php\/las-dos-vecinas-de-fortin-olavarria-que-sufrieron-heridas-en-el-accidente-estan-internadas-en-bariloche\/","title":{"rendered":"Vecinas de F.Olavarr\u00eda heridas en accidente del s\u00e1bado, internadas en Bariloche"},"content":{"rendered":"\n<p>Los cuerpos de las seis personas que murieron el s\u00e1bado&nbsp;a la ma\u00f1ana en la ruta nacional 40, entre Bariloche y Villa la Angostura, tras el choque entre una combi y un cami\u00f3n, permanecen&nbsp;<strong>en la morgue del hospital Ram\u00f3n Carrillo de Bariloche<\/strong>.<\/p>\n\n\n\n<figure class=\"wp-block-image alignright size-full is-resized\"><img loading=\"lazy\" decoding=\"async\" src=\"https:\/\/infoecos.com.ar\/wp-content\/uploads\/2023\/11\/image-63.png\" alt=\"\" class=\"wp-image-115120\" width=\"438\" height=\"328\" srcset=\"https:\/\/infoecos.com.ar\/wp-content\/uploads\/2023\/11\/image-63.png 1200w, https:\/\/infoecos.com.ar\/wp-content\/uploads\/2023\/11\/image-63-800x600.png 800w, https:\/\/infoecos.com.ar\/wp-content\/uploads\/2023\/11\/image-63-768x576.png 768w, https:\/\/infoecos.com.ar\/wp-content\/uploads\/2023\/11\/image-63-1024x768.png 1024w\" sizes=\"(max-width: 438px) 100vw, 438px\" \/><\/figure>\n\n\n\n<p>El fiscal del caso Adri\u00e1n De Lillo explic\u00f3 que los familiares de las v\u00edctimas est\u00e1n viajando a Bariloche para retirar los cuerpos.<\/p>\n\n\n\n<p>\u00abEs un tr\u00e1mite muy delicado porque hay gente que viene del exterior. Algunos ya est\u00e1n en viaje. Hay embajadas que est\u00e1n interviniendo. Si desean repatriarlos, es todo un proceso\u00ab, se\u00f1al\u00f3 el funcionario judicial.<\/p>\n\n\n\n<p>Una de las v\u00edctimas es Paola Andrea Pereyra, oriunda de Fort\u00edn Olavarr\u00eda, de 46 a\u00f1os. Su madre y hermana, est\u00e1n internadas.<\/p>\n","protected":false},"excerpt":{"rendered":"<p>El fiscal del caso Adri\u00e1n De Lillo explic\u00f3 que los familiares de las v\u00edctimas est\u00e1n viajando a Bariloche para retirar los cuerpos<\/p>\n","protected":false},"author":2,"featured_media":115120,"comment_status":"closed","ping_status":"open","sticky":false,"template":"","format":"standard","meta":{"footnotes":""},"categories":[1613],"tags":[9581],"class_list":["post-115119","post","type-post","status-publish","format-standard","has-post-thumbnail","hentry","category-noticia-secundaria","tag-san-martin-de-los-andres"],"yoast_head":"<!-- This site is optimized with the Yoast SEO plugin v23.4 - https:\/\/yoast.com\/wordpress\/plugins\/seo\/ -->\n<title>Vecinas de F.Olavarr\u00eda heridas en accidente del s\u00e1bado, internadas en Bariloche - Infoecos<\/title>\n<meta name=\"robots\" content=\"index, follow, max-snippet:-1, max-image-preview:large, max-video-preview:-1\" \/>\n<link rel=\"canonical\" href=\"https:\/\/infoecos.com.ar\/index.php\/las-dos-vecinas-de-fortin-olavarria-que-sufrieron-heridas-en-el-accidente-estan-internadas-en-bariloche\/\" \/>\n<meta property=\"og:locale\" content=\"es_ES\" \/>\n<meta property=\"og:type\" content=\"article\" \/>\n<meta property=\"og:title\" content=\"Vecinas de F.Olavarr\u00eda heridas en accidente del s\u00e1bado, internadas en Bariloche - Infoecos\" \/>\n<meta property=\"og:description\" content=\"El fiscal del caso Adri\u00e1n De Lillo explic\u00f3 que los familiares de las v\u00edctimas est\u00e1n viajando a Bariloche para retirar los cuerpos\" \/>\n<meta property=\"og:url\" content=\"https:\/\/infoecos.com.ar\/index.php\/las-dos-vecinas-de-fortin-olavarria-que-sufrieron-heridas-en-el-accidente-estan-internadas-en-bariloche\/\" \/>\n<meta property=\"og:site_name\" content=\"Infoecos\" \/>\n<meta property=\"article:publisher\" content=\"https:\/\/www.facebook.com\/profile.php?id=100063200290284\" \/>\n<meta property=\"article:published_time\" content=\"2023-11-13T19:59:28+00:00\" \/>\n<meta property=\"article:modified_time\" content=\"2023-11-13T20:38:02+00:00\" \/>\n<meta property=\"og:image\" content=\"https:\/\/infoecos.com.ar\/wp-content\/uploads\/2023\/11\/image-63.png\" \/>\n\t<meta property=\"og:image:width\" content=\"1200\" \/>\n\t<meta property=\"og:image:height\" content=\"900\" \/>\n\t<meta property=\"og:image:type\" content=\"image\/png\" \/>\n<meta name=\"author\" content=\"Jorge Matheus\" \/>\n<meta name=\"twitter:card\" content=\"summary_large_image\" \/>\n<meta name=\"twitter:creator\" content=\"@infoecos\" \/>\n<meta name=\"twitter:site\" content=\"@infoecos\" \/>\n<meta name=\"twitter:label1\" content=\"Escrito por\" \/>\n\t<meta name=\"twitter:data1\" content=\"Jorge Matheus\" \/>\n\t<meta name=\"twitter:label2\" content=\"Tiempo de lectura\" \/>\n\t<meta name=\"twitter:data2\" content=\"1 minuto\" \/>\n<script type=\"application\/ld+json\" class=\"yoast-schema-graph\">{\"@context\":\"https:\/\/schema.org\",\"@graph\":[{\"@type\":\"Article\",\"@id\":\"https:\/\/infoecos.com.ar\/index.php\/las-dos-vecinas-de-fortin-olavarria-que-sufrieron-heridas-en-el-accidente-estan-internadas-en-bariloche\/#article\",\"isPartOf\":{\"@id\":\"https:\/\/infoecos.com.ar\/index.php\/las-dos-vecinas-de-fortin-olavarria-que-sufrieron-heridas-en-el-accidente-estan-internadas-en-bariloche\/\"},\"author\":{\"name\":\"Jorge Matheus\",\"@id\":\"https:\/\/infoecos.com.ar\/#\/schema\/person\/8f5ace5ce73b4b4aac4b7245aee6f191\"},\"headline\":\"Vecinas de F.Olavarr\u00eda heridas en accidente del s\u00e1bado, internadas en Bariloche\",\"datePublished\":\"2023-11-13T19:59:28+00:00\",\"dateModified\":\"2023-11-13T20:38:02+00:00\",\"mainEntityOfPage\":{\"@id\":\"https:\/\/infoecos.com.ar\/index.php\/las-dos-vecinas-de-fortin-olavarria-que-sufrieron-heridas-en-el-accidente-estan-internadas-en-bariloche\/\"},\"wordCount\":149,\"publisher\":{\"@id\":\"https:\/\/infoecos.com.ar\/#organization\"},\"image\":{\"@id\":\"https:\/\/infoecos.com.ar\/index.php\/las-dos-vecinas-de-fortin-olavarria-que-sufrieron-heridas-en-el-accidente-estan-internadas-en-bariloche\/#primaryimage\"},\"thumbnailUrl\":\"https:\/\/infoecos.com.ar\/wp-content\/uploads\/2023\/11\/image-63.png\",\"keywords\":[\"san mart\u00edn de los andres\"],\"articleSection\":[\"Noticia Secundaria\"],\"inLanguage\":\"es\"},{\"@type\":\"WebPage\",\"@id\":\"https:\/\/infoecos.com.ar\/index.php\/las-dos-vecinas-de-fortin-olavarria-que-sufrieron-heridas-en-el-accidente-estan-internadas-en-bariloche\/\",\"url\":\"https:\/\/infoecos.com.ar\/index.php\/las-dos-vecinas-de-fortin-olavarria-que-sufrieron-heridas-en-el-accidente-estan-internadas-en-bariloche\/\",\"name\":\"Vecinas de F.Olavarr\u00eda heridas en accidente del s\u00e1bado, internadas en Bariloche - Infoecos\",\"isPartOf\":{\"@id\":\"https:\/\/infoecos.com.ar\/#website\"},\"primaryImageOfPage\":{\"@id\":\"https:\/\/infoecos.com.ar\/index.php\/las-dos-vecinas-de-fortin-olavarria-que-sufrieron-heridas-en-el-accidente-estan-internadas-en-bariloche\/#primaryimage\"},\"image\":{\"@id\":\"https:\/\/infoecos.com.ar\/index.php\/las-dos-vecinas-de-fortin-olavarria-que-sufrieron-heridas-en-el-accidente-estan-internadas-en-bariloche\/#primaryimage\"},\"thumbnailUrl\":\"https:\/\/infoecos.com.ar\/wp-content\/uploads\/2023\/11\/image-63.png\",\"datePublished\":\"2023-11-13T19:59:28+00:00\",\"dateModified\":\"2023-11-13T20:38:02+00:00\",\"breadcrumb\":{\"@id\":\"https:\/\/infoecos.com.ar\/index.php\/las-dos-vecinas-de-fortin-olavarria-que-sufrieron-heridas-en-el-accidente-estan-internadas-en-bariloche\/#breadcrumb\"},\"inLanguage\":\"es\",\"potentialAction\":[{\"@type\":\"ReadAction\",\"target\":[\"https:\/\/infoecos.com.ar\/index.php\/las-dos-vecinas-de-fortin-olavarria-que-sufrieron-heridas-en-el-accidente-estan-internadas-en-bariloche\/\"]}]},{\"@type\":\"ImageObject\",\"inLanguage\":\"es\",\"@id\":\"https:\/\/infoecos.com.ar\/index.php\/las-dos-vecinas-de-fortin-olavarria-que-sufrieron-heridas-en-el-accidente-estan-internadas-en-bariloche\/#primaryimage\",\"url\":\"https:\/\/infoecos.com.ar\/wp-content\/uploads\/2023\/11\/image-63.png\",\"contentUrl\":\"https:\/\/infoecos.com.ar\/wp-content\/uploads\/2023\/11\/image-63.png\",\"width\":1200,\"height\":900},{\"@type\":\"BreadcrumbList\",\"@id\":\"https:\/\/infoecos.com.ar\/index.php\/las-dos-vecinas-de-fortin-olavarria-que-sufrieron-heridas-en-el-accidente-estan-internadas-en-bariloche\/#breadcrumb\",\"itemListElement\":[{\"@type\":\"ListItem\",\"position\":1,\"name\":\"Portada\",\"item\":\"https:\/\/infoecos.com.ar\/\"},{\"@type\":\"ListItem\",\"position\":2,\"name\":\"Vecinas de F.Olavarr\u00eda heridas en accidente del s\u00e1bado, internadas en Bariloche\"}]},{\"@type\":\"WebSite\",\"@id\":\"https:\/\/infoecos.com.ar\/#website\",\"url\":\"https:\/\/infoecos.com.ar\/\",\"name\":\"Infoecos\",\"description\":\"Noticias de trenque lauquen y la zona\",\"publisher\":{\"@id\":\"https:\/\/infoecos.com.ar\/#organization\"},\"alternateName\":\"Noticias\",\"potentialAction\":[{\"@type\":\"SearchAction\",\"target\":{\"@type\":\"EntryPoint\",\"urlTemplate\":\"https:\/\/infoecos.com.ar\/?s={search_term_string}\"},\"query-input\":{\"@type\":\"PropertyValueSpecification\",\"valueRequired\":true,\"valueName\":\"search_term_string\"}}],\"inLanguage\":\"es\"},{\"@type\":\"Organization\",\"@id\":\"https:\/\/infoecos.com.ar\/#organization\",\"name\":\"Infoecos\",\"alternateName\":\"Noticias\",\"url\":\"https:\/\/infoecos.com.ar\/\",\"logo\":{\"@type\":\"ImageObject\",\"inLanguage\":\"es\",\"@id\":\"https:\/\/infoecos.com.ar\/#\/schema\/logo\/image\/\",\"url\":\"https:\/\/infoecos.com.ar\/wp-content\/uploads\/2024\/03\/cropped-logo.png\",\"contentUrl\":\"https:\/\/infoecos.com.ar\/wp-content\/uploads\/2024\/03\/cropped-logo.png\",\"width\":374,\"height\":90,\"caption\":\"Infoecos\"},\"image\":{\"@id\":\"https:\/\/infoecos.com.ar\/#\/schema\/logo\/image\/\"},\"sameAs\":[\"https:\/\/www.facebook.com\/profile.php?id=100063200290284\",\"https:\/\/x.com\/infoecos\"]},{\"@type\":\"Person\",\"@id\":\"https:\/\/infoecos.com.ar\/#\/schema\/person\/8f5ace5ce73b4b4aac4b7245aee6f191\",\"name\":\"Jorge Matheus\",\"url\":\"https:\/\/infoecos.com.ar\/index.php\/author\/jomatheus\/\"}]}<\/script>\n<!-- \/ Yoast SEO plugin. -->","yoast_head_json":{"title":"Vecinas de F.Olavarr\u00eda heridas en accidente del s\u00e1bado, internadas en Bariloche - Infoecos","robots":{"index":"index","follow":"follow","max-snippet":"max-snippet:-1","max-image-preview":"max-image-preview:large","max-video-preview":"max-video-preview:-1"},"canonical":"https:\/\/infoecos.com.ar\/index.php\/las-dos-vecinas-de-fortin-olavarria-que-sufrieron-heridas-en-el-accidente-estan-internadas-en-bariloche\/","og_locale":"es_ES","og_type":"article","og_title":"Vecinas de F.Olavarr\u00eda heridas en accidente del s\u00e1bado, internadas en Bariloche - Infoecos","og_description":"El fiscal del caso Adri\u00e1n De Lillo explic\u00f3 que los familiares de las v\u00edctimas est\u00e1n viajando a Bariloche para retirar los cuerpos","og_url":"https:\/\/infoecos.com.ar\/index.php\/las-dos-vecinas-de-fortin-olavarria-que-sufrieron-heridas-en-el-accidente-estan-internadas-en-bariloche\/","og_site_name":"Infoecos","article_publisher":"https:\/\/www.facebook.com\/profile.php?id=100063200290284","article_published_time":"2023-11-13T19:59:28+00:00","article_modified_time":"2023-11-13T20:38:02+00:00","og_image":[{"width":1200,"height":900,"url":"https:\/\/infoecos.com.ar\/wp-content\/uploads\/2023\/11\/image-63.png","type":"image\/png"}],"author":"Jorge Matheus","twitter_card":"summary_large_image","twitter_creator":"@infoecos","twitter_site":"@infoecos","twitter_misc":{"Escrito por":"Jorge Matheus","Tiempo de lectura":"1 minuto"},"schema":{"@context":"https:\/\/schema.org","@graph":[{"@type":"Article","@id":"https:\/\/infoecos.com.ar\/index.php\/las-dos-vecinas-de-fortin-olavarria-que-sufrieron-heridas-en-el-accidente-estan-internadas-en-bariloche\/#article","isPartOf":{"@id":"https:\/\/infoecos.com.ar\/index.php\/las-dos-vecinas-de-fortin-olavarria-que-sufrieron-heridas-en-el-accidente-estan-internadas-en-bariloche\/"},"author":{"name":"Jorge Matheus","@id":"https:\/\/infoecos.com.ar\/#\/schema\/person\/8f5ace5ce73b4b4aac4b7245aee6f191"},"headline":"Vecinas de F.Olavarr\u00eda heridas en accidente del s\u00e1bado, internadas en Bariloche","datePublished":"2023-11-13T19:59:28+00:00","dateModified":"2023-11-13T20:38:02+00:00","mainEntityOfPage":{"@id":"https:\/\/infoecos.com.ar\/index.php\/las-dos-vecinas-de-fortin-olavarria-que-sufrieron-heridas-en-el-accidente-estan-internadas-en-bariloche\/"},"wordCount":149,"publisher":{"@id":"https:\/\/infoecos.com.ar\/#organization"},"image":{"@id":"https:\/\/infoecos.com.ar\/index.php\/las-dos-vecinas-de-fortin-olavarria-que-sufrieron-heridas-en-el-accidente-estan-internadas-en-bariloche\/#primaryimage"},"thumbnailUrl":"https:\/\/infoecos.com.ar\/wp-content\/uploads\/2023\/11\/image-63.png","keywords":["san mart\u00edn de los andres"],"articleSection":["Noticia Secundaria"],"inLanguage":"es"},{"@type":"WebPage","@id":"https:\/\/infoecos.com.ar\/index.php\/las-dos-vecinas-de-fortin-olavarria-que-sufrieron-heridas-en-el-accidente-estan-internadas-en-bariloche\/","url":"https:\/\/infoecos.com.ar\/index.php\/las-dos-vecinas-de-fortin-olavarria-que-sufrieron-heridas-en-el-accidente-estan-internadas-en-bariloche\/","name":"Vecinas de F.Olavarr\u00eda heridas en accidente del s\u00e1bado, internadas en Bariloche - Infoecos","isPartOf":{"@id":"https:\/\/infoecos.com.ar\/#website"},"primaryImageOfPage":{"@id":"https:\/\/infoecos.com.ar\/index.php\/las-dos-vecinas-de-fortin-olavarria-que-sufrieron-heridas-en-el-accidente-estan-internadas-en-bariloche\/#primaryimage"},"image":{"@id":"https:\/\/infoecos.com.ar\/index.php\/las-dos-vecinas-de-fortin-olavarria-que-sufrieron-heridas-en-el-accidente-estan-internadas-en-bariloche\/#primaryimage"},"thumbnailUrl":"https:\/\/infoecos.com.ar\/wp-content\/uploads\/2023\/11\/image-63.png","datePublished":"2023-11-13T19:59:28+00:00","dateModified":"2023-11-13T20:38:02+00:00","breadcrumb":{"@id":"https:\/\/infoecos.com.ar\/index.php\/las-dos-vecinas-de-fortin-olavarria-que-sufrieron-heridas-en-el-accidente-estan-internadas-en-bariloche\/#breadcrumb"},"inLanguage":"es","potentialAction":[{"@type":"ReadAction","target":["https:\/\/infoecos.com.ar\/index.php\/las-dos-vecinas-de-fortin-olavarria-que-sufrieron-heridas-en-el-accidente-estan-internadas-en-bariloche\/"]}]},{"@type":"ImageObject","inLanguage":"es","@id":"https:\/\/infoecos.com.ar\/index.php\/las-dos-vecinas-de-fortin-olavarria-que-sufrieron-heridas-en-el-accidente-estan-internadas-en-bariloche\/#primaryimage","url":"https:\/\/infoecos.com.ar\/wp-content\/uploads\/2023\/11\/image-63.png","contentUrl":"https:\/\/infoecos.com.ar\/wp-content\/uploads\/2023\/11\/image-63.png","width":1200,"height":900},{"@type":"BreadcrumbList","@id":"https:\/\/infoecos.com.ar\/index.php\/las-dos-vecinas-de-fortin-olavarria-que-sufrieron-heridas-en-el-accidente-estan-internadas-en-bariloche\/#breadcrumb","itemListElement":[{"@type":"ListItem","position":1,"name":"Portada","item":"https:\/\/infoecos.com.ar\/"},{"@type":"ListItem","position":2,"name":"Vecinas de F.Olavarr\u00eda heridas en accidente del s\u00e1bado, internadas en Bariloche"}]},{"@type":"WebSite","@id":"https:\/\/infoecos.com.ar\/#website","url":"https:\/\/infoecos.com.ar\/","name":"Infoecos","description":"Noticias de trenque lauquen y la zona","publisher":{"@id":"https:\/\/infoecos.com.ar\/#organization"},"alternateName":"Noticias","potentialAction":[{"@type":"SearchAction","target":{"@type":"EntryPoint","urlTemplate":"https:\/\/infoecos.com.ar\/?s={search_term_string}"},"query-input":{"@type":"PropertyValueSpecification","valueRequired":true,"valueName":"search_term_string"}}],"inLanguage":"es"},{"@type":"Organization","@id":"https:\/\/infoecos.com.ar\/#organization","name":"Infoecos","alternateName":"Noticias","url":"https:\/\/infoecos.com.ar\/","logo":{"@type":"ImageObject","inLanguage":"es","@id":"https:\/\/infoecos.com.ar\/#\/schema\/logo\/image\/","url":"https:\/\/infoecos.com.ar\/wp-content\/uploads\/2024\/03\/cropped-logo.png","contentUrl":"https:\/\/infoecos.com.ar\/wp-content\/uploads\/2024\/03\/cropped-logo.png","width":374,"height":90,"caption":"Infoecos"},"image":{"@id":"https:\/\/infoecos.com.ar\/#\/schema\/logo\/image\/"},"sameAs":["https:\/\/www.facebook.com\/profile.php?id=100063200290284","https:\/\/x.com\/infoecos"]},{"@type":"Person","@id":"https:\/\/infoecos.com.ar\/#\/schema\/person\/8f5ace5ce73b4b4aac4b7245aee6f191","name":"Jorge Matheus","url":"https:\/\/infoecos.com.ar\/index.php\/author\/jomatheus\/"}]}},"featured_image_urls":{"full":["https:\/\/infoecos.com.ar\/wp-content\/uploads\/2023\/11\/image-63.png",1200,900,false],"thumbnail":["https:\/\/infoecos.com.ar\/wp-content\/uploads\/2023\/11\/image-63-300x150.png",300,150,true],"medium":["https:\/\/infoecos.com.ar\/wp-content\/uploads\/2023\/11\/image-63-800x600.png",800,600,true],"medium_large":["https:\/\/infoecos.com.ar\/wp-content\/uploads\/2023\/11\/image-63-768x576.png",640,480,true],"large":["https:\/\/infoecos.com.ar\/wp-content\/uploads\/2023\/11\/image-63.png",640,480,false],"1536x1536":["https:\/\/infoecos.com.ar\/wp-content\/uploads\/2023\/11\/image-63.png",1200,900,false],"2048x2048":["https:\/\/infoecos.com.ar\/wp-content\/uploads\/2023\/11\/image-63.png",1200,900,false],"covernews-slider-full":["https:\/\/infoecos.com.ar\/wp-content\/uploads\/2023\/11\/image-63.png",953,715,false],"covernews-slider-center":["https:\/\/infoecos.com.ar\/wp-content\/uploads\/2023\/11\/image-63-936x897.png",522,500,true],"covernews-featured":["https:\/\/infoecos.com.ar\/wp-content\/uploads\/2023\/11\/image-63-1024x768.png",1024,768,true],"covernews-medium":["https:\/\/infoecos.com.ar\/wp-content\/uploads\/2023\/11\/image-63-720x380.png",540,285,true],"covernews-medium-square":["https:\/\/infoecos.com.ar\/wp-content\/uploads\/2023\/11\/image-63-675x450.png",375,250,true]},"author_info":{"info":["Jorge Matheus"]},"category_info":"<a href=\"https:\/\/infoecos.com.ar\/index.php\/category\/noticia-secundaria\/\" rel=\"category tag\">Noticia Secundaria<\/a>","tag_info":"Noticia Secundaria","comment_count":"0","_links":{"self":[{"href":"https:\/\/infoecos.com.ar\/index.php\/wp-json\/wp\/v2\/posts\/115119"}],"collection":[{"href":"https:\/\/infoecos.com.ar\/index.php\/wp-json\/wp\/v2\/posts"}],"about":[{"href":"https:\/\/infoecos.com.ar\/index.php\/wp-json\/wp\/v2\/types\/post"}],"author":[{"embeddable":true,"href":"https:\/\/infoecos.com.ar\/index.php\/wp-json\/wp\/v2\/users\/2"}],"replies":[{"embeddable":true,"href":"https:\/\/infoecos.com.ar\/index.php\/wp-json\/wp\/v2\/comments?post=115119"}],"version-history":[{"count":4,"href":"https:\/\/infoecos.com.ar\/index.php\/wp-json\/wp\/v2\/posts\/115119\/revisions"}],"predecessor-version":[{"id":115127,"href":"https:\/\/infoecos.com.ar\/index.php\/wp-json\/wp\/v2\/posts\/115119\/revisions\/115127"}],"wp:featuredmedia":[{"embeddable":true,"href":"https:\/\/infoecos.com.ar\/index.php\/wp-json\/wp\/v2\/media\/115120"}],"wp:attachment":[{"href":"https:\/\/infoecos.com.ar\/index.php\/wp-json\/wp\/v2\/media?parent=115119"}],"wp:term":[{"taxonomy":"category","embeddable":true,"href":"https:\/\/infoecos.com.ar\/index.php\/wp-json\/wp\/v2\/categories?post=115119"},{"taxonomy":"post_tag","embeddable":true,"href":"https:\/\/infoecos.com.ar\/index.php\/wp-json\/wp\/v2\/tags?post=115119"}],"curies":[{"name":"wp","href":"https:\/\/api.w.org\/{rel}","templated":true}]}}