{"id":115157,"date":"2023-11-14T02:25:02","date_gmt":"2023-11-14T05:25:02","guid":{"rendered":"https:\/\/infoecos.com.ar\/?p=115157"},"modified":"2023-11-14T02:25:03","modified_gmt":"2023-11-14T05:25:03","slug":"analisis-del-debate-nunca-se-termina-de-aprender","status":"publish","type":"post","link":"https:\/\/infoecos.com.ar\/index.php\/analisis-del-debate-nunca-se-termina-de-aprender\/","title":{"rendered":"An\u00e1lisis del debate: \u00abNunca se termina de aprender\u00bb"},"content":{"rendered":"\n<figure class=\"wp-block-image alignright size-full is-resized\"><img loading=\"lazy\" decoding=\"async\" src=\"https:\/\/infoecos.com.ar\/wp-content\/uploads\/2023\/11\/image-70.png\" alt=\"\" class=\"wp-image-115158\" width=\"336\" height=\"169\" srcset=\"https:\/\/infoecos.com.ar\/wp-content\/uploads\/2023\/11\/image-70.png 1229w, https:\/\/infoecos.com.ar\/wp-content\/uploads\/2023\/11\/image-70-800x404.png 800w, https:\/\/infoecos.com.ar\/wp-content\/uploads\/2023\/11\/image-70-300x150.png 300w, https:\/\/infoecos.com.ar\/wp-content\/uploads\/2023\/11\/image-70-768x387.png 768w, https:\/\/infoecos.com.ar\/wp-content\/uploads\/2023\/11\/image-70-1024x517.png 1024w\" sizes=\"(max-width: 336px) 100vw, 336px\" \/><figcaption class=\"wp-element-caption\">Foto Clar\u00edn   <\/figcaption><\/figure>\n\n\n\n<p>Sigo en la <a href=\"https:\/\/www.facebook.com\/hashtag\/ciudaddelafuria?__eep__=6&amp;__cft__[0]=AZXi1m1T6RdpGwOw28DqX8ByXH2Ce1wZAF608hjAwATvBx_YLOXADY-HNb7_FTrFAgT2wyMAhEvOEPqvqUi944219GV5P2sh4PJmw5MBbW9zdVdrmilTdsik1GnGMvv-n3iiR_8AdwOOCxrZWN11mOhvuFILsqe-T38mM-LGu91ZbA&amp;__tn__=*NK-R\">#CiudaddelaFuria<\/a>. Espero que no sea por mucho tiempo m\u00e1s. El tiempo est\u00e1 dominado por el organismo, que puedo gobernar hasta cierto punto. Si \u00e9l decide otra cosa, por ac\u00e1 seguir\u00e9. De lo contrario, regresar\u00e9 en estos d\u00edas.<\/p>\n\n\n\n<p>&#8211; Alegr\u00eda produjo que Miguel Angel Gauna llamara en la ma\u00f1ana de este lunes, desde <a href=\"https:\/\/www.facebook.com\/Am1280Fm885?__cft__[0]=AZXi1m1T6RdpGwOw28DqX8ByXH2Ce1wZAF608hjAwATvBx_YLOXADY-HNb7_FTrFAgT2wyMAhEvOEPqvqUi944219GV5P2sh4PJmw5MBbW9zdVdrmilTdsik1GnGMvv-n3iiR_8AdwOOCxrZWN11mOhvuFILsqe-T38mM-LGu91ZbA&amp;__tn__=-]K-R\">LU11 Am 1280 &#8211; Fm 88.5 &#8211; Fm 93.1 T Lauquen<\/a> Radioemisoras del Oeste, para analizar el debate entre Massa y Milei.<\/p>\n\n\n\n<p>&#8211; Como siempre ha sucedido, lo hice con <a><\/a>total y absoluta libertad, sin condicionamientos.<\/p>\n\n\n\n<p>&#8211; Creo haber dicho, sin ning\u00fan sesgo de egolatr\u00eda, algunas cosas interesantes, evitando pasiones, fanatismos, pasado reciente en la vida pol\u00edtica e institucional. Habl\u00e9 transmitiendo que siento, sin creer ser due\u00f1o de la verdad, dando lugar a pensar, debatir o discusi\u00f3n posterior.<\/p>\n\n\n\n<p>&#8211; Como existe la dicha de escuchar las emisoras por las aplicaciones de Internet desde <a href=\"https:\/\/www.facebook.com\/hashtag\/caba?__eep__=6&amp;__cft__[0]=AZXi1m1T6RdpGwOw28DqX8ByXH2Ce1wZAF608hjAwATvBx_YLOXADY-HNb7_FTrFAgT2wyMAhEvOEPqvqUi944219GV5P2sh4PJmw5MBbW9zdVdrmilTdsik1GnGMvv-n3iiR_8AdwOOCxrZWN11mOhvuFILsqe-T38mM-LGu91ZbA&amp;__tn__=*NK-R\">#CABA<\/a>, o\u00ed algunas opiniones. No estoy de acuerdo o en desacuerdo con ellas.<\/p>\n\n\n\n<p>&#8211; Con los a\u00f1os aprend\u00ed que quienes ejercemos esta profesi\u00f3n, siempre contamos con la \u00faltima palabra. He dejado de ejercer esta prerrogativa desigual, con la mayor\u00eda.<\/p>\n\n\n\n<p>&#8211; Solo tomo una atribuci\u00f3n para decir:<\/p>\n\n\n\n<p>* Escuchar no es atributo f\u00e1cil de tener, pero que es indispensable desde ni\u00f1os. A partir de incorporar esa virtud a la <a href=\"https:\/\/www.facebook.com\/hashtag\/vida?__eep__=6&amp;__cft__[0]=AZXi1m1T6RdpGwOw28DqX8ByXH2Ce1wZAF608hjAwATvBx_YLOXADY-HNb7_FTrFAgT2wyMAhEvOEPqvqUi944219GV5P2sh4PJmw5MBbW9zdVdrmilTdsik1GnGMvv-n3iiR_8AdwOOCxrZWN11mOhvuFILsqe-T38mM-LGu91ZbA&amp;__tn__=*NK-R\">#Vida<\/a>, se aprende, crecemos, nos desarrollamos, se goza de beneficios que genera la <a href=\"https:\/\/www.facebook.com\/hashtag\/libertad?__eep__=6&amp;__cft__[0]=AZXi1m1T6RdpGwOw28DqX8ByXH2Ce1wZAF608hjAwATvBx_YLOXADY-HNb7_FTrFAgT2wyMAhEvOEPqvqUi944219GV5P2sh4PJmw5MBbW9zdVdrmilTdsik1GnGMvv-n3iiR_8AdwOOCxrZWN11mOhvuFILsqe-T38mM-LGu91ZbA&amp;__tn__=*NK-R\">#Libertad<\/a>, se logra que una voz gritando no pueda m\u00e1s que mil en silencio, que podamos hablar de <a href=\"https:\/\/www.facebook.com\/hashtag\/amor?__eep__=6&amp;__cft__[0]=AZXi1m1T6RdpGwOw28DqX8ByXH2Ce1wZAF608hjAwATvBx_YLOXADY-HNb7_FTrFAgT2wyMAhEvOEPqvqUi944219GV5P2sh4PJmw5MBbW9zdVdrmilTdsik1GnGMvv-n3iiR_8AdwOOCxrZWN11mOhvuFILsqe-T38mM-LGu91ZbA&amp;__tn__=*NK-R\">#Amor<\/a><a href=\"https:\/\/www.facebook.com\/hashtag\/fracasos?__eep__=6&amp;__cft__[0]=AZXi1m1T6RdpGwOw28DqX8ByXH2Ce1wZAF608hjAwATvBx_YLOXADY-HNb7_FTrFAgT2wyMAhEvOEPqvqUi944219GV5P2sh4PJmw5MBbW9zdVdrmilTdsik1GnGMvv-n3iiR_8AdwOOCxrZWN11mOhvuFILsqe-T38mM-LGu91ZbA&amp;__tn__=*NK-R\">#Fracasos<\/a><a href=\"https:\/\/www.facebook.com\/hashtag\/dolores?__eep__=6&amp;__cft__[0]=AZXi1m1T6RdpGwOw28DqX8ByXH2Ce1wZAF608hjAwATvBx_YLOXADY-HNb7_FTrFAgT2wyMAhEvOEPqvqUi944219GV5P2sh4PJmw5MBbW9zdVdrmilTdsik1GnGMvv-n3iiR_8AdwOOCxrZWN11mOhvuFILsqe-T38mM-LGu91ZbA&amp;__tn__=*NK-R\">#Dolores<\/a>.<\/p>\n\n\n\n<p>* Escuchar con la <a href=\"https:\/\/www.facebook.com\/hashtag\/conciencia?__eep__=6&amp;__cft__[0]=AZXi1m1T6RdpGwOw28DqX8ByXH2Ce1wZAF608hjAwATvBx_YLOXADY-HNb7_FTrFAgT2wyMAhEvOEPqvqUi944219GV5P2sh4PJmw5MBbW9zdVdrmilTdsik1GnGMvv-n3iiR_8AdwOOCxrZWN11mOhvuFILsqe-T38mM-LGu91ZbA&amp;__tn__=*NK-R\">#Conciencia<\/a> cerrada, cargada de <a href=\"https:\/\/www.facebook.com\/hashtag\/fanatismos?__eep__=6&amp;__cft__[0]=AZXi1m1T6RdpGwOw28DqX8ByXH2Ce1wZAF608hjAwATvBx_YLOXADY-HNb7_FTrFAgT2wyMAhEvOEPqvqUi944219GV5P2sh4PJmw5MBbW9zdVdrmilTdsik1GnGMvv-n3iiR_8AdwOOCxrZWN11mOhvuFILsqe-T38mM-LGu91ZbA&amp;__tn__=*NK-R\">#Fanatismos<\/a> o <a href=\"https:\/\/www.facebook.com\/hashtag\/enojos?__eep__=6&amp;__cft__[0]=AZXi1m1T6RdpGwOw28DqX8ByXH2Ce1wZAF608hjAwATvBx_YLOXADY-HNb7_FTrFAgT2wyMAhEvOEPqvqUi944219GV5P2sh4PJmw5MBbW9zdVdrmilTdsik1GnGMvv-n3iiR_8AdwOOCxrZWN11mOhvuFILsqe-T38mM-LGu91ZbA&amp;__tn__=*NK-R\">#Enojos<\/a>, aporta poco para estar en <a href=\"https:\/\/www.facebook.com\/hashtag\/comunidad?__eep__=6&amp;__cft__[0]=AZXi1m1T6RdpGwOw28DqX8ByXH2Ce1wZAF608hjAwATvBx_YLOXADY-HNb7_FTrFAgT2wyMAhEvOEPqvqUi944219GV5P2sh4PJmw5MBbW9zdVdrmilTdsik1GnGMvv-n3iiR_8AdwOOCxrZWN11mOhvuFILsqe-T38mM-LGu91ZbA&amp;__tn__=*NK-R\">#Comunidad<\/a>. Es para m\u00ed, la ant\u00edtesis de sanar.<\/p>\n\n\n\n<p>Este di\u00e1logo que ojal\u00e1 se convierta en diario, est\u00e9 donde est\u00e9, ha sido gratificante, y le puso m\u00e1s conocimientos al <a href=\"https:\/\/www.facebook.com\/hashtag\/alma?__eep__=6&amp;__cft__[0]=AZXi1m1T6RdpGwOw28DqX8ByXH2Ce1wZAF608hjAwATvBx_YLOXADY-HNb7_FTrFAgT2wyMAhEvOEPqvqUi944219GV5P2sh4PJmw5MBbW9zdVdrmilTdsik1GnGMvv-n3iiR_8AdwOOCxrZWN11mOhvuFILsqe-T38mM-LGu91ZbA&amp;__tn__=*NK-R\">#Alma<\/a>. Qued\u00f3 como capital personal que la masa cr\u00edtica es rica en el Pueblo donde vivimos, m\u00e1xime cuando se puede ser duro, sin agresividad.<\/p>\n\n\n\n<p>Nunca se termina de aprender.<\/p>\n","protected":false},"excerpt":{"rendered":"<p>Alegr\u00eda produjo que Miguel Angel Gauna llamara en la ma\u00f1ana de este lunes, desde LU11 Am 1280 &#8211; Fm 88.5 &#8211; Fm 93.1 T Lauquen Radioemisoras del Oeste, para analizar el debate entre Massa y Milei.<\/p>\n","protected":false},"author":2,"featured_media":115158,"comment_status":"closed","ping_status":"open","sticky":false,"template":"","format":"standard","meta":{"footnotes":""},"categories":[51],"tags":[2227],"class_list":["post-115157","post","type-post","status-publish","format-standard","has-post-thumbnail","hentry","category-c2nota4","tag-por-jorge-matheus"],"yoast_head":"<!-- This site is optimized with the Yoast SEO plugin v23.4 - https:\/\/yoast.com\/wordpress\/plugins\/seo\/ -->\n<title>An\u00e1lisis del debate: &quot;Nunca se termina de aprender&quot; - Infoecos<\/title>\n<meta name=\"robots\" content=\"index, follow, max-snippet:-1, max-image-preview:large, max-video-preview:-1\" \/>\n<link rel=\"canonical\" href=\"https:\/\/infoecos.com.ar\/index.php\/analisis-del-debate-nunca-se-termina-de-aprender\/\" \/>\n<meta property=\"og:locale\" content=\"es_ES\" \/>\n<meta property=\"og:type\" content=\"article\" \/>\n<meta property=\"og:title\" content=\"An\u00e1lisis del debate: &quot;Nunca se termina de aprender&quot; - Infoecos\" \/>\n<meta property=\"og:description\" content=\"Alegr\u00eda produjo que Miguel Angel Gauna llamara en la ma\u00f1ana de este lunes, desde LU11 Am 1280 - Fm 88.5 - Fm 93.1 T Lauquen Radioemisoras del Oeste, para analizar el debate entre Massa y Milei.\" \/>\n<meta property=\"og:url\" content=\"https:\/\/infoecos.com.ar\/index.php\/analisis-del-debate-nunca-se-termina-de-aprender\/\" \/>\n<meta property=\"og:site_name\" content=\"Infoecos\" \/>\n<meta property=\"article:publisher\" content=\"https:\/\/www.facebook.com\/profile.php?id=100063200290284\" \/>\n<meta property=\"article:published_time\" content=\"2023-11-14T05:25:02+00:00\" \/>\n<meta property=\"article:modified_time\" content=\"2023-11-14T05:25:03+00:00\" \/>\n<meta property=\"og:image\" content=\"https:\/\/infoecos.com.ar\/wp-content\/uploads\/2023\/11\/image-70.png\" \/>\n\t<meta property=\"og:image:width\" content=\"1229\" \/>\n\t<meta property=\"og:image:height\" content=\"620\" \/>\n\t<meta property=\"og:image:type\" content=\"image\/png\" \/>\n<meta name=\"author\" content=\"Jorge Matheus\" \/>\n<meta name=\"twitter:card\" content=\"summary_large_image\" \/>\n<meta name=\"twitter:creator\" content=\"@infoecos\" \/>\n<meta name=\"twitter:site\" content=\"@infoecos\" \/>\n<meta name=\"twitter:label1\" content=\"Escrito por\" \/>\n\t<meta name=\"twitter:data1\" content=\"Jorge Matheus\" \/>\n\t<meta name=\"twitter:label2\" content=\"Tiempo de lectura\" \/>\n\t<meta name=\"twitter:data2\" content=\"2 minutos\" \/>\n<script type=\"application\/ld+json\" class=\"yoast-schema-graph\">{\"@context\":\"https:\/\/schema.org\",\"@graph\":[{\"@type\":\"Article\",\"@id\":\"https:\/\/infoecos.com.ar\/index.php\/analisis-del-debate-nunca-se-termina-de-aprender\/#article\",\"isPartOf\":{\"@id\":\"https:\/\/infoecos.com.ar\/index.php\/analisis-del-debate-nunca-se-termina-de-aprender\/\"},\"author\":{\"name\":\"Jorge Matheus\",\"@id\":\"https:\/\/infoecos.com.ar\/#\/schema\/person\/8f5ace5ce73b4b4aac4b7245aee6f191\"},\"headline\":\"An\u00e1lisis del debate: \u00abNunca se termina de aprender\u00bb\",\"datePublished\":\"2023-11-14T05:25:02+00:00\",\"dateModified\":\"2023-11-14T05:25:03+00:00\",\"mainEntityOfPage\":{\"@id\":\"https:\/\/infoecos.com.ar\/index.php\/analisis-del-debate-nunca-se-termina-de-aprender\/\"},\"wordCount\":351,\"publisher\":{\"@id\":\"https:\/\/infoecos.com.ar\/#organization\"},\"image\":{\"@id\":\"https:\/\/infoecos.com.ar\/index.php\/analisis-del-debate-nunca-se-termina-de-aprender\/#primaryimage\"},\"thumbnailUrl\":\"https:\/\/infoecos.com.ar\/wp-content\/uploads\/2023\/11\/image-70.png\",\"keywords\":[\"POR JORGE MATHEUS\"],\"articleSection\":[\"C2 N4\"],\"inLanguage\":\"es\"},{\"@type\":\"WebPage\",\"@id\":\"https:\/\/infoecos.com.ar\/index.php\/analisis-del-debate-nunca-se-termina-de-aprender\/\",\"url\":\"https:\/\/infoecos.com.ar\/index.php\/analisis-del-debate-nunca-se-termina-de-aprender\/\",\"name\":\"An\u00e1lisis del debate: \\\"Nunca se termina de aprender\\\" - Infoecos\",\"isPartOf\":{\"@id\":\"https:\/\/infoecos.com.ar\/#website\"},\"primaryImageOfPage\":{\"@id\":\"https:\/\/infoecos.com.ar\/index.php\/analisis-del-debate-nunca-se-termina-de-aprender\/#primaryimage\"},\"image\":{\"@id\":\"https:\/\/infoecos.com.ar\/index.php\/analisis-del-debate-nunca-se-termina-de-aprender\/#primaryimage\"},\"thumbnailUrl\":\"https:\/\/infoecos.com.ar\/wp-content\/uploads\/2023\/11\/image-70.png\",\"datePublished\":\"2023-11-14T05:25:02+00:00\",\"dateModified\":\"2023-11-14T05:25:03+00:00\",\"breadcrumb\":{\"@id\":\"https:\/\/infoecos.com.ar\/index.php\/analisis-del-debate-nunca-se-termina-de-aprender\/#breadcrumb\"},\"inLanguage\":\"es\",\"potentialAction\":[{\"@type\":\"ReadAction\",\"target\":[\"https:\/\/infoecos.com.ar\/index.php\/analisis-del-debate-nunca-se-termina-de-aprender\/\"]}]},{\"@type\":\"ImageObject\",\"inLanguage\":\"es\",\"@id\":\"https:\/\/infoecos.com.ar\/index.php\/analisis-del-debate-nunca-se-termina-de-aprender\/#primaryimage\",\"url\":\"https:\/\/infoecos.com.ar\/wp-content\/uploads\/2023\/11\/image-70.png\",\"contentUrl\":\"https:\/\/infoecos.com.ar\/wp-content\/uploads\/2023\/11\/image-70.png\",\"width\":1229,\"height\":620},{\"@type\":\"BreadcrumbList\",\"@id\":\"https:\/\/infoecos.com.ar\/index.php\/analisis-del-debate-nunca-se-termina-de-aprender\/#breadcrumb\",\"itemListElement\":[{\"@type\":\"ListItem\",\"position\":1,\"name\":\"Portada\",\"item\":\"https:\/\/infoecos.com.ar\/\"},{\"@type\":\"ListItem\",\"position\":2,\"name\":\"An\u00e1lisis del debate: \u00abNunca se termina de aprender\u00bb\"}]},{\"@type\":\"WebSite\",\"@id\":\"https:\/\/infoecos.com.ar\/#website\",\"url\":\"https:\/\/infoecos.com.ar\/\",\"name\":\"Infoecos\",\"description\":\"Noticias de trenque lauquen y la zona\",\"publisher\":{\"@id\":\"https:\/\/infoecos.com.ar\/#organization\"},\"alternateName\":\"Noticias\",\"potentialAction\":[{\"@type\":\"SearchAction\",\"target\":{\"@type\":\"EntryPoint\",\"urlTemplate\":\"https:\/\/infoecos.com.ar\/?s={search_term_string}\"},\"query-input\":{\"@type\":\"PropertyValueSpecification\",\"valueRequired\":true,\"valueName\":\"search_term_string\"}}],\"inLanguage\":\"es\"},{\"@type\":\"Organization\",\"@id\":\"https:\/\/infoecos.com.ar\/#organization\",\"name\":\"Infoecos\",\"alternateName\":\"Noticias\",\"url\":\"https:\/\/infoecos.com.ar\/\",\"logo\":{\"@type\":\"ImageObject\",\"inLanguage\":\"es\",\"@id\":\"https:\/\/infoecos.com.ar\/#\/schema\/logo\/image\/\",\"url\":\"https:\/\/infoecos.com.ar\/wp-content\/uploads\/2024\/03\/cropped-logo.png\",\"contentUrl\":\"https:\/\/infoecos.com.ar\/wp-content\/uploads\/2024\/03\/cropped-logo.png\",\"width\":374,\"height\":90,\"caption\":\"Infoecos\"},\"image\":{\"@id\":\"https:\/\/infoecos.com.ar\/#\/schema\/logo\/image\/\"},\"sameAs\":[\"https:\/\/www.facebook.com\/profile.php?id=100063200290284\",\"https:\/\/x.com\/infoecos\"]},{\"@type\":\"Person\",\"@id\":\"https:\/\/infoecos.com.ar\/#\/schema\/person\/8f5ace5ce73b4b4aac4b7245aee6f191\",\"name\":\"Jorge Matheus\",\"url\":\"https:\/\/infoecos.com.ar\/index.php\/author\/jomatheus\/\"}]}<\/script>\n<!-- \/ Yoast SEO plugin. -->","yoast_head_json":{"title":"An\u00e1lisis del debate: \"Nunca se termina de aprender\" - Infoecos","robots":{"index":"index","follow":"follow","max-snippet":"max-snippet:-1","max-image-preview":"max-image-preview:large","max-video-preview":"max-video-preview:-1"},"canonical":"https:\/\/infoecos.com.ar\/index.php\/analisis-del-debate-nunca-se-termina-de-aprender\/","og_locale":"es_ES","og_type":"article","og_title":"An\u00e1lisis del debate: \"Nunca se termina de aprender\" - Infoecos","og_description":"Alegr\u00eda produjo que Miguel Angel Gauna llamara en la ma\u00f1ana de este lunes, desde LU11 Am 1280 - Fm 88.5 - Fm 93.1 T Lauquen Radioemisoras del Oeste, para analizar el debate entre Massa y Milei.","og_url":"https:\/\/infoecos.com.ar\/index.php\/analisis-del-debate-nunca-se-termina-de-aprender\/","og_site_name":"Infoecos","article_publisher":"https:\/\/www.facebook.com\/profile.php?id=100063200290284","article_published_time":"2023-11-14T05:25:02+00:00","article_modified_time":"2023-11-14T05:25:03+00:00","og_image":[{"width":1229,"height":620,"url":"https:\/\/infoecos.com.ar\/wp-content\/uploads\/2023\/11\/image-70.png","type":"image\/png"}],"author":"Jorge Matheus","twitter_card":"summary_large_image","twitter_creator":"@infoecos","twitter_site":"@infoecos","twitter_misc":{"Escrito por":"Jorge Matheus","Tiempo de lectura":"2 minutos"},"schema":{"@context":"https:\/\/schema.org","@graph":[{"@type":"Article","@id":"https:\/\/infoecos.com.ar\/index.php\/analisis-del-debate-nunca-se-termina-de-aprender\/#article","isPartOf":{"@id":"https:\/\/infoecos.com.ar\/index.php\/analisis-del-debate-nunca-se-termina-de-aprender\/"},"author":{"name":"Jorge Matheus","@id":"https:\/\/infoecos.com.ar\/#\/schema\/person\/8f5ace5ce73b4b4aac4b7245aee6f191"},"headline":"An\u00e1lisis del debate: \u00abNunca se termina de aprender\u00bb","datePublished":"2023-11-14T05:25:02+00:00","dateModified":"2023-11-14T05:25:03+00:00","mainEntityOfPage":{"@id":"https:\/\/infoecos.com.ar\/index.php\/analisis-del-debate-nunca-se-termina-de-aprender\/"},"wordCount":351,"publisher":{"@id":"https:\/\/infoecos.com.ar\/#organization"},"image":{"@id":"https:\/\/infoecos.com.ar\/index.php\/analisis-del-debate-nunca-se-termina-de-aprender\/#primaryimage"},"thumbnailUrl":"https:\/\/infoecos.com.ar\/wp-content\/uploads\/2023\/11\/image-70.png","keywords":["POR JORGE MATHEUS"],"articleSection":["C2 N4"],"inLanguage":"es"},{"@type":"WebPage","@id":"https:\/\/infoecos.com.ar\/index.php\/analisis-del-debate-nunca-se-termina-de-aprender\/","url":"https:\/\/infoecos.com.ar\/index.php\/analisis-del-debate-nunca-se-termina-de-aprender\/","name":"An\u00e1lisis del debate: \"Nunca se termina de aprender\" - Infoecos","isPartOf":{"@id":"https:\/\/infoecos.com.ar\/#website"},"primaryImageOfPage":{"@id":"https:\/\/infoecos.com.ar\/index.php\/analisis-del-debate-nunca-se-termina-de-aprender\/#primaryimage"},"image":{"@id":"https:\/\/infoecos.com.ar\/index.php\/analisis-del-debate-nunca-se-termina-de-aprender\/#primaryimage"},"thumbnailUrl":"https:\/\/infoecos.com.ar\/wp-content\/uploads\/2023\/11\/image-70.png","datePublished":"2023-11-14T05:25:02+00:00","dateModified":"2023-11-14T05:25:03+00:00","breadcrumb":{"@id":"https:\/\/infoecos.com.ar\/index.php\/analisis-del-debate-nunca-se-termina-de-aprender\/#breadcrumb"},"inLanguage":"es","potentialAction":[{"@type":"ReadAction","target":["https:\/\/infoecos.com.ar\/index.php\/analisis-del-debate-nunca-se-termina-de-aprender\/"]}]},{"@type":"ImageObject","inLanguage":"es","@id":"https:\/\/infoecos.com.ar\/index.php\/analisis-del-debate-nunca-se-termina-de-aprender\/#primaryimage","url":"https:\/\/infoecos.com.ar\/wp-content\/uploads\/2023\/11\/image-70.png","contentUrl":"https:\/\/infoecos.com.ar\/wp-content\/uploads\/2023\/11\/image-70.png","width":1229,"height":620},{"@type":"BreadcrumbList","@id":"https:\/\/infoecos.com.ar\/index.php\/analisis-del-debate-nunca-se-termina-de-aprender\/#breadcrumb","itemListElement":[{"@type":"ListItem","position":1,"name":"Portada","item":"https:\/\/infoecos.com.ar\/"},{"@type":"ListItem","position":2,"name":"An\u00e1lisis del debate: \u00abNunca se termina de aprender\u00bb"}]},{"@type":"WebSite","@id":"https:\/\/infoecos.com.ar\/#website","url":"https:\/\/infoecos.com.ar\/","name":"Infoecos","description":"Noticias de trenque lauquen y la zona","publisher":{"@id":"https:\/\/infoecos.com.ar\/#organization"},"alternateName":"Noticias","potentialAction":[{"@type":"SearchAction","target":{"@type":"EntryPoint","urlTemplate":"https:\/\/infoecos.com.ar\/?s={search_term_string}"},"query-input":{"@type":"PropertyValueSpecification","valueRequired":true,"valueName":"search_term_string"}}],"inLanguage":"es"},{"@type":"Organization","@id":"https:\/\/infoecos.com.ar\/#organization","name":"Infoecos","alternateName":"Noticias","url":"https:\/\/infoecos.com.ar\/","logo":{"@type":"ImageObject","inLanguage":"es","@id":"https:\/\/infoecos.com.ar\/#\/schema\/logo\/image\/","url":"https:\/\/infoecos.com.ar\/wp-content\/uploads\/2024\/03\/cropped-logo.png","contentUrl":"https:\/\/infoecos.com.ar\/wp-content\/uploads\/2024\/03\/cropped-logo.png","width":374,"height":90,"caption":"Infoecos"},"image":{"@id":"https:\/\/infoecos.com.ar\/#\/schema\/logo\/image\/"},"sameAs":["https:\/\/www.facebook.com\/profile.php?id=100063200290284","https:\/\/x.com\/infoecos"]},{"@type":"Person","@id":"https:\/\/infoecos.com.ar\/#\/schema\/person\/8f5ace5ce73b4b4aac4b7245aee6f191","name":"Jorge Matheus","url":"https:\/\/infoecos.com.ar\/index.php\/author\/jomatheus\/"}]}},"featured_image_urls":{"full":["https:\/\/infoecos.com.ar\/wp-content\/uploads\/2023\/11\/image-70.png",1229,620,false],"thumbnail":["https:\/\/infoecos.com.ar\/wp-content\/uploads\/2023\/11\/image-70-300x150.png",300,150,true],"medium":["https:\/\/infoecos.com.ar\/wp-content\/uploads\/2023\/11\/image-70-800x404.png",800,404,true],"medium_large":["https:\/\/infoecos.com.ar\/wp-content\/uploads\/2023\/11\/image-70-768x387.png",640,323,true],"large":["https:\/\/infoecos.com.ar\/wp-content\/uploads\/2023\/11\/image-70.png",640,323,false],"1536x1536":["https:\/\/infoecos.com.ar\/wp-content\/uploads\/2023\/11\/image-70.png",1229,620,false],"2048x2048":["https:\/\/infoecos.com.ar\/wp-content\/uploads\/2023\/11\/image-70.png",1229,620,false],"covernews-slider-full":["https:\/\/infoecos.com.ar\/wp-content\/uploads\/2023\/11\/image-70.png",1115,562,false],"covernews-slider-center":["https:\/\/infoecos.com.ar\/wp-content\/uploads\/2023\/11\/image-70-936x620.png",755,500,true],"covernews-featured":["https:\/\/infoecos.com.ar\/wp-content\/uploads\/2023\/11\/image-70-1024x517.png",1024,517,true],"covernews-medium":["https:\/\/infoecos.com.ar\/wp-content\/uploads\/2023\/11\/image-70-720x380.png",540,285,true],"covernews-medium-square":["https:\/\/infoecos.com.ar\/wp-content\/uploads\/2023\/11\/image-70-675x450.png",375,250,true]},"author_info":{"info":["Jorge Matheus"]},"category_info":"<a href=\"https:\/\/infoecos.com.ar\/index.php\/category\/c2nota4\/\" rel=\"category tag\">C2 N4<\/a>","tag_info":"C2 N4","comment_count":"0","_links":{"self":[{"href":"https:\/\/infoecos.com.ar\/index.php\/wp-json\/wp\/v2\/posts\/115157"}],"collection":[{"href":"https:\/\/infoecos.com.ar\/index.php\/wp-json\/wp\/v2\/posts"}],"about":[{"href":"https:\/\/infoecos.com.ar\/index.php\/wp-json\/wp\/v2\/types\/post"}],"author":[{"embeddable":true,"href":"https:\/\/infoecos.com.ar\/index.php\/wp-json\/wp\/v2\/users\/2"}],"replies":[{"embeddable":true,"href":"https:\/\/infoecos.com.ar\/index.php\/wp-json\/wp\/v2\/comments?post=115157"}],"version-history":[{"count":1,"href":"https:\/\/infoecos.com.ar\/index.php\/wp-json\/wp\/v2\/posts\/115157\/revisions"}],"predecessor-version":[{"id":115159,"href":"https:\/\/infoecos.com.ar\/index.php\/wp-json\/wp\/v2\/posts\/115157\/revisions\/115159"}],"wp:featuredmedia":[{"embeddable":true,"href":"https:\/\/infoecos.com.ar\/index.php\/wp-json\/wp\/v2\/media\/115158"}],"wp:attachment":[{"href":"https:\/\/infoecos.com.ar\/index.php\/wp-json\/wp\/v2\/media?parent=115157"}],"wp:term":[{"taxonomy":"category","embeddable":true,"href":"https:\/\/infoecos.com.ar\/index.php\/wp-json\/wp\/v2\/categories?post=115157"},{"taxonomy":"post_tag","embeddable":true,"href":"https:\/\/infoecos.com.ar\/index.php\/wp-json\/wp\/v2\/tags?post=115157"}],"curies":[{"name":"wp","href":"https:\/\/api.w.org\/{rel}","templated":true}]}}