{"id":115211,"date":"2023-11-20T18:40:15","date_gmt":"2023-11-20T21:40:15","guid":{"rendered":"https:\/\/infoecos.com.ar\/?p=115211"},"modified":"2023-11-20T18:40:16","modified_gmt":"2023-11-20T21:40:16","slug":"los-futuros-ministros-del-gobierno-de-milei-anunciados-este-lunes","status":"publish","type":"post","link":"https:\/\/infoecos.com.ar\/index.php\/los-futuros-ministros-del-gobierno-de-milei-anunciados-este-lunes\/","title":{"rendered":"Los futuros ministros del gobierno de Milei, anunciados este lunes"},"content":{"rendered":"\n<p>El presidente electo Javier Milei\u00a0anunci\u00f3 qui\u00e9nes ser\u00e1n los dirigentes que ocupar\u00e1n los ocho\u00a0<strong>ministerios\u00a0<\/strong>de su gobierno desde el 10 de diciembre, as\u00ed como<strong>\u00a0otras \u00e1reas cruciales del Estado.<\/strong><\/p>\n\n\n\n<figure class=\"wp-block-image alignright size-full is-resized\"><img loading=\"lazy\" decoding=\"async\" src=\"https:\/\/infoecos.com.ar\/wp-content\/uploads\/2023\/11\/image-99.png\" alt=\"\" class=\"wp-image-115212\" width=\"379\" height=\"253\" srcset=\"https:\/\/infoecos.com.ar\/wp-content\/uploads\/2023\/11\/image-99.png 1023w, https:\/\/infoecos.com.ar\/wp-content\/uploads\/2023\/11\/image-99-800x533.png 800w, https:\/\/infoecos.com.ar\/wp-content\/uploads\/2023\/11\/image-99-768x512.png 768w, https:\/\/infoecos.com.ar\/wp-content\/uploads\/2023\/11\/image-99-675x450.png 675w\" sizes=\"(max-width: 379px) 100vw, 379px\" \/><figcaption class=\"wp-element-caption\">Diana Mondino<\/figcaption><\/figure>\n\n\n\n<p><strong>Ministro de Relaciones Exteriores: Diana Mondino<\/strong>.<\/p>\n\n\n\n<p><strong>Ministro de Justicia<\/strong>: Mariano C\u00faneo Libarona.<\/p>\n\n\n\n<p><strong>Ministerio de Capital Humano (Salud, Desarrollo Social, Trabajo y Educaci\u00f3n)<\/strong>: Sandra Pettovello <\/p>\n\n\n\n<p><strong>Ministro del interior:<\/strong> Guillermo Francos<\/p>\n\n\n\n<p><strong>Ministerio de Econom\u00eda<\/strong>: ???. Se mencionan los nombres de <strong>Federico Sturzenegger<\/strong>;<strong>\u00a0al exministro de Finanzas Luis \u201cToto\u201d Caputo<\/strong>\u00a0(impulsado por Mauricio Macri);<strong>\u00a0y Emilio Ocampo, virtual presidente del Banco Central<\/strong>\u00a0<strong>a partir de diciembre.<\/strong><\/p>\n\n\n\n<p><strong>Ministerios de Defensa y Seguridad<\/strong>: <strong>Victoria Villaruel\u00a0<\/strong>tendr\u00e1 la responsabilidad de asignar los nombres que los conducir\u00e1n.<\/p>\n","protected":false},"excerpt":{"rendered":"<p>Ocho\u00a0ministerios\u00a0de su gobierno desde el 10 de diciembre, as\u00ed como\u00a0otras \u00e1reas cruciales del Estado<\/p>\n","protected":false},"author":2,"featured_media":115212,"comment_status":"closed","ping_status":"open","sticky":false,"template":"","format":"standard","meta":{"footnotes":""},"categories":[1323],"tags":[9586],"class_list":["post-115211","post","type-post","status-publish","format-standard","has-post-thumbnail","hentry","category-c2nota5","tag-declaraciones-del-presidente-electo"],"yoast_head":"<!-- This site is optimized with the Yoast SEO plugin v23.4 - https:\/\/yoast.com\/wordpress\/plugins\/seo\/ -->\n<title>Los futuros ministros del gobierno de Milei, anunciados este lunes - Infoecos<\/title>\n<meta name=\"robots\" content=\"index, follow, max-snippet:-1, max-image-preview:large, max-video-preview:-1\" \/>\n<link rel=\"canonical\" href=\"https:\/\/infoecos.com.ar\/index.php\/los-futuros-ministros-del-gobierno-de-milei-anunciados-este-lunes\/\" \/>\n<meta property=\"og:locale\" content=\"es_ES\" \/>\n<meta property=\"og:type\" content=\"article\" \/>\n<meta property=\"og:title\" content=\"Los futuros ministros del gobierno de Milei, anunciados este lunes - Infoecos\" \/>\n<meta property=\"og:description\" content=\"Ocho\u00a0ministerios\u00a0de su gobierno desde el 10 de diciembre, as\u00ed como\u00a0otras \u00e1reas cruciales del Estado\" \/>\n<meta property=\"og:url\" content=\"https:\/\/infoecos.com.ar\/index.php\/los-futuros-ministros-del-gobierno-de-milei-anunciados-este-lunes\/\" \/>\n<meta property=\"og:site_name\" content=\"Infoecos\" \/>\n<meta property=\"article:publisher\" content=\"https:\/\/www.facebook.com\/profile.php?id=100063200290284\" \/>\n<meta property=\"article:published_time\" content=\"2023-11-20T21:40:15+00:00\" \/>\n<meta property=\"article:modified_time\" content=\"2023-11-20T21:40:16+00:00\" \/>\n<meta property=\"og:image\" content=\"https:\/\/infoecos.com.ar\/wp-content\/uploads\/2023\/11\/image-99.png\" \/>\n\t<meta property=\"og:image:width\" content=\"1023\" \/>\n\t<meta property=\"og:image:height\" content=\"682\" \/>\n\t<meta property=\"og:image:type\" content=\"image\/png\" \/>\n<meta name=\"author\" content=\"Jorge Matheus\" \/>\n<meta name=\"twitter:card\" content=\"summary_large_image\" \/>\n<meta name=\"twitter:creator\" content=\"@infoecos\" \/>\n<meta name=\"twitter:site\" content=\"@infoecos\" \/>\n<meta name=\"twitter:label1\" content=\"Escrito por\" \/>\n\t<meta name=\"twitter:data1\" content=\"Jorge Matheus\" \/>\n\t<meta name=\"twitter:label2\" content=\"Tiempo de lectura\" \/>\n\t<meta name=\"twitter:data2\" content=\"1 minuto\" \/>\n<script type=\"application\/ld+json\" class=\"yoast-schema-graph\">{\"@context\":\"https:\/\/schema.org\",\"@graph\":[{\"@type\":\"Article\",\"@id\":\"https:\/\/infoecos.com.ar\/index.php\/los-futuros-ministros-del-gobierno-de-milei-anunciados-este-lunes\/#article\",\"isPartOf\":{\"@id\":\"https:\/\/infoecos.com.ar\/index.php\/los-futuros-ministros-del-gobierno-de-milei-anunciados-este-lunes\/\"},\"author\":{\"name\":\"Jorge Matheus\",\"@id\":\"https:\/\/infoecos.com.ar\/#\/schema\/person\/8f5ace5ce73b4b4aac4b7245aee6f191\"},\"headline\":\"Los futuros ministros del gobierno de Milei, anunciados este lunes\",\"datePublished\":\"2023-11-20T21:40:15+00:00\",\"dateModified\":\"2023-11-20T21:40:16+00:00\",\"mainEntityOfPage\":{\"@id\":\"https:\/\/infoecos.com.ar\/index.php\/los-futuros-ministros-del-gobierno-de-milei-anunciados-este-lunes\/\"},\"wordCount\":127,\"publisher\":{\"@id\":\"https:\/\/infoecos.com.ar\/#organization\"},\"image\":{\"@id\":\"https:\/\/infoecos.com.ar\/index.php\/los-futuros-ministros-del-gobierno-de-milei-anunciados-este-lunes\/#primaryimage\"},\"thumbnailUrl\":\"https:\/\/infoecos.com.ar\/wp-content\/uploads\/2023\/11\/image-99.png\",\"keywords\":[\"declaraciones del presidente electo\"],\"articleSection\":[\"C2 N5\"],\"inLanguage\":\"es\"},{\"@type\":\"WebPage\",\"@id\":\"https:\/\/infoecos.com.ar\/index.php\/los-futuros-ministros-del-gobierno-de-milei-anunciados-este-lunes\/\",\"url\":\"https:\/\/infoecos.com.ar\/index.php\/los-futuros-ministros-del-gobierno-de-milei-anunciados-este-lunes\/\",\"name\":\"Los futuros ministros del gobierno de Milei, anunciados este lunes - Infoecos\",\"isPartOf\":{\"@id\":\"https:\/\/infoecos.com.ar\/#website\"},\"primaryImageOfPage\":{\"@id\":\"https:\/\/infoecos.com.ar\/index.php\/los-futuros-ministros-del-gobierno-de-milei-anunciados-este-lunes\/#primaryimage\"},\"image\":{\"@id\":\"https:\/\/infoecos.com.ar\/index.php\/los-futuros-ministros-del-gobierno-de-milei-anunciados-este-lunes\/#primaryimage\"},\"thumbnailUrl\":\"https:\/\/infoecos.com.ar\/wp-content\/uploads\/2023\/11\/image-99.png\",\"datePublished\":\"2023-11-20T21:40:15+00:00\",\"dateModified\":\"2023-11-20T21:40:16+00:00\",\"breadcrumb\":{\"@id\":\"https:\/\/infoecos.com.ar\/index.php\/los-futuros-ministros-del-gobierno-de-milei-anunciados-este-lunes\/#breadcrumb\"},\"inLanguage\":\"es\",\"potentialAction\":[{\"@type\":\"ReadAction\",\"target\":[\"https:\/\/infoecos.com.ar\/index.php\/los-futuros-ministros-del-gobierno-de-milei-anunciados-este-lunes\/\"]}]},{\"@type\":\"ImageObject\",\"inLanguage\":\"es\",\"@id\":\"https:\/\/infoecos.com.ar\/index.php\/los-futuros-ministros-del-gobierno-de-milei-anunciados-este-lunes\/#primaryimage\",\"url\":\"https:\/\/infoecos.com.ar\/wp-content\/uploads\/2023\/11\/image-99.png\",\"contentUrl\":\"https:\/\/infoecos.com.ar\/wp-content\/uploads\/2023\/11\/image-99.png\",\"width\":1023,\"height\":682},{\"@type\":\"BreadcrumbList\",\"@id\":\"https:\/\/infoecos.com.ar\/index.php\/los-futuros-ministros-del-gobierno-de-milei-anunciados-este-lunes\/#breadcrumb\",\"itemListElement\":[{\"@type\":\"ListItem\",\"position\":1,\"name\":\"Portada\",\"item\":\"https:\/\/infoecos.com.ar\/\"},{\"@type\":\"ListItem\",\"position\":2,\"name\":\"Los futuros ministros del gobierno de Milei, anunciados este lunes\"}]},{\"@type\":\"WebSite\",\"@id\":\"https:\/\/infoecos.com.ar\/#website\",\"url\":\"https:\/\/infoecos.com.ar\/\",\"name\":\"Infoecos\",\"description\":\"Noticias de trenque lauquen y la zona\",\"publisher\":{\"@id\":\"https:\/\/infoecos.com.ar\/#organization\"},\"alternateName\":\"Noticias\",\"potentialAction\":[{\"@type\":\"SearchAction\",\"target\":{\"@type\":\"EntryPoint\",\"urlTemplate\":\"https:\/\/infoecos.com.ar\/?s={search_term_string}\"},\"query-input\":{\"@type\":\"PropertyValueSpecification\",\"valueRequired\":true,\"valueName\":\"search_term_string\"}}],\"inLanguage\":\"es\"},{\"@type\":\"Organization\",\"@id\":\"https:\/\/infoecos.com.ar\/#organization\",\"name\":\"Infoecos\",\"alternateName\":\"Noticias\",\"url\":\"https:\/\/infoecos.com.ar\/\",\"logo\":{\"@type\":\"ImageObject\",\"inLanguage\":\"es\",\"@id\":\"https:\/\/infoecos.com.ar\/#\/schema\/logo\/image\/\",\"url\":\"https:\/\/infoecos.com.ar\/wp-content\/uploads\/2024\/03\/cropped-logo.png\",\"contentUrl\":\"https:\/\/infoecos.com.ar\/wp-content\/uploads\/2024\/03\/cropped-logo.png\",\"width\":374,\"height\":90,\"caption\":\"Infoecos\"},\"image\":{\"@id\":\"https:\/\/infoecos.com.ar\/#\/schema\/logo\/image\/\"},\"sameAs\":[\"https:\/\/www.facebook.com\/profile.php?id=100063200290284\",\"https:\/\/x.com\/infoecos\"]},{\"@type\":\"Person\",\"@id\":\"https:\/\/infoecos.com.ar\/#\/schema\/person\/8f5ace5ce73b4b4aac4b7245aee6f191\",\"name\":\"Jorge Matheus\",\"url\":\"https:\/\/infoecos.com.ar\/index.php\/author\/jomatheus\/\"}]}<\/script>\n<!-- \/ Yoast SEO plugin. -->","yoast_head_json":{"title":"Los futuros ministros del gobierno de Milei, anunciados este lunes - Infoecos","robots":{"index":"index","follow":"follow","max-snippet":"max-snippet:-1","max-image-preview":"max-image-preview:large","max-video-preview":"max-video-preview:-1"},"canonical":"https:\/\/infoecos.com.ar\/index.php\/los-futuros-ministros-del-gobierno-de-milei-anunciados-este-lunes\/","og_locale":"es_ES","og_type":"article","og_title":"Los futuros ministros del gobierno de Milei, anunciados este lunes - Infoecos","og_description":"Ocho\u00a0ministerios\u00a0de su gobierno desde el 10 de diciembre, as\u00ed como\u00a0otras \u00e1reas cruciales del Estado","og_url":"https:\/\/infoecos.com.ar\/index.php\/los-futuros-ministros-del-gobierno-de-milei-anunciados-este-lunes\/","og_site_name":"Infoecos","article_publisher":"https:\/\/www.facebook.com\/profile.php?id=100063200290284","article_published_time":"2023-11-20T21:40:15+00:00","article_modified_time":"2023-11-20T21:40:16+00:00","og_image":[{"width":1023,"height":682,"url":"https:\/\/infoecos.com.ar\/wp-content\/uploads\/2023\/11\/image-99.png","type":"image\/png"}],"author":"Jorge Matheus","twitter_card":"summary_large_image","twitter_creator":"@infoecos","twitter_site":"@infoecos","twitter_misc":{"Escrito por":"Jorge Matheus","Tiempo de lectura":"1 minuto"},"schema":{"@context":"https:\/\/schema.org","@graph":[{"@type":"Article","@id":"https:\/\/infoecos.com.ar\/index.php\/los-futuros-ministros-del-gobierno-de-milei-anunciados-este-lunes\/#article","isPartOf":{"@id":"https:\/\/infoecos.com.ar\/index.php\/los-futuros-ministros-del-gobierno-de-milei-anunciados-este-lunes\/"},"author":{"name":"Jorge Matheus","@id":"https:\/\/infoecos.com.ar\/#\/schema\/person\/8f5ace5ce73b4b4aac4b7245aee6f191"},"headline":"Los futuros ministros del gobierno de Milei, anunciados este lunes","datePublished":"2023-11-20T21:40:15+00:00","dateModified":"2023-11-20T21:40:16+00:00","mainEntityOfPage":{"@id":"https:\/\/infoecos.com.ar\/index.php\/los-futuros-ministros-del-gobierno-de-milei-anunciados-este-lunes\/"},"wordCount":127,"publisher":{"@id":"https:\/\/infoecos.com.ar\/#organization"},"image":{"@id":"https:\/\/infoecos.com.ar\/index.php\/los-futuros-ministros-del-gobierno-de-milei-anunciados-este-lunes\/#primaryimage"},"thumbnailUrl":"https:\/\/infoecos.com.ar\/wp-content\/uploads\/2023\/11\/image-99.png","keywords":["declaraciones del presidente electo"],"articleSection":["C2 N5"],"inLanguage":"es"},{"@type":"WebPage","@id":"https:\/\/infoecos.com.ar\/index.php\/los-futuros-ministros-del-gobierno-de-milei-anunciados-este-lunes\/","url":"https:\/\/infoecos.com.ar\/index.php\/los-futuros-ministros-del-gobierno-de-milei-anunciados-este-lunes\/","name":"Los futuros ministros del gobierno de Milei, anunciados este lunes - Infoecos","isPartOf":{"@id":"https:\/\/infoecos.com.ar\/#website"},"primaryImageOfPage":{"@id":"https:\/\/infoecos.com.ar\/index.php\/los-futuros-ministros-del-gobierno-de-milei-anunciados-este-lunes\/#primaryimage"},"image":{"@id":"https:\/\/infoecos.com.ar\/index.php\/los-futuros-ministros-del-gobierno-de-milei-anunciados-este-lunes\/#primaryimage"},"thumbnailUrl":"https:\/\/infoecos.com.ar\/wp-content\/uploads\/2023\/11\/image-99.png","datePublished":"2023-11-20T21:40:15+00:00","dateModified":"2023-11-20T21:40:16+00:00","breadcrumb":{"@id":"https:\/\/infoecos.com.ar\/index.php\/los-futuros-ministros-del-gobierno-de-milei-anunciados-este-lunes\/#breadcrumb"},"inLanguage":"es","potentialAction":[{"@type":"ReadAction","target":["https:\/\/infoecos.com.ar\/index.php\/los-futuros-ministros-del-gobierno-de-milei-anunciados-este-lunes\/"]}]},{"@type":"ImageObject","inLanguage":"es","@id":"https:\/\/infoecos.com.ar\/index.php\/los-futuros-ministros-del-gobierno-de-milei-anunciados-este-lunes\/#primaryimage","url":"https:\/\/infoecos.com.ar\/wp-content\/uploads\/2023\/11\/image-99.png","contentUrl":"https:\/\/infoecos.com.ar\/wp-content\/uploads\/2023\/11\/image-99.png","width":1023,"height":682},{"@type":"BreadcrumbList","@id":"https:\/\/infoecos.com.ar\/index.php\/los-futuros-ministros-del-gobierno-de-milei-anunciados-este-lunes\/#breadcrumb","itemListElement":[{"@type":"ListItem","position":1,"name":"Portada","item":"https:\/\/infoecos.com.ar\/"},{"@type":"ListItem","position":2,"name":"Los futuros ministros del gobierno de Milei, anunciados este lunes"}]},{"@type":"WebSite","@id":"https:\/\/infoecos.com.ar\/#website","url":"https:\/\/infoecos.com.ar\/","name":"Infoecos","description":"Noticias de trenque lauquen y la zona","publisher":{"@id":"https:\/\/infoecos.com.ar\/#organization"},"alternateName":"Noticias","potentialAction":[{"@type":"SearchAction","target":{"@type":"EntryPoint","urlTemplate":"https:\/\/infoecos.com.ar\/?s={search_term_string}"},"query-input":{"@type":"PropertyValueSpecification","valueRequired":true,"valueName":"search_term_string"}}],"inLanguage":"es"},{"@type":"Organization","@id":"https:\/\/infoecos.com.ar\/#organization","name":"Infoecos","alternateName":"Noticias","url":"https:\/\/infoecos.com.ar\/","logo":{"@type":"ImageObject","inLanguage":"es","@id":"https:\/\/infoecos.com.ar\/#\/schema\/logo\/image\/","url":"https:\/\/infoecos.com.ar\/wp-content\/uploads\/2024\/03\/cropped-logo.png","contentUrl":"https:\/\/infoecos.com.ar\/wp-content\/uploads\/2024\/03\/cropped-logo.png","width":374,"height":90,"caption":"Infoecos"},"image":{"@id":"https:\/\/infoecos.com.ar\/#\/schema\/logo\/image\/"},"sameAs":["https:\/\/www.facebook.com\/profile.php?id=100063200290284","https:\/\/x.com\/infoecos"]},{"@type":"Person","@id":"https:\/\/infoecos.com.ar\/#\/schema\/person\/8f5ace5ce73b4b4aac4b7245aee6f191","name":"Jorge Matheus","url":"https:\/\/infoecos.com.ar\/index.php\/author\/jomatheus\/"}]}},"featured_image_urls":{"full":["https:\/\/infoecos.com.ar\/wp-content\/uploads\/2023\/11\/image-99.png",1023,682,false],"thumbnail":["https:\/\/infoecos.com.ar\/wp-content\/uploads\/2023\/11\/image-99-300x150.png",300,150,true],"medium":["https:\/\/infoecos.com.ar\/wp-content\/uploads\/2023\/11\/image-99-800x533.png",800,533,true],"medium_large":["https:\/\/infoecos.com.ar\/wp-content\/uploads\/2023\/11\/image-99-768x512.png",640,427,true],"large":["https:\/\/infoecos.com.ar\/wp-content\/uploads\/2023\/11\/image-99.png",640,427,false],"1536x1536":["https:\/\/infoecos.com.ar\/wp-content\/uploads\/2023\/11\/image-99.png",1023,682,false],"2048x2048":["https:\/\/infoecos.com.ar\/wp-content\/uploads\/2023\/11\/image-99.png",1023,682,false],"covernews-slider-full":["https:\/\/infoecos.com.ar\/wp-content\/uploads\/2023\/11\/image-99.png",1023,682,false],"covernews-slider-center":["https:\/\/infoecos.com.ar\/wp-content\/uploads\/2023\/11\/image-99-936x682.png",686,500,true],"covernews-featured":["https:\/\/infoecos.com.ar\/wp-content\/uploads\/2023\/11\/image-99.png",1023,682,false],"covernews-medium":["https:\/\/infoecos.com.ar\/wp-content\/uploads\/2023\/11\/image-99-720x380.png",540,285,true],"covernews-medium-square":["https:\/\/infoecos.com.ar\/wp-content\/uploads\/2023\/11\/image-99-675x450.png",375,250,true]},"author_info":{"info":["Jorge Matheus"]},"category_info":"<a href=\"https:\/\/infoecos.com.ar\/index.php\/category\/c2nota5\/\" rel=\"category tag\">C2 N5<\/a>","tag_info":"C2 N5","comment_count":"0","_links":{"self":[{"href":"https:\/\/infoecos.com.ar\/index.php\/wp-json\/wp\/v2\/posts\/115211"}],"collection":[{"href":"https:\/\/infoecos.com.ar\/index.php\/wp-json\/wp\/v2\/posts"}],"about":[{"href":"https:\/\/infoecos.com.ar\/index.php\/wp-json\/wp\/v2\/types\/post"}],"author":[{"embeddable":true,"href":"https:\/\/infoecos.com.ar\/index.php\/wp-json\/wp\/v2\/users\/2"}],"replies":[{"embeddable":true,"href":"https:\/\/infoecos.com.ar\/index.php\/wp-json\/wp\/v2\/comments?post=115211"}],"version-history":[{"count":1,"href":"https:\/\/infoecos.com.ar\/index.php\/wp-json\/wp\/v2\/posts\/115211\/revisions"}],"predecessor-version":[{"id":115213,"href":"https:\/\/infoecos.com.ar\/index.php\/wp-json\/wp\/v2\/posts\/115211\/revisions\/115213"}],"wp:featuredmedia":[{"embeddable":true,"href":"https:\/\/infoecos.com.ar\/index.php\/wp-json\/wp\/v2\/media\/115212"}],"wp:attachment":[{"href":"https:\/\/infoecos.com.ar\/index.php\/wp-json\/wp\/v2\/media?parent=115211"}],"wp:term":[{"taxonomy":"category","embeddable":true,"href":"https:\/\/infoecos.com.ar\/index.php\/wp-json\/wp\/v2\/categories?post=115211"},{"taxonomy":"post_tag","embeddable":true,"href":"https:\/\/infoecos.com.ar\/index.php\/wp-json\/wp\/v2\/tags?post=115211"}],"curies":[{"name":"wp","href":"https:\/\/api.w.org\/{rel}","templated":true}]}}