{"id":115250,"date":"2023-11-25T10:13:05","date_gmt":"2023-11-25T13:13:05","guid":{"rendered":"https:\/\/infoecos.com.ar\/?p=115250"},"modified":"2023-11-28T23:51:20","modified_gmt":"2023-11-29T02:51:20","slug":"otro-avance-mas-en-educacion-propulsado-por-el-municipio-de-trenque-lauquen","status":"publish","type":"post","link":"https:\/\/infoecos.com.ar\/index.php\/otro-avance-mas-en-educacion-propulsado-por-el-municipio-de-trenque-lauquen\/","title":{"rendered":"Otro avance m\u00e1s en educaci\u00f3n, propulsado por el municipio de Trenque Lauquen"},"content":{"rendered":"\n<p>Qued\u00f3 inaugurada ayer la obra de ampliaci\u00f3n del Polo Cient\u00edfico Tecnol\u00f3gico (PCT), en Hern\u00e1ndez n\u00ba 816, que contempl\u00f3 la construcci\u00f3n de un Aula Magna, Sal\u00f3n Auditorio y dos aulas, con una inversi\u00f3n total de unos 95 millones de pesos que fueron financiados con aportes provinciales, mediante el Programa Puentes (15 millones), recursos municipales y Fondo Educativo (80 millones).<\/p>\n\n\n\n<p>El acto fue encabezado por el intendente municipal, <strong>Miguel Fern\u00e1ndez<\/strong>, y cont\u00f3 con la presencia del director Ejecutivo del Consejo Provincial Universitario, <strong>Juan Brardinelli<\/strong>; y el intendente electo del distrito de Trenque Lauquen, <strong>Francisco Recoulat<\/strong>.<\/p>\n\n\n\n<figure class=\"wp-block-gallery has-nested-images columns-default is-cropped wp-block-gallery-1 is-layout-flex wp-block-gallery-is-layout-flex\">\n<figure class=\"wp-block-image size-large\"><img loading=\"lazy\" decoding=\"async\" width=\"1600\" height=\"1068\" data-id=\"115251\" src=\"https:\/\/infoecos.com.ar\/wp-content\/uploads\/2023\/11\/AULA-MAGNA-13-1600x1068.jpg\" alt=\"\" class=\"wp-image-115251\" srcset=\"https:\/\/infoecos.com.ar\/wp-content\/uploads\/2023\/11\/AULA-MAGNA-13-1600x1068.jpg 1600w, https:\/\/infoecos.com.ar\/wp-content\/uploads\/2023\/11\/AULA-MAGNA-13-800x534.jpg 800w, https:\/\/infoecos.com.ar\/wp-content\/uploads\/2023\/11\/AULA-MAGNA-13-768x513.jpg 768w, https:\/\/infoecos.com.ar\/wp-content\/uploads\/2023\/11\/AULA-MAGNA-13-1536x1025.jpg 1536w, https:\/\/infoecos.com.ar\/wp-content\/uploads\/2023\/11\/AULA-MAGNA-13-1024x684.jpg 1024w, https:\/\/infoecos.com.ar\/wp-content\/uploads\/2023\/11\/AULA-MAGNA-13-675x450.jpg 675w, https:\/\/infoecos.com.ar\/wp-content\/uploads\/2023\/11\/AULA-MAGNA-13.jpg 1805w\" sizes=\"(max-width: 1600px) 100vw, 1600px\" \/><figcaption class=\"wp-element-caption\">Ampliaci\u00f3n Polo Cient\u00edfico <\/figcaption><\/figure>\n\n\n\n<figure class=\"wp-block-image size-large\"><img loading=\"lazy\" decoding=\"async\" width=\"1600\" height=\"1068\" data-id=\"115256\" src=\"https:\/\/infoecos.com.ar\/wp-content\/uploads\/2023\/11\/AULA-MAGNA-14-1600x1068.jpg\" alt=\"\" class=\"wp-image-115256\" srcset=\"https:\/\/infoecos.com.ar\/wp-content\/uploads\/2023\/11\/AULA-MAGNA-14-1600x1068.jpg 1600w, https:\/\/infoecos.com.ar\/wp-content\/uploads\/2023\/11\/AULA-MAGNA-14-800x534.jpg 800w, https:\/\/infoecos.com.ar\/wp-content\/uploads\/2023\/11\/AULA-MAGNA-14-768x513.jpg 768w, https:\/\/infoecos.com.ar\/wp-content\/uploads\/2023\/11\/AULA-MAGNA-14-1536x1025.jpg 1536w, https:\/\/infoecos.com.ar\/wp-content\/uploads\/2023\/11\/AULA-MAGNA-14-1024x684.jpg 1024w, https:\/\/infoecos.com.ar\/wp-content\/uploads\/2023\/11\/AULA-MAGNA-14-675x450.jpg 675w, https:\/\/infoecos.com.ar\/wp-content\/uploads\/2023\/11\/AULA-MAGNA-14.jpg 1805w\" sizes=\"(max-width: 1600px) 100vw, 1600px\" \/><figcaption class=\"wp-element-caption\">Ampliaci\u00f3n Polo Cient\u00edfico <\/figcaption><\/figure>\n\n\n\n<figure class=\"wp-block-image size-large\"><img loading=\"lazy\" decoding=\"async\" width=\"1540\" height=\"1032\" data-id=\"115252\" src=\"https:\/\/infoecos.com.ar\/wp-content\/uploads\/2023\/11\/AULA-MAGNA-17.jpg\" alt=\"\" class=\"wp-image-115252\" srcset=\"https:\/\/infoecos.com.ar\/wp-content\/uploads\/2023\/11\/AULA-MAGNA-17.jpg 1540w, https:\/\/infoecos.com.ar\/wp-content\/uploads\/2023\/11\/AULA-MAGNA-17-800x536.jpg 800w, https:\/\/infoecos.com.ar\/wp-content\/uploads\/2023\/11\/AULA-MAGNA-17-768x515.jpg 768w, https:\/\/infoecos.com.ar\/wp-content\/uploads\/2023\/11\/AULA-MAGNA-17-1536x1029.jpg 1536w, https:\/\/infoecos.com.ar\/wp-content\/uploads\/2023\/11\/AULA-MAGNA-17-1024x686.jpg 1024w\" sizes=\"(max-width: 1540px) 100vw, 1540px\" \/><figcaption class=\"wp-element-caption\">Ampliaci\u00f3n Polo Cient\u00edfico <\/figcaption><\/figure>\n\n\n\n<figure class=\"wp-block-image size-large\"><img loading=\"lazy\" decoding=\"async\" width=\"1600\" height=\"1056\" data-id=\"115253\" src=\"https:\/\/infoecos.com.ar\/wp-content\/uploads\/2023\/11\/AULA-MAGNA-20-1600x1056.jpg\" alt=\"\" class=\"wp-image-115253\" srcset=\"https:\/\/infoecos.com.ar\/wp-content\/uploads\/2023\/11\/AULA-MAGNA-20-1600x1056.jpg 1600w, https:\/\/infoecos.com.ar\/wp-content\/uploads\/2023\/11\/AULA-MAGNA-20-800x528.jpg 800w, https:\/\/infoecos.com.ar\/wp-content\/uploads\/2023\/11\/AULA-MAGNA-20-768x507.jpg 768w, https:\/\/infoecos.com.ar\/wp-content\/uploads\/2023\/11\/AULA-MAGNA-20-1536x1014.jpg 1536w, https:\/\/infoecos.com.ar\/wp-content\/uploads\/2023\/11\/AULA-MAGNA-20-1024x676.jpg 1024w, https:\/\/infoecos.com.ar\/wp-content\/uploads\/2023\/11\/AULA-MAGNA-20.jpg 1725w\" sizes=\"(max-width: 1600px) 100vw, 1600px\" \/><figcaption class=\"wp-element-caption\">Ampliaci\u00f3n Polo Cient\u00edfico <\/figcaption><\/figure>\n\n\n\n<figure class=\"wp-block-image size-large\"><img loading=\"lazy\" decoding=\"async\" width=\"1600\" height=\"1072\" data-id=\"115254\" src=\"https:\/\/infoecos.com.ar\/wp-content\/uploads\/2023\/11\/AULA-MAGNA-22-1600x1072.jpg\" alt=\"\" class=\"wp-image-115254\" srcset=\"https:\/\/infoecos.com.ar\/wp-content\/uploads\/2023\/11\/AULA-MAGNA-22-1600x1072.jpg 1600w, https:\/\/infoecos.com.ar\/wp-content\/uploads\/2023\/11\/AULA-MAGNA-22-800x536.jpg 800w, https:\/\/infoecos.com.ar\/wp-content\/uploads\/2023\/11\/AULA-MAGNA-22-768x514.jpg 768w, https:\/\/infoecos.com.ar\/wp-content\/uploads\/2023\/11\/AULA-MAGNA-22-1536x1029.jpg 1536w, https:\/\/infoecos.com.ar\/wp-content\/uploads\/2023\/11\/AULA-MAGNA-22-1024x686.jpg 1024w, https:\/\/infoecos.com.ar\/wp-content\/uploads\/2023\/11\/AULA-MAGNA-22.jpg 1681w\" sizes=\"(max-width: 1600px) 100vw, 1600px\" \/><figcaption class=\"wp-element-caption\">Ampliaci\u00f3n Polo Cient\u00edfico <\/figcaption><\/figure>\n\n\n\n<figure class=\"wp-block-image size-large\"><img loading=\"lazy\" decoding=\"async\" width=\"1600\" height=\"1063\" data-id=\"115255\" src=\"https:\/\/infoecos.com.ar\/wp-content\/uploads\/2023\/11\/AULA-MAGNA-24-1600x1063.jpg\" alt=\"\" class=\"wp-image-115255\" srcset=\"https:\/\/infoecos.com.ar\/wp-content\/uploads\/2023\/11\/AULA-MAGNA-24-1600x1063.jpg 1600w, https:\/\/infoecos.com.ar\/wp-content\/uploads\/2023\/11\/AULA-MAGNA-24-800x531.jpg 800w, https:\/\/infoecos.com.ar\/wp-content\/uploads\/2023\/11\/AULA-MAGNA-24-768x510.jpg 768w, https:\/\/infoecos.com.ar\/wp-content\/uploads\/2023\/11\/AULA-MAGNA-24-1536x1020.jpg 1536w, https:\/\/infoecos.com.ar\/wp-content\/uploads\/2023\/11\/AULA-MAGNA-24-1024x680.jpg 1024w, https:\/\/infoecos.com.ar\/wp-content\/uploads\/2023\/11\/AULA-MAGNA-24.jpg 1686w\" sizes=\"(max-width: 1600px) 100vw, 1600px\" \/><figcaption class=\"wp-element-caption\">Ampliaci\u00f3n Polo Cient\u00edfico <\/figcaption><\/figure>\n<\/figure>\n\n\n\n<p>Tambi\u00e9n asistieron el intendente municipal de Rivadavia, Javier Reynoso; funcionarios del equipo de gobierno municipal, y referentes y equipo de trabajo del PCT, que se ha consolidado como un centro de formaci\u00f3n del nivel superior.<\/p>\n\n\n\n<p>En este nuevo espacio se podr\u00e1n realizar tareas de educaci\u00f3n, cursos, clases magistrales, disertaciones, colegiaciones, actos, conferencias y otras actividades relacionadas con la educaci\u00f3n. Tambi\u00e9n se ejecutaron distintas reformas, donde funcionaba el anterior auditorio, donde se adapt\u00f3 con la construcci\u00f3n de tabiquer\u00eda en seco el espacio, para el funcionamiento de dos aulas de inform\u00e1tica.<\/p>\n\n\n\n<p>\u201cHoy es un d\u00eda muy importante para Trenque Lauquen y para todos nosotros, y quiero agradecer a todos los que trabajaron para que este sue\u00f1o se haga realidad\u201d, se\u00f1al\u00f3 el intendente Miguel Fern\u00e1ndez.<\/p>\n\n\n\n<figure class=\"wp-block-gallery has-nested-images columns-default is-cropped wp-block-gallery-2 is-layout-flex wp-block-gallery-is-layout-flex\">\n<figure class=\"wp-block-image size-large\"><img loading=\"lazy\" decoding=\"async\" width=\"1600\" height=\"1075\" data-id=\"115257\" src=\"https:\/\/infoecos.com.ar\/wp-content\/uploads\/2023\/11\/AULA-MAGNA-25-1600x1075.jpg\" alt=\"\" class=\"wp-image-115257\" srcset=\"https:\/\/infoecos.com.ar\/wp-content\/uploads\/2023\/11\/AULA-MAGNA-25-1600x1075.jpg 1600w, https:\/\/infoecos.com.ar\/wp-content\/uploads\/2023\/11\/AULA-MAGNA-25-800x538.jpg 800w, https:\/\/infoecos.com.ar\/wp-content\/uploads\/2023\/11\/AULA-MAGNA-25-768x516.jpg 768w, https:\/\/infoecos.com.ar\/wp-content\/uploads\/2023\/11\/AULA-MAGNA-25-1536x1032.jpg 1536w, https:\/\/infoecos.com.ar\/wp-content\/uploads\/2023\/11\/AULA-MAGNA-25-1024x688.jpg 1024w, https:\/\/infoecos.com.ar\/wp-content\/uploads\/2023\/11\/AULA-MAGNA-25.jpg 1735w\" sizes=\"(max-width: 1600px) 100vw, 1600px\" \/><figcaption class=\"wp-element-caption\">Ampliaci\u00f3n Polo Cient\u00edfico <\/figcaption><\/figure>\n\n\n\n<figure class=\"wp-block-image size-large\"><img loading=\"lazy\" decoding=\"async\" width=\"1600\" height=\"1068\" data-id=\"115259\" src=\"https:\/\/infoecos.com.ar\/wp-content\/uploads\/2023\/11\/AULA-MAGNA-26-1600x1068.jpg\" alt=\"\" class=\"wp-image-115259\" srcset=\"https:\/\/infoecos.com.ar\/wp-content\/uploads\/2023\/11\/AULA-MAGNA-26-1600x1068.jpg 1600w, https:\/\/infoecos.com.ar\/wp-content\/uploads\/2023\/11\/AULA-MAGNA-26-800x534.jpg 800w, https:\/\/infoecos.com.ar\/wp-content\/uploads\/2023\/11\/AULA-MAGNA-26-768x513.jpg 768w, https:\/\/infoecos.com.ar\/wp-content\/uploads\/2023\/11\/AULA-MAGNA-26-1536x1025.jpg 1536w, https:\/\/infoecos.com.ar\/wp-content\/uploads\/2023\/11\/AULA-MAGNA-26-1024x684.jpg 1024w, https:\/\/infoecos.com.ar\/wp-content\/uploads\/2023\/11\/AULA-MAGNA-26-675x450.jpg 675w, https:\/\/infoecos.com.ar\/wp-content\/uploads\/2023\/11\/AULA-MAGNA-26.jpg 1805w\" sizes=\"(max-width: 1600px) 100vw, 1600px\" \/><figcaption class=\"wp-element-caption\">Ampliaci\u00f3n Polo Cient\u00edfico <\/figcaption><\/figure>\n\n\n\n<figure class=\"wp-block-image size-large\"><img loading=\"lazy\" decoding=\"async\" width=\"1600\" height=\"1068\" data-id=\"115262\" src=\"https:\/\/infoecos.com.ar\/wp-content\/uploads\/2023\/11\/AULA-MAGNA-29-1600x1068.jpg\" alt=\"\" class=\"wp-image-115262\" srcset=\"https:\/\/infoecos.com.ar\/wp-content\/uploads\/2023\/11\/AULA-MAGNA-29-1600x1068.jpg 1600w, https:\/\/infoecos.com.ar\/wp-content\/uploads\/2023\/11\/AULA-MAGNA-29-800x534.jpg 800w, https:\/\/infoecos.com.ar\/wp-content\/uploads\/2023\/11\/AULA-MAGNA-29-768x513.jpg 768w, https:\/\/infoecos.com.ar\/wp-content\/uploads\/2023\/11\/AULA-MAGNA-29-1536x1025.jpg 1536w, https:\/\/infoecos.com.ar\/wp-content\/uploads\/2023\/11\/AULA-MAGNA-29-1024x684.jpg 1024w, https:\/\/infoecos.com.ar\/wp-content\/uploads\/2023\/11\/AULA-MAGNA-29-675x450.jpg 675w, https:\/\/infoecos.com.ar\/wp-content\/uploads\/2023\/11\/AULA-MAGNA-29.jpg 1805w\" sizes=\"(max-width: 1600px) 100vw, 1600px\" \/><figcaption class=\"wp-element-caption\">Ampliaci\u00f3n Polo Cient\u00edfico <\/figcaption><\/figure>\n\n\n\n<figure class=\"wp-block-image size-large\"><img loading=\"lazy\" decoding=\"async\" width=\"1600\" height=\"1068\" data-id=\"115260\" src=\"https:\/\/infoecos.com.ar\/wp-content\/uploads\/2023\/11\/AULA-MAGNA-30-1600x1068.jpg\" alt=\"\" class=\"wp-image-115260\" srcset=\"https:\/\/infoecos.com.ar\/wp-content\/uploads\/2023\/11\/AULA-MAGNA-30-1600x1068.jpg 1600w, https:\/\/infoecos.com.ar\/wp-content\/uploads\/2023\/11\/AULA-MAGNA-30-800x534.jpg 800w, https:\/\/infoecos.com.ar\/wp-content\/uploads\/2023\/11\/AULA-MAGNA-30-768x513.jpg 768w, https:\/\/infoecos.com.ar\/wp-content\/uploads\/2023\/11\/AULA-MAGNA-30-1536x1025.jpg 1536w, https:\/\/infoecos.com.ar\/wp-content\/uploads\/2023\/11\/AULA-MAGNA-30-1024x684.jpg 1024w, https:\/\/infoecos.com.ar\/wp-content\/uploads\/2023\/11\/AULA-MAGNA-30-675x450.jpg 675w, https:\/\/infoecos.com.ar\/wp-content\/uploads\/2023\/11\/AULA-MAGNA-30.jpg 1805w\" sizes=\"(max-width: 1600px) 100vw, 1600px\" \/><figcaption class=\"wp-element-caption\">Ampliaci\u00f3n Polo Cient\u00edfico <\/figcaption><\/figure>\n\n\n\n<figure class=\"wp-block-image size-large\"><img loading=\"lazy\" decoding=\"async\" width=\"1600\" height=\"1068\" data-id=\"115261\" src=\"https:\/\/infoecos.com.ar\/wp-content\/uploads\/2023\/11\/AULA-MAGNA-31-1600x1068.jpg\" alt=\"\" class=\"wp-image-115261\" srcset=\"https:\/\/infoecos.com.ar\/wp-content\/uploads\/2023\/11\/AULA-MAGNA-31-1600x1068.jpg 1600w, https:\/\/infoecos.com.ar\/wp-content\/uploads\/2023\/11\/AULA-MAGNA-31-800x534.jpg 800w, https:\/\/infoecos.com.ar\/wp-content\/uploads\/2023\/11\/AULA-MAGNA-31-768x513.jpg 768w, https:\/\/infoecos.com.ar\/wp-content\/uploads\/2023\/11\/AULA-MAGNA-31-1536x1025.jpg 1536w, https:\/\/infoecos.com.ar\/wp-content\/uploads\/2023\/11\/AULA-MAGNA-31-1024x684.jpg 1024w, https:\/\/infoecos.com.ar\/wp-content\/uploads\/2023\/11\/AULA-MAGNA-31-675x450.jpg 675w, https:\/\/infoecos.com.ar\/wp-content\/uploads\/2023\/11\/AULA-MAGNA-31.jpg 1805w\" sizes=\"(max-width: 1600px) 100vw, 1600px\" \/><figcaption class=\"wp-element-caption\">Ampliaci\u00f3n Polo Cient\u00edfico <\/figcaption><\/figure>\n\n\n\n<figure class=\"wp-block-image size-large\"><img loading=\"lazy\" decoding=\"async\" width=\"1600\" height=\"1068\" data-id=\"115258\" src=\"https:\/\/infoecos.com.ar\/wp-content\/uploads\/2023\/11\/AULA-MAGNA-32-1600x1068.jpg\" alt=\"\" class=\"wp-image-115258\" srcset=\"https:\/\/infoecos.com.ar\/wp-content\/uploads\/2023\/11\/AULA-MAGNA-32-1600x1068.jpg 1600w, https:\/\/infoecos.com.ar\/wp-content\/uploads\/2023\/11\/AULA-MAGNA-32-800x534.jpg 800w, https:\/\/infoecos.com.ar\/wp-content\/uploads\/2023\/11\/AULA-MAGNA-32-768x513.jpg 768w, https:\/\/infoecos.com.ar\/wp-content\/uploads\/2023\/11\/AULA-MAGNA-32-1536x1025.jpg 1536w, https:\/\/infoecos.com.ar\/wp-content\/uploads\/2023\/11\/AULA-MAGNA-32-1024x684.jpg 1024w, https:\/\/infoecos.com.ar\/wp-content\/uploads\/2023\/11\/AULA-MAGNA-32-675x450.jpg 675w, https:\/\/infoecos.com.ar\/wp-content\/uploads\/2023\/11\/AULA-MAGNA-32.jpg 1805w\" sizes=\"(max-width: 1600px) 100vw, 1600px\" \/><figcaption class=\"wp-element-caption\">Ampliaci\u00f3n Polo Cient\u00edfico <\/figcaption><\/figure>\n<\/figure>\n\n\n\n<p>Luego de recordar los inicios del PCT y el proceso de crecimiento que tuvo el espacio, Fern\u00e1ndez coment\u00f3 que \u201cdespu\u00e9s de la pandemia de Covid-19 y junto a la Provincia pudimos avanzar en esta primera etapa del programa Puentes con un desembolso de 15 millones de pesos, con un proyecto modesto que era hacer aula, pero \u2018en el ya que estamos\u2019 decidimos hacer un sal\u00f3n auditorio, y ampliar el lugar porque la idea del Polo es el crecimiento ilimitado hasta donde queramos\u201d.<\/p>\n\n\n\n<p>\u201cSomos una regi\u00f3n, somos intendentes que tenemos anclaje territorial y que queremos que las cosas pasen en nuestros territorios\u201d, dijo Fern\u00e1ndez, para agregar que \u201csi bien la universidad p\u00fablica es gratuita, el colectivo no es gratis, como tampoco lo es alquiler, los viajes, entonces tenemos que hacer que la universidad venga a los territorios porque el conocimiento se genera en el lugar y se despiertan nuevas necesidades\u201d.<\/p>\n\n\n\n<p><\/p>\n","protected":false},"excerpt":{"rendered":"<p>Inversi\u00f3n total de unos 95 millones de pesos que fueron financiados con aportes provinciales, mediante el Programa Puentes (15 millones), recursos municipales y Fondo Educativo (80 millones).<\/p>\n","protected":false},"author":2,"featured_media":115256,"comment_status":"closed","ping_status":"open","sticky":false,"template":"","format":"standard","meta":{"footnotes":""},"categories":[43],"tags":[9591],"class_list":["post-115250","post","type-post","status-publish","format-standard","has-post-thumbnail","hentry","category-inferior4","tag-polo-cientifico-tecnologico"],"yoast_head":"<!-- This site is optimized with the Yoast SEO plugin v23.4 - https:\/\/yoast.com\/wordpress\/plugins\/seo\/ -->\n<title>Otro avance m\u00e1s en educaci\u00f3n, propulsado por el municipio de Trenque Lauquen - Infoecos<\/title>\n<meta name=\"robots\" content=\"index, follow, max-snippet:-1, max-image-preview:large, max-video-preview:-1\" \/>\n<link rel=\"canonical\" href=\"https:\/\/infoecos.com.ar\/index.php\/otro-avance-mas-en-educacion-propulsado-por-el-municipio-de-trenque-lauquen\/\" \/>\n<meta property=\"og:locale\" content=\"es_ES\" \/>\n<meta property=\"og:type\" content=\"article\" \/>\n<meta property=\"og:title\" content=\"Otro avance m\u00e1s en educaci\u00f3n, propulsado por el municipio de Trenque Lauquen - Infoecos\" \/>\n<meta property=\"og:description\" content=\"Inversi\u00f3n total de unos 95 millones de pesos que fueron financiados con aportes provinciales, mediante el Programa Puentes (15 millones), recursos municipales y Fondo Educativo (80 millones).\" \/>\n<meta property=\"og:url\" content=\"https:\/\/infoecos.com.ar\/index.php\/otro-avance-mas-en-educacion-propulsado-por-el-municipio-de-trenque-lauquen\/\" \/>\n<meta property=\"og:site_name\" content=\"Infoecos\" \/>\n<meta property=\"article:publisher\" content=\"https:\/\/www.facebook.com\/profile.php?id=100063200290284\" \/>\n<meta property=\"article:published_time\" content=\"2023-11-25T13:13:05+00:00\" \/>\n<meta property=\"article:modified_time\" content=\"2023-11-29T02:51:20+00:00\" \/>\n<meta property=\"og:image\" content=\"https:\/\/infoecos.com.ar\/wp-content\/uploads\/2023\/11\/AULA-MAGNA-14.jpg\" \/>\n\t<meta property=\"og:image:width\" content=\"1805\" \/>\n\t<meta property=\"og:image:height\" content=\"1205\" \/>\n\t<meta property=\"og:image:type\" content=\"image\/jpeg\" \/>\n<meta name=\"author\" content=\"Jorge Matheus\" \/>\n<meta name=\"twitter:card\" content=\"summary_large_image\" \/>\n<meta name=\"twitter:creator\" content=\"@infoecos\" \/>\n<meta name=\"twitter:site\" content=\"@infoecos\" \/>\n<meta name=\"twitter:label1\" content=\"Escrito por\" \/>\n\t<meta name=\"twitter:data1\" content=\"Jorge Matheus\" \/>\n\t<meta name=\"twitter:label2\" content=\"Tiempo de lectura\" \/>\n\t<meta name=\"twitter:data2\" content=\"5 minutos\" \/>\n<script type=\"application\/ld+json\" class=\"yoast-schema-graph\">{\"@context\":\"https:\/\/schema.org\",\"@graph\":[{\"@type\":\"Article\",\"@id\":\"https:\/\/infoecos.com.ar\/index.php\/otro-avance-mas-en-educacion-propulsado-por-el-municipio-de-trenque-lauquen\/#article\",\"isPartOf\":{\"@id\":\"https:\/\/infoecos.com.ar\/index.php\/otro-avance-mas-en-educacion-propulsado-por-el-municipio-de-trenque-lauquen\/\"},\"author\":{\"name\":\"Jorge Matheus\",\"@id\":\"https:\/\/infoecos.com.ar\/#\/schema\/person\/8f5ace5ce73b4b4aac4b7245aee6f191\"},\"headline\":\"Otro avance m\u00e1s en educaci\u00f3n, propulsado por el municipio de Trenque Lauquen\",\"datePublished\":\"2023-11-25T13:13:05+00:00\",\"dateModified\":\"2023-11-29T02:51:20+00:00\",\"mainEntityOfPage\":{\"@id\":\"https:\/\/infoecos.com.ar\/index.php\/otro-avance-mas-en-educacion-propulsado-por-el-municipio-de-trenque-lauquen\/\"},\"wordCount\":460,\"publisher\":{\"@id\":\"https:\/\/infoecos.com.ar\/#organization\"},\"image\":{\"@id\":\"https:\/\/infoecos.com.ar\/index.php\/otro-avance-mas-en-educacion-propulsado-por-el-municipio-de-trenque-lauquen\/#primaryimage\"},\"thumbnailUrl\":\"https:\/\/infoecos.com.ar\/wp-content\/uploads\/2023\/11\/AULA-MAGNA-14.jpg\",\"keywords\":[\"POLO CIENT\u00cdFICO TECNOL\u00d3GICO\"],\"articleSection\":[\"Bloque inferior - 4\"],\"inLanguage\":\"es\"},{\"@type\":\"WebPage\",\"@id\":\"https:\/\/infoecos.com.ar\/index.php\/otro-avance-mas-en-educacion-propulsado-por-el-municipio-de-trenque-lauquen\/\",\"url\":\"https:\/\/infoecos.com.ar\/index.php\/otro-avance-mas-en-educacion-propulsado-por-el-municipio-de-trenque-lauquen\/\",\"name\":\"Otro avance m\u00e1s en educaci\u00f3n, propulsado por el municipio de Trenque Lauquen - Infoecos\",\"isPartOf\":{\"@id\":\"https:\/\/infoecos.com.ar\/#website\"},\"primaryImageOfPage\":{\"@id\":\"https:\/\/infoecos.com.ar\/index.php\/otro-avance-mas-en-educacion-propulsado-por-el-municipio-de-trenque-lauquen\/#primaryimage\"},\"image\":{\"@id\":\"https:\/\/infoecos.com.ar\/index.php\/otro-avance-mas-en-educacion-propulsado-por-el-municipio-de-trenque-lauquen\/#primaryimage\"},\"thumbnailUrl\":\"https:\/\/infoecos.com.ar\/wp-content\/uploads\/2023\/11\/AULA-MAGNA-14.jpg\",\"datePublished\":\"2023-11-25T13:13:05+00:00\",\"dateModified\":\"2023-11-29T02:51:20+00:00\",\"breadcrumb\":{\"@id\":\"https:\/\/infoecos.com.ar\/index.php\/otro-avance-mas-en-educacion-propulsado-por-el-municipio-de-trenque-lauquen\/#breadcrumb\"},\"inLanguage\":\"es\",\"potentialAction\":[{\"@type\":\"ReadAction\",\"target\":[\"https:\/\/infoecos.com.ar\/index.php\/otro-avance-mas-en-educacion-propulsado-por-el-municipio-de-trenque-lauquen\/\"]}]},{\"@type\":\"ImageObject\",\"inLanguage\":\"es\",\"@id\":\"https:\/\/infoecos.com.ar\/index.php\/otro-avance-mas-en-educacion-propulsado-por-el-municipio-de-trenque-lauquen\/#primaryimage\",\"url\":\"https:\/\/infoecos.com.ar\/wp-content\/uploads\/2023\/11\/AULA-MAGNA-14.jpg\",\"contentUrl\":\"https:\/\/infoecos.com.ar\/wp-content\/uploads\/2023\/11\/AULA-MAGNA-14.jpg\",\"width\":1805,\"height\":1205,\"caption\":\"Polo Cient\u00edfico\"},{\"@type\":\"BreadcrumbList\",\"@id\":\"https:\/\/infoecos.com.ar\/index.php\/otro-avance-mas-en-educacion-propulsado-por-el-municipio-de-trenque-lauquen\/#breadcrumb\",\"itemListElement\":[{\"@type\":\"ListItem\",\"position\":1,\"name\":\"Portada\",\"item\":\"https:\/\/infoecos.com.ar\/\"},{\"@type\":\"ListItem\",\"position\":2,\"name\":\"Otro avance m\u00e1s en educaci\u00f3n, propulsado por el municipio de Trenque Lauquen\"}]},{\"@type\":\"WebSite\",\"@id\":\"https:\/\/infoecos.com.ar\/#website\",\"url\":\"https:\/\/infoecos.com.ar\/\",\"name\":\"Infoecos\",\"description\":\"Noticias de trenque lauquen y la zona\",\"publisher\":{\"@id\":\"https:\/\/infoecos.com.ar\/#organization\"},\"alternateName\":\"Noticias\",\"potentialAction\":[{\"@type\":\"SearchAction\",\"target\":{\"@type\":\"EntryPoint\",\"urlTemplate\":\"https:\/\/infoecos.com.ar\/?s={search_term_string}\"},\"query-input\":{\"@type\":\"PropertyValueSpecification\",\"valueRequired\":true,\"valueName\":\"search_term_string\"}}],\"inLanguage\":\"es\"},{\"@type\":\"Organization\",\"@id\":\"https:\/\/infoecos.com.ar\/#organization\",\"name\":\"Infoecos\",\"alternateName\":\"Noticias\",\"url\":\"https:\/\/infoecos.com.ar\/\",\"logo\":{\"@type\":\"ImageObject\",\"inLanguage\":\"es\",\"@id\":\"https:\/\/infoecos.com.ar\/#\/schema\/logo\/image\/\",\"url\":\"https:\/\/infoecos.com.ar\/wp-content\/uploads\/2024\/03\/cropped-logo.png\",\"contentUrl\":\"https:\/\/infoecos.com.ar\/wp-content\/uploads\/2024\/03\/cropped-logo.png\",\"width\":374,\"height\":90,\"caption\":\"Infoecos\"},\"image\":{\"@id\":\"https:\/\/infoecos.com.ar\/#\/schema\/logo\/image\/\"},\"sameAs\":[\"https:\/\/www.facebook.com\/profile.php?id=100063200290284\",\"https:\/\/x.com\/infoecos\"]},{\"@type\":\"Person\",\"@id\":\"https:\/\/infoecos.com.ar\/#\/schema\/person\/8f5ace5ce73b4b4aac4b7245aee6f191\",\"name\":\"Jorge Matheus\",\"url\":\"https:\/\/infoecos.com.ar\/index.php\/author\/jomatheus\/\"}]}<\/script>\n<!-- \/ Yoast SEO plugin. -->","yoast_head_json":{"title":"Otro avance m\u00e1s en educaci\u00f3n, propulsado por el municipio de Trenque Lauquen - Infoecos","robots":{"index":"index","follow":"follow","max-snippet":"max-snippet:-1","max-image-preview":"max-image-preview:large","max-video-preview":"max-video-preview:-1"},"canonical":"https:\/\/infoecos.com.ar\/index.php\/otro-avance-mas-en-educacion-propulsado-por-el-municipio-de-trenque-lauquen\/","og_locale":"es_ES","og_type":"article","og_title":"Otro avance m\u00e1s en educaci\u00f3n, propulsado por el municipio de Trenque Lauquen - Infoecos","og_description":"Inversi\u00f3n total de unos 95 millones de pesos que fueron financiados con aportes provinciales, mediante el Programa Puentes (15 millones), recursos municipales y Fondo Educativo (80 millones).","og_url":"https:\/\/infoecos.com.ar\/index.php\/otro-avance-mas-en-educacion-propulsado-por-el-municipio-de-trenque-lauquen\/","og_site_name":"Infoecos","article_publisher":"https:\/\/www.facebook.com\/profile.php?id=100063200290284","article_published_time":"2023-11-25T13:13:05+00:00","article_modified_time":"2023-11-29T02:51:20+00:00","og_image":[{"width":1805,"height":1205,"url":"https:\/\/infoecos.com.ar\/wp-content\/uploads\/2023\/11\/AULA-MAGNA-14.jpg","type":"image\/jpeg"}],"author":"Jorge Matheus","twitter_card":"summary_large_image","twitter_creator":"@infoecos","twitter_site":"@infoecos","twitter_misc":{"Escrito por":"Jorge Matheus","Tiempo de lectura":"5 minutos"},"schema":{"@context":"https:\/\/schema.org","@graph":[{"@type":"Article","@id":"https:\/\/infoecos.com.ar\/index.php\/otro-avance-mas-en-educacion-propulsado-por-el-municipio-de-trenque-lauquen\/#article","isPartOf":{"@id":"https:\/\/infoecos.com.ar\/index.php\/otro-avance-mas-en-educacion-propulsado-por-el-municipio-de-trenque-lauquen\/"},"author":{"name":"Jorge Matheus","@id":"https:\/\/infoecos.com.ar\/#\/schema\/person\/8f5ace5ce73b4b4aac4b7245aee6f191"},"headline":"Otro avance m\u00e1s en educaci\u00f3n, propulsado por el municipio de Trenque Lauquen","datePublished":"2023-11-25T13:13:05+00:00","dateModified":"2023-11-29T02:51:20+00:00","mainEntityOfPage":{"@id":"https:\/\/infoecos.com.ar\/index.php\/otro-avance-mas-en-educacion-propulsado-por-el-municipio-de-trenque-lauquen\/"},"wordCount":460,"publisher":{"@id":"https:\/\/infoecos.com.ar\/#organization"},"image":{"@id":"https:\/\/infoecos.com.ar\/index.php\/otro-avance-mas-en-educacion-propulsado-por-el-municipio-de-trenque-lauquen\/#primaryimage"},"thumbnailUrl":"https:\/\/infoecos.com.ar\/wp-content\/uploads\/2023\/11\/AULA-MAGNA-14.jpg","keywords":["POLO CIENT\u00cdFICO TECNOL\u00d3GICO"],"articleSection":["Bloque inferior - 4"],"inLanguage":"es"},{"@type":"WebPage","@id":"https:\/\/infoecos.com.ar\/index.php\/otro-avance-mas-en-educacion-propulsado-por-el-municipio-de-trenque-lauquen\/","url":"https:\/\/infoecos.com.ar\/index.php\/otro-avance-mas-en-educacion-propulsado-por-el-municipio-de-trenque-lauquen\/","name":"Otro avance m\u00e1s en educaci\u00f3n, propulsado por el municipio de Trenque Lauquen - Infoecos","isPartOf":{"@id":"https:\/\/infoecos.com.ar\/#website"},"primaryImageOfPage":{"@id":"https:\/\/infoecos.com.ar\/index.php\/otro-avance-mas-en-educacion-propulsado-por-el-municipio-de-trenque-lauquen\/#primaryimage"},"image":{"@id":"https:\/\/infoecos.com.ar\/index.php\/otro-avance-mas-en-educacion-propulsado-por-el-municipio-de-trenque-lauquen\/#primaryimage"},"thumbnailUrl":"https:\/\/infoecos.com.ar\/wp-content\/uploads\/2023\/11\/AULA-MAGNA-14.jpg","datePublished":"2023-11-25T13:13:05+00:00","dateModified":"2023-11-29T02:51:20+00:00","breadcrumb":{"@id":"https:\/\/infoecos.com.ar\/index.php\/otro-avance-mas-en-educacion-propulsado-por-el-municipio-de-trenque-lauquen\/#breadcrumb"},"inLanguage":"es","potentialAction":[{"@type":"ReadAction","target":["https:\/\/infoecos.com.ar\/index.php\/otro-avance-mas-en-educacion-propulsado-por-el-municipio-de-trenque-lauquen\/"]}]},{"@type":"ImageObject","inLanguage":"es","@id":"https:\/\/infoecos.com.ar\/index.php\/otro-avance-mas-en-educacion-propulsado-por-el-municipio-de-trenque-lauquen\/#primaryimage","url":"https:\/\/infoecos.com.ar\/wp-content\/uploads\/2023\/11\/AULA-MAGNA-14.jpg","contentUrl":"https:\/\/infoecos.com.ar\/wp-content\/uploads\/2023\/11\/AULA-MAGNA-14.jpg","width":1805,"height":1205,"caption":"Polo Cient\u00edfico"},{"@type":"BreadcrumbList","@id":"https:\/\/infoecos.com.ar\/index.php\/otro-avance-mas-en-educacion-propulsado-por-el-municipio-de-trenque-lauquen\/#breadcrumb","itemListElement":[{"@type":"ListItem","position":1,"name":"Portada","item":"https:\/\/infoecos.com.ar\/"},{"@type":"ListItem","position":2,"name":"Otro avance m\u00e1s en educaci\u00f3n, propulsado por el municipio de Trenque Lauquen"}]},{"@type":"WebSite","@id":"https:\/\/infoecos.com.ar\/#website","url":"https:\/\/infoecos.com.ar\/","name":"Infoecos","description":"Noticias de trenque lauquen y la zona","publisher":{"@id":"https:\/\/infoecos.com.ar\/#organization"},"alternateName":"Noticias","potentialAction":[{"@type":"SearchAction","target":{"@type":"EntryPoint","urlTemplate":"https:\/\/infoecos.com.ar\/?s={search_term_string}"},"query-input":{"@type":"PropertyValueSpecification","valueRequired":true,"valueName":"search_term_string"}}],"inLanguage":"es"},{"@type":"Organization","@id":"https:\/\/infoecos.com.ar\/#organization","name":"Infoecos","alternateName":"Noticias","url":"https:\/\/infoecos.com.ar\/","logo":{"@type":"ImageObject","inLanguage":"es","@id":"https:\/\/infoecos.com.ar\/#\/schema\/logo\/image\/","url":"https:\/\/infoecos.com.ar\/wp-content\/uploads\/2024\/03\/cropped-logo.png","contentUrl":"https:\/\/infoecos.com.ar\/wp-content\/uploads\/2024\/03\/cropped-logo.png","width":374,"height":90,"caption":"Infoecos"},"image":{"@id":"https:\/\/infoecos.com.ar\/#\/schema\/logo\/image\/"},"sameAs":["https:\/\/www.facebook.com\/profile.php?id=100063200290284","https:\/\/x.com\/infoecos"]},{"@type":"Person","@id":"https:\/\/infoecos.com.ar\/#\/schema\/person\/8f5ace5ce73b4b4aac4b7245aee6f191","name":"Jorge Matheus","url":"https:\/\/infoecos.com.ar\/index.php\/author\/jomatheus\/"}]}},"featured_image_urls":{"full":["https:\/\/infoecos.com.ar\/wp-content\/uploads\/2023\/11\/AULA-MAGNA-14.jpg",1805,1205,false],"thumbnail":["https:\/\/infoecos.com.ar\/wp-content\/uploads\/2023\/11\/AULA-MAGNA-14-300x150.jpg",300,150,true],"medium":["https:\/\/infoecos.com.ar\/wp-content\/uploads\/2023\/11\/AULA-MAGNA-14-800x534.jpg",800,534,true],"medium_large":["https:\/\/infoecos.com.ar\/wp-content\/uploads\/2023\/11\/AULA-MAGNA-14-768x513.jpg",640,428,true],"large":["https:\/\/infoecos.com.ar\/wp-content\/uploads\/2023\/11\/AULA-MAGNA-14-1600x1068.jpg",640,427,true],"1536x1536":["https:\/\/infoecos.com.ar\/wp-content\/uploads\/2023\/11\/AULA-MAGNA-14-1536x1025.jpg",1536,1025,true],"2048x2048":["https:\/\/infoecos.com.ar\/wp-content\/uploads\/2023\/11\/AULA-MAGNA-14.jpg",1805,1205,false],"covernews-slider-full":["https:\/\/infoecos.com.ar\/wp-content\/uploads\/2023\/11\/AULA-MAGNA-14-1536x1020.jpg",1077,715,true],"covernews-slider-center":["https:\/\/infoecos.com.ar\/wp-content\/uploads\/2023\/11\/AULA-MAGNA-14-936x897.jpg",522,500,true],"covernews-featured":["https:\/\/infoecos.com.ar\/wp-content\/uploads\/2023\/11\/AULA-MAGNA-14-1024x684.jpg",1024,684,true],"covernews-medium":["https:\/\/infoecos.com.ar\/wp-content\/uploads\/2023\/11\/AULA-MAGNA-14-720x380.jpg",540,285,true],"covernews-medium-square":["https:\/\/infoecos.com.ar\/wp-content\/uploads\/2023\/11\/AULA-MAGNA-14-675x450.jpg",375,250,true]},"author_info":{"info":["Jorge Matheus"]},"category_info":"<a href=\"https:\/\/infoecos.com.ar\/index.php\/category\/inferior4\/\" rel=\"category tag\">Bloque inferior - 4<\/a>","tag_info":"Bloque inferior - 4","comment_count":"0","_links":{"self":[{"href":"https:\/\/infoecos.com.ar\/index.php\/wp-json\/wp\/v2\/posts\/115250"}],"collection":[{"href":"https:\/\/infoecos.com.ar\/index.php\/wp-json\/wp\/v2\/posts"}],"about":[{"href":"https:\/\/infoecos.com.ar\/index.php\/wp-json\/wp\/v2\/types\/post"}],"author":[{"embeddable":true,"href":"https:\/\/infoecos.com.ar\/index.php\/wp-json\/wp\/v2\/users\/2"}],"replies":[{"embeddable":true,"href":"https:\/\/infoecos.com.ar\/index.php\/wp-json\/wp\/v2\/comments?post=115250"}],"version-history":[{"count":2,"href":"https:\/\/infoecos.com.ar\/index.php\/wp-json\/wp\/v2\/posts\/115250\/revisions"}],"predecessor-version":[{"id":115264,"href":"https:\/\/infoecos.com.ar\/index.php\/wp-json\/wp\/v2\/posts\/115250\/revisions\/115264"}],"wp:featuredmedia":[{"embeddable":true,"href":"https:\/\/infoecos.com.ar\/index.php\/wp-json\/wp\/v2\/media\/115256"}],"wp:attachment":[{"href":"https:\/\/infoecos.com.ar\/index.php\/wp-json\/wp\/v2\/media?parent=115250"}],"wp:term":[{"taxonomy":"category","embeddable":true,"href":"https:\/\/infoecos.com.ar\/index.php\/wp-json\/wp\/v2\/categories?post=115250"},{"taxonomy":"post_tag","embeddable":true,"href":"https:\/\/infoecos.com.ar\/index.php\/wp-json\/wp\/v2\/tags?post=115250"}],"curies":[{"name":"wp","href":"https:\/\/api.w.org\/{rel}","templated":true}]}}