{"id":115265,"date":"2023-11-25T10:21:53","date_gmt":"2023-11-25T13:21:53","guid":{"rendered":"https:\/\/infoecos.com.ar\/?p=115265"},"modified":"2023-11-28T23:51:44","modified_gmt":"2023-11-29T02:51:44","slug":"martin-borrazas-elogio-al-equipo-de-trabajo-municipal","status":"publish","type":"post","link":"https:\/\/infoecos.com.ar\/index.php\/martin-borrazas-elogio-al-equipo-de-trabajo-municipal\/","title":{"rendered":"Mart\u00edn Borraz\u00e1s elogi\u00f3 al equipo de trabajo municipal"},"content":{"rendered":"\n<p>El secretario de Gesti\u00f3n y Planificaci\u00f3n del municipio de Trenque Lauquen, Mart\u00edn Borraz\u00e1s, en el marco de la inauguraci\u00f3n concretada este viernes en el Polo Cient\u00edfico felicit\u00f3 a \u201ctodo al equipo de trabajo que hizo posible esta importante obra y tambi\u00e9n al \u00e1rea de Hacienda que hizo un esfuerzo m\u00e1s que importante porque de un presupuesto que hab\u00eda arrancado en 20 millones termin\u00f3 casi triplic\u00e1ndose, y eso tiene que ver con un trabajo serio y con el \u00edmpetu del intendente\u201d.<\/p>\n\n\n\n<figure class=\"wp-block-gallery has-nested-images columns-default is-cropped wp-block-gallery-1 is-layout-flex wp-block-gallery-is-layout-flex\">\n<figure class=\"wp-block-image size-large\"><img loading=\"lazy\" decoding=\"async\" width=\"1600\" height=\"1068\" data-id=\"115267\" src=\"https:\/\/infoecos.com.ar\/wp-content\/uploads\/2023\/11\/AULA-MAGNA-34-1600x1068.jpg\" alt=\"\" class=\"wp-image-115267\" srcset=\"https:\/\/infoecos.com.ar\/wp-content\/uploads\/2023\/11\/AULA-MAGNA-34-1600x1068.jpg 1600w, https:\/\/infoecos.com.ar\/wp-content\/uploads\/2023\/11\/AULA-MAGNA-34-800x534.jpg 800w, https:\/\/infoecos.com.ar\/wp-content\/uploads\/2023\/11\/AULA-MAGNA-34-768x513.jpg 768w, https:\/\/infoecos.com.ar\/wp-content\/uploads\/2023\/11\/AULA-MAGNA-34-1536x1025.jpg 1536w, https:\/\/infoecos.com.ar\/wp-content\/uploads\/2023\/11\/AULA-MAGNA-34-1024x684.jpg 1024w, https:\/\/infoecos.com.ar\/wp-content\/uploads\/2023\/11\/AULA-MAGNA-34-675x450.jpg 675w, https:\/\/infoecos.com.ar\/wp-content\/uploads\/2023\/11\/AULA-MAGNA-34.jpg 1805w\" sizes=\"(max-width: 1600px) 100vw, 1600px\" \/><figcaption class=\"wp-element-caption\">Polo Cient\u00edfico <\/figcaption><\/figure>\n\n\n\n<figure class=\"wp-block-image size-large\"><img loading=\"lazy\" decoding=\"async\" width=\"1600\" height=\"1068\" data-id=\"115266\" src=\"https:\/\/infoecos.com.ar\/wp-content\/uploads\/2023\/11\/AULA-MAGNA-35-1600x1068.jpg\" alt=\"\" class=\"wp-image-115266\" srcset=\"https:\/\/infoecos.com.ar\/wp-content\/uploads\/2023\/11\/AULA-MAGNA-35-1600x1068.jpg 1600w, https:\/\/infoecos.com.ar\/wp-content\/uploads\/2023\/11\/AULA-MAGNA-35-800x534.jpg 800w, https:\/\/infoecos.com.ar\/wp-content\/uploads\/2023\/11\/AULA-MAGNA-35-768x513.jpg 768w, https:\/\/infoecos.com.ar\/wp-content\/uploads\/2023\/11\/AULA-MAGNA-35-1536x1025.jpg 1536w, https:\/\/infoecos.com.ar\/wp-content\/uploads\/2023\/11\/AULA-MAGNA-35-1024x684.jpg 1024w, https:\/\/infoecos.com.ar\/wp-content\/uploads\/2023\/11\/AULA-MAGNA-35-675x450.jpg 675w, https:\/\/infoecos.com.ar\/wp-content\/uploads\/2023\/11\/AULA-MAGNA-35.jpg 1805w\" sizes=\"(max-width: 1600px) 100vw, 1600px\" \/><figcaption class=\"wp-element-caption\"><br><strong>Borraz\u00e1s, Fern\u00e1ndez y Brardinelli <\/strong><\/figcaption><\/figure>\n<\/figure>\n\n\n\n<p>En este marco, agradeci\u00f3 especialmente a Fern\u00e1ndez, por el trabajo realizado y por su actitud porque \u201ccon el ya que estamos\u2019 \u00e9l empuja los l\u00edmites que nosotros mismos nos ponemos y se logran estas cosas\u201d.<\/p>\n\n\n\n<p>A su turno, el director Ejecutivo del Consejo Provincial Universitario, Juan Brardinelli, destac\u00f3 el trabajo conjunto con el Municipio de Trenque Lauquen y habl\u00f3 de la importancia del programa Puentes \u201cque busca garantizar que todos\/as los ciudadanos tengan acceso a la universidad p\u00fablica, gratuita y de calidad en todo el \u00e1mbito de la provincia de Buenos Aires, independientemente del lugar en el que vivan\u201d.<\/p>\n\n\n\n<p>Durante el acto se proyect\u00f3 un video institucional sobre el programa Puentes y sobre el Polo Cient\u00edfico Tecnol\u00f3gico que sigue creciendo y aumentando su capacidad, potenciando a\u00fan m\u00e1s el lugar, para luego dar paso al tradicional corte de cintas y al descubrimiento de una placa, que estuvieron a cargo de las autoridades presentes.<\/p>\n\n\n\n<p>El Aula Magna se construy\u00f3 con financiamiento del Plan de Integraci\u00f3n Territorial Universitario, con el aporte del Programa Puentes de 15.000.000,00 de pesos de provincia. El resto de la obra fue financiado con aportes genuinos municipales y Fondo Educativo. El monto total aproximado de la obra del Aula Magna es de 55.000.000 de pesos.<\/p>\n\n\n\n<p>El costo de la obra del Aula Auditorio es de 35.400.000 de pesos y el total aproximado de la obra de construcci\u00f3n y refacci\u00f3n de las dos (2) aulas es de 4.600.000 pesos. La obra total demand\u00f3 una inversi\u00f3n de 95.000.000 de pesos.<\/p>\n\n\n\n<p>Las nuevas aulas permitir\u00e1n organizar m\u00e1s cursos y talleres en los horarios de mayor demanda. El Aula Magna, con sus 57 lugares equipados para el uso de notebooks, cuenta adem\u00e1s con la posibilidad de transmitir las clases por Streaming. Por \u00faltimo, el nuevo auditorio se convierte en un espacio flexible con capacidad para 140 personas, pero tambi\u00e9n para agrupar las ubicaciones si as\u00ed lo requiere la actividad.<\/p>\n","protected":false},"excerpt":{"rendered":"<p>Agradeci\u00f3 especialmente a Fern\u00e1ndez, por el trabajo realizado y por su actitud porque \u201ccon el ya que estamos\u2019 \u00e9l empuja los l\u00edmites que nosotros mismos nos ponemos y se logran estas cosas\u201d<\/p>\n","protected":false},"author":2,"featured_media":115266,"comment_status":"closed","ping_status":"open","sticky":false,"template":"","format":"standard","meta":{"footnotes":""},"categories":[44],"tags":[9591],"class_list":["post-115265","post","type-post","status-publish","format-standard","has-post-thumbnail","hentry","category-inferior5","tag-polo-cientifico-tecnologico"],"yoast_head":"<!-- This site is optimized with the Yoast SEO plugin v23.4 - https:\/\/yoast.com\/wordpress\/plugins\/seo\/ -->\n<title>Mart\u00edn Borraz\u00e1s elogi\u00f3 al equipo de trabajo municipal - Infoecos<\/title>\n<meta name=\"robots\" content=\"index, follow, max-snippet:-1, max-image-preview:large, max-video-preview:-1\" \/>\n<link rel=\"canonical\" href=\"https:\/\/infoecos.com.ar\/index.php\/martin-borrazas-elogio-al-equipo-de-trabajo-municipal\/\" \/>\n<meta property=\"og:locale\" content=\"es_ES\" \/>\n<meta property=\"og:type\" content=\"article\" \/>\n<meta property=\"og:title\" content=\"Mart\u00edn Borraz\u00e1s elogi\u00f3 al equipo de trabajo municipal - Infoecos\" \/>\n<meta property=\"og:description\" content=\"Agradeci\u00f3 especialmente a Fern\u00e1ndez, por el trabajo realizado y por su actitud porque \u201ccon el ya que estamos\u2019 \u00e9l empuja los l\u00edmites que nosotros mismos nos ponemos y se logran estas cosas\u201d\" \/>\n<meta property=\"og:url\" content=\"https:\/\/infoecos.com.ar\/index.php\/martin-borrazas-elogio-al-equipo-de-trabajo-municipal\/\" \/>\n<meta property=\"og:site_name\" content=\"Infoecos\" \/>\n<meta property=\"article:publisher\" content=\"https:\/\/www.facebook.com\/profile.php?id=100063200290284\" \/>\n<meta property=\"article:published_time\" content=\"2023-11-25T13:21:53+00:00\" \/>\n<meta property=\"article:modified_time\" content=\"2023-11-29T02:51:44+00:00\" \/>\n<meta property=\"og:image\" content=\"https:\/\/infoecos.com.ar\/wp-content\/uploads\/2023\/11\/AULA-MAGNA-35.jpg\" \/>\n\t<meta property=\"og:image:width\" content=\"1805\" \/>\n\t<meta property=\"og:image:height\" content=\"1205\" \/>\n\t<meta property=\"og:image:type\" content=\"image\/jpeg\" \/>\n<meta name=\"author\" content=\"Jorge Matheus\" \/>\n<meta name=\"twitter:card\" content=\"summary_large_image\" \/>\n<meta name=\"twitter:creator\" content=\"@infoecos\" \/>\n<meta name=\"twitter:site\" content=\"@infoecos\" \/>\n<meta name=\"twitter:label1\" content=\"Escrito por\" \/>\n\t<meta name=\"twitter:data1\" content=\"Jorge Matheus\" \/>\n\t<meta name=\"twitter:label2\" content=\"Tiempo de lectura\" \/>\n\t<meta name=\"twitter:data2\" content=\"3 minutos\" \/>\n<script type=\"application\/ld+json\" class=\"yoast-schema-graph\">{\"@context\":\"https:\/\/schema.org\",\"@graph\":[{\"@type\":\"Article\",\"@id\":\"https:\/\/infoecos.com.ar\/index.php\/martin-borrazas-elogio-al-equipo-de-trabajo-municipal\/#article\",\"isPartOf\":{\"@id\":\"https:\/\/infoecos.com.ar\/index.php\/martin-borrazas-elogio-al-equipo-de-trabajo-municipal\/\"},\"author\":{\"name\":\"Jorge Matheus\",\"@id\":\"https:\/\/infoecos.com.ar\/#\/schema\/person\/8f5ace5ce73b4b4aac4b7245aee6f191\"},\"headline\":\"Mart\u00edn Borraz\u00e1s elogi\u00f3 al equipo de trabajo municipal\",\"datePublished\":\"2023-11-25T13:21:53+00:00\",\"dateModified\":\"2023-11-29T02:51:44+00:00\",\"mainEntityOfPage\":{\"@id\":\"https:\/\/infoecos.com.ar\/index.php\/martin-borrazas-elogio-al-equipo-de-trabajo-municipal\/\"},\"wordCount\":432,\"publisher\":{\"@id\":\"https:\/\/infoecos.com.ar\/#organization\"},\"image\":{\"@id\":\"https:\/\/infoecos.com.ar\/index.php\/martin-borrazas-elogio-al-equipo-de-trabajo-municipal\/#primaryimage\"},\"thumbnailUrl\":\"https:\/\/infoecos.com.ar\/wp-content\/uploads\/2023\/11\/AULA-MAGNA-35.jpg\",\"keywords\":[\"POLO CIENT\u00cdFICO TECNOL\u00d3GICO\"],\"articleSection\":[\"Bloque inferior - 5\"],\"inLanguage\":\"es\"},{\"@type\":\"WebPage\",\"@id\":\"https:\/\/infoecos.com.ar\/index.php\/martin-borrazas-elogio-al-equipo-de-trabajo-municipal\/\",\"url\":\"https:\/\/infoecos.com.ar\/index.php\/martin-borrazas-elogio-al-equipo-de-trabajo-municipal\/\",\"name\":\"Mart\u00edn Borraz\u00e1s elogi\u00f3 al equipo de trabajo municipal - Infoecos\",\"isPartOf\":{\"@id\":\"https:\/\/infoecos.com.ar\/#website\"},\"primaryImageOfPage\":{\"@id\":\"https:\/\/infoecos.com.ar\/index.php\/martin-borrazas-elogio-al-equipo-de-trabajo-municipal\/#primaryimage\"},\"image\":{\"@id\":\"https:\/\/infoecos.com.ar\/index.php\/martin-borrazas-elogio-al-equipo-de-trabajo-municipal\/#primaryimage\"},\"thumbnailUrl\":\"https:\/\/infoecos.com.ar\/wp-content\/uploads\/2023\/11\/AULA-MAGNA-35.jpg\",\"datePublished\":\"2023-11-25T13:21:53+00:00\",\"dateModified\":\"2023-11-29T02:51:44+00:00\",\"breadcrumb\":{\"@id\":\"https:\/\/infoecos.com.ar\/index.php\/martin-borrazas-elogio-al-equipo-de-trabajo-municipal\/#breadcrumb\"},\"inLanguage\":\"es\",\"potentialAction\":[{\"@type\":\"ReadAction\",\"target\":[\"https:\/\/infoecos.com.ar\/index.php\/martin-borrazas-elogio-al-equipo-de-trabajo-municipal\/\"]}]},{\"@type\":\"ImageObject\",\"inLanguage\":\"es\",\"@id\":\"https:\/\/infoecos.com.ar\/index.php\/martin-borrazas-elogio-al-equipo-de-trabajo-municipal\/#primaryimage\",\"url\":\"https:\/\/infoecos.com.ar\/wp-content\/uploads\/2023\/11\/AULA-MAGNA-35.jpg\",\"contentUrl\":\"https:\/\/infoecos.com.ar\/wp-content\/uploads\/2023\/11\/AULA-MAGNA-35.jpg\",\"width\":1805,\"height\":1205,\"caption\":\"Borraz\u00e1s, Mart\u00edn\"},{\"@type\":\"BreadcrumbList\",\"@id\":\"https:\/\/infoecos.com.ar\/index.php\/martin-borrazas-elogio-al-equipo-de-trabajo-municipal\/#breadcrumb\",\"itemListElement\":[{\"@type\":\"ListItem\",\"position\":1,\"name\":\"Portada\",\"item\":\"https:\/\/infoecos.com.ar\/\"},{\"@type\":\"ListItem\",\"position\":2,\"name\":\"Mart\u00edn Borraz\u00e1s elogi\u00f3 al equipo de trabajo municipal\"}]},{\"@type\":\"WebSite\",\"@id\":\"https:\/\/infoecos.com.ar\/#website\",\"url\":\"https:\/\/infoecos.com.ar\/\",\"name\":\"Infoecos\",\"description\":\"Noticias de trenque lauquen y la zona\",\"publisher\":{\"@id\":\"https:\/\/infoecos.com.ar\/#organization\"},\"alternateName\":\"Noticias\",\"potentialAction\":[{\"@type\":\"SearchAction\",\"target\":{\"@type\":\"EntryPoint\",\"urlTemplate\":\"https:\/\/infoecos.com.ar\/?s={search_term_string}\"},\"query-input\":{\"@type\":\"PropertyValueSpecification\",\"valueRequired\":true,\"valueName\":\"search_term_string\"}}],\"inLanguage\":\"es\"},{\"@type\":\"Organization\",\"@id\":\"https:\/\/infoecos.com.ar\/#organization\",\"name\":\"Infoecos\",\"alternateName\":\"Noticias\",\"url\":\"https:\/\/infoecos.com.ar\/\",\"logo\":{\"@type\":\"ImageObject\",\"inLanguage\":\"es\",\"@id\":\"https:\/\/infoecos.com.ar\/#\/schema\/logo\/image\/\",\"url\":\"https:\/\/infoecos.com.ar\/wp-content\/uploads\/2024\/03\/cropped-logo.png\",\"contentUrl\":\"https:\/\/infoecos.com.ar\/wp-content\/uploads\/2024\/03\/cropped-logo.png\",\"width\":374,\"height\":90,\"caption\":\"Infoecos\"},\"image\":{\"@id\":\"https:\/\/infoecos.com.ar\/#\/schema\/logo\/image\/\"},\"sameAs\":[\"https:\/\/www.facebook.com\/profile.php?id=100063200290284\",\"https:\/\/x.com\/infoecos\"]},{\"@type\":\"Person\",\"@id\":\"https:\/\/infoecos.com.ar\/#\/schema\/person\/8f5ace5ce73b4b4aac4b7245aee6f191\",\"name\":\"Jorge Matheus\",\"url\":\"https:\/\/infoecos.com.ar\/index.php\/author\/jomatheus\/\"}]}<\/script>\n<!-- \/ Yoast SEO plugin. -->","yoast_head_json":{"title":"Mart\u00edn Borraz\u00e1s elogi\u00f3 al equipo de trabajo municipal - Infoecos","robots":{"index":"index","follow":"follow","max-snippet":"max-snippet:-1","max-image-preview":"max-image-preview:large","max-video-preview":"max-video-preview:-1"},"canonical":"https:\/\/infoecos.com.ar\/index.php\/martin-borrazas-elogio-al-equipo-de-trabajo-municipal\/","og_locale":"es_ES","og_type":"article","og_title":"Mart\u00edn Borraz\u00e1s elogi\u00f3 al equipo de trabajo municipal - Infoecos","og_description":"Agradeci\u00f3 especialmente a Fern\u00e1ndez, por el trabajo realizado y por su actitud porque \u201ccon el ya que estamos\u2019 \u00e9l empuja los l\u00edmites que nosotros mismos nos ponemos y se logran estas cosas\u201d","og_url":"https:\/\/infoecos.com.ar\/index.php\/martin-borrazas-elogio-al-equipo-de-trabajo-municipal\/","og_site_name":"Infoecos","article_publisher":"https:\/\/www.facebook.com\/profile.php?id=100063200290284","article_published_time":"2023-11-25T13:21:53+00:00","article_modified_time":"2023-11-29T02:51:44+00:00","og_image":[{"width":1805,"height":1205,"url":"https:\/\/infoecos.com.ar\/wp-content\/uploads\/2023\/11\/AULA-MAGNA-35.jpg","type":"image\/jpeg"}],"author":"Jorge Matheus","twitter_card":"summary_large_image","twitter_creator":"@infoecos","twitter_site":"@infoecos","twitter_misc":{"Escrito por":"Jorge Matheus","Tiempo de lectura":"3 minutos"},"schema":{"@context":"https:\/\/schema.org","@graph":[{"@type":"Article","@id":"https:\/\/infoecos.com.ar\/index.php\/martin-borrazas-elogio-al-equipo-de-trabajo-municipal\/#article","isPartOf":{"@id":"https:\/\/infoecos.com.ar\/index.php\/martin-borrazas-elogio-al-equipo-de-trabajo-municipal\/"},"author":{"name":"Jorge Matheus","@id":"https:\/\/infoecos.com.ar\/#\/schema\/person\/8f5ace5ce73b4b4aac4b7245aee6f191"},"headline":"Mart\u00edn Borraz\u00e1s elogi\u00f3 al equipo de trabajo municipal","datePublished":"2023-11-25T13:21:53+00:00","dateModified":"2023-11-29T02:51:44+00:00","mainEntityOfPage":{"@id":"https:\/\/infoecos.com.ar\/index.php\/martin-borrazas-elogio-al-equipo-de-trabajo-municipal\/"},"wordCount":432,"publisher":{"@id":"https:\/\/infoecos.com.ar\/#organization"},"image":{"@id":"https:\/\/infoecos.com.ar\/index.php\/martin-borrazas-elogio-al-equipo-de-trabajo-municipal\/#primaryimage"},"thumbnailUrl":"https:\/\/infoecos.com.ar\/wp-content\/uploads\/2023\/11\/AULA-MAGNA-35.jpg","keywords":["POLO CIENT\u00cdFICO TECNOL\u00d3GICO"],"articleSection":["Bloque inferior - 5"],"inLanguage":"es"},{"@type":"WebPage","@id":"https:\/\/infoecos.com.ar\/index.php\/martin-borrazas-elogio-al-equipo-de-trabajo-municipal\/","url":"https:\/\/infoecos.com.ar\/index.php\/martin-borrazas-elogio-al-equipo-de-trabajo-municipal\/","name":"Mart\u00edn Borraz\u00e1s elogi\u00f3 al equipo de trabajo municipal - Infoecos","isPartOf":{"@id":"https:\/\/infoecos.com.ar\/#website"},"primaryImageOfPage":{"@id":"https:\/\/infoecos.com.ar\/index.php\/martin-borrazas-elogio-al-equipo-de-trabajo-municipal\/#primaryimage"},"image":{"@id":"https:\/\/infoecos.com.ar\/index.php\/martin-borrazas-elogio-al-equipo-de-trabajo-municipal\/#primaryimage"},"thumbnailUrl":"https:\/\/infoecos.com.ar\/wp-content\/uploads\/2023\/11\/AULA-MAGNA-35.jpg","datePublished":"2023-11-25T13:21:53+00:00","dateModified":"2023-11-29T02:51:44+00:00","breadcrumb":{"@id":"https:\/\/infoecos.com.ar\/index.php\/martin-borrazas-elogio-al-equipo-de-trabajo-municipal\/#breadcrumb"},"inLanguage":"es","potentialAction":[{"@type":"ReadAction","target":["https:\/\/infoecos.com.ar\/index.php\/martin-borrazas-elogio-al-equipo-de-trabajo-municipal\/"]}]},{"@type":"ImageObject","inLanguage":"es","@id":"https:\/\/infoecos.com.ar\/index.php\/martin-borrazas-elogio-al-equipo-de-trabajo-municipal\/#primaryimage","url":"https:\/\/infoecos.com.ar\/wp-content\/uploads\/2023\/11\/AULA-MAGNA-35.jpg","contentUrl":"https:\/\/infoecos.com.ar\/wp-content\/uploads\/2023\/11\/AULA-MAGNA-35.jpg","width":1805,"height":1205,"caption":"Borraz\u00e1s, Mart\u00edn"},{"@type":"BreadcrumbList","@id":"https:\/\/infoecos.com.ar\/index.php\/martin-borrazas-elogio-al-equipo-de-trabajo-municipal\/#breadcrumb","itemListElement":[{"@type":"ListItem","position":1,"name":"Portada","item":"https:\/\/infoecos.com.ar\/"},{"@type":"ListItem","position":2,"name":"Mart\u00edn Borraz\u00e1s elogi\u00f3 al equipo de trabajo municipal"}]},{"@type":"WebSite","@id":"https:\/\/infoecos.com.ar\/#website","url":"https:\/\/infoecos.com.ar\/","name":"Infoecos","description":"Noticias de trenque lauquen y la zona","publisher":{"@id":"https:\/\/infoecos.com.ar\/#organization"},"alternateName":"Noticias","potentialAction":[{"@type":"SearchAction","target":{"@type":"EntryPoint","urlTemplate":"https:\/\/infoecos.com.ar\/?s={search_term_string}"},"query-input":{"@type":"PropertyValueSpecification","valueRequired":true,"valueName":"search_term_string"}}],"inLanguage":"es"},{"@type":"Organization","@id":"https:\/\/infoecos.com.ar\/#organization","name":"Infoecos","alternateName":"Noticias","url":"https:\/\/infoecos.com.ar\/","logo":{"@type":"ImageObject","inLanguage":"es","@id":"https:\/\/infoecos.com.ar\/#\/schema\/logo\/image\/","url":"https:\/\/infoecos.com.ar\/wp-content\/uploads\/2024\/03\/cropped-logo.png","contentUrl":"https:\/\/infoecos.com.ar\/wp-content\/uploads\/2024\/03\/cropped-logo.png","width":374,"height":90,"caption":"Infoecos"},"image":{"@id":"https:\/\/infoecos.com.ar\/#\/schema\/logo\/image\/"},"sameAs":["https:\/\/www.facebook.com\/profile.php?id=100063200290284","https:\/\/x.com\/infoecos"]},{"@type":"Person","@id":"https:\/\/infoecos.com.ar\/#\/schema\/person\/8f5ace5ce73b4b4aac4b7245aee6f191","name":"Jorge Matheus","url":"https:\/\/infoecos.com.ar\/index.php\/author\/jomatheus\/"}]}},"featured_image_urls":{"full":["https:\/\/infoecos.com.ar\/wp-content\/uploads\/2023\/11\/AULA-MAGNA-35.jpg",1805,1205,false],"thumbnail":["https:\/\/infoecos.com.ar\/wp-content\/uploads\/2023\/11\/AULA-MAGNA-35-300x150.jpg",300,150,true],"medium":["https:\/\/infoecos.com.ar\/wp-content\/uploads\/2023\/11\/AULA-MAGNA-35-800x534.jpg",800,534,true],"medium_large":["https:\/\/infoecos.com.ar\/wp-content\/uploads\/2023\/11\/AULA-MAGNA-35-768x513.jpg",640,428,true],"large":["https:\/\/infoecos.com.ar\/wp-content\/uploads\/2023\/11\/AULA-MAGNA-35-1600x1068.jpg",640,427,true],"1536x1536":["https:\/\/infoecos.com.ar\/wp-content\/uploads\/2023\/11\/AULA-MAGNA-35-1536x1025.jpg",1536,1025,true],"2048x2048":["https:\/\/infoecos.com.ar\/wp-content\/uploads\/2023\/11\/AULA-MAGNA-35.jpg",1805,1205,false],"covernews-slider-full":["https:\/\/infoecos.com.ar\/wp-content\/uploads\/2023\/11\/AULA-MAGNA-35-1536x1020.jpg",1077,715,true],"covernews-slider-center":["https:\/\/infoecos.com.ar\/wp-content\/uploads\/2023\/11\/AULA-MAGNA-35-936x897.jpg",522,500,true],"covernews-featured":["https:\/\/infoecos.com.ar\/wp-content\/uploads\/2023\/11\/AULA-MAGNA-35-1024x684.jpg",1024,684,true],"covernews-medium":["https:\/\/infoecos.com.ar\/wp-content\/uploads\/2023\/11\/AULA-MAGNA-35-720x380.jpg",540,285,true],"covernews-medium-square":["https:\/\/infoecos.com.ar\/wp-content\/uploads\/2023\/11\/AULA-MAGNA-35-675x450.jpg",375,250,true]},"author_info":{"info":["Jorge Matheus"]},"category_info":"<a href=\"https:\/\/infoecos.com.ar\/index.php\/category\/inferior5\/\" rel=\"category tag\">Bloque inferior - 5<\/a>","tag_info":"Bloque inferior - 5","comment_count":"0","_links":{"self":[{"href":"https:\/\/infoecos.com.ar\/index.php\/wp-json\/wp\/v2\/posts\/115265"}],"collection":[{"href":"https:\/\/infoecos.com.ar\/index.php\/wp-json\/wp\/v2\/posts"}],"about":[{"href":"https:\/\/infoecos.com.ar\/index.php\/wp-json\/wp\/v2\/types\/post"}],"author":[{"embeddable":true,"href":"https:\/\/infoecos.com.ar\/index.php\/wp-json\/wp\/v2\/users\/2"}],"replies":[{"embeddable":true,"href":"https:\/\/infoecos.com.ar\/index.php\/wp-json\/wp\/v2\/comments?post=115265"}],"version-history":[{"count":1,"href":"https:\/\/infoecos.com.ar\/index.php\/wp-json\/wp\/v2\/posts\/115265\/revisions"}],"predecessor-version":[{"id":115268,"href":"https:\/\/infoecos.com.ar\/index.php\/wp-json\/wp\/v2\/posts\/115265\/revisions\/115268"}],"wp:featuredmedia":[{"embeddable":true,"href":"https:\/\/infoecos.com.ar\/index.php\/wp-json\/wp\/v2\/media\/115266"}],"wp:attachment":[{"href":"https:\/\/infoecos.com.ar\/index.php\/wp-json\/wp\/v2\/media?parent=115265"}],"wp:term":[{"taxonomy":"category","embeddable":true,"href":"https:\/\/infoecos.com.ar\/index.php\/wp-json\/wp\/v2\/categories?post=115265"},{"taxonomy":"post_tag","embeddable":true,"href":"https:\/\/infoecos.com.ar\/index.php\/wp-json\/wp\/v2\/tags?post=115265"}],"curies":[{"name":"wp","href":"https:\/\/api.w.org\/{rel}","templated":true}]}}