{"id":115290,"date":"2023-11-25T23:24:53","date_gmt":"2023-11-26T02:24:53","guid":{"rendered":"https:\/\/infoecos.com.ar\/?p=115290"},"modified":"2023-11-28T23:49:51","modified_gmt":"2023-11-29T02:49:51","slug":"un-vecino-de-america-le-corto-tres-dedos-a-quien-habia-entrado-a-su-casa-con-intenciones-de-robar","status":"publish","type":"post","link":"https:\/\/infoecos.com.ar\/index.php\/un-vecino-de-america-le-corto-tres-dedos-a-quien-habia-entrado-a-su-casa-con-intenciones-de-robar\/","title":{"rendered":"Un vecino de Am\u00e9rica le cort\u00f3 tres dedos a qui\u00e9n hab\u00eda entrado a su casa con intenciones de robar"},"content":{"rendered":"\n<figure class=\"wp-block-image alignright size-full is-resized\"><img loading=\"lazy\" decoding=\"async\" src=\"https:\/\/infoecos.com.ar\/wp-content\/uploads\/2023\/11\/image-108.png\" alt=\"\" class=\"wp-image-115291\" width=\"323\" height=\"182\"\/><\/figure>\n\n\n\n<p><strong>Un vecino de Am\u00e9rica, distrito de Rivadavia, le cort\u00f3 tres dedos de las manos a quien hab\u00eda entrado a su casa con intenciones de robar<\/strong>, informa el portal masternews.com.ar.<\/p>\n\n\n\n<p>El Comisario Javier P\u00e9rez explic\u00f3 lo que hab\u00eda sucedido el fin de semana de las elecciones en una vivienda del barrio sur de Am\u00e9rica: \u201cHemos tenido es un hecho bastante complejo, el domingo a la madrugada, en el cual le tomamos la denuncia al ciudadano Testagrossa David Ezequiel, que vive en la calle Moreno 1013, con la particularidad de que este chico tiene marihuana en cultivo medicinal. Alrededor de las 3 de la ma\u00f1ana ingresan dos sujetos a su domicilio, el perro los escucha en el patio trasero, sale a ver qu\u00e9 pasaba en su domicilio y constata a dos personas de sexo masculino de este medio, y comienzan en ese caso una serie de forcejeos y una lucha entre ellos, de lo cual uno de los que hab\u00eda ingresado al domicilio recibi\u00f3 en esa actitud defensiva que tuvo Testagrossa, tres amputaciones traum\u00e1ticas de falange proximal del quinto dedo de mano derecha, amputaciones de falange media en el dedo anular izquierdo y falange del dedo mayor y diversos cortes en mano derecha. Por lo cual uno de los sujetos se retira del lugar, huye y el otro, no le qued\u00f3 otro remedio, que a ra\u00edz de las heridas que le hab\u00edan producido dentro del domicilio, tuvo que ir hasta el hospital, el cual ingresa en un estado de excitaci\u00f3n psicomotriz, lo cual se tuvo que hacer sedado, y despu\u00e9s intervenido quir\u00fargicamente a trav\u00e9s de las heridas sufridas en las manos\u201d.<\/p>\n\n\n\n<p>En el hecho interviene la Fiscal\u00eda N\u00b0 6 a cargo del Dr. Fabio Arcomano con las instrucciones a trav\u00e9s de la Ayudant\u00eda Fiscal de Rivadavia, por tentativa de robo.<\/p>\n","protected":false},"excerpt":{"rendered":"<p>En el hecho interviene la Fiscal\u00eda N\u00b0 6 a cargo del Dr. Fabio Arcomano con las instrucciones a trav\u00e9s de la Ayudant\u00eda Fiscal de Rivadavia, por tentativa de robo<\/p>\n","protected":false},"author":2,"featured_media":115291,"comment_status":"closed","ping_status":"open","sticky":false,"template":"","format":"standard","meta":{"footnotes":""},"categories":[41],"tags":[9596],"class_list":["post-115290","post","type-post","status-publish","format-standard","has-post-thumbnail","hentry","category-inferior2","tag-fue-el-dia-de-las-elecciones"],"yoast_head":"<!-- This site is optimized with the Yoast SEO plugin v23.4 - https:\/\/yoast.com\/wordpress\/plugins\/seo\/ -->\n<title>Un vecino de Am\u00e9rica le cort\u00f3 tres dedos a qui\u00e9n hab\u00eda entrado a su casa con intenciones de robar - Infoecos<\/title>\n<meta name=\"robots\" content=\"index, follow, max-snippet:-1, max-image-preview:large, max-video-preview:-1\" \/>\n<link rel=\"canonical\" href=\"https:\/\/infoecos.com.ar\/index.php\/un-vecino-de-america-le-corto-tres-dedos-a-quien-habia-entrado-a-su-casa-con-intenciones-de-robar\/\" \/>\n<meta property=\"og:locale\" content=\"es_ES\" \/>\n<meta property=\"og:type\" content=\"article\" \/>\n<meta property=\"og:title\" content=\"Un vecino de Am\u00e9rica le cort\u00f3 tres dedos a qui\u00e9n hab\u00eda entrado a su casa con intenciones de robar - Infoecos\" \/>\n<meta property=\"og:description\" content=\"En el hecho interviene la Fiscal\u00eda N\u00b0 6 a cargo del Dr. Fabio Arcomano con las instrucciones a trav\u00e9s de la Ayudant\u00eda Fiscal de Rivadavia, por tentativa de robo\" \/>\n<meta property=\"og:url\" content=\"https:\/\/infoecos.com.ar\/index.php\/un-vecino-de-america-le-corto-tres-dedos-a-quien-habia-entrado-a-su-casa-con-intenciones-de-robar\/\" \/>\n<meta property=\"og:site_name\" content=\"Infoecos\" \/>\n<meta property=\"article:publisher\" content=\"https:\/\/www.facebook.com\/profile.php?id=100063200290284\" \/>\n<meta property=\"article:published_time\" content=\"2023-11-26T02:24:53+00:00\" \/>\n<meta property=\"article:modified_time\" content=\"2023-11-29T02:49:51+00:00\" \/>\n<meta property=\"og:image\" content=\"https:\/\/infoecos.com.ar\/wp-content\/uploads\/2023\/11\/image-108.png\" \/>\n\t<meta property=\"og:image:width\" content=\"640\" \/>\n\t<meta property=\"og:image:height\" content=\"360\" \/>\n\t<meta property=\"og:image:type\" content=\"image\/png\" \/>\n<meta name=\"author\" content=\"Jorge Matheus\" \/>\n<meta name=\"twitter:card\" content=\"summary_large_image\" \/>\n<meta name=\"twitter:creator\" content=\"@infoecos\" \/>\n<meta name=\"twitter:site\" content=\"@infoecos\" \/>\n<meta name=\"twitter:label1\" content=\"Escrito por\" \/>\n\t<meta name=\"twitter:data1\" content=\"Jorge Matheus\" \/>\n\t<meta name=\"twitter:label2\" content=\"Tiempo de lectura\" \/>\n\t<meta name=\"twitter:data2\" content=\"2 minutos\" \/>\n<script type=\"application\/ld+json\" class=\"yoast-schema-graph\">{\"@context\":\"https:\/\/schema.org\",\"@graph\":[{\"@type\":\"Article\",\"@id\":\"https:\/\/infoecos.com.ar\/index.php\/un-vecino-de-america-le-corto-tres-dedos-a-quien-habia-entrado-a-su-casa-con-intenciones-de-robar\/#article\",\"isPartOf\":{\"@id\":\"https:\/\/infoecos.com.ar\/index.php\/un-vecino-de-america-le-corto-tres-dedos-a-quien-habia-entrado-a-su-casa-con-intenciones-de-robar\/\"},\"author\":{\"name\":\"Jorge Matheus\",\"@id\":\"https:\/\/infoecos.com.ar\/#\/schema\/person\/8f5ace5ce73b4b4aac4b7245aee6f191\"},\"headline\":\"Un vecino de Am\u00e9rica le cort\u00f3 tres dedos a qui\u00e9n hab\u00eda entrado a su casa con intenciones de robar\",\"datePublished\":\"2023-11-26T02:24:53+00:00\",\"dateModified\":\"2023-11-29T02:49:51+00:00\",\"mainEntityOfPage\":{\"@id\":\"https:\/\/infoecos.com.ar\/index.php\/un-vecino-de-america-le-corto-tres-dedos-a-quien-habia-entrado-a-su-casa-con-intenciones-de-robar\/\"},\"wordCount\":336,\"publisher\":{\"@id\":\"https:\/\/infoecos.com.ar\/#organization\"},\"image\":{\"@id\":\"https:\/\/infoecos.com.ar\/index.php\/un-vecino-de-america-le-corto-tres-dedos-a-quien-habia-entrado-a-su-casa-con-intenciones-de-robar\/#primaryimage\"},\"thumbnailUrl\":\"https:\/\/infoecos.com.ar\/wp-content\/uploads\/2023\/11\/image-108.png\",\"keywords\":[\"fue el d\u00eda de las elecciones\"],\"articleSection\":[\"Bloque inferior - 2\"],\"inLanguage\":\"es\"},{\"@type\":\"WebPage\",\"@id\":\"https:\/\/infoecos.com.ar\/index.php\/un-vecino-de-america-le-corto-tres-dedos-a-quien-habia-entrado-a-su-casa-con-intenciones-de-robar\/\",\"url\":\"https:\/\/infoecos.com.ar\/index.php\/un-vecino-de-america-le-corto-tres-dedos-a-quien-habia-entrado-a-su-casa-con-intenciones-de-robar\/\",\"name\":\"Un vecino de Am\u00e9rica le cort\u00f3 tres dedos a qui\u00e9n hab\u00eda entrado a su casa con intenciones de robar - Infoecos\",\"isPartOf\":{\"@id\":\"https:\/\/infoecos.com.ar\/#website\"},\"primaryImageOfPage\":{\"@id\":\"https:\/\/infoecos.com.ar\/index.php\/un-vecino-de-america-le-corto-tres-dedos-a-quien-habia-entrado-a-su-casa-con-intenciones-de-robar\/#primaryimage\"},\"image\":{\"@id\":\"https:\/\/infoecos.com.ar\/index.php\/un-vecino-de-america-le-corto-tres-dedos-a-quien-habia-entrado-a-su-casa-con-intenciones-de-robar\/#primaryimage\"},\"thumbnailUrl\":\"https:\/\/infoecos.com.ar\/wp-content\/uploads\/2023\/11\/image-108.png\",\"datePublished\":\"2023-11-26T02:24:53+00:00\",\"dateModified\":\"2023-11-29T02:49:51+00:00\",\"breadcrumb\":{\"@id\":\"https:\/\/infoecos.com.ar\/index.php\/un-vecino-de-america-le-corto-tres-dedos-a-quien-habia-entrado-a-su-casa-con-intenciones-de-robar\/#breadcrumb\"},\"inLanguage\":\"es\",\"potentialAction\":[{\"@type\":\"ReadAction\",\"target\":[\"https:\/\/infoecos.com.ar\/index.php\/un-vecino-de-america-le-corto-tres-dedos-a-quien-habia-entrado-a-su-casa-con-intenciones-de-robar\/\"]}]},{\"@type\":\"ImageObject\",\"inLanguage\":\"es\",\"@id\":\"https:\/\/infoecos.com.ar\/index.php\/un-vecino-de-america-le-corto-tres-dedos-a-quien-habia-entrado-a-su-casa-con-intenciones-de-robar\/#primaryimage\",\"url\":\"https:\/\/infoecos.com.ar\/wp-content\/uploads\/2023\/11\/image-108.png\",\"contentUrl\":\"https:\/\/infoecos.com.ar\/wp-content\/uploads\/2023\/11\/image-108.png\",\"width\":640,\"height\":360},{\"@type\":\"BreadcrumbList\",\"@id\":\"https:\/\/infoecos.com.ar\/index.php\/un-vecino-de-america-le-corto-tres-dedos-a-quien-habia-entrado-a-su-casa-con-intenciones-de-robar\/#breadcrumb\",\"itemListElement\":[{\"@type\":\"ListItem\",\"position\":1,\"name\":\"Portada\",\"item\":\"https:\/\/infoecos.com.ar\/\"},{\"@type\":\"ListItem\",\"position\":2,\"name\":\"Un vecino de Am\u00e9rica le cort\u00f3 tres dedos a qui\u00e9n hab\u00eda entrado a su casa con intenciones de robar\"}]},{\"@type\":\"WebSite\",\"@id\":\"https:\/\/infoecos.com.ar\/#website\",\"url\":\"https:\/\/infoecos.com.ar\/\",\"name\":\"Infoecos\",\"description\":\"Noticias de trenque lauquen y la zona\",\"publisher\":{\"@id\":\"https:\/\/infoecos.com.ar\/#organization\"},\"alternateName\":\"Noticias\",\"potentialAction\":[{\"@type\":\"SearchAction\",\"target\":{\"@type\":\"EntryPoint\",\"urlTemplate\":\"https:\/\/infoecos.com.ar\/?s={search_term_string}\"},\"query-input\":{\"@type\":\"PropertyValueSpecification\",\"valueRequired\":true,\"valueName\":\"search_term_string\"}}],\"inLanguage\":\"es\"},{\"@type\":\"Organization\",\"@id\":\"https:\/\/infoecos.com.ar\/#organization\",\"name\":\"Infoecos\",\"alternateName\":\"Noticias\",\"url\":\"https:\/\/infoecos.com.ar\/\",\"logo\":{\"@type\":\"ImageObject\",\"inLanguage\":\"es\",\"@id\":\"https:\/\/infoecos.com.ar\/#\/schema\/logo\/image\/\",\"url\":\"https:\/\/infoecos.com.ar\/wp-content\/uploads\/2024\/03\/cropped-logo.png\",\"contentUrl\":\"https:\/\/infoecos.com.ar\/wp-content\/uploads\/2024\/03\/cropped-logo.png\",\"width\":374,\"height\":90,\"caption\":\"Infoecos\"},\"image\":{\"@id\":\"https:\/\/infoecos.com.ar\/#\/schema\/logo\/image\/\"},\"sameAs\":[\"https:\/\/www.facebook.com\/profile.php?id=100063200290284\",\"https:\/\/x.com\/infoecos\"]},{\"@type\":\"Person\",\"@id\":\"https:\/\/infoecos.com.ar\/#\/schema\/person\/8f5ace5ce73b4b4aac4b7245aee6f191\",\"name\":\"Jorge Matheus\",\"url\":\"https:\/\/infoecos.com.ar\/index.php\/author\/jomatheus\/\"}]}<\/script>\n<!-- \/ Yoast SEO plugin. -->","yoast_head_json":{"title":"Un vecino de Am\u00e9rica le cort\u00f3 tres dedos a qui\u00e9n hab\u00eda entrado a su casa con intenciones de robar - Infoecos","robots":{"index":"index","follow":"follow","max-snippet":"max-snippet:-1","max-image-preview":"max-image-preview:large","max-video-preview":"max-video-preview:-1"},"canonical":"https:\/\/infoecos.com.ar\/index.php\/un-vecino-de-america-le-corto-tres-dedos-a-quien-habia-entrado-a-su-casa-con-intenciones-de-robar\/","og_locale":"es_ES","og_type":"article","og_title":"Un vecino de Am\u00e9rica le cort\u00f3 tres dedos a qui\u00e9n hab\u00eda entrado a su casa con intenciones de robar - Infoecos","og_description":"En el hecho interviene la Fiscal\u00eda N\u00b0 6 a cargo del Dr. Fabio Arcomano con las instrucciones a trav\u00e9s de la Ayudant\u00eda Fiscal de Rivadavia, por tentativa de robo","og_url":"https:\/\/infoecos.com.ar\/index.php\/un-vecino-de-america-le-corto-tres-dedos-a-quien-habia-entrado-a-su-casa-con-intenciones-de-robar\/","og_site_name":"Infoecos","article_publisher":"https:\/\/www.facebook.com\/profile.php?id=100063200290284","article_published_time":"2023-11-26T02:24:53+00:00","article_modified_time":"2023-11-29T02:49:51+00:00","og_image":[{"width":640,"height":360,"url":"https:\/\/infoecos.com.ar\/wp-content\/uploads\/2023\/11\/image-108.png","type":"image\/png"}],"author":"Jorge Matheus","twitter_card":"summary_large_image","twitter_creator":"@infoecos","twitter_site":"@infoecos","twitter_misc":{"Escrito por":"Jorge Matheus","Tiempo de lectura":"2 minutos"},"schema":{"@context":"https:\/\/schema.org","@graph":[{"@type":"Article","@id":"https:\/\/infoecos.com.ar\/index.php\/un-vecino-de-america-le-corto-tres-dedos-a-quien-habia-entrado-a-su-casa-con-intenciones-de-robar\/#article","isPartOf":{"@id":"https:\/\/infoecos.com.ar\/index.php\/un-vecino-de-america-le-corto-tres-dedos-a-quien-habia-entrado-a-su-casa-con-intenciones-de-robar\/"},"author":{"name":"Jorge Matheus","@id":"https:\/\/infoecos.com.ar\/#\/schema\/person\/8f5ace5ce73b4b4aac4b7245aee6f191"},"headline":"Un vecino de Am\u00e9rica le cort\u00f3 tres dedos a qui\u00e9n hab\u00eda entrado a su casa con intenciones de robar","datePublished":"2023-11-26T02:24:53+00:00","dateModified":"2023-11-29T02:49:51+00:00","mainEntityOfPage":{"@id":"https:\/\/infoecos.com.ar\/index.php\/un-vecino-de-america-le-corto-tres-dedos-a-quien-habia-entrado-a-su-casa-con-intenciones-de-robar\/"},"wordCount":336,"publisher":{"@id":"https:\/\/infoecos.com.ar\/#organization"},"image":{"@id":"https:\/\/infoecos.com.ar\/index.php\/un-vecino-de-america-le-corto-tres-dedos-a-quien-habia-entrado-a-su-casa-con-intenciones-de-robar\/#primaryimage"},"thumbnailUrl":"https:\/\/infoecos.com.ar\/wp-content\/uploads\/2023\/11\/image-108.png","keywords":["fue el d\u00eda de las elecciones"],"articleSection":["Bloque inferior - 2"],"inLanguage":"es"},{"@type":"WebPage","@id":"https:\/\/infoecos.com.ar\/index.php\/un-vecino-de-america-le-corto-tres-dedos-a-quien-habia-entrado-a-su-casa-con-intenciones-de-robar\/","url":"https:\/\/infoecos.com.ar\/index.php\/un-vecino-de-america-le-corto-tres-dedos-a-quien-habia-entrado-a-su-casa-con-intenciones-de-robar\/","name":"Un vecino de Am\u00e9rica le cort\u00f3 tres dedos a qui\u00e9n hab\u00eda entrado a su casa con intenciones de robar - Infoecos","isPartOf":{"@id":"https:\/\/infoecos.com.ar\/#website"},"primaryImageOfPage":{"@id":"https:\/\/infoecos.com.ar\/index.php\/un-vecino-de-america-le-corto-tres-dedos-a-quien-habia-entrado-a-su-casa-con-intenciones-de-robar\/#primaryimage"},"image":{"@id":"https:\/\/infoecos.com.ar\/index.php\/un-vecino-de-america-le-corto-tres-dedos-a-quien-habia-entrado-a-su-casa-con-intenciones-de-robar\/#primaryimage"},"thumbnailUrl":"https:\/\/infoecos.com.ar\/wp-content\/uploads\/2023\/11\/image-108.png","datePublished":"2023-11-26T02:24:53+00:00","dateModified":"2023-11-29T02:49:51+00:00","breadcrumb":{"@id":"https:\/\/infoecos.com.ar\/index.php\/un-vecino-de-america-le-corto-tres-dedos-a-quien-habia-entrado-a-su-casa-con-intenciones-de-robar\/#breadcrumb"},"inLanguage":"es","potentialAction":[{"@type":"ReadAction","target":["https:\/\/infoecos.com.ar\/index.php\/un-vecino-de-america-le-corto-tres-dedos-a-quien-habia-entrado-a-su-casa-con-intenciones-de-robar\/"]}]},{"@type":"ImageObject","inLanguage":"es","@id":"https:\/\/infoecos.com.ar\/index.php\/un-vecino-de-america-le-corto-tres-dedos-a-quien-habia-entrado-a-su-casa-con-intenciones-de-robar\/#primaryimage","url":"https:\/\/infoecos.com.ar\/wp-content\/uploads\/2023\/11\/image-108.png","contentUrl":"https:\/\/infoecos.com.ar\/wp-content\/uploads\/2023\/11\/image-108.png","width":640,"height":360},{"@type":"BreadcrumbList","@id":"https:\/\/infoecos.com.ar\/index.php\/un-vecino-de-america-le-corto-tres-dedos-a-quien-habia-entrado-a-su-casa-con-intenciones-de-robar\/#breadcrumb","itemListElement":[{"@type":"ListItem","position":1,"name":"Portada","item":"https:\/\/infoecos.com.ar\/"},{"@type":"ListItem","position":2,"name":"Un vecino de Am\u00e9rica le cort\u00f3 tres dedos a qui\u00e9n hab\u00eda entrado a su casa con intenciones de robar"}]},{"@type":"WebSite","@id":"https:\/\/infoecos.com.ar\/#website","url":"https:\/\/infoecos.com.ar\/","name":"Infoecos","description":"Noticias de trenque lauquen y la zona","publisher":{"@id":"https:\/\/infoecos.com.ar\/#organization"},"alternateName":"Noticias","potentialAction":[{"@type":"SearchAction","target":{"@type":"EntryPoint","urlTemplate":"https:\/\/infoecos.com.ar\/?s={search_term_string}"},"query-input":{"@type":"PropertyValueSpecification","valueRequired":true,"valueName":"search_term_string"}}],"inLanguage":"es"},{"@type":"Organization","@id":"https:\/\/infoecos.com.ar\/#organization","name":"Infoecos","alternateName":"Noticias","url":"https:\/\/infoecos.com.ar\/","logo":{"@type":"ImageObject","inLanguage":"es","@id":"https:\/\/infoecos.com.ar\/#\/schema\/logo\/image\/","url":"https:\/\/infoecos.com.ar\/wp-content\/uploads\/2024\/03\/cropped-logo.png","contentUrl":"https:\/\/infoecos.com.ar\/wp-content\/uploads\/2024\/03\/cropped-logo.png","width":374,"height":90,"caption":"Infoecos"},"image":{"@id":"https:\/\/infoecos.com.ar\/#\/schema\/logo\/image\/"},"sameAs":["https:\/\/www.facebook.com\/profile.php?id=100063200290284","https:\/\/x.com\/infoecos"]},{"@type":"Person","@id":"https:\/\/infoecos.com.ar\/#\/schema\/person\/8f5ace5ce73b4b4aac4b7245aee6f191","name":"Jorge Matheus","url":"https:\/\/infoecos.com.ar\/index.php\/author\/jomatheus\/"}]}},"featured_image_urls":{"full":["https:\/\/infoecos.com.ar\/wp-content\/uploads\/2023\/11\/image-108.png",640,360,false],"thumbnail":["https:\/\/infoecos.com.ar\/wp-content\/uploads\/2023\/11\/image-108-300x150.png",300,150,true],"medium":["https:\/\/infoecos.com.ar\/wp-content\/uploads\/2023\/11\/image-108.png",640,360,false],"medium_large":["https:\/\/infoecos.com.ar\/wp-content\/uploads\/2023\/11\/image-108.png",640,360,false],"large":["https:\/\/infoecos.com.ar\/wp-content\/uploads\/2023\/11\/image-108.png",640,360,false],"1536x1536":["https:\/\/infoecos.com.ar\/wp-content\/uploads\/2023\/11\/image-108.png",640,360,false],"2048x2048":["https:\/\/infoecos.com.ar\/wp-content\/uploads\/2023\/11\/image-108.png",640,360,false],"covernews-slider-full":["https:\/\/infoecos.com.ar\/wp-content\/uploads\/2023\/11\/image-108.png",640,360,false],"covernews-slider-center":["https:\/\/infoecos.com.ar\/wp-content\/uploads\/2023\/11\/image-108.png",640,360,false],"covernews-featured":["https:\/\/infoecos.com.ar\/wp-content\/uploads\/2023\/11\/image-108.png",640,360,false],"covernews-medium":["https:\/\/infoecos.com.ar\/wp-content\/uploads\/2023\/11\/image-108.png",540,304,false],"covernews-medium-square":["https:\/\/infoecos.com.ar\/wp-content\/uploads\/2023\/11\/image-108.png",400,225,false]},"author_info":{"info":["Jorge Matheus"]},"category_info":"<a href=\"https:\/\/infoecos.com.ar\/index.php\/category\/inferior2\/\" rel=\"category tag\">Bloque inferior - 2<\/a>","tag_info":"Bloque inferior - 2","comment_count":"0","_links":{"self":[{"href":"https:\/\/infoecos.com.ar\/index.php\/wp-json\/wp\/v2\/posts\/115290"}],"collection":[{"href":"https:\/\/infoecos.com.ar\/index.php\/wp-json\/wp\/v2\/posts"}],"about":[{"href":"https:\/\/infoecos.com.ar\/index.php\/wp-json\/wp\/v2\/types\/post"}],"author":[{"embeddable":true,"href":"https:\/\/infoecos.com.ar\/index.php\/wp-json\/wp\/v2\/users\/2"}],"replies":[{"embeddable":true,"href":"https:\/\/infoecos.com.ar\/index.php\/wp-json\/wp\/v2\/comments?post=115290"}],"version-history":[{"count":1,"href":"https:\/\/infoecos.com.ar\/index.php\/wp-json\/wp\/v2\/posts\/115290\/revisions"}],"predecessor-version":[{"id":115292,"href":"https:\/\/infoecos.com.ar\/index.php\/wp-json\/wp\/v2\/posts\/115290\/revisions\/115292"}],"wp:featuredmedia":[{"embeddable":true,"href":"https:\/\/infoecos.com.ar\/index.php\/wp-json\/wp\/v2\/media\/115291"}],"wp:attachment":[{"href":"https:\/\/infoecos.com.ar\/index.php\/wp-json\/wp\/v2\/media?parent=115290"}],"wp:term":[{"taxonomy":"category","embeddable":true,"href":"https:\/\/infoecos.com.ar\/index.php\/wp-json\/wp\/v2\/categories?post=115290"},{"taxonomy":"post_tag","embeddable":true,"href":"https:\/\/infoecos.com.ar\/index.php\/wp-json\/wp\/v2\/tags?post=115290"}],"curies":[{"name":"wp","href":"https:\/\/api.w.org\/{rel}","templated":true}]}}