{"id":115304,"date":"2023-11-26T11:14:05","date_gmt":"2023-11-26T14:14:05","guid":{"rendered":"https:\/\/infoecos.com.ar\/?p=115304"},"modified":"2023-11-30T14:18:01","modified_gmt":"2023-11-30T17:18:01","slug":"segunda-parte-de-una-idea-excelente-para-visibilizar-el-arte-de-escribir","status":"publish","type":"post","link":"https:\/\/infoecos.com.ar\/index.php\/segunda-parte-de-una-idea-excelente-para-visibilizar-el-arte-de-escribir\/","title":{"rendered":"Segunda parte de una idea excelente para visibilizar el arte de escribir"},"content":{"rendered":"\n<p>Tuvo lugar ayer la segunda jornada del evento denominado <strong>\u201c100+ Primeros Escritores Trenquelauquenses\u201d<\/strong> -la primera se realiz\u00f3 en el mes de julio- cuya finalidad es homenajear al m\u00e1s de un centenar de autores locales que han publicado sus escritos, ya sea en obras individuales, poemarios y\/o antolog\u00edas, como complemento al programa Cultura Deliberante implementado en 2020 que busca difundir y promover el trabajo de nuestros artistas.<\/p>\n\n\n\n<figure class=\"wp-block-gallery has-nested-images columns-default is-cropped wp-block-gallery-1 is-layout-flex wp-block-gallery-is-layout-flex\">\n<figure class=\"wp-block-image size-large\"><img loading=\"lazy\" decoding=\"async\" width=\"1192\" height=\"894\" data-id=\"115306\" src=\"https:\/\/infoecos.com.ar\/wp-content\/uploads\/2023\/11\/escritoreconcejo.jpg\" alt=\"\" class=\"wp-image-115306\" srcset=\"https:\/\/infoecos.com.ar\/wp-content\/uploads\/2023\/11\/escritoreconcejo.jpg 1192w, https:\/\/infoecos.com.ar\/wp-content\/uploads\/2023\/11\/escritoreconcejo-800x600.jpg 800w, https:\/\/infoecos.com.ar\/wp-content\/uploads\/2023\/11\/escritoreconcejo-768x576.jpg 768w, https:\/\/infoecos.com.ar\/wp-content\/uploads\/2023\/11\/escritoreconcejo-1024x768.jpg 1024w\" sizes=\"(max-width: 1192px) 100vw, 1192px\" \/><\/figure>\n\n\n\n<figure class=\"wp-block-image size-large\"><img loading=\"lazy\" decoding=\"async\" width=\"1192\" height=\"894\" data-id=\"115305\" src=\"https:\/\/infoecos.com.ar\/wp-content\/uploads\/2023\/11\/escritoresconcejo1.jpg\" alt=\"\" class=\"wp-image-115305\" srcset=\"https:\/\/infoecos.com.ar\/wp-content\/uploads\/2023\/11\/escritoresconcejo1.jpg 1192w, https:\/\/infoecos.com.ar\/wp-content\/uploads\/2023\/11\/escritoresconcejo1-800x600.jpg 800w, https:\/\/infoecos.com.ar\/wp-content\/uploads\/2023\/11\/escritoresconcejo1-768x576.jpg 768w, https:\/\/infoecos.com.ar\/wp-content\/uploads\/2023\/11\/escritoresconcejo1-1024x768.jpg 1024w\" sizes=\"(max-width: 1192px) 100vw, 1192px\" \/><\/figure>\n\n\n\n<figure class=\"wp-block-image size-large\"><img loading=\"lazy\" decoding=\"async\" width=\"1192\" height=\"894\" data-id=\"115308\" src=\"https:\/\/infoecos.com.ar\/wp-content\/uploads\/2023\/11\/escritoresconcejo2.jpg\" alt=\"\" class=\"wp-image-115308\" srcset=\"https:\/\/infoecos.com.ar\/wp-content\/uploads\/2023\/11\/escritoresconcejo2.jpg 1192w, https:\/\/infoecos.com.ar\/wp-content\/uploads\/2023\/11\/escritoresconcejo2-800x600.jpg 800w, https:\/\/infoecos.com.ar\/wp-content\/uploads\/2023\/11\/escritoresconcejo2-768x576.jpg 768w, https:\/\/infoecos.com.ar\/wp-content\/uploads\/2023\/11\/escritoresconcejo2-1024x768.jpg 1024w\" sizes=\"(max-width: 1192px) 100vw, 1192px\" \/><\/figure>\n\n\n\n<figure class=\"wp-block-image size-large\"><img loading=\"lazy\" decoding=\"async\" width=\"1192\" height=\"894\" data-id=\"115307\" src=\"https:\/\/infoecos.com.ar\/wp-content\/uploads\/2023\/11\/escritoresconcejo3.jpg\" alt=\"\" class=\"wp-image-115307\" srcset=\"https:\/\/infoecos.com.ar\/wp-content\/uploads\/2023\/11\/escritoresconcejo3.jpg 1192w, https:\/\/infoecos.com.ar\/wp-content\/uploads\/2023\/11\/escritoresconcejo3-800x600.jpg 800w, https:\/\/infoecos.com.ar\/wp-content\/uploads\/2023\/11\/escritoresconcejo3-768x576.jpg 768w, https:\/\/infoecos.com.ar\/wp-content\/uploads\/2023\/11\/escritoresconcejo3-1024x768.jpg 1024w\" sizes=\"(max-width: 1192px) 100vw, 1192px\" \/><\/figure>\n<\/figure>\n\n\n\n<p>La ceremonia, organizada conjuntamente por el Concejo Deliberante y la Biblioteca P\u00fablica Rivadavia en conmemoraci\u00f3n por su 120\u00b0 aniversario, se llev\u00f3 a cabo desde las 19.30 horas de ayer a sala llena, y cont\u00f3 con la participaci\u00f3n del presidente del HCD, Alberto Rodr\u00edguez Mera; concejales en funciones y concejales electos en los comicios de octubre pasado; funcionarios municipales y autoridades de la Biblioteca; escritores, familiares, y vecinos en general.<\/p>\n\n\n\n<p>El acto comenz\u00f3 con unas palabras de bienvenida de la vicepresidente del HCD, concejal Andrea Cacciabue, y una reflexi\u00f3n de Francisco \u201cPancho\u201d Rossi sobre el valor de los libros y su lectura.<\/p>\n\n\n\n<figure class=\"wp-block-gallery has-nested-images columns-default is-cropped wp-block-gallery-2 is-layout-flex wp-block-gallery-is-layout-flex\">\n<figure class=\"wp-block-image size-large\"><img loading=\"lazy\" decoding=\"async\" width=\"1192\" height=\"894\" data-id=\"115310\" src=\"https:\/\/infoecos.com.ar\/wp-content\/uploads\/2023\/11\/escritoresconcejo4.jpg\" alt=\"\" class=\"wp-image-115310\" srcset=\"https:\/\/infoecos.com.ar\/wp-content\/uploads\/2023\/11\/escritoresconcejo4.jpg 1192w, https:\/\/infoecos.com.ar\/wp-content\/uploads\/2023\/11\/escritoresconcejo4-800x600.jpg 800w, https:\/\/infoecos.com.ar\/wp-content\/uploads\/2023\/11\/escritoresconcejo4-768x576.jpg 768w, https:\/\/infoecos.com.ar\/wp-content\/uploads\/2023\/11\/escritoresconcejo4-1024x768.jpg 1024w\" sizes=\"(max-width: 1192px) 100vw, 1192px\" \/><\/figure>\n\n\n\n<figure class=\"wp-block-image size-large\"><img loading=\"lazy\" decoding=\"async\" width=\"1192\" height=\"894\" data-id=\"115312\" src=\"https:\/\/infoecos.com.ar\/wp-content\/uploads\/2023\/11\/escritoresconcejo5.jpg\" alt=\"\" class=\"wp-image-115312\" srcset=\"https:\/\/infoecos.com.ar\/wp-content\/uploads\/2023\/11\/escritoresconcejo5.jpg 1192w, https:\/\/infoecos.com.ar\/wp-content\/uploads\/2023\/11\/escritoresconcejo5-800x600.jpg 800w, https:\/\/infoecos.com.ar\/wp-content\/uploads\/2023\/11\/escritoresconcejo5-768x576.jpg 768w, https:\/\/infoecos.com.ar\/wp-content\/uploads\/2023\/11\/escritoresconcejo5-1024x768.jpg 1024w\" sizes=\"(max-width: 1192px) 100vw, 1192px\" \/><\/figure>\n\n\n\n<figure class=\"wp-block-image size-large\"><img loading=\"lazy\" decoding=\"async\" width=\"1192\" height=\"894\" data-id=\"115309\" src=\"https:\/\/infoecos.com.ar\/wp-content\/uploads\/2023\/11\/escritoresconcejo6.jpg\" alt=\"\" class=\"wp-image-115309\" srcset=\"https:\/\/infoecos.com.ar\/wp-content\/uploads\/2023\/11\/escritoresconcejo6.jpg 1192w, https:\/\/infoecos.com.ar\/wp-content\/uploads\/2023\/11\/escritoresconcejo6-800x600.jpg 800w, https:\/\/infoecos.com.ar\/wp-content\/uploads\/2023\/11\/escritoresconcejo6-768x576.jpg 768w, https:\/\/infoecos.com.ar\/wp-content\/uploads\/2023\/11\/escritoresconcejo6-1024x768.jpg 1024w\" sizes=\"(max-width: 1192px) 100vw, 1192px\" \/><\/figure>\n\n\n\n<figure class=\"wp-block-image size-large\"><img loading=\"lazy\" decoding=\"async\" width=\"1192\" height=\"894\" data-id=\"115311\" src=\"https:\/\/infoecos.com.ar\/wp-content\/uploads\/2023\/11\/escritoresconcejo7.jpg\" alt=\"\" class=\"wp-image-115311\" srcset=\"https:\/\/infoecos.com.ar\/wp-content\/uploads\/2023\/11\/escritoresconcejo7.jpg 1192w, https:\/\/infoecos.com.ar\/wp-content\/uploads\/2023\/11\/escritoresconcejo7-800x600.jpg 800w, https:\/\/infoecos.com.ar\/wp-content\/uploads\/2023\/11\/escritoresconcejo7-768x576.jpg 768w, https:\/\/infoecos.com.ar\/wp-content\/uploads\/2023\/11\/escritoresconcejo7-1024x768.jpg 1024w\" sizes=\"(max-width: 1192px) 100vw, 1192px\" \/><\/figure>\n<\/figure>\n\n\n\n<p>Como en la primera cita, el acto cont\u00f3 con la m\u00fasica de Dolores Riveiro y Maximiliano Perazzo, interpretando \u201cPosade\u00f1a linda\u201d (de Ram\u00f3n Ayala), \u201cPiel canela\u201d (de Bobby Capp\u00f3) y \u201cR\u00edo de la Plata\u201d (canci\u00f3n de la propia Dolores Riveiro).<\/p>\n\n\n\n<p>En esta segunda jornada de distinciones, el Concejo Deliberante reconoci\u00f3 ayer las obras de los siguientes 40 autores locales:<\/p>\n\n\n\n<ul class=\"wp-block-list\">\n<li>Alicia Achaerandio: Fue miembro del Centro de Escritores Domingo Cicoria, narradora y poetisa, particip\u00f3 en varios de los Poemarios Trenquelauquenses. En 2013 public\u00f3 un libro de relatos titulado Ronda.<\/li>\n\n\n\n<li>Pedro B. Palacios, \u201cAlmafuerte\u201d: Fue maestro, poeta y periodista. La historia de Almafuerte se encuentra imbricada con la de nuestra ciudad, donde fue maestro y faro de una generaci\u00f3n de ni\u00f1os que luego ser\u00edan hombres p\u00fablicos, docentes e intelectuales. Existen varias antolog\u00edas de su obra po\u00e9tica: Lamentaciones (1906), Siete sonetos medicinales (1907), Evang\u00e9licas (1915), Poes\u00edas (1916), Poes\u00edas Completas (1917), Nuevas Poes\u00edas (1918), Milongas cl\u00e1sicas, sonetos medicinales y Dios te salve. Discursos (1919), El misionero (1911). Pocos meses despu\u00e9s de su muerte, en 1917, el Concejo Deliberante puso su nombre a la calle Progreso.<\/li>\n\n\n\n<li>Juan Jos\u00e9 A\u00f1ino: Fue un reconocido m\u00e9dico pediatra y part\u00edcipe de valiosas acciones comunitarias, como la creaci\u00f3n del Centro Polivalente de Arte. En 1997, public\u00f3 el libro \u201cParticipaci\u00f3n, crecimiento e integraci\u00f3n comunitaria\u201d.<\/li>\n<\/ul>\n\n\n\n<figure class=\"wp-block-gallery has-nested-images columns-default is-cropped wp-block-gallery-3 is-layout-flex wp-block-gallery-is-layout-flex\">\n<figure class=\"wp-block-image size-large\"><img loading=\"lazy\" decoding=\"async\" width=\"1192\" height=\"894\" data-id=\"115313\" src=\"https:\/\/infoecos.com.ar\/wp-content\/uploads\/2023\/11\/SAM_8899.jpg\" alt=\"\" class=\"wp-image-115313\" srcset=\"https:\/\/infoecos.com.ar\/wp-content\/uploads\/2023\/11\/SAM_8899.jpg 1192w, https:\/\/infoecos.com.ar\/wp-content\/uploads\/2023\/11\/SAM_8899-800x600.jpg 800w, https:\/\/infoecos.com.ar\/wp-content\/uploads\/2023\/11\/SAM_8899-768x576.jpg 768w, https:\/\/infoecos.com.ar\/wp-content\/uploads\/2023\/11\/SAM_8899-1024x768.jpg 1024w\" sizes=\"(max-width: 1192px) 100vw, 1192px\" \/><\/figure>\n\n\n\n<figure class=\"wp-block-image size-large\"><img loading=\"lazy\" decoding=\"async\" width=\"1192\" height=\"894\" data-id=\"115316\" src=\"https:\/\/infoecos.com.ar\/wp-content\/uploads\/2023\/11\/SAM_8901.jpg\" alt=\"\" class=\"wp-image-115316\" srcset=\"https:\/\/infoecos.com.ar\/wp-content\/uploads\/2023\/11\/SAM_8901.jpg 1192w, https:\/\/infoecos.com.ar\/wp-content\/uploads\/2023\/11\/SAM_8901-800x600.jpg 800w, https:\/\/infoecos.com.ar\/wp-content\/uploads\/2023\/11\/SAM_8901-768x576.jpg 768w, https:\/\/infoecos.com.ar\/wp-content\/uploads\/2023\/11\/SAM_8901-1024x768.jpg 1024w\" sizes=\"(max-width: 1192px) 100vw, 1192px\" \/><\/figure>\n\n\n\n<figure class=\"wp-block-image size-large\"><img loading=\"lazy\" decoding=\"async\" width=\"1192\" height=\"894\" data-id=\"115317\" src=\"https:\/\/infoecos.com.ar\/wp-content\/uploads\/2023\/11\/SAM_8904.jpg\" alt=\"\" class=\"wp-image-115317\" srcset=\"https:\/\/infoecos.com.ar\/wp-content\/uploads\/2023\/11\/SAM_8904.jpg 1192w, https:\/\/infoecos.com.ar\/wp-content\/uploads\/2023\/11\/SAM_8904-800x600.jpg 800w, https:\/\/infoecos.com.ar\/wp-content\/uploads\/2023\/11\/SAM_8904-768x576.jpg 768w, https:\/\/infoecos.com.ar\/wp-content\/uploads\/2023\/11\/SAM_8904-1024x768.jpg 1024w\" sizes=\"(max-width: 1192px) 100vw, 1192px\" \/><\/figure>\n\n\n\n<figure class=\"wp-block-image size-large\"><img loading=\"lazy\" decoding=\"async\" width=\"1192\" height=\"894\" data-id=\"115315\" src=\"https:\/\/infoecos.com.ar\/wp-content\/uploads\/2023\/11\/SAM_8905.jpg\" alt=\"\" class=\"wp-image-115315\" srcset=\"https:\/\/infoecos.com.ar\/wp-content\/uploads\/2023\/11\/SAM_8905.jpg 1192w, https:\/\/infoecos.com.ar\/wp-content\/uploads\/2023\/11\/SAM_8905-800x600.jpg 800w, https:\/\/infoecos.com.ar\/wp-content\/uploads\/2023\/11\/SAM_8905-768x576.jpg 768w, https:\/\/infoecos.com.ar\/wp-content\/uploads\/2023\/11\/SAM_8905-1024x768.jpg 1024w\" sizes=\"(max-width: 1192px) 100vw, 1192px\" \/><\/figure>\n\n\n\n<figure class=\"wp-block-image size-large\"><img loading=\"lazy\" decoding=\"async\" width=\"1192\" height=\"894\" data-id=\"115314\" src=\"https:\/\/infoecos.com.ar\/wp-content\/uploads\/2023\/11\/SAM_8907-1.jpg\" alt=\"\" class=\"wp-image-115314\" srcset=\"https:\/\/infoecos.com.ar\/wp-content\/uploads\/2023\/11\/SAM_8907-1.jpg 1192w, https:\/\/infoecos.com.ar\/wp-content\/uploads\/2023\/11\/SAM_8907-1-800x600.jpg 800w, https:\/\/infoecos.com.ar\/wp-content\/uploads\/2023\/11\/SAM_8907-1-768x576.jpg 768w, https:\/\/infoecos.com.ar\/wp-content\/uploads\/2023\/11\/SAM_8907-1-1024x768.jpg 1024w\" sizes=\"(max-width: 1192px) 100vw, 1192px\" \/><\/figure>\n<\/figure>\n\n\n\n<ul class=\"wp-block-list\">\n<li>Juan Pablo A\u00f1ino: Este poeta y narrador public\u00f3 \u201cFragmentos de un todo inconcluso\u201d (1993), \u201cRastros de una cronolog\u00eda dispersa\u201d (1998), \u201cMuta el cristal\u201d (2001 a 2003), \u201cBabel\u2026 poemas rescatados del olvido\u201d (2015), \u201cPoemas de antes de ayer\u201d (2017), y la novela \u201cCorrespondencia del idiota\u201d (2022).<\/li>\n\n\n\n<li>Juan Carlos Artigas: Autor de los libros \u00abEntre pueblo y campo\u00bb (2005), \u00abEl caballo y sus aportes\u00bb (2007) e \u201cInicios de la Justicia Laboral\u201d (2016), estos dos \u00faltimos en prosa con historia nacional y regional. Sus poes\u00edas se encuentran publicadas en los Poemarios Trenquelauquenches, en algunas antolog\u00edas y en revistas de alcance nacional.<\/li>\n\n\n\n<li>Jorge \u201cAlem\u00e1n\u201d Azpiroz: Su primer libro editado se llam\u00f3 \u201cBailando sobre la espuma\u201d, una selecci\u00f3n de poemas y cuentos. En breve publicar\u00e1 dos libros de cuentos, relatos y poes\u00edas, y tambi\u00e9n est\u00e1n en los \u00faltimos tramos de correcci\u00f3n una selecci\u00f3n de sus relatos en el diario La Opini\u00f3n llamado \u201cNotas ignotas\u201d.<br>Su poes\u00eda es parte imprescindible de Aleman Grup, una banda con m\u00e1s de 40 a\u00f1os de trayectoria en el pa\u00eds. Suma tambi\u00e9n publicaciones en varias antolog\u00edas y ha sido premiado en diversos concursos provinciales y nacionales.<\/li>\n<\/ul>\n\n\n\n<figure class=\"wp-block-gallery has-nested-images columns-default is-cropped wp-block-gallery-4 is-layout-flex wp-block-gallery-is-layout-flex\">\n<figure class=\"wp-block-image size-large\"><img loading=\"lazy\" decoding=\"async\" width=\"1192\" height=\"894\" data-id=\"115321\" src=\"https:\/\/infoecos.com.ar\/wp-content\/uploads\/2023\/11\/SAM_8910.jpg\" alt=\"\" class=\"wp-image-115321\" srcset=\"https:\/\/infoecos.com.ar\/wp-content\/uploads\/2023\/11\/SAM_8910.jpg 1192w, https:\/\/infoecos.com.ar\/wp-content\/uploads\/2023\/11\/SAM_8910-800x600.jpg 800w, https:\/\/infoecos.com.ar\/wp-content\/uploads\/2023\/11\/SAM_8910-768x576.jpg 768w, https:\/\/infoecos.com.ar\/wp-content\/uploads\/2023\/11\/SAM_8910-1024x768.jpg 1024w\" sizes=\"(max-width: 1192px) 100vw, 1192px\" \/><\/figure>\n\n\n\n<figure class=\"wp-block-image size-large\"><img loading=\"lazy\" decoding=\"async\" width=\"1192\" height=\"894\" data-id=\"115318\" src=\"https:\/\/infoecos.com.ar\/wp-content\/uploads\/2023\/11\/SAM_8911.jpg\" alt=\"\" class=\"wp-image-115318\" srcset=\"https:\/\/infoecos.com.ar\/wp-content\/uploads\/2023\/11\/SAM_8911.jpg 1192w, https:\/\/infoecos.com.ar\/wp-content\/uploads\/2023\/11\/SAM_8911-800x600.jpg 800w, https:\/\/infoecos.com.ar\/wp-content\/uploads\/2023\/11\/SAM_8911-768x576.jpg 768w, https:\/\/infoecos.com.ar\/wp-content\/uploads\/2023\/11\/SAM_8911-1024x768.jpg 1024w\" sizes=\"(max-width: 1192px) 100vw, 1192px\" \/><\/figure>\n\n\n\n<figure class=\"wp-block-image size-large\"><img loading=\"lazy\" decoding=\"async\" width=\"1192\" height=\"894\" data-id=\"115320\" src=\"https:\/\/infoecos.com.ar\/wp-content\/uploads\/2023\/11\/SAM_8913.jpg\" alt=\"\" class=\"wp-image-115320\" srcset=\"https:\/\/infoecos.com.ar\/wp-content\/uploads\/2023\/11\/SAM_8913.jpg 1192w, https:\/\/infoecos.com.ar\/wp-content\/uploads\/2023\/11\/SAM_8913-800x600.jpg 800w, https:\/\/infoecos.com.ar\/wp-content\/uploads\/2023\/11\/SAM_8913-768x576.jpg 768w, https:\/\/infoecos.com.ar\/wp-content\/uploads\/2023\/11\/SAM_8913-1024x768.jpg 1024w\" sizes=\"(max-width: 1192px) 100vw, 1192px\" \/><\/figure>\n\n\n\n<figure class=\"wp-block-image size-large\"><img loading=\"lazy\" decoding=\"async\" width=\"1192\" height=\"894\" data-id=\"115322\" src=\"https:\/\/infoecos.com.ar\/wp-content\/uploads\/2023\/11\/SAM_8916.jpg\" alt=\"\" class=\"wp-image-115322\" srcset=\"https:\/\/infoecos.com.ar\/wp-content\/uploads\/2023\/11\/SAM_8916.jpg 1192w, https:\/\/infoecos.com.ar\/wp-content\/uploads\/2023\/11\/SAM_8916-800x600.jpg 800w, https:\/\/infoecos.com.ar\/wp-content\/uploads\/2023\/11\/SAM_8916-768x576.jpg 768w, https:\/\/infoecos.com.ar\/wp-content\/uploads\/2023\/11\/SAM_8916-1024x768.jpg 1024w\" sizes=\"(max-width: 1192px) 100vw, 1192px\" \/><\/figure>\n\n\n\n<figure class=\"wp-block-image size-large\"><img loading=\"lazy\" decoding=\"async\" width=\"1192\" height=\"894\" data-id=\"115319\" src=\"https:\/\/infoecos.com.ar\/wp-content\/uploads\/2023\/11\/SAM_8919.jpg\" alt=\"\" class=\"wp-image-115319\" srcset=\"https:\/\/infoecos.com.ar\/wp-content\/uploads\/2023\/11\/SAM_8919.jpg 1192w, https:\/\/infoecos.com.ar\/wp-content\/uploads\/2023\/11\/SAM_8919-800x600.jpg 800w, https:\/\/infoecos.com.ar\/wp-content\/uploads\/2023\/11\/SAM_8919-768x576.jpg 768w, https:\/\/infoecos.com.ar\/wp-content\/uploads\/2023\/11\/SAM_8919-1024x768.jpg 1024w\" sizes=\"(max-width: 1192px) 100vw, 1192px\" \/><\/figure>\n<\/figure>\n\n\n\n<ul class=\"wp-block-list\">\n<li>Tereza Briozzo: Profesora de Lengua y Literatura, Teresa Briozzo ha fundado una escuela sobre la multiconstelaci\u00f3n y publicado dos libros: \u201cEl pez de oro, Tramas consteladas\u201d (2010), y \u201cEl arte de multiconstelar\u201d (2017).<\/li>\n\n\n\n<li>Germ\u00e1n Cifre: Public\u00f3 las novelas \u00abEl pelo en la Lengua\u00bb (2008) y \u00abLarga demora al sol\u00bb (2020). Tambi\u00e9n escribi\u00f3 un libro de cuentos, titulado \u00abAtentados, proclamaciones, delirios y desverg\u00fcenzas\u00bb, publicado en 2023. Este a\u00f1o, Germ\u00e1n fue el ganador del concurso de relatos breves \u201cLa Biblioteca es puro cuento\u201d organizado por la Biblioteca Rivadavia.<\/li>\n\n\n\n<li>Marta Cohen: Pat\u00f3loga pedi\u00e1trica, jefa del Departamento de Histopatolog\u00eda y Directora Cl\u00ednica de Farmacia, Patolog\u00eda y Gen\u00e9tica en el Hospital de Ni\u00f1os de Sheffield, y profesora honoraria en la Universidad de Sheffield. Fortinera trenquelauquense 2022 y destacada vecina. Escribi\u00f3 en coautor\u00eda \u201cPediatric nephropathology and childhood kidney tumors\u201d. Tambi\u00e9n public\u00f3 la obra \u201cUn mundo en pandemia\u201d (2022). En 2020 fue distinguida con el t\u00edtulo de Oficial de la Orden del Imperio Brit\u00e1nico (OBE).<\/li>\n\n\n\n<li>Jos\u00e9 Mar\u00eda De G\u00e1rate: Fue cart\u00f3grafo, profesor, escritor, cre\u00f3 una academia para estudios secundarios, fue m\u00fasico, agrimensor, historiador y periodista. Escribi\u00f3 \u201cRetazos de historia. De la barbarie a la civilizaci\u00f3n del Gran Oeste Argentino\u201d, \u201cHistoria ind\u00edgena de la Rep\u00fablica Argentina\u201d (1937), \u201cBartolom\u00e9 Mitre. Guerrero \u2013 Organizador \u2013 Pol\u00edtico &#8211; Historiador\u201d, \u201cJulio A. Roca. El Estadista &#8211; El militar &#8211; Su vida &#8211; Sus obras.\u201d y \u201cMonograf\u00eda de Trenque Lauquen. Retazos de Historia\u201d (en 1937). Tambi\u00e9n es autor de varias obras teatrales, como \u201cSe rompi\u00f3 el nido\u201d, \u201cCoraz\u00f3n roto\u201d, \u201cCanci\u00f3n de olvido\u201d, \u201cLa cuadratura del c\u00edrculo\u201d y \u201cLa yerra\u201d.<\/li>\n<\/ul>\n\n\n\n<figure class=\"wp-block-gallery has-nested-images columns-default is-cropped wp-block-gallery-5 is-layout-flex wp-block-gallery-is-layout-flex\">\n<figure class=\"wp-block-image size-large\"><img loading=\"lazy\" decoding=\"async\" width=\"1192\" height=\"894\" data-id=\"115324\" src=\"https:\/\/infoecos.com.ar\/wp-content\/uploads\/2023\/11\/SAM_8921.jpg\" alt=\"\" class=\"wp-image-115324\" srcset=\"https:\/\/infoecos.com.ar\/wp-content\/uploads\/2023\/11\/SAM_8921.jpg 1192w, https:\/\/infoecos.com.ar\/wp-content\/uploads\/2023\/11\/SAM_8921-800x600.jpg 800w, https:\/\/infoecos.com.ar\/wp-content\/uploads\/2023\/11\/SAM_8921-768x576.jpg 768w, https:\/\/infoecos.com.ar\/wp-content\/uploads\/2023\/11\/SAM_8921-1024x768.jpg 1024w\" sizes=\"(max-width: 1192px) 100vw, 1192px\" \/><\/figure>\n\n\n\n<figure class=\"wp-block-image size-large\"><img loading=\"lazy\" decoding=\"async\" width=\"1192\" height=\"894\" data-id=\"115327\" src=\"https:\/\/infoecos.com.ar\/wp-content\/uploads\/2023\/11\/SAM_8923.jpg\" alt=\"\" class=\"wp-image-115327\" srcset=\"https:\/\/infoecos.com.ar\/wp-content\/uploads\/2023\/11\/SAM_8923.jpg 1192w, https:\/\/infoecos.com.ar\/wp-content\/uploads\/2023\/11\/SAM_8923-800x600.jpg 800w, https:\/\/infoecos.com.ar\/wp-content\/uploads\/2023\/11\/SAM_8923-768x576.jpg 768w, https:\/\/infoecos.com.ar\/wp-content\/uploads\/2023\/11\/SAM_8923-1024x768.jpg 1024w\" sizes=\"(max-width: 1192px) 100vw, 1192px\" \/><\/figure>\n\n\n\n<figure class=\"wp-block-image size-large\"><img loading=\"lazy\" decoding=\"async\" width=\"1192\" height=\"894\" data-id=\"115323\" src=\"https:\/\/infoecos.com.ar\/wp-content\/uploads\/2023\/11\/SAM_8925.jpg\" alt=\"\" class=\"wp-image-115323\" srcset=\"https:\/\/infoecos.com.ar\/wp-content\/uploads\/2023\/11\/SAM_8925.jpg 1192w, https:\/\/infoecos.com.ar\/wp-content\/uploads\/2023\/11\/SAM_8925-800x600.jpg 800w, https:\/\/infoecos.com.ar\/wp-content\/uploads\/2023\/11\/SAM_8925-768x576.jpg 768w, https:\/\/infoecos.com.ar\/wp-content\/uploads\/2023\/11\/SAM_8925-1024x768.jpg 1024w\" sizes=\"(max-width: 1192px) 100vw, 1192px\" \/><\/figure>\n\n\n\n<figure class=\"wp-block-image size-large\"><img loading=\"lazy\" decoding=\"async\" width=\"1192\" height=\"894\" data-id=\"115329\" src=\"https:\/\/infoecos.com.ar\/wp-content\/uploads\/2023\/11\/SAM_8926.jpg\" alt=\"\" class=\"wp-image-115329\" srcset=\"https:\/\/infoecos.com.ar\/wp-content\/uploads\/2023\/11\/SAM_8926.jpg 1192w, https:\/\/infoecos.com.ar\/wp-content\/uploads\/2023\/11\/SAM_8926-800x600.jpg 800w, https:\/\/infoecos.com.ar\/wp-content\/uploads\/2023\/11\/SAM_8926-768x576.jpg 768w, https:\/\/infoecos.com.ar\/wp-content\/uploads\/2023\/11\/SAM_8926-1024x768.jpg 1024w\" sizes=\"(max-width: 1192px) 100vw, 1192px\" \/><\/figure>\n\n\n\n<figure class=\"wp-block-image size-large\"><img loading=\"lazy\" decoding=\"async\" width=\"1192\" height=\"894\" data-id=\"115326\" src=\"https:\/\/infoecos.com.ar\/wp-content\/uploads\/2023\/11\/SAM_8930.jpg\" alt=\"\" class=\"wp-image-115326\" srcset=\"https:\/\/infoecos.com.ar\/wp-content\/uploads\/2023\/11\/SAM_8930.jpg 1192w, https:\/\/infoecos.com.ar\/wp-content\/uploads\/2023\/11\/SAM_8930-800x600.jpg 800w, https:\/\/infoecos.com.ar\/wp-content\/uploads\/2023\/11\/SAM_8930-768x576.jpg 768w, https:\/\/infoecos.com.ar\/wp-content\/uploads\/2023\/11\/SAM_8930-1024x768.jpg 1024w\" sizes=\"(max-width: 1192px) 100vw, 1192px\" \/><\/figure>\n\n\n\n<figure class=\"wp-block-image size-large\"><img loading=\"lazy\" decoding=\"async\" width=\"1192\" height=\"894\" data-id=\"115325\" src=\"https:\/\/infoecos.com.ar\/wp-content\/uploads\/2023\/11\/SAM_8931.jpg\" alt=\"\" class=\"wp-image-115325\" srcset=\"https:\/\/infoecos.com.ar\/wp-content\/uploads\/2023\/11\/SAM_8931.jpg 1192w, https:\/\/infoecos.com.ar\/wp-content\/uploads\/2023\/11\/SAM_8931-800x600.jpg 800w, https:\/\/infoecos.com.ar\/wp-content\/uploads\/2023\/11\/SAM_8931-768x576.jpg 768w, https:\/\/infoecos.com.ar\/wp-content\/uploads\/2023\/11\/SAM_8931-1024x768.jpg 1024w\" sizes=\"(max-width: 1192px) 100vw, 1192px\" \/><\/figure>\n\n\n\n<figure class=\"wp-block-image size-large\"><img loading=\"lazy\" decoding=\"async\" width=\"1192\" height=\"894\" data-id=\"115328\" src=\"https:\/\/infoecos.com.ar\/wp-content\/uploads\/2023\/11\/SAM_8935.jpg\" alt=\"\" class=\"wp-image-115328\" srcset=\"https:\/\/infoecos.com.ar\/wp-content\/uploads\/2023\/11\/SAM_8935.jpg 1192w, https:\/\/infoecos.com.ar\/wp-content\/uploads\/2023\/11\/SAM_8935-800x600.jpg 800w, https:\/\/infoecos.com.ar\/wp-content\/uploads\/2023\/11\/SAM_8935-768x576.jpg 768w, https:\/\/infoecos.com.ar\/wp-content\/uploads\/2023\/11\/SAM_8935-1024x768.jpg 1024w\" sizes=\"(max-width: 1192px) 100vw, 1192px\" \/><\/figure>\n<\/figure>\n\n\n\n<ul class=\"wp-block-list\">\n<li>Luis Ernesto Diehl: Naci\u00f3 en Mor\u00f3n en 1935. En esa ciudad se orden\u00f3 sacerdote, pero comenz\u00f3 su ministerio en la Parroquia Nuestra Se\u00f1ora de los Dolores. Escribi\u00f3 m\u00e1s de treinta obras, especialmente adaptaciones de los evangelios a la lengua actual y escritos de devoci\u00f3n popular. Entre ellos, se destacan \u201cEl Serm\u00f3n de las Monta\u00f1a\u201d, \u201cMirando el buen rumbo I (Ex\u00e1menes de conciencia para el despertar juvenil)\u201d (1976), \u201cJes\u00fas, Nuestro Salvador\u201d (en coautor\u00eda con Osvaldo Catena) (1977), \u201cMirando el buen rumbo II (Ex\u00e1menes de conciencia para j\u00f3venes)\u201d (1978), \u201cAl partir el pan\u201d (1982) y \u201cMirando el buen rumbo III (Ex\u00e1menes de conciencia para adultos)\u201d (1984), \u201cTestigos de Jes\u00fas resucitado\u201d (1981), \u201cMi madre y Mis hermanos\u201d (1988), \u201cOremos en el Esp\u00edritu de Jes\u00fas\u201d, \u201cLas Bienaventuranzas\u201d, \u201cCristo es nuestra salvaci\u00f3n\u201d, \u201cEl Esp\u00edritu Santo es nuestra fuerza\u201d, \u201cEl Padre de las misericordias\u201d (estos tres \u00faltimos, en coautor\u00eda con Juan Carlos Pellegrino).<br>Fue nombrado \u2018Prelado de Honor de Su Santidad\u2019, recibiendo el trato honor\u00edfico de \u201cMonse\u00f1or\u201d.<\/li>\n<\/ul>\n\n\n\n<figure class=\"wp-block-gallery has-nested-images columns-default is-cropped wp-block-gallery-6 is-layout-flex wp-block-gallery-is-layout-flex\">\n<figure class=\"wp-block-image size-large\"><img loading=\"lazy\" decoding=\"async\" width=\"1192\" height=\"894\" data-id=\"115333\" src=\"https:\/\/infoecos.com.ar\/wp-content\/uploads\/2023\/11\/SAM_8937.jpg\" alt=\"\" class=\"wp-image-115333\" srcset=\"https:\/\/infoecos.com.ar\/wp-content\/uploads\/2023\/11\/SAM_8937.jpg 1192w, https:\/\/infoecos.com.ar\/wp-content\/uploads\/2023\/11\/SAM_8937-800x600.jpg 800w, https:\/\/infoecos.com.ar\/wp-content\/uploads\/2023\/11\/SAM_8937-768x576.jpg 768w, https:\/\/infoecos.com.ar\/wp-content\/uploads\/2023\/11\/SAM_8937-1024x768.jpg 1024w\" sizes=\"(max-width: 1192px) 100vw, 1192px\" \/><\/figure>\n\n\n\n<figure class=\"wp-block-image size-large\"><img loading=\"lazy\" decoding=\"async\" width=\"1192\" height=\"894\" data-id=\"115331\" src=\"https:\/\/infoecos.com.ar\/wp-content\/uploads\/2023\/11\/SAM_8939.jpg\" alt=\"\" class=\"wp-image-115331\" srcset=\"https:\/\/infoecos.com.ar\/wp-content\/uploads\/2023\/11\/SAM_8939.jpg 1192w, https:\/\/infoecos.com.ar\/wp-content\/uploads\/2023\/11\/SAM_8939-800x600.jpg 800w, https:\/\/infoecos.com.ar\/wp-content\/uploads\/2023\/11\/SAM_8939-768x576.jpg 768w, https:\/\/infoecos.com.ar\/wp-content\/uploads\/2023\/11\/SAM_8939-1024x768.jpg 1024w\" sizes=\"(max-width: 1192px) 100vw, 1192px\" \/><\/figure>\n\n\n\n<figure class=\"wp-block-image size-large\"><img loading=\"lazy\" decoding=\"async\" width=\"1192\" height=\"894\" data-id=\"115332\" src=\"https:\/\/infoecos.com.ar\/wp-content\/uploads\/2023\/11\/SAM_8940.jpg\" alt=\"\" class=\"wp-image-115332\" srcset=\"https:\/\/infoecos.com.ar\/wp-content\/uploads\/2023\/11\/SAM_8940.jpg 1192w, https:\/\/infoecos.com.ar\/wp-content\/uploads\/2023\/11\/SAM_8940-800x600.jpg 800w, https:\/\/infoecos.com.ar\/wp-content\/uploads\/2023\/11\/SAM_8940-768x576.jpg 768w, https:\/\/infoecos.com.ar\/wp-content\/uploads\/2023\/11\/SAM_8940-1024x768.jpg 1024w\" sizes=\"(max-width: 1192px) 100vw, 1192px\" \/><\/figure>\n\n\n\n<figure class=\"wp-block-image size-large\"><img loading=\"lazy\" decoding=\"async\" width=\"1192\" height=\"894\" data-id=\"115330\" src=\"https:\/\/infoecos.com.ar\/wp-content\/uploads\/2023\/11\/SAM_8941.jpg\" alt=\"\" class=\"wp-image-115330\" srcset=\"https:\/\/infoecos.com.ar\/wp-content\/uploads\/2023\/11\/SAM_8941.jpg 1192w, https:\/\/infoecos.com.ar\/wp-content\/uploads\/2023\/11\/SAM_8941-800x600.jpg 800w, https:\/\/infoecos.com.ar\/wp-content\/uploads\/2023\/11\/SAM_8941-768x576.jpg 768w, https:\/\/infoecos.com.ar\/wp-content\/uploads\/2023\/11\/SAM_8941-1024x768.jpg 1024w\" sizes=\"(max-width: 1192px) 100vw, 1192px\" \/><\/figure>\n<\/figure>\n\n\n\n<ul class=\"wp-block-list\">\n<li>Hugo Ernesto Diez: Naci\u00f3 en Trenque Lauquen en 1957. Fue disc\u00edpulo de los maestros Ernesto Gonz\u00e1lez Garone y Rodolfo Campod\u00f3nico, y es hoy uno de los m\u00e1s destacados pintores expresionistas del pa\u00eds. Public\u00f3 diversos escritos en varios Poemarios Trenquelauquenses.<\/li>\n\n\n\n<li>Carlos Alberto Elizondo: El doctor Elizondo fue un activo vecino de esta comunidad, habi\u00e9ndose desempe\u00f1ado como concejal, como director del Hospital, en la actividad gremial agropecuaria y la vicepresidencia del Banco de la Provincia de Buenos Aires. Tambi\u00e9n fue creador de GENAP en 2004. Public\u00f3 un libro titulado \u201cUn camino diferente\u201d.<\/li>\n\n\n\n<li>Juan Jos\u00e9 Est\u00e9vez: Se define como \u201cun abogado, historiador, m\u00fasico y artesano que sue\u00f1a con un mundo m\u00e1s justo\u201d. Public\u00f3 los libros \u00abPinc\u00e9n, Vida y Leyenda\u00bb (en dos ediciones: 1991 y 2011), \u00abHistoria Trenquelauquenche\u00bb (en el a\u00f1o 2000 y en fasc\u00edculos editados por el Diario La Opini\u00f3n), \u00abLa Justicia de Paz Bonaerense &#8211; Trenque Lauquen 1876 &#8211; 1888\u00bb (2013) y numerosos trabajos de investigaci\u00f3n. Entre sus pares se lo identifica como \u00abel bi\u00f3grafo de Pinc\u00e9n\u00bb, pero sus investigaciones abarcan otros campos, como la arqueolog\u00eda y la paleontolog\u00eda regional.<\/li>\n\n\n\n<li>Juan Carlos Pellegrino: Licenciado en Teolog\u00eda Dogm\u00e1tica, p\u00e1rroco de la Parroquia Nuestra Se\u00f1ora de los Dolores y Miembro del Consejo Presbiteral de la Di\u00f3cesis de 9 de Julio, el Padre Juan public\u00f3 tres libros en coautor\u00eda con el padre Luis Diehl: \u201cCristo es nuestra salvaci\u00f3n\u201d (1997), \u201cEl esp\u00edritu santo es nuestra fuerza\u201d (1998) y \u201cEl padre de las misericordias\u201d (1999). En 2006, present\u00f3 su libro \u201cEl bautismo y el misterio pascual\u201d.<\/li>\n\n\n\n<li>Maril\u00fa Felice: En 1991 edit\u00f3 su primera publicaci\u00f3n titulada \u00abBajo los suburbios de mi piel\u00bb, una obra literaria y de poes\u00eda. En 2018, present\u00f3 el libro \u00abMi \u00faltima ventana\u00bb, una autobiograf\u00eda en la que deja plasmada sus experiencias transcurridas hasta el 2017, narrando c\u00f3mo fue vivir una identidad de g\u00e9nero definida a temprana edad, c\u00f3mo transcurri\u00f3 aquello en una escuela cat\u00f3lica y c\u00f3mo honrar la vida a trav\u00e9s de los a\u00f1os.<\/li>\n\n\n\n<li>Carlos Mar\u00eda Folco: Ha escrito m\u00e1s de cincuenta libros y cap\u00edtulos de compilaciones sobre derecho tributario. Es coautor de obras tales como \u201cCompliance Tributario. Investigaciones actuales t\u00e9cnicas y pr\u00e1cticas de alcance internacional\u201d (2023), \u201cDerechos y Garant\u00edas de los Contribuyentes\u201d (2022), \u201cRelaci\u00f3n fisco-contribuyente. La buena administraci\u00f3n tributaria y el procedimiento justo\u201d (2021) y \u201cTratado de Derecho Federal y Leyes Especiales\u201d (2013). Entre sus libros, figuran \u201cR\u00e9gimen Penal Tributario\u201d (2004), \u201cR\u00e9gimen Tributario en la Provincia de Buenos Aires\u201d (2004), \u201cProcedimiento Tributario. Naturaleza y Estructura\u201d (2000).<\/li>\n\n\n\n<li>Facundo Galanes: Su libro se titula \u201cLa Relevancia Jur\u00eddico Penal del S\u00edndrome de Munchausen por Poderes\u201d y lo public\u00f3 este a\u00f1o. El trabajo consiste en determinar si en base a las caracter\u00edsticas estructurales que conforman este s\u00edndrome, se encuentran reunidos los elementos normativos previstos en el C\u00f3digo Penal, necesarios como para arribar a un juicio positivo sobre la capacidad de culpabilidad del sujeto en el hecho concreto.<\/li>\n\n\n\n<li>Ana Mar\u00eda Garc\u00eda: En el 2018 escribi\u00f3 \u201cTu amigo, el Globo Azul\u201d donde narra todo el recorrido de este espacio radial que naci\u00f3 en 1975, desde sus comienzos en LU11, con recopilaci\u00f3n de cartas que los chicos enviaban al programa, tambi\u00e9n los premios recibidos y el relato de una emocionante experiencia que fue posiblemente el componente m\u00e1s importante en la vida de Anita, la voz del Globo Azul.<\/li>\n\n\n\n<li>Sebasti\u00e1n Guerrini: En 2017 public\u00f3 el libro \u00abLos Poderes del Dise\u00f1o\u00bb. Tambi\u00e9n se public\u00f3 su tesis doctoral en la Universidad de Kent, en 2007, denominada \u00abDesigning Nationality\u00bb. En 2008 particip\u00f3 con un cap\u00edtulo en el libro sobre dise\u00f1o y sustentabilidad \u201cSustainAble\u201d, editado en el Reino Unido.<\/li>\n\n\n\n<li>Rodolfo Jatar: Prestigioso escribano y vecino notable de la ciudad, public\u00f3 dos obras especializadas: \u201cExamen del martillero: normas actuales\u201d (1981) y \u201cExamen del corredor: normas actuales\u201d (1988).<\/li>\n\n\n\n<li>Ana Mar\u00eda Labaronnie de Rodr\u00edguez Mera: Escritora, historiadora y genealogista, obtuvo numerosas distinciones, como la de \u201cPrimera Mujer Bonaerense de la Cultura\u201d, o la de \u201cCiudadana Destacada\u201d. Fue miembro fundadora del Centro de Escritores y de la Escuela de Est\u00e9tica, particip\u00f3 en exposiciones literarias nacionales e internacionales, y en decenas de antolog\u00edas.<br>Public\u00f3 numerosas obras, como \u201cLejos de casa\u201d (1990 y 2012), \u201cEn el patio de atr\u00e1s\u201d (2007), \u201cCaminos de amor en el desierto\u201d (2007), \u201cColonia Mart\u00edn Fierro. Moj\u00f3n que a\u00fan perdura\u201d (2002), \u201c100 aniversario de la Escuela n\u00ba 15\u201d (2009), \u201cTrayectoria con humildad\u201d, \u201cAlbergando fe\u201d (2011), \u201cKeoken\u201d (2010), \u201cDe setiembre a setiembre\u201d (2012), \u201cLos Rodr\u00edguez Mera\u201d, \u201cEl B\u00e9arn, tierra de emigraci\u00f3n\u201d, \u201cRese\u00f1a sobre Genealog\u00eda\u201d, \u201c\u00bfD\u00f3nde, cu\u00e1ndo y por qu\u00e9?\u201d (2014), \u201cVolver\u201d (2015), \u201cEl tesoro de la familia\u201d (2017) y \u201cCustodiando recuerdos\u201d (2018).<\/li>\n\n\n\n<li>Luis A. Lahitte: Este reconocido abogado escribi\u00f3 en 2001 la novela \u00abLa bala de papel\u00bb, cuya trama transcurre en el Palermo Viejo del Buenos Aires de los a\u00f1os cincuenta. En 1995 hab\u00eda publicado \u00abCuentos no contados\u00bb, obra reconocida por la Sociedad Argentina de Escritores.<\/li>\n\n\n\n<li>Rosa Ana La Menza: Profesora de Matem\u00e1tica y Cosmograf\u00eda y maestra normal, public\u00f3 diversos art\u00edculos sobre la ense\u00f1anza de las matem\u00e1ticas y la obra \u201cLa matem\u00e1tica: del conflicto al di\u00e1logo. Reflexiones sobre su ense\u00f1anza como hecho comunicativo en el Tercer Ciclo de la EGB\u201d (en colaboraci\u00f3n con la profesora Leonor Corso).<\/li>\n\n\n\n<li>Lilian Marcos: Arquitecta a cargo de las obras de recuperaci\u00f3n de edificios hist\u00f3ricos de la ciudad, escribi\u00f3 el libro \u201cRestauraci\u00f3n del Teatro Espa\u00f1ol. Historia social y arquitect\u00f3nica\u201d, en 1997, y \u201cLa Primera Seguros. Historia y Patrimonio\u201d, en 2007. Tambi\u00e9n redact\u00f3 la obra \u00abTrenque Lauquen, Gesti\u00f3n y Patrimonio\u00bb, sobre los or\u00edgenes de nuestra ciudad, sus primeros gobernantes y la gesti\u00f3n del Intendente Jorge Barracchia.<\/li>\n\n\n\n<li>Marcos M\u00e9ndez: Fot\u00f3grafo, docente y artista, \u201cChelo\u201d public\u00f3 en 2013, conjuntamente con Leo Aliano, la obra \u201cPaisaje Urbano \/ Lugar Com\u00fan\u201d, un libro espejo que contiene dos miradas de las ciudades.<\/li>\n\n\n\n<li>Ra\u00fal Mollard: Docente y director del viejo Colegio Polit\u00e9cnico. Escribi\u00f3 obras para t\u00edteres, letras de canciones para los Indios Tacunau y Abel Taybo, guiones de teatro para el programa \u00abCajita musical\u00bb que transmiti\u00f3 LU11 y Canal 12 durante varios a\u00f1os. Tambi\u00e9n hizo adaptaciones al teatro de obras de Juan Ram\u00f3n Gim\u00e9nez, Edmundo D\u00b4Amici y Oscar Wilde. Sus poemas fueron incluidos en varios de los primeros Poemarios Trenquelauquenses. En 1995, public\u00f3 \u201cHistorias de bichitos: poes\u00edas para los m\u00e1s chiquitos\u201d.<\/li>\n\n\n\n<li>Ricardo Paso: Es abogado, fue concejal y presidente del Concejo Deliberante. Escribi\u00f3 \u201cLa Ley Org\u00e1nica de las Municipalidades de la Provincia de Buenos Aires\u201d, en 2012; el libro \u201cAn\u00e1lisis y Jurisprudencia de la Ley Org\u00e1nica Municipal &#8211; Provincia de Buenos Aires\u201d, en 2013, \u201cLey General de Expropiaciones de la Provincia de Buenos Aires, comentada\u201d, en 2015, y finalmente, en 2022, la obra \u201cProcedimiento Parlamentario Municipal\u201d.<\/li>\n\n\n\n<li>Mart\u00edn Ram\u00edrez Barrios: El periodista e historiador local escribi\u00f3 \u00abVida y Obra. Historias Trenquelauquenses\u00bb en el 2022. En este libro aborda la historia de diferentes personalidades destacadas de Trenque Lauquen, desde antes de su fundaci\u00f3n hasta la actualidad.<\/li>\n\n\n\n<li>Alicia Romeo: Public\u00f3 en 2008 el libro \u201cMilagro del Esp\u00edritu Santo\u201d, que presenta un testimonio de hechos reales vividos por su familia en el a\u00f1o 2006 a ra\u00edz de una grave dolencia que sufriera una de sus hijas y su milagrosa recuperaci\u00f3n. El libro tiene ya m\u00e1s de diez reediciones.<\/li>\n\n\n\n<li>Reinaldo Rossi: Poeta y figura en la representaci\u00f3n de los valores gauchescos de nuestra regi\u00f3n y nuestro pueblo, public\u00f3 en 2011 el libro \u00abReavivando los tizones de la vida\u201d. En 2021, el Concejo Deliberante declar\u00f3 de \u201cInter\u00e9s Hist\u00f3rico Cultural\u201d la obra po\u00e9tica y la casa donde viviera el Poeta Ricardo Reinaldo \u201cRina\u201d Rossi, en la localidad de Girod\u00edas.<\/li>\n\n\n\n<li>Edith Emilia Rovaro: En 2002, public\u00f3 un libro de relatos llamado \u00abCuentos de amor y de vida\u00bb, a trav\u00e9s de la editorial De los Cuatro Vientos.<\/li>\n\n\n\n<li>Pablo Jos\u00e9 Semadeni: Profesor, investigador y licenciado en Historia, public\u00f3 varias obras m\u00e1s all\u00e1 de los estudios especializados, en g\u00e9neros como la novela, el cuento o la vi\u00f1eta urbana. Es autor, entre otras obras, de \u201cYo acuso\u201d (en 2008), \u201cViajes y exilios\u201d (2009), \u201cTrenque Lauquen: seis estudios de historia\u201d (2010), \u201cBajo fondo, el gabinete asediado\u201d (2011), \u201cLa tierra postergada\u201d (2013), \u201cEl libro prohibido\u201d (2014), \u201cAventuras del \u00faltimo fl\u00e1neur. Trenque Lauquen y el mundo, excursiones de un caminante. Confesiones.\u201d (2016), \u201cEl oficio de escritor y otro mundo\u201d (2018), \u201cTrenque Lauquen: seis estudios de historia y dos ex cursos filos\u00f3ficos\u201d (2019) y \u201cSobrecarga. Viajando hacia el este\u201d, en 2021.<\/li>\n\n\n\n<li>Federico T\u00e1rtara: Su libro se llama \u201cBeruti\u201d y fue editado en el a\u00f1o 2020. Se trata de un compilado de cr\u00f3nicas con el pueblo que lo vio nacer como escenario al que siempre vuelve para poner en valor sus cosas, su gente y su idiosincrasia.<\/li>\n\n\n\n<li>Andrea Turchi: En 2020 public\u00f3 la novela \u00abLa Historia del Medio\u00bb. Tambi\u00e9n escribe el blog \u201cA partir de una frase\u201d y coordina el Proyecto Contagia Lectura, galardonado con el Premio Hormiguita Viajera 2012. Ha publicado \u201cLa Columna\u201d, en el diario La Opini\u00f3n.<\/li>\n\n\n\n<li>Mar\u00eda Luisa Ventura de Aguilera: Fue directora del Jard\u00edn n\u00b0 5. Maestra normal, maestra jardinera, profesora de ingl\u00e9s y de dibujo, coordinadora de cursos de narrativa y poes\u00eda, estuvo presente en varios de los Poemarios Trenquelauquenses, recibi\u00f3 premios y numerosas distinciones. En 2008 public\u00f3 su libro \u201cLos siete primos\u201d, con historias de su infancia.<\/li>\n\n\n\n<li>Gulberto Videla: Escribi\u00f3 el libro \u201cEstancia El Centenario. Memorias\u201d en 2013. Se trata de una obra que recupera los recuerdos de los a\u00f1os de la ni\u00f1ez y la juventud del autor, entre 1930 y 1949, en la estancia en la que su padre era administrador, ubicada en el partido de Trenque Lauquen. A trav\u00e9s de estas memorias, Videla recupera una atm\u00f3sfera rural y sus relaciones con la vida pueblerina y la realidad nacional.<\/li>\n\n\n\n<li>Hugo Emilio Videla: Escritor costumbrista, de temas gauchescos y de los paisajes pampeanos, fue miembro del Centro de Escritores Domingo Cicoria y public\u00f3 varias de sus obras en los Poemarios Trenquelauquenses. Tambi\u00e9n particip\u00f3 de antolog\u00edas, integr\u00f3 el taller literario La Campana y fue premiado en diversos concursos.<\/li>\n\n\n\n<li>Silvia Zubillaga: Dirigente pol\u00edtica, Secretaria de Bienestar Social municipal entre 1987 y 1989, concejal y diputada provincial, fue defensora entusiasta del derecho a una salud accesible e integral. Public\u00f3 una obra especializada, titulada \u201cSalud y discapacidad. Realidad y proyecci\u00f3n de cambio\u201d.<\/li>\n\n\n\n<li>Ignacio Zubizarreta: Es doctor en Historia, investigador del Conicet y se especializa en el per\u00edodo pol\u00edtico argentino que comprende los a\u00f1os 1820-1862. Es tambi\u00e9n docente-investigador en la Universidad Nacional de La Pampa. Escribi\u00f3, en coautor\u00eda, los libros \u201cLa construcci\u00f3n estatal en el R\u00edo de la Plata a trav\u00e9s del empleo civil y militar, 1600-1873\u201d (2023), \u201cEl diario \u00edntimo del exiliado Ram\u00f3n Gil Navarro. Entre Argentina, Chile y California (1845-1856)\u201d (2023), \u201cCaseros: La batalla por la organizaci\u00f3n nacional\u201d (2022), \u201cAntolog\u00eda de la Antigua Compa\u00f1\u00eda de Jes\u00fas\u201d (2017) y \u201cUna Historia de la Lecher\u00eda Argentina\u201d (2014).<br>Es autor de otros libros con estudios hist\u00f3ricos, como \u201cHistoria de la casa Bullrich, 1867-1978. Or\u00edgenes y desarrollo de una empresa familiar\u201d (2019), \u201cUnitarios. Historia de la facci\u00f3n pol\u00edtica que dise\u00f1\u00f3 la Argentina moderna\u201d (2014), \u201cLos Unitarios: faccionalismo, pr\u00e1cticas, construcci\u00f3n identitaria y v\u00ednculos de una agrupaci\u00f3n pol\u00edtica decimon\u00f3nica, 1820-1852\u201d (2012) e \u201cHistoria de las bibliotecas populares\u201d.<\/li>\n<\/ul>\n","protected":false},"excerpt":{"rendered":"<p>La ceremonia, organizada conjuntamente por el Concejo Deliberante y la Biblioteca P\u00fablica Rivadavia en conmemoraci\u00f3n por su 120\u00b0 aniversario, se llev\u00f3 a cabo desde las 19.30 horas de ayer a sala llena<\/p>\n","protected":false},"author":2,"featured_media":115306,"comment_status":"closed","ping_status":"open","sticky":false,"template":"","format":"standard","meta":{"footnotes":""},"categories":[1334],"tags":[6052],"class_list":["post-115304","post","type-post","status-publish","format-standard","has-post-thumbnail","hentry","category-inferior14","tag-concejo-deliberante-t-lauquen"],"yoast_head":"<!-- This site is optimized with the Yoast SEO plugin v23.4 - https:\/\/yoast.com\/wordpress\/plugins\/seo\/ -->\n<title>Segunda parte de una idea excelente para visibilizar el arte de escribir - Infoecos<\/title>\n<meta name=\"robots\" content=\"index, follow, max-snippet:-1, max-image-preview:large, max-video-preview:-1\" \/>\n<link rel=\"canonical\" href=\"https:\/\/infoecos.com.ar\/index.php\/segunda-parte-de-una-idea-excelente-para-visibilizar-el-arte-de-escribir\/\" \/>\n<meta property=\"og:locale\" content=\"es_ES\" \/>\n<meta property=\"og:type\" content=\"article\" \/>\n<meta property=\"og:title\" content=\"Segunda parte de una idea excelente para visibilizar el arte de escribir - Infoecos\" \/>\n<meta property=\"og:description\" content=\"La ceremonia, organizada conjuntamente por el Concejo Deliberante y la Biblioteca P\u00fablica Rivadavia en conmemoraci\u00f3n por su 120\u00b0 aniversario, se llev\u00f3 a cabo desde las 19.30 horas de ayer a sala llena\" \/>\n<meta property=\"og:url\" content=\"https:\/\/infoecos.com.ar\/index.php\/segunda-parte-de-una-idea-excelente-para-visibilizar-el-arte-de-escribir\/\" \/>\n<meta property=\"og:site_name\" content=\"Infoecos\" \/>\n<meta property=\"article:publisher\" content=\"https:\/\/www.facebook.com\/profile.php?id=100063200290284\" \/>\n<meta property=\"article:published_time\" content=\"2023-11-26T14:14:05+00:00\" \/>\n<meta property=\"article:modified_time\" content=\"2023-11-30T17:18:01+00:00\" \/>\n<meta property=\"og:image\" content=\"https:\/\/infoecos.com.ar\/wp-content\/uploads\/2023\/11\/escritoreconcejo.jpg\" \/>\n\t<meta property=\"og:image:width\" content=\"1192\" \/>\n\t<meta property=\"og:image:height\" content=\"894\" \/>\n\t<meta property=\"og:image:type\" content=\"image\/jpeg\" \/>\n<meta name=\"author\" content=\"Jorge Matheus\" \/>\n<meta name=\"twitter:card\" content=\"summary_large_image\" \/>\n<meta name=\"twitter:creator\" content=\"@infoecos\" \/>\n<meta name=\"twitter:site\" content=\"@infoecos\" \/>\n<meta name=\"twitter:label1\" content=\"Escrito por\" \/>\n\t<meta name=\"twitter:data1\" content=\"Jorge Matheus\" \/>\n\t<meta name=\"twitter:label2\" content=\"Tiempo de lectura\" \/>\n\t<meta name=\"twitter:data2\" content=\"19 minutos\" \/>\n<script type=\"application\/ld+json\" class=\"yoast-schema-graph\">{\"@context\":\"https:\/\/schema.org\",\"@graph\":[{\"@type\":\"Article\",\"@id\":\"https:\/\/infoecos.com.ar\/index.php\/segunda-parte-de-una-idea-excelente-para-visibilizar-el-arte-de-escribir\/#article\",\"isPartOf\":{\"@id\":\"https:\/\/infoecos.com.ar\/index.php\/segunda-parte-de-una-idea-excelente-para-visibilizar-el-arte-de-escribir\/\"},\"author\":{\"name\":\"Jorge Matheus\",\"@id\":\"https:\/\/infoecos.com.ar\/#\/schema\/person\/8f5ace5ce73b4b4aac4b7245aee6f191\"},\"headline\":\"Segunda parte de una idea excelente para visibilizar el arte de escribir\",\"datePublished\":\"2023-11-26T14:14:05+00:00\",\"dateModified\":\"2023-11-30T17:18:01+00:00\",\"mainEntityOfPage\":{\"@id\":\"https:\/\/infoecos.com.ar\/index.php\/segunda-parte-de-una-idea-excelente-para-visibilizar-el-arte-de-escribir\/\"},\"wordCount\":2938,\"publisher\":{\"@id\":\"https:\/\/infoecos.com.ar\/#organization\"},\"image\":{\"@id\":\"https:\/\/infoecos.com.ar\/index.php\/segunda-parte-de-una-idea-excelente-para-visibilizar-el-arte-de-escribir\/#primaryimage\"},\"thumbnailUrl\":\"https:\/\/infoecos.com.ar\/wp-content\/uploads\/2023\/11\/escritoreconcejo.jpg\",\"keywords\":[\"CONCEJO DELIBERANTE T.LAUQUEN\"],\"articleSection\":[\"Bloque inferior - 14\"],\"inLanguage\":\"es\"},{\"@type\":\"WebPage\",\"@id\":\"https:\/\/infoecos.com.ar\/index.php\/segunda-parte-de-una-idea-excelente-para-visibilizar-el-arte-de-escribir\/\",\"url\":\"https:\/\/infoecos.com.ar\/index.php\/segunda-parte-de-una-idea-excelente-para-visibilizar-el-arte-de-escribir\/\",\"name\":\"Segunda parte de una idea excelente para visibilizar el arte de escribir - Infoecos\",\"isPartOf\":{\"@id\":\"https:\/\/infoecos.com.ar\/#website\"},\"primaryImageOfPage\":{\"@id\":\"https:\/\/infoecos.com.ar\/index.php\/segunda-parte-de-una-idea-excelente-para-visibilizar-el-arte-de-escribir\/#primaryimage\"},\"image\":{\"@id\":\"https:\/\/infoecos.com.ar\/index.php\/segunda-parte-de-una-idea-excelente-para-visibilizar-el-arte-de-escribir\/#primaryimage\"},\"thumbnailUrl\":\"https:\/\/infoecos.com.ar\/wp-content\/uploads\/2023\/11\/escritoreconcejo.jpg\",\"datePublished\":\"2023-11-26T14:14:05+00:00\",\"dateModified\":\"2023-11-30T17:18:01+00:00\",\"breadcrumb\":{\"@id\":\"https:\/\/infoecos.com.ar\/index.php\/segunda-parte-de-una-idea-excelente-para-visibilizar-el-arte-de-escribir\/#breadcrumb\"},\"inLanguage\":\"es\",\"potentialAction\":[{\"@type\":\"ReadAction\",\"target\":[\"https:\/\/infoecos.com.ar\/index.php\/segunda-parte-de-una-idea-excelente-para-visibilizar-el-arte-de-escribir\/\"]}]},{\"@type\":\"ImageObject\",\"inLanguage\":\"es\",\"@id\":\"https:\/\/infoecos.com.ar\/index.php\/segunda-parte-de-una-idea-excelente-para-visibilizar-el-arte-de-escribir\/#primaryimage\",\"url\":\"https:\/\/infoecos.com.ar\/wp-content\/uploads\/2023\/11\/escritoreconcejo.jpg\",\"contentUrl\":\"https:\/\/infoecos.com.ar\/wp-content\/uploads\/2023\/11\/escritoreconcejo.jpg\",\"width\":1192,\"height\":894},{\"@type\":\"BreadcrumbList\",\"@id\":\"https:\/\/infoecos.com.ar\/index.php\/segunda-parte-de-una-idea-excelente-para-visibilizar-el-arte-de-escribir\/#breadcrumb\",\"itemListElement\":[{\"@type\":\"ListItem\",\"position\":1,\"name\":\"Portada\",\"item\":\"https:\/\/infoecos.com.ar\/\"},{\"@type\":\"ListItem\",\"position\":2,\"name\":\"Segunda parte de una idea excelente para visibilizar el arte de escribir\"}]},{\"@type\":\"WebSite\",\"@id\":\"https:\/\/infoecos.com.ar\/#website\",\"url\":\"https:\/\/infoecos.com.ar\/\",\"name\":\"Infoecos\",\"description\":\"Noticias de trenque lauquen y la zona\",\"publisher\":{\"@id\":\"https:\/\/infoecos.com.ar\/#organization\"},\"alternateName\":\"Noticias\",\"potentialAction\":[{\"@type\":\"SearchAction\",\"target\":{\"@type\":\"EntryPoint\",\"urlTemplate\":\"https:\/\/infoecos.com.ar\/?s={search_term_string}\"},\"query-input\":{\"@type\":\"PropertyValueSpecification\",\"valueRequired\":true,\"valueName\":\"search_term_string\"}}],\"inLanguage\":\"es\"},{\"@type\":\"Organization\",\"@id\":\"https:\/\/infoecos.com.ar\/#organization\",\"name\":\"Infoecos\",\"alternateName\":\"Noticias\",\"url\":\"https:\/\/infoecos.com.ar\/\",\"logo\":{\"@type\":\"ImageObject\",\"inLanguage\":\"es\",\"@id\":\"https:\/\/infoecos.com.ar\/#\/schema\/logo\/image\/\",\"url\":\"https:\/\/infoecos.com.ar\/wp-content\/uploads\/2024\/03\/cropped-logo.png\",\"contentUrl\":\"https:\/\/infoecos.com.ar\/wp-content\/uploads\/2024\/03\/cropped-logo.png\",\"width\":374,\"height\":90,\"caption\":\"Infoecos\"},\"image\":{\"@id\":\"https:\/\/infoecos.com.ar\/#\/schema\/logo\/image\/\"},\"sameAs\":[\"https:\/\/www.facebook.com\/profile.php?id=100063200290284\",\"https:\/\/x.com\/infoecos\"]},{\"@type\":\"Person\",\"@id\":\"https:\/\/infoecos.com.ar\/#\/schema\/person\/8f5ace5ce73b4b4aac4b7245aee6f191\",\"name\":\"Jorge Matheus\",\"url\":\"https:\/\/infoecos.com.ar\/index.php\/author\/jomatheus\/\"}]}<\/script>\n<!-- \/ Yoast SEO plugin. -->","yoast_head_json":{"title":"Segunda parte de una idea excelente para visibilizar el arte de escribir - Infoecos","robots":{"index":"index","follow":"follow","max-snippet":"max-snippet:-1","max-image-preview":"max-image-preview:large","max-video-preview":"max-video-preview:-1"},"canonical":"https:\/\/infoecos.com.ar\/index.php\/segunda-parte-de-una-idea-excelente-para-visibilizar-el-arte-de-escribir\/","og_locale":"es_ES","og_type":"article","og_title":"Segunda parte de una idea excelente para visibilizar el arte de escribir - Infoecos","og_description":"La ceremonia, organizada conjuntamente por el Concejo Deliberante y la Biblioteca P\u00fablica Rivadavia en conmemoraci\u00f3n por su 120\u00b0 aniversario, se llev\u00f3 a cabo desde las 19.30 horas de ayer a sala llena","og_url":"https:\/\/infoecos.com.ar\/index.php\/segunda-parte-de-una-idea-excelente-para-visibilizar-el-arte-de-escribir\/","og_site_name":"Infoecos","article_publisher":"https:\/\/www.facebook.com\/profile.php?id=100063200290284","article_published_time":"2023-11-26T14:14:05+00:00","article_modified_time":"2023-11-30T17:18:01+00:00","og_image":[{"width":1192,"height":894,"url":"https:\/\/infoecos.com.ar\/wp-content\/uploads\/2023\/11\/escritoreconcejo.jpg","type":"image\/jpeg"}],"author":"Jorge Matheus","twitter_card":"summary_large_image","twitter_creator":"@infoecos","twitter_site":"@infoecos","twitter_misc":{"Escrito por":"Jorge Matheus","Tiempo de lectura":"19 minutos"},"schema":{"@context":"https:\/\/schema.org","@graph":[{"@type":"Article","@id":"https:\/\/infoecos.com.ar\/index.php\/segunda-parte-de-una-idea-excelente-para-visibilizar-el-arte-de-escribir\/#article","isPartOf":{"@id":"https:\/\/infoecos.com.ar\/index.php\/segunda-parte-de-una-idea-excelente-para-visibilizar-el-arte-de-escribir\/"},"author":{"name":"Jorge Matheus","@id":"https:\/\/infoecos.com.ar\/#\/schema\/person\/8f5ace5ce73b4b4aac4b7245aee6f191"},"headline":"Segunda parte de una idea excelente para visibilizar el arte de escribir","datePublished":"2023-11-26T14:14:05+00:00","dateModified":"2023-11-30T17:18:01+00:00","mainEntityOfPage":{"@id":"https:\/\/infoecos.com.ar\/index.php\/segunda-parte-de-una-idea-excelente-para-visibilizar-el-arte-de-escribir\/"},"wordCount":2938,"publisher":{"@id":"https:\/\/infoecos.com.ar\/#organization"},"image":{"@id":"https:\/\/infoecos.com.ar\/index.php\/segunda-parte-de-una-idea-excelente-para-visibilizar-el-arte-de-escribir\/#primaryimage"},"thumbnailUrl":"https:\/\/infoecos.com.ar\/wp-content\/uploads\/2023\/11\/escritoreconcejo.jpg","keywords":["CONCEJO DELIBERANTE T.LAUQUEN"],"articleSection":["Bloque inferior - 14"],"inLanguage":"es"},{"@type":"WebPage","@id":"https:\/\/infoecos.com.ar\/index.php\/segunda-parte-de-una-idea-excelente-para-visibilizar-el-arte-de-escribir\/","url":"https:\/\/infoecos.com.ar\/index.php\/segunda-parte-de-una-idea-excelente-para-visibilizar-el-arte-de-escribir\/","name":"Segunda parte de una idea excelente para visibilizar el arte de escribir - Infoecos","isPartOf":{"@id":"https:\/\/infoecos.com.ar\/#website"},"primaryImageOfPage":{"@id":"https:\/\/infoecos.com.ar\/index.php\/segunda-parte-de-una-idea-excelente-para-visibilizar-el-arte-de-escribir\/#primaryimage"},"image":{"@id":"https:\/\/infoecos.com.ar\/index.php\/segunda-parte-de-una-idea-excelente-para-visibilizar-el-arte-de-escribir\/#primaryimage"},"thumbnailUrl":"https:\/\/infoecos.com.ar\/wp-content\/uploads\/2023\/11\/escritoreconcejo.jpg","datePublished":"2023-11-26T14:14:05+00:00","dateModified":"2023-11-30T17:18:01+00:00","breadcrumb":{"@id":"https:\/\/infoecos.com.ar\/index.php\/segunda-parte-de-una-idea-excelente-para-visibilizar-el-arte-de-escribir\/#breadcrumb"},"inLanguage":"es","potentialAction":[{"@type":"ReadAction","target":["https:\/\/infoecos.com.ar\/index.php\/segunda-parte-de-una-idea-excelente-para-visibilizar-el-arte-de-escribir\/"]}]},{"@type":"ImageObject","inLanguage":"es","@id":"https:\/\/infoecos.com.ar\/index.php\/segunda-parte-de-una-idea-excelente-para-visibilizar-el-arte-de-escribir\/#primaryimage","url":"https:\/\/infoecos.com.ar\/wp-content\/uploads\/2023\/11\/escritoreconcejo.jpg","contentUrl":"https:\/\/infoecos.com.ar\/wp-content\/uploads\/2023\/11\/escritoreconcejo.jpg","width":1192,"height":894},{"@type":"BreadcrumbList","@id":"https:\/\/infoecos.com.ar\/index.php\/segunda-parte-de-una-idea-excelente-para-visibilizar-el-arte-de-escribir\/#breadcrumb","itemListElement":[{"@type":"ListItem","position":1,"name":"Portada","item":"https:\/\/infoecos.com.ar\/"},{"@type":"ListItem","position":2,"name":"Segunda parte de una idea excelente para visibilizar el arte de escribir"}]},{"@type":"WebSite","@id":"https:\/\/infoecos.com.ar\/#website","url":"https:\/\/infoecos.com.ar\/","name":"Infoecos","description":"Noticias de trenque lauquen y la zona","publisher":{"@id":"https:\/\/infoecos.com.ar\/#organization"},"alternateName":"Noticias","potentialAction":[{"@type":"SearchAction","target":{"@type":"EntryPoint","urlTemplate":"https:\/\/infoecos.com.ar\/?s={search_term_string}"},"query-input":{"@type":"PropertyValueSpecification","valueRequired":true,"valueName":"search_term_string"}}],"inLanguage":"es"},{"@type":"Organization","@id":"https:\/\/infoecos.com.ar\/#organization","name":"Infoecos","alternateName":"Noticias","url":"https:\/\/infoecos.com.ar\/","logo":{"@type":"ImageObject","inLanguage":"es","@id":"https:\/\/infoecos.com.ar\/#\/schema\/logo\/image\/","url":"https:\/\/infoecos.com.ar\/wp-content\/uploads\/2024\/03\/cropped-logo.png","contentUrl":"https:\/\/infoecos.com.ar\/wp-content\/uploads\/2024\/03\/cropped-logo.png","width":374,"height":90,"caption":"Infoecos"},"image":{"@id":"https:\/\/infoecos.com.ar\/#\/schema\/logo\/image\/"},"sameAs":["https:\/\/www.facebook.com\/profile.php?id=100063200290284","https:\/\/x.com\/infoecos"]},{"@type":"Person","@id":"https:\/\/infoecos.com.ar\/#\/schema\/person\/8f5ace5ce73b4b4aac4b7245aee6f191","name":"Jorge Matheus","url":"https:\/\/infoecos.com.ar\/index.php\/author\/jomatheus\/"}]}},"featured_image_urls":{"full":["https:\/\/infoecos.com.ar\/wp-content\/uploads\/2023\/11\/escritoreconcejo.jpg",1192,894,false],"thumbnail":["https:\/\/infoecos.com.ar\/wp-content\/uploads\/2023\/11\/escritoreconcejo-300x150.jpg",300,150,true],"medium":["https:\/\/infoecos.com.ar\/wp-content\/uploads\/2023\/11\/escritoreconcejo-800x600.jpg",800,600,true],"medium_large":["https:\/\/infoecos.com.ar\/wp-content\/uploads\/2023\/11\/escritoreconcejo-768x576.jpg",640,480,true],"large":["https:\/\/infoecos.com.ar\/wp-content\/uploads\/2023\/11\/escritoreconcejo.jpg",640,480,false],"1536x1536":["https:\/\/infoecos.com.ar\/wp-content\/uploads\/2023\/11\/escritoreconcejo.jpg",1192,894,false],"2048x2048":["https:\/\/infoecos.com.ar\/wp-content\/uploads\/2023\/11\/escritoreconcejo.jpg",1192,894,false],"covernews-slider-full":["https:\/\/infoecos.com.ar\/wp-content\/uploads\/2023\/11\/escritoreconcejo.jpg",953,715,false],"covernews-slider-center":["https:\/\/infoecos.com.ar\/wp-content\/uploads\/2023\/11\/escritoreconcejo-936x894.jpg",523,500,true],"covernews-featured":["https:\/\/infoecos.com.ar\/wp-content\/uploads\/2023\/11\/escritoreconcejo-1024x768.jpg",1024,768,true],"covernews-medium":["https:\/\/infoecos.com.ar\/wp-content\/uploads\/2023\/11\/escritoreconcejo-720x380.jpg",540,285,true],"covernews-medium-square":["https:\/\/infoecos.com.ar\/wp-content\/uploads\/2023\/11\/escritoreconcejo-675x450.jpg",375,250,true]},"author_info":{"info":["Jorge Matheus"]},"category_info":"<a href=\"https:\/\/infoecos.com.ar\/index.php\/category\/inferior14\/\" rel=\"category tag\">Bloque inferior - 14<\/a>","tag_info":"Bloque inferior - 14","comment_count":"0","_links":{"self":[{"href":"https:\/\/infoecos.com.ar\/index.php\/wp-json\/wp\/v2\/posts\/115304"}],"collection":[{"href":"https:\/\/infoecos.com.ar\/index.php\/wp-json\/wp\/v2\/posts"}],"about":[{"href":"https:\/\/infoecos.com.ar\/index.php\/wp-json\/wp\/v2\/types\/post"}],"author":[{"embeddable":true,"href":"https:\/\/infoecos.com.ar\/index.php\/wp-json\/wp\/v2\/users\/2"}],"replies":[{"embeddable":true,"href":"https:\/\/infoecos.com.ar\/index.php\/wp-json\/wp\/v2\/comments?post=115304"}],"version-history":[{"count":1,"href":"https:\/\/infoecos.com.ar\/index.php\/wp-json\/wp\/v2\/posts\/115304\/revisions"}],"predecessor-version":[{"id":115334,"href":"https:\/\/infoecos.com.ar\/index.php\/wp-json\/wp\/v2\/posts\/115304\/revisions\/115334"}],"wp:featuredmedia":[{"embeddable":true,"href":"https:\/\/infoecos.com.ar\/index.php\/wp-json\/wp\/v2\/media\/115306"}],"wp:attachment":[{"href":"https:\/\/infoecos.com.ar\/index.php\/wp-json\/wp\/v2\/media?parent=115304"}],"wp:term":[{"taxonomy":"category","embeddable":true,"href":"https:\/\/infoecos.com.ar\/index.php\/wp-json\/wp\/v2\/categories?post=115304"},{"taxonomy":"post_tag","embeddable":true,"href":"https:\/\/infoecos.com.ar\/index.php\/wp-json\/wp\/v2\/tags?post=115304"}],"curies":[{"name":"wp","href":"https:\/\/api.w.org\/{rel}","templated":true}]}}