{"id":115339,"date":"2023-11-26T16:09:16","date_gmt":"2023-11-26T19:09:16","guid":{"rendered":"https:\/\/infoecos.com.ar\/?p=115339"},"modified":"2023-11-30T11:38:42","modified_gmt":"2023-11-30T14:38:42","slug":"trenque-lauquen-reafirmo-este-sabado-aunque-no-se-reconozca-aun-que-es-la-capital-del-muralismo-argentino","status":"publish","type":"post","link":"https:\/\/infoecos.com.ar\/index.php\/trenque-lauquen-reafirmo-este-sabado-aunque-no-se-reconozca-aun-que-es-la-capital-del-muralismo-argentino\/","title":{"rendered":"Trenque Lauquen reafirm\u00f3 que es la Capital del Muralismo Argentino"},"content":{"rendered":"\n<p>\u00abSon esos d\u00edas en los que uno debe dejar brotar lo que tiene adentro y lo que siente\u201d, dijo Miguel Fern\u00e1ndez al comienzo de su alocuci\u00f3n en el acto de inauguraci\u00f3n de la Escuela de Muralismo y Arte Comunitario (EMAC), que se desarroll\u00f3 en el Chalet de los Ingleses.<\/p>\n\n\n\n<figure class=\"wp-block-gallery has-nested-images columns-default is-cropped wp-block-gallery-1 is-layout-flex wp-block-gallery-is-layout-flex\">\n<figure class=\"wp-block-image size-large\"><img loading=\"lazy\" decoding=\"async\" width=\"1600\" height=\"1091\" data-id=\"115343\" src=\"https:\/\/infoecos.com.ar\/wp-content\/uploads\/2023\/11\/Escuela-de-Muralismo-3-1600x1091.jpg\" alt=\"\" class=\"wp-image-115343\" srcset=\"https:\/\/infoecos.com.ar\/wp-content\/uploads\/2023\/11\/Escuela-de-Muralismo-3-1600x1091.jpg 1600w, https:\/\/infoecos.com.ar\/wp-content\/uploads\/2023\/11\/Escuela-de-Muralismo-3-800x545.jpg 800w, https:\/\/infoecos.com.ar\/wp-content\/uploads\/2023\/11\/Escuela-de-Muralismo-3-768x524.jpg 768w, https:\/\/infoecos.com.ar\/wp-content\/uploads\/2023\/11\/Escuela-de-Muralismo-3-1536x1047.jpg 1536w, https:\/\/infoecos.com.ar\/wp-content\/uploads\/2023\/11\/Escuela-de-Muralismo-3-2048x1396.jpg 2048w, https:\/\/infoecos.com.ar\/wp-content\/uploads\/2023\/11\/Escuela-de-Muralismo-3-1024x698.jpg 1024w\" sizes=\"(max-width: 1600px) 100vw, 1600px\" \/><\/figure>\n\n\n\n<figure class=\"wp-block-image size-large\"><img loading=\"lazy\" decoding=\"async\" width=\"1600\" height=\"1091\" data-id=\"115344\" src=\"https:\/\/infoecos.com.ar\/wp-content\/uploads\/2023\/11\/Escuela-de-Muralismo-4-1600x1091.jpg\" alt=\"\" class=\"wp-image-115344\" srcset=\"https:\/\/infoecos.com.ar\/wp-content\/uploads\/2023\/11\/Escuela-de-Muralismo-4-1600x1091.jpg 1600w, https:\/\/infoecos.com.ar\/wp-content\/uploads\/2023\/11\/Escuela-de-Muralismo-4-800x545.jpg 800w, https:\/\/infoecos.com.ar\/wp-content\/uploads\/2023\/11\/Escuela-de-Muralismo-4-768x524.jpg 768w, https:\/\/infoecos.com.ar\/wp-content\/uploads\/2023\/11\/Escuela-de-Muralismo-4-1536x1047.jpg 1536w, https:\/\/infoecos.com.ar\/wp-content\/uploads\/2023\/11\/Escuela-de-Muralismo-4-2048x1396.jpg 2048w, https:\/\/infoecos.com.ar\/wp-content\/uploads\/2023\/11\/Escuela-de-Muralismo-4-1024x698.jpg 1024w\" sizes=\"(max-width: 1600px) 100vw, 1600px\" \/><\/figure>\n\n\n\n<figure class=\"wp-block-image size-large\"><img loading=\"lazy\" decoding=\"async\" width=\"1600\" height=\"1091\" data-id=\"115342\" src=\"https:\/\/infoecos.com.ar\/wp-content\/uploads\/2023\/11\/Escuela-de-Muralismo-6-1600x1091.jpg\" alt=\"\" class=\"wp-image-115342\" srcset=\"https:\/\/infoecos.com.ar\/wp-content\/uploads\/2023\/11\/Escuela-de-Muralismo-6-1600x1091.jpg 1600w, https:\/\/infoecos.com.ar\/wp-content\/uploads\/2023\/11\/Escuela-de-Muralismo-6-800x545.jpg 800w, https:\/\/infoecos.com.ar\/wp-content\/uploads\/2023\/11\/Escuela-de-Muralismo-6-768x524.jpg 768w, https:\/\/infoecos.com.ar\/wp-content\/uploads\/2023\/11\/Escuela-de-Muralismo-6-1536x1047.jpg 1536w, https:\/\/infoecos.com.ar\/wp-content\/uploads\/2023\/11\/Escuela-de-Muralismo-6-2048x1396.jpg 2048w, https:\/\/infoecos.com.ar\/wp-content\/uploads\/2023\/11\/Escuela-de-Muralismo-6-1024x698.jpg 1024w\" sizes=\"(max-width: 1600px) 100vw, 1600px\" \/><\/figure>\n<\/figure>\n\n\n\n<p>\u201cEsta es una obra que desde lo simb\u00f3lico una de las m\u00e1s importantes\u201d, manifest\u00f3 Fern\u00e1ndez para agregar que \u201c\u00e9ste es un proyecto comunitario, es el proyecto de una ciudad\u201d.<\/p>\n\n\n\n<p>\u201cCu\u00e1nto de lo humano y de lo sensible le falta a la vida pol\u00edtica, cu\u00e1nto de esto nos falta a los argentinos en general, esta sensibilidad que solo el arte nos transmite y que nos moviliza a ser mejores personas\u201d, reflexion\u00f3 Fern\u00e1ndez, quien record\u00f3 que junto a personas vinculadas con el arte se comenz\u00f3 a proyectar, desde el inicio de la gesti\u00f3n, el \u201cCentro Cultural Urbano del cuadro de la Estaci\u00f3n\u201d.<\/p>\n\n\n\n<p>\u201cEsto es parte de un largo proceso, en el que fuimos recuperando espacios p\u00fablicos abandonados para tratar de concretar ese Centro Cultural Urbano\u201d, record\u00f3 Fern\u00e1ndez para destacar, entre otros tantos proyectos, la creaci\u00f3n e inauguraci\u00f3n del Museo de Arte Mural Rodolfo Campod\u00f3nico.<\/p>\n\n\n\n<figure class=\"wp-block-gallery has-nested-images columns-default is-cropped wp-block-gallery-2 is-layout-flex wp-block-gallery-is-layout-flex\">\n<figure class=\"wp-block-image size-large\"><img loading=\"lazy\" decoding=\"async\" width=\"1600\" height=\"1091\" data-id=\"115345\" src=\"https:\/\/infoecos.com.ar\/wp-content\/uploads\/2023\/11\/Escuela-de-Muralismo-12-1600x1091.jpg\" alt=\"\" class=\"wp-image-115345\" srcset=\"https:\/\/infoecos.com.ar\/wp-content\/uploads\/2023\/11\/Escuela-de-Muralismo-12-1600x1091.jpg 1600w, https:\/\/infoecos.com.ar\/wp-content\/uploads\/2023\/11\/Escuela-de-Muralismo-12-800x545.jpg 800w, https:\/\/infoecos.com.ar\/wp-content\/uploads\/2023\/11\/Escuela-de-Muralismo-12-768x524.jpg 768w, https:\/\/infoecos.com.ar\/wp-content\/uploads\/2023\/11\/Escuela-de-Muralismo-12-1536x1047.jpg 1536w, https:\/\/infoecos.com.ar\/wp-content\/uploads\/2023\/11\/Escuela-de-Muralismo-12-2048x1396.jpg 2048w, https:\/\/infoecos.com.ar\/wp-content\/uploads\/2023\/11\/Escuela-de-Muralismo-12-1024x698.jpg 1024w\" sizes=\"(max-width: 1600px) 100vw, 1600px\" \/><\/figure>\n\n\n\n<figure class=\"wp-block-image size-large\"><img loading=\"lazy\" decoding=\"async\" width=\"1600\" height=\"1091\" data-id=\"115347\" src=\"https:\/\/infoecos.com.ar\/wp-content\/uploads\/2023\/11\/Escuela-de-Muralismo-13-1600x1091.jpg\" alt=\"\" class=\"wp-image-115347\" srcset=\"https:\/\/infoecos.com.ar\/wp-content\/uploads\/2023\/11\/Escuela-de-Muralismo-13-1600x1091.jpg 1600w, https:\/\/infoecos.com.ar\/wp-content\/uploads\/2023\/11\/Escuela-de-Muralismo-13-800x545.jpg 800w, https:\/\/infoecos.com.ar\/wp-content\/uploads\/2023\/11\/Escuela-de-Muralismo-13-768x524.jpg 768w, https:\/\/infoecos.com.ar\/wp-content\/uploads\/2023\/11\/Escuela-de-Muralismo-13-1536x1047.jpg 1536w, https:\/\/infoecos.com.ar\/wp-content\/uploads\/2023\/11\/Escuela-de-Muralismo-13-2048x1396.jpg 2048w, https:\/\/infoecos.com.ar\/wp-content\/uploads\/2023\/11\/Escuela-de-Muralismo-13-1024x698.jpg 1024w\" sizes=\"(max-width: 1600px) 100vw, 1600px\" \/><\/figure>\n\n\n\n<figure class=\"wp-block-image size-large\"><img loading=\"lazy\" decoding=\"async\" width=\"1600\" height=\"1091\" data-id=\"115346\" src=\"https:\/\/infoecos.com.ar\/wp-content\/uploads\/2023\/11\/Escuela-de-Muralismo-14-1600x1091.jpg\" alt=\"\" class=\"wp-image-115346\" srcset=\"https:\/\/infoecos.com.ar\/wp-content\/uploads\/2023\/11\/Escuela-de-Muralismo-14-1600x1091.jpg 1600w, https:\/\/infoecos.com.ar\/wp-content\/uploads\/2023\/11\/Escuela-de-Muralismo-14-800x545.jpg 800w, https:\/\/infoecos.com.ar\/wp-content\/uploads\/2023\/11\/Escuela-de-Muralismo-14-768x524.jpg 768w, https:\/\/infoecos.com.ar\/wp-content\/uploads\/2023\/11\/Escuela-de-Muralismo-14-1536x1047.jpg 1536w, https:\/\/infoecos.com.ar\/wp-content\/uploads\/2023\/11\/Escuela-de-Muralismo-14-2048x1396.jpg 2048w, https:\/\/infoecos.com.ar\/wp-content\/uploads\/2023\/11\/Escuela-de-Muralismo-14-1024x698.jpg 1024w\" sizes=\"(max-width: 1600px) 100vw, 1600px\" \/><\/figure>\n<\/figure>\n\n\n\n<p>Tambi\u00e9n como parte del proyecto cultural urbano record\u00f3 las gestiones realizadas a partir de una iniciativa de la artista local, Magui Delfino, para que Isa\u00edas Mata, muralista a cargo de la flamante EMAC, aceptara el desaf\u00edo de sumarse a este proyecto que naci\u00f3 como un proyecto comunitario y como parte de una larga historia de muralistas y de encuentros realizados en Trenque Lauquen.}<\/p>\n\n\n\n<figure class=\"wp-block-gallery has-nested-images columns-default is-cropped wp-block-gallery-3 is-layout-flex wp-block-gallery-is-layout-flex\">\n<figure class=\"wp-block-image size-large\"><img loading=\"lazy\" decoding=\"async\" width=\"1600\" height=\"1091\" data-id=\"115348\" src=\"https:\/\/infoecos.com.ar\/wp-content\/uploads\/2023\/11\/Escuela-de-Muralismo-15-1600x1091.jpg\" alt=\"\" class=\"wp-image-115348\" srcset=\"https:\/\/infoecos.com.ar\/wp-content\/uploads\/2023\/11\/Escuela-de-Muralismo-15-1600x1091.jpg 1600w, https:\/\/infoecos.com.ar\/wp-content\/uploads\/2023\/11\/Escuela-de-Muralismo-15-800x545.jpg 800w, https:\/\/infoecos.com.ar\/wp-content\/uploads\/2023\/11\/Escuela-de-Muralismo-15-768x524.jpg 768w, https:\/\/infoecos.com.ar\/wp-content\/uploads\/2023\/11\/Escuela-de-Muralismo-15-1536x1047.jpg 1536w, https:\/\/infoecos.com.ar\/wp-content\/uploads\/2023\/11\/Escuela-de-Muralismo-15-2048x1396.jpg 2048w, https:\/\/infoecos.com.ar\/wp-content\/uploads\/2023\/11\/Escuela-de-Muralismo-15-1024x698.jpg 1024w\" sizes=\"(max-width: 1600px) 100vw, 1600px\" \/><\/figure>\n\n\n\n<figure class=\"wp-block-image size-large\"><img loading=\"lazy\" decoding=\"async\" width=\"1600\" height=\"1091\" data-id=\"115350\" src=\"https:\/\/infoecos.com.ar\/wp-content\/uploads\/2023\/11\/Escuela-de-Muralismo-16-1600x1091.jpg\" alt=\"\" class=\"wp-image-115350\" srcset=\"https:\/\/infoecos.com.ar\/wp-content\/uploads\/2023\/11\/Escuela-de-Muralismo-16-1600x1091.jpg 1600w, https:\/\/infoecos.com.ar\/wp-content\/uploads\/2023\/11\/Escuela-de-Muralismo-16-800x545.jpg 800w, https:\/\/infoecos.com.ar\/wp-content\/uploads\/2023\/11\/Escuela-de-Muralismo-16-768x524.jpg 768w, https:\/\/infoecos.com.ar\/wp-content\/uploads\/2023\/11\/Escuela-de-Muralismo-16-1536x1047.jpg 1536w, https:\/\/infoecos.com.ar\/wp-content\/uploads\/2023\/11\/Escuela-de-Muralismo-16-2048x1396.jpg 2048w, https:\/\/infoecos.com.ar\/wp-content\/uploads\/2023\/11\/Escuela-de-Muralismo-16-1024x698.jpg 1024w\" sizes=\"(max-width: 1600px) 100vw, 1600px\" \/><\/figure>\n\n\n\n<figure class=\"wp-block-image size-large\"><img loading=\"lazy\" decoding=\"async\" width=\"1600\" height=\"1091\" data-id=\"115349\" src=\"https:\/\/infoecos.com.ar\/wp-content\/uploads\/2023\/11\/Escuela-de-Muralismo-17-1600x1091.jpg\" alt=\"\" class=\"wp-image-115349\" srcset=\"https:\/\/infoecos.com.ar\/wp-content\/uploads\/2023\/11\/Escuela-de-Muralismo-17-1600x1091.jpg 1600w, https:\/\/infoecos.com.ar\/wp-content\/uploads\/2023\/11\/Escuela-de-Muralismo-17-800x545.jpg 800w, https:\/\/infoecos.com.ar\/wp-content\/uploads\/2023\/11\/Escuela-de-Muralismo-17-768x524.jpg 768w, https:\/\/infoecos.com.ar\/wp-content\/uploads\/2023\/11\/Escuela-de-Muralismo-17-1536x1047.jpg 1536w, https:\/\/infoecos.com.ar\/wp-content\/uploads\/2023\/11\/Escuela-de-Muralismo-17-2048x1396.jpg 2048w, https:\/\/infoecos.com.ar\/wp-content\/uploads\/2023\/11\/Escuela-de-Muralismo-17-1024x698.jpg 1024w\" sizes=\"(max-width: 1600px) 100vw, 1600px\" \/><\/figure>\n<\/figure>\n\n\n\n<p>\u201c\u00c9ste no es un evento casual, esto tiene una larga historia, que despu\u00e9s declin\u00f3, pero como las cosas no mueren, quedan ah\u00ed en esas cenizas que se van, est\u00e1n prendidas y resurgen con un poco de viento\u201d, se\u00f1al\u00f3 Fern\u00e1ndez para marcar que estaba el capital que es patrimonio de Trenque Lauquen y que \u201ccon un poco de abanico reavivamos la llama y all\u00ed fuimos y estos siete encuentros de Muralismo son una muestra\u201d.<\/p>\n\n\n\n<p>El Jefe comunal dijo que sue\u00f1a con ser \u201cembajador\u201d de la cultura y propuso seguir trabajando para \u201cconseguir sponsoreo, y lograr sensibilizar tambi\u00e9n a las autoridades provinciales, a quienes les cuesta viajar 450 km por la ruta, pero si no vienen iremos nosotros, a taladrar hasta que se entienda que el interior existe y que hay artistas que valen, que hay ciudades que apuestan a la cultura, al arte, al cuidado del patrimonio y los convenceremos con esfuerzo, con perseverancia, y con ah\u00ednco, como tambi\u00e9n a las autoridades nacionales\u201d.<\/p>\n","protected":false},"excerpt":{"rendered":"<p>\u201cEsta es una obra que desde lo simb\u00f3lico una de las m\u00e1s importantes\u201d, dijo el intendente Fern\u00e1ndez ayer, para agregar que \u201c\u00e9ste es un proyecto comunitario, es el proyecto de una ciudad\u201d.<\/p>\n","protected":false},"author":2,"featured_media":115342,"comment_status":"closed","ping_status":"open","sticky":false,"template":"","format":"standard","meta":{"footnotes":""},"categories":[1331],"tags":[9600],"class_list":["post-115339","post","type-post","status-publish","format-standard","has-post-thumbnail","hentry","category-inferior11","tag-se-inauguro-la-escuela"],"yoast_head":"<!-- This site is optimized with the Yoast SEO plugin v23.4 - https:\/\/yoast.com\/wordpress\/plugins\/seo\/ -->\n<title>Trenque Lauquen reafirm\u00f3 que es la Capital del Muralismo Argentino - Infoecos<\/title>\n<meta name=\"robots\" content=\"index, follow, max-snippet:-1, max-image-preview:large, max-video-preview:-1\" \/>\n<link rel=\"canonical\" href=\"https:\/\/infoecos.com.ar\/index.php\/trenque-lauquen-reafirmo-este-sabado-aunque-no-se-reconozca-aun-que-es-la-capital-del-muralismo-argentino\/\" \/>\n<meta property=\"og:locale\" content=\"es_ES\" \/>\n<meta property=\"og:type\" content=\"article\" \/>\n<meta property=\"og:title\" content=\"Trenque Lauquen reafirm\u00f3 que es la Capital del Muralismo Argentino - Infoecos\" \/>\n<meta property=\"og:description\" content=\"\u201cEsta es una obra que desde lo simb\u00f3lico una de las m\u00e1s importantes\u201d, dijo el intendente Fern\u00e1ndez ayer, para agregar que \u201c\u00e9ste es un proyecto comunitario, es el proyecto de una ciudad\u201d.\" \/>\n<meta property=\"og:url\" content=\"https:\/\/infoecos.com.ar\/index.php\/trenque-lauquen-reafirmo-este-sabado-aunque-no-se-reconozca-aun-que-es-la-capital-del-muralismo-argentino\/\" \/>\n<meta property=\"og:site_name\" content=\"Infoecos\" \/>\n<meta property=\"article:publisher\" content=\"https:\/\/www.facebook.com\/profile.php?id=100063200290284\" \/>\n<meta property=\"article:published_time\" content=\"2023-11-26T19:09:16+00:00\" \/>\n<meta property=\"article:modified_time\" content=\"2023-11-30T14:38:42+00:00\" \/>\n<meta property=\"og:image\" content=\"https:\/\/infoecos.com.ar\/wp-content\/uploads\/2023\/11\/Escuela-de-Muralismo-6-scaled.jpg\" \/>\n\t<meta property=\"og:image:width\" content=\"2560\" \/>\n\t<meta property=\"og:image:height\" content=\"1745\" \/>\n\t<meta property=\"og:image:type\" content=\"image\/jpeg\" \/>\n<meta name=\"author\" content=\"Jorge Matheus\" \/>\n<meta name=\"twitter:card\" content=\"summary_large_image\" \/>\n<meta name=\"twitter:creator\" content=\"@infoecos\" \/>\n<meta name=\"twitter:site\" content=\"@infoecos\" \/>\n<meta name=\"twitter:label1\" content=\"Escrito por\" \/>\n\t<meta name=\"twitter:data1\" content=\"Jorge Matheus\" \/>\n\t<meta name=\"twitter:label2\" content=\"Tiempo de lectura\" \/>\n\t<meta name=\"twitter:data2\" content=\"4 minutos\" \/>\n<script type=\"application\/ld+json\" class=\"yoast-schema-graph\">{\"@context\":\"https:\/\/schema.org\",\"@graph\":[{\"@type\":\"Article\",\"@id\":\"https:\/\/infoecos.com.ar\/index.php\/trenque-lauquen-reafirmo-este-sabado-aunque-no-se-reconozca-aun-que-es-la-capital-del-muralismo-argentino\/#article\",\"isPartOf\":{\"@id\":\"https:\/\/infoecos.com.ar\/index.php\/trenque-lauquen-reafirmo-este-sabado-aunque-no-se-reconozca-aun-que-es-la-capital-del-muralismo-argentino\/\"},\"author\":{\"name\":\"Jorge Matheus\",\"@id\":\"https:\/\/infoecos.com.ar\/#\/schema\/person\/8f5ace5ce73b4b4aac4b7245aee6f191\"},\"headline\":\"Trenque Lauquen reafirm\u00f3 que es la Capital del Muralismo Argentino\",\"datePublished\":\"2023-11-26T19:09:16+00:00\",\"dateModified\":\"2023-11-30T14:38:42+00:00\",\"mainEntityOfPage\":{\"@id\":\"https:\/\/infoecos.com.ar\/index.php\/trenque-lauquen-reafirmo-este-sabado-aunque-no-se-reconozca-aun-que-es-la-capital-del-muralismo-argentino\/\"},\"wordCount\":454,\"publisher\":{\"@id\":\"https:\/\/infoecos.com.ar\/#organization\"},\"image\":{\"@id\":\"https:\/\/infoecos.com.ar\/index.php\/trenque-lauquen-reafirmo-este-sabado-aunque-no-se-reconozca-aun-que-es-la-capital-del-muralismo-argentino\/#primaryimage\"},\"thumbnailUrl\":\"https:\/\/infoecos.com.ar\/wp-content\/uploads\/2023\/11\/Escuela-de-Muralismo-6-scaled.jpg\",\"keywords\":[\"SE INAUGUR\u00d3 LA ESCUELA\"],\"articleSection\":[\"Bloque inferior - 11\"],\"inLanguage\":\"es\"},{\"@type\":\"WebPage\",\"@id\":\"https:\/\/infoecos.com.ar\/index.php\/trenque-lauquen-reafirmo-este-sabado-aunque-no-se-reconozca-aun-que-es-la-capital-del-muralismo-argentino\/\",\"url\":\"https:\/\/infoecos.com.ar\/index.php\/trenque-lauquen-reafirmo-este-sabado-aunque-no-se-reconozca-aun-que-es-la-capital-del-muralismo-argentino\/\",\"name\":\"Trenque Lauquen reafirm\u00f3 que es la Capital del Muralismo Argentino - Infoecos\",\"isPartOf\":{\"@id\":\"https:\/\/infoecos.com.ar\/#website\"},\"primaryImageOfPage\":{\"@id\":\"https:\/\/infoecos.com.ar\/index.php\/trenque-lauquen-reafirmo-este-sabado-aunque-no-se-reconozca-aun-que-es-la-capital-del-muralismo-argentino\/#primaryimage\"},\"image\":{\"@id\":\"https:\/\/infoecos.com.ar\/index.php\/trenque-lauquen-reafirmo-este-sabado-aunque-no-se-reconozca-aun-que-es-la-capital-del-muralismo-argentino\/#primaryimage\"},\"thumbnailUrl\":\"https:\/\/infoecos.com.ar\/wp-content\/uploads\/2023\/11\/Escuela-de-Muralismo-6-scaled.jpg\",\"datePublished\":\"2023-11-26T19:09:16+00:00\",\"dateModified\":\"2023-11-30T14:38:42+00:00\",\"breadcrumb\":{\"@id\":\"https:\/\/infoecos.com.ar\/index.php\/trenque-lauquen-reafirmo-este-sabado-aunque-no-se-reconozca-aun-que-es-la-capital-del-muralismo-argentino\/#breadcrumb\"},\"inLanguage\":\"es\",\"potentialAction\":[{\"@type\":\"ReadAction\",\"target\":[\"https:\/\/infoecos.com.ar\/index.php\/trenque-lauquen-reafirmo-este-sabado-aunque-no-se-reconozca-aun-que-es-la-capital-del-muralismo-argentino\/\"]}]},{\"@type\":\"ImageObject\",\"inLanguage\":\"es\",\"@id\":\"https:\/\/infoecos.com.ar\/index.php\/trenque-lauquen-reafirmo-este-sabado-aunque-no-se-reconozca-aun-que-es-la-capital-del-muralismo-argentino\/#primaryimage\",\"url\":\"https:\/\/infoecos.com.ar\/wp-content\/uploads\/2023\/11\/Escuela-de-Muralismo-6-scaled.jpg\",\"contentUrl\":\"https:\/\/infoecos.com.ar\/wp-content\/uploads\/2023\/11\/Escuela-de-Muralismo-6-scaled.jpg\",\"width\":2560,\"height\":1745},{\"@type\":\"BreadcrumbList\",\"@id\":\"https:\/\/infoecos.com.ar\/index.php\/trenque-lauquen-reafirmo-este-sabado-aunque-no-se-reconozca-aun-que-es-la-capital-del-muralismo-argentino\/#breadcrumb\",\"itemListElement\":[{\"@type\":\"ListItem\",\"position\":1,\"name\":\"Portada\",\"item\":\"https:\/\/infoecos.com.ar\/\"},{\"@type\":\"ListItem\",\"position\":2,\"name\":\"Trenque Lauquen reafirm\u00f3 que es la Capital del Muralismo Argentino\"}]},{\"@type\":\"WebSite\",\"@id\":\"https:\/\/infoecos.com.ar\/#website\",\"url\":\"https:\/\/infoecos.com.ar\/\",\"name\":\"Infoecos\",\"description\":\"Noticias de trenque lauquen y la zona\",\"publisher\":{\"@id\":\"https:\/\/infoecos.com.ar\/#organization\"},\"alternateName\":\"Noticias\",\"potentialAction\":[{\"@type\":\"SearchAction\",\"target\":{\"@type\":\"EntryPoint\",\"urlTemplate\":\"https:\/\/infoecos.com.ar\/?s={search_term_string}\"},\"query-input\":{\"@type\":\"PropertyValueSpecification\",\"valueRequired\":true,\"valueName\":\"search_term_string\"}}],\"inLanguage\":\"es\"},{\"@type\":\"Organization\",\"@id\":\"https:\/\/infoecos.com.ar\/#organization\",\"name\":\"Infoecos\",\"alternateName\":\"Noticias\",\"url\":\"https:\/\/infoecos.com.ar\/\",\"logo\":{\"@type\":\"ImageObject\",\"inLanguage\":\"es\",\"@id\":\"https:\/\/infoecos.com.ar\/#\/schema\/logo\/image\/\",\"url\":\"https:\/\/infoecos.com.ar\/wp-content\/uploads\/2024\/03\/cropped-logo.png\",\"contentUrl\":\"https:\/\/infoecos.com.ar\/wp-content\/uploads\/2024\/03\/cropped-logo.png\",\"width\":374,\"height\":90,\"caption\":\"Infoecos\"},\"image\":{\"@id\":\"https:\/\/infoecos.com.ar\/#\/schema\/logo\/image\/\"},\"sameAs\":[\"https:\/\/www.facebook.com\/profile.php?id=100063200290284\",\"https:\/\/x.com\/infoecos\"]},{\"@type\":\"Person\",\"@id\":\"https:\/\/infoecos.com.ar\/#\/schema\/person\/8f5ace5ce73b4b4aac4b7245aee6f191\",\"name\":\"Jorge Matheus\",\"url\":\"https:\/\/infoecos.com.ar\/index.php\/author\/jomatheus\/\"}]}<\/script>\n<!-- \/ Yoast SEO plugin. -->","yoast_head_json":{"title":"Trenque Lauquen reafirm\u00f3 que es la Capital del Muralismo Argentino - Infoecos","robots":{"index":"index","follow":"follow","max-snippet":"max-snippet:-1","max-image-preview":"max-image-preview:large","max-video-preview":"max-video-preview:-1"},"canonical":"https:\/\/infoecos.com.ar\/index.php\/trenque-lauquen-reafirmo-este-sabado-aunque-no-se-reconozca-aun-que-es-la-capital-del-muralismo-argentino\/","og_locale":"es_ES","og_type":"article","og_title":"Trenque Lauquen reafirm\u00f3 que es la Capital del Muralismo Argentino - Infoecos","og_description":"\u201cEsta es una obra que desde lo simb\u00f3lico una de las m\u00e1s importantes\u201d, dijo el intendente Fern\u00e1ndez ayer, para agregar que \u201c\u00e9ste es un proyecto comunitario, es el proyecto de una ciudad\u201d.","og_url":"https:\/\/infoecos.com.ar\/index.php\/trenque-lauquen-reafirmo-este-sabado-aunque-no-se-reconozca-aun-que-es-la-capital-del-muralismo-argentino\/","og_site_name":"Infoecos","article_publisher":"https:\/\/www.facebook.com\/profile.php?id=100063200290284","article_published_time":"2023-11-26T19:09:16+00:00","article_modified_time":"2023-11-30T14:38:42+00:00","og_image":[{"width":2560,"height":1745,"url":"https:\/\/infoecos.com.ar\/wp-content\/uploads\/2023\/11\/Escuela-de-Muralismo-6-scaled.jpg","type":"image\/jpeg"}],"author":"Jorge Matheus","twitter_card":"summary_large_image","twitter_creator":"@infoecos","twitter_site":"@infoecos","twitter_misc":{"Escrito por":"Jorge Matheus","Tiempo de lectura":"4 minutos"},"schema":{"@context":"https:\/\/schema.org","@graph":[{"@type":"Article","@id":"https:\/\/infoecos.com.ar\/index.php\/trenque-lauquen-reafirmo-este-sabado-aunque-no-se-reconozca-aun-que-es-la-capital-del-muralismo-argentino\/#article","isPartOf":{"@id":"https:\/\/infoecos.com.ar\/index.php\/trenque-lauquen-reafirmo-este-sabado-aunque-no-se-reconozca-aun-que-es-la-capital-del-muralismo-argentino\/"},"author":{"name":"Jorge Matheus","@id":"https:\/\/infoecos.com.ar\/#\/schema\/person\/8f5ace5ce73b4b4aac4b7245aee6f191"},"headline":"Trenque Lauquen reafirm\u00f3 que es la Capital del Muralismo Argentino","datePublished":"2023-11-26T19:09:16+00:00","dateModified":"2023-11-30T14:38:42+00:00","mainEntityOfPage":{"@id":"https:\/\/infoecos.com.ar\/index.php\/trenque-lauquen-reafirmo-este-sabado-aunque-no-se-reconozca-aun-que-es-la-capital-del-muralismo-argentino\/"},"wordCount":454,"publisher":{"@id":"https:\/\/infoecos.com.ar\/#organization"},"image":{"@id":"https:\/\/infoecos.com.ar\/index.php\/trenque-lauquen-reafirmo-este-sabado-aunque-no-se-reconozca-aun-que-es-la-capital-del-muralismo-argentino\/#primaryimage"},"thumbnailUrl":"https:\/\/infoecos.com.ar\/wp-content\/uploads\/2023\/11\/Escuela-de-Muralismo-6-scaled.jpg","keywords":["SE INAUGUR\u00d3 LA ESCUELA"],"articleSection":["Bloque inferior - 11"],"inLanguage":"es"},{"@type":"WebPage","@id":"https:\/\/infoecos.com.ar\/index.php\/trenque-lauquen-reafirmo-este-sabado-aunque-no-se-reconozca-aun-que-es-la-capital-del-muralismo-argentino\/","url":"https:\/\/infoecos.com.ar\/index.php\/trenque-lauquen-reafirmo-este-sabado-aunque-no-se-reconozca-aun-que-es-la-capital-del-muralismo-argentino\/","name":"Trenque Lauquen reafirm\u00f3 que es la Capital del Muralismo Argentino - Infoecos","isPartOf":{"@id":"https:\/\/infoecos.com.ar\/#website"},"primaryImageOfPage":{"@id":"https:\/\/infoecos.com.ar\/index.php\/trenque-lauquen-reafirmo-este-sabado-aunque-no-se-reconozca-aun-que-es-la-capital-del-muralismo-argentino\/#primaryimage"},"image":{"@id":"https:\/\/infoecos.com.ar\/index.php\/trenque-lauquen-reafirmo-este-sabado-aunque-no-se-reconozca-aun-que-es-la-capital-del-muralismo-argentino\/#primaryimage"},"thumbnailUrl":"https:\/\/infoecos.com.ar\/wp-content\/uploads\/2023\/11\/Escuela-de-Muralismo-6-scaled.jpg","datePublished":"2023-11-26T19:09:16+00:00","dateModified":"2023-11-30T14:38:42+00:00","breadcrumb":{"@id":"https:\/\/infoecos.com.ar\/index.php\/trenque-lauquen-reafirmo-este-sabado-aunque-no-se-reconozca-aun-que-es-la-capital-del-muralismo-argentino\/#breadcrumb"},"inLanguage":"es","potentialAction":[{"@type":"ReadAction","target":["https:\/\/infoecos.com.ar\/index.php\/trenque-lauquen-reafirmo-este-sabado-aunque-no-se-reconozca-aun-que-es-la-capital-del-muralismo-argentino\/"]}]},{"@type":"ImageObject","inLanguage":"es","@id":"https:\/\/infoecos.com.ar\/index.php\/trenque-lauquen-reafirmo-este-sabado-aunque-no-se-reconozca-aun-que-es-la-capital-del-muralismo-argentino\/#primaryimage","url":"https:\/\/infoecos.com.ar\/wp-content\/uploads\/2023\/11\/Escuela-de-Muralismo-6-scaled.jpg","contentUrl":"https:\/\/infoecos.com.ar\/wp-content\/uploads\/2023\/11\/Escuela-de-Muralismo-6-scaled.jpg","width":2560,"height":1745},{"@type":"BreadcrumbList","@id":"https:\/\/infoecos.com.ar\/index.php\/trenque-lauquen-reafirmo-este-sabado-aunque-no-se-reconozca-aun-que-es-la-capital-del-muralismo-argentino\/#breadcrumb","itemListElement":[{"@type":"ListItem","position":1,"name":"Portada","item":"https:\/\/infoecos.com.ar\/"},{"@type":"ListItem","position":2,"name":"Trenque Lauquen reafirm\u00f3 que es la Capital del Muralismo Argentino"}]},{"@type":"WebSite","@id":"https:\/\/infoecos.com.ar\/#website","url":"https:\/\/infoecos.com.ar\/","name":"Infoecos","description":"Noticias de trenque lauquen y la zona","publisher":{"@id":"https:\/\/infoecos.com.ar\/#organization"},"alternateName":"Noticias","potentialAction":[{"@type":"SearchAction","target":{"@type":"EntryPoint","urlTemplate":"https:\/\/infoecos.com.ar\/?s={search_term_string}"},"query-input":{"@type":"PropertyValueSpecification","valueRequired":true,"valueName":"search_term_string"}}],"inLanguage":"es"},{"@type":"Organization","@id":"https:\/\/infoecos.com.ar\/#organization","name":"Infoecos","alternateName":"Noticias","url":"https:\/\/infoecos.com.ar\/","logo":{"@type":"ImageObject","inLanguage":"es","@id":"https:\/\/infoecos.com.ar\/#\/schema\/logo\/image\/","url":"https:\/\/infoecos.com.ar\/wp-content\/uploads\/2024\/03\/cropped-logo.png","contentUrl":"https:\/\/infoecos.com.ar\/wp-content\/uploads\/2024\/03\/cropped-logo.png","width":374,"height":90,"caption":"Infoecos"},"image":{"@id":"https:\/\/infoecos.com.ar\/#\/schema\/logo\/image\/"},"sameAs":["https:\/\/www.facebook.com\/profile.php?id=100063200290284","https:\/\/x.com\/infoecos"]},{"@type":"Person","@id":"https:\/\/infoecos.com.ar\/#\/schema\/person\/8f5ace5ce73b4b4aac4b7245aee6f191","name":"Jorge Matheus","url":"https:\/\/infoecos.com.ar\/index.php\/author\/jomatheus\/"}]}},"featured_image_urls":{"full":["https:\/\/infoecos.com.ar\/wp-content\/uploads\/2023\/11\/Escuela-de-Muralismo-6-scaled.jpg",2560,1745,false],"thumbnail":["https:\/\/infoecos.com.ar\/wp-content\/uploads\/2023\/11\/Escuela-de-Muralismo-6-300x150.jpg",300,150,true],"medium":["https:\/\/infoecos.com.ar\/wp-content\/uploads\/2023\/11\/Escuela-de-Muralismo-6-800x545.jpg",800,545,true],"medium_large":["https:\/\/infoecos.com.ar\/wp-content\/uploads\/2023\/11\/Escuela-de-Muralismo-6-768x524.jpg",640,437,true],"large":["https:\/\/infoecos.com.ar\/wp-content\/uploads\/2023\/11\/Escuela-de-Muralismo-6-1600x1091.jpg",640,436,true],"1536x1536":["https:\/\/infoecos.com.ar\/wp-content\/uploads\/2023\/11\/Escuela-de-Muralismo-6-1536x1047.jpg",1536,1047,true],"2048x2048":["https:\/\/infoecos.com.ar\/wp-content\/uploads\/2023\/11\/Escuela-de-Muralismo-6-2048x1396.jpg",2048,1396,true],"covernews-slider-full":["https:\/\/infoecos.com.ar\/wp-content\/uploads\/2023\/11\/Escuela-de-Muralismo-6-1536x1020.jpg",1077,715,true],"covernews-slider-center":["https:\/\/infoecos.com.ar\/wp-content\/uploads\/2023\/11\/Escuela-de-Muralismo-6-936x897.jpg",522,500,true],"covernews-featured":["https:\/\/infoecos.com.ar\/wp-content\/uploads\/2023\/11\/Escuela-de-Muralismo-6-1024x698.jpg",1024,698,true],"covernews-medium":["https:\/\/infoecos.com.ar\/wp-content\/uploads\/2023\/11\/Escuela-de-Muralismo-6-720x380.jpg",540,285,true],"covernews-medium-square":["https:\/\/infoecos.com.ar\/wp-content\/uploads\/2023\/11\/Escuela-de-Muralismo-6-675x450.jpg",375,250,true]},"author_info":{"info":["Jorge Matheus"]},"category_info":"<a href=\"https:\/\/infoecos.com.ar\/index.php\/category\/inferior11\/\" rel=\"category tag\">Bloque inferior - 11<\/a>","tag_info":"Bloque inferior - 11","comment_count":"0","_links":{"self":[{"href":"https:\/\/infoecos.com.ar\/index.php\/wp-json\/wp\/v2\/posts\/115339"}],"collection":[{"href":"https:\/\/infoecos.com.ar\/index.php\/wp-json\/wp\/v2\/posts"}],"about":[{"href":"https:\/\/infoecos.com.ar\/index.php\/wp-json\/wp\/v2\/types\/post"}],"author":[{"embeddable":true,"href":"https:\/\/infoecos.com.ar\/index.php\/wp-json\/wp\/v2\/users\/2"}],"replies":[{"embeddable":true,"href":"https:\/\/infoecos.com.ar\/index.php\/wp-json\/wp\/v2\/comments?post=115339"}],"version-history":[{"count":2,"href":"https:\/\/infoecos.com.ar\/index.php\/wp-json\/wp\/v2\/posts\/115339\/revisions"}],"predecessor-version":[{"id":115632,"href":"https:\/\/infoecos.com.ar\/index.php\/wp-json\/wp\/v2\/posts\/115339\/revisions\/115632"}],"wp:featuredmedia":[{"embeddable":true,"href":"https:\/\/infoecos.com.ar\/index.php\/wp-json\/wp\/v2\/media\/115342"}],"wp:attachment":[{"href":"https:\/\/infoecos.com.ar\/index.php\/wp-json\/wp\/v2\/media?parent=115339"}],"wp:term":[{"taxonomy":"category","embeddable":true,"href":"https:\/\/infoecos.com.ar\/index.php\/wp-json\/wp\/v2\/categories?post=115339"},{"taxonomy":"post_tag","embeddable":true,"href":"https:\/\/infoecos.com.ar\/index.php\/wp-json\/wp\/v2\/tags?post=115339"}],"curies":[{"name":"wp","href":"https:\/\/api.w.org\/{rel}","templated":true}]}}