{"id":115352,"date":"2023-11-26T16:20:17","date_gmt":"2023-11-26T19:20:17","guid":{"rendered":"https:\/\/infoecos.com.ar\/?p=115352"},"modified":"2023-11-30T12:28:55","modified_gmt":"2023-11-30T15:28:55","slug":"la-creacion-de-la-escuela-de-muralismo-es-algo-historico-e-inedito-dijo-isaias-mata","status":"publish","type":"post","link":"https:\/\/infoecos.com.ar\/index.php\/la-creacion-de-la-escuela-de-muralismo-es-algo-historico-e-inedito-dijo-isaias-mata\/","title":{"rendered":"\u201cLa creaci\u00f3n de la Escuela de Muralismo es algo hist\u00f3rico e in\u00e9dito\u00bb, dijo Isa\u00edas Mata"},"content":{"rendered":"\n<p>El muralista y coordinador de la Escuela de Muralismo y Arte Comunitario (EMAC), el salvadore\u00f1o Isa\u00edas Mata, dijo ayer que \u201cla creaci\u00f3n de la Escuela de Muralismo \u201ces algo hist\u00f3rico e in\u00e9dito, no hay una provincia en el pa\u00eds, no hay una escuela en Am\u00e9rica Latina que tenga una escuela de muralismo; todav\u00eda no alcanzamos a dimensionar lo que realmente significa\u201d crear este espacio.<\/p>\n\n\n\n<figure class=\"wp-block-gallery has-nested-images columns-default is-cropped wp-block-gallery-1 is-layout-flex wp-block-gallery-is-layout-flex\">\n<figure class=\"wp-block-image size-large\"><img loading=\"lazy\" decoding=\"async\" width=\"1091\" height=\"1600\" data-id=\"115353\" src=\"https:\/\/infoecos.com.ar\/wp-content\/uploads\/2023\/11\/Escuela-de-Muralismo-9-1091x1600.jpg\" alt=\"\" class=\"wp-image-115353\" srcset=\"https:\/\/infoecos.com.ar\/wp-content\/uploads\/2023\/11\/Escuela-de-Muralismo-9-1091x1600.jpg 1091w, https:\/\/infoecos.com.ar\/wp-content\/uploads\/2023\/11\/Escuela-de-Muralismo-9-545x800.jpg 545w, https:\/\/infoecos.com.ar\/wp-content\/uploads\/2023\/11\/Escuela-de-Muralismo-9-768x1126.jpg 768w, https:\/\/infoecos.com.ar\/wp-content\/uploads\/2023\/11\/Escuela-de-Muralismo-9-1047x1536.jpg 1047w, https:\/\/infoecos.com.ar\/wp-content\/uploads\/2023\/11\/Escuela-de-Muralismo-9-1396x2048.jpg 1396w, https:\/\/infoecos.com.ar\/wp-content\/uploads\/2023\/11\/Escuela-de-Muralismo-9-1024x1502.jpg 1024w, https:\/\/infoecos.com.ar\/wp-content\/uploads\/2023\/11\/Escuela-de-Muralismo-9-scaled.jpg 1745w\" sizes=\"(max-width: 1091px) 100vw, 1091px\" \/><\/figure>\n\n\n\n<figure class=\"wp-block-image size-large\"><img loading=\"lazy\" decoding=\"async\" width=\"1600\" height=\"1091\" data-id=\"115355\" src=\"https:\/\/infoecos.com.ar\/wp-content\/uploads\/2023\/11\/Escuela-de-Muralismo-10-1600x1091.jpg\" alt=\"\" class=\"wp-image-115355\" srcset=\"https:\/\/infoecos.com.ar\/wp-content\/uploads\/2023\/11\/Escuela-de-Muralismo-10-1600x1091.jpg 1600w, https:\/\/infoecos.com.ar\/wp-content\/uploads\/2023\/11\/Escuela-de-Muralismo-10-800x545.jpg 800w, https:\/\/infoecos.com.ar\/wp-content\/uploads\/2023\/11\/Escuela-de-Muralismo-10-768x524.jpg 768w, https:\/\/infoecos.com.ar\/wp-content\/uploads\/2023\/11\/Escuela-de-Muralismo-10-1536x1047.jpg 1536w, https:\/\/infoecos.com.ar\/wp-content\/uploads\/2023\/11\/Escuela-de-Muralismo-10-2048x1396.jpg 2048w, https:\/\/infoecos.com.ar\/wp-content\/uploads\/2023\/11\/Escuela-de-Muralismo-10-1024x698.jpg 1024w\" sizes=\"(max-width: 1600px) 100vw, 1600px\" \/><\/figure>\n\n\n\n<figure class=\"wp-block-image size-large\"><img loading=\"lazy\" decoding=\"async\" width=\"1600\" height=\"1091\" data-id=\"115354\" src=\"https:\/\/infoecos.com.ar\/wp-content\/uploads\/2023\/11\/Escuela-de-Muralismo-11-1600x1091.jpg\" alt=\"\" class=\"wp-image-115354\" srcset=\"https:\/\/infoecos.com.ar\/wp-content\/uploads\/2023\/11\/Escuela-de-Muralismo-11-1600x1091.jpg 1600w, https:\/\/infoecos.com.ar\/wp-content\/uploads\/2023\/11\/Escuela-de-Muralismo-11-800x545.jpg 800w, https:\/\/infoecos.com.ar\/wp-content\/uploads\/2023\/11\/Escuela-de-Muralismo-11-768x524.jpg 768w, https:\/\/infoecos.com.ar\/wp-content\/uploads\/2023\/11\/Escuela-de-Muralismo-11-1536x1047.jpg 1536w, https:\/\/infoecos.com.ar\/wp-content\/uploads\/2023\/11\/Escuela-de-Muralismo-11-2048x1396.jpg 2048w, https:\/\/infoecos.com.ar\/wp-content\/uploads\/2023\/11\/Escuela-de-Muralismo-11-1024x698.jpg 1024w\" sizes=\"(max-width: 1600px) 100vw, 1600px\" \/><\/figure>\n<\/figure>\n\n\n\n<p>Aventur\u00f3 que \u201clos compa\u00f1eros y compa\u00f1eras tienen que empoderarse del proyecto y hacer de esto un referente a nivel nacional e internacional\u201d y sostuvo que uno de los objetivos de la propuesta es \u201cfortalecer las capacidades, las competencias, los saberes y habilidades que cada uno de nosotros tiene en el tema del arte y poder competir a nivel internacional con grandes maestros latinoamericanos\u201d.<\/p>\n\n\n\n<p>\u201cDesde que me dieron la luz verde de que se iba a construir esta escuela he recibido cantidades de mensajes de toda Am\u00e9rica Latina Incluyendo los Estados Unidos y Nueva York, Canad\u00e1, Italia, la India, aplaudiendo y sum\u00e1ndose a esta celebraci\u00f3n\u201d, subray\u00f3 el artista.<\/p>\n\n\n\n<p>En el plano personal, dijo que \u201ccomo un hacedor y\/o trabajador del arte y la cultura he tenido mil batallas, despu\u00e9s de 45 a\u00f1os de dedicarme al arte y al muralismo hemos discutido, reflexionado, so\u00f1ado, teniendo como utop\u00eda la creaci\u00f3n de una escuela de muralismo y hoy lo estamos logrando\u201d.<\/p>\n\n\n\n<figure class=\"wp-block-gallery has-nested-images columns-default is-cropped wp-block-gallery-2 is-layout-flex wp-block-gallery-is-layout-flex\">\n<figure class=\"wp-block-image size-large\"><img loading=\"lazy\" decoding=\"async\" width=\"1600\" height=\"1091\" data-id=\"115358\" src=\"https:\/\/infoecos.com.ar\/wp-content\/uploads\/2023\/11\/Escuela-de-Muralismo-18-1600x1091.jpg\" alt=\"\" class=\"wp-image-115358\" srcset=\"https:\/\/infoecos.com.ar\/wp-content\/uploads\/2023\/11\/Escuela-de-Muralismo-18-1600x1091.jpg 1600w, https:\/\/infoecos.com.ar\/wp-content\/uploads\/2023\/11\/Escuela-de-Muralismo-18-800x545.jpg 800w, https:\/\/infoecos.com.ar\/wp-content\/uploads\/2023\/11\/Escuela-de-Muralismo-18-768x524.jpg 768w, https:\/\/infoecos.com.ar\/wp-content\/uploads\/2023\/11\/Escuela-de-Muralismo-18-1536x1047.jpg 1536w, https:\/\/infoecos.com.ar\/wp-content\/uploads\/2023\/11\/Escuela-de-Muralismo-18-2048x1396.jpg 2048w, https:\/\/infoecos.com.ar\/wp-content\/uploads\/2023\/11\/Escuela-de-Muralismo-18-1024x698.jpg 1024w\" sizes=\"(max-width: 1600px) 100vw, 1600px\" \/><\/figure>\n\n\n\n<figure class=\"wp-block-image size-large\"><img loading=\"lazy\" decoding=\"async\" width=\"1600\" height=\"1091\" data-id=\"115356\" src=\"https:\/\/infoecos.com.ar\/wp-content\/uploads\/2023\/11\/Escuela-de-Muralismo-19-1600x1091.jpg\" alt=\"\" class=\"wp-image-115356\" srcset=\"https:\/\/infoecos.com.ar\/wp-content\/uploads\/2023\/11\/Escuela-de-Muralismo-19-1600x1091.jpg 1600w, https:\/\/infoecos.com.ar\/wp-content\/uploads\/2023\/11\/Escuela-de-Muralismo-19-800x545.jpg 800w, https:\/\/infoecos.com.ar\/wp-content\/uploads\/2023\/11\/Escuela-de-Muralismo-19-768x524.jpg 768w, https:\/\/infoecos.com.ar\/wp-content\/uploads\/2023\/11\/Escuela-de-Muralismo-19-1536x1047.jpg 1536w, https:\/\/infoecos.com.ar\/wp-content\/uploads\/2023\/11\/Escuela-de-Muralismo-19-2048x1396.jpg 2048w, https:\/\/infoecos.com.ar\/wp-content\/uploads\/2023\/11\/Escuela-de-Muralismo-19-1024x698.jpg 1024w\" sizes=\"(max-width: 1600px) 100vw, 1600px\" \/><\/figure>\n\n\n\n<figure class=\"wp-block-image size-large\"><img loading=\"lazy\" decoding=\"async\" width=\"1600\" height=\"1091\" data-id=\"115357\" src=\"https:\/\/infoecos.com.ar\/wp-content\/uploads\/2023\/11\/Escuela-de-Muralismo-20-1600x1091.jpg\" alt=\"\" class=\"wp-image-115357\" srcset=\"https:\/\/infoecos.com.ar\/wp-content\/uploads\/2023\/11\/Escuela-de-Muralismo-20-1600x1091.jpg 1600w, https:\/\/infoecos.com.ar\/wp-content\/uploads\/2023\/11\/Escuela-de-Muralismo-20-800x545.jpg 800w, https:\/\/infoecos.com.ar\/wp-content\/uploads\/2023\/11\/Escuela-de-Muralismo-20-768x524.jpg 768w, https:\/\/infoecos.com.ar\/wp-content\/uploads\/2023\/11\/Escuela-de-Muralismo-20-1536x1047.jpg 1536w, https:\/\/infoecos.com.ar\/wp-content\/uploads\/2023\/11\/Escuela-de-Muralismo-20-2048x1396.jpg 2048w, https:\/\/infoecos.com.ar\/wp-content\/uploads\/2023\/11\/Escuela-de-Muralismo-20-1024x698.jpg 1024w\" sizes=\"(max-width: 1600px) 100vw, 1600px\" \/><\/figure>\n<\/figure>\n\n\n\n<p>\u201cEsto es algo \u00fanico, in\u00e9dito, de una dimensi\u00f3n insospechada porque estamos pensando hacer un semillero desde los ni\u00f1os, desde la formaci\u00f3n l\u00fadica, pero entendi\u00e9ndola y proyect\u00e1ndola desde la perspectiva mural\u00edstica\u201d, manifest\u00f3.<\/p>\n\n\n\n<p>Tambi\u00e9n consider\u00f3 que \u201cesto debemos potenciarlo porque esto genera resiliencia y sensibiliza, y de eso se trata el muralismo que tiene una narrativa multifac\u00e9tica que nos potencia a ser m\u00e1s humanos\u201d.<\/p>\n\n\n\n<p>Mata agradeci\u00f3 \u201cel honor que me dan de estar en esta escuela que nos va a permitir revalorizar el caudal de patrimonio que tiene Trenque Laquen, y tenemos que ser una vitrina abierta donde vamos a dar una oferta cultural, con los murales, el Museo Campod\u00f3nico y con el MUMAV (Museo Municipal de Artes Visuales, pr\u00f3ximo a inaugurarse)\u201d.<\/p>\n\n\n\n<figure class=\"wp-block-gallery has-nested-images columns-default is-cropped wp-block-gallery-3 is-layout-flex wp-block-gallery-is-layout-flex\">\n<figure class=\"wp-block-image size-large\"><img loading=\"lazy\" decoding=\"async\" width=\"1600\" height=\"1091\" data-id=\"115359\" src=\"https:\/\/infoecos.com.ar\/wp-content\/uploads\/2023\/11\/Escuela-de-Muralismo-21-1600x1091.jpg\" alt=\"\" class=\"wp-image-115359\" srcset=\"https:\/\/infoecos.com.ar\/wp-content\/uploads\/2023\/11\/Escuela-de-Muralismo-21-1600x1091.jpg 1600w, https:\/\/infoecos.com.ar\/wp-content\/uploads\/2023\/11\/Escuela-de-Muralismo-21-800x545.jpg 800w, https:\/\/infoecos.com.ar\/wp-content\/uploads\/2023\/11\/Escuela-de-Muralismo-21-768x524.jpg 768w, https:\/\/infoecos.com.ar\/wp-content\/uploads\/2023\/11\/Escuela-de-Muralismo-21-1536x1047.jpg 1536w, https:\/\/infoecos.com.ar\/wp-content\/uploads\/2023\/11\/Escuela-de-Muralismo-21-2048x1396.jpg 2048w, https:\/\/infoecos.com.ar\/wp-content\/uploads\/2023\/11\/Escuela-de-Muralismo-21-1024x698.jpg 1024w\" sizes=\"(max-width: 1600px) 100vw, 1600px\" \/><\/figure>\n\n\n\n<figure class=\"wp-block-image size-large\"><img loading=\"lazy\" decoding=\"async\" width=\"1600\" height=\"1091\" data-id=\"115360\" src=\"https:\/\/infoecos.com.ar\/wp-content\/uploads\/2023\/11\/Escuela-de-Muralismo-22-1600x1091.jpg\" alt=\"\" class=\"wp-image-115360\" srcset=\"https:\/\/infoecos.com.ar\/wp-content\/uploads\/2023\/11\/Escuela-de-Muralismo-22-1600x1091.jpg 1600w, https:\/\/infoecos.com.ar\/wp-content\/uploads\/2023\/11\/Escuela-de-Muralismo-22-800x545.jpg 800w, https:\/\/infoecos.com.ar\/wp-content\/uploads\/2023\/11\/Escuela-de-Muralismo-22-768x524.jpg 768w, https:\/\/infoecos.com.ar\/wp-content\/uploads\/2023\/11\/Escuela-de-Muralismo-22-1536x1047.jpg 1536w, https:\/\/infoecos.com.ar\/wp-content\/uploads\/2023\/11\/Escuela-de-Muralismo-22-2048x1396.jpg 2048w, https:\/\/infoecos.com.ar\/wp-content\/uploads\/2023\/11\/Escuela-de-Muralismo-22-1024x698.jpg 1024w\" sizes=\"(max-width: 1600px) 100vw, 1600px\" \/><\/figure>\n\n\n\n<figure class=\"wp-block-image size-large\"><img loading=\"lazy\" decoding=\"async\" width=\"1600\" height=\"1067\" data-id=\"115361\" src=\"https:\/\/infoecos.com.ar\/wp-content\/uploads\/2023\/11\/Escuela-de-Muralismo-23-1600x1067.jpg\" alt=\"\" class=\"wp-image-115361\" srcset=\"https:\/\/infoecos.com.ar\/wp-content\/uploads\/2023\/11\/Escuela-de-Muralismo-23-1600x1067.jpg 1600w, https:\/\/infoecos.com.ar\/wp-content\/uploads\/2023\/11\/Escuela-de-Muralismo-23-800x533.jpg 800w, https:\/\/infoecos.com.ar\/wp-content\/uploads\/2023\/11\/Escuela-de-Muralismo-23-768x512.jpg 768w, https:\/\/infoecos.com.ar\/wp-content\/uploads\/2023\/11\/Escuela-de-Muralismo-23-1536x1024.jpg 1536w, https:\/\/infoecos.com.ar\/wp-content\/uploads\/2023\/11\/Escuela-de-Muralismo-23-2048x1365.jpg 2048w, https:\/\/infoecos.com.ar\/wp-content\/uploads\/2023\/11\/Escuela-de-Muralismo-23-1024x683.jpg 1024w, https:\/\/infoecos.com.ar\/wp-content\/uploads\/2023\/11\/Escuela-de-Muralismo-23-675x450.jpg 675w\" sizes=\"(max-width: 1600px) 100vw, 1600px\" \/><\/figure>\n<\/figure>\n\n\n\n<p>En otro tramo de su mensaje, agradeci\u00f3 a la familia de H\u00e9ctor \u201cCoco\u201d Rodr\u00edguez Fedele, con la que trabaj\u00f3 para el armado de la muestra que se inaugur\u00f3 tambi\u00e9n ayer (s\u00e1bado) en el Museo Campod\u00f3nico y resalt\u00f3 la \u201csensibilidad y la voluntad pol\u00edtica cultural que tiene Miguel Fern\u00e1ndez de propiciar este tipo de espacios y esta oferta cultural\u201d.<\/p>\n\n\n\n<p>Tambi\u00e9n agradeci\u00f3 a sus amigos\/as, colegas, a Magui Delfino, \u201cuna gran amiga y hermana\u201d y dijo que \u201csiempre pienso que en las revoluciones culturales hay un loco y\/o una loca creativa pensando en el ma\u00f1ana, y aqu\u00ed hay muchos locos que piensan en el ma\u00f1ana, Magui es una de ella, tambi\u00e9n Miguel (intendente Fern\u00e1ndez); Guillermo (Ruiz director de Cultura) y tambi\u00e9n N\u00e9stor \u201cNaki\u201d Mart\u00edn y Germ\u00e1n Villamor, con quienes vengo trabajando en distintos proyectos\u201d.<\/p>\n\n\n\n<figure class=\"wp-block-gallery has-nested-images columns-default is-cropped wp-block-gallery-4 is-layout-flex wp-block-gallery-is-layout-flex\">\n<figure class=\"wp-block-image size-large\"><img loading=\"lazy\" decoding=\"async\" width=\"1600\" height=\"1091\" data-id=\"115363\" src=\"https:\/\/infoecos.com.ar\/wp-content\/uploads\/2023\/11\/Escuela-de-Muralismo-25-1600x1091.jpg\" alt=\"\" class=\"wp-image-115363\" srcset=\"https:\/\/infoecos.com.ar\/wp-content\/uploads\/2023\/11\/Escuela-de-Muralismo-25-1600x1091.jpg 1600w, https:\/\/infoecos.com.ar\/wp-content\/uploads\/2023\/11\/Escuela-de-Muralismo-25-800x545.jpg 800w, https:\/\/infoecos.com.ar\/wp-content\/uploads\/2023\/11\/Escuela-de-Muralismo-25-768x524.jpg 768w, https:\/\/infoecos.com.ar\/wp-content\/uploads\/2023\/11\/Escuela-de-Muralismo-25-1536x1047.jpg 1536w, https:\/\/infoecos.com.ar\/wp-content\/uploads\/2023\/11\/Escuela-de-Muralismo-25-2048x1396.jpg 2048w, https:\/\/infoecos.com.ar\/wp-content\/uploads\/2023\/11\/Escuela-de-Muralismo-25-1024x698.jpg 1024w\" sizes=\"(max-width: 1600px) 100vw, 1600px\" \/><\/figure>\n\n\n\n<figure class=\"wp-block-image size-large\"><img loading=\"lazy\" decoding=\"async\" width=\"1600\" height=\"1091\" data-id=\"115362\" src=\"https:\/\/infoecos.com.ar\/wp-content\/uploads\/2023\/11\/Escuela-de-Muralismo-26-1600x1091.jpg\" alt=\"\" class=\"wp-image-115362\" srcset=\"https:\/\/infoecos.com.ar\/wp-content\/uploads\/2023\/11\/Escuela-de-Muralismo-26-1600x1091.jpg 1600w, https:\/\/infoecos.com.ar\/wp-content\/uploads\/2023\/11\/Escuela-de-Muralismo-26-800x545.jpg 800w, https:\/\/infoecos.com.ar\/wp-content\/uploads\/2023\/11\/Escuela-de-Muralismo-26-768x524.jpg 768w, https:\/\/infoecos.com.ar\/wp-content\/uploads\/2023\/11\/Escuela-de-Muralismo-26-1536x1047.jpg 1536w, https:\/\/infoecos.com.ar\/wp-content\/uploads\/2023\/11\/Escuela-de-Muralismo-26-2048x1396.jpg 2048w, https:\/\/infoecos.com.ar\/wp-content\/uploads\/2023\/11\/Escuela-de-Muralismo-26-1024x698.jpg 1024w\" sizes=\"(max-width: 1600px) 100vw, 1600px\" \/><\/figure>\n\n\n\n<figure class=\"wp-block-image size-large\"><img loading=\"lazy\" decoding=\"async\" width=\"1600\" height=\"1091\" data-id=\"115364\" src=\"https:\/\/infoecos.com.ar\/wp-content\/uploads\/2023\/11\/Escuela-de-Muralismo-27-1600x1091.jpg\" alt=\"\" class=\"wp-image-115364\" srcset=\"https:\/\/infoecos.com.ar\/wp-content\/uploads\/2023\/11\/Escuela-de-Muralismo-27-1600x1091.jpg 1600w, https:\/\/infoecos.com.ar\/wp-content\/uploads\/2023\/11\/Escuela-de-Muralismo-27-800x545.jpg 800w, https:\/\/infoecos.com.ar\/wp-content\/uploads\/2023\/11\/Escuela-de-Muralismo-27-768x524.jpg 768w, https:\/\/infoecos.com.ar\/wp-content\/uploads\/2023\/11\/Escuela-de-Muralismo-27-1536x1047.jpg 1536w, https:\/\/infoecos.com.ar\/wp-content\/uploads\/2023\/11\/Escuela-de-Muralismo-27-2048x1396.jpg 2048w, https:\/\/infoecos.com.ar\/wp-content\/uploads\/2023\/11\/Escuela-de-Muralismo-27-1024x698.jpg 1024w\" sizes=\"(max-width: 1600px) 100vw, 1600px\" \/><\/figure>\n<\/figure>\n\n\n\n<p>\u201cAc\u00e1 hay muchos amigos\/as y esta comunidad, a mi familia y a m\u00ed, nos ha brindado el cielo como sombrero y por eso estoy muy contento y muy sensible\u201d, concluy\u00f3 emocionado.<\/p>\n\n\n\n<figure class=\"wp-block-gallery has-nested-images columns-default is-cropped wp-block-gallery-5 is-layout-flex wp-block-gallery-is-layout-flex\">\n<figure class=\"wp-block-image size-large\"><img loading=\"lazy\" decoding=\"async\" width=\"1600\" height=\"1091\" data-id=\"115365\" src=\"https:\/\/infoecos.com.ar\/wp-content\/uploads\/2023\/11\/Escuela-de-Muralismo-28-1600x1091.jpg\" alt=\"\" class=\"wp-image-115365\" srcset=\"https:\/\/infoecos.com.ar\/wp-content\/uploads\/2023\/11\/Escuela-de-Muralismo-28-1600x1091.jpg 1600w, https:\/\/infoecos.com.ar\/wp-content\/uploads\/2023\/11\/Escuela-de-Muralismo-28-800x545.jpg 800w, https:\/\/infoecos.com.ar\/wp-content\/uploads\/2023\/11\/Escuela-de-Muralismo-28-768x524.jpg 768w, https:\/\/infoecos.com.ar\/wp-content\/uploads\/2023\/11\/Escuela-de-Muralismo-28-1536x1047.jpg 1536w, https:\/\/infoecos.com.ar\/wp-content\/uploads\/2023\/11\/Escuela-de-Muralismo-28-2048x1396.jpg 2048w, https:\/\/infoecos.com.ar\/wp-content\/uploads\/2023\/11\/Escuela-de-Muralismo-28-1024x698.jpg 1024w\" sizes=\"(max-width: 1600px) 100vw, 1600px\" \/><\/figure>\n\n\n\n<figure class=\"wp-block-image size-large\"><img loading=\"lazy\" decoding=\"async\" width=\"1600\" height=\"1091\" data-id=\"115367\" src=\"https:\/\/infoecos.com.ar\/wp-content\/uploads\/2023\/11\/Escuela-de-Muralismo-29-1600x1091.jpg\" alt=\"\" class=\"wp-image-115367\" srcset=\"https:\/\/infoecos.com.ar\/wp-content\/uploads\/2023\/11\/Escuela-de-Muralismo-29-1600x1091.jpg 1600w, https:\/\/infoecos.com.ar\/wp-content\/uploads\/2023\/11\/Escuela-de-Muralismo-29-800x545.jpg 800w, https:\/\/infoecos.com.ar\/wp-content\/uploads\/2023\/11\/Escuela-de-Muralismo-29-768x524.jpg 768w, https:\/\/infoecos.com.ar\/wp-content\/uploads\/2023\/11\/Escuela-de-Muralismo-29-1536x1047.jpg 1536w, https:\/\/infoecos.com.ar\/wp-content\/uploads\/2023\/11\/Escuela-de-Muralismo-29-2048x1396.jpg 2048w, https:\/\/infoecos.com.ar\/wp-content\/uploads\/2023\/11\/Escuela-de-Muralismo-29-1024x698.jpg 1024w\" sizes=\"(max-width: 1600px) 100vw, 1600px\" \/><\/figure>\n\n\n\n<figure class=\"wp-block-image size-large\"><img loading=\"lazy\" decoding=\"async\" width=\"1600\" height=\"1091\" data-id=\"115366\" src=\"https:\/\/infoecos.com.ar\/wp-content\/uploads\/2023\/11\/Escuela-de-Muralismo-30-1600x1091.jpg\" alt=\"\" class=\"wp-image-115366\" srcset=\"https:\/\/infoecos.com.ar\/wp-content\/uploads\/2023\/11\/Escuela-de-Muralismo-30-1600x1091.jpg 1600w, https:\/\/infoecos.com.ar\/wp-content\/uploads\/2023\/11\/Escuela-de-Muralismo-30-800x545.jpg 800w, https:\/\/infoecos.com.ar\/wp-content\/uploads\/2023\/11\/Escuela-de-Muralismo-30-768x524.jpg 768w, https:\/\/infoecos.com.ar\/wp-content\/uploads\/2023\/11\/Escuela-de-Muralismo-30-1536x1047.jpg 1536w, https:\/\/infoecos.com.ar\/wp-content\/uploads\/2023\/11\/Escuela-de-Muralismo-30-2048x1396.jpg 2048w, https:\/\/infoecos.com.ar\/wp-content\/uploads\/2023\/11\/Escuela-de-Muralismo-30-1024x698.jpg 1024w\" sizes=\"(max-width: 1600px) 100vw, 1600px\" \/><\/figure>\n<\/figure>\n\n\n\n<figure class=\"wp-block-gallery has-nested-images columns-default is-cropped wp-block-gallery-6 is-layout-flex wp-block-gallery-is-layout-flex\">\n<figure class=\"wp-block-image size-large\"><img loading=\"lazy\" decoding=\"async\" width=\"1600\" height=\"1091\" data-id=\"115369\" src=\"https:\/\/infoecos.com.ar\/wp-content\/uploads\/2023\/11\/Escuela-de-Muralismo-31-1600x1091.jpg\" alt=\"\" class=\"wp-image-115369\" srcset=\"https:\/\/infoecos.com.ar\/wp-content\/uploads\/2023\/11\/Escuela-de-Muralismo-31-1600x1091.jpg 1600w, https:\/\/infoecos.com.ar\/wp-content\/uploads\/2023\/11\/Escuela-de-Muralismo-31-800x545.jpg 800w, https:\/\/infoecos.com.ar\/wp-content\/uploads\/2023\/11\/Escuela-de-Muralismo-31-768x524.jpg 768w, https:\/\/infoecos.com.ar\/wp-content\/uploads\/2023\/11\/Escuela-de-Muralismo-31-1536x1047.jpg 1536w, https:\/\/infoecos.com.ar\/wp-content\/uploads\/2023\/11\/Escuela-de-Muralismo-31-2048x1396.jpg 2048w, https:\/\/infoecos.com.ar\/wp-content\/uploads\/2023\/11\/Escuela-de-Muralismo-31-1024x698.jpg 1024w\" sizes=\"(max-width: 1600px) 100vw, 1600px\" \/><\/figure>\n\n\n\n<figure class=\"wp-block-image size-large\"><img loading=\"lazy\" decoding=\"async\" width=\"1600\" height=\"1091\" data-id=\"115368\" src=\"https:\/\/infoecos.com.ar\/wp-content\/uploads\/2023\/11\/Escuela-de-Muralismo-32-1600x1091.jpg\" alt=\"\" class=\"wp-image-115368\" srcset=\"https:\/\/infoecos.com.ar\/wp-content\/uploads\/2023\/11\/Escuela-de-Muralismo-32-1600x1091.jpg 1600w, https:\/\/infoecos.com.ar\/wp-content\/uploads\/2023\/11\/Escuela-de-Muralismo-32-800x545.jpg 800w, https:\/\/infoecos.com.ar\/wp-content\/uploads\/2023\/11\/Escuela-de-Muralismo-32-768x524.jpg 768w, https:\/\/infoecos.com.ar\/wp-content\/uploads\/2023\/11\/Escuela-de-Muralismo-32-1536x1047.jpg 1536w, https:\/\/infoecos.com.ar\/wp-content\/uploads\/2023\/11\/Escuela-de-Muralismo-32-2048x1396.jpg 2048w, https:\/\/infoecos.com.ar\/wp-content\/uploads\/2023\/11\/Escuela-de-Muralismo-32-1024x698.jpg 1024w\" sizes=\"(max-width: 1600px) 100vw, 1600px\" \/><\/figure>\n\n\n\n<figure class=\"wp-block-image size-large\"><img loading=\"lazy\" decoding=\"async\" width=\"1600\" height=\"1091\" data-id=\"115372\" src=\"https:\/\/infoecos.com.ar\/wp-content\/uploads\/2023\/11\/Escuela-de-Muralismo-33-1600x1091.jpg\" alt=\"\" class=\"wp-image-115372\" srcset=\"https:\/\/infoecos.com.ar\/wp-content\/uploads\/2023\/11\/Escuela-de-Muralismo-33-1600x1091.jpg 1600w, https:\/\/infoecos.com.ar\/wp-content\/uploads\/2023\/11\/Escuela-de-Muralismo-33-800x545.jpg 800w, https:\/\/infoecos.com.ar\/wp-content\/uploads\/2023\/11\/Escuela-de-Muralismo-33-768x524.jpg 768w, https:\/\/infoecos.com.ar\/wp-content\/uploads\/2023\/11\/Escuela-de-Muralismo-33-1536x1047.jpg 1536w, https:\/\/infoecos.com.ar\/wp-content\/uploads\/2023\/11\/Escuela-de-Muralismo-33-2048x1396.jpg 2048w, https:\/\/infoecos.com.ar\/wp-content\/uploads\/2023\/11\/Escuela-de-Muralismo-33-1024x698.jpg 1024w\" sizes=\"(max-width: 1600px) 100vw, 1600px\" \/><\/figure>\n\n\n\n<figure class=\"wp-block-image size-large\"><img loading=\"lazy\" decoding=\"async\" width=\"1600\" height=\"1091\" data-id=\"115370\" src=\"https:\/\/infoecos.com.ar\/wp-content\/uploads\/2023\/11\/Escuela-de-Muralismo-34-1600x1091.jpg\" alt=\"\" class=\"wp-image-115370\" srcset=\"https:\/\/infoecos.com.ar\/wp-content\/uploads\/2023\/11\/Escuela-de-Muralismo-34-1600x1091.jpg 1600w, https:\/\/infoecos.com.ar\/wp-content\/uploads\/2023\/11\/Escuela-de-Muralismo-34-800x545.jpg 800w, https:\/\/infoecos.com.ar\/wp-content\/uploads\/2023\/11\/Escuela-de-Muralismo-34-768x524.jpg 768w, https:\/\/infoecos.com.ar\/wp-content\/uploads\/2023\/11\/Escuela-de-Muralismo-34-1536x1047.jpg 1536w, https:\/\/infoecos.com.ar\/wp-content\/uploads\/2023\/11\/Escuela-de-Muralismo-34-2048x1396.jpg 2048w, https:\/\/infoecos.com.ar\/wp-content\/uploads\/2023\/11\/Escuela-de-Muralismo-34-1024x698.jpg 1024w\" sizes=\"(max-width: 1600px) 100vw, 1600px\" \/><\/figure>\n\n\n\n<figure class=\"wp-block-image size-large\"><img loading=\"lazy\" decoding=\"async\" width=\"1600\" height=\"1091\" data-id=\"115374\" src=\"https:\/\/infoecos.com.ar\/wp-content\/uploads\/2023\/11\/Escuela-de-Muralismo-35-1600x1091.jpg\" alt=\"\" class=\"wp-image-115374\" srcset=\"https:\/\/infoecos.com.ar\/wp-content\/uploads\/2023\/11\/Escuela-de-Muralismo-35-1600x1091.jpg 1600w, https:\/\/infoecos.com.ar\/wp-content\/uploads\/2023\/11\/Escuela-de-Muralismo-35-800x545.jpg 800w, https:\/\/infoecos.com.ar\/wp-content\/uploads\/2023\/11\/Escuela-de-Muralismo-35-768x524.jpg 768w, https:\/\/infoecos.com.ar\/wp-content\/uploads\/2023\/11\/Escuela-de-Muralismo-35-1536x1047.jpg 1536w, https:\/\/infoecos.com.ar\/wp-content\/uploads\/2023\/11\/Escuela-de-Muralismo-35-2048x1396.jpg 2048w, https:\/\/infoecos.com.ar\/wp-content\/uploads\/2023\/11\/Escuela-de-Muralismo-35-1024x698.jpg 1024w\" sizes=\"(max-width: 1600px) 100vw, 1600px\" \/><\/figure>\n\n\n\n<figure class=\"wp-block-image size-large\"><img loading=\"lazy\" decoding=\"async\" width=\"1600\" height=\"1091\" data-id=\"115371\" src=\"https:\/\/infoecos.com.ar\/wp-content\/uploads\/2023\/11\/Escuela-de-Muralismo-36-1600x1091.jpg\" alt=\"\" class=\"wp-image-115371\" srcset=\"https:\/\/infoecos.com.ar\/wp-content\/uploads\/2023\/11\/Escuela-de-Muralismo-36-1600x1091.jpg 1600w, https:\/\/infoecos.com.ar\/wp-content\/uploads\/2023\/11\/Escuela-de-Muralismo-36-800x545.jpg 800w, https:\/\/infoecos.com.ar\/wp-content\/uploads\/2023\/11\/Escuela-de-Muralismo-36-768x524.jpg 768w, https:\/\/infoecos.com.ar\/wp-content\/uploads\/2023\/11\/Escuela-de-Muralismo-36-1536x1047.jpg 1536w, https:\/\/infoecos.com.ar\/wp-content\/uploads\/2023\/11\/Escuela-de-Muralismo-36-2048x1396.jpg 2048w, https:\/\/infoecos.com.ar\/wp-content\/uploads\/2023\/11\/Escuela-de-Muralismo-36-1024x698.jpg 1024w\" sizes=\"(max-width: 1600px) 100vw, 1600px\" \/><\/figure>\n\n\n\n<figure class=\"wp-block-image size-large\"><img loading=\"lazy\" decoding=\"async\" width=\"1600\" height=\"1091\" data-id=\"115373\" src=\"https:\/\/infoecos.com.ar\/wp-content\/uploads\/2023\/11\/Escuela-de-Muralismo-37-1600x1091.jpg\" alt=\"\" class=\"wp-image-115373\" srcset=\"https:\/\/infoecos.com.ar\/wp-content\/uploads\/2023\/11\/Escuela-de-Muralismo-37-1600x1091.jpg 1600w, https:\/\/infoecos.com.ar\/wp-content\/uploads\/2023\/11\/Escuela-de-Muralismo-37-800x545.jpg 800w, https:\/\/infoecos.com.ar\/wp-content\/uploads\/2023\/11\/Escuela-de-Muralismo-37-768x524.jpg 768w, https:\/\/infoecos.com.ar\/wp-content\/uploads\/2023\/11\/Escuela-de-Muralismo-37-1536x1047.jpg 1536w, https:\/\/infoecos.com.ar\/wp-content\/uploads\/2023\/11\/Escuela-de-Muralismo-37-2048x1396.jpg 2048w, https:\/\/infoecos.com.ar\/wp-content\/uploads\/2023\/11\/Escuela-de-Muralismo-37-1024x698.jpg 1024w\" sizes=\"(max-width: 1600px) 100vw, 1600px\" \/><\/figure>\n\n\n<\/figure>\n","protected":false},"excerpt":{"rendered":"<p>El muralista y coordinador de la Escuela de Muralismo y Arte Comunitario (EMAC), el salvadore\u00f1o Isa\u00edas Mata<\/p>\n","protected":false},"author":2,"featured_media":115354,"comment_status":"closed","ping_status":"open","sticky":false,"template":"","format":"standard","meta":{"footnotes":""},"categories":[1333],"tags":[2706],"class_list":["post-115352","post","type-post","status-publish","format-standard","has-post-thumbnail","hentry","category-inferior13","tag-con-trascendencia-internacional"],"yoast_head":"<!-- This site is optimized with the Yoast SEO plugin v23.4 - https:\/\/yoast.com\/wordpress\/plugins\/seo\/ -->\n<title>\u201cLa creaci\u00f3n de la Escuela de Muralismo es algo hist\u00f3rico e in\u00e9dito&quot;, dijo Isa\u00edas Mata - Infoecos<\/title>\n<meta name=\"robots\" content=\"index, follow, max-snippet:-1, max-image-preview:large, max-video-preview:-1\" \/>\n<link rel=\"canonical\" href=\"https:\/\/infoecos.com.ar\/index.php\/la-creacion-de-la-escuela-de-muralismo-es-algo-historico-e-inedito-dijo-isaias-mata\/\" \/>\n<meta property=\"og:locale\" content=\"es_ES\" \/>\n<meta property=\"og:type\" content=\"article\" \/>\n<meta property=\"og:title\" content=\"\u201cLa creaci\u00f3n de la Escuela de Muralismo es algo hist\u00f3rico e in\u00e9dito&quot;, dijo Isa\u00edas Mata - Infoecos\" \/>\n<meta property=\"og:description\" content=\"El muralista y coordinador de la Escuela de Muralismo y Arte Comunitario (EMAC), el salvadore\u00f1o Isa\u00edas Mata\" \/>\n<meta property=\"og:url\" content=\"https:\/\/infoecos.com.ar\/index.php\/la-creacion-de-la-escuela-de-muralismo-es-algo-historico-e-inedito-dijo-isaias-mata\/\" \/>\n<meta property=\"og:site_name\" content=\"Infoecos\" \/>\n<meta property=\"article:publisher\" content=\"https:\/\/www.facebook.com\/profile.php?id=100063200290284\" \/>\n<meta property=\"article:published_time\" content=\"2023-11-26T19:20:17+00:00\" \/>\n<meta property=\"article:modified_time\" content=\"2023-11-30T15:28:55+00:00\" \/>\n<meta property=\"og:image\" content=\"https:\/\/infoecos.com.ar\/wp-content\/uploads\/2023\/11\/Escuela-de-Muralismo-11-scaled.jpg\" \/>\n\t<meta property=\"og:image:width\" content=\"2560\" \/>\n\t<meta property=\"og:image:height\" content=\"1745\" \/>\n\t<meta property=\"og:image:type\" content=\"image\/jpeg\" \/>\n<meta name=\"author\" content=\"Jorge Matheus\" \/>\n<meta name=\"twitter:card\" content=\"summary_large_image\" \/>\n<meta name=\"twitter:creator\" content=\"@infoecos\" \/>\n<meta name=\"twitter:site\" content=\"@infoecos\" \/>\n<meta name=\"twitter:label1\" content=\"Escrito por\" \/>\n\t<meta name=\"twitter:data1\" content=\"Jorge Matheus\" \/>\n\t<meta name=\"twitter:label2\" content=\"Tiempo de lectura\" \/>\n\t<meta name=\"twitter:data2\" content=\"7 minutos\" \/>\n<script type=\"application\/ld+json\" class=\"yoast-schema-graph\">{\"@context\":\"https:\/\/schema.org\",\"@graph\":[{\"@type\":\"Article\",\"@id\":\"https:\/\/infoecos.com.ar\/index.php\/la-creacion-de-la-escuela-de-muralismo-es-algo-historico-e-inedito-dijo-isaias-mata\/#article\",\"isPartOf\":{\"@id\":\"https:\/\/infoecos.com.ar\/index.php\/la-creacion-de-la-escuela-de-muralismo-es-algo-historico-e-inedito-dijo-isaias-mata\/\"},\"author\":{\"name\":\"Jorge Matheus\",\"@id\":\"https:\/\/infoecos.com.ar\/#\/schema\/person\/8f5ace5ce73b4b4aac4b7245aee6f191\"},\"headline\":\"\u201cLa creaci\u00f3n de la Escuela de Muralismo es algo hist\u00f3rico e in\u00e9dito\u00bb, dijo Isa\u00edas Mata\",\"datePublished\":\"2023-11-26T19:20:17+00:00\",\"dateModified\":\"2023-11-30T15:28:55+00:00\",\"mainEntityOfPage\":{\"@id\":\"https:\/\/infoecos.com.ar\/index.php\/la-creacion-de-la-escuela-de-muralismo-es-algo-historico-e-inedito-dijo-isaias-mata\/\"},\"wordCount\":573,\"publisher\":{\"@id\":\"https:\/\/infoecos.com.ar\/#organization\"},\"image\":{\"@id\":\"https:\/\/infoecos.com.ar\/index.php\/la-creacion-de-la-escuela-de-muralismo-es-algo-historico-e-inedito-dijo-isaias-mata\/#primaryimage\"},\"thumbnailUrl\":\"https:\/\/infoecos.com.ar\/wp-content\/uploads\/2023\/11\/Escuela-de-Muralismo-11-scaled.jpg\",\"keywords\":[\"CON TRASCENDENCIA INTERNACIONAL\"],\"articleSection\":[\"Bloque inferior - 13\"],\"inLanguage\":\"es\"},{\"@type\":\"WebPage\",\"@id\":\"https:\/\/infoecos.com.ar\/index.php\/la-creacion-de-la-escuela-de-muralismo-es-algo-historico-e-inedito-dijo-isaias-mata\/\",\"url\":\"https:\/\/infoecos.com.ar\/index.php\/la-creacion-de-la-escuela-de-muralismo-es-algo-historico-e-inedito-dijo-isaias-mata\/\",\"name\":\"\u201cLa creaci\u00f3n de la Escuela de Muralismo es algo hist\u00f3rico e in\u00e9dito\\\", dijo Isa\u00edas Mata - Infoecos\",\"isPartOf\":{\"@id\":\"https:\/\/infoecos.com.ar\/#website\"},\"primaryImageOfPage\":{\"@id\":\"https:\/\/infoecos.com.ar\/index.php\/la-creacion-de-la-escuela-de-muralismo-es-algo-historico-e-inedito-dijo-isaias-mata\/#primaryimage\"},\"image\":{\"@id\":\"https:\/\/infoecos.com.ar\/index.php\/la-creacion-de-la-escuela-de-muralismo-es-algo-historico-e-inedito-dijo-isaias-mata\/#primaryimage\"},\"thumbnailUrl\":\"https:\/\/infoecos.com.ar\/wp-content\/uploads\/2023\/11\/Escuela-de-Muralismo-11-scaled.jpg\",\"datePublished\":\"2023-11-26T19:20:17+00:00\",\"dateModified\":\"2023-11-30T15:28:55+00:00\",\"breadcrumb\":{\"@id\":\"https:\/\/infoecos.com.ar\/index.php\/la-creacion-de-la-escuela-de-muralismo-es-algo-historico-e-inedito-dijo-isaias-mata\/#breadcrumb\"},\"inLanguage\":\"es\",\"potentialAction\":[{\"@type\":\"ReadAction\",\"target\":[\"https:\/\/infoecos.com.ar\/index.php\/la-creacion-de-la-escuela-de-muralismo-es-algo-historico-e-inedito-dijo-isaias-mata\/\"]}]},{\"@type\":\"ImageObject\",\"inLanguage\":\"es\",\"@id\":\"https:\/\/infoecos.com.ar\/index.php\/la-creacion-de-la-escuela-de-muralismo-es-algo-historico-e-inedito-dijo-isaias-mata\/#primaryimage\",\"url\":\"https:\/\/infoecos.com.ar\/wp-content\/uploads\/2023\/11\/Escuela-de-Muralismo-11-scaled.jpg\",\"contentUrl\":\"https:\/\/infoecos.com.ar\/wp-content\/uploads\/2023\/11\/Escuela-de-Muralismo-11-scaled.jpg\",\"width\":2560,\"height\":1745},{\"@type\":\"BreadcrumbList\",\"@id\":\"https:\/\/infoecos.com.ar\/index.php\/la-creacion-de-la-escuela-de-muralismo-es-algo-historico-e-inedito-dijo-isaias-mata\/#breadcrumb\",\"itemListElement\":[{\"@type\":\"ListItem\",\"position\":1,\"name\":\"Portada\",\"item\":\"https:\/\/infoecos.com.ar\/\"},{\"@type\":\"ListItem\",\"position\":2,\"name\":\"\u201cLa creaci\u00f3n de la Escuela de Muralismo es algo hist\u00f3rico e in\u00e9dito\u00bb, dijo Isa\u00edas Mata\"}]},{\"@type\":\"WebSite\",\"@id\":\"https:\/\/infoecos.com.ar\/#website\",\"url\":\"https:\/\/infoecos.com.ar\/\",\"name\":\"Infoecos\",\"description\":\"Noticias de trenque lauquen y la zona\",\"publisher\":{\"@id\":\"https:\/\/infoecos.com.ar\/#organization\"},\"alternateName\":\"Noticias\",\"potentialAction\":[{\"@type\":\"SearchAction\",\"target\":{\"@type\":\"EntryPoint\",\"urlTemplate\":\"https:\/\/infoecos.com.ar\/?s={search_term_string}\"},\"query-input\":{\"@type\":\"PropertyValueSpecification\",\"valueRequired\":true,\"valueName\":\"search_term_string\"}}],\"inLanguage\":\"es\"},{\"@type\":\"Organization\",\"@id\":\"https:\/\/infoecos.com.ar\/#organization\",\"name\":\"Infoecos\",\"alternateName\":\"Noticias\",\"url\":\"https:\/\/infoecos.com.ar\/\",\"logo\":{\"@type\":\"ImageObject\",\"inLanguage\":\"es\",\"@id\":\"https:\/\/infoecos.com.ar\/#\/schema\/logo\/image\/\",\"url\":\"https:\/\/infoecos.com.ar\/wp-content\/uploads\/2024\/03\/cropped-logo.png\",\"contentUrl\":\"https:\/\/infoecos.com.ar\/wp-content\/uploads\/2024\/03\/cropped-logo.png\",\"width\":374,\"height\":90,\"caption\":\"Infoecos\"},\"image\":{\"@id\":\"https:\/\/infoecos.com.ar\/#\/schema\/logo\/image\/\"},\"sameAs\":[\"https:\/\/www.facebook.com\/profile.php?id=100063200290284\",\"https:\/\/x.com\/infoecos\"]},{\"@type\":\"Person\",\"@id\":\"https:\/\/infoecos.com.ar\/#\/schema\/person\/8f5ace5ce73b4b4aac4b7245aee6f191\",\"name\":\"Jorge Matheus\",\"url\":\"https:\/\/infoecos.com.ar\/index.php\/author\/jomatheus\/\"}]}<\/script>\n<!-- \/ Yoast SEO plugin. -->","yoast_head_json":{"title":"\u201cLa creaci\u00f3n de la Escuela de Muralismo es algo hist\u00f3rico e in\u00e9dito\", dijo Isa\u00edas Mata - Infoecos","robots":{"index":"index","follow":"follow","max-snippet":"max-snippet:-1","max-image-preview":"max-image-preview:large","max-video-preview":"max-video-preview:-1"},"canonical":"https:\/\/infoecos.com.ar\/index.php\/la-creacion-de-la-escuela-de-muralismo-es-algo-historico-e-inedito-dijo-isaias-mata\/","og_locale":"es_ES","og_type":"article","og_title":"\u201cLa creaci\u00f3n de la Escuela de Muralismo es algo hist\u00f3rico e in\u00e9dito\", dijo Isa\u00edas Mata - Infoecos","og_description":"El muralista y coordinador de la Escuela de Muralismo y Arte Comunitario (EMAC), el salvadore\u00f1o Isa\u00edas Mata","og_url":"https:\/\/infoecos.com.ar\/index.php\/la-creacion-de-la-escuela-de-muralismo-es-algo-historico-e-inedito-dijo-isaias-mata\/","og_site_name":"Infoecos","article_publisher":"https:\/\/www.facebook.com\/profile.php?id=100063200290284","article_published_time":"2023-11-26T19:20:17+00:00","article_modified_time":"2023-11-30T15:28:55+00:00","og_image":[{"width":2560,"height":1745,"url":"https:\/\/infoecos.com.ar\/wp-content\/uploads\/2023\/11\/Escuela-de-Muralismo-11-scaled.jpg","type":"image\/jpeg"}],"author":"Jorge Matheus","twitter_card":"summary_large_image","twitter_creator":"@infoecos","twitter_site":"@infoecos","twitter_misc":{"Escrito por":"Jorge Matheus","Tiempo de lectura":"7 minutos"},"schema":{"@context":"https:\/\/schema.org","@graph":[{"@type":"Article","@id":"https:\/\/infoecos.com.ar\/index.php\/la-creacion-de-la-escuela-de-muralismo-es-algo-historico-e-inedito-dijo-isaias-mata\/#article","isPartOf":{"@id":"https:\/\/infoecos.com.ar\/index.php\/la-creacion-de-la-escuela-de-muralismo-es-algo-historico-e-inedito-dijo-isaias-mata\/"},"author":{"name":"Jorge Matheus","@id":"https:\/\/infoecos.com.ar\/#\/schema\/person\/8f5ace5ce73b4b4aac4b7245aee6f191"},"headline":"\u201cLa creaci\u00f3n de la Escuela de Muralismo es algo hist\u00f3rico e in\u00e9dito\u00bb, dijo Isa\u00edas Mata","datePublished":"2023-11-26T19:20:17+00:00","dateModified":"2023-11-30T15:28:55+00:00","mainEntityOfPage":{"@id":"https:\/\/infoecos.com.ar\/index.php\/la-creacion-de-la-escuela-de-muralismo-es-algo-historico-e-inedito-dijo-isaias-mata\/"},"wordCount":573,"publisher":{"@id":"https:\/\/infoecos.com.ar\/#organization"},"image":{"@id":"https:\/\/infoecos.com.ar\/index.php\/la-creacion-de-la-escuela-de-muralismo-es-algo-historico-e-inedito-dijo-isaias-mata\/#primaryimage"},"thumbnailUrl":"https:\/\/infoecos.com.ar\/wp-content\/uploads\/2023\/11\/Escuela-de-Muralismo-11-scaled.jpg","keywords":["CON TRASCENDENCIA INTERNACIONAL"],"articleSection":["Bloque inferior - 13"],"inLanguage":"es"},{"@type":"WebPage","@id":"https:\/\/infoecos.com.ar\/index.php\/la-creacion-de-la-escuela-de-muralismo-es-algo-historico-e-inedito-dijo-isaias-mata\/","url":"https:\/\/infoecos.com.ar\/index.php\/la-creacion-de-la-escuela-de-muralismo-es-algo-historico-e-inedito-dijo-isaias-mata\/","name":"\u201cLa creaci\u00f3n de la Escuela de Muralismo es algo hist\u00f3rico e in\u00e9dito\", dijo Isa\u00edas Mata - Infoecos","isPartOf":{"@id":"https:\/\/infoecos.com.ar\/#website"},"primaryImageOfPage":{"@id":"https:\/\/infoecos.com.ar\/index.php\/la-creacion-de-la-escuela-de-muralismo-es-algo-historico-e-inedito-dijo-isaias-mata\/#primaryimage"},"image":{"@id":"https:\/\/infoecos.com.ar\/index.php\/la-creacion-de-la-escuela-de-muralismo-es-algo-historico-e-inedito-dijo-isaias-mata\/#primaryimage"},"thumbnailUrl":"https:\/\/infoecos.com.ar\/wp-content\/uploads\/2023\/11\/Escuela-de-Muralismo-11-scaled.jpg","datePublished":"2023-11-26T19:20:17+00:00","dateModified":"2023-11-30T15:28:55+00:00","breadcrumb":{"@id":"https:\/\/infoecos.com.ar\/index.php\/la-creacion-de-la-escuela-de-muralismo-es-algo-historico-e-inedito-dijo-isaias-mata\/#breadcrumb"},"inLanguage":"es","potentialAction":[{"@type":"ReadAction","target":["https:\/\/infoecos.com.ar\/index.php\/la-creacion-de-la-escuela-de-muralismo-es-algo-historico-e-inedito-dijo-isaias-mata\/"]}]},{"@type":"ImageObject","inLanguage":"es","@id":"https:\/\/infoecos.com.ar\/index.php\/la-creacion-de-la-escuela-de-muralismo-es-algo-historico-e-inedito-dijo-isaias-mata\/#primaryimage","url":"https:\/\/infoecos.com.ar\/wp-content\/uploads\/2023\/11\/Escuela-de-Muralismo-11-scaled.jpg","contentUrl":"https:\/\/infoecos.com.ar\/wp-content\/uploads\/2023\/11\/Escuela-de-Muralismo-11-scaled.jpg","width":2560,"height":1745},{"@type":"BreadcrumbList","@id":"https:\/\/infoecos.com.ar\/index.php\/la-creacion-de-la-escuela-de-muralismo-es-algo-historico-e-inedito-dijo-isaias-mata\/#breadcrumb","itemListElement":[{"@type":"ListItem","position":1,"name":"Portada","item":"https:\/\/infoecos.com.ar\/"},{"@type":"ListItem","position":2,"name":"\u201cLa creaci\u00f3n de la Escuela de Muralismo es algo hist\u00f3rico e in\u00e9dito\u00bb, dijo Isa\u00edas Mata"}]},{"@type":"WebSite","@id":"https:\/\/infoecos.com.ar\/#website","url":"https:\/\/infoecos.com.ar\/","name":"Infoecos","description":"Noticias de trenque lauquen y la zona","publisher":{"@id":"https:\/\/infoecos.com.ar\/#organization"},"alternateName":"Noticias","potentialAction":[{"@type":"SearchAction","target":{"@type":"EntryPoint","urlTemplate":"https:\/\/infoecos.com.ar\/?s={search_term_string}"},"query-input":{"@type":"PropertyValueSpecification","valueRequired":true,"valueName":"search_term_string"}}],"inLanguage":"es"},{"@type":"Organization","@id":"https:\/\/infoecos.com.ar\/#organization","name":"Infoecos","alternateName":"Noticias","url":"https:\/\/infoecos.com.ar\/","logo":{"@type":"ImageObject","inLanguage":"es","@id":"https:\/\/infoecos.com.ar\/#\/schema\/logo\/image\/","url":"https:\/\/infoecos.com.ar\/wp-content\/uploads\/2024\/03\/cropped-logo.png","contentUrl":"https:\/\/infoecos.com.ar\/wp-content\/uploads\/2024\/03\/cropped-logo.png","width":374,"height":90,"caption":"Infoecos"},"image":{"@id":"https:\/\/infoecos.com.ar\/#\/schema\/logo\/image\/"},"sameAs":["https:\/\/www.facebook.com\/profile.php?id=100063200290284","https:\/\/x.com\/infoecos"]},{"@type":"Person","@id":"https:\/\/infoecos.com.ar\/#\/schema\/person\/8f5ace5ce73b4b4aac4b7245aee6f191","name":"Jorge Matheus","url":"https:\/\/infoecos.com.ar\/index.php\/author\/jomatheus\/"}]}},"featured_image_urls":{"full":["https:\/\/infoecos.com.ar\/wp-content\/uploads\/2023\/11\/Escuela-de-Muralismo-11-scaled.jpg",2560,1745,false],"thumbnail":["https:\/\/infoecos.com.ar\/wp-content\/uploads\/2023\/11\/Escuela-de-Muralismo-11-300x150.jpg",300,150,true],"medium":["https:\/\/infoecos.com.ar\/wp-content\/uploads\/2023\/11\/Escuela-de-Muralismo-11-800x545.jpg",800,545,true],"medium_large":["https:\/\/infoecos.com.ar\/wp-content\/uploads\/2023\/11\/Escuela-de-Muralismo-11-768x524.jpg",640,437,true],"large":["https:\/\/infoecos.com.ar\/wp-content\/uploads\/2023\/11\/Escuela-de-Muralismo-11-1600x1091.jpg",640,436,true],"1536x1536":["https:\/\/infoecos.com.ar\/wp-content\/uploads\/2023\/11\/Escuela-de-Muralismo-11-1536x1047.jpg",1536,1047,true],"2048x2048":["https:\/\/infoecos.com.ar\/wp-content\/uploads\/2023\/11\/Escuela-de-Muralismo-11-2048x1396.jpg",2048,1396,true],"covernews-slider-full":["https:\/\/infoecos.com.ar\/wp-content\/uploads\/2023\/11\/Escuela-de-Muralismo-11-1536x1020.jpg",1077,715,true],"covernews-slider-center":["https:\/\/infoecos.com.ar\/wp-content\/uploads\/2023\/11\/Escuela-de-Muralismo-11-936x897.jpg",522,500,true],"covernews-featured":["https:\/\/infoecos.com.ar\/wp-content\/uploads\/2023\/11\/Escuela-de-Muralismo-11-1024x698.jpg",1024,698,true],"covernews-medium":["https:\/\/infoecos.com.ar\/wp-content\/uploads\/2023\/11\/Escuela-de-Muralismo-11-720x380.jpg",540,285,true],"covernews-medium-square":["https:\/\/infoecos.com.ar\/wp-content\/uploads\/2023\/11\/Escuela-de-Muralismo-11-675x450.jpg",375,250,true]},"author_info":{"info":["Jorge Matheus"]},"category_info":"<a href=\"https:\/\/infoecos.com.ar\/index.php\/category\/inferior13\/\" rel=\"category tag\">Bloque inferior - 13<\/a>","tag_info":"Bloque inferior - 13","comment_count":"0","_links":{"self":[{"href":"https:\/\/infoecos.com.ar\/index.php\/wp-json\/wp\/v2\/posts\/115352"}],"collection":[{"href":"https:\/\/infoecos.com.ar\/index.php\/wp-json\/wp\/v2\/posts"}],"about":[{"href":"https:\/\/infoecos.com.ar\/index.php\/wp-json\/wp\/v2\/types\/post"}],"author":[{"embeddable":true,"href":"https:\/\/infoecos.com.ar\/index.php\/wp-json\/wp\/v2\/users\/2"}],"replies":[{"embeddable":true,"href":"https:\/\/infoecos.com.ar\/index.php\/wp-json\/wp\/v2\/comments?post=115352"}],"version-history":[{"count":2,"href":"https:\/\/infoecos.com.ar\/index.php\/wp-json\/wp\/v2\/posts\/115352\/revisions"}],"predecessor-version":[{"id":115506,"href":"https:\/\/infoecos.com.ar\/index.php\/wp-json\/wp\/v2\/posts\/115352\/revisions\/115506"}],"wp:featuredmedia":[{"embeddable":true,"href":"https:\/\/infoecos.com.ar\/index.php\/wp-json\/wp\/v2\/media\/115354"}],"wp:attachment":[{"href":"https:\/\/infoecos.com.ar\/index.php\/wp-json\/wp\/v2\/media?parent=115352"}],"wp:term":[{"taxonomy":"category","embeddable":true,"href":"https:\/\/infoecos.com.ar\/index.php\/wp-json\/wp\/v2\/categories?post=115352"},{"taxonomy":"post_tag","embeddable":true,"href":"https:\/\/infoecos.com.ar\/index.php\/wp-json\/wp\/v2\/tags?post=115352"}],"curies":[{"name":"wp","href":"https:\/\/api.w.org\/{rel}","templated":true}]}}