{"id":115377,"date":"2023-11-26T16:33:10","date_gmt":"2023-11-26T19:33:10","guid":{"rendered":"https:\/\/infoecos.com.ar\/?p=115377"},"modified":"2023-11-28T23:47:55","modified_gmt":"2023-11-29T02:47:55","slug":"se-expone-la-obra-de-hector-coco-rodriguez-fedele-en-el-museo-rodolfo-campodonico","status":"publish","type":"post","link":"https:\/\/infoecos.com.ar\/index.php\/se-expone-la-obra-de-hector-coco-rodriguez-fedele-en-el-museo-rodolfo-campodonico\/","title":{"rendered":"Se expone la obra de H\u00e9ctor \u00abCoco\u00bb Rodr\u00edguez Fedele en el Museo Rodolfo Campod\u00f3nico"},"content":{"rendered":"\n<p>Qued\u00f3 inaugurada ayer (s\u00e1bado) en el Museo de Arte Mural \u201cRodolfo Campod\u00f3nico\u201d (Rivadavia casi esquina Dorrego) una muestra de obras del reconocido muralista H\u00e9ctor \u201cCoco\u201d Rodr\u00edguez Fedele, en reconocimiento a la labor y el legado que dej\u00f3 el querido artista.<\/p>\n\n\n\n<figure class=\"wp-block-gallery has-nested-images columns-default is-cropped wp-block-gallery-1 is-layout-flex wp-block-gallery-is-layout-flex\">\n<figure class=\"wp-block-image size-large\"><img loading=\"lazy\" decoding=\"async\" width=\"1600\" height=\"1091\" data-id=\"115378\" src=\"https:\/\/infoecos.com.ar\/wp-content\/uploads\/2023\/11\/Muestra-Fedele-1-1600x1091.jpg\" alt=\"\" class=\"wp-image-115378\" srcset=\"https:\/\/infoecos.com.ar\/wp-content\/uploads\/2023\/11\/Muestra-Fedele-1-1600x1091.jpg 1600w, https:\/\/infoecos.com.ar\/wp-content\/uploads\/2023\/11\/Muestra-Fedele-1-800x545.jpg 800w, https:\/\/infoecos.com.ar\/wp-content\/uploads\/2023\/11\/Muestra-Fedele-1-768x524.jpg 768w, https:\/\/infoecos.com.ar\/wp-content\/uploads\/2023\/11\/Muestra-Fedele-1-1536x1047.jpg 1536w, https:\/\/infoecos.com.ar\/wp-content\/uploads\/2023\/11\/Muestra-Fedele-1-2048x1396.jpg 2048w, https:\/\/infoecos.com.ar\/wp-content\/uploads\/2023\/11\/Muestra-Fedele-1-1024x698.jpg 1024w\" sizes=\"(max-width: 1600px) 100vw, 1600px\" \/><\/figure>\n\n\n\n<figure class=\"wp-block-image size-large\"><img loading=\"lazy\" decoding=\"async\" width=\"1600\" height=\"1091\" data-id=\"115380\" src=\"https:\/\/infoecos.com.ar\/wp-content\/uploads\/2023\/11\/Muestra-Fedele-2-1600x1091.jpg\" alt=\"\" class=\"wp-image-115380\" srcset=\"https:\/\/infoecos.com.ar\/wp-content\/uploads\/2023\/11\/Muestra-Fedele-2-1600x1091.jpg 1600w, https:\/\/infoecos.com.ar\/wp-content\/uploads\/2023\/11\/Muestra-Fedele-2-800x545.jpg 800w, https:\/\/infoecos.com.ar\/wp-content\/uploads\/2023\/11\/Muestra-Fedele-2-768x524.jpg 768w, https:\/\/infoecos.com.ar\/wp-content\/uploads\/2023\/11\/Muestra-Fedele-2-1536x1047.jpg 1536w, https:\/\/infoecos.com.ar\/wp-content\/uploads\/2023\/11\/Muestra-Fedele-2-2048x1396.jpg 2048w, https:\/\/infoecos.com.ar\/wp-content\/uploads\/2023\/11\/Muestra-Fedele-2-1024x698.jpg 1024w\" sizes=\"(max-width: 1600px) 100vw, 1600px\" \/><\/figure>\n\n\n\n<figure class=\"wp-block-image size-large\"><img loading=\"lazy\" decoding=\"async\" width=\"1600\" height=\"1091\" data-id=\"115379\" src=\"https:\/\/infoecos.com.ar\/wp-content\/uploads\/2023\/11\/Muestra-Fedele-3-1600x1091.jpg\" alt=\"\" class=\"wp-image-115379\" srcset=\"https:\/\/infoecos.com.ar\/wp-content\/uploads\/2023\/11\/Muestra-Fedele-3-1600x1091.jpg 1600w, https:\/\/infoecos.com.ar\/wp-content\/uploads\/2023\/11\/Muestra-Fedele-3-800x545.jpg 800w, https:\/\/infoecos.com.ar\/wp-content\/uploads\/2023\/11\/Muestra-Fedele-3-768x524.jpg 768w, https:\/\/infoecos.com.ar\/wp-content\/uploads\/2023\/11\/Muestra-Fedele-3-1536x1047.jpg 1536w, https:\/\/infoecos.com.ar\/wp-content\/uploads\/2023\/11\/Muestra-Fedele-3-2048x1396.jpg 2048w, https:\/\/infoecos.com.ar\/wp-content\/uploads\/2023\/11\/Muestra-Fedele-3-1024x698.jpg 1024w\" sizes=\"(max-width: 1600px) 100vw, 1600px\" \/><\/figure>\n<\/figure>\n\n\n\n<p>Del acto participaron el Intendente municipal, Miguel Fern\u00e1ndez; la esposa de Rodr\u00edguez Fedele, Cecilia Giaccaglia, y sus dos hijas, Sol y Laura; amigos del artista; autoridades, representantes de instituciones, muralistas, artistas pl\u00e1sticos, y vecinos\/as.<\/p>\n\n\n\n<p>\u201cQuiero agradecerle a la familia de Coco (Rodr\u00edguez Fedele) la generosidad que han tenido con todos nosotros, con la Municipalidad de poder mostrar esta obra que es un orgullo para Trenque Lauquen\u201d, comenz\u00f3 diciendo el Intendente Fern\u00e1ndez.<\/p>\n\n\n\n<figure class=\"wp-block-gallery has-nested-images columns-default is-cropped wp-block-gallery-2 is-layout-flex wp-block-gallery-is-layout-flex\">\n<figure class=\"wp-block-image size-large\"><img loading=\"lazy\" decoding=\"async\" width=\"1600\" height=\"1091\" data-id=\"115381\" src=\"https:\/\/infoecos.com.ar\/wp-content\/uploads\/2023\/11\/Muestra-Fedele-4-1600x1091.jpg\" alt=\"\" class=\"wp-image-115381\" srcset=\"https:\/\/infoecos.com.ar\/wp-content\/uploads\/2023\/11\/Muestra-Fedele-4-1600x1091.jpg 1600w, https:\/\/infoecos.com.ar\/wp-content\/uploads\/2023\/11\/Muestra-Fedele-4-800x545.jpg 800w, https:\/\/infoecos.com.ar\/wp-content\/uploads\/2023\/11\/Muestra-Fedele-4-768x524.jpg 768w, https:\/\/infoecos.com.ar\/wp-content\/uploads\/2023\/11\/Muestra-Fedele-4-1536x1047.jpg 1536w, https:\/\/infoecos.com.ar\/wp-content\/uploads\/2023\/11\/Muestra-Fedele-4-2048x1396.jpg 2048w, https:\/\/infoecos.com.ar\/wp-content\/uploads\/2023\/11\/Muestra-Fedele-4-1024x698.jpg 1024w\" sizes=\"(max-width: 1600px) 100vw, 1600px\" \/><\/figure>\n\n\n\n<figure class=\"wp-block-image size-large\"><img loading=\"lazy\" decoding=\"async\" width=\"1600\" height=\"1091\" data-id=\"115382\" src=\"https:\/\/infoecos.com.ar\/wp-content\/uploads\/2023\/11\/Muestra-Fedele-5-1600x1091.jpg\" alt=\"\" class=\"wp-image-115382\" srcset=\"https:\/\/infoecos.com.ar\/wp-content\/uploads\/2023\/11\/Muestra-Fedele-5-1600x1091.jpg 1600w, https:\/\/infoecos.com.ar\/wp-content\/uploads\/2023\/11\/Muestra-Fedele-5-800x545.jpg 800w, https:\/\/infoecos.com.ar\/wp-content\/uploads\/2023\/11\/Muestra-Fedele-5-768x524.jpg 768w, https:\/\/infoecos.com.ar\/wp-content\/uploads\/2023\/11\/Muestra-Fedele-5-1536x1047.jpg 1536w, https:\/\/infoecos.com.ar\/wp-content\/uploads\/2023\/11\/Muestra-Fedele-5-2048x1396.jpg 2048w, https:\/\/infoecos.com.ar\/wp-content\/uploads\/2023\/11\/Muestra-Fedele-5-1024x698.jpg 1024w\" sizes=\"(max-width: 1600px) 100vw, 1600px\" \/><\/figure>\n\n\n\n<figure class=\"wp-block-image size-large\"><img loading=\"lazy\" decoding=\"async\" width=\"1600\" height=\"1091\" data-id=\"115383\" src=\"https:\/\/infoecos.com.ar\/wp-content\/uploads\/2023\/11\/Muestra-Fedele-6-1600x1091.jpg\" alt=\"\" class=\"wp-image-115383\" srcset=\"https:\/\/infoecos.com.ar\/wp-content\/uploads\/2023\/11\/Muestra-Fedele-6-1600x1091.jpg 1600w, https:\/\/infoecos.com.ar\/wp-content\/uploads\/2023\/11\/Muestra-Fedele-6-800x545.jpg 800w, https:\/\/infoecos.com.ar\/wp-content\/uploads\/2023\/11\/Muestra-Fedele-6-768x524.jpg 768w, https:\/\/infoecos.com.ar\/wp-content\/uploads\/2023\/11\/Muestra-Fedele-6-1536x1047.jpg 1536w, https:\/\/infoecos.com.ar\/wp-content\/uploads\/2023\/11\/Muestra-Fedele-6-2048x1396.jpg 2048w, https:\/\/infoecos.com.ar\/wp-content\/uploads\/2023\/11\/Muestra-Fedele-6-1024x698.jpg 1024w\" sizes=\"(max-width: 1600px) 100vw, 1600px\" \/><\/figure>\n<\/figure>\n\n\n\n<p>&nbsp;\u201cEsto lo ves en los mejores museos y hoy est\u00e1 para todos\/as, no hay palabras para describirlo\u201d, dijo el Jefe comunal para agradecer a todo el equipo que trabaj\u00f3 en el armado de la muestra, entre ellos a los muralistas locales N\u00e9stor \u201cNaki\u201d Mart\u00edn y Germ\u00e1n Villamor.<\/p>\n\n\n\n<p>Tambi\u00e9n agradeci\u00f3 al director de Cultura y Educaci\u00f3n, Guillermo Ruiz \u201cporque se ha comprometido de lleno con esto, y tambi\u00e9n es importante que todos sepamos que este museo se levant\u00f3 de la mano de Mar\u00eda Elena Bocca, que fue directora de Cultura y Educaci\u00f3n y que ha sido una gran amiga y colaboradora de la gesti\u00f3n\u201d.<\/p>\n\n\n\n<figure class=\"wp-block-gallery has-nested-images columns-default is-cropped wp-block-gallery-3 is-layout-flex wp-block-gallery-is-layout-flex\">\n<figure class=\"wp-block-image size-large\"><img loading=\"lazy\" decoding=\"async\" width=\"1600\" height=\"1091\" data-id=\"115384\" src=\"https:\/\/infoecos.com.ar\/wp-content\/uploads\/2023\/11\/Muestra-Fedele-7-1600x1091.jpg\" alt=\"\" class=\"wp-image-115384\" srcset=\"https:\/\/infoecos.com.ar\/wp-content\/uploads\/2023\/11\/Muestra-Fedele-7-1600x1091.jpg 1600w, https:\/\/infoecos.com.ar\/wp-content\/uploads\/2023\/11\/Muestra-Fedele-7-800x545.jpg 800w, https:\/\/infoecos.com.ar\/wp-content\/uploads\/2023\/11\/Muestra-Fedele-7-768x524.jpg 768w, https:\/\/infoecos.com.ar\/wp-content\/uploads\/2023\/11\/Muestra-Fedele-7-1536x1047.jpg 1536w, https:\/\/infoecos.com.ar\/wp-content\/uploads\/2023\/11\/Muestra-Fedele-7-2048x1396.jpg 2048w, https:\/\/infoecos.com.ar\/wp-content\/uploads\/2023\/11\/Muestra-Fedele-7-1024x698.jpg 1024w\" sizes=\"(max-width: 1600px) 100vw, 1600px\" \/><\/figure>\n\n\n\n<figure class=\"wp-block-image size-large\"><img loading=\"lazy\" decoding=\"async\" width=\"1091\" height=\"1600\" data-id=\"115386\" src=\"https:\/\/infoecos.com.ar\/wp-content\/uploads\/2023\/11\/Muestra-Fedele-8-1091x1600.jpg\" alt=\"\" class=\"wp-image-115386\" srcset=\"https:\/\/infoecos.com.ar\/wp-content\/uploads\/2023\/11\/Muestra-Fedele-8-1091x1600.jpg 1091w, https:\/\/infoecos.com.ar\/wp-content\/uploads\/2023\/11\/Muestra-Fedele-8-545x800.jpg 545w, https:\/\/infoecos.com.ar\/wp-content\/uploads\/2023\/11\/Muestra-Fedele-8-768x1126.jpg 768w, https:\/\/infoecos.com.ar\/wp-content\/uploads\/2023\/11\/Muestra-Fedele-8-1047x1536.jpg 1047w, https:\/\/infoecos.com.ar\/wp-content\/uploads\/2023\/11\/Muestra-Fedele-8-1396x2048.jpg 1396w, https:\/\/infoecos.com.ar\/wp-content\/uploads\/2023\/11\/Muestra-Fedele-8-1024x1502.jpg 1024w, https:\/\/infoecos.com.ar\/wp-content\/uploads\/2023\/11\/Muestra-Fedele-8-scaled.jpg 1745w\" sizes=\"(max-width: 1091px) 100vw, 1091px\" \/><\/figure>\n\n\n\n<figure class=\"wp-block-image size-large\"><img loading=\"lazy\" decoding=\"async\" width=\"1600\" height=\"1091\" data-id=\"115385\" src=\"https:\/\/infoecos.com.ar\/wp-content\/uploads\/2023\/11\/Muestra-Fedele-9-1600x1091.jpg\" alt=\"\" class=\"wp-image-115385\" srcset=\"https:\/\/infoecos.com.ar\/wp-content\/uploads\/2023\/11\/Muestra-Fedele-9-1600x1091.jpg 1600w, https:\/\/infoecos.com.ar\/wp-content\/uploads\/2023\/11\/Muestra-Fedele-9-800x545.jpg 800w, https:\/\/infoecos.com.ar\/wp-content\/uploads\/2023\/11\/Muestra-Fedele-9-768x524.jpg 768w, https:\/\/infoecos.com.ar\/wp-content\/uploads\/2023\/11\/Muestra-Fedele-9-1536x1047.jpg 1536w, https:\/\/infoecos.com.ar\/wp-content\/uploads\/2023\/11\/Muestra-Fedele-9-2048x1396.jpg 2048w, https:\/\/infoecos.com.ar\/wp-content\/uploads\/2023\/11\/Muestra-Fedele-9-1024x698.jpg 1024w\" sizes=\"(max-width: 1600px) 100vw, 1600px\" \/><\/figure>\n<\/figure>\n\n\n\n<p>Asimismo, se comprometi\u00f3 a seguir trabajando e insistiendo \u201cpara que todo el mundo venga a ver la obra de los artistas pl\u00e1sticos de Trenque Lauquen\u201d.<\/p>\n\n\n\n<p>\u201cSo\u00f1emos en grande, tenemos que hacer el Paseo de las Esculturas que estaba planificado; es un compromiso que hago p\u00fablico de intervenir las paredes del Cementerio en el pr\u00f3ximo encuentro mural\u201d, se\u00f1al\u00f3 Fern\u00e1ndez, para resaltar que \u201cesto es para todos, todos pueden aportar, necesitamos que esto crezca y explote porque adem\u00e1s mantiene la historia viva de nuestros artistas pl\u00e1sticos que ya no est\u00e1n f\u00edsicamente pero que s\u00ed est\u00e1n a trav\u00e9s de sus obras\u201d.<\/p>\n\n\n\n<figure class=\"wp-block-gallery has-nested-images columns-default is-cropped wp-block-gallery-4 is-layout-flex wp-block-gallery-is-layout-flex\">\n<figure class=\"wp-block-image size-large\"><img loading=\"lazy\" decoding=\"async\" width=\"1600\" height=\"1091\" data-id=\"115387\" src=\"https:\/\/infoecos.com.ar\/wp-content\/uploads\/2023\/11\/Muestra-Fedele-10-1600x1091.jpg\" alt=\"\" class=\"wp-image-115387\" srcset=\"https:\/\/infoecos.com.ar\/wp-content\/uploads\/2023\/11\/Muestra-Fedele-10-1600x1091.jpg 1600w, https:\/\/infoecos.com.ar\/wp-content\/uploads\/2023\/11\/Muestra-Fedele-10-800x545.jpg 800w, https:\/\/infoecos.com.ar\/wp-content\/uploads\/2023\/11\/Muestra-Fedele-10-768x524.jpg 768w, https:\/\/infoecos.com.ar\/wp-content\/uploads\/2023\/11\/Muestra-Fedele-10-1536x1047.jpg 1536w, https:\/\/infoecos.com.ar\/wp-content\/uploads\/2023\/11\/Muestra-Fedele-10-2048x1396.jpg 2048w, https:\/\/infoecos.com.ar\/wp-content\/uploads\/2023\/11\/Muestra-Fedele-10-1024x698.jpg 1024w\" sizes=\"(max-width: 1600px) 100vw, 1600px\" \/><\/figure>\n\n\n\n<figure class=\"wp-block-image size-large\"><img loading=\"lazy\" decoding=\"async\" width=\"1600\" height=\"1067\" data-id=\"115389\" src=\"https:\/\/infoecos.com.ar\/wp-content\/uploads\/2023\/11\/Muestra-Fedele-11-1600x1067.jpg\" alt=\"\" class=\"wp-image-115389\" srcset=\"https:\/\/infoecos.com.ar\/wp-content\/uploads\/2023\/11\/Muestra-Fedele-11-1600x1067.jpg 1600w, https:\/\/infoecos.com.ar\/wp-content\/uploads\/2023\/11\/Muestra-Fedele-11-800x533.jpg 800w, https:\/\/infoecos.com.ar\/wp-content\/uploads\/2023\/11\/Muestra-Fedele-11-768x512.jpg 768w, https:\/\/infoecos.com.ar\/wp-content\/uploads\/2023\/11\/Muestra-Fedele-11-1536x1024.jpg 1536w, https:\/\/infoecos.com.ar\/wp-content\/uploads\/2023\/11\/Muestra-Fedele-11-2048x1365.jpg 2048w, https:\/\/infoecos.com.ar\/wp-content\/uploads\/2023\/11\/Muestra-Fedele-11-1024x683.jpg 1024w, https:\/\/infoecos.com.ar\/wp-content\/uploads\/2023\/11\/Muestra-Fedele-11-675x450.jpg 675w\" sizes=\"(max-width: 1600px) 100vw, 1600px\" \/><\/figure>\n\n\n\n<figure class=\"wp-block-image size-large\"><img loading=\"lazy\" decoding=\"async\" width=\"1600\" height=\"1091\" data-id=\"115388\" src=\"https:\/\/infoecos.com.ar\/wp-content\/uploads\/2023\/11\/Muestra-Fedele-12-1600x1091.jpg\" alt=\"\" class=\"wp-image-115388\" srcset=\"https:\/\/infoecos.com.ar\/wp-content\/uploads\/2023\/11\/Muestra-Fedele-12-1600x1091.jpg 1600w, https:\/\/infoecos.com.ar\/wp-content\/uploads\/2023\/11\/Muestra-Fedele-12-800x545.jpg 800w, https:\/\/infoecos.com.ar\/wp-content\/uploads\/2023\/11\/Muestra-Fedele-12-768x524.jpg 768w, https:\/\/infoecos.com.ar\/wp-content\/uploads\/2023\/11\/Muestra-Fedele-12-1536x1047.jpg 1536w, https:\/\/infoecos.com.ar\/wp-content\/uploads\/2023\/11\/Muestra-Fedele-12-2048x1396.jpg 2048w, https:\/\/infoecos.com.ar\/wp-content\/uploads\/2023\/11\/Muestra-Fedele-12-1024x698.jpg 1024w\" sizes=\"(max-width: 1600px) 100vw, 1600px\" \/><\/figure>\n<\/figure>\n\n\n\n<p>Durante el acto de inauguraci\u00f3n tambi\u00e9n se escucharon palabras de Sol, una de las hijas mellizas de \u201cCoco\u201d Rodr\u00edguez Fedele, quien cont\u00f3 su historia familiar, agradeci\u00f3 por el homenaje y pidi\u00f3 que \u201cPapi tenga un lugarcito\u201d en la comunidad.<\/p>\n\n\n\n<p>\u201cEn junio de 1980 fuimos adoptadas por el coraz\u00f3n de dos personas maravillosas, nos adoptaron con todo el amor del mundo y eso habla del amor a la familia, porque no cualquiera adopta dos chiquitas\u201d, comenz\u00f3 diciendo Sol.<\/p>\n\n\n\n<figure class=\"wp-block-gallery has-nested-images columns-default is-cropped wp-block-gallery-5 is-layout-flex wp-block-gallery-is-layout-flex\">\n<figure class=\"wp-block-image size-large\"><img loading=\"lazy\" decoding=\"async\" width=\"1600\" height=\"1091\" data-id=\"115390\" src=\"https:\/\/infoecos.com.ar\/wp-content\/uploads\/2023\/11\/Muestra-Fedele-13-1600x1091.jpg\" alt=\"\" class=\"wp-image-115390\" srcset=\"https:\/\/infoecos.com.ar\/wp-content\/uploads\/2023\/11\/Muestra-Fedele-13-1600x1091.jpg 1600w, https:\/\/infoecos.com.ar\/wp-content\/uploads\/2023\/11\/Muestra-Fedele-13-800x545.jpg 800w, https:\/\/infoecos.com.ar\/wp-content\/uploads\/2023\/11\/Muestra-Fedele-13-768x524.jpg 768w, https:\/\/infoecos.com.ar\/wp-content\/uploads\/2023\/11\/Muestra-Fedele-13-1536x1047.jpg 1536w, https:\/\/infoecos.com.ar\/wp-content\/uploads\/2023\/11\/Muestra-Fedele-13-2048x1396.jpg 2048w, https:\/\/infoecos.com.ar\/wp-content\/uploads\/2023\/11\/Muestra-Fedele-13-1024x698.jpg 1024w\" sizes=\"(max-width: 1600px) 100vw, 1600px\" \/><\/figure>\n\n\n\n<figure class=\"wp-block-image size-large\"><img loading=\"lazy\" decoding=\"async\" width=\"1600\" height=\"1091\" data-id=\"115391\" src=\"https:\/\/infoecos.com.ar\/wp-content\/uploads\/2023\/11\/Muestra-Fedele-14-1600x1091.jpg\" alt=\"\" class=\"wp-image-115391\" srcset=\"https:\/\/infoecos.com.ar\/wp-content\/uploads\/2023\/11\/Muestra-Fedele-14-1600x1091.jpg 1600w, https:\/\/infoecos.com.ar\/wp-content\/uploads\/2023\/11\/Muestra-Fedele-14-800x545.jpg 800w, https:\/\/infoecos.com.ar\/wp-content\/uploads\/2023\/11\/Muestra-Fedele-14-768x524.jpg 768w, https:\/\/infoecos.com.ar\/wp-content\/uploads\/2023\/11\/Muestra-Fedele-14-1536x1047.jpg 1536w, https:\/\/infoecos.com.ar\/wp-content\/uploads\/2023\/11\/Muestra-Fedele-14-2048x1396.jpg 2048w, https:\/\/infoecos.com.ar\/wp-content\/uploads\/2023\/11\/Muestra-Fedele-14-1024x698.jpg 1024w\" sizes=\"(max-width: 1600px) 100vw, 1600px\" \/><\/figure>\n\n\n\n<figure class=\"wp-block-image size-large\"><img loading=\"lazy\" decoding=\"async\" width=\"1600\" height=\"1091\" data-id=\"115392\" src=\"https:\/\/infoecos.com.ar\/wp-content\/uploads\/2023\/11\/Muestra-Fedele-15-1600x1091.jpg\" alt=\"\" class=\"wp-image-115392\" srcset=\"https:\/\/infoecos.com.ar\/wp-content\/uploads\/2023\/11\/Muestra-Fedele-15-1600x1091.jpg 1600w, https:\/\/infoecos.com.ar\/wp-content\/uploads\/2023\/11\/Muestra-Fedele-15-800x545.jpg 800w, https:\/\/infoecos.com.ar\/wp-content\/uploads\/2023\/11\/Muestra-Fedele-15-768x524.jpg 768w, https:\/\/infoecos.com.ar\/wp-content\/uploads\/2023\/11\/Muestra-Fedele-15-1536x1047.jpg 1536w, https:\/\/infoecos.com.ar\/wp-content\/uploads\/2023\/11\/Muestra-Fedele-15-2048x1396.jpg 2048w, https:\/\/infoecos.com.ar\/wp-content\/uploads\/2023\/11\/Muestra-Fedele-15-1024x698.jpg 1024w\" sizes=\"(max-width: 1600px) 100vw, 1600px\" \/><\/figure>\n<\/figure>\n\n\n\n<p>La hija del gran artista cont\u00f3 una an\u00e9cdota que surgi\u00f3 entre miles de recuerdos con motivo del homenaje, cuando de chicas junto a su hermana le dieron unas pinceladas a un mural ya terminado por su padre como una travesura de dos ni\u00f1as peque\u00f1as, y con gran emoci\u00f3n dijo que \u201choy estamos celebrando que el arte no se quede dormido\u201d.<\/p>\n\n\n\n<figure class=\"wp-block-gallery has-nested-images columns-default is-cropped wp-block-gallery-6 is-layout-flex wp-block-gallery-is-layout-flex\">\n<figure class=\"wp-block-image size-large\"><img loading=\"lazy\" decoding=\"async\" width=\"1600\" height=\"1091\" data-id=\"115393\" src=\"https:\/\/infoecos.com.ar\/wp-content\/uploads\/2023\/11\/Muestra-Fedele-16-1600x1091.jpg\" alt=\"\" class=\"wp-image-115393\" srcset=\"https:\/\/infoecos.com.ar\/wp-content\/uploads\/2023\/11\/Muestra-Fedele-16-1600x1091.jpg 1600w, https:\/\/infoecos.com.ar\/wp-content\/uploads\/2023\/11\/Muestra-Fedele-16-800x545.jpg 800w, https:\/\/infoecos.com.ar\/wp-content\/uploads\/2023\/11\/Muestra-Fedele-16-768x524.jpg 768w, https:\/\/infoecos.com.ar\/wp-content\/uploads\/2023\/11\/Muestra-Fedele-16-1536x1047.jpg 1536w, https:\/\/infoecos.com.ar\/wp-content\/uploads\/2023\/11\/Muestra-Fedele-16-2048x1396.jpg 2048w, https:\/\/infoecos.com.ar\/wp-content\/uploads\/2023\/11\/Muestra-Fedele-16-1024x698.jpg 1024w\" sizes=\"(max-width: 1600px) 100vw, 1600px\" \/><\/figure>\n\n\n\n<figure class=\"wp-block-image size-large\"><img loading=\"lazy\" decoding=\"async\" width=\"1600\" height=\"1091\" data-id=\"115394\" src=\"https:\/\/infoecos.com.ar\/wp-content\/uploads\/2023\/11\/Muestra-Fedele-17-1600x1091.jpg\" alt=\"\" class=\"wp-image-115394\" srcset=\"https:\/\/infoecos.com.ar\/wp-content\/uploads\/2023\/11\/Muestra-Fedele-17-1600x1091.jpg 1600w, https:\/\/infoecos.com.ar\/wp-content\/uploads\/2023\/11\/Muestra-Fedele-17-800x545.jpg 800w, https:\/\/infoecos.com.ar\/wp-content\/uploads\/2023\/11\/Muestra-Fedele-17-768x524.jpg 768w, https:\/\/infoecos.com.ar\/wp-content\/uploads\/2023\/11\/Muestra-Fedele-17-1536x1047.jpg 1536w, https:\/\/infoecos.com.ar\/wp-content\/uploads\/2023\/11\/Muestra-Fedele-17-2048x1396.jpg 2048w, https:\/\/infoecos.com.ar\/wp-content\/uploads\/2023\/11\/Muestra-Fedele-17-1024x698.jpg 1024w\" sizes=\"(max-width: 1600px) 100vw, 1600px\" \/><\/figure>\n\n\n\n<figure class=\"wp-block-image size-large\"><img loading=\"lazy\" decoding=\"async\" width=\"1091\" height=\"1600\" data-id=\"115395\" src=\"https:\/\/infoecos.com.ar\/wp-content\/uploads\/2023\/11\/Muestra-Fedele-18-1091x1600.jpg\" alt=\"\" class=\"wp-image-115395\" srcset=\"https:\/\/infoecos.com.ar\/wp-content\/uploads\/2023\/11\/Muestra-Fedele-18-1091x1600.jpg 1091w, https:\/\/infoecos.com.ar\/wp-content\/uploads\/2023\/11\/Muestra-Fedele-18-545x800.jpg 545w, https:\/\/infoecos.com.ar\/wp-content\/uploads\/2023\/11\/Muestra-Fedele-18-768x1126.jpg 768w, https:\/\/infoecos.com.ar\/wp-content\/uploads\/2023\/11\/Muestra-Fedele-18-1047x1536.jpg 1047w, https:\/\/infoecos.com.ar\/wp-content\/uploads\/2023\/11\/Muestra-Fedele-18-1396x2048.jpg 1396w, https:\/\/infoecos.com.ar\/wp-content\/uploads\/2023\/11\/Muestra-Fedele-18-1024x1502.jpg 1024w, https:\/\/infoecos.com.ar\/wp-content\/uploads\/2023\/11\/Muestra-Fedele-18-scaled.jpg 1745w\" sizes=\"(max-width: 1091px) 100vw, 1091px\" \/><\/figure>\n<\/figure>\n\n\n\n<p>En este sentido consider\u00f3 que \u201ctodos somos arte y todos podemos hacer arte, desde lo m\u00e1s sencillo, desde el coraz\u00f3n, y por eso quiero agradecer este reconocimiento en nombre de Laura y de mami\u201d.<\/p>\n\n\n\n<p>Alejandro Heuguerot, amigo de la familia, tambi\u00e9n record\u00f3 a Rodr\u00edguez Fedele, con palabras de agradecimiento y mucha emoci\u00f3n. \u201cTanto Ceci como Coco vivieron toda la vida en la esquina de casa y uno de purrete ten\u00eda el yeite de estar siempre acompa\u00f1\u00e1ndolos en el taller, en la casa, en los viajes, hasta que las chinitas (Sol y Laura) llegaron, all\u00e1 por 1980, y lo cierto es que hemos establecido un v\u00ednculo de familia durante todos estos a\u00f1os\u201d, dijo emocionado.<\/p>\n\n\n\n<figure class=\"wp-block-gallery has-nested-images columns-default is-cropped wp-block-gallery-7 is-layout-flex wp-block-gallery-is-layout-flex\">\n<figure class=\"wp-block-image size-large\"><img loading=\"lazy\" decoding=\"async\" width=\"1600\" height=\"1091\" data-id=\"115399\" src=\"https:\/\/infoecos.com.ar\/wp-content\/uploads\/2023\/11\/Muestra-Fedele-3-1-1600x1091.jpg\" alt=\"\" class=\"wp-image-115399\" srcset=\"https:\/\/infoecos.com.ar\/wp-content\/uploads\/2023\/11\/Muestra-Fedele-3-1-1600x1091.jpg 1600w, https:\/\/infoecos.com.ar\/wp-content\/uploads\/2023\/11\/Muestra-Fedele-3-1-800x545.jpg 800w, https:\/\/infoecos.com.ar\/wp-content\/uploads\/2023\/11\/Muestra-Fedele-3-1-768x524.jpg 768w, https:\/\/infoecos.com.ar\/wp-content\/uploads\/2023\/11\/Muestra-Fedele-3-1-1536x1047.jpg 1536w, https:\/\/infoecos.com.ar\/wp-content\/uploads\/2023\/11\/Muestra-Fedele-3-1-2048x1396.jpg 2048w, https:\/\/infoecos.com.ar\/wp-content\/uploads\/2023\/11\/Muestra-Fedele-3-1-1024x698.jpg 1024w\" sizes=\"(max-width: 1600px) 100vw, 1600px\" \/><\/figure>\n\n\n\n<figure class=\"wp-block-image size-large\"><img loading=\"lazy\" decoding=\"async\" width=\"1600\" height=\"1091\" data-id=\"115412\" src=\"https:\/\/infoecos.com.ar\/wp-content\/uploads\/2023\/11\/Muestra-Fedele-10-1-1600x1091.jpg\" alt=\"\" class=\"wp-image-115412\" srcset=\"https:\/\/infoecos.com.ar\/wp-content\/uploads\/2023\/11\/Muestra-Fedele-10-1-1600x1091.jpg 1600w, https:\/\/infoecos.com.ar\/wp-content\/uploads\/2023\/11\/Muestra-Fedele-10-1-800x545.jpg 800w, https:\/\/infoecos.com.ar\/wp-content\/uploads\/2023\/11\/Muestra-Fedele-10-1-768x524.jpg 768w, https:\/\/infoecos.com.ar\/wp-content\/uploads\/2023\/11\/Muestra-Fedele-10-1-1536x1047.jpg 1536w, https:\/\/infoecos.com.ar\/wp-content\/uploads\/2023\/11\/Muestra-Fedele-10-1-2048x1396.jpg 2048w, https:\/\/infoecos.com.ar\/wp-content\/uploads\/2023\/11\/Muestra-Fedele-10-1-1024x698.jpg 1024w\" sizes=\"(max-width: 1600px) 100vw, 1600px\" \/><\/figure>\n\n\n\n<figure class=\"wp-block-image size-large\"><img loading=\"lazy\" decoding=\"async\" width=\"1600\" height=\"1091\" data-id=\"115408\" src=\"https:\/\/infoecos.com.ar\/wp-content\/uploads\/2023\/11\/Muestra-Fedele-16-1-1600x1091.jpg\" alt=\"\" class=\"wp-image-115408\" srcset=\"https:\/\/infoecos.com.ar\/wp-content\/uploads\/2023\/11\/Muestra-Fedele-16-1-1600x1091.jpg 1600w, https:\/\/infoecos.com.ar\/wp-content\/uploads\/2023\/11\/Muestra-Fedele-16-1-800x545.jpg 800w, https:\/\/infoecos.com.ar\/wp-content\/uploads\/2023\/11\/Muestra-Fedele-16-1-768x524.jpg 768w, https:\/\/infoecos.com.ar\/wp-content\/uploads\/2023\/11\/Muestra-Fedele-16-1-1536x1047.jpg 1536w, https:\/\/infoecos.com.ar\/wp-content\/uploads\/2023\/11\/Muestra-Fedele-16-1-2048x1396.jpg 2048w, https:\/\/infoecos.com.ar\/wp-content\/uploads\/2023\/11\/Muestra-Fedele-16-1-1024x698.jpg 1024w\" sizes=\"(max-width: 1600px) 100vw, 1600px\" \/><\/figure>\n\n\n\n<figure class=\"wp-block-image size-large\"><img loading=\"lazy\" decoding=\"async\" width=\"1600\" height=\"1091\" data-id=\"115405\" src=\"https:\/\/infoecos.com.ar\/wp-content\/uploads\/2023\/11\/Muestra-Fedele-17-1-1600x1091.jpg\" alt=\"\" class=\"wp-image-115405\" srcset=\"https:\/\/infoecos.com.ar\/wp-content\/uploads\/2023\/11\/Muestra-Fedele-17-1-1600x1091.jpg 1600w, https:\/\/infoecos.com.ar\/wp-content\/uploads\/2023\/11\/Muestra-Fedele-17-1-800x545.jpg 800w, https:\/\/infoecos.com.ar\/wp-content\/uploads\/2023\/11\/Muestra-Fedele-17-1-768x524.jpg 768w, https:\/\/infoecos.com.ar\/wp-content\/uploads\/2023\/11\/Muestra-Fedele-17-1-1536x1047.jpg 1536w, https:\/\/infoecos.com.ar\/wp-content\/uploads\/2023\/11\/Muestra-Fedele-17-1-2048x1396.jpg 2048w, https:\/\/infoecos.com.ar\/wp-content\/uploads\/2023\/11\/Muestra-Fedele-17-1-1024x698.jpg 1024w\" sizes=\"(max-width: 1600px) 100vw, 1600px\" \/><\/figure>\n\n\n\n<figure class=\"wp-block-image size-large\"><img loading=\"lazy\" decoding=\"async\" width=\"1091\" height=\"1600\" data-id=\"115410\" src=\"https:\/\/infoecos.com.ar\/wp-content\/uploads\/2023\/11\/Muestra-Fedele-18-1-1091x1600.jpg\" alt=\"\" class=\"wp-image-115410\" srcset=\"https:\/\/infoecos.com.ar\/wp-content\/uploads\/2023\/11\/Muestra-Fedele-18-1-1091x1600.jpg 1091w, https:\/\/infoecos.com.ar\/wp-content\/uploads\/2023\/11\/Muestra-Fedele-18-1-545x800.jpg 545w, https:\/\/infoecos.com.ar\/wp-content\/uploads\/2023\/11\/Muestra-Fedele-18-1-768x1126.jpg 768w, https:\/\/infoecos.com.ar\/wp-content\/uploads\/2023\/11\/Muestra-Fedele-18-1-1047x1536.jpg 1047w, https:\/\/infoecos.com.ar\/wp-content\/uploads\/2023\/11\/Muestra-Fedele-18-1-1396x2048.jpg 1396w, https:\/\/infoecos.com.ar\/wp-content\/uploads\/2023\/11\/Muestra-Fedele-18-1-1024x1502.jpg 1024w, https:\/\/infoecos.com.ar\/wp-content\/uploads\/2023\/11\/Muestra-Fedele-18-1-scaled.jpg 1745w\" sizes=\"(max-width: 1091px) 100vw, 1091px\" \/><\/figure>\n\n\n\n<figure class=\"wp-block-image size-large\"><img loading=\"lazy\" decoding=\"async\" width=\"1600\" height=\"1091\" data-id=\"115411\" src=\"https:\/\/infoecos.com.ar\/wp-content\/uploads\/2023\/11\/Muestra-Fedele-19-1600x1091.jpg\" alt=\"\" class=\"wp-image-115411\" srcset=\"https:\/\/infoecos.com.ar\/wp-content\/uploads\/2023\/11\/Muestra-Fedele-19-1600x1091.jpg 1600w, https:\/\/infoecos.com.ar\/wp-content\/uploads\/2023\/11\/Muestra-Fedele-19-800x545.jpg 800w, https:\/\/infoecos.com.ar\/wp-content\/uploads\/2023\/11\/Muestra-Fedele-19-768x524.jpg 768w, https:\/\/infoecos.com.ar\/wp-content\/uploads\/2023\/11\/Muestra-Fedele-19-1536x1047.jpg 1536w, https:\/\/infoecos.com.ar\/wp-content\/uploads\/2023\/11\/Muestra-Fedele-19-2048x1396.jpg 2048w, https:\/\/infoecos.com.ar\/wp-content\/uploads\/2023\/11\/Muestra-Fedele-19-1024x698.jpg 1024w\" sizes=\"(max-width: 1600px) 100vw, 1600px\" \/><\/figure>\n<\/figure>\n\n\n\n<p>\u201cEso se lo debemos a Cecilia y a Coco, porque si hay algo que amaron siempre fue la vida, el v\u00ednculo, la sencillez, la amistad, siempre hab\u00eda brasas crepitando en esa casa que invitaban al churrasco, a la reuni\u00f3n y a la convocatoria con amigos\u201d, record\u00f3 Heuguerot para agregar que \u201cera com\u00fan ver al negro Espeche todo el tiempo pasar por la casa de Coco y Cecilia, al loco (Rodolfo) Campod\u00f3nico, que era motivo de alegr\u00eda porque as\u00ed era su impronta, a (Omar) Brachetti, y tantos otros que en otros v\u00ednculos de la vida le permitieron a Coco y a Cecilia, all\u00e1 por 1963 venir a Trenque Lauquen y abrirse camino\u201d.<\/p>\n\n\n\n<p>Heuguerot destac\u00f3 tambi\u00e9n la pasi\u00f3n, sencillez y humildad de Coco y Cecilia a quienes defini\u00f3 como \u201cvirtuosos\u201d en las actividades que desarrollaban, destacando la huella y la impronta de ambos, y el v\u00ednculo que generaron con tantos amigos, muchos de ellos presentes ayer (s\u00e1bado) en el acto de inauguraci\u00f3n de la muestra.<\/p>\n\n\n\n<p>Asimismo, se\u00f1al\u00f3 que \u201cfue una impronta permanente de Coco y de Cecilia, y una casa de puertas abiertas, donde el arte brotaba por todos los lados, desde el piano, desde los lienzos, desde la m\u00fasica y desde la charla; Coco era un hombre de un humor muy \u00e1cido, y sumamente inteligente\u201d.<\/p>\n\n\n\n<p>Tambi\u00e9n destac\u00f3 el legado de Rodr\u00edguez Fedele y la impronta de Trenque Lauquen en lo vinculado con la cultura manifestando que \u201cno hay casi nada en la Argentina que tenga el nivel y la profundidad expresada en arte y compromiso como lo tiene la ciudad de Trenque Lauquen, en todos los \u00f3rdenes del arte y la cultura, todo lo que fluye en esta ciudad trasciende todas las fronteras\u201d.<\/p>\n\n\n\n<p>Heuguerot comparti\u00f3 una semblanza de la vida y obra del artista, y su extensa trayectoria, destacando que entre los murales realizados por el Maestro Fedele merecen destacarse los que se encuentran en el Sindicato de M\u00fasicos de Mar Del Plata, el Instituto J. M. Estrada de Pellegrini, San Bernardo, General Madariaga, Villa Gesell, Concejo Deliberante de Trenque Lauquen, C\u00fapula de la Direcci\u00f3n de Turismo de Luj\u00e1n, Hotel \u201cEl Faro\u201d Trenque Lauquen, Banco de la Provincia de Buenos Aires, sucursal Trenque Lauquen, Cooperativa de Electricidad y Club de Leones de Trenque Lauquen.<\/p>\n\n\n\n<p>En 1989 gan\u00f3 el concurso para realizar en la ciudad de Santa Rosa, La Pampa, un Monumento de Bronce, a los ca\u00eddos en Malvinas. En marzo del mismo a\u00f1o comenz\u00f3 a dictar clases en el Centro Polivalente de Arte de Trenque Lauquen, hasta septiembre de 2001. En mayo de 2001 inaugur\u00f3 en Trenque Lauquen su propia galer\u00eda de Arte, en la cual expuso sus obras y la de sus alumnos.<\/p>\n","protected":false},"excerpt":{"rendered":"<p>Durante el acto de inauguraci\u00f3n se escucharon palabras de Sol, una de las hijas mellizas de \u201cCoco\u201d Rodr\u00edguez Fedele, quien cont\u00f3 su historia familiar, agradeci\u00f3 por el homenaje y pidi\u00f3 que \u201cPapi tenga un lugarcito\u201d en la comunidad.<\/p>\n","protected":false},"author":2,"featured_media":115407,"comment_status":"closed","ping_status":"open","sticky":false,"template":"","format":"standard","meta":{"footnotes":""},"categories":[198],"tags":[9616],"class_list":["post-115377","post","type-post","status-publish","format-standard","has-post-thumbnail","hentry","category-c1nota5","tag-desde-el-sabado"],"yoast_head":"<!-- This site is optimized with the Yoast SEO plugin v23.4 - https:\/\/yoast.com\/wordpress\/plugins\/seo\/ -->\n<title>Se expone la obra de H\u00e9ctor &quot;Coco&quot; Rodr\u00edguez Fedele en el Museo Rodolfo Campod\u00f3nico - Infoecos<\/title>\n<meta name=\"robots\" content=\"index, follow, max-snippet:-1, max-image-preview:large, max-video-preview:-1\" \/>\n<link rel=\"canonical\" href=\"https:\/\/infoecos.com.ar\/index.php\/se-expone-la-obra-de-hector-coco-rodriguez-fedele-en-el-museo-rodolfo-campodonico\/\" \/>\n<meta property=\"og:locale\" content=\"es_ES\" \/>\n<meta property=\"og:type\" content=\"article\" \/>\n<meta property=\"og:title\" content=\"Se expone la obra de H\u00e9ctor &quot;Coco&quot; Rodr\u00edguez Fedele en el Museo Rodolfo Campod\u00f3nico - Infoecos\" \/>\n<meta property=\"og:description\" content=\"Durante el acto de inauguraci\u00f3n se escucharon palabras de Sol, una de las hijas mellizas de \u201cCoco\u201d Rodr\u00edguez Fedele, quien cont\u00f3 su historia familiar, agradeci\u00f3 por el homenaje y pidi\u00f3 que \u201cPapi tenga un lugarcito\u201d en la comunidad.\" \/>\n<meta property=\"og:url\" content=\"https:\/\/infoecos.com.ar\/index.php\/se-expone-la-obra-de-hector-coco-rodriguez-fedele-en-el-museo-rodolfo-campodonico\/\" \/>\n<meta property=\"og:site_name\" content=\"Infoecos\" \/>\n<meta property=\"article:publisher\" content=\"https:\/\/www.facebook.com\/profile.php?id=100063200290284\" \/>\n<meta property=\"article:published_time\" content=\"2023-11-26T19:33:10+00:00\" \/>\n<meta property=\"article:modified_time\" content=\"2023-11-29T02:47:55+00:00\" \/>\n<meta property=\"og:image\" content=\"https:\/\/infoecos.com.ar\/wp-content\/uploads\/2023\/11\/Muestra-Fedele-6-1-scaled.jpg\" \/>\n\t<meta property=\"og:image:width\" content=\"2560\" \/>\n\t<meta property=\"og:image:height\" content=\"1745\" \/>\n\t<meta property=\"og:image:type\" content=\"image\/jpeg\" \/>\n<meta name=\"author\" content=\"Jorge Matheus\" \/>\n<meta name=\"twitter:card\" content=\"summary_large_image\" \/>\n<meta name=\"twitter:creator\" content=\"@infoecos\" \/>\n<meta name=\"twitter:site\" content=\"@infoecos\" \/>\n<meta name=\"twitter:label1\" content=\"Escrito por\" \/>\n\t<meta name=\"twitter:data1\" content=\"Jorge Matheus\" \/>\n\t<meta name=\"twitter:label2\" content=\"Tiempo de lectura\" \/>\n\t<meta name=\"twitter:data2\" content=\"10 minutos\" \/>\n<script type=\"application\/ld+json\" class=\"yoast-schema-graph\">{\"@context\":\"https:\/\/schema.org\",\"@graph\":[{\"@type\":\"Article\",\"@id\":\"https:\/\/infoecos.com.ar\/index.php\/se-expone-la-obra-de-hector-coco-rodriguez-fedele-en-el-museo-rodolfo-campodonico\/#article\",\"isPartOf\":{\"@id\":\"https:\/\/infoecos.com.ar\/index.php\/se-expone-la-obra-de-hector-coco-rodriguez-fedele-en-el-museo-rodolfo-campodonico\/\"},\"author\":{\"name\":\"Jorge Matheus\",\"@id\":\"https:\/\/infoecos.com.ar\/#\/schema\/person\/8f5ace5ce73b4b4aac4b7245aee6f191\"},\"headline\":\"Se expone la obra de H\u00e9ctor \u00abCoco\u00bb Rodr\u00edguez Fedele en el Museo Rodolfo Campod\u00f3nico\",\"datePublished\":\"2023-11-26T19:33:10+00:00\",\"dateModified\":\"2023-11-29T02:47:55+00:00\",\"mainEntityOfPage\":{\"@id\":\"https:\/\/infoecos.com.ar\/index.php\/se-expone-la-obra-de-hector-coco-rodriguez-fedele-en-el-museo-rodolfo-campodonico\/\"},\"wordCount\":1089,\"publisher\":{\"@id\":\"https:\/\/infoecos.com.ar\/#organization\"},\"image\":{\"@id\":\"https:\/\/infoecos.com.ar\/index.php\/se-expone-la-obra-de-hector-coco-rodriguez-fedele-en-el-museo-rodolfo-campodonico\/#primaryimage\"},\"thumbnailUrl\":\"https:\/\/infoecos.com.ar\/wp-content\/uploads\/2023\/11\/Muestra-Fedele-6-1-scaled.jpg\",\"keywords\":[\"desde el s\u00e1bado\"],\"articleSection\":[\"C1 nota 5\"],\"inLanguage\":\"es\"},{\"@type\":\"WebPage\",\"@id\":\"https:\/\/infoecos.com.ar\/index.php\/se-expone-la-obra-de-hector-coco-rodriguez-fedele-en-el-museo-rodolfo-campodonico\/\",\"url\":\"https:\/\/infoecos.com.ar\/index.php\/se-expone-la-obra-de-hector-coco-rodriguez-fedele-en-el-museo-rodolfo-campodonico\/\",\"name\":\"Se expone la obra de H\u00e9ctor \\\"Coco\\\" Rodr\u00edguez Fedele en el Museo Rodolfo Campod\u00f3nico - Infoecos\",\"isPartOf\":{\"@id\":\"https:\/\/infoecos.com.ar\/#website\"},\"primaryImageOfPage\":{\"@id\":\"https:\/\/infoecos.com.ar\/index.php\/se-expone-la-obra-de-hector-coco-rodriguez-fedele-en-el-museo-rodolfo-campodonico\/#primaryimage\"},\"image\":{\"@id\":\"https:\/\/infoecos.com.ar\/index.php\/se-expone-la-obra-de-hector-coco-rodriguez-fedele-en-el-museo-rodolfo-campodonico\/#primaryimage\"},\"thumbnailUrl\":\"https:\/\/infoecos.com.ar\/wp-content\/uploads\/2023\/11\/Muestra-Fedele-6-1-scaled.jpg\",\"datePublished\":\"2023-11-26T19:33:10+00:00\",\"dateModified\":\"2023-11-29T02:47:55+00:00\",\"breadcrumb\":{\"@id\":\"https:\/\/infoecos.com.ar\/index.php\/se-expone-la-obra-de-hector-coco-rodriguez-fedele-en-el-museo-rodolfo-campodonico\/#breadcrumb\"},\"inLanguage\":\"es\",\"potentialAction\":[{\"@type\":\"ReadAction\",\"target\":[\"https:\/\/infoecos.com.ar\/index.php\/se-expone-la-obra-de-hector-coco-rodriguez-fedele-en-el-museo-rodolfo-campodonico\/\"]}]},{\"@type\":\"ImageObject\",\"inLanguage\":\"es\",\"@id\":\"https:\/\/infoecos.com.ar\/index.php\/se-expone-la-obra-de-hector-coco-rodriguez-fedele-en-el-museo-rodolfo-campodonico\/#primaryimage\",\"url\":\"https:\/\/infoecos.com.ar\/wp-content\/uploads\/2023\/11\/Muestra-Fedele-6-1-scaled.jpg\",\"contentUrl\":\"https:\/\/infoecos.com.ar\/wp-content\/uploads\/2023\/11\/Muestra-Fedele-6-1-scaled.jpg\",\"width\":2560,\"height\":1745},{\"@type\":\"BreadcrumbList\",\"@id\":\"https:\/\/infoecos.com.ar\/index.php\/se-expone-la-obra-de-hector-coco-rodriguez-fedele-en-el-museo-rodolfo-campodonico\/#breadcrumb\",\"itemListElement\":[{\"@type\":\"ListItem\",\"position\":1,\"name\":\"Portada\",\"item\":\"https:\/\/infoecos.com.ar\/\"},{\"@type\":\"ListItem\",\"position\":2,\"name\":\"Se expone la obra de H\u00e9ctor \u00abCoco\u00bb Rodr\u00edguez Fedele en el Museo Rodolfo Campod\u00f3nico\"}]},{\"@type\":\"WebSite\",\"@id\":\"https:\/\/infoecos.com.ar\/#website\",\"url\":\"https:\/\/infoecos.com.ar\/\",\"name\":\"Infoecos\",\"description\":\"Noticias de trenque lauquen y la zona\",\"publisher\":{\"@id\":\"https:\/\/infoecos.com.ar\/#organization\"},\"alternateName\":\"Noticias\",\"potentialAction\":[{\"@type\":\"SearchAction\",\"target\":{\"@type\":\"EntryPoint\",\"urlTemplate\":\"https:\/\/infoecos.com.ar\/?s={search_term_string}\"},\"query-input\":{\"@type\":\"PropertyValueSpecification\",\"valueRequired\":true,\"valueName\":\"search_term_string\"}}],\"inLanguage\":\"es\"},{\"@type\":\"Organization\",\"@id\":\"https:\/\/infoecos.com.ar\/#organization\",\"name\":\"Infoecos\",\"alternateName\":\"Noticias\",\"url\":\"https:\/\/infoecos.com.ar\/\",\"logo\":{\"@type\":\"ImageObject\",\"inLanguage\":\"es\",\"@id\":\"https:\/\/infoecos.com.ar\/#\/schema\/logo\/image\/\",\"url\":\"https:\/\/infoecos.com.ar\/wp-content\/uploads\/2024\/03\/cropped-logo.png\",\"contentUrl\":\"https:\/\/infoecos.com.ar\/wp-content\/uploads\/2024\/03\/cropped-logo.png\",\"width\":374,\"height\":90,\"caption\":\"Infoecos\"},\"image\":{\"@id\":\"https:\/\/infoecos.com.ar\/#\/schema\/logo\/image\/\"},\"sameAs\":[\"https:\/\/www.facebook.com\/profile.php?id=100063200290284\",\"https:\/\/x.com\/infoecos\"]},{\"@type\":\"Person\",\"@id\":\"https:\/\/infoecos.com.ar\/#\/schema\/person\/8f5ace5ce73b4b4aac4b7245aee6f191\",\"name\":\"Jorge Matheus\",\"url\":\"https:\/\/infoecos.com.ar\/index.php\/author\/jomatheus\/\"}]}<\/script>\n<!-- \/ Yoast SEO plugin. -->","yoast_head_json":{"title":"Se expone la obra de H\u00e9ctor \"Coco\" Rodr\u00edguez Fedele en el Museo Rodolfo Campod\u00f3nico - Infoecos","robots":{"index":"index","follow":"follow","max-snippet":"max-snippet:-1","max-image-preview":"max-image-preview:large","max-video-preview":"max-video-preview:-1"},"canonical":"https:\/\/infoecos.com.ar\/index.php\/se-expone-la-obra-de-hector-coco-rodriguez-fedele-en-el-museo-rodolfo-campodonico\/","og_locale":"es_ES","og_type":"article","og_title":"Se expone la obra de H\u00e9ctor \"Coco\" Rodr\u00edguez Fedele en el Museo Rodolfo Campod\u00f3nico - Infoecos","og_description":"Durante el acto de inauguraci\u00f3n se escucharon palabras de Sol, una de las hijas mellizas de \u201cCoco\u201d Rodr\u00edguez Fedele, quien cont\u00f3 su historia familiar, agradeci\u00f3 por el homenaje y pidi\u00f3 que \u201cPapi tenga un lugarcito\u201d en la comunidad.","og_url":"https:\/\/infoecos.com.ar\/index.php\/se-expone-la-obra-de-hector-coco-rodriguez-fedele-en-el-museo-rodolfo-campodonico\/","og_site_name":"Infoecos","article_publisher":"https:\/\/www.facebook.com\/profile.php?id=100063200290284","article_published_time":"2023-11-26T19:33:10+00:00","article_modified_time":"2023-11-29T02:47:55+00:00","og_image":[{"width":2560,"height":1745,"url":"https:\/\/infoecos.com.ar\/wp-content\/uploads\/2023\/11\/Muestra-Fedele-6-1-scaled.jpg","type":"image\/jpeg"}],"author":"Jorge Matheus","twitter_card":"summary_large_image","twitter_creator":"@infoecos","twitter_site":"@infoecos","twitter_misc":{"Escrito por":"Jorge Matheus","Tiempo de lectura":"10 minutos"},"schema":{"@context":"https:\/\/schema.org","@graph":[{"@type":"Article","@id":"https:\/\/infoecos.com.ar\/index.php\/se-expone-la-obra-de-hector-coco-rodriguez-fedele-en-el-museo-rodolfo-campodonico\/#article","isPartOf":{"@id":"https:\/\/infoecos.com.ar\/index.php\/se-expone-la-obra-de-hector-coco-rodriguez-fedele-en-el-museo-rodolfo-campodonico\/"},"author":{"name":"Jorge Matheus","@id":"https:\/\/infoecos.com.ar\/#\/schema\/person\/8f5ace5ce73b4b4aac4b7245aee6f191"},"headline":"Se expone la obra de H\u00e9ctor \u00abCoco\u00bb Rodr\u00edguez Fedele en el Museo Rodolfo Campod\u00f3nico","datePublished":"2023-11-26T19:33:10+00:00","dateModified":"2023-11-29T02:47:55+00:00","mainEntityOfPage":{"@id":"https:\/\/infoecos.com.ar\/index.php\/se-expone-la-obra-de-hector-coco-rodriguez-fedele-en-el-museo-rodolfo-campodonico\/"},"wordCount":1089,"publisher":{"@id":"https:\/\/infoecos.com.ar\/#organization"},"image":{"@id":"https:\/\/infoecos.com.ar\/index.php\/se-expone-la-obra-de-hector-coco-rodriguez-fedele-en-el-museo-rodolfo-campodonico\/#primaryimage"},"thumbnailUrl":"https:\/\/infoecos.com.ar\/wp-content\/uploads\/2023\/11\/Muestra-Fedele-6-1-scaled.jpg","keywords":["desde el s\u00e1bado"],"articleSection":["C1 nota 5"],"inLanguage":"es"},{"@type":"WebPage","@id":"https:\/\/infoecos.com.ar\/index.php\/se-expone-la-obra-de-hector-coco-rodriguez-fedele-en-el-museo-rodolfo-campodonico\/","url":"https:\/\/infoecos.com.ar\/index.php\/se-expone-la-obra-de-hector-coco-rodriguez-fedele-en-el-museo-rodolfo-campodonico\/","name":"Se expone la obra de H\u00e9ctor \"Coco\" Rodr\u00edguez Fedele en el Museo Rodolfo Campod\u00f3nico - Infoecos","isPartOf":{"@id":"https:\/\/infoecos.com.ar\/#website"},"primaryImageOfPage":{"@id":"https:\/\/infoecos.com.ar\/index.php\/se-expone-la-obra-de-hector-coco-rodriguez-fedele-en-el-museo-rodolfo-campodonico\/#primaryimage"},"image":{"@id":"https:\/\/infoecos.com.ar\/index.php\/se-expone-la-obra-de-hector-coco-rodriguez-fedele-en-el-museo-rodolfo-campodonico\/#primaryimage"},"thumbnailUrl":"https:\/\/infoecos.com.ar\/wp-content\/uploads\/2023\/11\/Muestra-Fedele-6-1-scaled.jpg","datePublished":"2023-11-26T19:33:10+00:00","dateModified":"2023-11-29T02:47:55+00:00","breadcrumb":{"@id":"https:\/\/infoecos.com.ar\/index.php\/se-expone-la-obra-de-hector-coco-rodriguez-fedele-en-el-museo-rodolfo-campodonico\/#breadcrumb"},"inLanguage":"es","potentialAction":[{"@type":"ReadAction","target":["https:\/\/infoecos.com.ar\/index.php\/se-expone-la-obra-de-hector-coco-rodriguez-fedele-en-el-museo-rodolfo-campodonico\/"]}]},{"@type":"ImageObject","inLanguage":"es","@id":"https:\/\/infoecos.com.ar\/index.php\/se-expone-la-obra-de-hector-coco-rodriguez-fedele-en-el-museo-rodolfo-campodonico\/#primaryimage","url":"https:\/\/infoecos.com.ar\/wp-content\/uploads\/2023\/11\/Muestra-Fedele-6-1-scaled.jpg","contentUrl":"https:\/\/infoecos.com.ar\/wp-content\/uploads\/2023\/11\/Muestra-Fedele-6-1-scaled.jpg","width":2560,"height":1745},{"@type":"BreadcrumbList","@id":"https:\/\/infoecos.com.ar\/index.php\/se-expone-la-obra-de-hector-coco-rodriguez-fedele-en-el-museo-rodolfo-campodonico\/#breadcrumb","itemListElement":[{"@type":"ListItem","position":1,"name":"Portada","item":"https:\/\/infoecos.com.ar\/"},{"@type":"ListItem","position":2,"name":"Se expone la obra de H\u00e9ctor \u00abCoco\u00bb Rodr\u00edguez Fedele en el Museo Rodolfo Campod\u00f3nico"}]},{"@type":"WebSite","@id":"https:\/\/infoecos.com.ar\/#website","url":"https:\/\/infoecos.com.ar\/","name":"Infoecos","description":"Noticias de trenque lauquen y la zona","publisher":{"@id":"https:\/\/infoecos.com.ar\/#organization"},"alternateName":"Noticias","potentialAction":[{"@type":"SearchAction","target":{"@type":"EntryPoint","urlTemplate":"https:\/\/infoecos.com.ar\/?s={search_term_string}"},"query-input":{"@type":"PropertyValueSpecification","valueRequired":true,"valueName":"search_term_string"}}],"inLanguage":"es"},{"@type":"Organization","@id":"https:\/\/infoecos.com.ar\/#organization","name":"Infoecos","alternateName":"Noticias","url":"https:\/\/infoecos.com.ar\/","logo":{"@type":"ImageObject","inLanguage":"es","@id":"https:\/\/infoecos.com.ar\/#\/schema\/logo\/image\/","url":"https:\/\/infoecos.com.ar\/wp-content\/uploads\/2024\/03\/cropped-logo.png","contentUrl":"https:\/\/infoecos.com.ar\/wp-content\/uploads\/2024\/03\/cropped-logo.png","width":374,"height":90,"caption":"Infoecos"},"image":{"@id":"https:\/\/infoecos.com.ar\/#\/schema\/logo\/image\/"},"sameAs":["https:\/\/www.facebook.com\/profile.php?id=100063200290284","https:\/\/x.com\/infoecos"]},{"@type":"Person","@id":"https:\/\/infoecos.com.ar\/#\/schema\/person\/8f5ace5ce73b4b4aac4b7245aee6f191","name":"Jorge Matheus","url":"https:\/\/infoecos.com.ar\/index.php\/author\/jomatheus\/"}]}},"featured_image_urls":{"full":["https:\/\/infoecos.com.ar\/wp-content\/uploads\/2023\/11\/Muestra-Fedele-6-1-scaled.jpg",2560,1745,false],"thumbnail":["https:\/\/infoecos.com.ar\/wp-content\/uploads\/2023\/11\/Muestra-Fedele-6-1-300x150.jpg",300,150,true],"medium":["https:\/\/infoecos.com.ar\/wp-content\/uploads\/2023\/11\/Muestra-Fedele-6-1-800x545.jpg",800,545,true],"medium_large":["https:\/\/infoecos.com.ar\/wp-content\/uploads\/2023\/11\/Muestra-Fedele-6-1-768x524.jpg",640,437,true],"large":["https:\/\/infoecos.com.ar\/wp-content\/uploads\/2023\/11\/Muestra-Fedele-6-1-1600x1091.jpg",640,436,true],"1536x1536":["https:\/\/infoecos.com.ar\/wp-content\/uploads\/2023\/11\/Muestra-Fedele-6-1-1536x1047.jpg",1536,1047,true],"2048x2048":["https:\/\/infoecos.com.ar\/wp-content\/uploads\/2023\/11\/Muestra-Fedele-6-1-2048x1396.jpg",2048,1396,true],"covernews-slider-full":["https:\/\/infoecos.com.ar\/wp-content\/uploads\/2023\/11\/Muestra-Fedele-6-1-1536x1020.jpg",1077,715,true],"covernews-slider-center":["https:\/\/infoecos.com.ar\/wp-content\/uploads\/2023\/11\/Muestra-Fedele-6-1-936x897.jpg",522,500,true],"covernews-featured":["https:\/\/infoecos.com.ar\/wp-content\/uploads\/2023\/11\/Muestra-Fedele-6-1-scaled.jpg",1024,698,false],"covernews-medium":["https:\/\/infoecos.com.ar\/wp-content\/uploads\/2023\/11\/Muestra-Fedele-6-1-scaled.jpg",499,340,false],"covernews-medium-square":["https:\/\/infoecos.com.ar\/wp-content\/uploads\/2023\/11\/Muestra-Fedele-6-1-scaled.jpg",367,250,false]},"author_info":{"info":["Jorge Matheus"]},"category_info":"<a href=\"https:\/\/infoecos.com.ar\/index.php\/category\/c1nota5\/\" rel=\"category tag\">C1 nota 5<\/a>","tag_info":"C1 nota 5","comment_count":"0","_links":{"self":[{"href":"https:\/\/infoecos.com.ar\/index.php\/wp-json\/wp\/v2\/posts\/115377"}],"collection":[{"href":"https:\/\/infoecos.com.ar\/index.php\/wp-json\/wp\/v2\/posts"}],"about":[{"href":"https:\/\/infoecos.com.ar\/index.php\/wp-json\/wp\/v2\/types\/post"}],"author":[{"embeddable":true,"href":"https:\/\/infoecos.com.ar\/index.php\/wp-json\/wp\/v2\/users\/2"}],"replies":[{"embeddable":true,"href":"https:\/\/infoecos.com.ar\/index.php\/wp-json\/wp\/v2\/comments?post=115377"}],"version-history":[{"count":1,"href":"https:\/\/infoecos.com.ar\/index.php\/wp-json\/wp\/v2\/posts\/115377\/revisions"}],"predecessor-version":[{"id":115415,"href":"https:\/\/infoecos.com.ar\/index.php\/wp-json\/wp\/v2\/posts\/115377\/revisions\/115415"}],"wp:featuredmedia":[{"embeddable":true,"href":"https:\/\/infoecos.com.ar\/index.php\/wp-json\/wp\/v2\/media\/115407"}],"wp:attachment":[{"href":"https:\/\/infoecos.com.ar\/index.php\/wp-json\/wp\/v2\/media?parent=115377"}],"wp:term":[{"taxonomy":"category","embeddable":true,"href":"https:\/\/infoecos.com.ar\/index.php\/wp-json\/wp\/v2\/categories?post=115377"},{"taxonomy":"post_tag","embeddable":true,"href":"https:\/\/infoecos.com.ar\/index.php\/wp-json\/wp\/v2\/tags?post=115377"}],"curies":[{"name":"wp","href":"https:\/\/api.w.org\/{rel}","templated":true}]}}