{"id":115416,"date":"2023-11-26T16:43:58","date_gmt":"2023-11-26T19:43:58","guid":{"rendered":"https:\/\/infoecos.com.ar\/?p=115416"},"modified":"2023-11-30T11:36:08","modified_gmt":"2023-11-30T14:36:08","slug":"destacan-la-estupenda-actuacion-de-juan-martin-nero-en-el-pase-a-la-final-de-la-dolfina","status":"publish","type":"post","link":"https:\/\/infoecos.com.ar\/index.php\/destacan-la-estupenda-actuacion-de-juan-martin-nero-en-el-pase-a-la-final-de-la-dolfina\/","title":{"rendered":"Califican como estupenda la actuaci\u00f3n de Juan Mart\u00edn Nero, en el pase a la final de La Dolfina"},"content":{"rendered":"\n<figure class=\"wp-block-image alignright size-full is-resized\"><img loading=\"lazy\" decoding=\"async\" src=\"https:\/\/infoecos.com.ar\/wp-content\/uploads\/2023\/11\/image-112.png\" alt=\"\" class=\"wp-image-115417\" width=\"307\" height=\"173\"\/><\/figure>\n\n\n\n<p><strong>El equipo de los Cambiaso tuvo que sacar a relucir su oficio<\/strong>&nbsp;para cerrar un pleito que se present\u00f3 muy parejo ante Hilario Ulloa y compa\u00f1\u00eda.<\/p>\n\n\n\n<p><strong>La Dolfina sac\u00f3 ventajas de la gran cantidad de faltas cometidas por La Hache y de la muy buena eficacia de la ejecuci\u00f3n de dichos foules (9\/11).&nbsp;<\/strong>Poroto Cambiaso, con 7 tantos, super\u00f3 los 100 en el Abierto y su padre, Adolfito, contin\u00faa quebrando su propio r\u00e9cord, al lograr romper la barrera de los 1100 goles en el torneo m\u00e1s importante de mundo.<\/p>\n\n\n\n<p><strong>De esta manera y con&nbsp;un estupendo partido de Juanma Nero \u2013una muralla en el fondo\u2013, el conjunto de Ca\u00f1uelas volvi\u00f3 a un lugar que conoce de memoria: la gran final de Palermo.<\/strong><\/p>\n\n\n\n<p>Por su parte, La Hache se va con un sabor amargo, pero esta derrota no empa\u00f1ar\u00e1 su gran temporada, en la que accedi\u00f3 a dos finales de Triple Corona y se qued\u00f3 en la puerta de una tercera.<\/p>\n\n\n\n<p><strong>S\u00cdNTESIS:<\/strong><\/p>\n\n\n\n<p><strong>La Dolfina:&nbsp;<\/strong>Adolfo Cambiaso (h) 10, David Stirling (h) 10, Adolfo Cambiaso (n) 10 y Juan M. Nero 10. Total: 40.<\/p>\n\n\n\n<p><strong>La Hache:<\/strong>&nbsp;Pablo Pieres 9, Hilario Ulloa 9, Guillermo Caset (h) 9 y Francisco Elizalde 9. Total: 36.<\/p>\n\n\n\n<p><strong>Jueces:&nbsp;<\/strong>Gast\u00f3n Lucero y Guillermo Villanueva (h).<\/p>\n\n\n\n<p><strong>\u00c1rbitro:&nbsp;<\/strong>Jos\u00e9 I. Araya.<\/p>\n\n\n\n<p>La final se juega el pr\u00f3ximo 2 de Diciembre en el Campo Argentino de Polo. <\/p>\n\n\n\n<p><strong>Fuente: espn.com.ar<\/strong><\/p>\n","protected":false},"excerpt":{"rendered":"<p>Espn: con\u00a0un estupendo partido de Juanma Nero \u2013una muralla en el fondo\u2013, el conjunto de Ca\u00f1uelas volvi\u00f3 a un lugar que conoce de memoria: la gran final de Palermo<\/p>\n","protected":false},"author":2,"featured_media":115417,"comment_status":"closed","ping_status":"open","sticky":false,"template":"","format":"standard","meta":{"footnotes":""},"categories":[1330],"tags":[9602],"class_list":["post-115416","post","type-post","status-publish","format-standard","has-post-thumbnail","hentry","category-inferior10","tag-130-abierto-argentino-de-polo"],"yoast_head":"<!-- This site is optimized with the Yoast SEO plugin v23.4 - https:\/\/yoast.com\/wordpress\/plugins\/seo\/ -->\n<title>Califican como estupenda la actuaci\u00f3n de Juan Mart\u00edn Nero, en el pase a la final de La Dolfina - Infoecos<\/title>\n<meta name=\"robots\" content=\"index, follow, max-snippet:-1, max-image-preview:large, max-video-preview:-1\" \/>\n<link rel=\"canonical\" href=\"https:\/\/infoecos.com.ar\/index.php\/destacan-la-estupenda-actuacion-de-juan-martin-nero-en-el-pase-a-la-final-de-la-dolfina\/\" \/>\n<meta property=\"og:locale\" content=\"es_ES\" \/>\n<meta property=\"og:type\" content=\"article\" \/>\n<meta property=\"og:title\" content=\"Califican como estupenda la actuaci\u00f3n de Juan Mart\u00edn Nero, en el pase a la final de La Dolfina - Infoecos\" \/>\n<meta property=\"og:description\" content=\"Espn: con\u00a0un estupendo partido de Juanma Nero \u2013una muralla en el fondo\u2013, el conjunto de Ca\u00f1uelas volvi\u00f3 a un lugar que conoce de memoria: la gran final de Palermo\" \/>\n<meta property=\"og:url\" content=\"https:\/\/infoecos.com.ar\/index.php\/destacan-la-estupenda-actuacion-de-juan-martin-nero-en-el-pase-a-la-final-de-la-dolfina\/\" \/>\n<meta property=\"og:site_name\" content=\"Infoecos\" \/>\n<meta property=\"article:publisher\" content=\"https:\/\/www.facebook.com\/profile.php?id=100063200290284\" \/>\n<meta property=\"article:published_time\" content=\"2023-11-26T19:43:58+00:00\" \/>\n<meta property=\"article:modified_time\" content=\"2023-11-30T14:36:08+00:00\" \/>\n<meta property=\"og:image\" content=\"https:\/\/infoecos.com.ar\/wp-content\/uploads\/2023\/11\/image-112.png\" \/>\n\t<meta property=\"og:image:width\" content=\"570\" \/>\n\t<meta property=\"og:image:height\" content=\"321\" \/>\n\t<meta property=\"og:image:type\" content=\"image\/png\" \/>\n<meta name=\"author\" content=\"Jorge Matheus\" \/>\n<meta name=\"twitter:card\" content=\"summary_large_image\" \/>\n<meta name=\"twitter:creator\" content=\"@infoecos\" \/>\n<meta name=\"twitter:site\" content=\"@infoecos\" \/>\n<meta name=\"twitter:label1\" content=\"Escrito por\" \/>\n\t<meta name=\"twitter:data1\" content=\"Jorge Matheus\" \/>\n\t<meta name=\"twitter:label2\" content=\"Tiempo de lectura\" \/>\n\t<meta name=\"twitter:data2\" content=\"2 minutos\" \/>\n<script type=\"application\/ld+json\" class=\"yoast-schema-graph\">{\"@context\":\"https:\/\/schema.org\",\"@graph\":[{\"@type\":\"Article\",\"@id\":\"https:\/\/infoecos.com.ar\/index.php\/destacan-la-estupenda-actuacion-de-juan-martin-nero-en-el-pase-a-la-final-de-la-dolfina\/#article\",\"isPartOf\":{\"@id\":\"https:\/\/infoecos.com.ar\/index.php\/destacan-la-estupenda-actuacion-de-juan-martin-nero-en-el-pase-a-la-final-de-la-dolfina\/\"},\"author\":{\"name\":\"Jorge Matheus\",\"@id\":\"https:\/\/infoecos.com.ar\/#\/schema\/person\/8f5ace5ce73b4b4aac4b7245aee6f191\"},\"headline\":\"Califican como estupenda la actuaci\u00f3n de Juan Mart\u00edn Nero, en el pase a la final de La Dolfina\",\"datePublished\":\"2023-11-26T19:43:58+00:00\",\"dateModified\":\"2023-11-30T14:36:08+00:00\",\"mainEntityOfPage\":{\"@id\":\"https:\/\/infoecos.com.ar\/index.php\/destacan-la-estupenda-actuacion-de-juan-martin-nero-en-el-pase-a-la-final-de-la-dolfina\/\"},\"wordCount\":252,\"publisher\":{\"@id\":\"https:\/\/infoecos.com.ar\/#organization\"},\"image\":{\"@id\":\"https:\/\/infoecos.com.ar\/index.php\/destacan-la-estupenda-actuacion-de-juan-martin-nero-en-el-pase-a-la-final-de-la-dolfina\/#primaryimage\"},\"thumbnailUrl\":\"https:\/\/infoecos.com.ar\/wp-content\/uploads\/2023\/11\/image-112.png\",\"keywords\":[\"130 abierto argentino de polo\"],\"articleSection\":[\"Bloque inferior - 10\"],\"inLanguage\":\"es\"},{\"@type\":\"WebPage\",\"@id\":\"https:\/\/infoecos.com.ar\/index.php\/destacan-la-estupenda-actuacion-de-juan-martin-nero-en-el-pase-a-la-final-de-la-dolfina\/\",\"url\":\"https:\/\/infoecos.com.ar\/index.php\/destacan-la-estupenda-actuacion-de-juan-martin-nero-en-el-pase-a-la-final-de-la-dolfina\/\",\"name\":\"Califican como estupenda la actuaci\u00f3n de Juan Mart\u00edn Nero, en el pase a la final de La Dolfina - Infoecos\",\"isPartOf\":{\"@id\":\"https:\/\/infoecos.com.ar\/#website\"},\"primaryImageOfPage\":{\"@id\":\"https:\/\/infoecos.com.ar\/index.php\/destacan-la-estupenda-actuacion-de-juan-martin-nero-en-el-pase-a-la-final-de-la-dolfina\/#primaryimage\"},\"image\":{\"@id\":\"https:\/\/infoecos.com.ar\/index.php\/destacan-la-estupenda-actuacion-de-juan-martin-nero-en-el-pase-a-la-final-de-la-dolfina\/#primaryimage\"},\"thumbnailUrl\":\"https:\/\/infoecos.com.ar\/wp-content\/uploads\/2023\/11\/image-112.png\",\"datePublished\":\"2023-11-26T19:43:58+00:00\",\"dateModified\":\"2023-11-30T14:36:08+00:00\",\"breadcrumb\":{\"@id\":\"https:\/\/infoecos.com.ar\/index.php\/destacan-la-estupenda-actuacion-de-juan-martin-nero-en-el-pase-a-la-final-de-la-dolfina\/#breadcrumb\"},\"inLanguage\":\"es\",\"potentialAction\":[{\"@type\":\"ReadAction\",\"target\":[\"https:\/\/infoecos.com.ar\/index.php\/destacan-la-estupenda-actuacion-de-juan-martin-nero-en-el-pase-a-la-final-de-la-dolfina\/\"]}]},{\"@type\":\"ImageObject\",\"inLanguage\":\"es\",\"@id\":\"https:\/\/infoecos.com.ar\/index.php\/destacan-la-estupenda-actuacion-de-juan-martin-nero-en-el-pase-a-la-final-de-la-dolfina\/#primaryimage\",\"url\":\"https:\/\/infoecos.com.ar\/wp-content\/uploads\/2023\/11\/image-112.png\",\"contentUrl\":\"https:\/\/infoecos.com.ar\/wp-content\/uploads\/2023\/11\/image-112.png\",\"width\":570,\"height\":321},{\"@type\":\"BreadcrumbList\",\"@id\":\"https:\/\/infoecos.com.ar\/index.php\/destacan-la-estupenda-actuacion-de-juan-martin-nero-en-el-pase-a-la-final-de-la-dolfina\/#breadcrumb\",\"itemListElement\":[{\"@type\":\"ListItem\",\"position\":1,\"name\":\"Portada\",\"item\":\"https:\/\/infoecos.com.ar\/\"},{\"@type\":\"ListItem\",\"position\":2,\"name\":\"Califican como estupenda la actuaci\u00f3n de Juan Mart\u00edn Nero, en el pase a la final de La Dolfina\"}]},{\"@type\":\"WebSite\",\"@id\":\"https:\/\/infoecos.com.ar\/#website\",\"url\":\"https:\/\/infoecos.com.ar\/\",\"name\":\"Infoecos\",\"description\":\"Noticias de trenque lauquen y la zona\",\"publisher\":{\"@id\":\"https:\/\/infoecos.com.ar\/#organization\"},\"alternateName\":\"Noticias\",\"potentialAction\":[{\"@type\":\"SearchAction\",\"target\":{\"@type\":\"EntryPoint\",\"urlTemplate\":\"https:\/\/infoecos.com.ar\/?s={search_term_string}\"},\"query-input\":{\"@type\":\"PropertyValueSpecification\",\"valueRequired\":true,\"valueName\":\"search_term_string\"}}],\"inLanguage\":\"es\"},{\"@type\":\"Organization\",\"@id\":\"https:\/\/infoecos.com.ar\/#organization\",\"name\":\"Infoecos\",\"alternateName\":\"Noticias\",\"url\":\"https:\/\/infoecos.com.ar\/\",\"logo\":{\"@type\":\"ImageObject\",\"inLanguage\":\"es\",\"@id\":\"https:\/\/infoecos.com.ar\/#\/schema\/logo\/image\/\",\"url\":\"https:\/\/infoecos.com.ar\/wp-content\/uploads\/2024\/03\/cropped-logo.png\",\"contentUrl\":\"https:\/\/infoecos.com.ar\/wp-content\/uploads\/2024\/03\/cropped-logo.png\",\"width\":374,\"height\":90,\"caption\":\"Infoecos\"},\"image\":{\"@id\":\"https:\/\/infoecos.com.ar\/#\/schema\/logo\/image\/\"},\"sameAs\":[\"https:\/\/www.facebook.com\/profile.php?id=100063200290284\",\"https:\/\/x.com\/infoecos\"]},{\"@type\":\"Person\",\"@id\":\"https:\/\/infoecos.com.ar\/#\/schema\/person\/8f5ace5ce73b4b4aac4b7245aee6f191\",\"name\":\"Jorge Matheus\",\"url\":\"https:\/\/infoecos.com.ar\/index.php\/author\/jomatheus\/\"}]}<\/script>\n<!-- \/ Yoast SEO plugin. -->","yoast_head_json":{"title":"Califican como estupenda la actuaci\u00f3n de Juan Mart\u00edn Nero, en el pase a la final de La Dolfina - Infoecos","robots":{"index":"index","follow":"follow","max-snippet":"max-snippet:-1","max-image-preview":"max-image-preview:large","max-video-preview":"max-video-preview:-1"},"canonical":"https:\/\/infoecos.com.ar\/index.php\/destacan-la-estupenda-actuacion-de-juan-martin-nero-en-el-pase-a-la-final-de-la-dolfina\/","og_locale":"es_ES","og_type":"article","og_title":"Califican como estupenda la actuaci\u00f3n de Juan Mart\u00edn Nero, en el pase a la final de La Dolfina - Infoecos","og_description":"Espn: con\u00a0un estupendo partido de Juanma Nero \u2013una muralla en el fondo\u2013, el conjunto de Ca\u00f1uelas volvi\u00f3 a un lugar que conoce de memoria: la gran final de Palermo","og_url":"https:\/\/infoecos.com.ar\/index.php\/destacan-la-estupenda-actuacion-de-juan-martin-nero-en-el-pase-a-la-final-de-la-dolfina\/","og_site_name":"Infoecos","article_publisher":"https:\/\/www.facebook.com\/profile.php?id=100063200290284","article_published_time":"2023-11-26T19:43:58+00:00","article_modified_time":"2023-11-30T14:36:08+00:00","og_image":[{"width":570,"height":321,"url":"https:\/\/infoecos.com.ar\/wp-content\/uploads\/2023\/11\/image-112.png","type":"image\/png"}],"author":"Jorge Matheus","twitter_card":"summary_large_image","twitter_creator":"@infoecos","twitter_site":"@infoecos","twitter_misc":{"Escrito por":"Jorge Matheus","Tiempo de lectura":"2 minutos"},"schema":{"@context":"https:\/\/schema.org","@graph":[{"@type":"Article","@id":"https:\/\/infoecos.com.ar\/index.php\/destacan-la-estupenda-actuacion-de-juan-martin-nero-en-el-pase-a-la-final-de-la-dolfina\/#article","isPartOf":{"@id":"https:\/\/infoecos.com.ar\/index.php\/destacan-la-estupenda-actuacion-de-juan-martin-nero-en-el-pase-a-la-final-de-la-dolfina\/"},"author":{"name":"Jorge Matheus","@id":"https:\/\/infoecos.com.ar\/#\/schema\/person\/8f5ace5ce73b4b4aac4b7245aee6f191"},"headline":"Califican como estupenda la actuaci\u00f3n de Juan Mart\u00edn Nero, en el pase a la final de La Dolfina","datePublished":"2023-11-26T19:43:58+00:00","dateModified":"2023-11-30T14:36:08+00:00","mainEntityOfPage":{"@id":"https:\/\/infoecos.com.ar\/index.php\/destacan-la-estupenda-actuacion-de-juan-martin-nero-en-el-pase-a-la-final-de-la-dolfina\/"},"wordCount":252,"publisher":{"@id":"https:\/\/infoecos.com.ar\/#organization"},"image":{"@id":"https:\/\/infoecos.com.ar\/index.php\/destacan-la-estupenda-actuacion-de-juan-martin-nero-en-el-pase-a-la-final-de-la-dolfina\/#primaryimage"},"thumbnailUrl":"https:\/\/infoecos.com.ar\/wp-content\/uploads\/2023\/11\/image-112.png","keywords":["130 abierto argentino de polo"],"articleSection":["Bloque inferior - 10"],"inLanguage":"es"},{"@type":"WebPage","@id":"https:\/\/infoecos.com.ar\/index.php\/destacan-la-estupenda-actuacion-de-juan-martin-nero-en-el-pase-a-la-final-de-la-dolfina\/","url":"https:\/\/infoecos.com.ar\/index.php\/destacan-la-estupenda-actuacion-de-juan-martin-nero-en-el-pase-a-la-final-de-la-dolfina\/","name":"Califican como estupenda la actuaci\u00f3n de Juan Mart\u00edn Nero, en el pase a la final de La Dolfina - Infoecos","isPartOf":{"@id":"https:\/\/infoecos.com.ar\/#website"},"primaryImageOfPage":{"@id":"https:\/\/infoecos.com.ar\/index.php\/destacan-la-estupenda-actuacion-de-juan-martin-nero-en-el-pase-a-la-final-de-la-dolfina\/#primaryimage"},"image":{"@id":"https:\/\/infoecos.com.ar\/index.php\/destacan-la-estupenda-actuacion-de-juan-martin-nero-en-el-pase-a-la-final-de-la-dolfina\/#primaryimage"},"thumbnailUrl":"https:\/\/infoecos.com.ar\/wp-content\/uploads\/2023\/11\/image-112.png","datePublished":"2023-11-26T19:43:58+00:00","dateModified":"2023-11-30T14:36:08+00:00","breadcrumb":{"@id":"https:\/\/infoecos.com.ar\/index.php\/destacan-la-estupenda-actuacion-de-juan-martin-nero-en-el-pase-a-la-final-de-la-dolfina\/#breadcrumb"},"inLanguage":"es","potentialAction":[{"@type":"ReadAction","target":["https:\/\/infoecos.com.ar\/index.php\/destacan-la-estupenda-actuacion-de-juan-martin-nero-en-el-pase-a-la-final-de-la-dolfina\/"]}]},{"@type":"ImageObject","inLanguage":"es","@id":"https:\/\/infoecos.com.ar\/index.php\/destacan-la-estupenda-actuacion-de-juan-martin-nero-en-el-pase-a-la-final-de-la-dolfina\/#primaryimage","url":"https:\/\/infoecos.com.ar\/wp-content\/uploads\/2023\/11\/image-112.png","contentUrl":"https:\/\/infoecos.com.ar\/wp-content\/uploads\/2023\/11\/image-112.png","width":570,"height":321},{"@type":"BreadcrumbList","@id":"https:\/\/infoecos.com.ar\/index.php\/destacan-la-estupenda-actuacion-de-juan-martin-nero-en-el-pase-a-la-final-de-la-dolfina\/#breadcrumb","itemListElement":[{"@type":"ListItem","position":1,"name":"Portada","item":"https:\/\/infoecos.com.ar\/"},{"@type":"ListItem","position":2,"name":"Califican como estupenda la actuaci\u00f3n de Juan Mart\u00edn Nero, en el pase a la final de La Dolfina"}]},{"@type":"WebSite","@id":"https:\/\/infoecos.com.ar\/#website","url":"https:\/\/infoecos.com.ar\/","name":"Infoecos","description":"Noticias de trenque lauquen y la zona","publisher":{"@id":"https:\/\/infoecos.com.ar\/#organization"},"alternateName":"Noticias","potentialAction":[{"@type":"SearchAction","target":{"@type":"EntryPoint","urlTemplate":"https:\/\/infoecos.com.ar\/?s={search_term_string}"},"query-input":{"@type":"PropertyValueSpecification","valueRequired":true,"valueName":"search_term_string"}}],"inLanguage":"es"},{"@type":"Organization","@id":"https:\/\/infoecos.com.ar\/#organization","name":"Infoecos","alternateName":"Noticias","url":"https:\/\/infoecos.com.ar\/","logo":{"@type":"ImageObject","inLanguage":"es","@id":"https:\/\/infoecos.com.ar\/#\/schema\/logo\/image\/","url":"https:\/\/infoecos.com.ar\/wp-content\/uploads\/2024\/03\/cropped-logo.png","contentUrl":"https:\/\/infoecos.com.ar\/wp-content\/uploads\/2024\/03\/cropped-logo.png","width":374,"height":90,"caption":"Infoecos"},"image":{"@id":"https:\/\/infoecos.com.ar\/#\/schema\/logo\/image\/"},"sameAs":["https:\/\/www.facebook.com\/profile.php?id=100063200290284","https:\/\/x.com\/infoecos"]},{"@type":"Person","@id":"https:\/\/infoecos.com.ar\/#\/schema\/person\/8f5ace5ce73b4b4aac4b7245aee6f191","name":"Jorge Matheus","url":"https:\/\/infoecos.com.ar\/index.php\/author\/jomatheus\/"}]}},"featured_image_urls":{"full":["https:\/\/infoecos.com.ar\/wp-content\/uploads\/2023\/11\/image-112.png",570,321,false],"thumbnail":["https:\/\/infoecos.com.ar\/wp-content\/uploads\/2023\/11\/image-112-300x150.png",300,150,true],"medium":["https:\/\/infoecos.com.ar\/wp-content\/uploads\/2023\/11\/image-112.png",570,321,false],"medium_large":["https:\/\/infoecos.com.ar\/wp-content\/uploads\/2023\/11\/image-112.png",570,321,false],"large":["https:\/\/infoecos.com.ar\/wp-content\/uploads\/2023\/11\/image-112.png",570,321,false],"1536x1536":["https:\/\/infoecos.com.ar\/wp-content\/uploads\/2023\/11\/image-112.png",570,321,false],"2048x2048":["https:\/\/infoecos.com.ar\/wp-content\/uploads\/2023\/11\/image-112.png",570,321,false],"covernews-slider-full":["https:\/\/infoecos.com.ar\/wp-content\/uploads\/2023\/11\/image-112.png",570,321,false],"covernews-slider-center":["https:\/\/infoecos.com.ar\/wp-content\/uploads\/2023\/11\/image-112.png",570,321,false],"covernews-featured":["https:\/\/infoecos.com.ar\/wp-content\/uploads\/2023\/11\/image-112.png",570,321,false],"covernews-medium":["https:\/\/infoecos.com.ar\/wp-content\/uploads\/2023\/11\/image-112.png",540,304,false],"covernews-medium-square":["https:\/\/infoecos.com.ar\/wp-content\/uploads\/2023\/11\/image-112.png",400,225,false]},"author_info":{"info":["Jorge Matheus"]},"category_info":"<a href=\"https:\/\/infoecos.com.ar\/index.php\/category\/inferior10\/\" rel=\"category tag\">Bloque inferior - 10<\/a>","tag_info":"Bloque inferior - 10","comment_count":"0","_links":{"self":[{"href":"https:\/\/infoecos.com.ar\/index.php\/wp-json\/wp\/v2\/posts\/115416"}],"collection":[{"href":"https:\/\/infoecos.com.ar\/index.php\/wp-json\/wp\/v2\/posts"}],"about":[{"href":"https:\/\/infoecos.com.ar\/index.php\/wp-json\/wp\/v2\/types\/post"}],"author":[{"embeddable":true,"href":"https:\/\/infoecos.com.ar\/index.php\/wp-json\/wp\/v2\/users\/2"}],"replies":[{"embeddable":true,"href":"https:\/\/infoecos.com.ar\/index.php\/wp-json\/wp\/v2\/comments?post=115416"}],"version-history":[{"count":3,"href":"https:\/\/infoecos.com.ar\/index.php\/wp-json\/wp\/v2\/posts\/115416\/revisions"}],"predecessor-version":[{"id":115424,"href":"https:\/\/infoecos.com.ar\/index.php\/wp-json\/wp\/v2\/posts\/115416\/revisions\/115424"}],"wp:featuredmedia":[{"embeddable":true,"href":"https:\/\/infoecos.com.ar\/index.php\/wp-json\/wp\/v2\/media\/115417"}],"wp:attachment":[{"href":"https:\/\/infoecos.com.ar\/index.php\/wp-json\/wp\/v2\/media?parent=115416"}],"wp:term":[{"taxonomy":"category","embeddable":true,"href":"https:\/\/infoecos.com.ar\/index.php\/wp-json\/wp\/v2\/categories?post=115416"},{"taxonomy":"post_tag","embeddable":true,"href":"https:\/\/infoecos.com.ar\/index.php\/wp-json\/wp\/v2\/tags?post=115416"}],"curies":[{"name":"wp","href":"https:\/\/api.w.org\/{rel}","templated":true}]}}