{"id":115444,"date":"2023-11-27T14:05:29","date_gmt":"2023-11-27T17:05:29","guid":{"rendered":"https:\/\/infoecos.com.ar\/?p=115444"},"modified":"2023-11-27T14:05:31","modified_gmt":"2023-11-27T17:05:31","slug":"dos-hombres-aprehendidos-por-ebriedad-y-un-menor-por-no-respetar-medida-de-restriccion","status":"publish","type":"post","link":"https:\/\/infoecos.com.ar\/index.php\/dos-hombres-aprehendidos-por-ebriedad-y-un-menor-por-no-respetar-medida-de-restriccion\/","title":{"rendered":"Dos hombres aprehendidos por ebriedad y un menor por no respetar medida de restricci\u00f3n"},"content":{"rendered":"\n<p>Se procedi\u00f3 a la detenci\u00f3n de dos hombres, uno de 20 a\u00f1os de edad y otro de 54, ambos con domicilio en Trenque Lauquen. Estaban en estado de ebriedad, ocasionando disturbios, se\u00f1ala la informaci\u00f3n policial.  <\/p>\n\n\n\n<p>Se instruye causa Contravencional caratulada \u201cInfracci\u00f3n Art. 72 y 74 Inc. \u201cA\u201d del Decreto Ley 8031\/73\u201d con intervenci\u00f3n del Juzgado Correccional N\u00ba 2 Departamental. Ambos recuperaron su libertad.<\/p>\n\n\n\n<figure class=\"wp-block-image aligncenter size-full is-resized\"><img loading=\"lazy\" decoding=\"async\" src=\"https:\/\/infoecos.com.ar\/wp-content\/uploads\/2023\/11\/policial.jpg\" alt=\"\" class=\"wp-image-115445\" width=\"283\" height=\"417\" srcset=\"https:\/\/infoecos.com.ar\/wp-content\/uploads\/2023\/11\/policial.jpg 869w, https:\/\/infoecos.com.ar\/wp-content\/uploads\/2023\/11\/policial-543x800.jpg 543w, https:\/\/infoecos.com.ar\/wp-content\/uploads\/2023\/11\/policial-768x1131.jpg 768w\" sizes=\"(max-width: 283px) 100vw, 283px\" \/><\/figure>\n\n\n\n<p><strong>Aprehensi\u00f3n de un menor de edad<\/strong><\/p>\n\n\n\n<p>Se procedi\u00f3 a la aprehensi\u00f3n de un menor de edad, en inmediaciones de calle los Naranjos barrio El Ceibo casa nro. 80 de Trenque Lauquen. Fue en el marco de causa por Violencia Familiar en la cual el Juzgado de Familia N\u00ba 01 Departamental dispuso medida cautelar de acercamiento del menor causante, hacia el mencionado domicilio.<\/p>\n\n\n\n<p>Se instruye causa penal caratulada desobediencia flagrante, con intervenci\u00f3n de la Fiscal\u00eda Responsabilidad Penal Juvenil Departamental.<\/p>\n\n\n\n<p>El menor causante recuper\u00f3 la libertad._<\/p>\n","protected":false},"excerpt":{"rendered":"<p>Informaci\u00f3n de la Comisar\u00eda 1era de la ciudad de Trenque Lauquen<\/p>\n","protected":false},"author":2,"featured_media":115445,"comment_status":"closed","ping_status":"open","sticky":false,"template":"","format":"standard","meta":{"footnotes":""},"categories":[51],"tags":[9608],"class_list":["post-115444","post","type-post","status-publish","format-standard","has-post-thumbnail","hentry","category-c2nota4","tag-poiciales-t-lauquen"],"yoast_head":"<!-- This site is optimized with the Yoast SEO plugin v23.4 - https:\/\/yoast.com\/wordpress\/plugins\/seo\/ -->\n<title>Dos hombres aprehendidos por ebriedad y un menor por no respetar medida de restricci\u00f3n - Infoecos<\/title>\n<meta name=\"robots\" content=\"index, follow, max-snippet:-1, max-image-preview:large, max-video-preview:-1\" \/>\n<link rel=\"canonical\" href=\"https:\/\/infoecos.com.ar\/index.php\/dos-hombres-aprehendidos-por-ebriedad-y-un-menor-por-no-respetar-medida-de-restriccion\/\" \/>\n<meta property=\"og:locale\" content=\"es_ES\" \/>\n<meta property=\"og:type\" content=\"article\" \/>\n<meta property=\"og:title\" content=\"Dos hombres aprehendidos por ebriedad y un menor por no respetar medida de restricci\u00f3n - Infoecos\" \/>\n<meta property=\"og:description\" content=\"Informaci\u00f3n de la Comisar\u00eda 1era de la ciudad de Trenque Lauquen\" \/>\n<meta property=\"og:url\" content=\"https:\/\/infoecos.com.ar\/index.php\/dos-hombres-aprehendidos-por-ebriedad-y-un-menor-por-no-respetar-medida-de-restriccion\/\" \/>\n<meta property=\"og:site_name\" content=\"Infoecos\" \/>\n<meta property=\"article:publisher\" content=\"https:\/\/www.facebook.com\/profile.php?id=100063200290284\" \/>\n<meta property=\"article:published_time\" content=\"2023-11-27T17:05:29+00:00\" \/>\n<meta property=\"article:modified_time\" content=\"2023-11-27T17:05:31+00:00\" \/>\n<meta property=\"og:image\" content=\"https:\/\/infoecos.com.ar\/wp-content\/uploads\/2023\/11\/policial.jpg\" \/>\n\t<meta property=\"og:image:width\" content=\"869\" \/>\n\t<meta property=\"og:image:height\" content=\"1280\" \/>\n\t<meta property=\"og:image:type\" content=\"image\/jpeg\" \/>\n<meta name=\"author\" content=\"Jorge Matheus\" \/>\n<meta name=\"twitter:card\" content=\"summary_large_image\" \/>\n<meta name=\"twitter:creator\" content=\"@infoecos\" \/>\n<meta name=\"twitter:site\" content=\"@infoecos\" \/>\n<meta name=\"twitter:label1\" content=\"Escrito por\" \/>\n\t<meta name=\"twitter:data1\" content=\"Jorge Matheus\" \/>\n\t<meta name=\"twitter:label2\" content=\"Tiempo de lectura\" \/>\n\t<meta name=\"twitter:data2\" content=\"1 minuto\" \/>\n<script type=\"application\/ld+json\" class=\"yoast-schema-graph\">{\"@context\":\"https:\/\/schema.org\",\"@graph\":[{\"@type\":\"Article\",\"@id\":\"https:\/\/infoecos.com.ar\/index.php\/dos-hombres-aprehendidos-por-ebriedad-y-un-menor-por-no-respetar-medida-de-restriccion\/#article\",\"isPartOf\":{\"@id\":\"https:\/\/infoecos.com.ar\/index.php\/dos-hombres-aprehendidos-por-ebriedad-y-un-menor-por-no-respetar-medida-de-restriccion\/\"},\"author\":{\"name\":\"Jorge Matheus\",\"@id\":\"https:\/\/infoecos.com.ar\/#\/schema\/person\/8f5ace5ce73b4b4aac4b7245aee6f191\"},\"headline\":\"Dos hombres aprehendidos por ebriedad y un menor por no respetar medida de restricci\u00f3n\",\"datePublished\":\"2023-11-27T17:05:29+00:00\",\"dateModified\":\"2023-11-27T17:05:31+00:00\",\"mainEntityOfPage\":{\"@id\":\"https:\/\/infoecos.com.ar\/index.php\/dos-hombres-aprehendidos-por-ebriedad-y-un-menor-por-no-respetar-medida-de-restriccion\/\"},\"wordCount\":164,\"publisher\":{\"@id\":\"https:\/\/infoecos.com.ar\/#organization\"},\"image\":{\"@id\":\"https:\/\/infoecos.com.ar\/index.php\/dos-hombres-aprehendidos-por-ebriedad-y-un-menor-por-no-respetar-medida-de-restriccion\/#primaryimage\"},\"thumbnailUrl\":\"https:\/\/infoecos.com.ar\/wp-content\/uploads\/2023\/11\/policial.jpg\",\"keywords\":[\"Poiciales - t.lauquen\"],\"articleSection\":[\"C2 N4\"],\"inLanguage\":\"es\"},{\"@type\":\"WebPage\",\"@id\":\"https:\/\/infoecos.com.ar\/index.php\/dos-hombres-aprehendidos-por-ebriedad-y-un-menor-por-no-respetar-medida-de-restriccion\/\",\"url\":\"https:\/\/infoecos.com.ar\/index.php\/dos-hombres-aprehendidos-por-ebriedad-y-un-menor-por-no-respetar-medida-de-restriccion\/\",\"name\":\"Dos hombres aprehendidos por ebriedad y un menor por no respetar medida de restricci\u00f3n - Infoecos\",\"isPartOf\":{\"@id\":\"https:\/\/infoecos.com.ar\/#website\"},\"primaryImageOfPage\":{\"@id\":\"https:\/\/infoecos.com.ar\/index.php\/dos-hombres-aprehendidos-por-ebriedad-y-un-menor-por-no-respetar-medida-de-restriccion\/#primaryimage\"},\"image\":{\"@id\":\"https:\/\/infoecos.com.ar\/index.php\/dos-hombres-aprehendidos-por-ebriedad-y-un-menor-por-no-respetar-medida-de-restriccion\/#primaryimage\"},\"thumbnailUrl\":\"https:\/\/infoecos.com.ar\/wp-content\/uploads\/2023\/11\/policial.jpg\",\"datePublished\":\"2023-11-27T17:05:29+00:00\",\"dateModified\":\"2023-11-27T17:05:31+00:00\",\"breadcrumb\":{\"@id\":\"https:\/\/infoecos.com.ar\/index.php\/dos-hombres-aprehendidos-por-ebriedad-y-un-menor-por-no-respetar-medida-de-restriccion\/#breadcrumb\"},\"inLanguage\":\"es\",\"potentialAction\":[{\"@type\":\"ReadAction\",\"target\":[\"https:\/\/infoecos.com.ar\/index.php\/dos-hombres-aprehendidos-por-ebriedad-y-un-menor-por-no-respetar-medida-de-restriccion\/\"]}]},{\"@type\":\"ImageObject\",\"inLanguage\":\"es\",\"@id\":\"https:\/\/infoecos.com.ar\/index.php\/dos-hombres-aprehendidos-por-ebriedad-y-un-menor-por-no-respetar-medida-de-restriccion\/#primaryimage\",\"url\":\"https:\/\/infoecos.com.ar\/wp-content\/uploads\/2023\/11\/policial.jpg\",\"contentUrl\":\"https:\/\/infoecos.com.ar\/wp-content\/uploads\/2023\/11\/policial.jpg\",\"width\":869,\"height\":1280},{\"@type\":\"BreadcrumbList\",\"@id\":\"https:\/\/infoecos.com.ar\/index.php\/dos-hombres-aprehendidos-por-ebriedad-y-un-menor-por-no-respetar-medida-de-restriccion\/#breadcrumb\",\"itemListElement\":[{\"@type\":\"ListItem\",\"position\":1,\"name\":\"Portada\",\"item\":\"https:\/\/infoecos.com.ar\/\"},{\"@type\":\"ListItem\",\"position\":2,\"name\":\"Dos hombres aprehendidos por ebriedad y un menor por no respetar medida de restricci\u00f3n\"}]},{\"@type\":\"WebSite\",\"@id\":\"https:\/\/infoecos.com.ar\/#website\",\"url\":\"https:\/\/infoecos.com.ar\/\",\"name\":\"Infoecos\",\"description\":\"Noticias de trenque lauquen y la zona\",\"publisher\":{\"@id\":\"https:\/\/infoecos.com.ar\/#organization\"},\"alternateName\":\"Noticias\",\"potentialAction\":[{\"@type\":\"SearchAction\",\"target\":{\"@type\":\"EntryPoint\",\"urlTemplate\":\"https:\/\/infoecos.com.ar\/?s={search_term_string}\"},\"query-input\":{\"@type\":\"PropertyValueSpecification\",\"valueRequired\":true,\"valueName\":\"search_term_string\"}}],\"inLanguage\":\"es\"},{\"@type\":\"Organization\",\"@id\":\"https:\/\/infoecos.com.ar\/#organization\",\"name\":\"Infoecos\",\"alternateName\":\"Noticias\",\"url\":\"https:\/\/infoecos.com.ar\/\",\"logo\":{\"@type\":\"ImageObject\",\"inLanguage\":\"es\",\"@id\":\"https:\/\/infoecos.com.ar\/#\/schema\/logo\/image\/\",\"url\":\"https:\/\/infoecos.com.ar\/wp-content\/uploads\/2024\/03\/cropped-logo.png\",\"contentUrl\":\"https:\/\/infoecos.com.ar\/wp-content\/uploads\/2024\/03\/cropped-logo.png\",\"width\":374,\"height\":90,\"caption\":\"Infoecos\"},\"image\":{\"@id\":\"https:\/\/infoecos.com.ar\/#\/schema\/logo\/image\/\"},\"sameAs\":[\"https:\/\/www.facebook.com\/profile.php?id=100063200290284\",\"https:\/\/x.com\/infoecos\"]},{\"@type\":\"Person\",\"@id\":\"https:\/\/infoecos.com.ar\/#\/schema\/person\/8f5ace5ce73b4b4aac4b7245aee6f191\",\"name\":\"Jorge Matheus\",\"url\":\"https:\/\/infoecos.com.ar\/index.php\/author\/jomatheus\/\"}]}<\/script>\n<!-- \/ Yoast SEO plugin. -->","yoast_head_json":{"title":"Dos hombres aprehendidos por ebriedad y un menor por no respetar medida de restricci\u00f3n - Infoecos","robots":{"index":"index","follow":"follow","max-snippet":"max-snippet:-1","max-image-preview":"max-image-preview:large","max-video-preview":"max-video-preview:-1"},"canonical":"https:\/\/infoecos.com.ar\/index.php\/dos-hombres-aprehendidos-por-ebriedad-y-un-menor-por-no-respetar-medida-de-restriccion\/","og_locale":"es_ES","og_type":"article","og_title":"Dos hombres aprehendidos por ebriedad y un menor por no respetar medida de restricci\u00f3n - Infoecos","og_description":"Informaci\u00f3n de la Comisar\u00eda 1era de la ciudad de Trenque Lauquen","og_url":"https:\/\/infoecos.com.ar\/index.php\/dos-hombres-aprehendidos-por-ebriedad-y-un-menor-por-no-respetar-medida-de-restriccion\/","og_site_name":"Infoecos","article_publisher":"https:\/\/www.facebook.com\/profile.php?id=100063200290284","article_published_time":"2023-11-27T17:05:29+00:00","article_modified_time":"2023-11-27T17:05:31+00:00","og_image":[{"width":869,"height":1280,"url":"https:\/\/infoecos.com.ar\/wp-content\/uploads\/2023\/11\/policial.jpg","type":"image\/jpeg"}],"author":"Jorge Matheus","twitter_card":"summary_large_image","twitter_creator":"@infoecos","twitter_site":"@infoecos","twitter_misc":{"Escrito por":"Jorge Matheus","Tiempo de lectura":"1 minuto"},"schema":{"@context":"https:\/\/schema.org","@graph":[{"@type":"Article","@id":"https:\/\/infoecos.com.ar\/index.php\/dos-hombres-aprehendidos-por-ebriedad-y-un-menor-por-no-respetar-medida-de-restriccion\/#article","isPartOf":{"@id":"https:\/\/infoecos.com.ar\/index.php\/dos-hombres-aprehendidos-por-ebriedad-y-un-menor-por-no-respetar-medida-de-restriccion\/"},"author":{"name":"Jorge Matheus","@id":"https:\/\/infoecos.com.ar\/#\/schema\/person\/8f5ace5ce73b4b4aac4b7245aee6f191"},"headline":"Dos hombres aprehendidos por ebriedad y un menor por no respetar medida de restricci\u00f3n","datePublished":"2023-11-27T17:05:29+00:00","dateModified":"2023-11-27T17:05:31+00:00","mainEntityOfPage":{"@id":"https:\/\/infoecos.com.ar\/index.php\/dos-hombres-aprehendidos-por-ebriedad-y-un-menor-por-no-respetar-medida-de-restriccion\/"},"wordCount":164,"publisher":{"@id":"https:\/\/infoecos.com.ar\/#organization"},"image":{"@id":"https:\/\/infoecos.com.ar\/index.php\/dos-hombres-aprehendidos-por-ebriedad-y-un-menor-por-no-respetar-medida-de-restriccion\/#primaryimage"},"thumbnailUrl":"https:\/\/infoecos.com.ar\/wp-content\/uploads\/2023\/11\/policial.jpg","keywords":["Poiciales - t.lauquen"],"articleSection":["C2 N4"],"inLanguage":"es"},{"@type":"WebPage","@id":"https:\/\/infoecos.com.ar\/index.php\/dos-hombres-aprehendidos-por-ebriedad-y-un-menor-por-no-respetar-medida-de-restriccion\/","url":"https:\/\/infoecos.com.ar\/index.php\/dos-hombres-aprehendidos-por-ebriedad-y-un-menor-por-no-respetar-medida-de-restriccion\/","name":"Dos hombres aprehendidos por ebriedad y un menor por no respetar medida de restricci\u00f3n - Infoecos","isPartOf":{"@id":"https:\/\/infoecos.com.ar\/#website"},"primaryImageOfPage":{"@id":"https:\/\/infoecos.com.ar\/index.php\/dos-hombres-aprehendidos-por-ebriedad-y-un-menor-por-no-respetar-medida-de-restriccion\/#primaryimage"},"image":{"@id":"https:\/\/infoecos.com.ar\/index.php\/dos-hombres-aprehendidos-por-ebriedad-y-un-menor-por-no-respetar-medida-de-restriccion\/#primaryimage"},"thumbnailUrl":"https:\/\/infoecos.com.ar\/wp-content\/uploads\/2023\/11\/policial.jpg","datePublished":"2023-11-27T17:05:29+00:00","dateModified":"2023-11-27T17:05:31+00:00","breadcrumb":{"@id":"https:\/\/infoecos.com.ar\/index.php\/dos-hombres-aprehendidos-por-ebriedad-y-un-menor-por-no-respetar-medida-de-restriccion\/#breadcrumb"},"inLanguage":"es","potentialAction":[{"@type":"ReadAction","target":["https:\/\/infoecos.com.ar\/index.php\/dos-hombres-aprehendidos-por-ebriedad-y-un-menor-por-no-respetar-medida-de-restriccion\/"]}]},{"@type":"ImageObject","inLanguage":"es","@id":"https:\/\/infoecos.com.ar\/index.php\/dos-hombres-aprehendidos-por-ebriedad-y-un-menor-por-no-respetar-medida-de-restriccion\/#primaryimage","url":"https:\/\/infoecos.com.ar\/wp-content\/uploads\/2023\/11\/policial.jpg","contentUrl":"https:\/\/infoecos.com.ar\/wp-content\/uploads\/2023\/11\/policial.jpg","width":869,"height":1280},{"@type":"BreadcrumbList","@id":"https:\/\/infoecos.com.ar\/index.php\/dos-hombres-aprehendidos-por-ebriedad-y-un-menor-por-no-respetar-medida-de-restriccion\/#breadcrumb","itemListElement":[{"@type":"ListItem","position":1,"name":"Portada","item":"https:\/\/infoecos.com.ar\/"},{"@type":"ListItem","position":2,"name":"Dos hombres aprehendidos por ebriedad y un menor por no respetar medida de restricci\u00f3n"}]},{"@type":"WebSite","@id":"https:\/\/infoecos.com.ar\/#website","url":"https:\/\/infoecos.com.ar\/","name":"Infoecos","description":"Noticias de trenque lauquen y la zona","publisher":{"@id":"https:\/\/infoecos.com.ar\/#organization"},"alternateName":"Noticias","potentialAction":[{"@type":"SearchAction","target":{"@type":"EntryPoint","urlTemplate":"https:\/\/infoecos.com.ar\/?s={search_term_string}"},"query-input":{"@type":"PropertyValueSpecification","valueRequired":true,"valueName":"search_term_string"}}],"inLanguage":"es"},{"@type":"Organization","@id":"https:\/\/infoecos.com.ar\/#organization","name":"Infoecos","alternateName":"Noticias","url":"https:\/\/infoecos.com.ar\/","logo":{"@type":"ImageObject","inLanguage":"es","@id":"https:\/\/infoecos.com.ar\/#\/schema\/logo\/image\/","url":"https:\/\/infoecos.com.ar\/wp-content\/uploads\/2024\/03\/cropped-logo.png","contentUrl":"https:\/\/infoecos.com.ar\/wp-content\/uploads\/2024\/03\/cropped-logo.png","width":374,"height":90,"caption":"Infoecos"},"image":{"@id":"https:\/\/infoecos.com.ar\/#\/schema\/logo\/image\/"},"sameAs":["https:\/\/www.facebook.com\/profile.php?id=100063200290284","https:\/\/x.com\/infoecos"]},{"@type":"Person","@id":"https:\/\/infoecos.com.ar\/#\/schema\/person\/8f5ace5ce73b4b4aac4b7245aee6f191","name":"Jorge Matheus","url":"https:\/\/infoecos.com.ar\/index.php\/author\/jomatheus\/"}]}},"featured_image_urls":{"full":["https:\/\/infoecos.com.ar\/wp-content\/uploads\/2023\/11\/policial.jpg",869,1280,false],"thumbnail":["https:\/\/infoecos.com.ar\/wp-content\/uploads\/2023\/11\/policial-300x150.jpg",300,150,true],"medium":["https:\/\/infoecos.com.ar\/wp-content\/uploads\/2023\/11\/policial-543x800.jpg",543,800,true],"medium_large":["https:\/\/infoecos.com.ar\/wp-content\/uploads\/2023\/11\/policial-768x1131.jpg",640,943,true],"large":["https:\/\/infoecos.com.ar\/wp-content\/uploads\/2023\/11\/policial.jpg",640,943,false],"1536x1536":["https:\/\/infoecos.com.ar\/wp-content\/uploads\/2023\/11\/policial.jpg",869,1280,false],"2048x2048":["https:\/\/infoecos.com.ar\/wp-content\/uploads\/2023\/11\/policial.jpg",869,1280,false],"covernews-slider-full":["https:\/\/infoecos.com.ar\/wp-content\/uploads\/2023\/11\/policial-869x1020.jpg",609,715,true],"covernews-slider-center":["https:\/\/infoecos.com.ar\/wp-content\/uploads\/2023\/11\/policial-869x897.jpg",484,500,true],"covernews-featured":["https:\/\/infoecos.com.ar\/wp-content\/uploads\/2023\/11\/policial.jpg",869,1280,false],"covernews-medium":["https:\/\/infoecos.com.ar\/wp-content\/uploads\/2023\/11\/policial-720x380.jpg",540,285,true],"covernews-medium-square":["https:\/\/infoecos.com.ar\/wp-content\/uploads\/2023\/11\/policial-675x450.jpg",375,250,true]},"author_info":{"info":["Jorge Matheus"]},"category_info":"<a href=\"https:\/\/infoecos.com.ar\/index.php\/category\/c2nota4\/\" rel=\"category tag\">C2 N4<\/a>","tag_info":"C2 N4","comment_count":"0","_links":{"self":[{"href":"https:\/\/infoecos.com.ar\/index.php\/wp-json\/wp\/v2\/posts\/115444"}],"collection":[{"href":"https:\/\/infoecos.com.ar\/index.php\/wp-json\/wp\/v2\/posts"}],"about":[{"href":"https:\/\/infoecos.com.ar\/index.php\/wp-json\/wp\/v2\/types\/post"}],"author":[{"embeddable":true,"href":"https:\/\/infoecos.com.ar\/index.php\/wp-json\/wp\/v2\/users\/2"}],"replies":[{"embeddable":true,"href":"https:\/\/infoecos.com.ar\/index.php\/wp-json\/wp\/v2\/comments?post=115444"}],"version-history":[{"count":1,"href":"https:\/\/infoecos.com.ar\/index.php\/wp-json\/wp\/v2\/posts\/115444\/revisions"}],"predecessor-version":[{"id":115446,"href":"https:\/\/infoecos.com.ar\/index.php\/wp-json\/wp\/v2\/posts\/115444\/revisions\/115446"}],"wp:featuredmedia":[{"embeddable":true,"href":"https:\/\/infoecos.com.ar\/index.php\/wp-json\/wp\/v2\/media\/115445"}],"wp:attachment":[{"href":"https:\/\/infoecos.com.ar\/index.php\/wp-json\/wp\/v2\/media?parent=115444"}],"wp:term":[{"taxonomy":"category","embeddable":true,"href":"https:\/\/infoecos.com.ar\/index.php\/wp-json\/wp\/v2\/categories?post=115444"},{"taxonomy":"post_tag","embeddable":true,"href":"https:\/\/infoecos.com.ar\/index.php\/wp-json\/wp\/v2\/tags?post=115444"}],"curies":[{"name":"wp","href":"https:\/\/api.w.org\/{rel}","templated":true}]}}