{"id":115447,"date":"2023-11-27T14:17:36","date_gmt":"2023-11-27T17:17:36","guid":{"rendered":"https:\/\/infoecos.com.ar\/?p=115447"},"modified":"2023-11-28T23:46:03","modified_gmt":"2023-11-29T02:46:03","slug":"dos-domicilios-allanados-y-secuestro-de-elementos-robados","status":"publish","type":"post","link":"https:\/\/infoecos.com.ar\/index.php\/dos-domicilios-allanados-y-secuestro-de-elementos-robados\/","title":{"rendered":"Dos domicilios allanados y secuestro de elementos robados"},"content":{"rendered":"\n<p>La Comisar\u00eda primera de Trenque Lauquen inform\u00f3 que se cumplimentaron \u00f3rdenes de Allanamiento y Registro para con los domicilios ubicados en calle Llambias N\u00ba 1243, lugar donde habita Federico Rinc\u00f3n, de 31 a\u00f1os, y Baldovino N\u00ba 1219 donde reside David Pecochea de 36 a\u00f1os de edad. La acci\u00f3n se desarroll\u00f3 cumpliendo con las ordenes de allanamientos libradas por el Juzgado de Garant\u00edas N\u00ba1 con intervenci\u00f3n de la Fiscalia N\u00ba 4 ambos del Departamento Judicial de Trenque Lauquen. La medida se cumpliment\u00f3 con personal de Cria 1\u00ba, DDI y GAD.  <\/p>\n\n\n\n<figure class=\"wp-block-gallery has-nested-images columns-default is-cropped wp-block-gallery-1 is-layout-flex wp-block-gallery-is-layout-flex\">\n<figure class=\"wp-block-image size-large\"><img loading=\"lazy\" decoding=\"async\" width=\"1600\" height=\"1200\" data-id=\"115449\" src=\"https:\/\/infoecos.com.ar\/wp-content\/uploads\/2023\/11\/policialmoo.jpg\" alt=\"\" class=\"wp-image-115449\" srcset=\"https:\/\/infoecos.com.ar\/wp-content\/uploads\/2023\/11\/policialmoo.jpg 1600w, https:\/\/infoecos.com.ar\/wp-content\/uploads\/2023\/11\/policialmoo-800x600.jpg 800w, https:\/\/infoecos.com.ar\/wp-content\/uploads\/2023\/11\/policialmoo-768x576.jpg 768w, https:\/\/infoecos.com.ar\/wp-content\/uploads\/2023\/11\/policialmoo-1536x1152.jpg 1536w, https:\/\/infoecos.com.ar\/wp-content\/uploads\/2023\/11\/policialmoo-1024x768.jpg 1024w\" sizes=\"(max-width: 1600px) 100vw, 1600px\" \/><\/figure>\n\n\n\n<figure class=\"wp-block-image size-large\"><img loading=\"lazy\" decoding=\"async\" width=\"721\" height=\"1600\" data-id=\"115448\" src=\"https:\/\/infoecos.com.ar\/wp-content\/uploads\/2023\/11\/policialropa.jpg\" alt=\"\" class=\"wp-image-115448\" srcset=\"https:\/\/infoecos.com.ar\/wp-content\/uploads\/2023\/11\/policialropa.jpg 721w, https:\/\/infoecos.com.ar\/wp-content\/uploads\/2023\/11\/policialropa-361x800.jpg 361w, https:\/\/infoecos.com.ar\/wp-content\/uploads\/2023\/11\/policialropa-692x1536.jpg 692w\" sizes=\"(max-width: 721px) 100vw, 721px\" \/><\/figure>\n\n\n\n<figure class=\"wp-block-image size-large\"><img loading=\"lazy\" decoding=\"async\" width=\"721\" height=\"1600\" data-id=\"115450\" src=\"https:\/\/infoecos.com.ar\/wp-content\/uploads\/2023\/11\/policialtelefono.jpg\" alt=\"\" class=\"wp-image-115450\" srcset=\"https:\/\/infoecos.com.ar\/wp-content\/uploads\/2023\/11\/policialtelefono.jpg 721w, https:\/\/infoecos.com.ar\/wp-content\/uploads\/2023\/11\/policialtelefono-361x800.jpg 361w, https:\/\/infoecos.com.ar\/wp-content\/uploads\/2023\/11\/policialtelefono-692x1536.jpg 692w\" sizes=\"(max-width: 721px) 100vw, 721px\" \/><\/figure>\n<\/figure>\n\n\n\n<p>Se procedi\u00f3 al secuestro de una motocicleta marca Honda modelo Strong 125 c.c. color negro, $ 256.000 en efectivo, discriminados en billetes de baja denominaci\u00f3n, 2 medios cascos color negro, 3 tel\u00e9fonos celulares y prendas de vestir utilizadas por los imputados al momento de perpetrar el il\u00edcito.<\/p>\n\n\n\n<p><\/p>\n","protected":false},"excerpt":{"rendered":"<p>La acci\u00f3n se desarroll\u00f3 cumpliendo con las ordenes de allanamientos libradas por el Juzgado de Garant\u00edas N\u00ba1 con intervenci\u00f3n de la Fiscalia N\u00ba 4 ambos del Departamento Judicial de Trenque Lauquen<\/p>\n","protected":false},"author":2,"featured_media":115448,"comment_status":"closed","ping_status":"open","sticky":false,"template":"","format":"standard","meta":{"footnotes":""},"categories":[51],"tags":[9608],"class_list":["post-115447","post","type-post","status-publish","format-standard","has-post-thumbnail","hentry","category-c2nota4","tag-poiciales-t-lauquen"],"yoast_head":"<!-- This site is optimized with the Yoast SEO plugin v23.4 - https:\/\/yoast.com\/wordpress\/plugins\/seo\/ -->\n<title>Dos domicilios allanados y secuestro de elementos robados - Infoecos<\/title>\n<meta name=\"robots\" content=\"index, follow, max-snippet:-1, max-image-preview:large, max-video-preview:-1\" \/>\n<link rel=\"canonical\" href=\"https:\/\/infoecos.com.ar\/index.php\/dos-domicilios-allanados-y-secuestro-de-elementos-robados\/\" \/>\n<meta property=\"og:locale\" content=\"es_ES\" \/>\n<meta property=\"og:type\" content=\"article\" \/>\n<meta property=\"og:title\" content=\"Dos domicilios allanados y secuestro de elementos robados - Infoecos\" \/>\n<meta property=\"og:description\" content=\"La acci\u00f3n se desarroll\u00f3 cumpliendo con las ordenes de allanamientos libradas por el Juzgado de Garant\u00edas N\u00ba1 con intervenci\u00f3n de la Fiscalia N\u00ba 4 ambos del Departamento Judicial de Trenque Lauquen\" \/>\n<meta property=\"og:url\" content=\"https:\/\/infoecos.com.ar\/index.php\/dos-domicilios-allanados-y-secuestro-de-elementos-robados\/\" \/>\n<meta property=\"og:site_name\" content=\"Infoecos\" \/>\n<meta property=\"article:publisher\" content=\"https:\/\/www.facebook.com\/profile.php?id=100063200290284\" \/>\n<meta property=\"article:published_time\" content=\"2023-11-27T17:17:36+00:00\" \/>\n<meta property=\"article:modified_time\" content=\"2023-11-29T02:46:03+00:00\" \/>\n<meta property=\"og:image\" content=\"https:\/\/infoecos.com.ar\/wp-content\/uploads\/2023\/11\/policialropa.jpg\" \/>\n\t<meta property=\"og:image:width\" content=\"721\" \/>\n\t<meta property=\"og:image:height\" content=\"1600\" \/>\n\t<meta property=\"og:image:type\" content=\"image\/jpeg\" \/>\n<meta name=\"author\" content=\"Jorge Matheus\" \/>\n<meta name=\"twitter:card\" content=\"summary_large_image\" \/>\n<meta name=\"twitter:creator\" content=\"@infoecos\" \/>\n<meta name=\"twitter:site\" content=\"@infoecos\" \/>\n<meta name=\"twitter:label1\" content=\"Escrito por\" \/>\n\t<meta name=\"twitter:data1\" content=\"Jorge Matheus\" \/>\n\t<meta name=\"twitter:label2\" content=\"Tiempo de lectura\" \/>\n\t<meta name=\"twitter:data2\" content=\"2 minutos\" \/>\n<script type=\"application\/ld+json\" class=\"yoast-schema-graph\">{\"@context\":\"https:\/\/schema.org\",\"@graph\":[{\"@type\":\"Article\",\"@id\":\"https:\/\/infoecos.com.ar\/index.php\/dos-domicilios-allanados-y-secuestro-de-elementos-robados\/#article\",\"isPartOf\":{\"@id\":\"https:\/\/infoecos.com.ar\/index.php\/dos-domicilios-allanados-y-secuestro-de-elementos-robados\/\"},\"author\":{\"name\":\"Jorge Matheus\",\"@id\":\"https:\/\/infoecos.com.ar\/#\/schema\/person\/8f5ace5ce73b4b4aac4b7245aee6f191\"},\"headline\":\"Dos domicilios allanados y secuestro de elementos robados\",\"datePublished\":\"2023-11-27T17:17:36+00:00\",\"dateModified\":\"2023-11-29T02:46:03+00:00\",\"mainEntityOfPage\":{\"@id\":\"https:\/\/infoecos.com.ar\/index.php\/dos-domicilios-allanados-y-secuestro-de-elementos-robados\/\"},\"wordCount\":144,\"publisher\":{\"@id\":\"https:\/\/infoecos.com.ar\/#organization\"},\"image\":{\"@id\":\"https:\/\/infoecos.com.ar\/index.php\/dos-domicilios-allanados-y-secuestro-de-elementos-robados\/#primaryimage\"},\"thumbnailUrl\":\"https:\/\/infoecos.com.ar\/wp-content\/uploads\/2023\/11\/policialropa.jpg\",\"keywords\":[\"Poiciales - t.lauquen\"],\"articleSection\":[\"C2 N4\"],\"inLanguage\":\"es\"},{\"@type\":\"WebPage\",\"@id\":\"https:\/\/infoecos.com.ar\/index.php\/dos-domicilios-allanados-y-secuestro-de-elementos-robados\/\",\"url\":\"https:\/\/infoecos.com.ar\/index.php\/dos-domicilios-allanados-y-secuestro-de-elementos-robados\/\",\"name\":\"Dos domicilios allanados y secuestro de elementos robados - Infoecos\",\"isPartOf\":{\"@id\":\"https:\/\/infoecos.com.ar\/#website\"},\"primaryImageOfPage\":{\"@id\":\"https:\/\/infoecos.com.ar\/index.php\/dos-domicilios-allanados-y-secuestro-de-elementos-robados\/#primaryimage\"},\"image\":{\"@id\":\"https:\/\/infoecos.com.ar\/index.php\/dos-domicilios-allanados-y-secuestro-de-elementos-robados\/#primaryimage\"},\"thumbnailUrl\":\"https:\/\/infoecos.com.ar\/wp-content\/uploads\/2023\/11\/policialropa.jpg\",\"datePublished\":\"2023-11-27T17:17:36+00:00\",\"dateModified\":\"2023-11-29T02:46:03+00:00\",\"breadcrumb\":{\"@id\":\"https:\/\/infoecos.com.ar\/index.php\/dos-domicilios-allanados-y-secuestro-de-elementos-robados\/#breadcrumb\"},\"inLanguage\":\"es\",\"potentialAction\":[{\"@type\":\"ReadAction\",\"target\":[\"https:\/\/infoecos.com.ar\/index.php\/dos-domicilios-allanados-y-secuestro-de-elementos-robados\/\"]}]},{\"@type\":\"ImageObject\",\"inLanguage\":\"es\",\"@id\":\"https:\/\/infoecos.com.ar\/index.php\/dos-domicilios-allanados-y-secuestro-de-elementos-robados\/#primaryimage\",\"url\":\"https:\/\/infoecos.com.ar\/wp-content\/uploads\/2023\/11\/policialropa.jpg\",\"contentUrl\":\"https:\/\/infoecos.com.ar\/wp-content\/uploads\/2023\/11\/policialropa.jpg\",\"width\":721,\"height\":1600},{\"@type\":\"BreadcrumbList\",\"@id\":\"https:\/\/infoecos.com.ar\/index.php\/dos-domicilios-allanados-y-secuestro-de-elementos-robados\/#breadcrumb\",\"itemListElement\":[{\"@type\":\"ListItem\",\"position\":1,\"name\":\"Portada\",\"item\":\"https:\/\/infoecos.com.ar\/\"},{\"@type\":\"ListItem\",\"position\":2,\"name\":\"Dos domicilios allanados y secuestro de elementos robados\"}]},{\"@type\":\"WebSite\",\"@id\":\"https:\/\/infoecos.com.ar\/#website\",\"url\":\"https:\/\/infoecos.com.ar\/\",\"name\":\"Infoecos\",\"description\":\"Noticias de trenque lauquen y la zona\",\"publisher\":{\"@id\":\"https:\/\/infoecos.com.ar\/#organization\"},\"alternateName\":\"Noticias\",\"potentialAction\":[{\"@type\":\"SearchAction\",\"target\":{\"@type\":\"EntryPoint\",\"urlTemplate\":\"https:\/\/infoecos.com.ar\/?s={search_term_string}\"},\"query-input\":{\"@type\":\"PropertyValueSpecification\",\"valueRequired\":true,\"valueName\":\"search_term_string\"}}],\"inLanguage\":\"es\"},{\"@type\":\"Organization\",\"@id\":\"https:\/\/infoecos.com.ar\/#organization\",\"name\":\"Infoecos\",\"alternateName\":\"Noticias\",\"url\":\"https:\/\/infoecos.com.ar\/\",\"logo\":{\"@type\":\"ImageObject\",\"inLanguage\":\"es\",\"@id\":\"https:\/\/infoecos.com.ar\/#\/schema\/logo\/image\/\",\"url\":\"https:\/\/infoecos.com.ar\/wp-content\/uploads\/2024\/03\/cropped-logo.png\",\"contentUrl\":\"https:\/\/infoecos.com.ar\/wp-content\/uploads\/2024\/03\/cropped-logo.png\",\"width\":374,\"height\":90,\"caption\":\"Infoecos\"},\"image\":{\"@id\":\"https:\/\/infoecos.com.ar\/#\/schema\/logo\/image\/\"},\"sameAs\":[\"https:\/\/www.facebook.com\/profile.php?id=100063200290284\",\"https:\/\/x.com\/infoecos\"]},{\"@type\":\"Person\",\"@id\":\"https:\/\/infoecos.com.ar\/#\/schema\/person\/8f5ace5ce73b4b4aac4b7245aee6f191\",\"name\":\"Jorge Matheus\",\"url\":\"https:\/\/infoecos.com.ar\/index.php\/author\/jomatheus\/\"}]}<\/script>\n<!-- \/ Yoast SEO plugin. -->","yoast_head_json":{"title":"Dos domicilios allanados y secuestro de elementos robados - Infoecos","robots":{"index":"index","follow":"follow","max-snippet":"max-snippet:-1","max-image-preview":"max-image-preview:large","max-video-preview":"max-video-preview:-1"},"canonical":"https:\/\/infoecos.com.ar\/index.php\/dos-domicilios-allanados-y-secuestro-de-elementos-robados\/","og_locale":"es_ES","og_type":"article","og_title":"Dos domicilios allanados y secuestro de elementos robados - Infoecos","og_description":"La acci\u00f3n se desarroll\u00f3 cumpliendo con las ordenes de allanamientos libradas por el Juzgado de Garant\u00edas N\u00ba1 con intervenci\u00f3n de la Fiscalia N\u00ba 4 ambos del Departamento Judicial de Trenque Lauquen","og_url":"https:\/\/infoecos.com.ar\/index.php\/dos-domicilios-allanados-y-secuestro-de-elementos-robados\/","og_site_name":"Infoecos","article_publisher":"https:\/\/www.facebook.com\/profile.php?id=100063200290284","article_published_time":"2023-11-27T17:17:36+00:00","article_modified_time":"2023-11-29T02:46:03+00:00","og_image":[{"width":721,"height":1600,"url":"https:\/\/infoecos.com.ar\/wp-content\/uploads\/2023\/11\/policialropa.jpg","type":"image\/jpeg"}],"author":"Jorge Matheus","twitter_card":"summary_large_image","twitter_creator":"@infoecos","twitter_site":"@infoecos","twitter_misc":{"Escrito por":"Jorge Matheus","Tiempo de lectura":"2 minutos"},"schema":{"@context":"https:\/\/schema.org","@graph":[{"@type":"Article","@id":"https:\/\/infoecos.com.ar\/index.php\/dos-domicilios-allanados-y-secuestro-de-elementos-robados\/#article","isPartOf":{"@id":"https:\/\/infoecos.com.ar\/index.php\/dos-domicilios-allanados-y-secuestro-de-elementos-robados\/"},"author":{"name":"Jorge Matheus","@id":"https:\/\/infoecos.com.ar\/#\/schema\/person\/8f5ace5ce73b4b4aac4b7245aee6f191"},"headline":"Dos domicilios allanados y secuestro de elementos robados","datePublished":"2023-11-27T17:17:36+00:00","dateModified":"2023-11-29T02:46:03+00:00","mainEntityOfPage":{"@id":"https:\/\/infoecos.com.ar\/index.php\/dos-domicilios-allanados-y-secuestro-de-elementos-robados\/"},"wordCount":144,"publisher":{"@id":"https:\/\/infoecos.com.ar\/#organization"},"image":{"@id":"https:\/\/infoecos.com.ar\/index.php\/dos-domicilios-allanados-y-secuestro-de-elementos-robados\/#primaryimage"},"thumbnailUrl":"https:\/\/infoecos.com.ar\/wp-content\/uploads\/2023\/11\/policialropa.jpg","keywords":["Poiciales - t.lauquen"],"articleSection":["C2 N4"],"inLanguage":"es"},{"@type":"WebPage","@id":"https:\/\/infoecos.com.ar\/index.php\/dos-domicilios-allanados-y-secuestro-de-elementos-robados\/","url":"https:\/\/infoecos.com.ar\/index.php\/dos-domicilios-allanados-y-secuestro-de-elementos-robados\/","name":"Dos domicilios allanados y secuestro de elementos robados - Infoecos","isPartOf":{"@id":"https:\/\/infoecos.com.ar\/#website"},"primaryImageOfPage":{"@id":"https:\/\/infoecos.com.ar\/index.php\/dos-domicilios-allanados-y-secuestro-de-elementos-robados\/#primaryimage"},"image":{"@id":"https:\/\/infoecos.com.ar\/index.php\/dos-domicilios-allanados-y-secuestro-de-elementos-robados\/#primaryimage"},"thumbnailUrl":"https:\/\/infoecos.com.ar\/wp-content\/uploads\/2023\/11\/policialropa.jpg","datePublished":"2023-11-27T17:17:36+00:00","dateModified":"2023-11-29T02:46:03+00:00","breadcrumb":{"@id":"https:\/\/infoecos.com.ar\/index.php\/dos-domicilios-allanados-y-secuestro-de-elementos-robados\/#breadcrumb"},"inLanguage":"es","potentialAction":[{"@type":"ReadAction","target":["https:\/\/infoecos.com.ar\/index.php\/dos-domicilios-allanados-y-secuestro-de-elementos-robados\/"]}]},{"@type":"ImageObject","inLanguage":"es","@id":"https:\/\/infoecos.com.ar\/index.php\/dos-domicilios-allanados-y-secuestro-de-elementos-robados\/#primaryimage","url":"https:\/\/infoecos.com.ar\/wp-content\/uploads\/2023\/11\/policialropa.jpg","contentUrl":"https:\/\/infoecos.com.ar\/wp-content\/uploads\/2023\/11\/policialropa.jpg","width":721,"height":1600},{"@type":"BreadcrumbList","@id":"https:\/\/infoecos.com.ar\/index.php\/dos-domicilios-allanados-y-secuestro-de-elementos-robados\/#breadcrumb","itemListElement":[{"@type":"ListItem","position":1,"name":"Portada","item":"https:\/\/infoecos.com.ar\/"},{"@type":"ListItem","position":2,"name":"Dos domicilios allanados y secuestro de elementos robados"}]},{"@type":"WebSite","@id":"https:\/\/infoecos.com.ar\/#website","url":"https:\/\/infoecos.com.ar\/","name":"Infoecos","description":"Noticias de trenque lauquen y la zona","publisher":{"@id":"https:\/\/infoecos.com.ar\/#organization"},"alternateName":"Noticias","potentialAction":[{"@type":"SearchAction","target":{"@type":"EntryPoint","urlTemplate":"https:\/\/infoecos.com.ar\/?s={search_term_string}"},"query-input":{"@type":"PropertyValueSpecification","valueRequired":true,"valueName":"search_term_string"}}],"inLanguage":"es"},{"@type":"Organization","@id":"https:\/\/infoecos.com.ar\/#organization","name":"Infoecos","alternateName":"Noticias","url":"https:\/\/infoecos.com.ar\/","logo":{"@type":"ImageObject","inLanguage":"es","@id":"https:\/\/infoecos.com.ar\/#\/schema\/logo\/image\/","url":"https:\/\/infoecos.com.ar\/wp-content\/uploads\/2024\/03\/cropped-logo.png","contentUrl":"https:\/\/infoecos.com.ar\/wp-content\/uploads\/2024\/03\/cropped-logo.png","width":374,"height":90,"caption":"Infoecos"},"image":{"@id":"https:\/\/infoecos.com.ar\/#\/schema\/logo\/image\/"},"sameAs":["https:\/\/www.facebook.com\/profile.php?id=100063200290284","https:\/\/x.com\/infoecos"]},{"@type":"Person","@id":"https:\/\/infoecos.com.ar\/#\/schema\/person\/8f5ace5ce73b4b4aac4b7245aee6f191","name":"Jorge Matheus","url":"https:\/\/infoecos.com.ar\/index.php\/author\/jomatheus\/"}]}},"featured_image_urls":{"full":["https:\/\/infoecos.com.ar\/wp-content\/uploads\/2023\/11\/policialropa.jpg",721,1600,false],"thumbnail":["https:\/\/infoecos.com.ar\/wp-content\/uploads\/2023\/11\/policialropa-300x150.jpg",300,150,true],"medium":["https:\/\/infoecos.com.ar\/wp-content\/uploads\/2023\/11\/policialropa-361x800.jpg",361,800,true],"medium_large":["https:\/\/infoecos.com.ar\/wp-content\/uploads\/2023\/11\/policialropa.jpg",640,1420,false],"large":["https:\/\/infoecos.com.ar\/wp-content\/uploads\/2023\/11\/policialropa.jpg",640,1420,false],"1536x1536":["https:\/\/infoecos.com.ar\/wp-content\/uploads\/2023\/11\/policialropa-692x1536.jpg",692,1536,true],"2048x2048":["https:\/\/infoecos.com.ar\/wp-content\/uploads\/2023\/11\/policialropa.jpg",721,1600,false],"covernews-slider-full":["https:\/\/infoecos.com.ar\/wp-content\/uploads\/2023\/11\/policialropa-721x1020.jpg",505,715,true],"covernews-slider-center":["https:\/\/infoecos.com.ar\/wp-content\/uploads\/2023\/11\/policialropa-721x897.jpg",402,500,true],"covernews-featured":["https:\/\/infoecos.com.ar\/wp-content\/uploads\/2023\/11\/policialropa.jpg",721,1600,false],"covernews-medium":["https:\/\/infoecos.com.ar\/wp-content\/uploads\/2023\/11\/policialropa-720x380.jpg",540,285,true],"covernews-medium-square":["https:\/\/infoecos.com.ar\/wp-content\/uploads\/2023\/11\/policialropa-675x450.jpg",375,250,true]},"author_info":{"info":["Jorge Matheus"]},"category_info":"<a href=\"https:\/\/infoecos.com.ar\/index.php\/category\/c2nota4\/\" rel=\"category tag\">C2 N4<\/a>","tag_info":"C2 N4","comment_count":"0","_links":{"self":[{"href":"https:\/\/infoecos.com.ar\/index.php\/wp-json\/wp\/v2\/posts\/115447"}],"collection":[{"href":"https:\/\/infoecos.com.ar\/index.php\/wp-json\/wp\/v2\/posts"}],"about":[{"href":"https:\/\/infoecos.com.ar\/index.php\/wp-json\/wp\/v2\/types\/post"}],"author":[{"embeddable":true,"href":"https:\/\/infoecos.com.ar\/index.php\/wp-json\/wp\/v2\/users\/2"}],"replies":[{"embeddable":true,"href":"https:\/\/infoecos.com.ar\/index.php\/wp-json\/wp\/v2\/comments?post=115447"}],"version-history":[{"count":1,"href":"https:\/\/infoecos.com.ar\/index.php\/wp-json\/wp\/v2\/posts\/115447\/revisions"}],"predecessor-version":[{"id":115451,"href":"https:\/\/infoecos.com.ar\/index.php\/wp-json\/wp\/v2\/posts\/115447\/revisions\/115451"}],"wp:featuredmedia":[{"embeddable":true,"href":"https:\/\/infoecos.com.ar\/index.php\/wp-json\/wp\/v2\/media\/115448"}],"wp:attachment":[{"href":"https:\/\/infoecos.com.ar\/index.php\/wp-json\/wp\/v2\/media?parent=115447"}],"wp:term":[{"taxonomy":"category","embeddable":true,"href":"https:\/\/infoecos.com.ar\/index.php\/wp-json\/wp\/v2\/categories?post=115447"},{"taxonomy":"post_tag","embeddable":true,"href":"https:\/\/infoecos.com.ar\/index.php\/wp-json\/wp\/v2\/tags?post=115447"}],"curies":[{"name":"wp","href":"https:\/\/api.w.org\/{rel}","templated":true}]}}