{"id":115469,"date":"2023-11-28T14:52:52","date_gmt":"2023-11-28T17:52:52","guid":{"rendered":"https:\/\/infoecos.com.ar\/?p=115469"},"modified":"2023-11-30T00:25:59","modified_gmt":"2023-11-30T03:25:59","slug":"un-acto-donde-prevalecieron-los-agradecimientos-por-apoyos-recibidos","status":"publish","type":"post","link":"https:\/\/infoecos.com.ar\/index.php\/un-acto-donde-prevalecieron-los-agradecimientos-por-apoyos-recibidos\/","title":{"rendered":"Un acto donde prevalecieron los agradecimientos por apoyos recibidos"},"content":{"rendered":"\n<p>Se present\u00f3 el <em>Plan Rector de Caminos Rurales<\/em> del distrito de Trenque Lauquen. Es un trabajo realizado por la Universidad Nacional del Centro de la provincia de Buenos Aires (UNICEN) y financiado en forma conjunta por la Provincia, a trav\u00e9s del ministerio de Desarrollo Agrario, y la municipalidad de Trenque Lauquen. <\/p>\n\n\n\n<p>El acto encabezado por el intendente Miguel Fern\u00e1ndez se desarroll\u00f3 en el Aula Magna del Polo Cient\u00edfico Tecnol\u00f3gico, ubicado en Hern\u00e1ndez n\u00ba 816.<\/p>\n\n\n\n<figure class=\"wp-block-gallery has-nested-images columns-default is-cropped wp-block-gallery-1 is-layout-flex wp-block-gallery-is-layout-flex\">\n<figure class=\"wp-block-image size-large\"><img loading=\"lazy\" decoding=\"async\" width=\"974\" height=\"651\" data-id=\"115470\" src=\"https:\/\/infoecos.com.ar\/wp-content\/uploads\/2023\/11\/Caminos-1.jpg\" alt=\"\" class=\"wp-image-115470\" srcset=\"https:\/\/infoecos.com.ar\/wp-content\/uploads\/2023\/11\/Caminos-1.jpg 974w, https:\/\/infoecos.com.ar\/wp-content\/uploads\/2023\/11\/Caminos-1-800x535.jpg 800w, https:\/\/infoecos.com.ar\/wp-content\/uploads\/2023\/11\/Caminos-1-768x513.jpg 768w, https:\/\/infoecos.com.ar\/wp-content\/uploads\/2023\/11\/Caminos-1-675x450.jpg 675w\" sizes=\"(max-width: 974px) 100vw, 974px\" \/><\/figure>\n\n\n\n<figure class=\"wp-block-image size-large\"><img loading=\"lazy\" decoding=\"async\" width=\"974\" height=\"651\" data-id=\"115471\" src=\"https:\/\/infoecos.com.ar\/wp-content\/uploads\/2023\/11\/Caminos-2.jpg\" alt=\"\" class=\"wp-image-115471\" srcset=\"https:\/\/infoecos.com.ar\/wp-content\/uploads\/2023\/11\/Caminos-2.jpg 974w, https:\/\/infoecos.com.ar\/wp-content\/uploads\/2023\/11\/Caminos-2-800x535.jpg 800w, https:\/\/infoecos.com.ar\/wp-content\/uploads\/2023\/11\/Caminos-2-768x513.jpg 768w, https:\/\/infoecos.com.ar\/wp-content\/uploads\/2023\/11\/Caminos-2-675x450.jpg 675w\" sizes=\"(max-width: 974px) 100vw, 974px\" \/><\/figure>\n\n\n\n<figure class=\"wp-block-image size-large\"><img loading=\"lazy\" decoding=\"async\" width=\"974\" height=\"651\" data-id=\"115472\" src=\"https:\/\/infoecos.com.ar\/wp-content\/uploads\/2023\/11\/Caminos-3-1.jpg\" alt=\"\" class=\"wp-image-115472\" srcset=\"https:\/\/infoecos.com.ar\/wp-content\/uploads\/2023\/11\/Caminos-3-1.jpg 974w, https:\/\/infoecos.com.ar\/wp-content\/uploads\/2023\/11\/Caminos-3-1-800x535.jpg 800w, https:\/\/infoecos.com.ar\/wp-content\/uploads\/2023\/11\/Caminos-3-1-768x513.jpg 768w, https:\/\/infoecos.com.ar\/wp-content\/uploads\/2023\/11\/Caminos-3-1-675x450.jpg 675w\" sizes=\"(max-width: 974px) 100vw, 974px\" \/><\/figure>\n<\/figure>\n\n\n\n<p>Estuvieron presentes, tambi\u00e9n, el jefe de Gabinete del Ministerio de Desarrollo Agrario de la provincia de Buenos Aires, Lic. Jonat\u00e1n S\u00e1nchez Sosa; el coordinador del equipo de trabajo de la Universidad Nacional del Centro de la provincia de Buenos Aires (UNICEN), Ingeniero Orfel Fari\u00f1a, el Intendente electo, Francisco Recoulat, el presidente del Concejo Deliberante, Alberto Rodr\u00edguez Mera, otros funcionarios del equipo de gobierno municipal; representantes de la Sociedad Rural de Trenque Lauquen, y personal a cargo del estudio que tiene como objetivo convertirse en una hoja de ruta para la toma de decisiones, mediante la identificaci\u00f3n y georreferenciaci\u00f3n de la red vial, visualizando las problem\u00e1ticas mediante estudios de suelos e h\u00eddricos.<\/p>\n\n\n\n<p>\u201cEs un d\u00eda muy especial para la gesti\u00f3n, a pocos d\u00edas de terminar, poder presentar el Plan Rector de la red vial de Trenque Lauquen, un proyecto que comenz\u00f3 hace un a\u00f1o y medio, y que al principio parec\u00eda una locura y que viene de la mano de Francisco (Recoulat, Intendente electo), que me acerc\u00f3 un paper con una presentaci\u00f3n de la UNICEN sobre el tema de caminos rurales\u201d, se\u00f1al\u00f3 el intendente municipal, Miguel Fern\u00e1ndez, quien agradeci\u00f3 al gobernador de la provincia de Buenos Aires, Axel Kicillof y al ministro de Asuntos Agrarios, Javier Rodr\u00edguez por haber acompa\u00f1ado este proyecto.<\/p>\n\n\n\n<figure class=\"wp-block-gallery has-nested-images columns-default is-cropped wp-block-gallery-2 is-layout-flex wp-block-gallery-is-layout-flex\">\n<figure class=\"wp-block-image size-large\"><img loading=\"lazy\" decoding=\"async\" width=\"974\" height=\"651\" data-id=\"115473\" src=\"https:\/\/infoecos.com.ar\/wp-content\/uploads\/2023\/11\/Caminos-3.jpg\" alt=\"\" class=\"wp-image-115473\" srcset=\"https:\/\/infoecos.com.ar\/wp-content\/uploads\/2023\/11\/Caminos-3.jpg 974w, https:\/\/infoecos.com.ar\/wp-content\/uploads\/2023\/11\/Caminos-3-800x535.jpg 800w, https:\/\/infoecos.com.ar\/wp-content\/uploads\/2023\/11\/Caminos-3-768x513.jpg 768w, https:\/\/infoecos.com.ar\/wp-content\/uploads\/2023\/11\/Caminos-3-675x450.jpg 675w\" sizes=\"(max-width: 974px) 100vw, 974px\" \/><\/figure>\n\n\n\n<figure class=\"wp-block-image size-large\"><img loading=\"lazy\" decoding=\"async\" width=\"1600\" height=\"900\" data-id=\"115474\" src=\"https:\/\/infoecos.com.ar\/wp-content\/uploads\/2023\/11\/Caminos-rurales-1-1600x900.jpg\" alt=\"\" class=\"wp-image-115474\" srcset=\"https:\/\/infoecos.com.ar\/wp-content\/uploads\/2023\/11\/Caminos-rurales-1-1600x900.jpg 1600w, https:\/\/infoecos.com.ar\/wp-content\/uploads\/2023\/11\/Caminos-rurales-1-800x450.jpg 800w, https:\/\/infoecos.com.ar\/wp-content\/uploads\/2023\/11\/Caminos-rurales-1-768x432.jpg 768w, https:\/\/infoecos.com.ar\/wp-content\/uploads\/2023\/11\/Caminos-rurales-1-1536x864.jpg 1536w, https:\/\/infoecos.com.ar\/wp-content\/uploads\/2023\/11\/Caminos-rurales-1-1024x576.jpg 1024w, https:\/\/infoecos.com.ar\/wp-content\/uploads\/2023\/11\/Caminos-rurales-1.jpg 1920w\" sizes=\"(max-width: 1600px) 100vw, 1600px\" \/><\/figure>\n<\/figure>\n\n\n\n<p>Fern\u00e1ndez record\u00f3 que se tuvo en cuenta la experiencia de Olavarr\u00eda destacando que el proyecto fue impulsado por el Intendente Helios Eseverri y continuado por el actual Intendente de aquel distrito, Ezequiel Galli, \u201cen l\u00ednea con lo que nosotros venimos hablando sistem\u00e1ticamente desde el 2015 hasta ahora, la necesidad de llevar adelante pol\u00edticas p\u00fablicas de largo plazo que trasciendan los cambios de gobierno, como \u00fanica forma de poder darle continuidad y ejecutividad a pol\u00edticas que requieren tiempo y recursos\u201d.<\/p>\n\n\n\n<p>En este proceso, habl\u00f3 del v\u00ednculo generado con la UNICEN y las gestiones realizadas con la Provincia para obtener financiamiento para poder llevar adelante el Plan Rector de Caminos Rurales.<\/p>\n\n\n\n<p>Acerca de la importancia de la iniciativa, Fern\u00e1ndez sostuvo que \u201cest\u00e1 claro que la producci\u00f3n, la riqueza del interior sale por los caminos rurales, e hist\u00f3ricamente ha sido un tema conflictivo de qui\u00e9n administra, y cu\u00e1nto dispone en cuanto a los recursos y siempre hay tensi\u00f3n\u201d.<\/p>\n\n\n\n<p>El Jefe comunal se\u00f1al\u00f3 que el aspecto hidr\u00e1ulico y los suelos, son dos aspectos que se tuvieron en cuenta para el desarrollo del plan director que fue presentado hoy, y que permitir\u00e1 avanzar en soluciones y mejorar la transitabilidad de los caminos rurales.<\/p>\n\n\n\n<p>En el cierre de su mensaje, el Intendente se\u00f1al\u00f3 que \u201cesto le queda para los pr\u00f3ximos intendentes, en esta idea de que uno deja su huella, pero vienen otros; yo hered\u00e9 el plan director de suelos, lo empez\u00f3 (Jorge) Barracchia y lo sigui\u00f3 (Ra\u00fal) Feito, y nosotros dejamos el plan director de infraestructura hospitalaria, y el plan director de Saneamiento\u201d.<\/p>\n\n\n\n<p>Tambi\u00e9n dijo que durante la gesti\u00f3n se compr\u00f3 maquinaria y se capacit\u00f3 a los maquinistas logrando mejorar la calidad del trabajo, y agradeci\u00f3 a todo el equipo de gobierno, y a los trabajadores del \u00e1rea Vial, y a quienes trabajan en los talleres por todo el trabajo realizado en estos ocho a\u00f1os.<\/p>\n\n\n\n<p><\/p>\n","protected":false},"excerpt":{"rendered":"<p>El acto encabezado por el intendente Miguel Fern\u00e1ndez se desarroll\u00f3 en el Aula Magna del Polo Cient\u00edfico Tecnol\u00f3gico, ubicado en Hern\u00e1ndez n\u00ba 816<\/p>\n","protected":false},"author":2,"featured_media":115471,"comment_status":"closed","ping_status":"open","sticky":false,"template":"","format":"standard","meta":{"footnotes":""},"categories":[49],"tags":[6273],"class_list":["post-115469","post","type-post","status-publish","format-standard","has-post-thumbnail","hentry","category-c3nota3","tag-caminos-rurales"],"yoast_head":"<!-- This site is optimized with the Yoast SEO plugin v23.4 - https:\/\/yoast.com\/wordpress\/plugins\/seo\/ -->\n<title>Un acto donde prevalecieron los agradecimientos por apoyos recibidos - Infoecos<\/title>\n<meta name=\"robots\" content=\"index, follow, max-snippet:-1, max-image-preview:large, max-video-preview:-1\" \/>\n<link rel=\"canonical\" href=\"https:\/\/infoecos.com.ar\/index.php\/un-acto-donde-prevalecieron-los-agradecimientos-por-apoyos-recibidos\/\" \/>\n<meta property=\"og:locale\" content=\"es_ES\" \/>\n<meta property=\"og:type\" content=\"article\" \/>\n<meta property=\"og:title\" content=\"Un acto donde prevalecieron los agradecimientos por apoyos recibidos - Infoecos\" \/>\n<meta property=\"og:description\" content=\"El acto encabezado por el intendente Miguel Fern\u00e1ndez se desarroll\u00f3 en el Aula Magna del Polo Cient\u00edfico Tecnol\u00f3gico, ubicado en Hern\u00e1ndez n\u00ba 816\" \/>\n<meta property=\"og:url\" content=\"https:\/\/infoecos.com.ar\/index.php\/un-acto-donde-prevalecieron-los-agradecimientos-por-apoyos-recibidos\/\" \/>\n<meta property=\"og:site_name\" content=\"Infoecos\" \/>\n<meta property=\"article:publisher\" content=\"https:\/\/www.facebook.com\/profile.php?id=100063200290284\" \/>\n<meta property=\"article:published_time\" content=\"2023-11-28T17:52:52+00:00\" \/>\n<meta property=\"article:modified_time\" content=\"2023-11-30T03:25:59+00:00\" \/>\n<meta property=\"og:image\" content=\"https:\/\/infoecos.com.ar\/wp-content\/uploads\/2023\/11\/Caminos-2.jpg\" \/>\n\t<meta property=\"og:image:width\" content=\"974\" \/>\n\t<meta property=\"og:image:height\" content=\"651\" \/>\n\t<meta property=\"og:image:type\" content=\"image\/jpeg\" \/>\n<meta name=\"author\" content=\"Jorge Matheus\" \/>\n<meta name=\"twitter:card\" content=\"summary_large_image\" \/>\n<meta name=\"twitter:creator\" content=\"@infoecos\" \/>\n<meta name=\"twitter:site\" content=\"@infoecos\" \/>\n<meta name=\"twitter:label1\" content=\"Escrito por\" \/>\n\t<meta name=\"twitter:data1\" content=\"Jorge Matheus\" \/>\n\t<meta name=\"twitter:label2\" content=\"Tiempo de lectura\" \/>\n\t<meta name=\"twitter:data2\" content=\"4 minutos\" \/>\n<script type=\"application\/ld+json\" class=\"yoast-schema-graph\">{\"@context\":\"https:\/\/schema.org\",\"@graph\":[{\"@type\":\"Article\",\"@id\":\"https:\/\/infoecos.com.ar\/index.php\/un-acto-donde-prevalecieron-los-agradecimientos-por-apoyos-recibidos\/#article\",\"isPartOf\":{\"@id\":\"https:\/\/infoecos.com.ar\/index.php\/un-acto-donde-prevalecieron-los-agradecimientos-por-apoyos-recibidos\/\"},\"author\":{\"name\":\"Jorge Matheus\",\"@id\":\"https:\/\/infoecos.com.ar\/#\/schema\/person\/8f5ace5ce73b4b4aac4b7245aee6f191\"},\"headline\":\"Un acto donde prevalecieron los agradecimientos por apoyos recibidos\",\"datePublished\":\"2023-11-28T17:52:52+00:00\",\"dateModified\":\"2023-11-30T03:25:59+00:00\",\"mainEntityOfPage\":{\"@id\":\"https:\/\/infoecos.com.ar\/index.php\/un-acto-donde-prevalecieron-los-agradecimientos-por-apoyos-recibidos\/\"},\"wordCount\":648,\"publisher\":{\"@id\":\"https:\/\/infoecos.com.ar\/#organization\"},\"image\":{\"@id\":\"https:\/\/infoecos.com.ar\/index.php\/un-acto-donde-prevalecieron-los-agradecimientos-por-apoyos-recibidos\/#primaryimage\"},\"thumbnailUrl\":\"https:\/\/infoecos.com.ar\/wp-content\/uploads\/2023\/11\/Caminos-2.jpg\",\"keywords\":[\"caminos rurales\"],\"articleSection\":[\"C3 N3\"],\"inLanguage\":\"es\"},{\"@type\":\"WebPage\",\"@id\":\"https:\/\/infoecos.com.ar\/index.php\/un-acto-donde-prevalecieron-los-agradecimientos-por-apoyos-recibidos\/\",\"url\":\"https:\/\/infoecos.com.ar\/index.php\/un-acto-donde-prevalecieron-los-agradecimientos-por-apoyos-recibidos\/\",\"name\":\"Un acto donde prevalecieron los agradecimientos por apoyos recibidos - Infoecos\",\"isPartOf\":{\"@id\":\"https:\/\/infoecos.com.ar\/#website\"},\"primaryImageOfPage\":{\"@id\":\"https:\/\/infoecos.com.ar\/index.php\/un-acto-donde-prevalecieron-los-agradecimientos-por-apoyos-recibidos\/#primaryimage\"},\"image\":{\"@id\":\"https:\/\/infoecos.com.ar\/index.php\/un-acto-donde-prevalecieron-los-agradecimientos-por-apoyos-recibidos\/#primaryimage\"},\"thumbnailUrl\":\"https:\/\/infoecos.com.ar\/wp-content\/uploads\/2023\/11\/Caminos-2.jpg\",\"datePublished\":\"2023-11-28T17:52:52+00:00\",\"dateModified\":\"2023-11-30T03:25:59+00:00\",\"breadcrumb\":{\"@id\":\"https:\/\/infoecos.com.ar\/index.php\/un-acto-donde-prevalecieron-los-agradecimientos-por-apoyos-recibidos\/#breadcrumb\"},\"inLanguage\":\"es\",\"potentialAction\":[{\"@type\":\"ReadAction\",\"target\":[\"https:\/\/infoecos.com.ar\/index.php\/un-acto-donde-prevalecieron-los-agradecimientos-por-apoyos-recibidos\/\"]}]},{\"@type\":\"ImageObject\",\"inLanguage\":\"es\",\"@id\":\"https:\/\/infoecos.com.ar\/index.php\/un-acto-donde-prevalecieron-los-agradecimientos-por-apoyos-recibidos\/#primaryimage\",\"url\":\"https:\/\/infoecos.com.ar\/wp-content\/uploads\/2023\/11\/Caminos-2.jpg\",\"contentUrl\":\"https:\/\/infoecos.com.ar\/wp-content\/uploads\/2023\/11\/Caminos-2.jpg\",\"width\":974,\"height\":651},{\"@type\":\"BreadcrumbList\",\"@id\":\"https:\/\/infoecos.com.ar\/index.php\/un-acto-donde-prevalecieron-los-agradecimientos-por-apoyos-recibidos\/#breadcrumb\",\"itemListElement\":[{\"@type\":\"ListItem\",\"position\":1,\"name\":\"Portada\",\"item\":\"https:\/\/infoecos.com.ar\/\"},{\"@type\":\"ListItem\",\"position\":2,\"name\":\"Un acto donde prevalecieron los agradecimientos por apoyos recibidos\"}]},{\"@type\":\"WebSite\",\"@id\":\"https:\/\/infoecos.com.ar\/#website\",\"url\":\"https:\/\/infoecos.com.ar\/\",\"name\":\"Infoecos\",\"description\":\"Noticias de trenque lauquen y la zona\",\"publisher\":{\"@id\":\"https:\/\/infoecos.com.ar\/#organization\"},\"alternateName\":\"Noticias\",\"potentialAction\":[{\"@type\":\"SearchAction\",\"target\":{\"@type\":\"EntryPoint\",\"urlTemplate\":\"https:\/\/infoecos.com.ar\/?s={search_term_string}\"},\"query-input\":{\"@type\":\"PropertyValueSpecification\",\"valueRequired\":true,\"valueName\":\"search_term_string\"}}],\"inLanguage\":\"es\"},{\"@type\":\"Organization\",\"@id\":\"https:\/\/infoecos.com.ar\/#organization\",\"name\":\"Infoecos\",\"alternateName\":\"Noticias\",\"url\":\"https:\/\/infoecos.com.ar\/\",\"logo\":{\"@type\":\"ImageObject\",\"inLanguage\":\"es\",\"@id\":\"https:\/\/infoecos.com.ar\/#\/schema\/logo\/image\/\",\"url\":\"https:\/\/infoecos.com.ar\/wp-content\/uploads\/2024\/03\/cropped-logo.png\",\"contentUrl\":\"https:\/\/infoecos.com.ar\/wp-content\/uploads\/2024\/03\/cropped-logo.png\",\"width\":374,\"height\":90,\"caption\":\"Infoecos\"},\"image\":{\"@id\":\"https:\/\/infoecos.com.ar\/#\/schema\/logo\/image\/\"},\"sameAs\":[\"https:\/\/www.facebook.com\/profile.php?id=100063200290284\",\"https:\/\/x.com\/infoecos\"]},{\"@type\":\"Person\",\"@id\":\"https:\/\/infoecos.com.ar\/#\/schema\/person\/8f5ace5ce73b4b4aac4b7245aee6f191\",\"name\":\"Jorge Matheus\",\"url\":\"https:\/\/infoecos.com.ar\/index.php\/author\/jomatheus\/\"}]}<\/script>\n<!-- \/ Yoast SEO plugin. -->","yoast_head_json":{"title":"Un acto donde prevalecieron los agradecimientos por apoyos recibidos - Infoecos","robots":{"index":"index","follow":"follow","max-snippet":"max-snippet:-1","max-image-preview":"max-image-preview:large","max-video-preview":"max-video-preview:-1"},"canonical":"https:\/\/infoecos.com.ar\/index.php\/un-acto-donde-prevalecieron-los-agradecimientos-por-apoyos-recibidos\/","og_locale":"es_ES","og_type":"article","og_title":"Un acto donde prevalecieron los agradecimientos por apoyos recibidos - Infoecos","og_description":"El acto encabezado por el intendente Miguel Fern\u00e1ndez se desarroll\u00f3 en el Aula Magna del Polo Cient\u00edfico Tecnol\u00f3gico, ubicado en Hern\u00e1ndez n\u00ba 816","og_url":"https:\/\/infoecos.com.ar\/index.php\/un-acto-donde-prevalecieron-los-agradecimientos-por-apoyos-recibidos\/","og_site_name":"Infoecos","article_publisher":"https:\/\/www.facebook.com\/profile.php?id=100063200290284","article_published_time":"2023-11-28T17:52:52+00:00","article_modified_time":"2023-11-30T03:25:59+00:00","og_image":[{"width":974,"height":651,"url":"https:\/\/infoecos.com.ar\/wp-content\/uploads\/2023\/11\/Caminos-2.jpg","type":"image\/jpeg"}],"author":"Jorge Matheus","twitter_card":"summary_large_image","twitter_creator":"@infoecos","twitter_site":"@infoecos","twitter_misc":{"Escrito por":"Jorge Matheus","Tiempo de lectura":"4 minutos"},"schema":{"@context":"https:\/\/schema.org","@graph":[{"@type":"Article","@id":"https:\/\/infoecos.com.ar\/index.php\/un-acto-donde-prevalecieron-los-agradecimientos-por-apoyos-recibidos\/#article","isPartOf":{"@id":"https:\/\/infoecos.com.ar\/index.php\/un-acto-donde-prevalecieron-los-agradecimientos-por-apoyos-recibidos\/"},"author":{"name":"Jorge Matheus","@id":"https:\/\/infoecos.com.ar\/#\/schema\/person\/8f5ace5ce73b4b4aac4b7245aee6f191"},"headline":"Un acto donde prevalecieron los agradecimientos por apoyos recibidos","datePublished":"2023-11-28T17:52:52+00:00","dateModified":"2023-11-30T03:25:59+00:00","mainEntityOfPage":{"@id":"https:\/\/infoecos.com.ar\/index.php\/un-acto-donde-prevalecieron-los-agradecimientos-por-apoyos-recibidos\/"},"wordCount":648,"publisher":{"@id":"https:\/\/infoecos.com.ar\/#organization"},"image":{"@id":"https:\/\/infoecos.com.ar\/index.php\/un-acto-donde-prevalecieron-los-agradecimientos-por-apoyos-recibidos\/#primaryimage"},"thumbnailUrl":"https:\/\/infoecos.com.ar\/wp-content\/uploads\/2023\/11\/Caminos-2.jpg","keywords":["caminos rurales"],"articleSection":["C3 N3"],"inLanguage":"es"},{"@type":"WebPage","@id":"https:\/\/infoecos.com.ar\/index.php\/un-acto-donde-prevalecieron-los-agradecimientos-por-apoyos-recibidos\/","url":"https:\/\/infoecos.com.ar\/index.php\/un-acto-donde-prevalecieron-los-agradecimientos-por-apoyos-recibidos\/","name":"Un acto donde prevalecieron los agradecimientos por apoyos recibidos - Infoecos","isPartOf":{"@id":"https:\/\/infoecos.com.ar\/#website"},"primaryImageOfPage":{"@id":"https:\/\/infoecos.com.ar\/index.php\/un-acto-donde-prevalecieron-los-agradecimientos-por-apoyos-recibidos\/#primaryimage"},"image":{"@id":"https:\/\/infoecos.com.ar\/index.php\/un-acto-donde-prevalecieron-los-agradecimientos-por-apoyos-recibidos\/#primaryimage"},"thumbnailUrl":"https:\/\/infoecos.com.ar\/wp-content\/uploads\/2023\/11\/Caminos-2.jpg","datePublished":"2023-11-28T17:52:52+00:00","dateModified":"2023-11-30T03:25:59+00:00","breadcrumb":{"@id":"https:\/\/infoecos.com.ar\/index.php\/un-acto-donde-prevalecieron-los-agradecimientos-por-apoyos-recibidos\/#breadcrumb"},"inLanguage":"es","potentialAction":[{"@type":"ReadAction","target":["https:\/\/infoecos.com.ar\/index.php\/un-acto-donde-prevalecieron-los-agradecimientos-por-apoyos-recibidos\/"]}]},{"@type":"ImageObject","inLanguage":"es","@id":"https:\/\/infoecos.com.ar\/index.php\/un-acto-donde-prevalecieron-los-agradecimientos-por-apoyos-recibidos\/#primaryimage","url":"https:\/\/infoecos.com.ar\/wp-content\/uploads\/2023\/11\/Caminos-2.jpg","contentUrl":"https:\/\/infoecos.com.ar\/wp-content\/uploads\/2023\/11\/Caminos-2.jpg","width":974,"height":651},{"@type":"BreadcrumbList","@id":"https:\/\/infoecos.com.ar\/index.php\/un-acto-donde-prevalecieron-los-agradecimientos-por-apoyos-recibidos\/#breadcrumb","itemListElement":[{"@type":"ListItem","position":1,"name":"Portada","item":"https:\/\/infoecos.com.ar\/"},{"@type":"ListItem","position":2,"name":"Un acto donde prevalecieron los agradecimientos por apoyos recibidos"}]},{"@type":"WebSite","@id":"https:\/\/infoecos.com.ar\/#website","url":"https:\/\/infoecos.com.ar\/","name":"Infoecos","description":"Noticias de trenque lauquen y la zona","publisher":{"@id":"https:\/\/infoecos.com.ar\/#organization"},"alternateName":"Noticias","potentialAction":[{"@type":"SearchAction","target":{"@type":"EntryPoint","urlTemplate":"https:\/\/infoecos.com.ar\/?s={search_term_string}"},"query-input":{"@type":"PropertyValueSpecification","valueRequired":true,"valueName":"search_term_string"}}],"inLanguage":"es"},{"@type":"Organization","@id":"https:\/\/infoecos.com.ar\/#organization","name":"Infoecos","alternateName":"Noticias","url":"https:\/\/infoecos.com.ar\/","logo":{"@type":"ImageObject","inLanguage":"es","@id":"https:\/\/infoecos.com.ar\/#\/schema\/logo\/image\/","url":"https:\/\/infoecos.com.ar\/wp-content\/uploads\/2024\/03\/cropped-logo.png","contentUrl":"https:\/\/infoecos.com.ar\/wp-content\/uploads\/2024\/03\/cropped-logo.png","width":374,"height":90,"caption":"Infoecos"},"image":{"@id":"https:\/\/infoecos.com.ar\/#\/schema\/logo\/image\/"},"sameAs":["https:\/\/www.facebook.com\/profile.php?id=100063200290284","https:\/\/x.com\/infoecos"]},{"@type":"Person","@id":"https:\/\/infoecos.com.ar\/#\/schema\/person\/8f5ace5ce73b4b4aac4b7245aee6f191","name":"Jorge Matheus","url":"https:\/\/infoecos.com.ar\/index.php\/author\/jomatheus\/"}]}},"featured_image_urls":{"full":["https:\/\/infoecos.com.ar\/wp-content\/uploads\/2023\/11\/Caminos-2.jpg",974,651,false],"thumbnail":["https:\/\/infoecos.com.ar\/wp-content\/uploads\/2023\/11\/Caminos-2-300x150.jpg",300,150,true],"medium":["https:\/\/infoecos.com.ar\/wp-content\/uploads\/2023\/11\/Caminos-2-800x535.jpg",800,535,true],"medium_large":["https:\/\/infoecos.com.ar\/wp-content\/uploads\/2023\/11\/Caminos-2-768x513.jpg",640,428,true],"large":["https:\/\/infoecos.com.ar\/wp-content\/uploads\/2023\/11\/Caminos-2.jpg",640,428,false],"1536x1536":["https:\/\/infoecos.com.ar\/wp-content\/uploads\/2023\/11\/Caminos-2.jpg",974,651,false],"2048x2048":["https:\/\/infoecos.com.ar\/wp-content\/uploads\/2023\/11\/Caminos-2.jpg",974,651,false],"covernews-slider-full":["https:\/\/infoecos.com.ar\/wp-content\/uploads\/2023\/11\/Caminos-2.jpg",974,651,false],"covernews-slider-center":["https:\/\/infoecos.com.ar\/wp-content\/uploads\/2023\/11\/Caminos-2-936x651.jpg",719,500,true],"covernews-featured":["https:\/\/infoecos.com.ar\/wp-content\/uploads\/2023\/11\/Caminos-2.jpg",974,651,false],"covernews-medium":["https:\/\/infoecos.com.ar\/wp-content\/uploads\/2023\/11\/Caminos-2-720x380.jpg",540,285,true],"covernews-medium-square":["https:\/\/infoecos.com.ar\/wp-content\/uploads\/2023\/11\/Caminos-2-675x450.jpg",375,250,true]},"author_info":{"info":["Jorge Matheus"]},"category_info":"<a href=\"https:\/\/infoecos.com.ar\/index.php\/category\/c3nota3\/\" rel=\"category tag\">C3 N3<\/a>","tag_info":"C3 N3","comment_count":"0","_links":{"self":[{"href":"https:\/\/infoecos.com.ar\/index.php\/wp-json\/wp\/v2\/posts\/115469"}],"collection":[{"href":"https:\/\/infoecos.com.ar\/index.php\/wp-json\/wp\/v2\/posts"}],"about":[{"href":"https:\/\/infoecos.com.ar\/index.php\/wp-json\/wp\/v2\/types\/post"}],"author":[{"embeddable":true,"href":"https:\/\/infoecos.com.ar\/index.php\/wp-json\/wp\/v2\/users\/2"}],"replies":[{"embeddable":true,"href":"https:\/\/infoecos.com.ar\/index.php\/wp-json\/wp\/v2\/comments?post=115469"}],"version-history":[{"count":1,"href":"https:\/\/infoecos.com.ar\/index.php\/wp-json\/wp\/v2\/posts\/115469\/revisions"}],"predecessor-version":[{"id":115475,"href":"https:\/\/infoecos.com.ar\/index.php\/wp-json\/wp\/v2\/posts\/115469\/revisions\/115475"}],"wp:featuredmedia":[{"embeddable":true,"href":"https:\/\/infoecos.com.ar\/index.php\/wp-json\/wp\/v2\/media\/115471"}],"wp:attachment":[{"href":"https:\/\/infoecos.com.ar\/index.php\/wp-json\/wp\/v2\/media?parent=115469"}],"wp:term":[{"taxonomy":"category","embeddable":true,"href":"https:\/\/infoecos.com.ar\/index.php\/wp-json\/wp\/v2\/categories?post=115469"},{"taxonomy":"post_tag","embeddable":true,"href":"https:\/\/infoecos.com.ar\/index.php\/wp-json\/wp\/v2\/tags?post=115469"}],"curies":[{"name":"wp","href":"https:\/\/api.w.org\/{rel}","templated":true}]}}