{"id":115478,"date":"2023-11-28T15:15:01","date_gmt":"2023-11-28T18:15:01","guid":{"rendered":"https:\/\/infoecos.com.ar\/?p=115478"},"modified":"2023-11-30T00:27:15","modified_gmt":"2023-11-30T03:27:15","slug":"choque-de-camiones-en-la-ruta-nacional-33-en-jurisdiccion-de-santa-fe","status":"publish","type":"post","link":"https:\/\/infoecos.com.ar\/index.php\/choque-de-camiones-en-la-ruta-nacional-33-en-jurisdiccion-de-santa-fe\/","title":{"rendered":"Choque de camiones en la Ruta Nacional 33, en jurisdicci\u00f3n de Santa Fe"},"content":{"rendered":"\n<p>Choque de camiones en la Ruta Nacional n\u00famero 33, kil\u00f3metro 675, jurisdicci\u00f3n de la provincia de Santa Fe. <\/p>\n\n\n\n<figure class=\"wp-block-gallery has-nested-images columns-default is-cropped wp-block-gallery-1 is-layout-flex wp-block-gallery-is-layout-flex\">\n<figure class=\"wp-block-image size-large\"><img loading=\"lazy\" decoding=\"async\" width=\"620\" height=\"300\" data-id=\"115479\" src=\"https:\/\/infoecos.com.ar\/wp-content\/uploads\/2023\/11\/choque-de-camiones.webp\" alt=\"\" class=\"wp-image-115479\"\/><\/figure>\n\n\n\n<figure class=\"wp-block-image size-large\"><img loading=\"lazy\" decoding=\"async\" width=\"1024\" height=\"461\" data-id=\"115480\" src=\"https:\/\/infoecos.com.ar\/wp-content\/uploads\/2023\/11\/choque-de-camiones-1.webp\" alt=\"\" class=\"wp-image-115480\" srcset=\"https:\/\/infoecos.com.ar\/wp-content\/uploads\/2023\/11\/choque-de-camiones-1.webp 1024w, https:\/\/infoecos.com.ar\/wp-content\/uploads\/2023\/11\/choque-de-camiones-1-800x360.webp 800w, https:\/\/infoecos.com.ar\/wp-content\/uploads\/2023\/11\/choque-de-camiones-1-768x346.webp 768w\" sizes=\"(max-width: 1024px) 100vw, 1024px\" \/><\/figure>\n\n\n\n<figure class=\"wp-block-image size-large\"><img loading=\"lazy\" decoding=\"async\" width=\"1024\" height=\"461\" data-id=\"115481\" src=\"https:\/\/infoecos.com.ar\/wp-content\/uploads\/2023\/11\/choque-de-camiones-2.webp\" alt=\"\" class=\"wp-image-115481\" srcset=\"https:\/\/infoecos.com.ar\/wp-content\/uploads\/2023\/11\/choque-de-camiones-2.webp 1024w, https:\/\/infoecos.com.ar\/wp-content\/uploads\/2023\/11\/choque-de-camiones-2-800x360.webp 800w, https:\/\/infoecos.com.ar\/wp-content\/uploads\/2023\/11\/choque-de-camiones-2-768x346.webp 768w\" sizes=\"(max-width: 1024px) 100vw, 1024px\" \/><\/figure>\n\n\n\n<figure class=\"wp-block-image size-large\"><img loading=\"lazy\" decoding=\"async\" width=\"1024\" height=\"461\" data-id=\"115483\" src=\"https:\/\/infoecos.com.ar\/wp-content\/uploads\/2023\/11\/choque-de-camiones-3.webp\" alt=\"\" class=\"wp-image-115483\" srcset=\"https:\/\/infoecos.com.ar\/wp-content\/uploads\/2023\/11\/choque-de-camiones-3.webp 1024w, https:\/\/infoecos.com.ar\/wp-content\/uploads\/2023\/11\/choque-de-camiones-3-800x360.webp 800w, https:\/\/infoecos.com.ar\/wp-content\/uploads\/2023\/11\/choque-de-camiones-3-768x346.webp 768w\" sizes=\"(max-width: 1024px) 100vw, 1024px\" \/><\/figure>\n\n\n\n<figure class=\"wp-block-image size-large\"><img loading=\"lazy\" decoding=\"async\" width=\"1024\" height=\"461\" data-id=\"115482\" src=\"https:\/\/infoecos.com.ar\/wp-content\/uploads\/2023\/11\/choque-de-camiones-4.webp\" alt=\"\" class=\"wp-image-115482\" srcset=\"https:\/\/infoecos.com.ar\/wp-content\/uploads\/2023\/11\/choque-de-camiones-4.webp 1024w, https:\/\/infoecos.com.ar\/wp-content\/uploads\/2023\/11\/choque-de-camiones-4-800x360.webp 800w, https:\/\/infoecos.com.ar\/wp-content\/uploads\/2023\/11\/choque-de-camiones-4-768x346.webp 768w\" sizes=\"(max-width: 1024px) 100vw, 1024px\" \/><\/figure>\n<\/figure>\n\n\n\n<p>Por causas que se trataban de establecer colisionaron los conductores de un cami\u00f3n Volkswagen con acoplado, vac\u00edo, oriundo de la localidad de San Francisco Provincia de Santa Fe; y un cami\u00f3n Ford con acoplado cargado de maderas, oriundo de la localidad de Concordia Provincia de Entre R\u00edos. <\/p>\n\n\n\n<p>Ninguno de los conductores result\u00f3 con lesiones, pero la carga qued\u00f3 sobre la ruta.<\/p>\n\n\n\n<p>En el lugar trabaj\u00f3 personal de la Comisar\u00eda de Chovet, Bomberos de esa localidad y Polic\u00eda Vial que orden\u00f3 la circulaci\u00f3n de veh\u00edculos en la ruta, inform\u00f3 Pueblo Regional.<\/p>\n\n\n\n<p><strong>Fuentes: Pueblo Regional y Distrito Interior<\/strong><\/p>\n","protected":false},"excerpt":{"rendered":"<p>Colisionaron los conductores de un cami\u00f3n Volkswagen con acoplado, vac\u00edo, y un cami\u00f3n Ford con acoplado cargado de maderas de Concordia, Provincia de Entre R\u00edos<\/p>\n","protected":false},"author":2,"featured_media":115480,"comment_status":"closed","ping_status":"open","sticky":false,"template":"","format":"standard","meta":{"footnotes":""},"categories":[200],"tags":[9611],"class_list":["post-115478","post","type-post","status-publish","format-standard","has-post-thumbnail","hentry","category-inferior8","tag-kilometro-675"],"yoast_head":"<!-- This site is optimized with the Yoast SEO plugin v23.4 - https:\/\/yoast.com\/wordpress\/plugins\/seo\/ -->\n<title>Choque de camiones en la Ruta Nacional 33, en jurisdicci\u00f3n de Santa Fe - Infoecos<\/title>\n<meta name=\"robots\" content=\"index, follow, max-snippet:-1, max-image-preview:large, max-video-preview:-1\" \/>\n<link rel=\"canonical\" href=\"https:\/\/infoecos.com.ar\/index.php\/choque-de-camiones-en-la-ruta-nacional-33-en-jurisdiccion-de-santa-fe\/\" \/>\n<meta property=\"og:locale\" content=\"es_ES\" \/>\n<meta property=\"og:type\" content=\"article\" \/>\n<meta property=\"og:title\" content=\"Choque de camiones en la Ruta Nacional 33, en jurisdicci\u00f3n de Santa Fe - Infoecos\" \/>\n<meta property=\"og:description\" content=\"Colisionaron los conductores de un cami\u00f3n Volkswagen con acoplado, vac\u00edo, y un cami\u00f3n Ford con acoplado cargado de maderas de Concordia, Provincia de Entre R\u00edos\" \/>\n<meta property=\"og:url\" content=\"https:\/\/infoecos.com.ar\/index.php\/choque-de-camiones-en-la-ruta-nacional-33-en-jurisdiccion-de-santa-fe\/\" \/>\n<meta property=\"og:site_name\" content=\"Infoecos\" \/>\n<meta property=\"article:publisher\" content=\"https:\/\/www.facebook.com\/profile.php?id=100063200290284\" \/>\n<meta property=\"article:published_time\" content=\"2023-11-28T18:15:01+00:00\" \/>\n<meta property=\"article:modified_time\" content=\"2023-11-30T03:27:15+00:00\" \/>\n<meta property=\"og:image\" content=\"https:\/\/infoecos.com.ar\/wp-content\/uploads\/2023\/11\/choque-de-camiones-1.webp\" \/>\n\t<meta property=\"og:image:width\" content=\"1024\" \/>\n\t<meta property=\"og:image:height\" content=\"461\" \/>\n\t<meta property=\"og:image:type\" content=\"image\/webp\" \/>\n<meta name=\"author\" content=\"Jorge Matheus\" \/>\n<meta name=\"twitter:card\" content=\"summary_large_image\" \/>\n<meta name=\"twitter:creator\" content=\"@infoecos\" \/>\n<meta name=\"twitter:site\" content=\"@infoecos\" \/>\n<meta name=\"twitter:label1\" content=\"Escrito por\" \/>\n\t<meta name=\"twitter:data1\" content=\"Jorge Matheus\" \/>\n\t<meta name=\"twitter:label2\" content=\"Tiempo de lectura\" \/>\n\t<meta name=\"twitter:data2\" content=\"2 minutos\" \/>\n<script type=\"application\/ld+json\" class=\"yoast-schema-graph\">{\"@context\":\"https:\/\/schema.org\",\"@graph\":[{\"@type\":\"Article\",\"@id\":\"https:\/\/infoecos.com.ar\/index.php\/choque-de-camiones-en-la-ruta-nacional-33-en-jurisdiccion-de-santa-fe\/#article\",\"isPartOf\":{\"@id\":\"https:\/\/infoecos.com.ar\/index.php\/choque-de-camiones-en-la-ruta-nacional-33-en-jurisdiccion-de-santa-fe\/\"},\"author\":{\"name\":\"Jorge Matheus\",\"@id\":\"https:\/\/infoecos.com.ar\/#\/schema\/person\/8f5ace5ce73b4b4aac4b7245aee6f191\"},\"headline\":\"Choque de camiones en la Ruta Nacional 33, en jurisdicci\u00f3n de Santa Fe\",\"datePublished\":\"2023-11-28T18:15:01+00:00\",\"dateModified\":\"2023-11-30T03:27:15+00:00\",\"mainEntityOfPage\":{\"@id\":\"https:\/\/infoecos.com.ar\/index.php\/choque-de-camiones-en-la-ruta-nacional-33-en-jurisdiccion-de-santa-fe\/\"},\"wordCount\":136,\"publisher\":{\"@id\":\"https:\/\/infoecos.com.ar\/#organization\"},\"image\":{\"@id\":\"https:\/\/infoecos.com.ar\/index.php\/choque-de-camiones-en-la-ruta-nacional-33-en-jurisdiccion-de-santa-fe\/#primaryimage\"},\"thumbnailUrl\":\"https:\/\/infoecos.com.ar\/wp-content\/uploads\/2023\/11\/choque-de-camiones-1.webp\",\"keywords\":[\"Kil\u00f3metro 675\"],\"articleSection\":[\"Bloque inferior - 8\"],\"inLanguage\":\"es\"},{\"@type\":\"WebPage\",\"@id\":\"https:\/\/infoecos.com.ar\/index.php\/choque-de-camiones-en-la-ruta-nacional-33-en-jurisdiccion-de-santa-fe\/\",\"url\":\"https:\/\/infoecos.com.ar\/index.php\/choque-de-camiones-en-la-ruta-nacional-33-en-jurisdiccion-de-santa-fe\/\",\"name\":\"Choque de camiones en la Ruta Nacional 33, en jurisdicci\u00f3n de Santa Fe - Infoecos\",\"isPartOf\":{\"@id\":\"https:\/\/infoecos.com.ar\/#website\"},\"primaryImageOfPage\":{\"@id\":\"https:\/\/infoecos.com.ar\/index.php\/choque-de-camiones-en-la-ruta-nacional-33-en-jurisdiccion-de-santa-fe\/#primaryimage\"},\"image\":{\"@id\":\"https:\/\/infoecos.com.ar\/index.php\/choque-de-camiones-en-la-ruta-nacional-33-en-jurisdiccion-de-santa-fe\/#primaryimage\"},\"thumbnailUrl\":\"https:\/\/infoecos.com.ar\/wp-content\/uploads\/2023\/11\/choque-de-camiones-1.webp\",\"datePublished\":\"2023-11-28T18:15:01+00:00\",\"dateModified\":\"2023-11-30T03:27:15+00:00\",\"breadcrumb\":{\"@id\":\"https:\/\/infoecos.com.ar\/index.php\/choque-de-camiones-en-la-ruta-nacional-33-en-jurisdiccion-de-santa-fe\/#breadcrumb\"},\"inLanguage\":\"es\",\"potentialAction\":[{\"@type\":\"ReadAction\",\"target\":[\"https:\/\/infoecos.com.ar\/index.php\/choque-de-camiones-en-la-ruta-nacional-33-en-jurisdiccion-de-santa-fe\/\"]}]},{\"@type\":\"ImageObject\",\"inLanguage\":\"es\",\"@id\":\"https:\/\/infoecos.com.ar\/index.php\/choque-de-camiones-en-la-ruta-nacional-33-en-jurisdiccion-de-santa-fe\/#primaryimage\",\"url\":\"https:\/\/infoecos.com.ar\/wp-content\/uploads\/2023\/11\/choque-de-camiones-1.webp\",\"contentUrl\":\"https:\/\/infoecos.com.ar\/wp-content\/uploads\/2023\/11\/choque-de-camiones-1.webp\",\"width\":1024,\"height\":461},{\"@type\":\"BreadcrumbList\",\"@id\":\"https:\/\/infoecos.com.ar\/index.php\/choque-de-camiones-en-la-ruta-nacional-33-en-jurisdiccion-de-santa-fe\/#breadcrumb\",\"itemListElement\":[{\"@type\":\"ListItem\",\"position\":1,\"name\":\"Portada\",\"item\":\"https:\/\/infoecos.com.ar\/\"},{\"@type\":\"ListItem\",\"position\":2,\"name\":\"Choque de camiones en la Ruta Nacional 33, en jurisdicci\u00f3n de Santa Fe\"}]},{\"@type\":\"WebSite\",\"@id\":\"https:\/\/infoecos.com.ar\/#website\",\"url\":\"https:\/\/infoecos.com.ar\/\",\"name\":\"Infoecos\",\"description\":\"Noticias de trenque lauquen y la zona\",\"publisher\":{\"@id\":\"https:\/\/infoecos.com.ar\/#organization\"},\"alternateName\":\"Noticias\",\"potentialAction\":[{\"@type\":\"SearchAction\",\"target\":{\"@type\":\"EntryPoint\",\"urlTemplate\":\"https:\/\/infoecos.com.ar\/?s={search_term_string}\"},\"query-input\":{\"@type\":\"PropertyValueSpecification\",\"valueRequired\":true,\"valueName\":\"search_term_string\"}}],\"inLanguage\":\"es\"},{\"@type\":\"Organization\",\"@id\":\"https:\/\/infoecos.com.ar\/#organization\",\"name\":\"Infoecos\",\"alternateName\":\"Noticias\",\"url\":\"https:\/\/infoecos.com.ar\/\",\"logo\":{\"@type\":\"ImageObject\",\"inLanguage\":\"es\",\"@id\":\"https:\/\/infoecos.com.ar\/#\/schema\/logo\/image\/\",\"url\":\"https:\/\/infoecos.com.ar\/wp-content\/uploads\/2024\/03\/cropped-logo.png\",\"contentUrl\":\"https:\/\/infoecos.com.ar\/wp-content\/uploads\/2024\/03\/cropped-logo.png\",\"width\":374,\"height\":90,\"caption\":\"Infoecos\"},\"image\":{\"@id\":\"https:\/\/infoecos.com.ar\/#\/schema\/logo\/image\/\"},\"sameAs\":[\"https:\/\/www.facebook.com\/profile.php?id=100063200290284\",\"https:\/\/x.com\/infoecos\"]},{\"@type\":\"Person\",\"@id\":\"https:\/\/infoecos.com.ar\/#\/schema\/person\/8f5ace5ce73b4b4aac4b7245aee6f191\",\"name\":\"Jorge Matheus\",\"url\":\"https:\/\/infoecos.com.ar\/index.php\/author\/jomatheus\/\"}]}<\/script>\n<!-- \/ Yoast SEO plugin. -->","yoast_head_json":{"title":"Choque de camiones en la Ruta Nacional 33, en jurisdicci\u00f3n de Santa Fe - Infoecos","robots":{"index":"index","follow":"follow","max-snippet":"max-snippet:-1","max-image-preview":"max-image-preview:large","max-video-preview":"max-video-preview:-1"},"canonical":"https:\/\/infoecos.com.ar\/index.php\/choque-de-camiones-en-la-ruta-nacional-33-en-jurisdiccion-de-santa-fe\/","og_locale":"es_ES","og_type":"article","og_title":"Choque de camiones en la Ruta Nacional 33, en jurisdicci\u00f3n de Santa Fe - Infoecos","og_description":"Colisionaron los conductores de un cami\u00f3n Volkswagen con acoplado, vac\u00edo, y un cami\u00f3n Ford con acoplado cargado de maderas de Concordia, Provincia de Entre R\u00edos","og_url":"https:\/\/infoecos.com.ar\/index.php\/choque-de-camiones-en-la-ruta-nacional-33-en-jurisdiccion-de-santa-fe\/","og_site_name":"Infoecos","article_publisher":"https:\/\/www.facebook.com\/profile.php?id=100063200290284","article_published_time":"2023-11-28T18:15:01+00:00","article_modified_time":"2023-11-30T03:27:15+00:00","og_image":[{"width":1024,"height":461,"url":"https:\/\/infoecos.com.ar\/wp-content\/uploads\/2023\/11\/choque-de-camiones-1.webp","type":"image\/webp"}],"author":"Jorge Matheus","twitter_card":"summary_large_image","twitter_creator":"@infoecos","twitter_site":"@infoecos","twitter_misc":{"Escrito por":"Jorge Matheus","Tiempo de lectura":"2 minutos"},"schema":{"@context":"https:\/\/schema.org","@graph":[{"@type":"Article","@id":"https:\/\/infoecos.com.ar\/index.php\/choque-de-camiones-en-la-ruta-nacional-33-en-jurisdiccion-de-santa-fe\/#article","isPartOf":{"@id":"https:\/\/infoecos.com.ar\/index.php\/choque-de-camiones-en-la-ruta-nacional-33-en-jurisdiccion-de-santa-fe\/"},"author":{"name":"Jorge Matheus","@id":"https:\/\/infoecos.com.ar\/#\/schema\/person\/8f5ace5ce73b4b4aac4b7245aee6f191"},"headline":"Choque de camiones en la Ruta Nacional 33, en jurisdicci\u00f3n de Santa Fe","datePublished":"2023-11-28T18:15:01+00:00","dateModified":"2023-11-30T03:27:15+00:00","mainEntityOfPage":{"@id":"https:\/\/infoecos.com.ar\/index.php\/choque-de-camiones-en-la-ruta-nacional-33-en-jurisdiccion-de-santa-fe\/"},"wordCount":136,"publisher":{"@id":"https:\/\/infoecos.com.ar\/#organization"},"image":{"@id":"https:\/\/infoecos.com.ar\/index.php\/choque-de-camiones-en-la-ruta-nacional-33-en-jurisdiccion-de-santa-fe\/#primaryimage"},"thumbnailUrl":"https:\/\/infoecos.com.ar\/wp-content\/uploads\/2023\/11\/choque-de-camiones-1.webp","keywords":["Kil\u00f3metro 675"],"articleSection":["Bloque inferior - 8"],"inLanguage":"es"},{"@type":"WebPage","@id":"https:\/\/infoecos.com.ar\/index.php\/choque-de-camiones-en-la-ruta-nacional-33-en-jurisdiccion-de-santa-fe\/","url":"https:\/\/infoecos.com.ar\/index.php\/choque-de-camiones-en-la-ruta-nacional-33-en-jurisdiccion-de-santa-fe\/","name":"Choque de camiones en la Ruta Nacional 33, en jurisdicci\u00f3n de Santa Fe - Infoecos","isPartOf":{"@id":"https:\/\/infoecos.com.ar\/#website"},"primaryImageOfPage":{"@id":"https:\/\/infoecos.com.ar\/index.php\/choque-de-camiones-en-la-ruta-nacional-33-en-jurisdiccion-de-santa-fe\/#primaryimage"},"image":{"@id":"https:\/\/infoecos.com.ar\/index.php\/choque-de-camiones-en-la-ruta-nacional-33-en-jurisdiccion-de-santa-fe\/#primaryimage"},"thumbnailUrl":"https:\/\/infoecos.com.ar\/wp-content\/uploads\/2023\/11\/choque-de-camiones-1.webp","datePublished":"2023-11-28T18:15:01+00:00","dateModified":"2023-11-30T03:27:15+00:00","breadcrumb":{"@id":"https:\/\/infoecos.com.ar\/index.php\/choque-de-camiones-en-la-ruta-nacional-33-en-jurisdiccion-de-santa-fe\/#breadcrumb"},"inLanguage":"es","potentialAction":[{"@type":"ReadAction","target":["https:\/\/infoecos.com.ar\/index.php\/choque-de-camiones-en-la-ruta-nacional-33-en-jurisdiccion-de-santa-fe\/"]}]},{"@type":"ImageObject","inLanguage":"es","@id":"https:\/\/infoecos.com.ar\/index.php\/choque-de-camiones-en-la-ruta-nacional-33-en-jurisdiccion-de-santa-fe\/#primaryimage","url":"https:\/\/infoecos.com.ar\/wp-content\/uploads\/2023\/11\/choque-de-camiones-1.webp","contentUrl":"https:\/\/infoecos.com.ar\/wp-content\/uploads\/2023\/11\/choque-de-camiones-1.webp","width":1024,"height":461},{"@type":"BreadcrumbList","@id":"https:\/\/infoecos.com.ar\/index.php\/choque-de-camiones-en-la-ruta-nacional-33-en-jurisdiccion-de-santa-fe\/#breadcrumb","itemListElement":[{"@type":"ListItem","position":1,"name":"Portada","item":"https:\/\/infoecos.com.ar\/"},{"@type":"ListItem","position":2,"name":"Choque de camiones en la Ruta Nacional 33, en jurisdicci\u00f3n de Santa Fe"}]},{"@type":"WebSite","@id":"https:\/\/infoecos.com.ar\/#website","url":"https:\/\/infoecos.com.ar\/","name":"Infoecos","description":"Noticias de trenque lauquen y la zona","publisher":{"@id":"https:\/\/infoecos.com.ar\/#organization"},"alternateName":"Noticias","potentialAction":[{"@type":"SearchAction","target":{"@type":"EntryPoint","urlTemplate":"https:\/\/infoecos.com.ar\/?s={search_term_string}"},"query-input":{"@type":"PropertyValueSpecification","valueRequired":true,"valueName":"search_term_string"}}],"inLanguage":"es"},{"@type":"Organization","@id":"https:\/\/infoecos.com.ar\/#organization","name":"Infoecos","alternateName":"Noticias","url":"https:\/\/infoecos.com.ar\/","logo":{"@type":"ImageObject","inLanguage":"es","@id":"https:\/\/infoecos.com.ar\/#\/schema\/logo\/image\/","url":"https:\/\/infoecos.com.ar\/wp-content\/uploads\/2024\/03\/cropped-logo.png","contentUrl":"https:\/\/infoecos.com.ar\/wp-content\/uploads\/2024\/03\/cropped-logo.png","width":374,"height":90,"caption":"Infoecos"},"image":{"@id":"https:\/\/infoecos.com.ar\/#\/schema\/logo\/image\/"},"sameAs":["https:\/\/www.facebook.com\/profile.php?id=100063200290284","https:\/\/x.com\/infoecos"]},{"@type":"Person","@id":"https:\/\/infoecos.com.ar\/#\/schema\/person\/8f5ace5ce73b4b4aac4b7245aee6f191","name":"Jorge Matheus","url":"https:\/\/infoecos.com.ar\/index.php\/author\/jomatheus\/"}]}},"featured_image_urls":{"full":["https:\/\/infoecos.com.ar\/wp-content\/uploads\/2023\/11\/choque-de-camiones-1.webp",1024,461,false],"thumbnail":["https:\/\/infoecos.com.ar\/wp-content\/uploads\/2023\/11\/choque-de-camiones-1-300x150.webp",300,150,true],"medium":["https:\/\/infoecos.com.ar\/wp-content\/uploads\/2023\/11\/choque-de-camiones-1-800x360.webp",800,360,true],"medium_large":["https:\/\/infoecos.com.ar\/wp-content\/uploads\/2023\/11\/choque-de-camiones-1-768x346.webp",640,288,true],"large":["https:\/\/infoecos.com.ar\/wp-content\/uploads\/2023\/11\/choque-de-camiones-1.webp",640,288,false],"1536x1536":["https:\/\/infoecos.com.ar\/wp-content\/uploads\/2023\/11\/choque-de-camiones-1.webp",1024,461,false],"2048x2048":["https:\/\/infoecos.com.ar\/wp-content\/uploads\/2023\/11\/choque-de-camiones-1.webp",1024,461,false],"covernews-slider-full":["https:\/\/infoecos.com.ar\/wp-content\/uploads\/2023\/11\/choque-de-camiones-1.webp",1024,461,false],"covernews-slider-center":["https:\/\/infoecos.com.ar\/wp-content\/uploads\/2023\/11\/choque-de-camiones-1-936x461.webp",800,394,true],"covernews-featured":["https:\/\/infoecos.com.ar\/wp-content\/uploads\/2023\/11\/choque-de-camiones-1.webp",1024,461,false],"covernews-medium":["https:\/\/infoecos.com.ar\/wp-content\/uploads\/2023\/11\/choque-de-camiones-1-720x380.webp",540,285,true],"covernews-medium-square":["https:\/\/infoecos.com.ar\/wp-content\/uploads\/2023\/11\/choque-de-camiones-1-675x450.webp",375,250,true]},"author_info":{"info":["Jorge Matheus"]},"category_info":"<a href=\"https:\/\/infoecos.com.ar\/index.php\/category\/inferior8\/\" rel=\"category tag\">Bloque inferior - 8<\/a>","tag_info":"Bloque inferior - 8","comment_count":"0","_links":{"self":[{"href":"https:\/\/infoecos.com.ar\/index.php\/wp-json\/wp\/v2\/posts\/115478"}],"collection":[{"href":"https:\/\/infoecos.com.ar\/index.php\/wp-json\/wp\/v2\/posts"}],"about":[{"href":"https:\/\/infoecos.com.ar\/index.php\/wp-json\/wp\/v2\/types\/post"}],"author":[{"embeddable":true,"href":"https:\/\/infoecos.com.ar\/index.php\/wp-json\/wp\/v2\/users\/2"}],"replies":[{"embeddable":true,"href":"https:\/\/infoecos.com.ar\/index.php\/wp-json\/wp\/v2\/comments?post=115478"}],"version-history":[{"count":1,"href":"https:\/\/infoecos.com.ar\/index.php\/wp-json\/wp\/v2\/posts\/115478\/revisions"}],"predecessor-version":[{"id":115484,"href":"https:\/\/infoecos.com.ar\/index.php\/wp-json\/wp\/v2\/posts\/115478\/revisions\/115484"}],"wp:featuredmedia":[{"embeddable":true,"href":"https:\/\/infoecos.com.ar\/index.php\/wp-json\/wp\/v2\/media\/115480"}],"wp:attachment":[{"href":"https:\/\/infoecos.com.ar\/index.php\/wp-json\/wp\/v2\/media?parent=115478"}],"wp:term":[{"taxonomy":"category","embeddable":true,"href":"https:\/\/infoecos.com.ar\/index.php\/wp-json\/wp\/v2\/categories?post=115478"},{"taxonomy":"post_tag","embeddable":true,"href":"https:\/\/infoecos.com.ar\/index.php\/wp-json\/wp\/v2\/tags?post=115478"}],"curies":[{"name":"wp","href":"https:\/\/api.w.org\/{rel}","templated":true}]}}