{"id":115567,"date":"2023-11-29T10:52:51","date_gmt":"2023-11-29T13:52:51","guid":{"rendered":"https:\/\/infoecos.com.ar\/?p=115567"},"modified":"2023-11-30T15:10:35","modified_gmt":"2023-11-30T18:10:35","slug":"lluvia-en-todo-el-territorio-bonaerense-y-en-la-pampa","status":"publish","type":"post","link":"https:\/\/infoecos.com.ar\/index.php\/lluvia-en-todo-el-territorio-bonaerense-y-en-la-pampa\/","title":{"rendered":"Lluvia en todo el territorio bonaerense y en La Pampa"},"content":{"rendered":"\n<p>Dato Trenque Lauquen.<\/p>\n\n\n\n<p><strong>Sensores clim\u00e1ticos municipaidad, hasta las 10.30 de la ma\u00f1ana.<\/strong><\/p>\n\n\n\n<figure class=\"wp-block-image aligncenter size-full\"><img loading=\"lazy\" decoding=\"async\" width=\"128\" height=\"206\" src=\"https:\/\/infoecos.com.ar\/wp-content\/uploads\/2023\/11\/image-132.png\" alt=\"\" class=\"wp-image-115571\"\/><\/figure>\n\n\n\n<figure class=\"wp-block-image size-full is-resized\"><img loading=\"lazy\" decoding=\"async\" src=\"https:\/\/infoecos.com.ar\/wp-content\/uploads\/2023\/11\/image-130.png\" alt=\"\" class=\"wp-image-115569\" width=\"682\" height=\"845\" srcset=\"https:\/\/infoecos.com.ar\/wp-content\/uploads\/2023\/11\/image-130.png 720w, https:\/\/infoecos.com.ar\/wp-content\/uploads\/2023\/11\/image-130-646x800.png 646w\" sizes=\"(max-width: 682px) 100vw, 682px\" \/><\/figure>\n\n\n\n<p><strong>Lluvias en provincia de La Pampa<\/strong><\/p>\n\n\n\n<p>De acuerdo a los datos recabados por la Direcci\u00f3n de Comunicaciones de la Polic\u00eda de La Pampa, entre las 9 horas de ayer y las 9 de este mi\u00e9rcoles, en el \u00e1mbito de la Unidad Regional I, se produjeron lluvias en <strong>Monte Nievas<\/strong>, 7 mm.; <strong>Rucanelo<\/strong>, 4; <strong>E. Castex<\/strong>, 10; <strong>Winifreda<\/strong>, 8; <strong>Conhelo<\/strong>, 6; <strong>Mauricio Mayer<\/strong>, 13; <strong>Loventuel<\/strong>, 13; <strong>Victorica<\/strong>, 12,5; <strong>Puesto Caminero Victorica<\/strong>, 12; <strong>Toay<\/strong>, 21; <strong>Santa Rosa<\/strong>, 25; <strong>Anguil<\/strong>, 6; <strong>Catril\u00f3<\/strong>, 2; <strong>Lonquimay<\/strong>, 1; <strong>Uriburu,<\/strong> 5; <strong>La Gloria<\/strong>, 1; <strong>P. C. Catril\u00f3<\/strong>, 2; <strong>Cereales<\/strong>, 5; <strong>Rolon<\/strong>, 19; <strong>Miguel Riglos<\/strong>, 5; <strong>P. C. Rolon<\/strong>, 15; <strong>Anchorena<\/strong>, 13; <strong>Macachin<\/strong>, 29; <strong>P. C. Anchorena<\/strong>, 6; <strong>Doblas<\/strong>, 53.<\/p>\n\n\n\n<p>En tanto, los registros m\u00e1s importantes se produjeron en la zona de la Unidad Regional II: <strong>Chamaico<\/strong>, 40; <strong>P. Huinca<\/strong>, 21; <strong>La Maruja<\/strong>, 5; <strong>Quetrequen<\/strong>, 33; <strong>Ingeniero Foster<\/strong>, 1,5; <strong>P. C. Ing. Foster<\/strong>, 1,5; <strong>Caleufu<\/strong>, 21; <strong>Maisonave<\/strong>, 64; <strong>Alta Italia<\/strong>, 45; <strong>Embajador Martini<\/strong>, 80; <strong>Adolfo Van Praet<\/strong>, 25; <strong>Ingeniero Luiggi,<\/strong> 18; <strong>Falucho<\/strong>, 70; <strong>P. C. Realico<\/strong>, 45; Ojeda, 27; <strong>Hilario Lagos<\/strong>, 32; <strong>Ceballos<\/strong>, 30; <strong>V\u00e9rtiz<\/strong>, 32; <strong>P. C. Fort\u00edn Pampa, 50; Intendente Alvear<\/strong>, 97; <strong>Arata<\/strong>, 30; <strong>Trenel<\/strong>, 1; <strong>Metileo<\/strong>, 14; <strong>Speluzzi<\/strong>, 20; <strong>Gral. Pico<\/strong>, 12; <strong>Trebolares<\/strong>, 36; <strong>Agustoni<\/strong>, 15; <strong>Dorila<\/strong>, 12,5; <strong>Miguel Cane<\/strong>, 13; <strong>Quem\u00fa Quem\u00fa<\/strong>, 20.&nbsp;<\/p>\n\n\n\n<p>Finalmente, en la UR III llovi\u00f3 en <strong>Gral. Acha<\/strong>, 1 mm.; <strong>P. C. Padre Buodo<\/strong>, 16; y <strong>Gral. Campos<\/strong>, 18.&nbsp;<\/p>\n\n\n\n<figure class=\"wp-block-image size-full\"><img loading=\"lazy\" decoding=\"async\" width=\"720\" height=\"877\" src=\"https:\/\/infoecos.com.ar\/wp-content\/uploads\/2023\/11\/image-131.png\" alt=\"\" class=\"wp-image-115570\" srcset=\"https:\/\/infoecos.com.ar\/wp-content\/uploads\/2023\/11\/image-131.png 720w, https:\/\/infoecos.com.ar\/wp-content\/uploads\/2023\/11\/image-131-657x800.png 657w\" sizes=\"(max-width: 720px) 100vw, 720px\" \/><\/figure>\n\n\n\n<figure class=\"wp-block-image size-full is-resized\"><img loading=\"lazy\" decoding=\"async\" src=\"https:\/\/infoecos.com.ar\/wp-content\/uploads\/2023\/11\/image-129.png\" alt=\"\" class=\"wp-image-115568\" width=\"716\" height=\"624\" srcset=\"https:\/\/infoecos.com.ar\/wp-content\/uploads\/2023\/11\/image-129.png 888w, https:\/\/infoecos.com.ar\/wp-content\/uploads\/2023\/11\/image-129-800x697.png 800w, https:\/\/infoecos.com.ar\/wp-content\/uploads\/2023\/11\/image-129-768x669.png 768w\" sizes=\"(max-width: 716px) 100vw, 716px\" \/><\/figure>\n\n\n\n<p><strong>Salaza<\/strong>r 56 mm. <br>Establecimiento San Jos\u00e9, <strong>Mones Caz\u00f3n<\/strong>, 22mm<br><strong>Pehuaj\u00f3<\/strong>, 16 mm<br><strong>Pehuaj\u00f3<\/strong>, zona Barrio Fonavi, 15 mm<br><strong>Corazzi<\/strong>, 30 mm<br>El Cautivo, <strong>Salazar<\/strong>, 46 mm<br>Entre <strong>Salazar<\/strong> y <strong>Girodias<\/strong>, 32 mm<br>Las Currucas, <strong>entre 30 de Agosto<\/strong> y <strong>Girodias<\/strong>, 30 mm <br>AXION Ruta N 5, 15 mm, <strong>Pehuaj\u00f3<\/strong><br>La F\u00e1brica, <strong>Salazar<\/strong>, 40 mm<br>San Jorge 50 mm, <strong>Mones Caz\u00f3n<\/strong><br>La Lomita 36 mm, <strong>Primera Junta<\/strong> <br>Siempre Amigos, 20 mm, <strong>La Carreta<\/strong><br>El Campamento, <strong>La Carreta<\/strong>, 30 mm<br><strong>Henderson<\/strong>, 37 mm<br>24mm La Nena, <strong>Magdala<\/strong><br>Santa Ines, <strong>Salazar<\/strong>, 50 mm<br>San Antonio 40 mm. <strong>Paraje Las Marias<\/strong>.<\/p>\n\n\n\n<p><strong>Aporte inestimbale de Kevin Castells<\/strong><\/p>\n","protected":false},"excerpt":{"rendered":"<p>En Trenque Lauquen, el registro de los Sensores Clim\u00e1ticos indica 18.25 mm<\/p>\n","protected":false},"author":2,"featured_media":115508,"comment_status":"closed","ping_status":"open","sticky":false,"template":"","format":"standard","meta":{"footnotes":""},"categories":[1335],"tags":[9617],"class_list":["post-115567","post","type-post","status-publish","format-standard","has-post-thumbnail","hentry","category-inferior15","tag-datos-hasta-las-10-00-horas"],"yoast_head":"<!-- This site is optimized with the Yoast SEO plugin v23.4 - https:\/\/yoast.com\/wordpress\/plugins\/seo\/ -->\n<title>Lluvia en todo el territorio bonaerense y en La Pampa - Infoecos<\/title>\n<meta name=\"robots\" content=\"index, follow, max-snippet:-1, max-image-preview:large, max-video-preview:-1\" \/>\n<link rel=\"canonical\" href=\"https:\/\/infoecos.com.ar\/index.php\/lluvia-en-todo-el-territorio-bonaerense-y-en-la-pampa\/\" \/>\n<meta property=\"og:locale\" content=\"es_ES\" \/>\n<meta property=\"og:type\" content=\"article\" \/>\n<meta property=\"og:title\" content=\"Lluvia en todo el territorio bonaerense y en La Pampa - Infoecos\" \/>\n<meta property=\"og:description\" content=\"En Trenque Lauquen, el registro de los Sensores Clim\u00e1ticos indica 18.25 mm\" \/>\n<meta property=\"og:url\" content=\"https:\/\/infoecos.com.ar\/index.php\/lluvia-en-todo-el-territorio-bonaerense-y-en-la-pampa\/\" \/>\n<meta property=\"og:site_name\" content=\"Infoecos\" \/>\n<meta property=\"article:publisher\" content=\"https:\/\/www.facebook.com\/profile.php?id=100063200290284\" \/>\n<meta property=\"article:published_time\" content=\"2023-11-29T13:52:51+00:00\" \/>\n<meta property=\"article:modified_time\" content=\"2023-11-30T18:10:35+00:00\" \/>\n<meta property=\"og:image\" content=\"https:\/\/infoecos.com.ar\/wp-content\/uploads\/2023\/11\/image-127.png\" \/>\n\t<meta property=\"og:image:width\" content=\"1024\" \/>\n\t<meta property=\"og:image:height\" content=\"680\" \/>\n\t<meta property=\"og:image:type\" content=\"image\/png\" \/>\n<meta name=\"author\" content=\"Jorge Matheus\" \/>\n<meta name=\"twitter:card\" content=\"summary_large_image\" \/>\n<meta name=\"twitter:creator\" content=\"@infoecos\" \/>\n<meta name=\"twitter:site\" content=\"@infoecos\" \/>\n<meta name=\"twitter:label1\" content=\"Escrito por\" \/>\n\t<meta name=\"twitter:data1\" content=\"Jorge Matheus\" \/>\n\t<meta name=\"twitter:label2\" content=\"Tiempo de lectura\" \/>\n\t<meta name=\"twitter:data2\" content=\"3 minutos\" \/>\n<script type=\"application\/ld+json\" class=\"yoast-schema-graph\">{\"@context\":\"https:\/\/schema.org\",\"@graph\":[{\"@type\":\"Article\",\"@id\":\"https:\/\/infoecos.com.ar\/index.php\/lluvia-en-todo-el-territorio-bonaerense-y-en-la-pampa\/#article\",\"isPartOf\":{\"@id\":\"https:\/\/infoecos.com.ar\/index.php\/lluvia-en-todo-el-territorio-bonaerense-y-en-la-pampa\/\"},\"author\":{\"name\":\"Jorge Matheus\",\"@id\":\"https:\/\/infoecos.com.ar\/#\/schema\/person\/8f5ace5ce73b4b4aac4b7245aee6f191\"},\"headline\":\"Lluvia en todo el territorio bonaerense y en La Pampa\",\"datePublished\":\"2023-11-29T13:52:51+00:00\",\"dateModified\":\"2023-11-30T18:10:35+00:00\",\"mainEntityOfPage\":{\"@id\":\"https:\/\/infoecos.com.ar\/index.php\/lluvia-en-todo-el-territorio-bonaerense-y-en-la-pampa\/\"},\"wordCount\":282,\"publisher\":{\"@id\":\"https:\/\/infoecos.com.ar\/#organization\"},\"image\":{\"@id\":\"https:\/\/infoecos.com.ar\/index.php\/lluvia-en-todo-el-territorio-bonaerense-y-en-la-pampa\/#primaryimage\"},\"thumbnailUrl\":\"https:\/\/infoecos.com.ar\/wp-content\/uploads\/2023\/11\/image-127.png\",\"keywords\":[\"datos hasta las 10.00 horas\"],\"articleSection\":[\"Bloque inferior - 15\"],\"inLanguage\":\"es\"},{\"@type\":\"WebPage\",\"@id\":\"https:\/\/infoecos.com.ar\/index.php\/lluvia-en-todo-el-territorio-bonaerense-y-en-la-pampa\/\",\"url\":\"https:\/\/infoecos.com.ar\/index.php\/lluvia-en-todo-el-territorio-bonaerense-y-en-la-pampa\/\",\"name\":\"Lluvia en todo el territorio bonaerense y en La Pampa - Infoecos\",\"isPartOf\":{\"@id\":\"https:\/\/infoecos.com.ar\/#website\"},\"primaryImageOfPage\":{\"@id\":\"https:\/\/infoecos.com.ar\/index.php\/lluvia-en-todo-el-territorio-bonaerense-y-en-la-pampa\/#primaryimage\"},\"image\":{\"@id\":\"https:\/\/infoecos.com.ar\/index.php\/lluvia-en-todo-el-territorio-bonaerense-y-en-la-pampa\/#primaryimage\"},\"thumbnailUrl\":\"https:\/\/infoecos.com.ar\/wp-content\/uploads\/2023\/11\/image-127.png\",\"datePublished\":\"2023-11-29T13:52:51+00:00\",\"dateModified\":\"2023-11-30T18:10:35+00:00\",\"breadcrumb\":{\"@id\":\"https:\/\/infoecos.com.ar\/index.php\/lluvia-en-todo-el-territorio-bonaerense-y-en-la-pampa\/#breadcrumb\"},\"inLanguage\":\"es\",\"potentialAction\":[{\"@type\":\"ReadAction\",\"target\":[\"https:\/\/infoecos.com.ar\/index.php\/lluvia-en-todo-el-territorio-bonaerense-y-en-la-pampa\/\"]}]},{\"@type\":\"ImageObject\",\"inLanguage\":\"es\",\"@id\":\"https:\/\/infoecos.com.ar\/index.php\/lluvia-en-todo-el-territorio-bonaerense-y-en-la-pampa\/#primaryimage\",\"url\":\"https:\/\/infoecos.com.ar\/wp-content\/uploads\/2023\/11\/image-127.png\",\"contentUrl\":\"https:\/\/infoecos.com.ar\/wp-content\/uploads\/2023\/11\/image-127.png\",\"width\":1024,\"height\":680},{\"@type\":\"BreadcrumbList\",\"@id\":\"https:\/\/infoecos.com.ar\/index.php\/lluvia-en-todo-el-territorio-bonaerense-y-en-la-pampa\/#breadcrumb\",\"itemListElement\":[{\"@type\":\"ListItem\",\"position\":1,\"name\":\"Portada\",\"item\":\"https:\/\/infoecos.com.ar\/\"},{\"@type\":\"ListItem\",\"position\":2,\"name\":\"Lluvia en todo el territorio bonaerense y en La Pampa\"}]},{\"@type\":\"WebSite\",\"@id\":\"https:\/\/infoecos.com.ar\/#website\",\"url\":\"https:\/\/infoecos.com.ar\/\",\"name\":\"Infoecos\",\"description\":\"Noticias de trenque lauquen y la zona\",\"publisher\":{\"@id\":\"https:\/\/infoecos.com.ar\/#organization\"},\"alternateName\":\"Noticias\",\"potentialAction\":[{\"@type\":\"SearchAction\",\"target\":{\"@type\":\"EntryPoint\",\"urlTemplate\":\"https:\/\/infoecos.com.ar\/?s={search_term_string}\"},\"query-input\":{\"@type\":\"PropertyValueSpecification\",\"valueRequired\":true,\"valueName\":\"search_term_string\"}}],\"inLanguage\":\"es\"},{\"@type\":\"Organization\",\"@id\":\"https:\/\/infoecos.com.ar\/#organization\",\"name\":\"Infoecos\",\"alternateName\":\"Noticias\",\"url\":\"https:\/\/infoecos.com.ar\/\",\"logo\":{\"@type\":\"ImageObject\",\"inLanguage\":\"es\",\"@id\":\"https:\/\/infoecos.com.ar\/#\/schema\/logo\/image\/\",\"url\":\"https:\/\/infoecos.com.ar\/wp-content\/uploads\/2024\/03\/cropped-logo.png\",\"contentUrl\":\"https:\/\/infoecos.com.ar\/wp-content\/uploads\/2024\/03\/cropped-logo.png\",\"width\":374,\"height\":90,\"caption\":\"Infoecos\"},\"image\":{\"@id\":\"https:\/\/infoecos.com.ar\/#\/schema\/logo\/image\/\"},\"sameAs\":[\"https:\/\/www.facebook.com\/profile.php?id=100063200290284\",\"https:\/\/x.com\/infoecos\"]},{\"@type\":\"Person\",\"@id\":\"https:\/\/infoecos.com.ar\/#\/schema\/person\/8f5ace5ce73b4b4aac4b7245aee6f191\",\"name\":\"Jorge Matheus\",\"url\":\"https:\/\/infoecos.com.ar\/index.php\/author\/jomatheus\/\"}]}<\/script>\n<!-- \/ Yoast SEO plugin. -->","yoast_head_json":{"title":"Lluvia en todo el territorio bonaerense y en La Pampa - Infoecos","robots":{"index":"index","follow":"follow","max-snippet":"max-snippet:-1","max-image-preview":"max-image-preview:large","max-video-preview":"max-video-preview:-1"},"canonical":"https:\/\/infoecos.com.ar\/index.php\/lluvia-en-todo-el-territorio-bonaerense-y-en-la-pampa\/","og_locale":"es_ES","og_type":"article","og_title":"Lluvia en todo el territorio bonaerense y en La Pampa - Infoecos","og_description":"En Trenque Lauquen, el registro de los Sensores Clim\u00e1ticos indica 18.25 mm","og_url":"https:\/\/infoecos.com.ar\/index.php\/lluvia-en-todo-el-territorio-bonaerense-y-en-la-pampa\/","og_site_name":"Infoecos","article_publisher":"https:\/\/www.facebook.com\/profile.php?id=100063200290284","article_published_time":"2023-11-29T13:52:51+00:00","article_modified_time":"2023-11-30T18:10:35+00:00","og_image":[{"width":1024,"height":680,"url":"https:\/\/infoecos.com.ar\/wp-content\/uploads\/2023\/11\/image-127.png","type":"image\/png"}],"author":"Jorge Matheus","twitter_card":"summary_large_image","twitter_creator":"@infoecos","twitter_site":"@infoecos","twitter_misc":{"Escrito por":"Jorge Matheus","Tiempo de lectura":"3 minutos"},"schema":{"@context":"https:\/\/schema.org","@graph":[{"@type":"Article","@id":"https:\/\/infoecos.com.ar\/index.php\/lluvia-en-todo-el-territorio-bonaerense-y-en-la-pampa\/#article","isPartOf":{"@id":"https:\/\/infoecos.com.ar\/index.php\/lluvia-en-todo-el-territorio-bonaerense-y-en-la-pampa\/"},"author":{"name":"Jorge Matheus","@id":"https:\/\/infoecos.com.ar\/#\/schema\/person\/8f5ace5ce73b4b4aac4b7245aee6f191"},"headline":"Lluvia en todo el territorio bonaerense y en La Pampa","datePublished":"2023-11-29T13:52:51+00:00","dateModified":"2023-11-30T18:10:35+00:00","mainEntityOfPage":{"@id":"https:\/\/infoecos.com.ar\/index.php\/lluvia-en-todo-el-territorio-bonaerense-y-en-la-pampa\/"},"wordCount":282,"publisher":{"@id":"https:\/\/infoecos.com.ar\/#organization"},"image":{"@id":"https:\/\/infoecos.com.ar\/index.php\/lluvia-en-todo-el-territorio-bonaerense-y-en-la-pampa\/#primaryimage"},"thumbnailUrl":"https:\/\/infoecos.com.ar\/wp-content\/uploads\/2023\/11\/image-127.png","keywords":["datos hasta las 10.00 horas"],"articleSection":["Bloque inferior - 15"],"inLanguage":"es"},{"@type":"WebPage","@id":"https:\/\/infoecos.com.ar\/index.php\/lluvia-en-todo-el-territorio-bonaerense-y-en-la-pampa\/","url":"https:\/\/infoecos.com.ar\/index.php\/lluvia-en-todo-el-territorio-bonaerense-y-en-la-pampa\/","name":"Lluvia en todo el territorio bonaerense y en La Pampa - Infoecos","isPartOf":{"@id":"https:\/\/infoecos.com.ar\/#website"},"primaryImageOfPage":{"@id":"https:\/\/infoecos.com.ar\/index.php\/lluvia-en-todo-el-territorio-bonaerense-y-en-la-pampa\/#primaryimage"},"image":{"@id":"https:\/\/infoecos.com.ar\/index.php\/lluvia-en-todo-el-territorio-bonaerense-y-en-la-pampa\/#primaryimage"},"thumbnailUrl":"https:\/\/infoecos.com.ar\/wp-content\/uploads\/2023\/11\/image-127.png","datePublished":"2023-11-29T13:52:51+00:00","dateModified":"2023-11-30T18:10:35+00:00","breadcrumb":{"@id":"https:\/\/infoecos.com.ar\/index.php\/lluvia-en-todo-el-territorio-bonaerense-y-en-la-pampa\/#breadcrumb"},"inLanguage":"es","potentialAction":[{"@type":"ReadAction","target":["https:\/\/infoecos.com.ar\/index.php\/lluvia-en-todo-el-territorio-bonaerense-y-en-la-pampa\/"]}]},{"@type":"ImageObject","inLanguage":"es","@id":"https:\/\/infoecos.com.ar\/index.php\/lluvia-en-todo-el-territorio-bonaerense-y-en-la-pampa\/#primaryimage","url":"https:\/\/infoecos.com.ar\/wp-content\/uploads\/2023\/11\/image-127.png","contentUrl":"https:\/\/infoecos.com.ar\/wp-content\/uploads\/2023\/11\/image-127.png","width":1024,"height":680},{"@type":"BreadcrumbList","@id":"https:\/\/infoecos.com.ar\/index.php\/lluvia-en-todo-el-territorio-bonaerense-y-en-la-pampa\/#breadcrumb","itemListElement":[{"@type":"ListItem","position":1,"name":"Portada","item":"https:\/\/infoecos.com.ar\/"},{"@type":"ListItem","position":2,"name":"Lluvia en todo el territorio bonaerense y en La Pampa"}]},{"@type":"WebSite","@id":"https:\/\/infoecos.com.ar\/#website","url":"https:\/\/infoecos.com.ar\/","name":"Infoecos","description":"Noticias de trenque lauquen y la zona","publisher":{"@id":"https:\/\/infoecos.com.ar\/#organization"},"alternateName":"Noticias","potentialAction":[{"@type":"SearchAction","target":{"@type":"EntryPoint","urlTemplate":"https:\/\/infoecos.com.ar\/?s={search_term_string}"},"query-input":{"@type":"PropertyValueSpecification","valueRequired":true,"valueName":"search_term_string"}}],"inLanguage":"es"},{"@type":"Organization","@id":"https:\/\/infoecos.com.ar\/#organization","name":"Infoecos","alternateName":"Noticias","url":"https:\/\/infoecos.com.ar\/","logo":{"@type":"ImageObject","inLanguage":"es","@id":"https:\/\/infoecos.com.ar\/#\/schema\/logo\/image\/","url":"https:\/\/infoecos.com.ar\/wp-content\/uploads\/2024\/03\/cropped-logo.png","contentUrl":"https:\/\/infoecos.com.ar\/wp-content\/uploads\/2024\/03\/cropped-logo.png","width":374,"height":90,"caption":"Infoecos"},"image":{"@id":"https:\/\/infoecos.com.ar\/#\/schema\/logo\/image\/"},"sameAs":["https:\/\/www.facebook.com\/profile.php?id=100063200290284","https:\/\/x.com\/infoecos"]},{"@type":"Person","@id":"https:\/\/infoecos.com.ar\/#\/schema\/person\/8f5ace5ce73b4b4aac4b7245aee6f191","name":"Jorge Matheus","url":"https:\/\/infoecos.com.ar\/index.php\/author\/jomatheus\/"}]}},"featured_image_urls":{"full":["https:\/\/infoecos.com.ar\/wp-content\/uploads\/2023\/11\/image-127.png",1024,680,false],"thumbnail":["https:\/\/infoecos.com.ar\/wp-content\/uploads\/2023\/11\/image-127-300x150.png",300,150,true],"medium":["https:\/\/infoecos.com.ar\/wp-content\/uploads\/2023\/11\/image-127-800x531.png",800,531,true],"medium_large":["https:\/\/infoecos.com.ar\/wp-content\/uploads\/2023\/11\/image-127-768x510.png",640,425,true],"large":["https:\/\/infoecos.com.ar\/wp-content\/uploads\/2023\/11\/image-127.png",640,425,false],"1536x1536":["https:\/\/infoecos.com.ar\/wp-content\/uploads\/2023\/11\/image-127.png",1024,680,false],"2048x2048":["https:\/\/infoecos.com.ar\/wp-content\/uploads\/2023\/11\/image-127.png",1024,680,false],"covernews-slider-full":["https:\/\/infoecos.com.ar\/wp-content\/uploads\/2023\/11\/image-127.png",1024,680,false],"covernews-slider-center":["https:\/\/infoecos.com.ar\/wp-content\/uploads\/2023\/11\/image-127-936x680.png",688,500,true],"covernews-featured":["https:\/\/infoecos.com.ar\/wp-content\/uploads\/2023\/11\/image-127.png",1024,680,false],"covernews-medium":["https:\/\/infoecos.com.ar\/wp-content\/uploads\/2023\/11\/image-127-720x380.png",540,285,true],"covernews-medium-square":["https:\/\/infoecos.com.ar\/wp-content\/uploads\/2023\/11\/image-127-675x450.png",375,250,true]},"author_info":{"info":["Jorge Matheus"]},"category_info":"<a href=\"https:\/\/infoecos.com.ar\/index.php\/category\/inferior15\/\" rel=\"category tag\">Bloque inferior - 15<\/a>","tag_info":"Bloque inferior - 15","comment_count":"0","_links":{"self":[{"href":"https:\/\/infoecos.com.ar\/index.php\/wp-json\/wp\/v2\/posts\/115567"}],"collection":[{"href":"https:\/\/infoecos.com.ar\/index.php\/wp-json\/wp\/v2\/posts"}],"about":[{"href":"https:\/\/infoecos.com.ar\/index.php\/wp-json\/wp\/v2\/types\/post"}],"author":[{"embeddable":true,"href":"https:\/\/infoecos.com.ar\/index.php\/wp-json\/wp\/v2\/users\/2"}],"replies":[{"embeddable":true,"href":"https:\/\/infoecos.com.ar\/index.php\/wp-json\/wp\/v2\/comments?post=115567"}],"version-history":[{"count":2,"href":"https:\/\/infoecos.com.ar\/index.php\/wp-json\/wp\/v2\/posts\/115567\/revisions"}],"predecessor-version":[{"id":115577,"href":"https:\/\/infoecos.com.ar\/index.php\/wp-json\/wp\/v2\/posts\/115567\/revisions\/115577"}],"wp:featuredmedia":[{"embeddable":true,"href":"https:\/\/infoecos.com.ar\/index.php\/wp-json\/wp\/v2\/media\/115508"}],"wp:attachment":[{"href":"https:\/\/infoecos.com.ar\/index.php\/wp-json\/wp\/v2\/media?parent=115567"}],"wp:term":[{"taxonomy":"category","embeddable":true,"href":"https:\/\/infoecos.com.ar\/index.php\/wp-json\/wp\/v2\/categories?post=115567"},{"taxonomy":"post_tag","embeddable":true,"href":"https:\/\/infoecos.com.ar\/index.php\/wp-json\/wp\/v2\/tags?post=115567"}],"curies":[{"name":"wp","href":"https:\/\/api.w.org\/{rel}","templated":true}]}}