{"id":115705,"date":"2023-12-01T18:39:04","date_gmt":"2023-12-01T21:39:04","guid":{"rendered":"https:\/\/infoecos.com.ar\/?p=115705"},"modified":"2023-12-03T12:44:30","modified_gmt":"2023-12-03T15:44:30","slug":"segun-el-diario-pagina-12-miguel-fernandez-es-un-caudillo-del-radicalismo-bonaerense","status":"publish","type":"post","link":"https:\/\/infoecos.com.ar\/index.php\/segun-el-diario-pagina-12-miguel-fernandez-es-un-caudillo-del-radicalismo-bonaerense\/","title":{"rendered":"Seg\u00fan el diario \u00abP\u00e1gina 12\u00bb, Miguel Fern\u00e1ndez es un caudillo del radicalismo bonaerense"},"content":{"rendered":"\n<figure class=\"wp-block-image alignright size-full\"><img loading=\"lazy\" decoding=\"async\" width=\"295\" height=\"327\" src=\"https:\/\/infoecos.com.ar\/wp-content\/uploads\/2023\/09\/miguelfernandezactolunes.jpg\" alt=\"\" class=\"wp-image-111446\"\/><\/figure>\n\n\n\n<p>En un art\u00edculo publicado en el diario P\u00e1gina 12, luego de la reuni\u00f3n que los intendentes radicales de la provincia de Buenos Aires mantuvieron ayer en la Ciudad Aut\u00f3noma de Buenos Aires, Miguel Fern\u00e1ndez, es considerado un caudillo, al tomarle declaraciones sobre lo que se viene en el \u00e1mbito nacional y provincial.<\/p>\n\n\n\n<p>La nota firmada por el periodista Andr\u00e9s Miguel se\u00f1ala que el mandatario comunal de Trenque Lauquen se\u00f1al\u00f3 que \u201cel escenario que se viene es totalmente desconocido para la mayor\u00eda. Es un momento para hablar poco, escuchar mucho, estar atentos y tener cintura\u201d. ,<\/p>\n\n\n\n<p>Fern\u00e1ndez, intendente de Trenque Lauquen hasta el 10 de diciembre junto al senador&nbsp;oriundo de Chacabuco&nbsp;Agust\u00edn M\u00e1spoli, dieron una conferencia de prensa a la salida del encuentro entre intendentes vigentes y electos, as\u00ed como de legisladores en las mismas condiciones. <\/p>\n\n\n\n<p>Los intendentes y legisladores radicales, tal como lo hab\u00eda anticipado en Las Radios de Trenque Lauquen el intendente electo Francisco Recoulat, decidieron encontrarse para trazar una hoja de ruta de cara al inicio del gobierno de Milei. <\/p>\n\n\n\n<p>Maximiliano Suesc\u00fan, intendente de Rauch y reemplazante provisorio de Fern\u00e1ndez al frente del Foro de Intendentes Radicales, habl\u00f3 con&nbsp;<strong>Buenos Aires\/12<\/strong>&nbsp;sobre el encuentro y aval\u00f3 la postura de su correligionario respecto a la incertidumbre del futuro cercano. \u201cEl nuevo Gobierno Nacional es un proyecto votado por la mayor\u00eda\u00bb, dijo. \u00abAhora, si la gente est\u00e1 dispuesta a soportar los efectos de las medidas que se vienen diciendo como una devaluaci\u00f3n o una fuerte alza de precios, ya lo veremos\u201d, conjetur\u00f3.&nbsp;<\/p>\n\n\n\n<p>\u201cNadie puede decir que Milei no advirti\u00f3 lo que iba a hacer\u201d, remarc\u00f3 Suesc\u00fan. M\u00e1s all\u00e1 de esta lectura, consider\u00f3 que Milei fue electo en un proceso democr\u00e1tico y \u201chabr\u00e1 que aprender a respetar lo que se eligi\u00f3\u201d. Si tiene clara la situaci\u00f3n que le puede tocar afrontar como intendente en materia de reclamos: \u201cComo cara visible del Estado, nos preocupa\u201d.<\/p>\n","protected":false},"excerpt":{"rendered":"<p>Fern\u00e1ndez, intendente de Trenque Lauquen hasta el 10 de diciembre junto al senador\u00a0oriundo de Chacabuco\u00a0Agust\u00edn M\u00e1spoli, dieron una conferencia de prensa a la salida del encuentro entre intendentes vigentes y electos, as\u00ed como de legisladores en las mismas condiciones<\/p>\n","protected":false},"author":2,"featured_media":77724,"comment_status":"closed","ping_status":"open","sticky":false,"template":"","format":"standard","meta":{"footnotes":""},"categories":[49],"tags":[3637],"class_list":["post-115705","post","type-post","status-publish","format-standard","has-post-thumbnail","hentry","category-c3nota3","tag-declaraciones-del-intendente"],"yoast_head":"<!-- This site is optimized with the Yoast SEO plugin v23.4 - https:\/\/yoast.com\/wordpress\/plugins\/seo\/ -->\n<title>Seg\u00fan el diario &quot;P\u00e1gina 12&quot;, Miguel Fern\u00e1ndez es un caudillo del radicalismo bonaerense - Infoecos<\/title>\n<meta name=\"robots\" content=\"index, follow, max-snippet:-1, max-image-preview:large, max-video-preview:-1\" \/>\n<link rel=\"canonical\" href=\"https:\/\/infoecos.com.ar\/index.php\/segun-el-diario-pagina-12-miguel-fernandez-es-un-caudillo-del-radicalismo-bonaerense\/\" \/>\n<meta property=\"og:locale\" content=\"es_ES\" \/>\n<meta property=\"og:type\" content=\"article\" \/>\n<meta property=\"og:title\" content=\"Seg\u00fan el diario &quot;P\u00e1gina 12&quot;, Miguel Fern\u00e1ndez es un caudillo del radicalismo bonaerense - Infoecos\" \/>\n<meta property=\"og:description\" content=\"Fern\u00e1ndez, intendente de Trenque Lauquen hasta el 10 de diciembre junto al senador\u00a0oriundo de Chacabuco\u00a0Agust\u00edn M\u00e1spoli, dieron una conferencia de prensa a la salida del encuentro entre intendentes vigentes y electos, as\u00ed como de legisladores en las mismas condiciones\" \/>\n<meta property=\"og:url\" content=\"https:\/\/infoecos.com.ar\/index.php\/segun-el-diario-pagina-12-miguel-fernandez-es-un-caudillo-del-radicalismo-bonaerense\/\" \/>\n<meta property=\"og:site_name\" content=\"Infoecos\" \/>\n<meta property=\"article:publisher\" content=\"https:\/\/www.facebook.com\/profile.php?id=100063200290284\" \/>\n<meta property=\"article:published_time\" content=\"2023-12-01T21:39:04+00:00\" \/>\n<meta property=\"article:modified_time\" content=\"2023-12-03T15:44:30+00:00\" \/>\n<meta property=\"og:image\" content=\"https:\/\/infoecos.com.ar\/wp-content\/uploads\/2021\/05\/Miguel-Fernandez-1.jpg\" \/>\n\t<meta property=\"og:image:width\" content=\"688\" \/>\n\t<meta property=\"og:image:height\" content=\"387\" \/>\n\t<meta property=\"og:image:type\" content=\"image\/jpeg\" \/>\n<meta name=\"author\" content=\"Jorge Matheus\" \/>\n<meta name=\"twitter:card\" content=\"summary_large_image\" \/>\n<meta name=\"twitter:creator\" content=\"@infoecos\" \/>\n<meta name=\"twitter:site\" content=\"@infoecos\" \/>\n<meta name=\"twitter:label1\" content=\"Escrito por\" \/>\n\t<meta name=\"twitter:data1\" content=\"Jorge Matheus\" \/>\n\t<meta name=\"twitter:label2\" content=\"Tiempo de lectura\" \/>\n\t<meta name=\"twitter:data2\" content=\"2 minutos\" \/>\n<script type=\"application\/ld+json\" class=\"yoast-schema-graph\">{\"@context\":\"https:\/\/schema.org\",\"@graph\":[{\"@type\":\"Article\",\"@id\":\"https:\/\/infoecos.com.ar\/index.php\/segun-el-diario-pagina-12-miguel-fernandez-es-un-caudillo-del-radicalismo-bonaerense\/#article\",\"isPartOf\":{\"@id\":\"https:\/\/infoecos.com.ar\/index.php\/segun-el-diario-pagina-12-miguel-fernandez-es-un-caudillo-del-radicalismo-bonaerense\/\"},\"author\":{\"name\":\"Jorge Matheus\",\"@id\":\"https:\/\/infoecos.com.ar\/#\/schema\/person\/8f5ace5ce73b4b4aac4b7245aee6f191\"},\"headline\":\"Seg\u00fan el diario \u00abP\u00e1gina 12\u00bb, Miguel Fern\u00e1ndez es un caudillo del radicalismo bonaerense\",\"datePublished\":\"2023-12-01T21:39:04+00:00\",\"dateModified\":\"2023-12-03T15:44:30+00:00\",\"mainEntityOfPage\":{\"@id\":\"https:\/\/infoecos.com.ar\/index.php\/segun-el-diario-pagina-12-miguel-fernandez-es-un-caudillo-del-radicalismo-bonaerense\/\"},\"wordCount\":352,\"publisher\":{\"@id\":\"https:\/\/infoecos.com.ar\/#organization\"},\"image\":{\"@id\":\"https:\/\/infoecos.com.ar\/index.php\/segun-el-diario-pagina-12-miguel-fernandez-es-un-caudillo-del-radicalismo-bonaerense\/#primaryimage\"},\"thumbnailUrl\":\"https:\/\/infoecos.com.ar\/wp-content\/uploads\/2021\/05\/Miguel-Fernandez-1.jpg\",\"keywords\":[\"DECLARACIONES DEL INTENDENTE\"],\"articleSection\":[\"C3 N3\"],\"inLanguage\":\"es\"},{\"@type\":\"WebPage\",\"@id\":\"https:\/\/infoecos.com.ar\/index.php\/segun-el-diario-pagina-12-miguel-fernandez-es-un-caudillo-del-radicalismo-bonaerense\/\",\"url\":\"https:\/\/infoecos.com.ar\/index.php\/segun-el-diario-pagina-12-miguel-fernandez-es-un-caudillo-del-radicalismo-bonaerense\/\",\"name\":\"Seg\u00fan el diario \\\"P\u00e1gina 12\\\", Miguel Fern\u00e1ndez es un caudillo del radicalismo bonaerense - Infoecos\",\"isPartOf\":{\"@id\":\"https:\/\/infoecos.com.ar\/#website\"},\"primaryImageOfPage\":{\"@id\":\"https:\/\/infoecos.com.ar\/index.php\/segun-el-diario-pagina-12-miguel-fernandez-es-un-caudillo-del-radicalismo-bonaerense\/#primaryimage\"},\"image\":{\"@id\":\"https:\/\/infoecos.com.ar\/index.php\/segun-el-diario-pagina-12-miguel-fernandez-es-un-caudillo-del-radicalismo-bonaerense\/#primaryimage\"},\"thumbnailUrl\":\"https:\/\/infoecos.com.ar\/wp-content\/uploads\/2021\/05\/Miguel-Fernandez-1.jpg\",\"datePublished\":\"2023-12-01T21:39:04+00:00\",\"dateModified\":\"2023-12-03T15:44:30+00:00\",\"breadcrumb\":{\"@id\":\"https:\/\/infoecos.com.ar\/index.php\/segun-el-diario-pagina-12-miguel-fernandez-es-un-caudillo-del-radicalismo-bonaerense\/#breadcrumb\"},\"inLanguage\":\"es\",\"potentialAction\":[{\"@type\":\"ReadAction\",\"target\":[\"https:\/\/infoecos.com.ar\/index.php\/segun-el-diario-pagina-12-miguel-fernandez-es-un-caudillo-del-radicalismo-bonaerense\/\"]}]},{\"@type\":\"ImageObject\",\"inLanguage\":\"es\",\"@id\":\"https:\/\/infoecos.com.ar\/index.php\/segun-el-diario-pagina-12-miguel-fernandez-es-un-caudillo-del-radicalismo-bonaerense\/#primaryimage\",\"url\":\"https:\/\/infoecos.com.ar\/wp-content\/uploads\/2021\/05\/Miguel-Fernandez-1.jpg\",\"contentUrl\":\"https:\/\/infoecos.com.ar\/wp-content\/uploads\/2021\/05\/Miguel-Fernandez-1.jpg\",\"width\":688,\"height\":387},{\"@type\":\"BreadcrumbList\",\"@id\":\"https:\/\/infoecos.com.ar\/index.php\/segun-el-diario-pagina-12-miguel-fernandez-es-un-caudillo-del-radicalismo-bonaerense\/#breadcrumb\",\"itemListElement\":[{\"@type\":\"ListItem\",\"position\":1,\"name\":\"Portada\",\"item\":\"https:\/\/infoecos.com.ar\/\"},{\"@type\":\"ListItem\",\"position\":2,\"name\":\"Seg\u00fan el diario \u00abP\u00e1gina 12\u00bb, Miguel Fern\u00e1ndez es un caudillo del radicalismo bonaerense\"}]},{\"@type\":\"WebSite\",\"@id\":\"https:\/\/infoecos.com.ar\/#website\",\"url\":\"https:\/\/infoecos.com.ar\/\",\"name\":\"Infoecos\",\"description\":\"Noticias de trenque lauquen y la zona\",\"publisher\":{\"@id\":\"https:\/\/infoecos.com.ar\/#organization\"},\"alternateName\":\"Noticias\",\"potentialAction\":[{\"@type\":\"SearchAction\",\"target\":{\"@type\":\"EntryPoint\",\"urlTemplate\":\"https:\/\/infoecos.com.ar\/?s={search_term_string}\"},\"query-input\":{\"@type\":\"PropertyValueSpecification\",\"valueRequired\":true,\"valueName\":\"search_term_string\"}}],\"inLanguage\":\"es\"},{\"@type\":\"Organization\",\"@id\":\"https:\/\/infoecos.com.ar\/#organization\",\"name\":\"Infoecos\",\"alternateName\":\"Noticias\",\"url\":\"https:\/\/infoecos.com.ar\/\",\"logo\":{\"@type\":\"ImageObject\",\"inLanguage\":\"es\",\"@id\":\"https:\/\/infoecos.com.ar\/#\/schema\/logo\/image\/\",\"url\":\"https:\/\/infoecos.com.ar\/wp-content\/uploads\/2024\/03\/cropped-logo.png\",\"contentUrl\":\"https:\/\/infoecos.com.ar\/wp-content\/uploads\/2024\/03\/cropped-logo.png\",\"width\":374,\"height\":90,\"caption\":\"Infoecos\"},\"image\":{\"@id\":\"https:\/\/infoecos.com.ar\/#\/schema\/logo\/image\/\"},\"sameAs\":[\"https:\/\/www.facebook.com\/profile.php?id=100063200290284\",\"https:\/\/x.com\/infoecos\"]},{\"@type\":\"Person\",\"@id\":\"https:\/\/infoecos.com.ar\/#\/schema\/person\/8f5ace5ce73b4b4aac4b7245aee6f191\",\"name\":\"Jorge Matheus\",\"url\":\"https:\/\/infoecos.com.ar\/index.php\/author\/jomatheus\/\"}]}<\/script>\n<!-- \/ Yoast SEO plugin. -->","yoast_head_json":{"title":"Seg\u00fan el diario \"P\u00e1gina 12\", Miguel Fern\u00e1ndez es un caudillo del radicalismo bonaerense - Infoecos","robots":{"index":"index","follow":"follow","max-snippet":"max-snippet:-1","max-image-preview":"max-image-preview:large","max-video-preview":"max-video-preview:-1"},"canonical":"https:\/\/infoecos.com.ar\/index.php\/segun-el-diario-pagina-12-miguel-fernandez-es-un-caudillo-del-radicalismo-bonaerense\/","og_locale":"es_ES","og_type":"article","og_title":"Seg\u00fan el diario \"P\u00e1gina 12\", Miguel Fern\u00e1ndez es un caudillo del radicalismo bonaerense - Infoecos","og_description":"Fern\u00e1ndez, intendente de Trenque Lauquen hasta el 10 de diciembre junto al senador\u00a0oriundo de Chacabuco\u00a0Agust\u00edn M\u00e1spoli, dieron una conferencia de prensa a la salida del encuentro entre intendentes vigentes y electos, as\u00ed como de legisladores en las mismas condiciones","og_url":"https:\/\/infoecos.com.ar\/index.php\/segun-el-diario-pagina-12-miguel-fernandez-es-un-caudillo-del-radicalismo-bonaerense\/","og_site_name":"Infoecos","article_publisher":"https:\/\/www.facebook.com\/profile.php?id=100063200290284","article_published_time":"2023-12-01T21:39:04+00:00","article_modified_time":"2023-12-03T15:44:30+00:00","og_image":[{"width":688,"height":387,"url":"https:\/\/infoecos.com.ar\/wp-content\/uploads\/2021\/05\/Miguel-Fernandez-1.jpg","type":"image\/jpeg"}],"author":"Jorge Matheus","twitter_card":"summary_large_image","twitter_creator":"@infoecos","twitter_site":"@infoecos","twitter_misc":{"Escrito por":"Jorge Matheus","Tiempo de lectura":"2 minutos"},"schema":{"@context":"https:\/\/schema.org","@graph":[{"@type":"Article","@id":"https:\/\/infoecos.com.ar\/index.php\/segun-el-diario-pagina-12-miguel-fernandez-es-un-caudillo-del-radicalismo-bonaerense\/#article","isPartOf":{"@id":"https:\/\/infoecos.com.ar\/index.php\/segun-el-diario-pagina-12-miguel-fernandez-es-un-caudillo-del-radicalismo-bonaerense\/"},"author":{"name":"Jorge Matheus","@id":"https:\/\/infoecos.com.ar\/#\/schema\/person\/8f5ace5ce73b4b4aac4b7245aee6f191"},"headline":"Seg\u00fan el diario \u00abP\u00e1gina 12\u00bb, Miguel Fern\u00e1ndez es un caudillo del radicalismo bonaerense","datePublished":"2023-12-01T21:39:04+00:00","dateModified":"2023-12-03T15:44:30+00:00","mainEntityOfPage":{"@id":"https:\/\/infoecos.com.ar\/index.php\/segun-el-diario-pagina-12-miguel-fernandez-es-un-caudillo-del-radicalismo-bonaerense\/"},"wordCount":352,"publisher":{"@id":"https:\/\/infoecos.com.ar\/#organization"},"image":{"@id":"https:\/\/infoecos.com.ar\/index.php\/segun-el-diario-pagina-12-miguel-fernandez-es-un-caudillo-del-radicalismo-bonaerense\/#primaryimage"},"thumbnailUrl":"https:\/\/infoecos.com.ar\/wp-content\/uploads\/2021\/05\/Miguel-Fernandez-1.jpg","keywords":["DECLARACIONES DEL INTENDENTE"],"articleSection":["C3 N3"],"inLanguage":"es"},{"@type":"WebPage","@id":"https:\/\/infoecos.com.ar\/index.php\/segun-el-diario-pagina-12-miguel-fernandez-es-un-caudillo-del-radicalismo-bonaerense\/","url":"https:\/\/infoecos.com.ar\/index.php\/segun-el-diario-pagina-12-miguel-fernandez-es-un-caudillo-del-radicalismo-bonaerense\/","name":"Seg\u00fan el diario \"P\u00e1gina 12\", Miguel Fern\u00e1ndez es un caudillo del radicalismo bonaerense - Infoecos","isPartOf":{"@id":"https:\/\/infoecos.com.ar\/#website"},"primaryImageOfPage":{"@id":"https:\/\/infoecos.com.ar\/index.php\/segun-el-diario-pagina-12-miguel-fernandez-es-un-caudillo-del-radicalismo-bonaerense\/#primaryimage"},"image":{"@id":"https:\/\/infoecos.com.ar\/index.php\/segun-el-diario-pagina-12-miguel-fernandez-es-un-caudillo-del-radicalismo-bonaerense\/#primaryimage"},"thumbnailUrl":"https:\/\/infoecos.com.ar\/wp-content\/uploads\/2021\/05\/Miguel-Fernandez-1.jpg","datePublished":"2023-12-01T21:39:04+00:00","dateModified":"2023-12-03T15:44:30+00:00","breadcrumb":{"@id":"https:\/\/infoecos.com.ar\/index.php\/segun-el-diario-pagina-12-miguel-fernandez-es-un-caudillo-del-radicalismo-bonaerense\/#breadcrumb"},"inLanguage":"es","potentialAction":[{"@type":"ReadAction","target":["https:\/\/infoecos.com.ar\/index.php\/segun-el-diario-pagina-12-miguel-fernandez-es-un-caudillo-del-radicalismo-bonaerense\/"]}]},{"@type":"ImageObject","inLanguage":"es","@id":"https:\/\/infoecos.com.ar\/index.php\/segun-el-diario-pagina-12-miguel-fernandez-es-un-caudillo-del-radicalismo-bonaerense\/#primaryimage","url":"https:\/\/infoecos.com.ar\/wp-content\/uploads\/2021\/05\/Miguel-Fernandez-1.jpg","contentUrl":"https:\/\/infoecos.com.ar\/wp-content\/uploads\/2021\/05\/Miguel-Fernandez-1.jpg","width":688,"height":387},{"@type":"BreadcrumbList","@id":"https:\/\/infoecos.com.ar\/index.php\/segun-el-diario-pagina-12-miguel-fernandez-es-un-caudillo-del-radicalismo-bonaerense\/#breadcrumb","itemListElement":[{"@type":"ListItem","position":1,"name":"Portada","item":"https:\/\/infoecos.com.ar\/"},{"@type":"ListItem","position":2,"name":"Seg\u00fan el diario \u00abP\u00e1gina 12\u00bb, Miguel Fern\u00e1ndez es un caudillo del radicalismo bonaerense"}]},{"@type":"WebSite","@id":"https:\/\/infoecos.com.ar\/#website","url":"https:\/\/infoecos.com.ar\/","name":"Infoecos","description":"Noticias de trenque lauquen y la zona","publisher":{"@id":"https:\/\/infoecos.com.ar\/#organization"},"alternateName":"Noticias","potentialAction":[{"@type":"SearchAction","target":{"@type":"EntryPoint","urlTemplate":"https:\/\/infoecos.com.ar\/?s={search_term_string}"},"query-input":{"@type":"PropertyValueSpecification","valueRequired":true,"valueName":"search_term_string"}}],"inLanguage":"es"},{"@type":"Organization","@id":"https:\/\/infoecos.com.ar\/#organization","name":"Infoecos","alternateName":"Noticias","url":"https:\/\/infoecos.com.ar\/","logo":{"@type":"ImageObject","inLanguage":"es","@id":"https:\/\/infoecos.com.ar\/#\/schema\/logo\/image\/","url":"https:\/\/infoecos.com.ar\/wp-content\/uploads\/2024\/03\/cropped-logo.png","contentUrl":"https:\/\/infoecos.com.ar\/wp-content\/uploads\/2024\/03\/cropped-logo.png","width":374,"height":90,"caption":"Infoecos"},"image":{"@id":"https:\/\/infoecos.com.ar\/#\/schema\/logo\/image\/"},"sameAs":["https:\/\/www.facebook.com\/profile.php?id=100063200290284","https:\/\/x.com\/infoecos"]},{"@type":"Person","@id":"https:\/\/infoecos.com.ar\/#\/schema\/person\/8f5ace5ce73b4b4aac4b7245aee6f191","name":"Jorge Matheus","url":"https:\/\/infoecos.com.ar\/index.php\/author\/jomatheus\/"}]}},"featured_image_urls":{"full":["https:\/\/infoecos.com.ar\/wp-content\/uploads\/2021\/05\/Miguel-Fernandez-1.jpg",688,387,false],"thumbnail":["https:\/\/infoecos.com.ar\/wp-content\/uploads\/2021\/05\/Miguel-Fernandez-1-150x150.jpg",150,150,true],"medium":["https:\/\/infoecos.com.ar\/wp-content\/uploads\/2021\/05\/Miguel-Fernandez-1-460x259.jpg",460,259,true],"medium_large":["https:\/\/infoecos.com.ar\/wp-content\/uploads\/2021\/05\/Miguel-Fernandez-1.jpg",640,360,false],"large":["https:\/\/infoecos.com.ar\/wp-content\/uploads\/2021\/05\/Miguel-Fernandez-1.jpg",640,360,false],"1536x1536":["https:\/\/infoecos.com.ar\/wp-content\/uploads\/2021\/05\/Miguel-Fernandez-1.jpg",688,387,false],"2048x2048":["https:\/\/infoecos.com.ar\/wp-content\/uploads\/2021\/05\/Miguel-Fernandez-1.jpg",688,387,false],"covernews-slider-full":["https:\/\/infoecos.com.ar\/wp-content\/uploads\/2021\/05\/Miguel-Fernandez-1.jpg",688,387,false],"covernews-slider-center":["https:\/\/infoecos.com.ar\/wp-content\/uploads\/2021\/05\/Miguel-Fernandez-1.jpg",688,387,false],"covernews-featured":["https:\/\/infoecos.com.ar\/wp-content\/uploads\/2021\/05\/Miguel-Fernandez-1.jpg",688,387,false],"covernews-medium":["https:\/\/infoecos.com.ar\/wp-content\/uploads\/2021\/05\/Miguel-Fernandez-1-688x380.jpg",540,298,true],"covernews-medium-square":["https:\/\/infoecos.com.ar\/wp-content\/uploads\/2021\/05\/Miguel-Fernandez-1-675x387.jpg",400,229,true]},"author_info":{"info":["Jorge Matheus"]},"category_info":"<a href=\"https:\/\/infoecos.com.ar\/index.php\/category\/c3nota3\/\" rel=\"category tag\">C3 N3<\/a>","tag_info":"C3 N3","comment_count":"0","_links":{"self":[{"href":"https:\/\/infoecos.com.ar\/index.php\/wp-json\/wp\/v2\/posts\/115705"}],"collection":[{"href":"https:\/\/infoecos.com.ar\/index.php\/wp-json\/wp\/v2\/posts"}],"about":[{"href":"https:\/\/infoecos.com.ar\/index.php\/wp-json\/wp\/v2\/types\/post"}],"author":[{"embeddable":true,"href":"https:\/\/infoecos.com.ar\/index.php\/wp-json\/wp\/v2\/users\/2"}],"replies":[{"embeddable":true,"href":"https:\/\/infoecos.com.ar\/index.php\/wp-json\/wp\/v2\/comments?post=115705"}],"version-history":[{"count":2,"href":"https:\/\/infoecos.com.ar\/index.php\/wp-json\/wp\/v2\/posts\/115705\/revisions"}],"predecessor-version":[{"id":115735,"href":"https:\/\/infoecos.com.ar\/index.php\/wp-json\/wp\/v2\/posts\/115705\/revisions\/115735"}],"wp:featuredmedia":[{"embeddable":true,"href":"https:\/\/infoecos.com.ar\/index.php\/wp-json\/wp\/v2\/media\/77724"}],"wp:attachment":[{"href":"https:\/\/infoecos.com.ar\/index.php\/wp-json\/wp\/v2\/media?parent=115705"}],"wp:term":[{"taxonomy":"category","embeddable":true,"href":"https:\/\/infoecos.com.ar\/index.php\/wp-json\/wp\/v2\/categories?post=115705"},{"taxonomy":"post_tag","embeddable":true,"href":"https:\/\/infoecos.com.ar\/index.php\/wp-json\/wp\/v2\/tags?post=115705"}],"curies":[{"name":"wp","href":"https:\/\/api.w.org\/{rel}","templated":true}]}}