{"id":115736,"date":"2023-12-02T09:42:32","date_gmt":"2023-12-02T12:42:32","guid":{"rendered":"https:\/\/infoecos.com.ar\/?p=115736"},"modified":"2023-12-02T09:42:34","modified_gmt":"2023-12-02T12:42:34","slug":"se-conocio-la-pericia-accidentologica-del-accidente-donde-murio-una-vecina-de-fortin-olavarria","status":"publish","type":"post","link":"https:\/\/infoecos.com.ar\/index.php\/se-conocio-la-pericia-accidentologica-del-accidente-donde-murio-una-vecina-de-fortin-olavarria\/","title":{"rendered":"Se conoci\u00f3 la pericia accidentol\u00f3gica del accidente donde muri\u00f3 una vecina de Fort\u00edn Olavarr\u00eda"},"content":{"rendered":"\n<p>El Ministerio P\u00fablico Fiscal de Neuqu\u00e9n divulg\u00f3 este viernes los resultados de la pericia accidentol\u00f3gica realizada por el choque frontal entre una combi de transporte de pasajeros y un cami\u00f3n en la Ruta Nacional 40, donde seis turistas y el conductor del veh\u00edculo de menor porte murieron, mientras que otras cuatro personas resultaron heridas. El siniestro vial ocurri\u00f3 a mediados de noviembre, cuando las v\u00edctimas se dirig\u00edan a una excursi\u00f3n a la zona de los Siete Lagos.-<\/p>\n\n\n\n<p><strong>All\u00ed perdi\u00f3 la vida Paola Pereyra, vecina de Fort\u00edn Olavarr\u00eda, quien viajaba junto a su mam\u00e1 Olga Scardino y su hermana Silvana Pereyra en la combi siniestrada.<\/strong><\/p>\n\n\n\n<figure class=\"wp-block-gallery has-nested-images columns-default is-cropped wp-block-gallery-1 is-layout-flex wp-block-gallery-is-layout-flex\">\n<figure class=\"wp-block-image size-large\"><img loading=\"lazy\" decoding=\"async\" width=\"911\" height=\"507\" data-id=\"115738\" src=\"https:\/\/infoecos.com.ar\/wp-content\/uploads\/2023\/12\/acccidenterutafolavarria.jpeg\" alt=\"\" class=\"wp-image-115738\" srcset=\"https:\/\/infoecos.com.ar\/wp-content\/uploads\/2023\/12\/acccidenterutafolavarria.jpeg 911w, https:\/\/infoecos.com.ar\/wp-content\/uploads\/2023\/12\/acccidenterutafolavarria-800x445.jpeg 800w, https:\/\/infoecos.com.ar\/wp-content\/uploads\/2023\/12\/acccidenterutafolavarria-768x427.jpeg 768w\" sizes=\"(max-width: 911px) 100vw, 911px\" \/><\/figure>\n\n\n\n<figure class=\"wp-block-image size-large\"><img loading=\"lazy\" decoding=\"async\" width=\"880\" height=\"586\" data-id=\"115741\" src=\"https:\/\/infoecos.com.ar\/wp-content\/uploads\/2023\/12\/accidentefola40.jpeg\" alt=\"\" class=\"wp-image-115741\" srcset=\"https:\/\/infoecos.com.ar\/wp-content\/uploads\/2023\/12\/accidentefola40.jpeg 880w, https:\/\/infoecos.com.ar\/wp-content\/uploads\/2023\/12\/accidentefola40-800x533.jpeg 800w, https:\/\/infoecos.com.ar\/wp-content\/uploads\/2023\/12\/accidentefola40-768x511.jpeg 768w, https:\/\/infoecos.com.ar\/wp-content\/uploads\/2023\/12\/accidentefola40-675x450.jpeg 675w\" sizes=\"(max-width: 880px) 100vw, 880px\" \/><\/figure>\n\n\n\n<figure class=\"wp-block-image size-large\"><img loading=\"lazy\" decoding=\"async\" width=\"780\" height=\"520\" data-id=\"115737\" src=\"https:\/\/infoecos.com.ar\/wp-content\/uploads\/2023\/12\/accidentefortinolavarria40.jpeg\" alt=\"\" class=\"wp-image-115737\" srcset=\"https:\/\/infoecos.com.ar\/wp-content\/uploads\/2023\/12\/accidentefortinolavarria40.jpeg 780w, https:\/\/infoecos.com.ar\/wp-content\/uploads\/2023\/12\/accidentefortinolavarria40-768x512.jpeg 768w, https:\/\/infoecos.com.ar\/wp-content\/uploads\/2023\/12\/accidentefortinolavarria40-675x450.jpeg 675w\" sizes=\"(max-width: 780px) 100vw, 780px\" \/><\/figure>\n\n\n\n<figure class=\"wp-block-image size-large\"><img loading=\"lazy\" decoding=\"async\" width=\"736\" height=\"524\" data-id=\"115740\" src=\"https:\/\/infoecos.com.ar\/wp-content\/uploads\/2023\/12\/accidenterufol.jpeg\" alt=\"\" class=\"wp-image-115740\"\/><\/figure>\n\n\n\n<figure class=\"wp-block-image size-large\"><img loading=\"lazy\" decoding=\"async\" width=\"1200\" height=\"675\" data-id=\"115742\" src=\"https:\/\/infoecos.com.ar\/wp-content\/uploads\/2023\/12\/accidenteruta40fo.jpeg\" alt=\"\" class=\"wp-image-115742\" srcset=\"https:\/\/infoecos.com.ar\/wp-content\/uploads\/2023\/12\/accidenteruta40fo.jpeg 1200w, https:\/\/infoecos.com.ar\/wp-content\/uploads\/2023\/12\/accidenteruta40fo-800x450.jpeg 800w, https:\/\/infoecos.com.ar\/wp-content\/uploads\/2023\/12\/accidenteruta40fo-768x432.jpeg 768w, https:\/\/infoecos.com.ar\/wp-content\/uploads\/2023\/12\/accidenteruta40fo-1024x576.jpeg 1024w\" sizes=\"(max-width: 1200px) 100vw, 1200px\" \/><\/figure>\n\n\n\n<figure class=\"wp-block-image size-large\"><img loading=\"lazy\" decoding=\"async\" width=\"890\" height=\"460\" data-id=\"115739\" src=\"https:\/\/infoecos.com.ar\/wp-content\/uploads\/2023\/12\/accidenteruta40fol1.jpeg\" alt=\"\" class=\"wp-image-115739\" srcset=\"https:\/\/infoecos.com.ar\/wp-content\/uploads\/2023\/12\/accidenteruta40fol1.jpeg 890w, https:\/\/infoecos.com.ar\/wp-content\/uploads\/2023\/12\/accidenteruta40fol1-800x413.jpeg 800w, https:\/\/infoecos.com.ar\/wp-content\/uploads\/2023\/12\/accidenteruta40fol1-768x397.jpeg 768w\" sizes=\"(max-width: 890px) 100vw, 890px\" \/><\/figure>\n<\/figure>\n\n\n\n<p>El fiscal de Villa la Angostura que interviene en el caso, Adri\u00e1n De Lillo, comunic\u00f3 que la pericia -llevada a cabo por la Polic\u00eda provincial- revel\u00f3 que ninguno de los veh\u00edculos tuvo fallas mec\u00e1nicas y estableci\u00f3 que la colisi\u00f3n se gener\u00f3 debido a que el cami\u00f3n invadi\u00f3 parte del carril por el que circulaba el minib\u00fas en sentido contrario. En ese contexto, el conductor de este rodado ser\u00e1 imputado por el delito de homicidio culposo calificado.<\/p>\n\n\n\n<p>Respecto de la velocidad de circulaci\u00f3n de los rodados, los peritos explicaron que \u201cno se cuenta con elementos suficientes para determinar de manera objetiva y certera la velocidad que animaba cada una de las partes protagonistas, de sus instantes previos a la colisi\u00f3n\u201d.<\/p>\n\n\n\n<p>El fiscal De Lillo adelant\u00f3 que en los pr\u00f3ximos d\u00edas solicitar\u00e1 una audiencia para hacer la formulaci\u00f3n de cargos al conductor del cami\u00f3n, por el delito de homicidio culposo calificado.<\/p>\n\n\n\n<p><strong>Fuente: masternews.com.ar<\/strong><\/p>\n","protected":false},"excerpt":{"rendered":"<p>El fiscal de Villa la Angostura que interviene en el caso, Adri\u00e1n De Lillo, comunic\u00f3 que la pericia revel\u00f3 que ninguno de los veh\u00edculos tuvo fallas mec\u00e1nicas y estableci\u00f3 que la colisi\u00f3n se gener\u00f3 debido a que el cami\u00f3n invadi\u00f3 parte del carril por el que circulaba el minib\u00fas <\/p>\n","protected":false},"author":2,"featured_media":115741,"comment_status":"closed","ping_status":"open","sticky":false,"template":"","format":"standard","meta":{"footnotes":""},"categories":[29],"tags":[9640],"class_list":["post-115736","post","type-post","status-publish","format-standard","has-post-thumbnail","hentry","category-c2nota1","tag-ocurrio-en-la-ruta-40"],"yoast_head":"<!-- This site is optimized with the Yoast SEO plugin v23.4 - https:\/\/yoast.com\/wordpress\/plugins\/seo\/ -->\n<title>Se conoci\u00f3 la pericia accidentol\u00f3gica del accidente donde muri\u00f3 una vecina de Fort\u00edn Olavarr\u00eda - Infoecos<\/title>\n<meta name=\"robots\" content=\"index, follow, max-snippet:-1, max-image-preview:large, max-video-preview:-1\" \/>\n<link rel=\"canonical\" href=\"https:\/\/infoecos.com.ar\/index.php\/se-conocio-la-pericia-accidentologica-del-accidente-donde-murio-una-vecina-de-fortin-olavarria\/\" \/>\n<meta property=\"og:locale\" content=\"es_ES\" \/>\n<meta property=\"og:type\" content=\"article\" \/>\n<meta property=\"og:title\" content=\"Se conoci\u00f3 la pericia accidentol\u00f3gica del accidente donde muri\u00f3 una vecina de Fort\u00edn Olavarr\u00eda - Infoecos\" \/>\n<meta property=\"og:description\" content=\"El fiscal de Villa la Angostura que interviene en el caso, Adri\u00e1n De Lillo, comunic\u00f3 que la pericia revel\u00f3 que ninguno de los veh\u00edculos tuvo fallas mec\u00e1nicas y estableci\u00f3 que la colisi\u00f3n se gener\u00f3 debido a que el cami\u00f3n invadi\u00f3 parte del carril por el que circulaba el minib\u00fas\" \/>\n<meta property=\"og:url\" content=\"https:\/\/infoecos.com.ar\/index.php\/se-conocio-la-pericia-accidentologica-del-accidente-donde-murio-una-vecina-de-fortin-olavarria\/\" \/>\n<meta property=\"og:site_name\" content=\"Infoecos\" \/>\n<meta property=\"article:publisher\" content=\"https:\/\/www.facebook.com\/profile.php?id=100063200290284\" \/>\n<meta property=\"article:published_time\" content=\"2023-12-02T12:42:32+00:00\" \/>\n<meta property=\"article:modified_time\" content=\"2023-12-02T12:42:34+00:00\" \/>\n<meta property=\"og:image\" content=\"https:\/\/infoecos.com.ar\/wp-content\/uploads\/2023\/12\/accidentefola40.jpeg\" \/>\n\t<meta property=\"og:image:width\" content=\"880\" \/>\n\t<meta property=\"og:image:height\" content=\"586\" \/>\n\t<meta property=\"og:image:type\" content=\"image\/jpeg\" \/>\n<meta name=\"author\" content=\"Jorge Matheus\" \/>\n<meta name=\"twitter:card\" content=\"summary_large_image\" \/>\n<meta name=\"twitter:creator\" content=\"@infoecos\" \/>\n<meta name=\"twitter:site\" content=\"@infoecos\" \/>\n<meta name=\"twitter:label1\" content=\"Escrito por\" \/>\n\t<meta name=\"twitter:data1\" content=\"Jorge Matheus\" \/>\n\t<meta name=\"twitter:label2\" content=\"Tiempo de lectura\" \/>\n\t<meta name=\"twitter:data2\" content=\"3 minutos\" \/>\n<script type=\"application\/ld+json\" class=\"yoast-schema-graph\">{\"@context\":\"https:\/\/schema.org\",\"@graph\":[{\"@type\":\"Article\",\"@id\":\"https:\/\/infoecos.com.ar\/index.php\/se-conocio-la-pericia-accidentologica-del-accidente-donde-murio-una-vecina-de-fortin-olavarria\/#article\",\"isPartOf\":{\"@id\":\"https:\/\/infoecos.com.ar\/index.php\/se-conocio-la-pericia-accidentologica-del-accidente-donde-murio-una-vecina-de-fortin-olavarria\/\"},\"author\":{\"name\":\"Jorge Matheus\",\"@id\":\"https:\/\/infoecos.com.ar\/#\/schema\/person\/8f5ace5ce73b4b4aac4b7245aee6f191\"},\"headline\":\"Se conoci\u00f3 la pericia accidentol\u00f3gica del accidente donde muri\u00f3 una vecina de Fort\u00edn Olavarr\u00eda\",\"datePublished\":\"2023-12-02T12:42:32+00:00\",\"dateModified\":\"2023-12-02T12:42:34+00:00\",\"mainEntityOfPage\":{\"@id\":\"https:\/\/infoecos.com.ar\/index.php\/se-conocio-la-pericia-accidentologica-del-accidente-donde-murio-una-vecina-de-fortin-olavarria\/\"},\"wordCount\":297,\"publisher\":{\"@id\":\"https:\/\/infoecos.com.ar\/#organization\"},\"image\":{\"@id\":\"https:\/\/infoecos.com.ar\/index.php\/se-conocio-la-pericia-accidentologica-del-accidente-donde-murio-una-vecina-de-fortin-olavarria\/#primaryimage\"},\"thumbnailUrl\":\"https:\/\/infoecos.com.ar\/wp-content\/uploads\/2023\/12\/accidentefola40.jpeg\",\"keywords\":[\"ocurri\u00f3 en la ruta 40\"],\"articleSection\":[\"C2 nota 1\"],\"inLanguage\":\"es\"},{\"@type\":\"WebPage\",\"@id\":\"https:\/\/infoecos.com.ar\/index.php\/se-conocio-la-pericia-accidentologica-del-accidente-donde-murio-una-vecina-de-fortin-olavarria\/\",\"url\":\"https:\/\/infoecos.com.ar\/index.php\/se-conocio-la-pericia-accidentologica-del-accidente-donde-murio-una-vecina-de-fortin-olavarria\/\",\"name\":\"Se conoci\u00f3 la pericia accidentol\u00f3gica del accidente donde muri\u00f3 una vecina de Fort\u00edn Olavarr\u00eda - Infoecos\",\"isPartOf\":{\"@id\":\"https:\/\/infoecos.com.ar\/#website\"},\"primaryImageOfPage\":{\"@id\":\"https:\/\/infoecos.com.ar\/index.php\/se-conocio-la-pericia-accidentologica-del-accidente-donde-murio-una-vecina-de-fortin-olavarria\/#primaryimage\"},\"image\":{\"@id\":\"https:\/\/infoecos.com.ar\/index.php\/se-conocio-la-pericia-accidentologica-del-accidente-donde-murio-una-vecina-de-fortin-olavarria\/#primaryimage\"},\"thumbnailUrl\":\"https:\/\/infoecos.com.ar\/wp-content\/uploads\/2023\/12\/accidentefola40.jpeg\",\"datePublished\":\"2023-12-02T12:42:32+00:00\",\"dateModified\":\"2023-12-02T12:42:34+00:00\",\"breadcrumb\":{\"@id\":\"https:\/\/infoecos.com.ar\/index.php\/se-conocio-la-pericia-accidentologica-del-accidente-donde-murio-una-vecina-de-fortin-olavarria\/#breadcrumb\"},\"inLanguage\":\"es\",\"potentialAction\":[{\"@type\":\"ReadAction\",\"target\":[\"https:\/\/infoecos.com.ar\/index.php\/se-conocio-la-pericia-accidentologica-del-accidente-donde-murio-una-vecina-de-fortin-olavarria\/\"]}]},{\"@type\":\"ImageObject\",\"inLanguage\":\"es\",\"@id\":\"https:\/\/infoecos.com.ar\/index.php\/se-conocio-la-pericia-accidentologica-del-accidente-donde-murio-una-vecina-de-fortin-olavarria\/#primaryimage\",\"url\":\"https:\/\/infoecos.com.ar\/wp-content\/uploads\/2023\/12\/accidentefola40.jpeg\",\"contentUrl\":\"https:\/\/infoecos.com.ar\/wp-content\/uploads\/2023\/12\/accidentefola40.jpeg\",\"width\":880,\"height\":586},{\"@type\":\"BreadcrumbList\",\"@id\":\"https:\/\/infoecos.com.ar\/index.php\/se-conocio-la-pericia-accidentologica-del-accidente-donde-murio-una-vecina-de-fortin-olavarria\/#breadcrumb\",\"itemListElement\":[{\"@type\":\"ListItem\",\"position\":1,\"name\":\"Portada\",\"item\":\"https:\/\/infoecos.com.ar\/\"},{\"@type\":\"ListItem\",\"position\":2,\"name\":\"Se conoci\u00f3 la pericia accidentol\u00f3gica del accidente donde muri\u00f3 una vecina de Fort\u00edn Olavarr\u00eda\"}]},{\"@type\":\"WebSite\",\"@id\":\"https:\/\/infoecos.com.ar\/#website\",\"url\":\"https:\/\/infoecos.com.ar\/\",\"name\":\"Infoecos\",\"description\":\"Noticias de trenque lauquen y la zona\",\"publisher\":{\"@id\":\"https:\/\/infoecos.com.ar\/#organization\"},\"alternateName\":\"Noticias\",\"potentialAction\":[{\"@type\":\"SearchAction\",\"target\":{\"@type\":\"EntryPoint\",\"urlTemplate\":\"https:\/\/infoecos.com.ar\/?s={search_term_string}\"},\"query-input\":{\"@type\":\"PropertyValueSpecification\",\"valueRequired\":true,\"valueName\":\"search_term_string\"}}],\"inLanguage\":\"es\"},{\"@type\":\"Organization\",\"@id\":\"https:\/\/infoecos.com.ar\/#organization\",\"name\":\"Infoecos\",\"alternateName\":\"Noticias\",\"url\":\"https:\/\/infoecos.com.ar\/\",\"logo\":{\"@type\":\"ImageObject\",\"inLanguage\":\"es\",\"@id\":\"https:\/\/infoecos.com.ar\/#\/schema\/logo\/image\/\",\"url\":\"https:\/\/infoecos.com.ar\/wp-content\/uploads\/2024\/03\/cropped-logo.png\",\"contentUrl\":\"https:\/\/infoecos.com.ar\/wp-content\/uploads\/2024\/03\/cropped-logo.png\",\"width\":374,\"height\":90,\"caption\":\"Infoecos\"},\"image\":{\"@id\":\"https:\/\/infoecos.com.ar\/#\/schema\/logo\/image\/\"},\"sameAs\":[\"https:\/\/www.facebook.com\/profile.php?id=100063200290284\",\"https:\/\/x.com\/infoecos\"]},{\"@type\":\"Person\",\"@id\":\"https:\/\/infoecos.com.ar\/#\/schema\/person\/8f5ace5ce73b4b4aac4b7245aee6f191\",\"name\":\"Jorge Matheus\",\"url\":\"https:\/\/infoecos.com.ar\/index.php\/author\/jomatheus\/\"}]}<\/script>\n<!-- \/ Yoast SEO plugin. -->","yoast_head_json":{"title":"Se conoci\u00f3 la pericia accidentol\u00f3gica del accidente donde muri\u00f3 una vecina de Fort\u00edn Olavarr\u00eda - Infoecos","robots":{"index":"index","follow":"follow","max-snippet":"max-snippet:-1","max-image-preview":"max-image-preview:large","max-video-preview":"max-video-preview:-1"},"canonical":"https:\/\/infoecos.com.ar\/index.php\/se-conocio-la-pericia-accidentologica-del-accidente-donde-murio-una-vecina-de-fortin-olavarria\/","og_locale":"es_ES","og_type":"article","og_title":"Se conoci\u00f3 la pericia accidentol\u00f3gica del accidente donde muri\u00f3 una vecina de Fort\u00edn Olavarr\u00eda - Infoecos","og_description":"El fiscal de Villa la Angostura que interviene en el caso, Adri\u00e1n De Lillo, comunic\u00f3 que la pericia revel\u00f3 que ninguno de los veh\u00edculos tuvo fallas mec\u00e1nicas y estableci\u00f3 que la colisi\u00f3n se gener\u00f3 debido a que el cami\u00f3n invadi\u00f3 parte del carril por el que circulaba el minib\u00fas","og_url":"https:\/\/infoecos.com.ar\/index.php\/se-conocio-la-pericia-accidentologica-del-accidente-donde-murio-una-vecina-de-fortin-olavarria\/","og_site_name":"Infoecos","article_publisher":"https:\/\/www.facebook.com\/profile.php?id=100063200290284","article_published_time":"2023-12-02T12:42:32+00:00","article_modified_time":"2023-12-02T12:42:34+00:00","og_image":[{"width":880,"height":586,"url":"https:\/\/infoecos.com.ar\/wp-content\/uploads\/2023\/12\/accidentefola40.jpeg","type":"image\/jpeg"}],"author":"Jorge Matheus","twitter_card":"summary_large_image","twitter_creator":"@infoecos","twitter_site":"@infoecos","twitter_misc":{"Escrito por":"Jorge Matheus","Tiempo de lectura":"3 minutos"},"schema":{"@context":"https:\/\/schema.org","@graph":[{"@type":"Article","@id":"https:\/\/infoecos.com.ar\/index.php\/se-conocio-la-pericia-accidentologica-del-accidente-donde-murio-una-vecina-de-fortin-olavarria\/#article","isPartOf":{"@id":"https:\/\/infoecos.com.ar\/index.php\/se-conocio-la-pericia-accidentologica-del-accidente-donde-murio-una-vecina-de-fortin-olavarria\/"},"author":{"name":"Jorge Matheus","@id":"https:\/\/infoecos.com.ar\/#\/schema\/person\/8f5ace5ce73b4b4aac4b7245aee6f191"},"headline":"Se conoci\u00f3 la pericia accidentol\u00f3gica del accidente donde muri\u00f3 una vecina de Fort\u00edn Olavarr\u00eda","datePublished":"2023-12-02T12:42:32+00:00","dateModified":"2023-12-02T12:42:34+00:00","mainEntityOfPage":{"@id":"https:\/\/infoecos.com.ar\/index.php\/se-conocio-la-pericia-accidentologica-del-accidente-donde-murio-una-vecina-de-fortin-olavarria\/"},"wordCount":297,"publisher":{"@id":"https:\/\/infoecos.com.ar\/#organization"},"image":{"@id":"https:\/\/infoecos.com.ar\/index.php\/se-conocio-la-pericia-accidentologica-del-accidente-donde-murio-una-vecina-de-fortin-olavarria\/#primaryimage"},"thumbnailUrl":"https:\/\/infoecos.com.ar\/wp-content\/uploads\/2023\/12\/accidentefola40.jpeg","keywords":["ocurri\u00f3 en la ruta 40"],"articleSection":["C2 nota 1"],"inLanguage":"es"},{"@type":"WebPage","@id":"https:\/\/infoecos.com.ar\/index.php\/se-conocio-la-pericia-accidentologica-del-accidente-donde-murio-una-vecina-de-fortin-olavarria\/","url":"https:\/\/infoecos.com.ar\/index.php\/se-conocio-la-pericia-accidentologica-del-accidente-donde-murio-una-vecina-de-fortin-olavarria\/","name":"Se conoci\u00f3 la pericia accidentol\u00f3gica del accidente donde muri\u00f3 una vecina de Fort\u00edn Olavarr\u00eda - Infoecos","isPartOf":{"@id":"https:\/\/infoecos.com.ar\/#website"},"primaryImageOfPage":{"@id":"https:\/\/infoecos.com.ar\/index.php\/se-conocio-la-pericia-accidentologica-del-accidente-donde-murio-una-vecina-de-fortin-olavarria\/#primaryimage"},"image":{"@id":"https:\/\/infoecos.com.ar\/index.php\/se-conocio-la-pericia-accidentologica-del-accidente-donde-murio-una-vecina-de-fortin-olavarria\/#primaryimage"},"thumbnailUrl":"https:\/\/infoecos.com.ar\/wp-content\/uploads\/2023\/12\/accidentefola40.jpeg","datePublished":"2023-12-02T12:42:32+00:00","dateModified":"2023-12-02T12:42:34+00:00","breadcrumb":{"@id":"https:\/\/infoecos.com.ar\/index.php\/se-conocio-la-pericia-accidentologica-del-accidente-donde-murio-una-vecina-de-fortin-olavarria\/#breadcrumb"},"inLanguage":"es","potentialAction":[{"@type":"ReadAction","target":["https:\/\/infoecos.com.ar\/index.php\/se-conocio-la-pericia-accidentologica-del-accidente-donde-murio-una-vecina-de-fortin-olavarria\/"]}]},{"@type":"ImageObject","inLanguage":"es","@id":"https:\/\/infoecos.com.ar\/index.php\/se-conocio-la-pericia-accidentologica-del-accidente-donde-murio-una-vecina-de-fortin-olavarria\/#primaryimage","url":"https:\/\/infoecos.com.ar\/wp-content\/uploads\/2023\/12\/accidentefola40.jpeg","contentUrl":"https:\/\/infoecos.com.ar\/wp-content\/uploads\/2023\/12\/accidentefola40.jpeg","width":880,"height":586},{"@type":"BreadcrumbList","@id":"https:\/\/infoecos.com.ar\/index.php\/se-conocio-la-pericia-accidentologica-del-accidente-donde-murio-una-vecina-de-fortin-olavarria\/#breadcrumb","itemListElement":[{"@type":"ListItem","position":1,"name":"Portada","item":"https:\/\/infoecos.com.ar\/"},{"@type":"ListItem","position":2,"name":"Se conoci\u00f3 la pericia accidentol\u00f3gica del accidente donde muri\u00f3 una vecina de Fort\u00edn Olavarr\u00eda"}]},{"@type":"WebSite","@id":"https:\/\/infoecos.com.ar\/#website","url":"https:\/\/infoecos.com.ar\/","name":"Infoecos","description":"Noticias de trenque lauquen y la zona","publisher":{"@id":"https:\/\/infoecos.com.ar\/#organization"},"alternateName":"Noticias","potentialAction":[{"@type":"SearchAction","target":{"@type":"EntryPoint","urlTemplate":"https:\/\/infoecos.com.ar\/?s={search_term_string}"},"query-input":{"@type":"PropertyValueSpecification","valueRequired":true,"valueName":"search_term_string"}}],"inLanguage":"es"},{"@type":"Organization","@id":"https:\/\/infoecos.com.ar\/#organization","name":"Infoecos","alternateName":"Noticias","url":"https:\/\/infoecos.com.ar\/","logo":{"@type":"ImageObject","inLanguage":"es","@id":"https:\/\/infoecos.com.ar\/#\/schema\/logo\/image\/","url":"https:\/\/infoecos.com.ar\/wp-content\/uploads\/2024\/03\/cropped-logo.png","contentUrl":"https:\/\/infoecos.com.ar\/wp-content\/uploads\/2024\/03\/cropped-logo.png","width":374,"height":90,"caption":"Infoecos"},"image":{"@id":"https:\/\/infoecos.com.ar\/#\/schema\/logo\/image\/"},"sameAs":["https:\/\/www.facebook.com\/profile.php?id=100063200290284","https:\/\/x.com\/infoecos"]},{"@type":"Person","@id":"https:\/\/infoecos.com.ar\/#\/schema\/person\/8f5ace5ce73b4b4aac4b7245aee6f191","name":"Jorge Matheus","url":"https:\/\/infoecos.com.ar\/index.php\/author\/jomatheus\/"}]}},"featured_image_urls":{"full":["https:\/\/infoecos.com.ar\/wp-content\/uploads\/2023\/12\/accidentefola40.jpeg",880,586,false],"thumbnail":["https:\/\/infoecos.com.ar\/wp-content\/uploads\/2023\/12\/accidentefola40-300x150.jpeg",300,150,true],"medium":["https:\/\/infoecos.com.ar\/wp-content\/uploads\/2023\/12\/accidentefola40-800x533.jpeg",800,533,true],"medium_large":["https:\/\/infoecos.com.ar\/wp-content\/uploads\/2023\/12\/accidentefola40-768x511.jpeg",640,426,true],"large":["https:\/\/infoecos.com.ar\/wp-content\/uploads\/2023\/12\/accidentefola40.jpeg",640,426,false],"1536x1536":["https:\/\/infoecos.com.ar\/wp-content\/uploads\/2023\/12\/accidentefola40.jpeg",880,586,false],"2048x2048":["https:\/\/infoecos.com.ar\/wp-content\/uploads\/2023\/12\/accidentefola40.jpeg",880,586,false],"covernews-slider-full":["https:\/\/infoecos.com.ar\/wp-content\/uploads\/2023\/12\/accidentefola40.jpeg",880,586,false],"covernews-slider-center":["https:\/\/infoecos.com.ar\/wp-content\/uploads\/2023\/12\/accidentefola40.jpeg",751,500,false],"covernews-featured":["https:\/\/infoecos.com.ar\/wp-content\/uploads\/2023\/12\/accidentefola40.jpeg",880,586,false],"covernews-medium":["https:\/\/infoecos.com.ar\/wp-content\/uploads\/2023\/12\/accidentefola40-720x380.jpeg",540,285,true],"covernews-medium-square":["https:\/\/infoecos.com.ar\/wp-content\/uploads\/2023\/12\/accidentefola40-675x450.jpeg",375,250,true]},"author_info":{"info":["Jorge Matheus"]},"category_info":"<a href=\"https:\/\/infoecos.com.ar\/index.php\/category\/c2nota1\/\" rel=\"category tag\">C2 nota 1<\/a>","tag_info":"C2 nota 1","comment_count":"0","_links":{"self":[{"href":"https:\/\/infoecos.com.ar\/index.php\/wp-json\/wp\/v2\/posts\/115736"}],"collection":[{"href":"https:\/\/infoecos.com.ar\/index.php\/wp-json\/wp\/v2\/posts"}],"about":[{"href":"https:\/\/infoecos.com.ar\/index.php\/wp-json\/wp\/v2\/types\/post"}],"author":[{"embeddable":true,"href":"https:\/\/infoecos.com.ar\/index.php\/wp-json\/wp\/v2\/users\/2"}],"replies":[{"embeddable":true,"href":"https:\/\/infoecos.com.ar\/index.php\/wp-json\/wp\/v2\/comments?post=115736"}],"version-history":[{"count":1,"href":"https:\/\/infoecos.com.ar\/index.php\/wp-json\/wp\/v2\/posts\/115736\/revisions"}],"predecessor-version":[{"id":115743,"href":"https:\/\/infoecos.com.ar\/index.php\/wp-json\/wp\/v2\/posts\/115736\/revisions\/115743"}],"wp:featuredmedia":[{"embeddable":true,"href":"https:\/\/infoecos.com.ar\/index.php\/wp-json\/wp\/v2\/media\/115741"}],"wp:attachment":[{"href":"https:\/\/infoecos.com.ar\/index.php\/wp-json\/wp\/v2\/media?parent=115736"}],"wp:term":[{"taxonomy":"category","embeddable":true,"href":"https:\/\/infoecos.com.ar\/index.php\/wp-json\/wp\/v2\/categories?post=115736"},{"taxonomy":"post_tag","embeddable":true,"href":"https:\/\/infoecos.com.ar\/index.php\/wp-json\/wp\/v2\/tags?post=115736"}],"curies":[{"name":"wp","href":"https:\/\/api.w.org\/{rel}","templated":true}]}}