{"id":115769,"date":"2023-12-04T06:17:18","date_gmt":"2023-12-04T09:17:18","guid":{"rendered":"https:\/\/infoecos.com.ar\/?p=115769"},"modified":"2023-12-05T13:49:52","modified_gmt":"2023-12-05T16:49:52","slug":"con-fondos-propios-la-municipalidad-de-t-lauquen-recuperara-la-escuela-numero-3","status":"publish","type":"post","link":"https:\/\/infoecos.com.ar\/index.php\/con-fondos-propios-la-municipalidad-de-t-lauquen-recuperara-la-escuela-numero-3\/","title":{"rendered":"Con fondos propios, la municipalidad de T.Lauquen recuperar\u00e1 la Escuela n\u00famero 3"},"content":{"rendered":"\n<figure class=\"wp-block-image alignright size-large is-resized\"><img loading=\"lazy\" decoding=\"async\" src=\"https:\/\/infoecos.com.ar\/wp-content\/uploads\/2023\/12\/DSC_4201-1600x1070.jpg\" alt=\"\" class=\"wp-image-115770\" width=\"373\" height=\"249\" srcset=\"https:\/\/infoecos.com.ar\/wp-content\/uploads\/2023\/12\/DSC_4201-1600x1070.jpg 1600w, https:\/\/infoecos.com.ar\/wp-content\/uploads\/2023\/12\/DSC_4201-800x535.jpg 800w, https:\/\/infoecos.com.ar\/wp-content\/uploads\/2023\/12\/DSC_4201-768x513.jpg 768w, https:\/\/infoecos.com.ar\/wp-content\/uploads\/2023\/12\/DSC_4201-1536x1020.jpg 1536w, https:\/\/infoecos.com.ar\/wp-content\/uploads\/2023\/12\/DSC_4201-2048x1369.jpg 2048w, https:\/\/infoecos.com.ar\/wp-content\/uploads\/2023\/12\/DSC_4201-1024x684.jpg 1024w, https:\/\/infoecos.com.ar\/wp-content\/uploads\/2023\/12\/DSC_4201-675x450.jpg 675w\" sizes=\"(max-width: 373px) 100vw, 373px\" \/><\/figure>\n\n\n\n<p>El intendente municipal de Trenque Lauquen, Miguel Fern\u00e1ndez, que el pr\u00f3ximo 10 del corriente culmina su mandato, contin\u00faa haciendo anuncios.<\/p>\n\n\n\n<p>El pasado viernes dijo en el transcurso del Cierre de Talleres y Cursos de la Escuela Municipal, realizado en el Centro C\u00edvico que <strong>con recursos propios se iniciar\u00e1n en enero los trabajos en la Escuela n\u00famero 3<\/strong>, cuyo edificio sufri\u00f3 serios deterioros a ra\u00edz de un incendio, obligando a que las clases se dicten en Rivadavia 44. Este \u00faltimo espacio hab\u00eda sido destinado a la escuela municipal en septiembre pasado y ah\u00ed se estaban realizando las tareas pedag\u00f3gicas.<\/p>\n\n\n\n<p>Cabe consignar que la decisi\u00f3n gubernamental trenquelauquense se produce ante la demora de la provincia en proceder a la recomposici\u00f3n del inmueble siniestrado.<\/p>\n","protected":false},"excerpt":{"rendered":"<p>El edificio de la Escuela 3 sufri\u00f3 serios deterioros a ra\u00edz de un incendio<\/p>\n","protected":false},"author":2,"featured_media":115770,"comment_status":"closed","ping_status":"open","sticky":false,"template":"","format":"standard","meta":{"footnotes":""},"categories":[1325],"tags":[9646],"class_list":["post-115769","post","type-post","status-publish","format-standard","has-post-thumbnail","hentry","category-c1nota6","tag-ante-demoras-de-la-provincia"],"yoast_head":"<!-- This site is optimized with the Yoast SEO plugin v23.4 - https:\/\/yoast.com\/wordpress\/plugins\/seo\/ -->\n<title>Con fondos propios, la municipalidad de T.Lauquen recuperar\u00e1 la Escuela n\u00famero 3 - Infoecos<\/title>\n<meta name=\"robots\" content=\"index, follow, max-snippet:-1, max-image-preview:large, max-video-preview:-1\" \/>\n<link rel=\"canonical\" href=\"https:\/\/infoecos.com.ar\/index.php\/con-fondos-propios-la-municipalidad-de-t-lauquen-recuperara-la-escuela-numero-3\/\" \/>\n<meta property=\"og:locale\" content=\"es_ES\" \/>\n<meta property=\"og:type\" content=\"article\" \/>\n<meta property=\"og:title\" content=\"Con fondos propios, la municipalidad de T.Lauquen recuperar\u00e1 la Escuela n\u00famero 3 - Infoecos\" \/>\n<meta property=\"og:description\" content=\"El edificio de la Escuela 3 sufri\u00f3 serios deterioros a ra\u00edz de un incendio\" \/>\n<meta property=\"og:url\" content=\"https:\/\/infoecos.com.ar\/index.php\/con-fondos-propios-la-municipalidad-de-t-lauquen-recuperara-la-escuela-numero-3\/\" \/>\n<meta property=\"og:site_name\" content=\"Infoecos\" \/>\n<meta property=\"article:publisher\" content=\"https:\/\/www.facebook.com\/profile.php?id=100063200290284\" \/>\n<meta property=\"article:published_time\" content=\"2023-12-04T09:17:18+00:00\" \/>\n<meta property=\"article:modified_time\" content=\"2023-12-05T16:49:52+00:00\" \/>\n<meta property=\"og:image\" content=\"https:\/\/infoecos.com.ar\/wp-content\/uploads\/2023\/12\/DSC_4201-scaled.jpg\" \/>\n\t<meta property=\"og:image:width\" content=\"2560\" \/>\n\t<meta property=\"og:image:height\" content=\"1711\" \/>\n\t<meta property=\"og:image:type\" content=\"image\/jpeg\" \/>\n<meta name=\"author\" content=\"Jorge Matheus\" \/>\n<meta name=\"twitter:card\" content=\"summary_large_image\" \/>\n<meta name=\"twitter:creator\" content=\"@infoecos\" \/>\n<meta name=\"twitter:site\" content=\"@infoecos\" \/>\n<meta name=\"twitter:label1\" content=\"Escrito por\" \/>\n\t<meta name=\"twitter:data1\" content=\"Jorge Matheus\" \/>\n\t<meta name=\"twitter:label2\" content=\"Tiempo de lectura\" \/>\n\t<meta name=\"twitter:data2\" content=\"1 minuto\" \/>\n<script type=\"application\/ld+json\" class=\"yoast-schema-graph\">{\"@context\":\"https:\/\/schema.org\",\"@graph\":[{\"@type\":\"Article\",\"@id\":\"https:\/\/infoecos.com.ar\/index.php\/con-fondos-propios-la-municipalidad-de-t-lauquen-recuperara-la-escuela-numero-3\/#article\",\"isPartOf\":{\"@id\":\"https:\/\/infoecos.com.ar\/index.php\/con-fondos-propios-la-municipalidad-de-t-lauquen-recuperara-la-escuela-numero-3\/\"},\"author\":{\"name\":\"Jorge Matheus\",\"@id\":\"https:\/\/infoecos.com.ar\/#\/schema\/person\/8f5ace5ce73b4b4aac4b7245aee6f191\"},\"headline\":\"Con fondos propios, la municipalidad de T.Lauquen recuperar\u00e1 la Escuela n\u00famero 3\",\"datePublished\":\"2023-12-04T09:17:18+00:00\",\"dateModified\":\"2023-12-05T16:49:52+00:00\",\"mainEntityOfPage\":{\"@id\":\"https:\/\/infoecos.com.ar\/index.php\/con-fondos-propios-la-municipalidad-de-t-lauquen-recuperara-la-escuela-numero-3\/\"},\"wordCount\":142,\"publisher\":{\"@id\":\"https:\/\/infoecos.com.ar\/#organization\"},\"image\":{\"@id\":\"https:\/\/infoecos.com.ar\/index.php\/con-fondos-propios-la-municipalidad-de-t-lauquen-recuperara-la-escuela-numero-3\/#primaryimage\"},\"thumbnailUrl\":\"https:\/\/infoecos.com.ar\/wp-content\/uploads\/2023\/12\/DSC_4201-scaled.jpg\",\"keywords\":[\"ante demoras de la provincia\"],\"articleSection\":[\"C1 nota 6\"],\"inLanguage\":\"es\"},{\"@type\":\"WebPage\",\"@id\":\"https:\/\/infoecos.com.ar\/index.php\/con-fondos-propios-la-municipalidad-de-t-lauquen-recuperara-la-escuela-numero-3\/\",\"url\":\"https:\/\/infoecos.com.ar\/index.php\/con-fondos-propios-la-municipalidad-de-t-lauquen-recuperara-la-escuela-numero-3\/\",\"name\":\"Con fondos propios, la municipalidad de T.Lauquen recuperar\u00e1 la Escuela n\u00famero 3 - Infoecos\",\"isPartOf\":{\"@id\":\"https:\/\/infoecos.com.ar\/#website\"},\"primaryImageOfPage\":{\"@id\":\"https:\/\/infoecos.com.ar\/index.php\/con-fondos-propios-la-municipalidad-de-t-lauquen-recuperara-la-escuela-numero-3\/#primaryimage\"},\"image\":{\"@id\":\"https:\/\/infoecos.com.ar\/index.php\/con-fondos-propios-la-municipalidad-de-t-lauquen-recuperara-la-escuela-numero-3\/#primaryimage\"},\"thumbnailUrl\":\"https:\/\/infoecos.com.ar\/wp-content\/uploads\/2023\/12\/DSC_4201-scaled.jpg\",\"datePublished\":\"2023-12-04T09:17:18+00:00\",\"dateModified\":\"2023-12-05T16:49:52+00:00\",\"breadcrumb\":{\"@id\":\"https:\/\/infoecos.com.ar\/index.php\/con-fondos-propios-la-municipalidad-de-t-lauquen-recuperara-la-escuela-numero-3\/#breadcrumb\"},\"inLanguage\":\"es\",\"potentialAction\":[{\"@type\":\"ReadAction\",\"target\":[\"https:\/\/infoecos.com.ar\/index.php\/con-fondos-propios-la-municipalidad-de-t-lauquen-recuperara-la-escuela-numero-3\/\"]}]},{\"@type\":\"ImageObject\",\"inLanguage\":\"es\",\"@id\":\"https:\/\/infoecos.com.ar\/index.php\/con-fondos-propios-la-municipalidad-de-t-lauquen-recuperara-la-escuela-numero-3\/#primaryimage\",\"url\":\"https:\/\/infoecos.com.ar\/wp-content\/uploads\/2023\/12\/DSC_4201-scaled.jpg\",\"contentUrl\":\"https:\/\/infoecos.com.ar\/wp-content\/uploads\/2023\/12\/DSC_4201-scaled.jpg\",\"width\":2560,\"height\":1711},{\"@type\":\"BreadcrumbList\",\"@id\":\"https:\/\/infoecos.com.ar\/index.php\/con-fondos-propios-la-municipalidad-de-t-lauquen-recuperara-la-escuela-numero-3\/#breadcrumb\",\"itemListElement\":[{\"@type\":\"ListItem\",\"position\":1,\"name\":\"Portada\",\"item\":\"https:\/\/infoecos.com.ar\/\"},{\"@type\":\"ListItem\",\"position\":2,\"name\":\"Con fondos propios, la municipalidad de T.Lauquen recuperar\u00e1 la Escuela n\u00famero 3\"}]},{\"@type\":\"WebSite\",\"@id\":\"https:\/\/infoecos.com.ar\/#website\",\"url\":\"https:\/\/infoecos.com.ar\/\",\"name\":\"Infoecos\",\"description\":\"Noticias de trenque lauquen y la zona\",\"publisher\":{\"@id\":\"https:\/\/infoecos.com.ar\/#organization\"},\"alternateName\":\"Noticias\",\"potentialAction\":[{\"@type\":\"SearchAction\",\"target\":{\"@type\":\"EntryPoint\",\"urlTemplate\":\"https:\/\/infoecos.com.ar\/?s={search_term_string}\"},\"query-input\":{\"@type\":\"PropertyValueSpecification\",\"valueRequired\":true,\"valueName\":\"search_term_string\"}}],\"inLanguage\":\"es\"},{\"@type\":\"Organization\",\"@id\":\"https:\/\/infoecos.com.ar\/#organization\",\"name\":\"Infoecos\",\"alternateName\":\"Noticias\",\"url\":\"https:\/\/infoecos.com.ar\/\",\"logo\":{\"@type\":\"ImageObject\",\"inLanguage\":\"es\",\"@id\":\"https:\/\/infoecos.com.ar\/#\/schema\/logo\/image\/\",\"url\":\"https:\/\/infoecos.com.ar\/wp-content\/uploads\/2024\/03\/cropped-logo.png\",\"contentUrl\":\"https:\/\/infoecos.com.ar\/wp-content\/uploads\/2024\/03\/cropped-logo.png\",\"width\":374,\"height\":90,\"caption\":\"Infoecos\"},\"image\":{\"@id\":\"https:\/\/infoecos.com.ar\/#\/schema\/logo\/image\/\"},\"sameAs\":[\"https:\/\/www.facebook.com\/profile.php?id=100063200290284\",\"https:\/\/x.com\/infoecos\"]},{\"@type\":\"Person\",\"@id\":\"https:\/\/infoecos.com.ar\/#\/schema\/person\/8f5ace5ce73b4b4aac4b7245aee6f191\",\"name\":\"Jorge Matheus\",\"url\":\"https:\/\/infoecos.com.ar\/index.php\/author\/jomatheus\/\"}]}<\/script>\n<!-- \/ Yoast SEO plugin. -->","yoast_head_json":{"title":"Con fondos propios, la municipalidad de T.Lauquen recuperar\u00e1 la Escuela n\u00famero 3 - Infoecos","robots":{"index":"index","follow":"follow","max-snippet":"max-snippet:-1","max-image-preview":"max-image-preview:large","max-video-preview":"max-video-preview:-1"},"canonical":"https:\/\/infoecos.com.ar\/index.php\/con-fondos-propios-la-municipalidad-de-t-lauquen-recuperara-la-escuela-numero-3\/","og_locale":"es_ES","og_type":"article","og_title":"Con fondos propios, la municipalidad de T.Lauquen recuperar\u00e1 la Escuela n\u00famero 3 - Infoecos","og_description":"El edificio de la Escuela 3 sufri\u00f3 serios deterioros a ra\u00edz de un incendio","og_url":"https:\/\/infoecos.com.ar\/index.php\/con-fondos-propios-la-municipalidad-de-t-lauquen-recuperara-la-escuela-numero-3\/","og_site_name":"Infoecos","article_publisher":"https:\/\/www.facebook.com\/profile.php?id=100063200290284","article_published_time":"2023-12-04T09:17:18+00:00","article_modified_time":"2023-12-05T16:49:52+00:00","og_image":[{"width":2560,"height":1711,"url":"https:\/\/infoecos.com.ar\/wp-content\/uploads\/2023\/12\/DSC_4201-scaled.jpg","type":"image\/jpeg"}],"author":"Jorge Matheus","twitter_card":"summary_large_image","twitter_creator":"@infoecos","twitter_site":"@infoecos","twitter_misc":{"Escrito por":"Jorge Matheus","Tiempo de lectura":"1 minuto"},"schema":{"@context":"https:\/\/schema.org","@graph":[{"@type":"Article","@id":"https:\/\/infoecos.com.ar\/index.php\/con-fondos-propios-la-municipalidad-de-t-lauquen-recuperara-la-escuela-numero-3\/#article","isPartOf":{"@id":"https:\/\/infoecos.com.ar\/index.php\/con-fondos-propios-la-municipalidad-de-t-lauquen-recuperara-la-escuela-numero-3\/"},"author":{"name":"Jorge Matheus","@id":"https:\/\/infoecos.com.ar\/#\/schema\/person\/8f5ace5ce73b4b4aac4b7245aee6f191"},"headline":"Con fondos propios, la municipalidad de T.Lauquen recuperar\u00e1 la Escuela n\u00famero 3","datePublished":"2023-12-04T09:17:18+00:00","dateModified":"2023-12-05T16:49:52+00:00","mainEntityOfPage":{"@id":"https:\/\/infoecos.com.ar\/index.php\/con-fondos-propios-la-municipalidad-de-t-lauquen-recuperara-la-escuela-numero-3\/"},"wordCount":142,"publisher":{"@id":"https:\/\/infoecos.com.ar\/#organization"},"image":{"@id":"https:\/\/infoecos.com.ar\/index.php\/con-fondos-propios-la-municipalidad-de-t-lauquen-recuperara-la-escuela-numero-3\/#primaryimage"},"thumbnailUrl":"https:\/\/infoecos.com.ar\/wp-content\/uploads\/2023\/12\/DSC_4201-scaled.jpg","keywords":["ante demoras de la provincia"],"articleSection":["C1 nota 6"],"inLanguage":"es"},{"@type":"WebPage","@id":"https:\/\/infoecos.com.ar\/index.php\/con-fondos-propios-la-municipalidad-de-t-lauquen-recuperara-la-escuela-numero-3\/","url":"https:\/\/infoecos.com.ar\/index.php\/con-fondos-propios-la-municipalidad-de-t-lauquen-recuperara-la-escuela-numero-3\/","name":"Con fondos propios, la municipalidad de T.Lauquen recuperar\u00e1 la Escuela n\u00famero 3 - Infoecos","isPartOf":{"@id":"https:\/\/infoecos.com.ar\/#website"},"primaryImageOfPage":{"@id":"https:\/\/infoecos.com.ar\/index.php\/con-fondos-propios-la-municipalidad-de-t-lauquen-recuperara-la-escuela-numero-3\/#primaryimage"},"image":{"@id":"https:\/\/infoecos.com.ar\/index.php\/con-fondos-propios-la-municipalidad-de-t-lauquen-recuperara-la-escuela-numero-3\/#primaryimage"},"thumbnailUrl":"https:\/\/infoecos.com.ar\/wp-content\/uploads\/2023\/12\/DSC_4201-scaled.jpg","datePublished":"2023-12-04T09:17:18+00:00","dateModified":"2023-12-05T16:49:52+00:00","breadcrumb":{"@id":"https:\/\/infoecos.com.ar\/index.php\/con-fondos-propios-la-municipalidad-de-t-lauquen-recuperara-la-escuela-numero-3\/#breadcrumb"},"inLanguage":"es","potentialAction":[{"@type":"ReadAction","target":["https:\/\/infoecos.com.ar\/index.php\/con-fondos-propios-la-municipalidad-de-t-lauquen-recuperara-la-escuela-numero-3\/"]}]},{"@type":"ImageObject","inLanguage":"es","@id":"https:\/\/infoecos.com.ar\/index.php\/con-fondos-propios-la-municipalidad-de-t-lauquen-recuperara-la-escuela-numero-3\/#primaryimage","url":"https:\/\/infoecos.com.ar\/wp-content\/uploads\/2023\/12\/DSC_4201-scaled.jpg","contentUrl":"https:\/\/infoecos.com.ar\/wp-content\/uploads\/2023\/12\/DSC_4201-scaled.jpg","width":2560,"height":1711},{"@type":"BreadcrumbList","@id":"https:\/\/infoecos.com.ar\/index.php\/con-fondos-propios-la-municipalidad-de-t-lauquen-recuperara-la-escuela-numero-3\/#breadcrumb","itemListElement":[{"@type":"ListItem","position":1,"name":"Portada","item":"https:\/\/infoecos.com.ar\/"},{"@type":"ListItem","position":2,"name":"Con fondos propios, la municipalidad de T.Lauquen recuperar\u00e1 la Escuela n\u00famero 3"}]},{"@type":"WebSite","@id":"https:\/\/infoecos.com.ar\/#website","url":"https:\/\/infoecos.com.ar\/","name":"Infoecos","description":"Noticias de trenque lauquen y la zona","publisher":{"@id":"https:\/\/infoecos.com.ar\/#organization"},"alternateName":"Noticias","potentialAction":[{"@type":"SearchAction","target":{"@type":"EntryPoint","urlTemplate":"https:\/\/infoecos.com.ar\/?s={search_term_string}"},"query-input":{"@type":"PropertyValueSpecification","valueRequired":true,"valueName":"search_term_string"}}],"inLanguage":"es"},{"@type":"Organization","@id":"https:\/\/infoecos.com.ar\/#organization","name":"Infoecos","alternateName":"Noticias","url":"https:\/\/infoecos.com.ar\/","logo":{"@type":"ImageObject","inLanguage":"es","@id":"https:\/\/infoecos.com.ar\/#\/schema\/logo\/image\/","url":"https:\/\/infoecos.com.ar\/wp-content\/uploads\/2024\/03\/cropped-logo.png","contentUrl":"https:\/\/infoecos.com.ar\/wp-content\/uploads\/2024\/03\/cropped-logo.png","width":374,"height":90,"caption":"Infoecos"},"image":{"@id":"https:\/\/infoecos.com.ar\/#\/schema\/logo\/image\/"},"sameAs":["https:\/\/www.facebook.com\/profile.php?id=100063200290284","https:\/\/x.com\/infoecos"]},{"@type":"Person","@id":"https:\/\/infoecos.com.ar\/#\/schema\/person\/8f5ace5ce73b4b4aac4b7245aee6f191","name":"Jorge Matheus","url":"https:\/\/infoecos.com.ar\/index.php\/author\/jomatheus\/"}]}},"featured_image_urls":{"full":["https:\/\/infoecos.com.ar\/wp-content\/uploads\/2023\/12\/DSC_4201-scaled.jpg",2560,1711,false],"thumbnail":["https:\/\/infoecos.com.ar\/wp-content\/uploads\/2023\/12\/DSC_4201-300x150.jpg",300,150,true],"medium":["https:\/\/infoecos.com.ar\/wp-content\/uploads\/2023\/12\/DSC_4201-800x535.jpg",800,535,true],"medium_large":["https:\/\/infoecos.com.ar\/wp-content\/uploads\/2023\/12\/DSC_4201-768x513.jpg",640,428,true],"large":["https:\/\/infoecos.com.ar\/wp-content\/uploads\/2023\/12\/DSC_4201-1600x1070.jpg",640,428,true],"1536x1536":["https:\/\/infoecos.com.ar\/wp-content\/uploads\/2023\/12\/DSC_4201-1536x1027.jpg",1536,1027,true],"2048x2048":["https:\/\/infoecos.com.ar\/wp-content\/uploads\/2023\/12\/DSC_4201-2048x1369.jpg",2048,1369,true],"covernews-slider-full":["https:\/\/infoecos.com.ar\/wp-content\/uploads\/2023\/12\/DSC_4201-1536x1020.jpg",1077,715,true],"covernews-slider-center":["https:\/\/infoecos.com.ar\/wp-content\/uploads\/2023\/12\/DSC_4201-936x897.jpg",522,500,true],"covernews-featured":["https:\/\/infoecos.com.ar\/wp-content\/uploads\/2023\/12\/DSC_4201-1024x684.jpg",1024,684,true],"covernews-medium":["https:\/\/infoecos.com.ar\/wp-content\/uploads\/2023\/12\/DSC_4201-720x380.jpg",540,285,true],"covernews-medium-square":["https:\/\/infoecos.com.ar\/wp-content\/uploads\/2023\/12\/DSC_4201-675x450.jpg",375,250,true]},"author_info":{"info":["Jorge Matheus"]},"category_info":"<a href=\"https:\/\/infoecos.com.ar\/index.php\/category\/c1nota6\/\" rel=\"category tag\">C1 nota 6<\/a>","tag_info":"C1 nota 6","comment_count":"0","_links":{"self":[{"href":"https:\/\/infoecos.com.ar\/index.php\/wp-json\/wp\/v2\/posts\/115769"}],"collection":[{"href":"https:\/\/infoecos.com.ar\/index.php\/wp-json\/wp\/v2\/posts"}],"about":[{"href":"https:\/\/infoecos.com.ar\/index.php\/wp-json\/wp\/v2\/types\/post"}],"author":[{"embeddable":true,"href":"https:\/\/infoecos.com.ar\/index.php\/wp-json\/wp\/v2\/users\/2"}],"replies":[{"embeddable":true,"href":"https:\/\/infoecos.com.ar\/index.php\/wp-json\/wp\/v2\/comments?post=115769"}],"version-history":[{"count":1,"href":"https:\/\/infoecos.com.ar\/index.php\/wp-json\/wp\/v2\/posts\/115769\/revisions"}],"predecessor-version":[{"id":115771,"href":"https:\/\/infoecos.com.ar\/index.php\/wp-json\/wp\/v2\/posts\/115769\/revisions\/115771"}],"wp:featuredmedia":[{"embeddable":true,"href":"https:\/\/infoecos.com.ar\/index.php\/wp-json\/wp\/v2\/media\/115770"}],"wp:attachment":[{"href":"https:\/\/infoecos.com.ar\/index.php\/wp-json\/wp\/v2\/media?parent=115769"}],"wp:term":[{"taxonomy":"category","embeddable":true,"href":"https:\/\/infoecos.com.ar\/index.php\/wp-json\/wp\/v2\/categories?post=115769"},{"taxonomy":"post_tag","embeddable":true,"href":"https:\/\/infoecos.com.ar\/index.php\/wp-json\/wp\/v2\/tags?post=115769"}],"curies":[{"name":"wp","href":"https:\/\/api.w.org\/{rel}","templated":true}]}}