{"id":115797,"date":"2023-12-04T08:54:06","date_gmt":"2023-12-04T11:54:06","guid":{"rendered":"https:\/\/infoecos.com.ar\/?p=115797"},"modified":"2023-12-04T09:21:43","modified_gmt":"2023-12-04T12:21:43","slug":"las-ventas-minoristas-pyme-cayeron-29-anual-en-noviembre","status":"publish","type":"post","link":"https:\/\/infoecos.com.ar\/index.php\/las-ventas-minoristas-pyme-cayeron-29-anual-en-noviembre\/","title":{"rendered":"Ventas minoristas Pymes: 11 meses consecutivos en baja"},"content":{"rendered":"\n<p>La medici\u00f3n a precios constantes marc\u00f3 un descenso del 2,9% anual, en noviembre, en las ventas minoristas pymes, cumpliendo as\u00ed 11 meses consecutivos en baja. Para el periodo enero-noviembre, el comercio acumula una retracci\u00f3n de 2,4% frente a los mismos meses del a\u00f1o pasado, mientras que en la comparaci\u00f3n mensual las ventas bajaron 2,2%.<\/p>\n\n\n\n<figure class=\"wp-block-image\"><img decoding=\"async\" src=\"https:\/\/ci3.googleusercontent.com\/proxy\/SZKUPXw7bwPIFzEa2v74VLUciSlrL12QOq90-yWlhriRsG0bqDCznQw2r7puVMZUpCEVsj__LVFiZ9lPiInkMbYb5d1dh707S1OVsaTs_6xnwxD4nh7JlaTmFXQIuBp7iL6NUgONN4CPY2m_YHxtzKH1YLjQ-Wh0dBiqlWnis-e_Eg=s0-d-e1-ft#https:\/\/mailprensa.came.org.ar\/data\/1899c60d3e88c767f20949a98d5003460b14bf85\/media_files\/586\/original\/image.png\" alt=\"\"\/><\/figure>\n\n\n\n<p>El clima electoral le puso extrema prudencia al consumo, pero lo que m\u00e1s incidi\u00f3 en el declive del mes fueron las fuertes subas de precios que generaron una p\u00e9rdida clara en el poder adquisitivo del ingreso familiar. Se not\u00f3 especialmente en la demanda de alimentos y bebidas.<\/p>\n\n\n\n<p>Los alicientes de las ofertas del comercio electr\u00f3nico que se pusieron a disposici\u00f3n de los consumidores a comienzos del mes, con financiamiento que animaron la venta de bienes durables durante tres d\u00edas, no fueron suficientes para cambiar el signo de la tendencia en las ventas.<\/p>\n\n\n\n<p>Los sobresaltos cambiarios no ayudaron a la din\u00e1mica de las ventas del comercio minorista, especialmente a la compra de bienes de mayor valor, porque el d\u00f3lar capt\u00f3 dinero que podr\u00eda haberse volcado a ese consumo.<\/p>\n\n\n\n<p>De los siete rubros analizados, tres escaparon a la tendencia general y crecieron en la comparaci\u00f3n anual, y los cuatro restantes declinaron.<\/p>\n\n\n\n<p>As\u00ed surge del \u00cdndice de Ventas Minoristas Pymes de la Confederaci\u00f3n Argentina de la en Mediana Empresa (CAME), elaborado en base a un relevamiento mensual entre 1.320 comercios minoristas del pa\u00eds, realizado del 30 de noviembre y el 1 de diciembre.<\/p>\n\n\n\n<figure class=\"wp-block-image\"><img decoding=\"async\" src=\"https:\/\/ci6.googleusercontent.com\/proxy\/e5Azrm0WdmjR8IRT09QBu4Npshyf1Yo6_8xLVSaUKmwpqE8_V8l0HwWvvJmsJj2GUkhrM2NCwx9MRmtcYzCaFBn9Rpx3GJFkF_yZyxx2ZPKvJKPBAtgaasRsjwDfd7jW7f9nHR9gt9vnMmH6Nzo854gQB4sM_UFuVpSIY5mBtm4e8A=s0-d-e1-ft#https:\/\/mailprensa.came.org.ar\/data\/1899c60d3e88c767f20949a98d5003460b14bf85\/media_files\/587\/original\/image.png\" alt=\"\"\/><\/figure>\n\n\n\n<figure class=\"wp-block-table\"><table><tbody><tr><td>&nbsp;<\/td><\/tr><tr><td>&nbsp;<\/td><td>&nbsp;<\/td><\/tr><\/tbody><\/table><\/figure>\n\n\n\n<p><strong>&nbsp; An\u00e1lisis sectorial<\/strong><\/p>\n\n\n\n<p>En noviembre, tres de los siete rubros registraron subas interanuales en sus ventas, lideradas por Bazar, decoraci\u00f3n, textiles del hogar y muebles (+4,3% anual). En cambio, cuatro ramos retrocedieron, con la mayor baja en Alimentos y bebidas (-7,7% anual).<\/p>\n\n\n\n<figure class=\"wp-block-image\"><img decoding=\"async\" src=\"https:\/\/ci5.googleusercontent.com\/proxy\/hsRhwDeuLErWYtvRhKZewS7_rVZIE-R7rGfZ_ZRH9Cke8P64VjhhMomvwA70MyW8lEDVh0ygS_CvqymJFIrdjQ12IhXt9p1Cn4Ctz-EL7JGkHdufUIfB6qMvcIi062c2M-zNN3-7ND5mt4VY7_-Ff6Ify9YMPuHOT4cEoOFirRAflw=s0-d-e1-ft#https:\/\/mailprensa.came.org.ar\/data\/1899c60d3e88c767f20949a98d5003460b14bf85\/media_files\/588\/original\/image.png\" alt=\"\"\/><\/figure>\n\n\n\n<figure class=\"wp-block-table\"><table><tbody><tr><td>&nbsp;<\/td><\/tr><tr><td>&nbsp;<\/td><td>&nbsp;<\/td><\/tr><\/tbody><\/table><\/figure>\n\n\n\n<p><strong>Alimentos y bebidas<\/strong><\/p>\n\n\n\n<figure class=\"wp-block-image\"><img decoding=\"async\" src=\"https:\/\/ci3.googleusercontent.com\/proxy\/rAqHwlTds2YpxUg7l9vtrqY3nI5MeuxjFtf9E3Oqux9XRED_Nvmrh70kZLYopULrUqMCeLPUuwPOn0ClZhZhA6mbJAcjw6v0BOskdrgYlPXjY8hI4IOu4ExoUnC0RbN2sDRKcz0T1eJM_AKexQjRW_VAyIJF6ErGMVH5oi30rz6VmQ=s0-d-e1-ft#https:\/\/mailprensa.came.org.ar\/data\/1899c60d3e88c767f20949a98d5003460b14bf85\/media_files\/589\/original\/image.png\" alt=\"\"\/><\/figure>\n\n\n\n<p>Las ventas se retrajeron 7,7% anual en noviembre, a precios constantes y acumulan una disminuci\u00f3n de 3,3% en los primeros 11 meses del a\u00f1o frente al mismo periodo de 2022. En la comparaci\u00f3n intermensual, crecieron 0,4%. La ca\u00edda en el poder de compra del ingreso est\u00e1 afectando al consumo de bienes b\u00e1sicos. La gente cuid\u00f3 sus gastos, busc\u00f3 ofertas en hipermercados, fraccion\u00f3 compras, sustituy\u00f3 primeras marcas por segundas y terceras. En el rubro carnicer\u00edas, las fuertes subas de precios alejaron a los compradores, lo mismo sucedi\u00f3 en verduler\u00edas, con algunos productos verdes y el tomate. Los negocios advirtieron por aumentos de hasta 40% en productos como levaduras, aditivos, quesos, fiambres, frutos secos, golosinas, y otros m\u00e1s b\u00e1sicos como el pan. Quienes tuvieron un excelente mes, fueron los comercios de frontera con pa\u00edses lim\u00edtrofes, especialmente con Uruguay.<\/p>\n\n\n\n<p>\u201cLa mercader\u00eda lleg\u00f3 con aumentos de entre 35% y 45% este mes y despu\u00e9s del ballotage hubo muchos faltantes\u201d (Comercio de la ciudad de C\u00f3rdoba).<\/p>\n\n\n\n<p>\u201cHubo aumentos muy fuertes en la mercader\u00eda, la gente estuvo muy prudente todo el mes, y adem\u00e1s noviembre siempre es malo\u201d (Comercio de Godoy Cruz, Mendoza).<\/p>\n\n\n\n<figure class=\"wp-block-table\"><table><tbody><tr><td>&nbsp;<\/td><\/tr><tr><td>&nbsp;<\/td><td>&nbsp;<\/td><\/tr><\/tbody><\/table><\/figure>\n\n\n\n<p><strong>Bazar, decoraci\u00f3n, textiles para el hogar y muebles<\/strong><\/p>\n\n\n\n<figure class=\"wp-block-image\"><img decoding=\"async\" src=\"https:\/\/ci6.googleusercontent.com\/proxy\/H1aBMfppwzoJolHo_W4nnq7x9NavXvGBjV3MhqnB8a071pKY8Bt1oJEA_jmN0w22Yvatl8jzdSSdRBWCkTKSP8Cfjo11_rPdja6VlBLxoVgBEVANp_732LQdJ6fZJKm7xEQMP1eBpMJv-p384yd_-k5IO2Zc9n3wPBIhlpB6JMRrBw=s0-d-e1-ft#https:\/\/mailprensa.came.org.ar\/data\/1899c60d3e88c767f20949a98d5003460b14bf85\/media_files\/590\/original\/image.png\" alt=\"\"\/><\/figure>\n\n\n\n<p>Las ventas tuvieron un ascenso del 4,3% anual en noviembre, a precios constantes y llevan un declive del 0,6% en los once meses del a\u00f1o, comparado al mismo periodo de 2022. Contra el mes pasado, en cambio, cayeron 2%. Hay muchos departamentos amobl\u00e1ndose para el alquiler temporario a turistas que est\u00e1n moviendo el mercado en este rubro. Algunos comercios se\u00f1alaron que hay gente anticipando compras de fin de a\u00f1o por temor a que se disparen los precios. Un factor que preocupa al sector es que los proveedores est\u00e1n pidiendo pago anticipado para las compras de las fiestas y con precio abierto, a confirmar en la entrega.<\/p>\n\n\n\n<p>\u201cLos primeros d\u00edas del mes se vendi\u00f3 muy bien por los pr\u00e9stamos del gobierno, pero en la segunda quincena no se vendi\u00f3 nada\u201d (negocio de la ciudad de San Luis).<\/p>\n\n\n\n<p>\u201cLa lista de productos vienen con subas de 10% cada semana, lo que est\u00e1 en cuotas sin inter\u00e9s se vende bien, el resto poco\u201d (comercio de la ciudad de Mar del Plata en Provincia de Buenos Aires).<\/p>\n\n\n\n<figure class=\"wp-block-table\"><table><tbody><tr><td>&nbsp;<\/td><\/tr><tr><td>&nbsp;<\/td><td>&nbsp;<\/td><\/tr><\/tbody><\/table><\/figure>\n\n\n\n<p><strong>Calzado y marroquiner\u00eda<\/strong><\/p>\n\n\n\n<figure class=\"wp-block-image\"><img decoding=\"async\" src=\"https:\/\/ci3.googleusercontent.com\/proxy\/kcygX8sYbwS-ypWmG3gHYC9VXaCC080hlcd21fxxwsvhR64OEG1sNlph4b4ekubUiMjodLlv4Pq5XzvQ28wypcFivnzVrJX7esQxUbXxQpeg3cvT1aRrALZ1uxvsipYkaKFu8yDNkjfoYPd5JvYyGtAarRlwCPIqEVGQ5x3TbSYbPg=s0-d-e1-ft#https:\/\/mailprensa.came.org.ar\/data\/1899c60d3e88c767f20949a98d5003460b14bf85\/media_files\/591\/original\/image.png\" alt=\"\"\/><\/figure>\n\n\n\n<p>Las ventas crecieron 1,3% anual en noviembre, a precios constantes y registran un alza de 1,1% en los primeros 11 meses del corriente a\u00f1o frente al mismo periodo de 2022. En la comparaci\u00f3n intermensual cayeron 5%. Las ciudades receptoras de turismo fue donde mejor performance tuvieron los comercios de este rubro, e incluso pudieron terminar de vender el calzado de invierno, de m\u00e1s valor, que hab\u00eda quedado fuera de presupuesto para los consumidores locales. Las tiendas consultadas se\u00f1alaron que cuando hay opciones de financiamiento sin inter\u00e9s, las ventas se mueven bien, pero en una cuota o efectivo, la gente piensa m\u00e1s antes de comprar.<\/p>\n\n\n\n<p>\u201cNoviembre fue malo, pero noviembre del a\u00f1o pasado fue peor\u201d (negocio de la ciudad de Salta)<\/p>\n\n\n\n<p>\u201cLos proveedores no est\u00e1n enviando mercader\u00eda, est\u00e1n especulando con la asunci\u00f3n del nuevo gobierno, y es preocupante porque ahora comienza la mejor temporada del a\u00f1o, que es la venta por las fiestas\u201d (comercio de San Salvador de Jujuy).<\/p>\n\n\n\n<figure class=\"wp-block-table\"><table><tbody><tr><td><\/td><\/tr><tr><td>&nbsp;<\/td><td>&nbsp;<\/td><\/tr><\/tbody><\/table><\/figure>\n\n\n\n<p><strong>Farmacia<\/strong><\/p>\n\n\n\n<figure class=\"wp-block-image\"><img decoding=\"async\" src=\"https:\/\/ci5.googleusercontent.com\/proxy\/eXG68rjzTdQuA7RGtaLpjoGMtRZ1GmPpXw21zQ8o4dlUmjndgGhyGSGHyaRUbPh4HOiryYl9WT7y5307IJe9Oa3_swthD42jXnRA29OIhmWYMT8lSfwR6PVN-8eDHcUypSxkFLUZbn_9SkDAztb02Nsc7MlQeRg6GzQw9iwDuibE2A=s0-d-e1-ft#https:\/\/mailprensa.came.org.ar\/data\/1899c60d3e88c767f20949a98d5003460b14bf85\/media_files\/592\/original\/image.png\" alt=\"\"\/><\/figure>\n\n\n\n<p>Las ventas retrocedieron 4,4% anual, a precios constantes, aunque a\u00fan acumulan un crecimiento de 1,7% en los primeros once meses del a\u00f1o frente al mismo periodo de 2022. En la comparaci\u00f3n intermensual, subieron 1,1%. El mayor problema que tienen las farmacias hoy es la falta de productos de algunas marcas y drogas, y la demora en las entregas de los proveedores, ya sea por faltantes o por especulaci\u00f3n. Algunas farmacias consultadas sienten que almacenaron demasiado stock, para un mercado que hoy no convalida los niveles de precios de muchos productos y amaga con estancarse.<\/p>\n\n\n\n<p>\u201cLos medicamentos aumentan cada semana, tenemos problemas con las obras sociales y las prepagas est\u00e1n restringiendo algunos medicamentos del vademecum\u201d (farmacia de la localidad de San Mart\u00edn en Provincia de Buenos Aires).<\/p>\n\n\n\n<p>\u201cCreo que compramos una barbaridad de stock, porque pens\u00e1bamos en un buen verano, y entre que el r\u00edo va a estar crecido y no habr\u00e1 playas y que la gente no tiene dinero, nos va a sobrar muchas mercader\u00edas como repelentes y cremas solares\u201d (farmacia de Concepci\u00f3n del Uruguay, en Entre R\u00edos).<\/p>\n","protected":false},"excerpt":{"rendered":"<p>El clima electoral le puso extrema prudencia al consumo, pero lo que m\u00e1s incidi\u00f3 en el declive del mes fueron las fuertes subas de precios que generaron una p\u00e9rdida clara en el poder adquisitivo del ingreso familiar<\/p>\n","protected":false},"author":2,"featured_media":115799,"comment_status":"closed","ping_status":"open","sticky":false,"template":"","format":"standard","meta":{"footnotes":""},"categories":[49],"tags":[9653],"class_list":["post-115797","post","type-post","status-publish","format-standard","has-post-thumbnail","hentry","category-c3nota3","tag-economia-came"],"yoast_head":"<!-- This site is optimized with the Yoast SEO plugin v23.4 - https:\/\/yoast.com\/wordpress\/plugins\/seo\/ -->\n<title>Ventas minoristas Pymes: 11 meses consecutivos en baja - Infoecos<\/title>\n<meta name=\"robots\" content=\"index, follow, max-snippet:-1, max-image-preview:large, max-video-preview:-1\" \/>\n<link rel=\"canonical\" href=\"https:\/\/infoecos.com.ar\/index.php\/las-ventas-minoristas-pyme-cayeron-29-anual-en-noviembre\/\" \/>\n<meta property=\"og:locale\" content=\"es_ES\" \/>\n<meta property=\"og:type\" content=\"article\" \/>\n<meta property=\"og:title\" content=\"Ventas minoristas Pymes: 11 meses consecutivos en baja - Infoecos\" \/>\n<meta property=\"og:description\" content=\"El clima electoral le puso extrema prudencia al consumo, pero lo que m\u00e1s incidi\u00f3 en el declive del mes fueron las fuertes subas de precios que generaron una p\u00e9rdida clara en el poder adquisitivo del ingreso familiar\" \/>\n<meta property=\"og:url\" content=\"https:\/\/infoecos.com.ar\/index.php\/las-ventas-minoristas-pyme-cayeron-29-anual-en-noviembre\/\" \/>\n<meta property=\"og:site_name\" content=\"Infoecos\" \/>\n<meta property=\"article:publisher\" content=\"https:\/\/www.facebook.com\/profile.php?id=100063200290284\" \/>\n<meta property=\"article:published_time\" content=\"2023-12-04T11:54:06+00:00\" \/>\n<meta property=\"article:modified_time\" content=\"2023-12-04T12:21:43+00:00\" \/>\n<meta property=\"og:image\" content=\"https:\/\/infoecos.com.ar\/wp-content\/uploads\/2023\/12\/CAME.jpg\" \/>\n\t<meta property=\"og:image:width\" content=\"291\" \/>\n\t<meta property=\"og:image:height\" content=\"161\" \/>\n\t<meta property=\"og:image:type\" content=\"image\/jpeg\" \/>\n<meta name=\"author\" content=\"Jorge Matheus\" \/>\n<meta name=\"twitter:card\" content=\"summary_large_image\" \/>\n<meta name=\"twitter:creator\" content=\"@infoecos\" \/>\n<meta name=\"twitter:site\" content=\"@infoecos\" \/>\n<meta name=\"twitter:label1\" content=\"Escrito por\" \/>\n\t<meta name=\"twitter:data1\" content=\"Jorge Matheus\" \/>\n\t<meta name=\"twitter:label2\" content=\"Tiempo de lectura\" \/>\n\t<meta name=\"twitter:data2\" content=\"6 minutos\" \/>\n<script type=\"application\/ld+json\" class=\"yoast-schema-graph\">{\"@context\":\"https:\/\/schema.org\",\"@graph\":[{\"@type\":\"Article\",\"@id\":\"https:\/\/infoecos.com.ar\/index.php\/las-ventas-minoristas-pyme-cayeron-29-anual-en-noviembre\/#article\",\"isPartOf\":{\"@id\":\"https:\/\/infoecos.com.ar\/index.php\/las-ventas-minoristas-pyme-cayeron-29-anual-en-noviembre\/\"},\"author\":{\"name\":\"Jorge Matheus\",\"@id\":\"https:\/\/infoecos.com.ar\/#\/schema\/person\/8f5ace5ce73b4b4aac4b7245aee6f191\"},\"headline\":\"Ventas minoristas Pymes: 11 meses consecutivos en baja\",\"datePublished\":\"2023-12-04T11:54:06+00:00\",\"dateModified\":\"2023-12-04T12:21:43+00:00\",\"mainEntityOfPage\":{\"@id\":\"https:\/\/infoecos.com.ar\/index.php\/las-ventas-minoristas-pyme-cayeron-29-anual-en-noviembre\/\"},\"wordCount\":1056,\"publisher\":{\"@id\":\"https:\/\/infoecos.com.ar\/#organization\"},\"image\":{\"@id\":\"https:\/\/infoecos.com.ar\/index.php\/las-ventas-minoristas-pyme-cayeron-29-anual-en-noviembre\/#primaryimage\"},\"thumbnailUrl\":\"https:\/\/infoecos.com.ar\/wp-content\/uploads\/2023\/12\/CAME.jpg\",\"keywords\":[\"ECONOM\u00cdA - CAME\"],\"articleSection\":[\"C3 N3\"],\"inLanguage\":\"es\"},{\"@type\":\"WebPage\",\"@id\":\"https:\/\/infoecos.com.ar\/index.php\/las-ventas-minoristas-pyme-cayeron-29-anual-en-noviembre\/\",\"url\":\"https:\/\/infoecos.com.ar\/index.php\/las-ventas-minoristas-pyme-cayeron-29-anual-en-noviembre\/\",\"name\":\"Ventas minoristas Pymes: 11 meses consecutivos en baja - Infoecos\",\"isPartOf\":{\"@id\":\"https:\/\/infoecos.com.ar\/#website\"},\"primaryImageOfPage\":{\"@id\":\"https:\/\/infoecos.com.ar\/index.php\/las-ventas-minoristas-pyme-cayeron-29-anual-en-noviembre\/#primaryimage\"},\"image\":{\"@id\":\"https:\/\/infoecos.com.ar\/index.php\/las-ventas-minoristas-pyme-cayeron-29-anual-en-noviembre\/#primaryimage\"},\"thumbnailUrl\":\"https:\/\/infoecos.com.ar\/wp-content\/uploads\/2023\/12\/CAME.jpg\",\"datePublished\":\"2023-12-04T11:54:06+00:00\",\"dateModified\":\"2023-12-04T12:21:43+00:00\",\"breadcrumb\":{\"@id\":\"https:\/\/infoecos.com.ar\/index.php\/las-ventas-minoristas-pyme-cayeron-29-anual-en-noviembre\/#breadcrumb\"},\"inLanguage\":\"es\",\"potentialAction\":[{\"@type\":\"ReadAction\",\"target\":[\"https:\/\/infoecos.com.ar\/index.php\/las-ventas-minoristas-pyme-cayeron-29-anual-en-noviembre\/\"]}]},{\"@type\":\"ImageObject\",\"inLanguage\":\"es\",\"@id\":\"https:\/\/infoecos.com.ar\/index.php\/las-ventas-minoristas-pyme-cayeron-29-anual-en-noviembre\/#primaryimage\",\"url\":\"https:\/\/infoecos.com.ar\/wp-content\/uploads\/2023\/12\/CAME.jpg\",\"contentUrl\":\"https:\/\/infoecos.com.ar\/wp-content\/uploads\/2023\/12\/CAME.jpg\",\"width\":291,\"height\":161},{\"@type\":\"BreadcrumbList\",\"@id\":\"https:\/\/infoecos.com.ar\/index.php\/las-ventas-minoristas-pyme-cayeron-29-anual-en-noviembre\/#breadcrumb\",\"itemListElement\":[{\"@type\":\"ListItem\",\"position\":1,\"name\":\"Portada\",\"item\":\"https:\/\/infoecos.com.ar\/\"},{\"@type\":\"ListItem\",\"position\":2,\"name\":\"Ventas minoristas Pymes: 11 meses consecutivos en baja\"}]},{\"@type\":\"WebSite\",\"@id\":\"https:\/\/infoecos.com.ar\/#website\",\"url\":\"https:\/\/infoecos.com.ar\/\",\"name\":\"Infoecos\",\"description\":\"Noticias de trenque lauquen y la zona\",\"publisher\":{\"@id\":\"https:\/\/infoecos.com.ar\/#organization\"},\"alternateName\":\"Noticias\",\"potentialAction\":[{\"@type\":\"SearchAction\",\"target\":{\"@type\":\"EntryPoint\",\"urlTemplate\":\"https:\/\/infoecos.com.ar\/?s={search_term_string}\"},\"query-input\":{\"@type\":\"PropertyValueSpecification\",\"valueRequired\":true,\"valueName\":\"search_term_string\"}}],\"inLanguage\":\"es\"},{\"@type\":\"Organization\",\"@id\":\"https:\/\/infoecos.com.ar\/#organization\",\"name\":\"Infoecos\",\"alternateName\":\"Noticias\",\"url\":\"https:\/\/infoecos.com.ar\/\",\"logo\":{\"@type\":\"ImageObject\",\"inLanguage\":\"es\",\"@id\":\"https:\/\/infoecos.com.ar\/#\/schema\/logo\/image\/\",\"url\":\"https:\/\/infoecos.com.ar\/wp-content\/uploads\/2024\/03\/cropped-logo.png\",\"contentUrl\":\"https:\/\/infoecos.com.ar\/wp-content\/uploads\/2024\/03\/cropped-logo.png\",\"width\":374,\"height\":90,\"caption\":\"Infoecos\"},\"image\":{\"@id\":\"https:\/\/infoecos.com.ar\/#\/schema\/logo\/image\/\"},\"sameAs\":[\"https:\/\/www.facebook.com\/profile.php?id=100063200290284\",\"https:\/\/x.com\/infoecos\"]},{\"@type\":\"Person\",\"@id\":\"https:\/\/infoecos.com.ar\/#\/schema\/person\/8f5ace5ce73b4b4aac4b7245aee6f191\",\"name\":\"Jorge Matheus\",\"url\":\"https:\/\/infoecos.com.ar\/index.php\/author\/jomatheus\/\"}]}<\/script>\n<!-- \/ Yoast SEO plugin. -->","yoast_head_json":{"title":"Ventas minoristas Pymes: 11 meses consecutivos en baja - Infoecos","robots":{"index":"index","follow":"follow","max-snippet":"max-snippet:-1","max-image-preview":"max-image-preview:large","max-video-preview":"max-video-preview:-1"},"canonical":"https:\/\/infoecos.com.ar\/index.php\/las-ventas-minoristas-pyme-cayeron-29-anual-en-noviembre\/","og_locale":"es_ES","og_type":"article","og_title":"Ventas minoristas Pymes: 11 meses consecutivos en baja - Infoecos","og_description":"El clima electoral le puso extrema prudencia al consumo, pero lo que m\u00e1s incidi\u00f3 en el declive del mes fueron las fuertes subas de precios que generaron una p\u00e9rdida clara en el poder adquisitivo del ingreso familiar","og_url":"https:\/\/infoecos.com.ar\/index.php\/las-ventas-minoristas-pyme-cayeron-29-anual-en-noviembre\/","og_site_name":"Infoecos","article_publisher":"https:\/\/www.facebook.com\/profile.php?id=100063200290284","article_published_time":"2023-12-04T11:54:06+00:00","article_modified_time":"2023-12-04T12:21:43+00:00","og_image":[{"width":291,"height":161,"url":"https:\/\/infoecos.com.ar\/wp-content\/uploads\/2023\/12\/CAME.jpg","type":"image\/jpeg"}],"author":"Jorge Matheus","twitter_card":"summary_large_image","twitter_creator":"@infoecos","twitter_site":"@infoecos","twitter_misc":{"Escrito por":"Jorge Matheus","Tiempo de lectura":"6 minutos"},"schema":{"@context":"https:\/\/schema.org","@graph":[{"@type":"Article","@id":"https:\/\/infoecos.com.ar\/index.php\/las-ventas-minoristas-pyme-cayeron-29-anual-en-noviembre\/#article","isPartOf":{"@id":"https:\/\/infoecos.com.ar\/index.php\/las-ventas-minoristas-pyme-cayeron-29-anual-en-noviembre\/"},"author":{"name":"Jorge Matheus","@id":"https:\/\/infoecos.com.ar\/#\/schema\/person\/8f5ace5ce73b4b4aac4b7245aee6f191"},"headline":"Ventas minoristas Pymes: 11 meses consecutivos en baja","datePublished":"2023-12-04T11:54:06+00:00","dateModified":"2023-12-04T12:21:43+00:00","mainEntityOfPage":{"@id":"https:\/\/infoecos.com.ar\/index.php\/las-ventas-minoristas-pyme-cayeron-29-anual-en-noviembre\/"},"wordCount":1056,"publisher":{"@id":"https:\/\/infoecos.com.ar\/#organization"},"image":{"@id":"https:\/\/infoecos.com.ar\/index.php\/las-ventas-minoristas-pyme-cayeron-29-anual-en-noviembre\/#primaryimage"},"thumbnailUrl":"https:\/\/infoecos.com.ar\/wp-content\/uploads\/2023\/12\/CAME.jpg","keywords":["ECONOM\u00cdA - CAME"],"articleSection":["C3 N3"],"inLanguage":"es"},{"@type":"WebPage","@id":"https:\/\/infoecos.com.ar\/index.php\/las-ventas-minoristas-pyme-cayeron-29-anual-en-noviembre\/","url":"https:\/\/infoecos.com.ar\/index.php\/las-ventas-minoristas-pyme-cayeron-29-anual-en-noviembre\/","name":"Ventas minoristas Pymes: 11 meses consecutivos en baja - Infoecos","isPartOf":{"@id":"https:\/\/infoecos.com.ar\/#website"},"primaryImageOfPage":{"@id":"https:\/\/infoecos.com.ar\/index.php\/las-ventas-minoristas-pyme-cayeron-29-anual-en-noviembre\/#primaryimage"},"image":{"@id":"https:\/\/infoecos.com.ar\/index.php\/las-ventas-minoristas-pyme-cayeron-29-anual-en-noviembre\/#primaryimage"},"thumbnailUrl":"https:\/\/infoecos.com.ar\/wp-content\/uploads\/2023\/12\/CAME.jpg","datePublished":"2023-12-04T11:54:06+00:00","dateModified":"2023-12-04T12:21:43+00:00","breadcrumb":{"@id":"https:\/\/infoecos.com.ar\/index.php\/las-ventas-minoristas-pyme-cayeron-29-anual-en-noviembre\/#breadcrumb"},"inLanguage":"es","potentialAction":[{"@type":"ReadAction","target":["https:\/\/infoecos.com.ar\/index.php\/las-ventas-minoristas-pyme-cayeron-29-anual-en-noviembre\/"]}]},{"@type":"ImageObject","inLanguage":"es","@id":"https:\/\/infoecos.com.ar\/index.php\/las-ventas-minoristas-pyme-cayeron-29-anual-en-noviembre\/#primaryimage","url":"https:\/\/infoecos.com.ar\/wp-content\/uploads\/2023\/12\/CAME.jpg","contentUrl":"https:\/\/infoecos.com.ar\/wp-content\/uploads\/2023\/12\/CAME.jpg","width":291,"height":161},{"@type":"BreadcrumbList","@id":"https:\/\/infoecos.com.ar\/index.php\/las-ventas-minoristas-pyme-cayeron-29-anual-en-noviembre\/#breadcrumb","itemListElement":[{"@type":"ListItem","position":1,"name":"Portada","item":"https:\/\/infoecos.com.ar\/"},{"@type":"ListItem","position":2,"name":"Ventas minoristas Pymes: 11 meses consecutivos en baja"}]},{"@type":"WebSite","@id":"https:\/\/infoecos.com.ar\/#website","url":"https:\/\/infoecos.com.ar\/","name":"Infoecos","description":"Noticias de trenque lauquen y la zona","publisher":{"@id":"https:\/\/infoecos.com.ar\/#organization"},"alternateName":"Noticias","potentialAction":[{"@type":"SearchAction","target":{"@type":"EntryPoint","urlTemplate":"https:\/\/infoecos.com.ar\/?s={search_term_string}"},"query-input":{"@type":"PropertyValueSpecification","valueRequired":true,"valueName":"search_term_string"}}],"inLanguage":"es"},{"@type":"Organization","@id":"https:\/\/infoecos.com.ar\/#organization","name":"Infoecos","alternateName":"Noticias","url":"https:\/\/infoecos.com.ar\/","logo":{"@type":"ImageObject","inLanguage":"es","@id":"https:\/\/infoecos.com.ar\/#\/schema\/logo\/image\/","url":"https:\/\/infoecos.com.ar\/wp-content\/uploads\/2024\/03\/cropped-logo.png","contentUrl":"https:\/\/infoecos.com.ar\/wp-content\/uploads\/2024\/03\/cropped-logo.png","width":374,"height":90,"caption":"Infoecos"},"image":{"@id":"https:\/\/infoecos.com.ar\/#\/schema\/logo\/image\/"},"sameAs":["https:\/\/www.facebook.com\/profile.php?id=100063200290284","https:\/\/x.com\/infoecos"]},{"@type":"Person","@id":"https:\/\/infoecos.com.ar\/#\/schema\/person\/8f5ace5ce73b4b4aac4b7245aee6f191","name":"Jorge Matheus","url":"https:\/\/infoecos.com.ar\/index.php\/author\/jomatheus\/"}]}},"featured_image_urls":{"full":["https:\/\/infoecos.com.ar\/wp-content\/uploads\/2023\/12\/CAME.jpg",291,161,false],"thumbnail":["https:\/\/infoecos.com.ar\/wp-content\/uploads\/2023\/12\/CAME-291x150.jpg",291,150,true],"medium":["https:\/\/infoecos.com.ar\/wp-content\/uploads\/2023\/12\/CAME.jpg",291,161,false],"medium_large":["https:\/\/infoecos.com.ar\/wp-content\/uploads\/2023\/12\/CAME.jpg",291,161,false],"large":["https:\/\/infoecos.com.ar\/wp-content\/uploads\/2023\/12\/CAME.jpg",291,161,false],"1536x1536":["https:\/\/infoecos.com.ar\/wp-content\/uploads\/2023\/12\/CAME.jpg",291,161,false],"2048x2048":["https:\/\/infoecos.com.ar\/wp-content\/uploads\/2023\/12\/CAME.jpg",291,161,false],"covernews-slider-full":["https:\/\/infoecos.com.ar\/wp-content\/uploads\/2023\/12\/CAME.jpg",291,161,false],"covernews-slider-center":["https:\/\/infoecos.com.ar\/wp-content\/uploads\/2023\/12\/CAME.jpg",291,161,false],"covernews-featured":["https:\/\/infoecos.com.ar\/wp-content\/uploads\/2023\/12\/CAME.jpg",291,161,false],"covernews-medium":["https:\/\/infoecos.com.ar\/wp-content\/uploads\/2023\/12\/CAME.jpg",291,161,false],"covernews-medium-square":["https:\/\/infoecos.com.ar\/wp-content\/uploads\/2023\/12\/CAME.jpg",291,161,false]},"author_info":{"info":["Jorge Matheus"]},"category_info":"<a href=\"https:\/\/infoecos.com.ar\/index.php\/category\/c3nota3\/\" rel=\"category tag\">C3 N3<\/a>","tag_info":"C3 N3","comment_count":"0","_links":{"self":[{"href":"https:\/\/infoecos.com.ar\/index.php\/wp-json\/wp\/v2\/posts\/115797"}],"collection":[{"href":"https:\/\/infoecos.com.ar\/index.php\/wp-json\/wp\/v2\/posts"}],"about":[{"href":"https:\/\/infoecos.com.ar\/index.php\/wp-json\/wp\/v2\/types\/post"}],"author":[{"embeddable":true,"href":"https:\/\/infoecos.com.ar\/index.php\/wp-json\/wp\/v2\/users\/2"}],"replies":[{"embeddable":true,"href":"https:\/\/infoecos.com.ar\/index.php\/wp-json\/wp\/v2\/comments?post=115797"}],"version-history":[{"count":2,"href":"https:\/\/infoecos.com.ar\/index.php\/wp-json\/wp\/v2\/posts\/115797\/revisions"}],"predecessor-version":[{"id":115801,"href":"https:\/\/infoecos.com.ar\/index.php\/wp-json\/wp\/v2\/posts\/115797\/revisions\/115801"}],"wp:featuredmedia":[{"embeddable":true,"href":"https:\/\/infoecos.com.ar\/index.php\/wp-json\/wp\/v2\/media\/115799"}],"wp:attachment":[{"href":"https:\/\/infoecos.com.ar\/index.php\/wp-json\/wp\/v2\/media?parent=115797"}],"wp:term":[{"taxonomy":"category","embeddable":true,"href":"https:\/\/infoecos.com.ar\/index.php\/wp-json\/wp\/v2\/categories?post=115797"},{"taxonomy":"post_tag","embeddable":true,"href":"https:\/\/infoecos.com.ar\/index.php\/wp-json\/wp\/v2\/tags?post=115797"}],"curies":[{"name":"wp","href":"https:\/\/api.w.org\/{rel}","templated":true}]}}