{"id":115802,"date":"2023-12-04T09:39:29","date_gmt":"2023-12-04T12:39:29","guid":{"rendered":"https:\/\/infoecos.com.ar\/?p=115802"},"modified":"2023-12-05T13:47:45","modified_gmt":"2023-12-05T16:47:45","slug":"en-un-nuevo-aniversario-de-pigue-se-sirvio-la-omelette-gigante","status":"publish","type":"post","link":"https:\/\/infoecos.com.ar\/index.php\/en-un-nuevo-aniversario-de-pigue-se-sirvio-la-omelette-gigante\/","title":{"rendered":"En un nuevo aniversario de Pig\u00fc\u00e9 se sirvi\u00f3 la Omelette Gigante"},"content":{"rendered":"\n<p>Se sirvi\u00f3 el Omelette Gigante en el Parque Municipal de Pig\u00fc\u00e9. <\/p>\n\n\n\n<p>Miles de vecinos y turistas de las regi\u00f3n, el pa\u00eds y hasta del exterior, disfrutaron de un evento \u00fanico en Sudam\u00e9rica, la omelette elaborada por los Caballeros de la Cofrad\u00eda Mundial.<\/p>\n\n\n\n<figure class=\"wp-block-gallery has-nested-images columns-default is-cropped wp-block-gallery-1 is-layout-flex wp-block-gallery-is-layout-flex\">\n<figure class=\"wp-block-image size-large\"><img loading=\"lazy\" decoding=\"async\" width=\"1600\" height=\"1068\" data-id=\"115806\" src=\"https:\/\/infoecos.com.ar\/wp-content\/uploads\/2023\/12\/omelet6-1600x1068.jpg\" alt=\"\" class=\"wp-image-115806\" srcset=\"https:\/\/infoecos.com.ar\/wp-content\/uploads\/2023\/12\/omelet6-1600x1068.jpg 1600w, https:\/\/infoecos.com.ar\/wp-content\/uploads\/2023\/12\/omelet6-800x534.jpg 800w, https:\/\/infoecos.com.ar\/wp-content\/uploads\/2023\/12\/omelet6-768x512.jpg 768w, https:\/\/infoecos.com.ar\/wp-content\/uploads\/2023\/12\/omelet6-1536x1025.jpg 1536w, https:\/\/infoecos.com.ar\/wp-content\/uploads\/2023\/12\/omelet6-1024x683.jpg 1024w, https:\/\/infoecos.com.ar\/wp-content\/uploads\/2023\/12\/omelet6-675x450.jpg 675w, https:\/\/infoecos.com.ar\/wp-content\/uploads\/2023\/12\/omelet6.jpg 1920w\" sizes=\"(max-width: 1600px) 100vw, 1600px\" \/><figcaption class=\"wp-element-caption\">Foto: Semanario Reflejos de Pig\u00fc\u00e9<\/figcaption><\/figure>\n\n\n\n<figure class=\"wp-block-image size-large\"><img loading=\"lazy\" decoding=\"async\" width=\"1600\" height=\"1068\" data-id=\"115805\" src=\"https:\/\/infoecos.com.ar\/wp-content\/uploads\/2023\/12\/omelete1-1600x1068.jpg\" alt=\"\" class=\"wp-image-115805\" srcset=\"https:\/\/infoecos.com.ar\/wp-content\/uploads\/2023\/12\/omelete1-1600x1068.jpg 1600w, https:\/\/infoecos.com.ar\/wp-content\/uploads\/2023\/12\/omelete1-800x534.jpg 800w, https:\/\/infoecos.com.ar\/wp-content\/uploads\/2023\/12\/omelete1-768x512.jpg 768w, https:\/\/infoecos.com.ar\/wp-content\/uploads\/2023\/12\/omelete1-1536x1025.jpg 1536w, https:\/\/infoecos.com.ar\/wp-content\/uploads\/2023\/12\/omelete1-1024x683.jpg 1024w, https:\/\/infoecos.com.ar\/wp-content\/uploads\/2023\/12\/omelete1-675x450.jpg 675w, https:\/\/infoecos.com.ar\/wp-content\/uploads\/2023\/12\/omelete1.jpg 1920w\" sizes=\"(max-width: 1600px) 100vw, 1600px\" \/><figcaption class=\"wp-element-caption\">Foto: Semanario Reflejos de Pig\u00fc\u00e9<\/figcaption><\/figure>\n\n\n\n<figure class=\"wp-block-image size-large\"><img loading=\"lazy\" decoding=\"async\" width=\"1600\" height=\"1068\" data-id=\"115808\" src=\"https:\/\/infoecos.com.ar\/wp-content\/uploads\/2023\/12\/omelete2-1600x1068.jpg\" alt=\"\" class=\"wp-image-115808\" srcset=\"https:\/\/infoecos.com.ar\/wp-content\/uploads\/2023\/12\/omelete2-1600x1068.jpg 1600w, https:\/\/infoecos.com.ar\/wp-content\/uploads\/2023\/12\/omelete2-800x534.jpg 800w, https:\/\/infoecos.com.ar\/wp-content\/uploads\/2023\/12\/omelete2-768x512.jpg 768w, https:\/\/infoecos.com.ar\/wp-content\/uploads\/2023\/12\/omelete2-1536x1025.jpg 1536w, https:\/\/infoecos.com.ar\/wp-content\/uploads\/2023\/12\/omelete2-1024x683.jpg 1024w, https:\/\/infoecos.com.ar\/wp-content\/uploads\/2023\/12\/omelete2-675x450.jpg 675w, https:\/\/infoecos.com.ar\/wp-content\/uploads\/2023\/12\/omelete2.jpg 1920w\" sizes=\"(max-width: 1600px) 100vw, 1600px\" \/><figcaption class=\"wp-element-caption\">Foto: Semanario Reflejos de Pig\u00fc\u00e9<\/figcaption><\/figure>\n\n\n\n<figure class=\"wp-block-image size-large\"><img loading=\"lazy\" decoding=\"async\" width=\"1600\" height=\"1068\" data-id=\"115803\" src=\"https:\/\/infoecos.com.ar\/wp-content\/uploads\/2023\/12\/omelete3-1600x1068.jpg\" alt=\"\" class=\"wp-image-115803\" srcset=\"https:\/\/infoecos.com.ar\/wp-content\/uploads\/2023\/12\/omelete3-1600x1068.jpg 1600w, https:\/\/infoecos.com.ar\/wp-content\/uploads\/2023\/12\/omelete3-800x534.jpg 800w, https:\/\/infoecos.com.ar\/wp-content\/uploads\/2023\/12\/omelete3-768x512.jpg 768w, https:\/\/infoecos.com.ar\/wp-content\/uploads\/2023\/12\/omelete3-1536x1025.jpg 1536w, https:\/\/infoecos.com.ar\/wp-content\/uploads\/2023\/12\/omelete3-1024x683.jpg 1024w, https:\/\/infoecos.com.ar\/wp-content\/uploads\/2023\/12\/omelete3-675x450.jpg 675w, https:\/\/infoecos.com.ar\/wp-content\/uploads\/2023\/12\/omelete3.jpg 1920w\" sizes=\"(max-width: 1600px) 100vw, 1600px\" \/><figcaption class=\"wp-element-caption\">Foto: Semanario Reflejos de Pig\u00fc\u00e9<\/figcaption><\/figure>\n\n\n\n<figure class=\"wp-block-image size-large\"><img loading=\"lazy\" decoding=\"async\" width=\"1600\" height=\"1068\" data-id=\"115804\" src=\"https:\/\/infoecos.com.ar\/wp-content\/uploads\/2023\/12\/omelete4-1600x1068.jpg\" alt=\"\" class=\"wp-image-115804\" srcset=\"https:\/\/infoecos.com.ar\/wp-content\/uploads\/2023\/12\/omelete4-1600x1068.jpg 1600w, https:\/\/infoecos.com.ar\/wp-content\/uploads\/2023\/12\/omelete4-800x534.jpg 800w, https:\/\/infoecos.com.ar\/wp-content\/uploads\/2023\/12\/omelete4-768x512.jpg 768w, https:\/\/infoecos.com.ar\/wp-content\/uploads\/2023\/12\/omelete4-1536x1025.jpg 1536w, https:\/\/infoecos.com.ar\/wp-content\/uploads\/2023\/12\/omelete4-1024x683.jpg 1024w, https:\/\/infoecos.com.ar\/wp-content\/uploads\/2023\/12\/omelete4-675x450.jpg 675w, https:\/\/infoecos.com.ar\/wp-content\/uploads\/2023\/12\/omelete4.jpg 1920w\" sizes=\"(max-width: 1600px) 100vw, 1600px\" \/><figcaption class=\"wp-element-caption\">Foto: Semanario Reflejos de Pig\u00fc\u00e9<\/figcaption><\/figure>\n\n\n\n<figure class=\"wp-block-image size-large\"><img loading=\"lazy\" decoding=\"async\" width=\"1600\" height=\"1068\" data-id=\"115807\" src=\"https:\/\/infoecos.com.ar\/wp-content\/uploads\/2023\/12\/omelete5-1600x1068.jpg\" alt=\"\" class=\"wp-image-115807\" srcset=\"https:\/\/infoecos.com.ar\/wp-content\/uploads\/2023\/12\/omelete5-1600x1068.jpg 1600w, https:\/\/infoecos.com.ar\/wp-content\/uploads\/2023\/12\/omelete5-800x534.jpg 800w, https:\/\/infoecos.com.ar\/wp-content\/uploads\/2023\/12\/omelete5-768x512.jpg 768w, https:\/\/infoecos.com.ar\/wp-content\/uploads\/2023\/12\/omelete5-1536x1025.jpg 1536w, https:\/\/infoecos.com.ar\/wp-content\/uploads\/2023\/12\/omelete5-1024x683.jpg 1024w, https:\/\/infoecos.com.ar\/wp-content\/uploads\/2023\/12\/omelete5-675x450.jpg 675w, https:\/\/infoecos.com.ar\/wp-content\/uploads\/2023\/12\/omelete5.jpg 1920w\" sizes=\"(max-width: 1600px) 100vw, 1600px\" \/><figcaption class=\"wp-element-caption\">Foto: Semanario Reflejos de Pig\u00fc\u00e9<\/figcaption><\/figure>\n<\/figure>\n\n\n\n<p>La Cofrad\u00eda Mundial de los Caballeros de la Omelette Gigante se gest\u00f3 en 1979 en Bessier\u00e8s, Francia. Luego pas\u00f3 a otras ciudades de ese origen en B\u00e9lgica, Canad\u00e1, Estados Unidos, las Islas de Nueva Caledonia en Ocean\u00eda y finalmente lleg\u00f3 a Pig\u00fc\u00e9 que fue fundada en 1884 por colonos franceses.<\/p>\n\n\n\n<figure class=\"wp-block-gallery has-nested-images columns-default is-cropped wp-block-gallery-2 is-layout-flex wp-block-gallery-is-layout-flex\">\n<figure class=\"wp-block-image size-large\"><img loading=\"lazy\" decoding=\"async\" width=\"1600\" height=\"1068\" data-id=\"115809\" src=\"https:\/\/infoecos.com.ar\/wp-content\/uploads\/2023\/12\/omelete7-1600x1068.jpg\" alt=\"\" class=\"wp-image-115809\" srcset=\"https:\/\/infoecos.com.ar\/wp-content\/uploads\/2023\/12\/omelete7-1600x1068.jpg 1600w, https:\/\/infoecos.com.ar\/wp-content\/uploads\/2023\/12\/omelete7-800x534.jpg 800w, https:\/\/infoecos.com.ar\/wp-content\/uploads\/2023\/12\/omelete7-768x512.jpg 768w, https:\/\/infoecos.com.ar\/wp-content\/uploads\/2023\/12\/omelete7-1536x1025.jpg 1536w, https:\/\/infoecos.com.ar\/wp-content\/uploads\/2023\/12\/omelete7-1024x683.jpg 1024w, https:\/\/infoecos.com.ar\/wp-content\/uploads\/2023\/12\/omelete7-675x450.jpg 675w, https:\/\/infoecos.com.ar\/wp-content\/uploads\/2023\/12\/omelete7.jpg 1920w\" sizes=\"(max-width: 1600px) 100vw, 1600px\" \/><figcaption class=\"wp-element-caption\">Foto: Semanario Reflejos de Pig\u00fc\u00e9<\/figcaption><\/figure>\n\n\n\n<figure class=\"wp-block-image size-large\"><img loading=\"lazy\" decoding=\"async\" width=\"1600\" height=\"1068\" data-id=\"115811\" src=\"https:\/\/infoecos.com.ar\/wp-content\/uploads\/2023\/12\/omelete8-1600x1068.jpg\" alt=\"\" class=\"wp-image-115811\" srcset=\"https:\/\/infoecos.com.ar\/wp-content\/uploads\/2023\/12\/omelete8-1600x1068.jpg 1600w, https:\/\/infoecos.com.ar\/wp-content\/uploads\/2023\/12\/omelete8-800x534.jpg 800w, https:\/\/infoecos.com.ar\/wp-content\/uploads\/2023\/12\/omelete8-768x512.jpg 768w, https:\/\/infoecos.com.ar\/wp-content\/uploads\/2023\/12\/omelete8-1536x1025.jpg 1536w, https:\/\/infoecos.com.ar\/wp-content\/uploads\/2023\/12\/omelete8-1024x683.jpg 1024w, https:\/\/infoecos.com.ar\/wp-content\/uploads\/2023\/12\/omelete8-675x450.jpg 675w, https:\/\/infoecos.com.ar\/wp-content\/uploads\/2023\/12\/omelete8.jpg 1920w\" sizes=\"(max-width: 1600px) 100vw, 1600px\" \/><figcaption class=\"wp-element-caption\">Foto: Semanario Reflejos de Pig\u00fc\u00e9<\/figcaption><\/figure>\n\n\n\n<figure class=\"wp-block-image size-large\"><img loading=\"lazy\" decoding=\"async\" width=\"1600\" height=\"1068\" data-id=\"115810\" src=\"https:\/\/infoecos.com.ar\/wp-content\/uploads\/2023\/12\/omelete9-1600x1068.jpg\" alt=\"\" class=\"wp-image-115810\" srcset=\"https:\/\/infoecos.com.ar\/wp-content\/uploads\/2023\/12\/omelete9-1600x1068.jpg 1600w, https:\/\/infoecos.com.ar\/wp-content\/uploads\/2023\/12\/omelete9-800x534.jpg 800w, https:\/\/infoecos.com.ar\/wp-content\/uploads\/2023\/12\/omelete9-768x512.jpg 768w, https:\/\/infoecos.com.ar\/wp-content\/uploads\/2023\/12\/omelete9-1536x1025.jpg 1536w, https:\/\/infoecos.com.ar\/wp-content\/uploads\/2023\/12\/omelete9-1024x683.jpg 1024w, https:\/\/infoecos.com.ar\/wp-content\/uploads\/2023\/12\/omelete9-675x450.jpg 675w, https:\/\/infoecos.com.ar\/wp-content\/uploads\/2023\/12\/omelete9.jpg 1920w\" sizes=\"(max-width: 1600px) 100vw, 1600px\" \/><figcaption class=\"wp-element-caption\">Foto: Semanario Reflejos de Pig\u00fc\u00e9<\/figcaption><\/figure>\n<\/figure>\n\n\n\n<p>Luego de bajar de un cami\u00f3n refrigerado los 20 mil huevos que insume la preparaci\u00f3n de este singular plato y que son donados por Granja San Miguel, a las 12.07 se dio la orden de comenzar a cascarlos uno por uno, del total unos mil se preparan aparte para cel\u00edacos.<\/p>\n\n\n\n<p>La sart\u00e9n tiene 4,20 metros&nbsp;de di\u00e1metro.<\/p>\n","protected":false},"excerpt":{"rendered":"<p>Participaron miles de vecinos y turistas de las regi\u00f3n, el pa\u00eds y hasta del exterior<\/p>\n","protected":false},"author":2,"featured_media":115807,"comment_status":"closed","ping_status":"open","sticky":false,"template":"","format":"standard","meta":{"footnotes":""},"categories":[1326],"tags":[9654],"class_list":["post-115802","post","type-post","status-publish","format-standard","has-post-thumbnail","hentry","category-c2nota6","tag-un-evento-unico"],"yoast_head":"<!-- This site is optimized with the Yoast SEO plugin v23.4 - https:\/\/yoast.com\/wordpress\/plugins\/seo\/ -->\n<title>En un nuevo aniversario de Pig\u00fc\u00e9 se sirvi\u00f3 la Omelette Gigante - Infoecos<\/title>\n<meta name=\"robots\" content=\"index, follow, max-snippet:-1, max-image-preview:large, max-video-preview:-1\" \/>\n<link rel=\"canonical\" href=\"https:\/\/infoecos.com.ar\/index.php\/en-un-nuevo-aniversario-de-pigue-se-sirvio-la-omelette-gigante\/\" \/>\n<meta property=\"og:locale\" content=\"es_ES\" \/>\n<meta property=\"og:type\" content=\"article\" \/>\n<meta property=\"og:title\" content=\"En un nuevo aniversario de Pig\u00fc\u00e9 se sirvi\u00f3 la Omelette Gigante - Infoecos\" \/>\n<meta property=\"og:description\" content=\"Participaron miles de vecinos y turistas de las regi\u00f3n, el pa\u00eds y hasta del exterior\" \/>\n<meta property=\"og:url\" content=\"https:\/\/infoecos.com.ar\/index.php\/en-un-nuevo-aniversario-de-pigue-se-sirvio-la-omelette-gigante\/\" \/>\n<meta property=\"og:site_name\" content=\"Infoecos\" \/>\n<meta property=\"article:publisher\" content=\"https:\/\/www.facebook.com\/profile.php?id=100063200290284\" \/>\n<meta property=\"article:published_time\" content=\"2023-12-04T12:39:29+00:00\" \/>\n<meta property=\"article:modified_time\" content=\"2023-12-05T16:47:45+00:00\" \/>\n<meta property=\"og:image\" content=\"https:\/\/infoecos.com.ar\/wp-content\/uploads\/2023\/12\/omelete5.jpg\" \/>\n\t<meta property=\"og:image:width\" content=\"1920\" \/>\n\t<meta property=\"og:image:height\" content=\"1281\" \/>\n\t<meta property=\"og:image:type\" content=\"image\/jpeg\" \/>\n<meta name=\"author\" content=\"Jorge Matheus\" \/>\n<meta name=\"twitter:card\" content=\"summary_large_image\" \/>\n<meta name=\"twitter:creator\" content=\"@infoecos\" \/>\n<meta name=\"twitter:site\" content=\"@infoecos\" \/>\n<meta name=\"twitter:label1\" content=\"Escrito por\" \/>\n\t<meta name=\"twitter:data1\" content=\"Jorge Matheus\" \/>\n\t<meta name=\"twitter:label2\" content=\"Tiempo de lectura\" \/>\n\t<meta name=\"twitter:data2\" content=\"3 minutos\" \/>\n<script type=\"application\/ld+json\" class=\"yoast-schema-graph\">{\"@context\":\"https:\/\/schema.org\",\"@graph\":[{\"@type\":\"Article\",\"@id\":\"https:\/\/infoecos.com.ar\/index.php\/en-un-nuevo-aniversario-de-pigue-se-sirvio-la-omelette-gigante\/#article\",\"isPartOf\":{\"@id\":\"https:\/\/infoecos.com.ar\/index.php\/en-un-nuevo-aniversario-de-pigue-se-sirvio-la-omelette-gigante\/\"},\"author\":{\"name\":\"Jorge Matheus\",\"@id\":\"https:\/\/infoecos.com.ar\/#\/schema\/person\/8f5ace5ce73b4b4aac4b7245aee6f191\"},\"headline\":\"En un nuevo aniversario de Pig\u00fc\u00e9 se sirvi\u00f3 la Omelette Gigante\",\"datePublished\":\"2023-12-04T12:39:29+00:00\",\"dateModified\":\"2023-12-05T16:47:45+00:00\",\"mainEntityOfPage\":{\"@id\":\"https:\/\/infoecos.com.ar\/index.php\/en-un-nuevo-aniversario-de-pigue-se-sirvio-la-omelette-gigante\/\"},\"wordCount\":214,\"publisher\":{\"@id\":\"https:\/\/infoecos.com.ar\/#organization\"},\"image\":{\"@id\":\"https:\/\/infoecos.com.ar\/index.php\/en-un-nuevo-aniversario-de-pigue-se-sirvio-la-omelette-gigante\/#primaryimage\"},\"thumbnailUrl\":\"https:\/\/infoecos.com.ar\/wp-content\/uploads\/2023\/12\/omelete5.jpg\",\"keywords\":[\"UN EVENTO \u00daNICO\"],\"articleSection\":[\"C2 N6\"],\"inLanguage\":\"es\"},{\"@type\":\"WebPage\",\"@id\":\"https:\/\/infoecos.com.ar\/index.php\/en-un-nuevo-aniversario-de-pigue-se-sirvio-la-omelette-gigante\/\",\"url\":\"https:\/\/infoecos.com.ar\/index.php\/en-un-nuevo-aniversario-de-pigue-se-sirvio-la-omelette-gigante\/\",\"name\":\"En un nuevo aniversario de Pig\u00fc\u00e9 se sirvi\u00f3 la Omelette Gigante - Infoecos\",\"isPartOf\":{\"@id\":\"https:\/\/infoecos.com.ar\/#website\"},\"primaryImageOfPage\":{\"@id\":\"https:\/\/infoecos.com.ar\/index.php\/en-un-nuevo-aniversario-de-pigue-se-sirvio-la-omelette-gigante\/#primaryimage\"},\"image\":{\"@id\":\"https:\/\/infoecos.com.ar\/index.php\/en-un-nuevo-aniversario-de-pigue-se-sirvio-la-omelette-gigante\/#primaryimage\"},\"thumbnailUrl\":\"https:\/\/infoecos.com.ar\/wp-content\/uploads\/2023\/12\/omelete5.jpg\",\"datePublished\":\"2023-12-04T12:39:29+00:00\",\"dateModified\":\"2023-12-05T16:47:45+00:00\",\"breadcrumb\":{\"@id\":\"https:\/\/infoecos.com.ar\/index.php\/en-un-nuevo-aniversario-de-pigue-se-sirvio-la-omelette-gigante\/#breadcrumb\"},\"inLanguage\":\"es\",\"potentialAction\":[{\"@type\":\"ReadAction\",\"target\":[\"https:\/\/infoecos.com.ar\/index.php\/en-un-nuevo-aniversario-de-pigue-se-sirvio-la-omelette-gigante\/\"]}]},{\"@type\":\"ImageObject\",\"inLanguage\":\"es\",\"@id\":\"https:\/\/infoecos.com.ar\/index.php\/en-un-nuevo-aniversario-de-pigue-se-sirvio-la-omelette-gigante\/#primaryimage\",\"url\":\"https:\/\/infoecos.com.ar\/wp-content\/uploads\/2023\/12\/omelete5.jpg\",\"contentUrl\":\"https:\/\/infoecos.com.ar\/wp-content\/uploads\/2023\/12\/omelete5.jpg\",\"width\":1920,\"height\":1281},{\"@type\":\"BreadcrumbList\",\"@id\":\"https:\/\/infoecos.com.ar\/index.php\/en-un-nuevo-aniversario-de-pigue-se-sirvio-la-omelette-gigante\/#breadcrumb\",\"itemListElement\":[{\"@type\":\"ListItem\",\"position\":1,\"name\":\"Portada\",\"item\":\"https:\/\/infoecos.com.ar\/\"},{\"@type\":\"ListItem\",\"position\":2,\"name\":\"En un nuevo aniversario de Pig\u00fc\u00e9 se sirvi\u00f3 la Omelette Gigante\"}]},{\"@type\":\"WebSite\",\"@id\":\"https:\/\/infoecos.com.ar\/#website\",\"url\":\"https:\/\/infoecos.com.ar\/\",\"name\":\"Infoecos\",\"description\":\"Noticias de trenque lauquen y la zona\",\"publisher\":{\"@id\":\"https:\/\/infoecos.com.ar\/#organization\"},\"alternateName\":\"Noticias\",\"potentialAction\":[{\"@type\":\"SearchAction\",\"target\":{\"@type\":\"EntryPoint\",\"urlTemplate\":\"https:\/\/infoecos.com.ar\/?s={search_term_string}\"},\"query-input\":{\"@type\":\"PropertyValueSpecification\",\"valueRequired\":true,\"valueName\":\"search_term_string\"}}],\"inLanguage\":\"es\"},{\"@type\":\"Organization\",\"@id\":\"https:\/\/infoecos.com.ar\/#organization\",\"name\":\"Infoecos\",\"alternateName\":\"Noticias\",\"url\":\"https:\/\/infoecos.com.ar\/\",\"logo\":{\"@type\":\"ImageObject\",\"inLanguage\":\"es\",\"@id\":\"https:\/\/infoecos.com.ar\/#\/schema\/logo\/image\/\",\"url\":\"https:\/\/infoecos.com.ar\/wp-content\/uploads\/2024\/03\/cropped-logo.png\",\"contentUrl\":\"https:\/\/infoecos.com.ar\/wp-content\/uploads\/2024\/03\/cropped-logo.png\",\"width\":374,\"height\":90,\"caption\":\"Infoecos\"},\"image\":{\"@id\":\"https:\/\/infoecos.com.ar\/#\/schema\/logo\/image\/\"},\"sameAs\":[\"https:\/\/www.facebook.com\/profile.php?id=100063200290284\",\"https:\/\/x.com\/infoecos\"]},{\"@type\":\"Person\",\"@id\":\"https:\/\/infoecos.com.ar\/#\/schema\/person\/8f5ace5ce73b4b4aac4b7245aee6f191\",\"name\":\"Jorge Matheus\",\"url\":\"https:\/\/infoecos.com.ar\/index.php\/author\/jomatheus\/\"}]}<\/script>\n<!-- \/ Yoast SEO plugin. -->","yoast_head_json":{"title":"En un nuevo aniversario de Pig\u00fc\u00e9 se sirvi\u00f3 la Omelette Gigante - Infoecos","robots":{"index":"index","follow":"follow","max-snippet":"max-snippet:-1","max-image-preview":"max-image-preview:large","max-video-preview":"max-video-preview:-1"},"canonical":"https:\/\/infoecos.com.ar\/index.php\/en-un-nuevo-aniversario-de-pigue-se-sirvio-la-omelette-gigante\/","og_locale":"es_ES","og_type":"article","og_title":"En un nuevo aniversario de Pig\u00fc\u00e9 se sirvi\u00f3 la Omelette Gigante - Infoecos","og_description":"Participaron miles de vecinos y turistas de las regi\u00f3n, el pa\u00eds y hasta del exterior","og_url":"https:\/\/infoecos.com.ar\/index.php\/en-un-nuevo-aniversario-de-pigue-se-sirvio-la-omelette-gigante\/","og_site_name":"Infoecos","article_publisher":"https:\/\/www.facebook.com\/profile.php?id=100063200290284","article_published_time":"2023-12-04T12:39:29+00:00","article_modified_time":"2023-12-05T16:47:45+00:00","og_image":[{"width":1920,"height":1281,"url":"https:\/\/infoecos.com.ar\/wp-content\/uploads\/2023\/12\/omelete5.jpg","type":"image\/jpeg"}],"author":"Jorge Matheus","twitter_card":"summary_large_image","twitter_creator":"@infoecos","twitter_site":"@infoecos","twitter_misc":{"Escrito por":"Jorge Matheus","Tiempo de lectura":"3 minutos"},"schema":{"@context":"https:\/\/schema.org","@graph":[{"@type":"Article","@id":"https:\/\/infoecos.com.ar\/index.php\/en-un-nuevo-aniversario-de-pigue-se-sirvio-la-omelette-gigante\/#article","isPartOf":{"@id":"https:\/\/infoecos.com.ar\/index.php\/en-un-nuevo-aniversario-de-pigue-se-sirvio-la-omelette-gigante\/"},"author":{"name":"Jorge Matheus","@id":"https:\/\/infoecos.com.ar\/#\/schema\/person\/8f5ace5ce73b4b4aac4b7245aee6f191"},"headline":"En un nuevo aniversario de Pig\u00fc\u00e9 se sirvi\u00f3 la Omelette Gigante","datePublished":"2023-12-04T12:39:29+00:00","dateModified":"2023-12-05T16:47:45+00:00","mainEntityOfPage":{"@id":"https:\/\/infoecos.com.ar\/index.php\/en-un-nuevo-aniversario-de-pigue-se-sirvio-la-omelette-gigante\/"},"wordCount":214,"publisher":{"@id":"https:\/\/infoecos.com.ar\/#organization"},"image":{"@id":"https:\/\/infoecos.com.ar\/index.php\/en-un-nuevo-aniversario-de-pigue-se-sirvio-la-omelette-gigante\/#primaryimage"},"thumbnailUrl":"https:\/\/infoecos.com.ar\/wp-content\/uploads\/2023\/12\/omelete5.jpg","keywords":["UN EVENTO \u00daNICO"],"articleSection":["C2 N6"],"inLanguage":"es"},{"@type":"WebPage","@id":"https:\/\/infoecos.com.ar\/index.php\/en-un-nuevo-aniversario-de-pigue-se-sirvio-la-omelette-gigante\/","url":"https:\/\/infoecos.com.ar\/index.php\/en-un-nuevo-aniversario-de-pigue-se-sirvio-la-omelette-gigante\/","name":"En un nuevo aniversario de Pig\u00fc\u00e9 se sirvi\u00f3 la Omelette Gigante - Infoecos","isPartOf":{"@id":"https:\/\/infoecos.com.ar\/#website"},"primaryImageOfPage":{"@id":"https:\/\/infoecos.com.ar\/index.php\/en-un-nuevo-aniversario-de-pigue-se-sirvio-la-omelette-gigante\/#primaryimage"},"image":{"@id":"https:\/\/infoecos.com.ar\/index.php\/en-un-nuevo-aniversario-de-pigue-se-sirvio-la-omelette-gigante\/#primaryimage"},"thumbnailUrl":"https:\/\/infoecos.com.ar\/wp-content\/uploads\/2023\/12\/omelete5.jpg","datePublished":"2023-12-04T12:39:29+00:00","dateModified":"2023-12-05T16:47:45+00:00","breadcrumb":{"@id":"https:\/\/infoecos.com.ar\/index.php\/en-un-nuevo-aniversario-de-pigue-se-sirvio-la-omelette-gigante\/#breadcrumb"},"inLanguage":"es","potentialAction":[{"@type":"ReadAction","target":["https:\/\/infoecos.com.ar\/index.php\/en-un-nuevo-aniversario-de-pigue-se-sirvio-la-omelette-gigante\/"]}]},{"@type":"ImageObject","inLanguage":"es","@id":"https:\/\/infoecos.com.ar\/index.php\/en-un-nuevo-aniversario-de-pigue-se-sirvio-la-omelette-gigante\/#primaryimage","url":"https:\/\/infoecos.com.ar\/wp-content\/uploads\/2023\/12\/omelete5.jpg","contentUrl":"https:\/\/infoecos.com.ar\/wp-content\/uploads\/2023\/12\/omelete5.jpg","width":1920,"height":1281},{"@type":"BreadcrumbList","@id":"https:\/\/infoecos.com.ar\/index.php\/en-un-nuevo-aniversario-de-pigue-se-sirvio-la-omelette-gigante\/#breadcrumb","itemListElement":[{"@type":"ListItem","position":1,"name":"Portada","item":"https:\/\/infoecos.com.ar\/"},{"@type":"ListItem","position":2,"name":"En un nuevo aniversario de Pig\u00fc\u00e9 se sirvi\u00f3 la Omelette Gigante"}]},{"@type":"WebSite","@id":"https:\/\/infoecos.com.ar\/#website","url":"https:\/\/infoecos.com.ar\/","name":"Infoecos","description":"Noticias de trenque lauquen y la zona","publisher":{"@id":"https:\/\/infoecos.com.ar\/#organization"},"alternateName":"Noticias","potentialAction":[{"@type":"SearchAction","target":{"@type":"EntryPoint","urlTemplate":"https:\/\/infoecos.com.ar\/?s={search_term_string}"},"query-input":{"@type":"PropertyValueSpecification","valueRequired":true,"valueName":"search_term_string"}}],"inLanguage":"es"},{"@type":"Organization","@id":"https:\/\/infoecos.com.ar\/#organization","name":"Infoecos","alternateName":"Noticias","url":"https:\/\/infoecos.com.ar\/","logo":{"@type":"ImageObject","inLanguage":"es","@id":"https:\/\/infoecos.com.ar\/#\/schema\/logo\/image\/","url":"https:\/\/infoecos.com.ar\/wp-content\/uploads\/2024\/03\/cropped-logo.png","contentUrl":"https:\/\/infoecos.com.ar\/wp-content\/uploads\/2024\/03\/cropped-logo.png","width":374,"height":90,"caption":"Infoecos"},"image":{"@id":"https:\/\/infoecos.com.ar\/#\/schema\/logo\/image\/"},"sameAs":["https:\/\/www.facebook.com\/profile.php?id=100063200290284","https:\/\/x.com\/infoecos"]},{"@type":"Person","@id":"https:\/\/infoecos.com.ar\/#\/schema\/person\/8f5ace5ce73b4b4aac4b7245aee6f191","name":"Jorge Matheus","url":"https:\/\/infoecos.com.ar\/index.php\/author\/jomatheus\/"}]}},"featured_image_urls":{"full":["https:\/\/infoecos.com.ar\/wp-content\/uploads\/2023\/12\/omelete5.jpg",1920,1281,false],"thumbnail":["https:\/\/infoecos.com.ar\/wp-content\/uploads\/2023\/12\/omelete5-300x150.jpg",300,150,true],"medium":["https:\/\/infoecos.com.ar\/wp-content\/uploads\/2023\/12\/omelete5-800x534.jpg",800,534,true],"medium_large":["https:\/\/infoecos.com.ar\/wp-content\/uploads\/2023\/12\/omelete5-768x512.jpg",640,427,true],"large":["https:\/\/infoecos.com.ar\/wp-content\/uploads\/2023\/12\/omelete5-1600x1068.jpg",640,427,true],"1536x1536":["https:\/\/infoecos.com.ar\/wp-content\/uploads\/2023\/12\/omelete5-1536x1025.jpg",1536,1025,true],"2048x2048":["https:\/\/infoecos.com.ar\/wp-content\/uploads\/2023\/12\/omelete5.jpg",1920,1281,false],"covernews-slider-full":["https:\/\/infoecos.com.ar\/wp-content\/uploads\/2023\/12\/omelete5-1536x1020.jpg",1077,715,true],"covernews-slider-center":["https:\/\/infoecos.com.ar\/wp-content\/uploads\/2023\/12\/omelete5-936x897.jpg",522,500,true],"covernews-featured":["https:\/\/infoecos.com.ar\/wp-content\/uploads\/2023\/12\/omelete5-1024x683.jpg",1024,683,true],"covernews-medium":["https:\/\/infoecos.com.ar\/wp-content\/uploads\/2023\/12\/omelete5-720x380.jpg",540,285,true],"covernews-medium-square":["https:\/\/infoecos.com.ar\/wp-content\/uploads\/2023\/12\/omelete5-675x450.jpg",375,250,true]},"author_info":{"info":["Jorge Matheus"]},"category_info":"<a href=\"https:\/\/infoecos.com.ar\/index.php\/category\/c2nota6\/\" rel=\"category tag\">C2 N6<\/a>","tag_info":"C2 N6","comment_count":"0","_links":{"self":[{"href":"https:\/\/infoecos.com.ar\/index.php\/wp-json\/wp\/v2\/posts\/115802"}],"collection":[{"href":"https:\/\/infoecos.com.ar\/index.php\/wp-json\/wp\/v2\/posts"}],"about":[{"href":"https:\/\/infoecos.com.ar\/index.php\/wp-json\/wp\/v2\/types\/post"}],"author":[{"embeddable":true,"href":"https:\/\/infoecos.com.ar\/index.php\/wp-json\/wp\/v2\/users\/2"}],"replies":[{"embeddable":true,"href":"https:\/\/infoecos.com.ar\/index.php\/wp-json\/wp\/v2\/comments?post=115802"}],"version-history":[{"count":2,"href":"https:\/\/infoecos.com.ar\/index.php\/wp-json\/wp\/v2\/posts\/115802\/revisions"}],"predecessor-version":[{"id":115832,"href":"https:\/\/infoecos.com.ar\/index.php\/wp-json\/wp\/v2\/posts\/115802\/revisions\/115832"}],"wp:featuredmedia":[{"embeddable":true,"href":"https:\/\/infoecos.com.ar\/index.php\/wp-json\/wp\/v2\/media\/115807"}],"wp:attachment":[{"href":"https:\/\/infoecos.com.ar\/index.php\/wp-json\/wp\/v2\/media?parent=115802"}],"wp:term":[{"taxonomy":"category","embeddable":true,"href":"https:\/\/infoecos.com.ar\/index.php\/wp-json\/wp\/v2\/categories?post=115802"},{"taxonomy":"post_tag","embeddable":true,"href":"https:\/\/infoecos.com.ar\/index.php\/wp-json\/wp\/v2\/tags?post=115802"}],"curies":[{"name":"wp","href":"https:\/\/api.w.org\/{rel}","templated":true}]}}