{"id":115833,"date":"2023-12-05T00:26:18","date_gmt":"2023-12-05T03:26:18","guid":{"rendered":"https:\/\/infoecos.com.ar\/?p=115833"},"modified":"2023-12-10T12:24:08","modified_gmt":"2023-12-10T15:24:08","slug":"muestra-del-uruguayo-carlos-paez-vilaro-en-el-museo-mubal-de-lincoln","status":"publish","type":"post","link":"https:\/\/infoecos.com.ar\/index.php\/muestra-del-uruguayo-carlos-paez-vilaro-en-el-museo-mubal-de-lincoln\/","title":{"rendered":"Muestra del uruguayo Carlos Pa\u00e9z Vilar\u00f3 en el Museo Mubal de Lincoln"},"content":{"rendered":"\n<figure class=\"wp-block-image alignright size-large is-resized\"><img loading=\"lazy\" decoding=\"async\" src=\"https:\/\/infoecos.com.ar\/wp-content\/uploads\/2023\/12\/el-pintor-del-medio-del-rio-1-1600x1597.jpg\" alt=\"\" class=\"wp-image-115834\" width=\"423\" height=\"422\" srcset=\"https:\/\/infoecos.com.ar\/wp-content\/uploads\/2023\/12\/el-pintor-del-medio-del-rio-1-1600x1597.jpg 1600w, https:\/\/infoecos.com.ar\/wp-content\/uploads\/2023\/12\/el-pintor-del-medio-del-rio-1-800x798.jpg 800w, https:\/\/infoecos.com.ar\/wp-content\/uploads\/2023\/12\/el-pintor-del-medio-del-rio-1-768x767.jpg 768w, https:\/\/infoecos.com.ar\/wp-content\/uploads\/2023\/12\/el-pintor-del-medio-del-rio-1-1536x1533.jpg 1536w, https:\/\/infoecos.com.ar\/wp-content\/uploads\/2023\/12\/el-pintor-del-medio-del-rio-1-2048x2044.jpg 2048w, https:\/\/infoecos.com.ar\/wp-content\/uploads\/2023\/12\/el-pintor-del-medio-del-rio-1-1024x1022.jpg 1024w\" sizes=\"(max-width: 423px) 100vw, 423px\" \/><\/figure>\n\n\n\n<p>Este 8 de diciembre en el Museo Mubal de Lincoln, se abre una muestra del artista uruguayo Carlos P\u00e1ez Vilar\u00f3. \u201cEl pintor del medio del r\u00edo\u201d as\u00ed se titula esta retrospectiva para celebrar el centenario del nacimiento de este gran artista uruguayo.&nbsp;<\/p>\n\n\n\n<p>\u201cLa muestra re\u00fane una selecci\u00f3n de 19 obras del artista uruguayo realizadas en acr\u00edlico sobre tela que abarca el per\u00edodo comprendido entre 2007 a 2013 con tem\u00e1ticas muy recurrentes como puertos, bares, candombes, figuras africanas, grafismos, simbolismos, la vida porte\u00f1a, la m\u00fasica y el folklore. Esta muestra rememora ese ir y venir, ese sentirse parte y ser el pintor del medio del r\u00edo\u201d, expresaron desde la Direcci\u00f3n de Museos Municipales.&nbsp;&nbsp;<\/p>\n\n\n\n<p>\u201cEl pintor del medio del r\u00edo\u201d podr\u00e1 visitarse con entrada libre y gratuita hasta el 6 de enero, de martes a viernes de 9 a 19 horas y s\u00e1bados, domingos y feriados de 16 a 20 horas en la sala principal del Museo Mubal (Alvear 125). &nbsp;<\/p>\n\n\n\n<p><strong>CARLOS P\u00c1EZ VILAR\u00d3 (1925- 2014)<\/strong>&nbsp;<br>Carlos P\u00e1ez Vilar\u00f3 naci\u00f3 en Montevideo, Uruguay, el 1 de noviembre de 1923. Al ser autodidacta, investig\u00f3 a profundidad las culturas m\u00e1s diversas para hallar la ra\u00edz de su inspiraci\u00f3n. Fue as\u00ed como pintando y escribiendo, recorri\u00f3 el mundo montando sus talleres en los sitios m\u00e1s diversos. Hacedor incansable, viajero y expedicionario, fue un apasionado de la pintura mural, dejando el testimonio de su arte en los cinco continentes.&nbsp;<\/p>\n","protected":false},"excerpt":{"rendered":"<p>\u201cEl pintor del medio del r\u00edo\u201d podr\u00e1 visitarse con entrada libre y gratuita hasta el 6 de enero, de martes a viernes de 9 a 19 horas y s\u00e1bados, domingos y feriados de 16 a 20 horas<\/p>\n","protected":false},"author":2,"featured_media":115835,"comment_status":"closed","ping_status":"open","sticky":false,"template":"","format":"standard","meta":{"footnotes":""},"categories":[1335],"tags":[9655],"class_list":["post-115833","post","type-post","status-publish","format-standard","has-post-thumbnail","hentry","category-inferior15","tag-a-partir-del-8-de-diciembre"],"yoast_head":"<!-- This site is optimized with the Yoast SEO plugin v23.4 - https:\/\/yoast.com\/wordpress\/plugins\/seo\/ -->\n<title>Muestra del uruguayo Carlos Pa\u00e9z Vilar\u00f3 en el Museo Mubal de Lincoln - Infoecos<\/title>\n<meta name=\"robots\" content=\"index, follow, max-snippet:-1, max-image-preview:large, max-video-preview:-1\" \/>\n<link rel=\"canonical\" href=\"https:\/\/infoecos.com.ar\/index.php\/muestra-del-uruguayo-carlos-paez-vilaro-en-el-museo-mubal-de-lincoln\/\" \/>\n<meta property=\"og:locale\" content=\"es_ES\" \/>\n<meta property=\"og:type\" content=\"article\" \/>\n<meta property=\"og:title\" content=\"Muestra del uruguayo Carlos Pa\u00e9z Vilar\u00f3 en el Museo Mubal de Lincoln - Infoecos\" \/>\n<meta property=\"og:description\" content=\"\u201cEl pintor del medio del r\u00edo\u201d podr\u00e1 visitarse con entrada libre y gratuita hasta el 6 de enero, de martes a viernes de 9 a 19 horas y s\u00e1bados, domingos y feriados de 16 a 20 horas\" \/>\n<meta property=\"og:url\" content=\"https:\/\/infoecos.com.ar\/index.php\/muestra-del-uruguayo-carlos-paez-vilaro-en-el-museo-mubal-de-lincoln\/\" \/>\n<meta property=\"og:site_name\" content=\"Infoecos\" \/>\n<meta property=\"article:publisher\" content=\"https:\/\/www.facebook.com\/profile.php?id=100063200290284\" \/>\n<meta property=\"article:published_time\" content=\"2023-12-05T03:26:18+00:00\" \/>\n<meta property=\"article:modified_time\" content=\"2023-12-10T15:24:08+00:00\" \/>\n<meta property=\"og:image\" content=\"https:\/\/infoecos.com.ar\/wp-content\/uploads\/2023\/12\/muestrapaezvilaro.jpg\" \/>\n\t<meta property=\"og:image:width\" content=\"1468\" \/>\n\t<meta property=\"og:image:height\" content=\"1194\" \/>\n\t<meta property=\"og:image:type\" content=\"image\/jpeg\" \/>\n<meta name=\"author\" content=\"Jorge Matheus\" \/>\n<meta name=\"twitter:card\" content=\"summary_large_image\" \/>\n<meta name=\"twitter:creator\" content=\"@infoecos\" \/>\n<meta name=\"twitter:site\" content=\"@infoecos\" \/>\n<meta name=\"twitter:label1\" content=\"Escrito por\" \/>\n\t<meta name=\"twitter:data1\" content=\"Jorge Matheus\" \/>\n\t<meta name=\"twitter:label2\" content=\"Tiempo de lectura\" \/>\n\t<meta name=\"twitter:data2\" content=\"2 minutos\" \/>\n<script type=\"application\/ld+json\" class=\"yoast-schema-graph\">{\"@context\":\"https:\/\/schema.org\",\"@graph\":[{\"@type\":\"Article\",\"@id\":\"https:\/\/infoecos.com.ar\/index.php\/muestra-del-uruguayo-carlos-paez-vilaro-en-el-museo-mubal-de-lincoln\/#article\",\"isPartOf\":{\"@id\":\"https:\/\/infoecos.com.ar\/index.php\/muestra-del-uruguayo-carlos-paez-vilaro-en-el-museo-mubal-de-lincoln\/\"},\"author\":{\"name\":\"Jorge Matheus\",\"@id\":\"https:\/\/infoecos.com.ar\/#\/schema\/person\/8f5ace5ce73b4b4aac4b7245aee6f191\"},\"headline\":\"Muestra del uruguayo Carlos Pa\u00e9z Vilar\u00f3 en el Museo Mubal de Lincoln\",\"datePublished\":\"2023-12-05T03:26:18+00:00\",\"dateModified\":\"2023-12-10T15:24:08+00:00\",\"mainEntityOfPage\":{\"@id\":\"https:\/\/infoecos.com.ar\/index.php\/muestra-del-uruguayo-carlos-paez-vilaro-en-el-museo-mubal-de-lincoln\/\"},\"wordCount\":257,\"publisher\":{\"@id\":\"https:\/\/infoecos.com.ar\/#organization\"},\"image\":{\"@id\":\"https:\/\/infoecos.com.ar\/index.php\/muestra-del-uruguayo-carlos-paez-vilaro-en-el-museo-mubal-de-lincoln\/#primaryimage\"},\"thumbnailUrl\":\"https:\/\/infoecos.com.ar\/wp-content\/uploads\/2023\/12\/muestrapaezvilaro.jpg\",\"keywords\":[\"a partir del 8 de diciembre\"],\"articleSection\":[\"Bloque inferior - 15\"],\"inLanguage\":\"es\"},{\"@type\":\"WebPage\",\"@id\":\"https:\/\/infoecos.com.ar\/index.php\/muestra-del-uruguayo-carlos-paez-vilaro-en-el-museo-mubal-de-lincoln\/\",\"url\":\"https:\/\/infoecos.com.ar\/index.php\/muestra-del-uruguayo-carlos-paez-vilaro-en-el-museo-mubal-de-lincoln\/\",\"name\":\"Muestra del uruguayo Carlos Pa\u00e9z Vilar\u00f3 en el Museo Mubal de Lincoln - Infoecos\",\"isPartOf\":{\"@id\":\"https:\/\/infoecos.com.ar\/#website\"},\"primaryImageOfPage\":{\"@id\":\"https:\/\/infoecos.com.ar\/index.php\/muestra-del-uruguayo-carlos-paez-vilaro-en-el-museo-mubal-de-lincoln\/#primaryimage\"},\"image\":{\"@id\":\"https:\/\/infoecos.com.ar\/index.php\/muestra-del-uruguayo-carlos-paez-vilaro-en-el-museo-mubal-de-lincoln\/#primaryimage\"},\"thumbnailUrl\":\"https:\/\/infoecos.com.ar\/wp-content\/uploads\/2023\/12\/muestrapaezvilaro.jpg\",\"datePublished\":\"2023-12-05T03:26:18+00:00\",\"dateModified\":\"2023-12-10T15:24:08+00:00\",\"breadcrumb\":{\"@id\":\"https:\/\/infoecos.com.ar\/index.php\/muestra-del-uruguayo-carlos-paez-vilaro-en-el-museo-mubal-de-lincoln\/#breadcrumb\"},\"inLanguage\":\"es\",\"potentialAction\":[{\"@type\":\"ReadAction\",\"target\":[\"https:\/\/infoecos.com.ar\/index.php\/muestra-del-uruguayo-carlos-paez-vilaro-en-el-museo-mubal-de-lincoln\/\"]}]},{\"@type\":\"ImageObject\",\"inLanguage\":\"es\",\"@id\":\"https:\/\/infoecos.com.ar\/index.php\/muestra-del-uruguayo-carlos-paez-vilaro-en-el-museo-mubal-de-lincoln\/#primaryimage\",\"url\":\"https:\/\/infoecos.com.ar\/wp-content\/uploads\/2023\/12\/muestrapaezvilaro.jpg\",\"contentUrl\":\"https:\/\/infoecos.com.ar\/wp-content\/uploads\/2023\/12\/muestrapaezvilaro.jpg\",\"width\":1468,\"height\":1194},{\"@type\":\"BreadcrumbList\",\"@id\":\"https:\/\/infoecos.com.ar\/index.php\/muestra-del-uruguayo-carlos-paez-vilaro-en-el-museo-mubal-de-lincoln\/#breadcrumb\",\"itemListElement\":[{\"@type\":\"ListItem\",\"position\":1,\"name\":\"Portada\",\"item\":\"https:\/\/infoecos.com.ar\/\"},{\"@type\":\"ListItem\",\"position\":2,\"name\":\"Muestra del uruguayo Carlos Pa\u00e9z Vilar\u00f3 en el Museo Mubal de Lincoln\"}]},{\"@type\":\"WebSite\",\"@id\":\"https:\/\/infoecos.com.ar\/#website\",\"url\":\"https:\/\/infoecos.com.ar\/\",\"name\":\"Infoecos\",\"description\":\"Noticias de trenque lauquen y la zona\",\"publisher\":{\"@id\":\"https:\/\/infoecos.com.ar\/#organization\"},\"alternateName\":\"Noticias\",\"potentialAction\":[{\"@type\":\"SearchAction\",\"target\":{\"@type\":\"EntryPoint\",\"urlTemplate\":\"https:\/\/infoecos.com.ar\/?s={search_term_string}\"},\"query-input\":{\"@type\":\"PropertyValueSpecification\",\"valueRequired\":true,\"valueName\":\"search_term_string\"}}],\"inLanguage\":\"es\"},{\"@type\":\"Organization\",\"@id\":\"https:\/\/infoecos.com.ar\/#organization\",\"name\":\"Infoecos\",\"alternateName\":\"Noticias\",\"url\":\"https:\/\/infoecos.com.ar\/\",\"logo\":{\"@type\":\"ImageObject\",\"inLanguage\":\"es\",\"@id\":\"https:\/\/infoecos.com.ar\/#\/schema\/logo\/image\/\",\"url\":\"https:\/\/infoecos.com.ar\/wp-content\/uploads\/2024\/03\/cropped-logo.png\",\"contentUrl\":\"https:\/\/infoecos.com.ar\/wp-content\/uploads\/2024\/03\/cropped-logo.png\",\"width\":374,\"height\":90,\"caption\":\"Infoecos\"},\"image\":{\"@id\":\"https:\/\/infoecos.com.ar\/#\/schema\/logo\/image\/\"},\"sameAs\":[\"https:\/\/www.facebook.com\/profile.php?id=100063200290284\",\"https:\/\/x.com\/infoecos\"]},{\"@type\":\"Person\",\"@id\":\"https:\/\/infoecos.com.ar\/#\/schema\/person\/8f5ace5ce73b4b4aac4b7245aee6f191\",\"name\":\"Jorge Matheus\",\"url\":\"https:\/\/infoecos.com.ar\/index.php\/author\/jomatheus\/\"}]}<\/script>\n<!-- \/ Yoast SEO plugin. -->","yoast_head_json":{"title":"Muestra del uruguayo Carlos Pa\u00e9z Vilar\u00f3 en el Museo Mubal de Lincoln - Infoecos","robots":{"index":"index","follow":"follow","max-snippet":"max-snippet:-1","max-image-preview":"max-image-preview:large","max-video-preview":"max-video-preview:-1"},"canonical":"https:\/\/infoecos.com.ar\/index.php\/muestra-del-uruguayo-carlos-paez-vilaro-en-el-museo-mubal-de-lincoln\/","og_locale":"es_ES","og_type":"article","og_title":"Muestra del uruguayo Carlos Pa\u00e9z Vilar\u00f3 en el Museo Mubal de Lincoln - Infoecos","og_description":"\u201cEl pintor del medio del r\u00edo\u201d podr\u00e1 visitarse con entrada libre y gratuita hasta el 6 de enero, de martes a viernes de 9 a 19 horas y s\u00e1bados, domingos y feriados de 16 a 20 horas","og_url":"https:\/\/infoecos.com.ar\/index.php\/muestra-del-uruguayo-carlos-paez-vilaro-en-el-museo-mubal-de-lincoln\/","og_site_name":"Infoecos","article_publisher":"https:\/\/www.facebook.com\/profile.php?id=100063200290284","article_published_time":"2023-12-05T03:26:18+00:00","article_modified_time":"2023-12-10T15:24:08+00:00","og_image":[{"width":1468,"height":1194,"url":"https:\/\/infoecos.com.ar\/wp-content\/uploads\/2023\/12\/muestrapaezvilaro.jpg","type":"image\/jpeg"}],"author":"Jorge Matheus","twitter_card":"summary_large_image","twitter_creator":"@infoecos","twitter_site":"@infoecos","twitter_misc":{"Escrito por":"Jorge Matheus","Tiempo de lectura":"2 minutos"},"schema":{"@context":"https:\/\/schema.org","@graph":[{"@type":"Article","@id":"https:\/\/infoecos.com.ar\/index.php\/muestra-del-uruguayo-carlos-paez-vilaro-en-el-museo-mubal-de-lincoln\/#article","isPartOf":{"@id":"https:\/\/infoecos.com.ar\/index.php\/muestra-del-uruguayo-carlos-paez-vilaro-en-el-museo-mubal-de-lincoln\/"},"author":{"name":"Jorge Matheus","@id":"https:\/\/infoecos.com.ar\/#\/schema\/person\/8f5ace5ce73b4b4aac4b7245aee6f191"},"headline":"Muestra del uruguayo Carlos Pa\u00e9z Vilar\u00f3 en el Museo Mubal de Lincoln","datePublished":"2023-12-05T03:26:18+00:00","dateModified":"2023-12-10T15:24:08+00:00","mainEntityOfPage":{"@id":"https:\/\/infoecos.com.ar\/index.php\/muestra-del-uruguayo-carlos-paez-vilaro-en-el-museo-mubal-de-lincoln\/"},"wordCount":257,"publisher":{"@id":"https:\/\/infoecos.com.ar\/#organization"},"image":{"@id":"https:\/\/infoecos.com.ar\/index.php\/muestra-del-uruguayo-carlos-paez-vilaro-en-el-museo-mubal-de-lincoln\/#primaryimage"},"thumbnailUrl":"https:\/\/infoecos.com.ar\/wp-content\/uploads\/2023\/12\/muestrapaezvilaro.jpg","keywords":["a partir del 8 de diciembre"],"articleSection":["Bloque inferior - 15"],"inLanguage":"es"},{"@type":"WebPage","@id":"https:\/\/infoecos.com.ar\/index.php\/muestra-del-uruguayo-carlos-paez-vilaro-en-el-museo-mubal-de-lincoln\/","url":"https:\/\/infoecos.com.ar\/index.php\/muestra-del-uruguayo-carlos-paez-vilaro-en-el-museo-mubal-de-lincoln\/","name":"Muestra del uruguayo Carlos Pa\u00e9z Vilar\u00f3 en el Museo Mubal de Lincoln - Infoecos","isPartOf":{"@id":"https:\/\/infoecos.com.ar\/#website"},"primaryImageOfPage":{"@id":"https:\/\/infoecos.com.ar\/index.php\/muestra-del-uruguayo-carlos-paez-vilaro-en-el-museo-mubal-de-lincoln\/#primaryimage"},"image":{"@id":"https:\/\/infoecos.com.ar\/index.php\/muestra-del-uruguayo-carlos-paez-vilaro-en-el-museo-mubal-de-lincoln\/#primaryimage"},"thumbnailUrl":"https:\/\/infoecos.com.ar\/wp-content\/uploads\/2023\/12\/muestrapaezvilaro.jpg","datePublished":"2023-12-05T03:26:18+00:00","dateModified":"2023-12-10T15:24:08+00:00","breadcrumb":{"@id":"https:\/\/infoecos.com.ar\/index.php\/muestra-del-uruguayo-carlos-paez-vilaro-en-el-museo-mubal-de-lincoln\/#breadcrumb"},"inLanguage":"es","potentialAction":[{"@type":"ReadAction","target":["https:\/\/infoecos.com.ar\/index.php\/muestra-del-uruguayo-carlos-paez-vilaro-en-el-museo-mubal-de-lincoln\/"]}]},{"@type":"ImageObject","inLanguage":"es","@id":"https:\/\/infoecos.com.ar\/index.php\/muestra-del-uruguayo-carlos-paez-vilaro-en-el-museo-mubal-de-lincoln\/#primaryimage","url":"https:\/\/infoecos.com.ar\/wp-content\/uploads\/2023\/12\/muestrapaezvilaro.jpg","contentUrl":"https:\/\/infoecos.com.ar\/wp-content\/uploads\/2023\/12\/muestrapaezvilaro.jpg","width":1468,"height":1194},{"@type":"BreadcrumbList","@id":"https:\/\/infoecos.com.ar\/index.php\/muestra-del-uruguayo-carlos-paez-vilaro-en-el-museo-mubal-de-lincoln\/#breadcrumb","itemListElement":[{"@type":"ListItem","position":1,"name":"Portada","item":"https:\/\/infoecos.com.ar\/"},{"@type":"ListItem","position":2,"name":"Muestra del uruguayo Carlos Pa\u00e9z Vilar\u00f3 en el Museo Mubal de Lincoln"}]},{"@type":"WebSite","@id":"https:\/\/infoecos.com.ar\/#website","url":"https:\/\/infoecos.com.ar\/","name":"Infoecos","description":"Noticias de trenque lauquen y la zona","publisher":{"@id":"https:\/\/infoecos.com.ar\/#organization"},"alternateName":"Noticias","potentialAction":[{"@type":"SearchAction","target":{"@type":"EntryPoint","urlTemplate":"https:\/\/infoecos.com.ar\/?s={search_term_string}"},"query-input":{"@type":"PropertyValueSpecification","valueRequired":true,"valueName":"search_term_string"}}],"inLanguage":"es"},{"@type":"Organization","@id":"https:\/\/infoecos.com.ar\/#organization","name":"Infoecos","alternateName":"Noticias","url":"https:\/\/infoecos.com.ar\/","logo":{"@type":"ImageObject","inLanguage":"es","@id":"https:\/\/infoecos.com.ar\/#\/schema\/logo\/image\/","url":"https:\/\/infoecos.com.ar\/wp-content\/uploads\/2024\/03\/cropped-logo.png","contentUrl":"https:\/\/infoecos.com.ar\/wp-content\/uploads\/2024\/03\/cropped-logo.png","width":374,"height":90,"caption":"Infoecos"},"image":{"@id":"https:\/\/infoecos.com.ar\/#\/schema\/logo\/image\/"},"sameAs":["https:\/\/www.facebook.com\/profile.php?id=100063200290284","https:\/\/x.com\/infoecos"]},{"@type":"Person","@id":"https:\/\/infoecos.com.ar\/#\/schema\/person\/8f5ace5ce73b4b4aac4b7245aee6f191","name":"Jorge Matheus","url":"https:\/\/infoecos.com.ar\/index.php\/author\/jomatheus\/"}]}},"featured_image_urls":{"full":["https:\/\/infoecos.com.ar\/wp-content\/uploads\/2023\/12\/muestrapaezvilaro.jpg",1468,1194,false],"thumbnail":["https:\/\/infoecos.com.ar\/wp-content\/uploads\/2023\/12\/muestrapaezvilaro-300x150.jpg",300,150,true],"medium":["https:\/\/infoecos.com.ar\/wp-content\/uploads\/2023\/12\/muestrapaezvilaro-800x651.jpg",800,651,true],"medium_large":["https:\/\/infoecos.com.ar\/wp-content\/uploads\/2023\/12\/muestrapaezvilaro-768x625.jpg",640,521,true],"large":["https:\/\/infoecos.com.ar\/wp-content\/uploads\/2023\/12\/muestrapaezvilaro.jpg",640,521,false],"1536x1536":["https:\/\/infoecos.com.ar\/wp-content\/uploads\/2023\/12\/muestrapaezvilaro.jpg",1468,1194,false],"2048x2048":["https:\/\/infoecos.com.ar\/wp-content\/uploads\/2023\/12\/muestrapaezvilaro.jpg",1468,1194,false],"covernews-slider-full":["https:\/\/infoecos.com.ar\/wp-content\/uploads\/2023\/12\/muestrapaezvilaro-1468x1020.jpg",1029,715,true],"covernews-slider-center":["https:\/\/infoecos.com.ar\/wp-content\/uploads\/2023\/12\/muestrapaezvilaro-936x897.jpg",522,500,true],"covernews-featured":["https:\/\/infoecos.com.ar\/wp-content\/uploads\/2023\/12\/muestrapaezvilaro-1024x833.jpg",1024,833,true],"covernews-medium":["https:\/\/infoecos.com.ar\/wp-content\/uploads\/2023\/12\/muestrapaezvilaro-720x380.jpg",540,285,true],"covernews-medium-square":["https:\/\/infoecos.com.ar\/wp-content\/uploads\/2023\/12\/muestrapaezvilaro-675x450.jpg",375,250,true]},"author_info":{"info":["Jorge Matheus"]},"category_info":"<a href=\"https:\/\/infoecos.com.ar\/index.php\/category\/inferior15\/\" rel=\"category tag\">Bloque inferior - 15<\/a>","tag_info":"Bloque inferior - 15","comment_count":"0","_links":{"self":[{"href":"https:\/\/infoecos.com.ar\/index.php\/wp-json\/wp\/v2\/posts\/115833"}],"collection":[{"href":"https:\/\/infoecos.com.ar\/index.php\/wp-json\/wp\/v2\/posts"}],"about":[{"href":"https:\/\/infoecos.com.ar\/index.php\/wp-json\/wp\/v2\/types\/post"}],"author":[{"embeddable":true,"href":"https:\/\/infoecos.com.ar\/index.php\/wp-json\/wp\/v2\/users\/2"}],"replies":[{"embeddable":true,"href":"https:\/\/infoecos.com.ar\/index.php\/wp-json\/wp\/v2\/comments?post=115833"}],"version-history":[{"count":2,"href":"https:\/\/infoecos.com.ar\/index.php\/wp-json\/wp\/v2\/posts\/115833\/revisions"}],"predecessor-version":[{"id":116055,"href":"https:\/\/infoecos.com.ar\/index.php\/wp-json\/wp\/v2\/posts\/115833\/revisions\/116055"}],"wp:featuredmedia":[{"embeddable":true,"href":"https:\/\/infoecos.com.ar\/index.php\/wp-json\/wp\/v2\/media\/115835"}],"wp:attachment":[{"href":"https:\/\/infoecos.com.ar\/index.php\/wp-json\/wp\/v2\/media?parent=115833"}],"wp:term":[{"taxonomy":"category","embeddable":true,"href":"https:\/\/infoecos.com.ar\/index.php\/wp-json\/wp\/v2\/categories?post=115833"},{"taxonomy":"post_tag","embeddable":true,"href":"https:\/\/infoecos.com.ar\/index.php\/wp-json\/wp\/v2\/tags?post=115833"}],"curies":[{"name":"wp","href":"https:\/\/api.w.org\/{rel}","templated":true}]}}