{"id":115844,"date":"2023-12-05T00:51:16","date_gmt":"2023-12-05T03:51:16","guid":{"rendered":"https:\/\/infoecos.com.ar\/?p=115844"},"modified":"2023-12-05T13:24:05","modified_gmt":"2023-12-05T16:24:05","slug":"fueron-encontrados-muertos-los-tres-andinistas-entre-ellos-el-intendente-pampeano-raul-espir","status":"publish","type":"post","link":"https:\/\/infoecos.com.ar\/index.php\/fueron-encontrados-muertos-los-tres-andinistas-entre-ellos-el-intendente-pampeano-raul-espir\/","title":{"rendered":"Fueron encontrados muertos los tres andinistas, entre ellos el intendente pampeano, Ra\u00fal Espir"},"content":{"rendered":"\n<figure class=\"wp-block-image alignright size-full is-resized\"><img loading=\"lazy\" decoding=\"async\" src=\"https:\/\/infoecos.com.ar\/wp-content\/uploads\/2023\/12\/image-19.png\" alt=\"\" class=\"wp-image-115845\" width=\"354\" height=\"200\" srcset=\"https:\/\/infoecos.com.ar\/wp-content\/uploads\/2023\/12\/image-19.png 1121w, https:\/\/infoecos.com.ar\/wp-content\/uploads\/2023\/12\/image-19-800x452.png 800w, https:\/\/infoecos.com.ar\/wp-content\/uploads\/2023\/12\/image-19-768x434.png 768w, https:\/\/infoecos.com.ar\/wp-content\/uploads\/2023\/12\/image-19-1024x578.png 1024w\" sizes=\"(max-width: 354px) 100vw, 354px\" \/><\/figure>\n\n\n\n<p>Los<strong>&nbsp;<\/strong>Carabineros de Chile&nbsp;<em>i<\/em>nformaron este lunes que, luego del despliegue de un equipo multidisciplinario en la alta monta\u00f1a, espec\u00edficamente en el<strong>&nbsp;<\/strong>Cerro Marmolejo&nbsp;de la Cordillera de Los Andes, \u201cla divisi\u00f3n del Grupo de Operaciones Policiales Especiales GOPE<strong>&nbsp;<\/strong>encontr\u00f3 los cuerpos de los tres andinistas<strong>&nbsp;<\/strong>que se encontraban desaparecidos\u201d.<\/p>\n\n\n\n<p>Se trata del intendente de la localidad pampeana de General San Mart\u00edn,&nbsp;<strong>Ra\u00fal Espir<\/strong>, el escribano&nbsp;<strong>Sergio Berardo<\/strong>&nbsp;y el experimentado gu\u00eda de monta\u00f1as mendocino&nbsp;<strong>Ignacio Javier Lucero.<\/strong><\/p>\n\n\n\n<p>La expedici\u00f3n comenz\u00f3 el 22 de noviembre y ten\u00eda como objetivo hacer la&nbsp;<strong>cumbre del cerro Marmolejo, un volc\u00e1n de 6.108 metros de altura.<\/strong>&nbsp;El descenso estaba pautado para el jueves pasado, d\u00eda en que se perdi\u00f3 la comunicaci\u00f3n con ellos y se iniciaron las tareas de rescate.<\/p>\n\n\n\n<p>Seg\u00fan trascendi\u00f3, tanto Espir como Lucero ten\u00edan experiencia en andinismo, mientras que el gu\u00eda mendocino contaba con m\u00e1s de 30 a\u00f1os de trayectoria en el sector y realiz\u00f3 46 ascensos al Aconcagua.<\/p>\n\n\n\n<p>Ra\u00fal Espir era farmac\u00e9utico y \u00f3ptico en su vida personal, fue profesor muchos a\u00f1os en el Instituto Juan Manuel Estrada, presidente de la Cooperativa de Servicios y Obras p\u00fablicas, concejal (2015-2019), (intendente 2019-2023), reelecto para (2023-2027). Era casado con Susana y ten\u00eda cinco hijos, Juan, Agostina, Candelaria, Juli\u00e1n y Patricio.<\/p>\n\n\n\n<p>No hay certeza de lo sucedido ni cu\u00e1ndo podr\u00edan llegar a San Mart\u00edn los cuerpos de los andinistas.<\/p>\n\n\n\n<p>\u201cLo \u00faltimo que s\u00e9 es que iban a intentar bajar los cuerpos a un lugar m\u00e1s a resguardo y seguro, para poder hacer la extracci\u00f3n hoy (por el martes) y si no se pod\u00eda por el mal clima lo iban a hacer el mi\u00e9rcoles, es lo que s\u00e9 hasta ahora\u201d, le dijo a LA ARENA la viceintendenta J\u00e9sica Sibert, que ahora deber\u00e1 asumir su rol al frente del Ejecutivo.<\/p>\n","protected":false},"excerpt":{"rendered":"<p>Los fallecidos: el intendente de la localidad pampeana de General San Mart\u00edn,\u00a0Ra\u00fal Espir, el escribano\u00a0Sergio Berardo\u00a0y el gu\u00eda de monta\u00f1as mendocino\u00a0Ignacio Javier Lucero.<\/p>\n","protected":false},"author":2,"featured_media":115845,"comment_status":"closed","ping_status":"open","sticky":false,"template":"","format":"standard","meta":{"footnotes":""},"categories":[40],"tags":[9656],"class_list":["post-115844","post","type-post","status-publish","format-standard","has-post-thumbnail","hentry","category-inferior1","tag-conmovida-la-localidad-de-san-martin"],"yoast_head":"<!-- This site is optimized with the Yoast SEO plugin v23.4 - https:\/\/yoast.com\/wordpress\/plugins\/seo\/ -->\n<title>Fueron encontrados muertos los tres andinistas, entre ellos el intendente pampeano, Ra\u00fal Espir - Infoecos<\/title>\n<meta name=\"robots\" content=\"index, follow, max-snippet:-1, max-image-preview:large, max-video-preview:-1\" \/>\n<link rel=\"canonical\" href=\"https:\/\/infoecos.com.ar\/index.php\/fueron-encontrados-muertos-los-tres-andinistas-entre-ellos-el-intendente-pampeano-raul-espir\/\" \/>\n<meta property=\"og:locale\" content=\"es_ES\" \/>\n<meta property=\"og:type\" content=\"article\" \/>\n<meta property=\"og:title\" content=\"Fueron encontrados muertos los tres andinistas, entre ellos el intendente pampeano, Ra\u00fal Espir - Infoecos\" \/>\n<meta property=\"og:description\" content=\"Los fallecidos: el intendente de la localidad pampeana de General San Mart\u00edn,\u00a0Ra\u00fal Espir, el escribano\u00a0Sergio Berardo\u00a0y el gu\u00eda de monta\u00f1as mendocino\u00a0Ignacio Javier Lucero.\" \/>\n<meta property=\"og:url\" content=\"https:\/\/infoecos.com.ar\/index.php\/fueron-encontrados-muertos-los-tres-andinistas-entre-ellos-el-intendente-pampeano-raul-espir\/\" \/>\n<meta property=\"og:site_name\" content=\"Infoecos\" \/>\n<meta property=\"article:publisher\" content=\"https:\/\/www.facebook.com\/profile.php?id=100063200290284\" \/>\n<meta property=\"article:published_time\" content=\"2023-12-05T03:51:16+00:00\" \/>\n<meta property=\"article:modified_time\" content=\"2023-12-05T16:24:05+00:00\" \/>\n<meta property=\"og:image\" content=\"https:\/\/infoecos.com.ar\/wp-content\/uploads\/2023\/12\/image-19.png\" \/>\n\t<meta property=\"og:image:width\" content=\"1121\" \/>\n\t<meta property=\"og:image:height\" content=\"633\" \/>\n\t<meta property=\"og:image:type\" content=\"image\/png\" \/>\n<meta name=\"author\" content=\"Jorge Matheus\" \/>\n<meta name=\"twitter:card\" content=\"summary_large_image\" \/>\n<meta name=\"twitter:creator\" content=\"@infoecos\" \/>\n<meta name=\"twitter:site\" content=\"@infoecos\" \/>\n<meta name=\"twitter:label1\" content=\"Escrito por\" \/>\n\t<meta name=\"twitter:data1\" content=\"Jorge Matheus\" \/>\n\t<meta name=\"twitter:label2\" content=\"Tiempo de lectura\" \/>\n\t<meta name=\"twitter:data2\" content=\"2 minutos\" \/>\n<script type=\"application\/ld+json\" class=\"yoast-schema-graph\">{\"@context\":\"https:\/\/schema.org\",\"@graph\":[{\"@type\":\"Article\",\"@id\":\"https:\/\/infoecos.com.ar\/index.php\/fueron-encontrados-muertos-los-tres-andinistas-entre-ellos-el-intendente-pampeano-raul-espir\/#article\",\"isPartOf\":{\"@id\":\"https:\/\/infoecos.com.ar\/index.php\/fueron-encontrados-muertos-los-tres-andinistas-entre-ellos-el-intendente-pampeano-raul-espir\/\"},\"author\":{\"name\":\"Jorge Matheus\",\"@id\":\"https:\/\/infoecos.com.ar\/#\/schema\/person\/8f5ace5ce73b4b4aac4b7245aee6f191\"},\"headline\":\"Fueron encontrados muertos los tres andinistas, entre ellos el intendente pampeano, Ra\u00fal Espir\",\"datePublished\":\"2023-12-05T03:51:16+00:00\",\"dateModified\":\"2023-12-05T16:24:05+00:00\",\"mainEntityOfPage\":{\"@id\":\"https:\/\/infoecos.com.ar\/index.php\/fueron-encontrados-muertos-los-tres-andinistas-entre-ellos-el-intendente-pampeano-raul-espir\/\"},\"wordCount\":348,\"publisher\":{\"@id\":\"https:\/\/infoecos.com.ar\/#organization\"},\"image\":{\"@id\":\"https:\/\/infoecos.com.ar\/index.php\/fueron-encontrados-muertos-los-tres-andinistas-entre-ellos-el-intendente-pampeano-raul-espir\/#primaryimage\"},\"thumbnailUrl\":\"https:\/\/infoecos.com.ar\/wp-content\/uploads\/2023\/12\/image-19.png\",\"keywords\":[\"conmovida la localidad de San Mart\u00edn\"],\"articleSection\":[\"Bloque inferior - 1\"],\"inLanguage\":\"es\"},{\"@type\":\"WebPage\",\"@id\":\"https:\/\/infoecos.com.ar\/index.php\/fueron-encontrados-muertos-los-tres-andinistas-entre-ellos-el-intendente-pampeano-raul-espir\/\",\"url\":\"https:\/\/infoecos.com.ar\/index.php\/fueron-encontrados-muertos-los-tres-andinistas-entre-ellos-el-intendente-pampeano-raul-espir\/\",\"name\":\"Fueron encontrados muertos los tres andinistas, entre ellos el intendente pampeano, Ra\u00fal Espir - Infoecos\",\"isPartOf\":{\"@id\":\"https:\/\/infoecos.com.ar\/#website\"},\"primaryImageOfPage\":{\"@id\":\"https:\/\/infoecos.com.ar\/index.php\/fueron-encontrados-muertos-los-tres-andinistas-entre-ellos-el-intendente-pampeano-raul-espir\/#primaryimage\"},\"image\":{\"@id\":\"https:\/\/infoecos.com.ar\/index.php\/fueron-encontrados-muertos-los-tres-andinistas-entre-ellos-el-intendente-pampeano-raul-espir\/#primaryimage\"},\"thumbnailUrl\":\"https:\/\/infoecos.com.ar\/wp-content\/uploads\/2023\/12\/image-19.png\",\"datePublished\":\"2023-12-05T03:51:16+00:00\",\"dateModified\":\"2023-12-05T16:24:05+00:00\",\"breadcrumb\":{\"@id\":\"https:\/\/infoecos.com.ar\/index.php\/fueron-encontrados-muertos-los-tres-andinistas-entre-ellos-el-intendente-pampeano-raul-espir\/#breadcrumb\"},\"inLanguage\":\"es\",\"potentialAction\":[{\"@type\":\"ReadAction\",\"target\":[\"https:\/\/infoecos.com.ar\/index.php\/fueron-encontrados-muertos-los-tres-andinistas-entre-ellos-el-intendente-pampeano-raul-espir\/\"]}]},{\"@type\":\"ImageObject\",\"inLanguage\":\"es\",\"@id\":\"https:\/\/infoecos.com.ar\/index.php\/fueron-encontrados-muertos-los-tres-andinistas-entre-ellos-el-intendente-pampeano-raul-espir\/#primaryimage\",\"url\":\"https:\/\/infoecos.com.ar\/wp-content\/uploads\/2023\/12\/image-19.png\",\"contentUrl\":\"https:\/\/infoecos.com.ar\/wp-content\/uploads\/2023\/12\/image-19.png\",\"width\":1121,\"height\":633},{\"@type\":\"BreadcrumbList\",\"@id\":\"https:\/\/infoecos.com.ar\/index.php\/fueron-encontrados-muertos-los-tres-andinistas-entre-ellos-el-intendente-pampeano-raul-espir\/#breadcrumb\",\"itemListElement\":[{\"@type\":\"ListItem\",\"position\":1,\"name\":\"Portada\",\"item\":\"https:\/\/infoecos.com.ar\/\"},{\"@type\":\"ListItem\",\"position\":2,\"name\":\"Fueron encontrados muertos los tres andinistas, entre ellos el intendente pampeano, Ra\u00fal Espir\"}]},{\"@type\":\"WebSite\",\"@id\":\"https:\/\/infoecos.com.ar\/#website\",\"url\":\"https:\/\/infoecos.com.ar\/\",\"name\":\"Infoecos\",\"description\":\"Noticias de trenque lauquen y la zona\",\"publisher\":{\"@id\":\"https:\/\/infoecos.com.ar\/#organization\"},\"alternateName\":\"Noticias\",\"potentialAction\":[{\"@type\":\"SearchAction\",\"target\":{\"@type\":\"EntryPoint\",\"urlTemplate\":\"https:\/\/infoecos.com.ar\/?s={search_term_string}\"},\"query-input\":{\"@type\":\"PropertyValueSpecification\",\"valueRequired\":true,\"valueName\":\"search_term_string\"}}],\"inLanguage\":\"es\"},{\"@type\":\"Organization\",\"@id\":\"https:\/\/infoecos.com.ar\/#organization\",\"name\":\"Infoecos\",\"alternateName\":\"Noticias\",\"url\":\"https:\/\/infoecos.com.ar\/\",\"logo\":{\"@type\":\"ImageObject\",\"inLanguage\":\"es\",\"@id\":\"https:\/\/infoecos.com.ar\/#\/schema\/logo\/image\/\",\"url\":\"https:\/\/infoecos.com.ar\/wp-content\/uploads\/2024\/03\/cropped-logo.png\",\"contentUrl\":\"https:\/\/infoecos.com.ar\/wp-content\/uploads\/2024\/03\/cropped-logo.png\",\"width\":374,\"height\":90,\"caption\":\"Infoecos\"},\"image\":{\"@id\":\"https:\/\/infoecos.com.ar\/#\/schema\/logo\/image\/\"},\"sameAs\":[\"https:\/\/www.facebook.com\/profile.php?id=100063200290284\",\"https:\/\/x.com\/infoecos\"]},{\"@type\":\"Person\",\"@id\":\"https:\/\/infoecos.com.ar\/#\/schema\/person\/8f5ace5ce73b4b4aac4b7245aee6f191\",\"name\":\"Jorge Matheus\",\"url\":\"https:\/\/infoecos.com.ar\/index.php\/author\/jomatheus\/\"}]}<\/script>\n<!-- \/ Yoast SEO plugin. -->","yoast_head_json":{"title":"Fueron encontrados muertos los tres andinistas, entre ellos el intendente pampeano, Ra\u00fal Espir - Infoecos","robots":{"index":"index","follow":"follow","max-snippet":"max-snippet:-1","max-image-preview":"max-image-preview:large","max-video-preview":"max-video-preview:-1"},"canonical":"https:\/\/infoecos.com.ar\/index.php\/fueron-encontrados-muertos-los-tres-andinistas-entre-ellos-el-intendente-pampeano-raul-espir\/","og_locale":"es_ES","og_type":"article","og_title":"Fueron encontrados muertos los tres andinistas, entre ellos el intendente pampeano, Ra\u00fal Espir - Infoecos","og_description":"Los fallecidos: el intendente de la localidad pampeana de General San Mart\u00edn,\u00a0Ra\u00fal Espir, el escribano\u00a0Sergio Berardo\u00a0y el gu\u00eda de monta\u00f1as mendocino\u00a0Ignacio Javier Lucero.","og_url":"https:\/\/infoecos.com.ar\/index.php\/fueron-encontrados-muertos-los-tres-andinistas-entre-ellos-el-intendente-pampeano-raul-espir\/","og_site_name":"Infoecos","article_publisher":"https:\/\/www.facebook.com\/profile.php?id=100063200290284","article_published_time":"2023-12-05T03:51:16+00:00","article_modified_time":"2023-12-05T16:24:05+00:00","og_image":[{"width":1121,"height":633,"url":"https:\/\/infoecos.com.ar\/wp-content\/uploads\/2023\/12\/image-19.png","type":"image\/png"}],"author":"Jorge Matheus","twitter_card":"summary_large_image","twitter_creator":"@infoecos","twitter_site":"@infoecos","twitter_misc":{"Escrito por":"Jorge Matheus","Tiempo de lectura":"2 minutos"},"schema":{"@context":"https:\/\/schema.org","@graph":[{"@type":"Article","@id":"https:\/\/infoecos.com.ar\/index.php\/fueron-encontrados-muertos-los-tres-andinistas-entre-ellos-el-intendente-pampeano-raul-espir\/#article","isPartOf":{"@id":"https:\/\/infoecos.com.ar\/index.php\/fueron-encontrados-muertos-los-tres-andinistas-entre-ellos-el-intendente-pampeano-raul-espir\/"},"author":{"name":"Jorge Matheus","@id":"https:\/\/infoecos.com.ar\/#\/schema\/person\/8f5ace5ce73b4b4aac4b7245aee6f191"},"headline":"Fueron encontrados muertos los tres andinistas, entre ellos el intendente pampeano, Ra\u00fal Espir","datePublished":"2023-12-05T03:51:16+00:00","dateModified":"2023-12-05T16:24:05+00:00","mainEntityOfPage":{"@id":"https:\/\/infoecos.com.ar\/index.php\/fueron-encontrados-muertos-los-tres-andinistas-entre-ellos-el-intendente-pampeano-raul-espir\/"},"wordCount":348,"publisher":{"@id":"https:\/\/infoecos.com.ar\/#organization"},"image":{"@id":"https:\/\/infoecos.com.ar\/index.php\/fueron-encontrados-muertos-los-tres-andinistas-entre-ellos-el-intendente-pampeano-raul-espir\/#primaryimage"},"thumbnailUrl":"https:\/\/infoecos.com.ar\/wp-content\/uploads\/2023\/12\/image-19.png","keywords":["conmovida la localidad de San Mart\u00edn"],"articleSection":["Bloque inferior - 1"],"inLanguage":"es"},{"@type":"WebPage","@id":"https:\/\/infoecos.com.ar\/index.php\/fueron-encontrados-muertos-los-tres-andinistas-entre-ellos-el-intendente-pampeano-raul-espir\/","url":"https:\/\/infoecos.com.ar\/index.php\/fueron-encontrados-muertos-los-tres-andinistas-entre-ellos-el-intendente-pampeano-raul-espir\/","name":"Fueron encontrados muertos los tres andinistas, entre ellos el intendente pampeano, Ra\u00fal Espir - Infoecos","isPartOf":{"@id":"https:\/\/infoecos.com.ar\/#website"},"primaryImageOfPage":{"@id":"https:\/\/infoecos.com.ar\/index.php\/fueron-encontrados-muertos-los-tres-andinistas-entre-ellos-el-intendente-pampeano-raul-espir\/#primaryimage"},"image":{"@id":"https:\/\/infoecos.com.ar\/index.php\/fueron-encontrados-muertos-los-tres-andinistas-entre-ellos-el-intendente-pampeano-raul-espir\/#primaryimage"},"thumbnailUrl":"https:\/\/infoecos.com.ar\/wp-content\/uploads\/2023\/12\/image-19.png","datePublished":"2023-12-05T03:51:16+00:00","dateModified":"2023-12-05T16:24:05+00:00","breadcrumb":{"@id":"https:\/\/infoecos.com.ar\/index.php\/fueron-encontrados-muertos-los-tres-andinistas-entre-ellos-el-intendente-pampeano-raul-espir\/#breadcrumb"},"inLanguage":"es","potentialAction":[{"@type":"ReadAction","target":["https:\/\/infoecos.com.ar\/index.php\/fueron-encontrados-muertos-los-tres-andinistas-entre-ellos-el-intendente-pampeano-raul-espir\/"]}]},{"@type":"ImageObject","inLanguage":"es","@id":"https:\/\/infoecos.com.ar\/index.php\/fueron-encontrados-muertos-los-tres-andinistas-entre-ellos-el-intendente-pampeano-raul-espir\/#primaryimage","url":"https:\/\/infoecos.com.ar\/wp-content\/uploads\/2023\/12\/image-19.png","contentUrl":"https:\/\/infoecos.com.ar\/wp-content\/uploads\/2023\/12\/image-19.png","width":1121,"height":633},{"@type":"BreadcrumbList","@id":"https:\/\/infoecos.com.ar\/index.php\/fueron-encontrados-muertos-los-tres-andinistas-entre-ellos-el-intendente-pampeano-raul-espir\/#breadcrumb","itemListElement":[{"@type":"ListItem","position":1,"name":"Portada","item":"https:\/\/infoecos.com.ar\/"},{"@type":"ListItem","position":2,"name":"Fueron encontrados muertos los tres andinistas, entre ellos el intendente pampeano, Ra\u00fal Espir"}]},{"@type":"WebSite","@id":"https:\/\/infoecos.com.ar\/#website","url":"https:\/\/infoecos.com.ar\/","name":"Infoecos","description":"Noticias de trenque lauquen y la zona","publisher":{"@id":"https:\/\/infoecos.com.ar\/#organization"},"alternateName":"Noticias","potentialAction":[{"@type":"SearchAction","target":{"@type":"EntryPoint","urlTemplate":"https:\/\/infoecos.com.ar\/?s={search_term_string}"},"query-input":{"@type":"PropertyValueSpecification","valueRequired":true,"valueName":"search_term_string"}}],"inLanguage":"es"},{"@type":"Organization","@id":"https:\/\/infoecos.com.ar\/#organization","name":"Infoecos","alternateName":"Noticias","url":"https:\/\/infoecos.com.ar\/","logo":{"@type":"ImageObject","inLanguage":"es","@id":"https:\/\/infoecos.com.ar\/#\/schema\/logo\/image\/","url":"https:\/\/infoecos.com.ar\/wp-content\/uploads\/2024\/03\/cropped-logo.png","contentUrl":"https:\/\/infoecos.com.ar\/wp-content\/uploads\/2024\/03\/cropped-logo.png","width":374,"height":90,"caption":"Infoecos"},"image":{"@id":"https:\/\/infoecos.com.ar\/#\/schema\/logo\/image\/"},"sameAs":["https:\/\/www.facebook.com\/profile.php?id=100063200290284","https:\/\/x.com\/infoecos"]},{"@type":"Person","@id":"https:\/\/infoecos.com.ar\/#\/schema\/person\/8f5ace5ce73b4b4aac4b7245aee6f191","name":"Jorge Matheus","url":"https:\/\/infoecos.com.ar\/index.php\/author\/jomatheus\/"}]}},"featured_image_urls":{"full":["https:\/\/infoecos.com.ar\/wp-content\/uploads\/2023\/12\/image-19.png",1121,633,false],"thumbnail":["https:\/\/infoecos.com.ar\/wp-content\/uploads\/2023\/12\/image-19-300x150.png",300,150,true],"medium":["https:\/\/infoecos.com.ar\/wp-content\/uploads\/2023\/12\/image-19-800x452.png",800,452,true],"medium_large":["https:\/\/infoecos.com.ar\/wp-content\/uploads\/2023\/12\/image-19-768x434.png",640,362,true],"large":["https:\/\/infoecos.com.ar\/wp-content\/uploads\/2023\/12\/image-19.png",640,361,false],"1536x1536":["https:\/\/infoecos.com.ar\/wp-content\/uploads\/2023\/12\/image-19.png",1121,633,false],"2048x2048":["https:\/\/infoecos.com.ar\/wp-content\/uploads\/2023\/12\/image-19.png",1121,633,false],"covernews-slider-full":["https:\/\/infoecos.com.ar\/wp-content\/uploads\/2023\/12\/image-19.png",1115,630,false],"covernews-slider-center":["https:\/\/infoecos.com.ar\/wp-content\/uploads\/2023\/12\/image-19-936x633.png",739,500,true],"covernews-featured":["https:\/\/infoecos.com.ar\/wp-content\/uploads\/2023\/12\/image-19-1024x578.png",1024,578,true],"covernews-medium":["https:\/\/infoecos.com.ar\/wp-content\/uploads\/2023\/12\/image-19-720x380.png",540,285,true],"covernews-medium-square":["https:\/\/infoecos.com.ar\/wp-content\/uploads\/2023\/12\/image-19-675x450.png",375,250,true]},"author_info":{"info":["Jorge Matheus"]},"category_info":"<a href=\"https:\/\/infoecos.com.ar\/index.php\/category\/inferior1\/\" rel=\"category tag\">Bloque inferior - 1<\/a>","tag_info":"Bloque inferior - 1","comment_count":"0","_links":{"self":[{"href":"https:\/\/infoecos.com.ar\/index.php\/wp-json\/wp\/v2\/posts\/115844"}],"collection":[{"href":"https:\/\/infoecos.com.ar\/index.php\/wp-json\/wp\/v2\/posts"}],"about":[{"href":"https:\/\/infoecos.com.ar\/index.php\/wp-json\/wp\/v2\/types\/post"}],"author":[{"embeddable":true,"href":"https:\/\/infoecos.com.ar\/index.php\/wp-json\/wp\/v2\/users\/2"}],"replies":[{"embeddable":true,"href":"https:\/\/infoecos.com.ar\/index.php\/wp-json\/wp\/v2\/comments?post=115844"}],"version-history":[{"count":2,"href":"https:\/\/infoecos.com.ar\/index.php\/wp-json\/wp\/v2\/posts\/115844\/revisions"}],"predecessor-version":[{"id":115864,"href":"https:\/\/infoecos.com.ar\/index.php\/wp-json\/wp\/v2\/posts\/115844\/revisions\/115864"}],"wp:featuredmedia":[{"embeddable":true,"href":"https:\/\/infoecos.com.ar\/index.php\/wp-json\/wp\/v2\/media\/115845"}],"wp:attachment":[{"href":"https:\/\/infoecos.com.ar\/index.php\/wp-json\/wp\/v2\/media?parent=115844"}],"wp:term":[{"taxonomy":"category","embeddable":true,"href":"https:\/\/infoecos.com.ar\/index.php\/wp-json\/wp\/v2\/categories?post=115844"},{"taxonomy":"post_tag","embeddable":true,"href":"https:\/\/infoecos.com.ar\/index.php\/wp-json\/wp\/v2\/tags?post=115844"}],"curies":[{"name":"wp","href":"https:\/\/api.w.org\/{rel}","templated":true}]}}