{"id":115847,"date":"2023-12-05T00:56:25","date_gmt":"2023-12-05T03:56:25","guid":{"rendered":"https:\/\/infoecos.com.ar\/?p=115847"},"modified":"2023-12-10T12:23:27","modified_gmt":"2023-12-10T15:23:27","slug":"considerable-disminucion-de-superficie-en-las-lagunas-del-sudoeste-bonaerense","status":"publish","type":"post","link":"https:\/\/infoecos.com.ar\/index.php\/considerable-disminucion-de-superficie-en-las-lagunas-del-sudoeste-bonaerense\/","title":{"rendered":"Considerable disminuci\u00f3n de superficie en las lagunas del Sudoeste bonaerense"},"content":{"rendered":"\n<figure class=\"wp-block-image alignright size-full is-resized\"><img loading=\"lazy\" decoding=\"async\" src=\"https:\/\/infoecos.com.ar\/wp-content\/uploads\/2023\/12\/image-20.png\" alt=\"\" class=\"wp-image-115848\" width=\"359\" height=\"209\" srcset=\"https:\/\/infoecos.com.ar\/wp-content\/uploads\/2023\/12\/image-20.png 880w, https:\/\/infoecos.com.ar\/wp-content\/uploads\/2023\/12\/image-20-800x465.png 800w, https:\/\/infoecos.com.ar\/wp-content\/uploads\/2023\/12\/image-20-768x447.png 768w\" sizes=\"(max-width: 359px) 100vw, 359px\" \/><\/figure>\n\n\n\n<p>Un relevamiento realizado por el INTA Bordenave detect\u00f3 una fuerte disminuci\u00f3n de la superficie de distintas lagunas del sudoeste bonaerense.<\/p>\n\n\n\n<p>A trav\u00e9s de im\u00e1genes satelitales, qued\u00f3 en evidencia el fuerte impacto de la sequ\u00eda en la regi\u00f3n, lo que motiv\u00f3 la declaraci\u00f3n de emergencia y desastre agropecuario en la mayor\u00eda de los distritos.<\/p>\n\n\n\n<p>En el caso de Puan, el doctor en Geograf\u00eda y especialista en Teledetecci\u00f3n, Fabi\u00e1n Marini, comprob\u00f3 que los espejos de agua se achicaron en un 58,6 % en los \u00faltimos 5 a\u00f1os, entre noviembre del 2018 y noviembre de 2023. A su vez, en ese mismo per\u00edodo, la superficie de las lagunas de Adolfo Alsina disminuyeron un 55,2 %.<\/p>\n\n\n\n<p>Tambi\u00e9n se percibe una reducci\u00f3n en el Dique Paso de las Piedras, que es de donde se sirven agua potable Bah\u00eda Blanca y Coronel Rosales, que para octubre de este a\u00f1o ten\u00eda 399 hect\u00e1reas menos que en el 2020.<\/p>\n\n\n\n<p>En ese contexto seg\u00fan public\u00f3 el portal Infosexta, la doctora Cristina Winschel, del INTA Hilario Ascasubi, se\u00f1al\u00f3 que la regi\u00f3n est\u00e1 experimentando una sequ\u00eda severa que afecta los cultivos y provoca la degradaci\u00f3n de los suelos.<\/p>\n\n\n\n<p>Seg\u00fan considera, hay una demora en la transici\u00f3n entre los fen\u00f3menos clim\u00e1ticos conocidos como La Ni\u00f1a y El Ni\u00f1o, y advierte que una vez que lleguen las lluvias, no est\u00e1 garantizado que sean suficientes.<\/p>\n\n\n\n<p>Puntualmente en el caso de los distritos de Villarino y Patagones, las precipitaciones de este a\u00f1o est\u00e1n muy por debajo de los valores hist\u00f3ricos.<\/p>\n\n\n\n<p>En el caso del primero, se acumulan 235 mil\u00edmetros cuando la media es de 500, y en el segundo, del promedio de 360 llovieron 225.<\/p>\n\n\n\n<p>Para Winschel, los factores son el desmonte y el cambio clim\u00e1tico, y la situaci\u00f3n es similar al a\u00f1o 2007.<\/p>\n\n\n\n<p><strong>Fuente: infogei.com.ar<\/strong><\/p>\n","protected":false},"excerpt":{"rendered":"<p>Relevamiento realizado por el INTA Bordenave. Tambi\u00e9n se percibe una reducci\u00f3n en el Dique Paso de las Piedras, que es de donde se sirven agua potable Bah\u00eda Blanca y Coronel Rosales<\/p>\n","protected":false},"author":2,"featured_media":115848,"comment_status":"closed","ping_status":"open","sticky":false,"template":"","format":"standard","meta":{"footnotes":""},"categories":[1334],"tags":[9657],"class_list":["post-115847","post","type-post","status-publish","format-standard","has-post-thumbnail","hentry","category-inferior14","tag-investigacion-del-inta"],"yoast_head":"<!-- This site is optimized with the Yoast SEO plugin v23.4 - https:\/\/yoast.com\/wordpress\/plugins\/seo\/ -->\n<title>Considerable disminuci\u00f3n de superficie en las lagunas del Sudoeste bonaerense - Infoecos<\/title>\n<meta name=\"robots\" content=\"index, follow, max-snippet:-1, max-image-preview:large, max-video-preview:-1\" \/>\n<link rel=\"canonical\" href=\"https:\/\/infoecos.com.ar\/index.php\/considerable-disminucion-de-superficie-en-las-lagunas-del-sudoeste-bonaerense\/\" \/>\n<meta property=\"og:locale\" content=\"es_ES\" \/>\n<meta property=\"og:type\" content=\"article\" \/>\n<meta property=\"og:title\" content=\"Considerable disminuci\u00f3n de superficie en las lagunas del Sudoeste bonaerense - Infoecos\" \/>\n<meta property=\"og:description\" content=\"Relevamiento realizado por el INTA Bordenave. Tambi\u00e9n se percibe una reducci\u00f3n en el Dique Paso de las Piedras, que es de donde se sirven agua potable Bah\u00eda Blanca y Coronel Rosales\" \/>\n<meta property=\"og:url\" content=\"https:\/\/infoecos.com.ar\/index.php\/considerable-disminucion-de-superficie-en-las-lagunas-del-sudoeste-bonaerense\/\" \/>\n<meta property=\"og:site_name\" content=\"Infoecos\" \/>\n<meta property=\"article:publisher\" content=\"https:\/\/www.facebook.com\/profile.php?id=100063200290284\" \/>\n<meta property=\"article:published_time\" content=\"2023-12-05T03:56:25+00:00\" \/>\n<meta property=\"article:modified_time\" content=\"2023-12-10T15:23:27+00:00\" \/>\n<meta property=\"og:image\" content=\"https:\/\/infoecos.com.ar\/wp-content\/uploads\/2023\/12\/image-20.png\" \/>\n\t<meta property=\"og:image:width\" content=\"880\" \/>\n\t<meta property=\"og:image:height\" content=\"512\" \/>\n\t<meta property=\"og:image:type\" content=\"image\/png\" \/>\n<meta name=\"author\" content=\"Jorge Matheus\" \/>\n<meta name=\"twitter:card\" content=\"summary_large_image\" \/>\n<meta name=\"twitter:creator\" content=\"@infoecos\" \/>\n<meta name=\"twitter:site\" content=\"@infoecos\" \/>\n<meta name=\"twitter:label1\" content=\"Escrito por\" \/>\n\t<meta name=\"twitter:data1\" content=\"Jorge Matheus\" \/>\n\t<meta name=\"twitter:label2\" content=\"Tiempo de lectura\" \/>\n\t<meta name=\"twitter:data2\" content=\"2 minutos\" \/>\n<script type=\"application\/ld+json\" class=\"yoast-schema-graph\">{\"@context\":\"https:\/\/schema.org\",\"@graph\":[{\"@type\":\"Article\",\"@id\":\"https:\/\/infoecos.com.ar\/index.php\/considerable-disminucion-de-superficie-en-las-lagunas-del-sudoeste-bonaerense\/#article\",\"isPartOf\":{\"@id\":\"https:\/\/infoecos.com.ar\/index.php\/considerable-disminucion-de-superficie-en-las-lagunas-del-sudoeste-bonaerense\/\"},\"author\":{\"name\":\"Jorge Matheus\",\"@id\":\"https:\/\/infoecos.com.ar\/#\/schema\/person\/8f5ace5ce73b4b4aac4b7245aee6f191\"},\"headline\":\"Considerable disminuci\u00f3n de superficie en las lagunas del Sudoeste bonaerense\",\"datePublished\":\"2023-12-05T03:56:25+00:00\",\"dateModified\":\"2023-12-10T15:23:27+00:00\",\"mainEntityOfPage\":{\"@id\":\"https:\/\/infoecos.com.ar\/index.php\/considerable-disminucion-de-superficie-en-las-lagunas-del-sudoeste-bonaerense\/\"},\"wordCount\":326,\"publisher\":{\"@id\":\"https:\/\/infoecos.com.ar\/#organization\"},\"image\":{\"@id\":\"https:\/\/infoecos.com.ar\/index.php\/considerable-disminucion-de-superficie-en-las-lagunas-del-sudoeste-bonaerense\/#primaryimage\"},\"thumbnailUrl\":\"https:\/\/infoecos.com.ar\/wp-content\/uploads\/2023\/12\/image-20.png\",\"keywords\":[\"investigaci\u00f3n del inta\"],\"articleSection\":[\"Bloque inferior - 14\"],\"inLanguage\":\"es\"},{\"@type\":\"WebPage\",\"@id\":\"https:\/\/infoecos.com.ar\/index.php\/considerable-disminucion-de-superficie-en-las-lagunas-del-sudoeste-bonaerense\/\",\"url\":\"https:\/\/infoecos.com.ar\/index.php\/considerable-disminucion-de-superficie-en-las-lagunas-del-sudoeste-bonaerense\/\",\"name\":\"Considerable disminuci\u00f3n de superficie en las lagunas del Sudoeste bonaerense - Infoecos\",\"isPartOf\":{\"@id\":\"https:\/\/infoecos.com.ar\/#website\"},\"primaryImageOfPage\":{\"@id\":\"https:\/\/infoecos.com.ar\/index.php\/considerable-disminucion-de-superficie-en-las-lagunas-del-sudoeste-bonaerense\/#primaryimage\"},\"image\":{\"@id\":\"https:\/\/infoecos.com.ar\/index.php\/considerable-disminucion-de-superficie-en-las-lagunas-del-sudoeste-bonaerense\/#primaryimage\"},\"thumbnailUrl\":\"https:\/\/infoecos.com.ar\/wp-content\/uploads\/2023\/12\/image-20.png\",\"datePublished\":\"2023-12-05T03:56:25+00:00\",\"dateModified\":\"2023-12-10T15:23:27+00:00\",\"breadcrumb\":{\"@id\":\"https:\/\/infoecos.com.ar\/index.php\/considerable-disminucion-de-superficie-en-las-lagunas-del-sudoeste-bonaerense\/#breadcrumb\"},\"inLanguage\":\"es\",\"potentialAction\":[{\"@type\":\"ReadAction\",\"target\":[\"https:\/\/infoecos.com.ar\/index.php\/considerable-disminucion-de-superficie-en-las-lagunas-del-sudoeste-bonaerense\/\"]}]},{\"@type\":\"ImageObject\",\"inLanguage\":\"es\",\"@id\":\"https:\/\/infoecos.com.ar\/index.php\/considerable-disminucion-de-superficie-en-las-lagunas-del-sudoeste-bonaerense\/#primaryimage\",\"url\":\"https:\/\/infoecos.com.ar\/wp-content\/uploads\/2023\/12\/image-20.png\",\"contentUrl\":\"https:\/\/infoecos.com.ar\/wp-content\/uploads\/2023\/12\/image-20.png\",\"width\":880,\"height\":512},{\"@type\":\"BreadcrumbList\",\"@id\":\"https:\/\/infoecos.com.ar\/index.php\/considerable-disminucion-de-superficie-en-las-lagunas-del-sudoeste-bonaerense\/#breadcrumb\",\"itemListElement\":[{\"@type\":\"ListItem\",\"position\":1,\"name\":\"Portada\",\"item\":\"https:\/\/infoecos.com.ar\/\"},{\"@type\":\"ListItem\",\"position\":2,\"name\":\"Considerable disminuci\u00f3n de superficie en las lagunas del Sudoeste bonaerense\"}]},{\"@type\":\"WebSite\",\"@id\":\"https:\/\/infoecos.com.ar\/#website\",\"url\":\"https:\/\/infoecos.com.ar\/\",\"name\":\"Infoecos\",\"description\":\"Noticias de trenque lauquen y la zona\",\"publisher\":{\"@id\":\"https:\/\/infoecos.com.ar\/#organization\"},\"alternateName\":\"Noticias\",\"potentialAction\":[{\"@type\":\"SearchAction\",\"target\":{\"@type\":\"EntryPoint\",\"urlTemplate\":\"https:\/\/infoecos.com.ar\/?s={search_term_string}\"},\"query-input\":{\"@type\":\"PropertyValueSpecification\",\"valueRequired\":true,\"valueName\":\"search_term_string\"}}],\"inLanguage\":\"es\"},{\"@type\":\"Organization\",\"@id\":\"https:\/\/infoecos.com.ar\/#organization\",\"name\":\"Infoecos\",\"alternateName\":\"Noticias\",\"url\":\"https:\/\/infoecos.com.ar\/\",\"logo\":{\"@type\":\"ImageObject\",\"inLanguage\":\"es\",\"@id\":\"https:\/\/infoecos.com.ar\/#\/schema\/logo\/image\/\",\"url\":\"https:\/\/infoecos.com.ar\/wp-content\/uploads\/2024\/03\/cropped-logo.png\",\"contentUrl\":\"https:\/\/infoecos.com.ar\/wp-content\/uploads\/2024\/03\/cropped-logo.png\",\"width\":374,\"height\":90,\"caption\":\"Infoecos\"},\"image\":{\"@id\":\"https:\/\/infoecos.com.ar\/#\/schema\/logo\/image\/\"},\"sameAs\":[\"https:\/\/www.facebook.com\/profile.php?id=100063200290284\",\"https:\/\/x.com\/infoecos\"]},{\"@type\":\"Person\",\"@id\":\"https:\/\/infoecos.com.ar\/#\/schema\/person\/8f5ace5ce73b4b4aac4b7245aee6f191\",\"name\":\"Jorge Matheus\",\"url\":\"https:\/\/infoecos.com.ar\/index.php\/author\/jomatheus\/\"}]}<\/script>\n<!-- \/ Yoast SEO plugin. -->","yoast_head_json":{"title":"Considerable disminuci\u00f3n de superficie en las lagunas del Sudoeste bonaerense - Infoecos","robots":{"index":"index","follow":"follow","max-snippet":"max-snippet:-1","max-image-preview":"max-image-preview:large","max-video-preview":"max-video-preview:-1"},"canonical":"https:\/\/infoecos.com.ar\/index.php\/considerable-disminucion-de-superficie-en-las-lagunas-del-sudoeste-bonaerense\/","og_locale":"es_ES","og_type":"article","og_title":"Considerable disminuci\u00f3n de superficie en las lagunas del Sudoeste bonaerense - Infoecos","og_description":"Relevamiento realizado por el INTA Bordenave. Tambi\u00e9n se percibe una reducci\u00f3n en el Dique Paso de las Piedras, que es de donde se sirven agua potable Bah\u00eda Blanca y Coronel Rosales","og_url":"https:\/\/infoecos.com.ar\/index.php\/considerable-disminucion-de-superficie-en-las-lagunas-del-sudoeste-bonaerense\/","og_site_name":"Infoecos","article_publisher":"https:\/\/www.facebook.com\/profile.php?id=100063200290284","article_published_time":"2023-12-05T03:56:25+00:00","article_modified_time":"2023-12-10T15:23:27+00:00","og_image":[{"width":880,"height":512,"url":"https:\/\/infoecos.com.ar\/wp-content\/uploads\/2023\/12\/image-20.png","type":"image\/png"}],"author":"Jorge Matheus","twitter_card":"summary_large_image","twitter_creator":"@infoecos","twitter_site":"@infoecos","twitter_misc":{"Escrito por":"Jorge Matheus","Tiempo de lectura":"2 minutos"},"schema":{"@context":"https:\/\/schema.org","@graph":[{"@type":"Article","@id":"https:\/\/infoecos.com.ar\/index.php\/considerable-disminucion-de-superficie-en-las-lagunas-del-sudoeste-bonaerense\/#article","isPartOf":{"@id":"https:\/\/infoecos.com.ar\/index.php\/considerable-disminucion-de-superficie-en-las-lagunas-del-sudoeste-bonaerense\/"},"author":{"name":"Jorge Matheus","@id":"https:\/\/infoecos.com.ar\/#\/schema\/person\/8f5ace5ce73b4b4aac4b7245aee6f191"},"headline":"Considerable disminuci\u00f3n de superficie en las lagunas del Sudoeste bonaerense","datePublished":"2023-12-05T03:56:25+00:00","dateModified":"2023-12-10T15:23:27+00:00","mainEntityOfPage":{"@id":"https:\/\/infoecos.com.ar\/index.php\/considerable-disminucion-de-superficie-en-las-lagunas-del-sudoeste-bonaerense\/"},"wordCount":326,"publisher":{"@id":"https:\/\/infoecos.com.ar\/#organization"},"image":{"@id":"https:\/\/infoecos.com.ar\/index.php\/considerable-disminucion-de-superficie-en-las-lagunas-del-sudoeste-bonaerense\/#primaryimage"},"thumbnailUrl":"https:\/\/infoecos.com.ar\/wp-content\/uploads\/2023\/12\/image-20.png","keywords":["investigaci\u00f3n del inta"],"articleSection":["Bloque inferior - 14"],"inLanguage":"es"},{"@type":"WebPage","@id":"https:\/\/infoecos.com.ar\/index.php\/considerable-disminucion-de-superficie-en-las-lagunas-del-sudoeste-bonaerense\/","url":"https:\/\/infoecos.com.ar\/index.php\/considerable-disminucion-de-superficie-en-las-lagunas-del-sudoeste-bonaerense\/","name":"Considerable disminuci\u00f3n de superficie en las lagunas del Sudoeste bonaerense - Infoecos","isPartOf":{"@id":"https:\/\/infoecos.com.ar\/#website"},"primaryImageOfPage":{"@id":"https:\/\/infoecos.com.ar\/index.php\/considerable-disminucion-de-superficie-en-las-lagunas-del-sudoeste-bonaerense\/#primaryimage"},"image":{"@id":"https:\/\/infoecos.com.ar\/index.php\/considerable-disminucion-de-superficie-en-las-lagunas-del-sudoeste-bonaerense\/#primaryimage"},"thumbnailUrl":"https:\/\/infoecos.com.ar\/wp-content\/uploads\/2023\/12\/image-20.png","datePublished":"2023-12-05T03:56:25+00:00","dateModified":"2023-12-10T15:23:27+00:00","breadcrumb":{"@id":"https:\/\/infoecos.com.ar\/index.php\/considerable-disminucion-de-superficie-en-las-lagunas-del-sudoeste-bonaerense\/#breadcrumb"},"inLanguage":"es","potentialAction":[{"@type":"ReadAction","target":["https:\/\/infoecos.com.ar\/index.php\/considerable-disminucion-de-superficie-en-las-lagunas-del-sudoeste-bonaerense\/"]}]},{"@type":"ImageObject","inLanguage":"es","@id":"https:\/\/infoecos.com.ar\/index.php\/considerable-disminucion-de-superficie-en-las-lagunas-del-sudoeste-bonaerense\/#primaryimage","url":"https:\/\/infoecos.com.ar\/wp-content\/uploads\/2023\/12\/image-20.png","contentUrl":"https:\/\/infoecos.com.ar\/wp-content\/uploads\/2023\/12\/image-20.png","width":880,"height":512},{"@type":"BreadcrumbList","@id":"https:\/\/infoecos.com.ar\/index.php\/considerable-disminucion-de-superficie-en-las-lagunas-del-sudoeste-bonaerense\/#breadcrumb","itemListElement":[{"@type":"ListItem","position":1,"name":"Portada","item":"https:\/\/infoecos.com.ar\/"},{"@type":"ListItem","position":2,"name":"Considerable disminuci\u00f3n de superficie en las lagunas del Sudoeste bonaerense"}]},{"@type":"WebSite","@id":"https:\/\/infoecos.com.ar\/#website","url":"https:\/\/infoecos.com.ar\/","name":"Infoecos","description":"Noticias de trenque lauquen y la zona","publisher":{"@id":"https:\/\/infoecos.com.ar\/#organization"},"alternateName":"Noticias","potentialAction":[{"@type":"SearchAction","target":{"@type":"EntryPoint","urlTemplate":"https:\/\/infoecos.com.ar\/?s={search_term_string}"},"query-input":{"@type":"PropertyValueSpecification","valueRequired":true,"valueName":"search_term_string"}}],"inLanguage":"es"},{"@type":"Organization","@id":"https:\/\/infoecos.com.ar\/#organization","name":"Infoecos","alternateName":"Noticias","url":"https:\/\/infoecos.com.ar\/","logo":{"@type":"ImageObject","inLanguage":"es","@id":"https:\/\/infoecos.com.ar\/#\/schema\/logo\/image\/","url":"https:\/\/infoecos.com.ar\/wp-content\/uploads\/2024\/03\/cropped-logo.png","contentUrl":"https:\/\/infoecos.com.ar\/wp-content\/uploads\/2024\/03\/cropped-logo.png","width":374,"height":90,"caption":"Infoecos"},"image":{"@id":"https:\/\/infoecos.com.ar\/#\/schema\/logo\/image\/"},"sameAs":["https:\/\/www.facebook.com\/profile.php?id=100063200290284","https:\/\/x.com\/infoecos"]},{"@type":"Person","@id":"https:\/\/infoecos.com.ar\/#\/schema\/person\/8f5ace5ce73b4b4aac4b7245aee6f191","name":"Jorge Matheus","url":"https:\/\/infoecos.com.ar\/index.php\/author\/jomatheus\/"}]}},"featured_image_urls":{"full":["https:\/\/infoecos.com.ar\/wp-content\/uploads\/2023\/12\/image-20.png",880,512,false],"thumbnail":["https:\/\/infoecos.com.ar\/wp-content\/uploads\/2023\/12\/image-20-300x150.png",300,150,true],"medium":["https:\/\/infoecos.com.ar\/wp-content\/uploads\/2023\/12\/image-20-800x465.png",800,465,true],"medium_large":["https:\/\/infoecos.com.ar\/wp-content\/uploads\/2023\/12\/image-20-768x447.png",640,373,true],"large":["https:\/\/infoecos.com.ar\/wp-content\/uploads\/2023\/12\/image-20.png",640,372,false],"1536x1536":["https:\/\/infoecos.com.ar\/wp-content\/uploads\/2023\/12\/image-20.png",880,512,false],"2048x2048":["https:\/\/infoecos.com.ar\/wp-content\/uploads\/2023\/12\/image-20.png",880,512,false],"covernews-slider-full":["https:\/\/infoecos.com.ar\/wp-content\/uploads\/2023\/12\/image-20.png",880,512,false],"covernews-slider-center":["https:\/\/infoecos.com.ar\/wp-content\/uploads\/2023\/12\/image-20.png",800,465,false],"covernews-featured":["https:\/\/infoecos.com.ar\/wp-content\/uploads\/2023\/12\/image-20.png",880,512,false],"covernews-medium":["https:\/\/infoecos.com.ar\/wp-content\/uploads\/2023\/12\/image-20-720x380.png",540,285,true],"covernews-medium-square":["https:\/\/infoecos.com.ar\/wp-content\/uploads\/2023\/12\/image-20-675x450.png",375,250,true]},"author_info":{"info":["Jorge Matheus"]},"category_info":"<a href=\"https:\/\/infoecos.com.ar\/index.php\/category\/inferior14\/\" rel=\"category tag\">Bloque inferior - 14<\/a>","tag_info":"Bloque inferior - 14","comment_count":"0","_links":{"self":[{"href":"https:\/\/infoecos.com.ar\/index.php\/wp-json\/wp\/v2\/posts\/115847"}],"collection":[{"href":"https:\/\/infoecos.com.ar\/index.php\/wp-json\/wp\/v2\/posts"}],"about":[{"href":"https:\/\/infoecos.com.ar\/index.php\/wp-json\/wp\/v2\/types\/post"}],"author":[{"embeddable":true,"href":"https:\/\/infoecos.com.ar\/index.php\/wp-json\/wp\/v2\/users\/2"}],"replies":[{"embeddable":true,"href":"https:\/\/infoecos.com.ar\/index.php\/wp-json\/wp\/v2\/comments?post=115847"}],"version-history":[{"count":2,"href":"https:\/\/infoecos.com.ar\/index.php\/wp-json\/wp\/v2\/posts\/115847\/revisions"}],"predecessor-version":[{"id":115850,"href":"https:\/\/infoecos.com.ar\/index.php\/wp-json\/wp\/v2\/posts\/115847\/revisions\/115850"}],"wp:featuredmedia":[{"embeddable":true,"href":"https:\/\/infoecos.com.ar\/index.php\/wp-json\/wp\/v2\/media\/115848"}],"wp:attachment":[{"href":"https:\/\/infoecos.com.ar\/index.php\/wp-json\/wp\/v2\/media?parent=115847"}],"wp:term":[{"taxonomy":"category","embeddable":true,"href":"https:\/\/infoecos.com.ar\/index.php\/wp-json\/wp\/v2\/categories?post=115847"},{"taxonomy":"post_tag","embeddable":true,"href":"https:\/\/infoecos.com.ar\/index.php\/wp-json\/wp\/v2\/tags?post=115847"}],"curies":[{"name":"wp","href":"https:\/\/api.w.org\/{rel}","templated":true}]}}