{"id":115874,"date":"2023-12-05T13:59:03","date_gmt":"2023-12-05T16:59:03","guid":{"rendered":"https:\/\/infoecos.com.ar\/?p=115874"},"modified":"2023-12-07T23:12:07","modified_gmt":"2023-12-08T02:12:07","slug":"se-realizaria-la-fiesta-nacional-del-girasol-en-carlos-casares","status":"publish","type":"post","link":"https:\/\/infoecos.com.ar\/index.php\/se-realizaria-la-fiesta-nacional-del-girasol-en-carlos-casares\/","title":{"rendered":"Se realizar\u00eda la Fiesta Nacional del Girasol en Carlos Casares"},"content":{"rendered":"\n<figure class=\"wp-block-image alignright size-full is-resized\"><img loading=\"lazy\" decoding=\"async\" src=\"https:\/\/infoecos.com.ar\/wp-content\/uploads\/2023\/12\/image-25.png\" alt=\"\" class=\"wp-image-115876\" width=\"338\" height=\"197\" srcset=\"https:\/\/infoecos.com.ar\/wp-content\/uploads\/2023\/12\/image-25.png 880w, https:\/\/infoecos.com.ar\/wp-content\/uploads\/2023\/12\/image-25-800x465.png 800w, https:\/\/infoecos.com.ar\/wp-content\/uploads\/2023\/12\/image-25-768x447.png 768w\" sizes=\"(max-width: 338px) 100vw, 338px\" \/><\/figure>\n\n\n\n<p>La concejal electa por Unidos por Casares, Itat\u00ed Escobar, inform\u00f3 que la reacci\u00f3n de la comunidad de Carlos Casares ante las versiones que daban cuenta de la suspensi\u00f3n del evento fueron inmediatas, y ante esa situaci\u00f3n, como concejales electos y representantes del pueblo, solicitaron una audiencia con las autoridades para conocer los motivos de tal decisi\u00f3n e instar a las autoridades a rever la situaci\u00f3n. La concejal indic\u00f3 que fueron recibidos por el secretario de Finanzas, que adem\u00e1s es Presidente de la Comisi\u00f3n organizadora de la Fiesta Nacional del Girasol, quien les inform\u00f3 que por la misma repercusi\u00f3n que tuvo la noticia, estaban analizando la realizaci\u00f3n de una fiesta m\u00e1s austera.<\/p>\n\n\n\n<p>Escobar manifest\u00f3 que el argumento suele ser la situaci\u00f3n econ\u00f3mica y los anuncios del Presidente de la Naci\u00f3n electo, que generan incertidumbre, y asegur\u00f3 que la econom\u00eda lleva mucho tiempo muy mal y la fiesta se hizo siempre; y la incertidumbre puede ser entendible, pero no justifica una suspensi\u00f3n total de la que ser\u00e1 la edici\u00f3n n\u00famero 30 del evento, sino que es una invitaci\u00f3n a hacer algo m\u00e1s austero.<\/p>\n\n\n\n<figure class=\"wp-block-image aligncenter size-full is-resized\"><img loading=\"lazy\" decoding=\"async\" src=\"https:\/\/infoecos.com.ar\/wp-content\/uploads\/2023\/12\/image-24.png\" alt=\"\" class=\"wp-image-115875\" width=\"165\" height=\"204\"\/><figcaption class=\"wp-element-caption\">Concejal Itat\u00ed Escobar <\/figcaption><\/figure>\n\n\n\n<p>La edil inform\u00f3 que previo al encuentro con las autoridades municipales, realizaron un relevamiento de costos de escenario y artistas locales y regionales, que permitir\u00edan hacer un lindo evento, adem\u00e1s, contemplando que se trata de un fiesta muy relacionada al trabajo en el campo, no se descarta que empresas y productores puedan realizar alg\u00fan aporte para cubrir gastos.<\/p>\n\n\n\n<p><strong>Fuente:<\/strong><\/p>\n\n\n\n<p><strong>Radio Magica de Pehuaj\u00f3<\/strong><\/p>\n","protected":false},"excerpt":{"rendered":"<p>La edil, Itat\u00ed Escobar, inform\u00f3 que previo al encuentro con autoridades municipales<\/p>\n","protected":false},"author":2,"featured_media":115876,"comment_status":"closed","ping_status":"open","sticky":false,"template":"","format":"standard","meta":{"footnotes":""},"categories":[1325],"tags":[9661],"class_list":["post-115874","post","type-post","status-publish","format-standard","has-post-thumbnail","hentry","category-c1nota6","tag-la-30-edicion"],"yoast_head":"<!-- This site is optimized with the Yoast SEO plugin v23.4 - https:\/\/yoast.com\/wordpress\/plugins\/seo\/ -->\n<title>Se realizar\u00eda la Fiesta Nacional del Girasol en Carlos Casares - Infoecos<\/title>\n<meta name=\"robots\" content=\"index, follow, max-snippet:-1, max-image-preview:large, max-video-preview:-1\" \/>\n<link rel=\"canonical\" href=\"https:\/\/infoecos.com.ar\/index.php\/se-realizaria-la-fiesta-nacional-del-girasol-en-carlos-casares\/\" \/>\n<meta property=\"og:locale\" content=\"es_ES\" \/>\n<meta property=\"og:type\" content=\"article\" \/>\n<meta property=\"og:title\" content=\"Se realizar\u00eda la Fiesta Nacional del Girasol en Carlos Casares - Infoecos\" \/>\n<meta property=\"og:description\" content=\"La edil, Itat\u00ed Escobar, inform\u00f3 que previo al encuentro con autoridades municipales\" \/>\n<meta property=\"og:url\" content=\"https:\/\/infoecos.com.ar\/index.php\/se-realizaria-la-fiesta-nacional-del-girasol-en-carlos-casares\/\" \/>\n<meta property=\"og:site_name\" content=\"Infoecos\" \/>\n<meta property=\"article:publisher\" content=\"https:\/\/www.facebook.com\/profile.php?id=100063200290284\" \/>\n<meta property=\"article:published_time\" content=\"2023-12-05T16:59:03+00:00\" \/>\n<meta property=\"article:modified_time\" content=\"2023-12-08T02:12:07+00:00\" \/>\n<meta property=\"og:image\" content=\"https:\/\/infoecos.com.ar\/wp-content\/uploads\/2023\/12\/image-25.png\" \/>\n\t<meta property=\"og:image:width\" content=\"880\" \/>\n\t<meta property=\"og:image:height\" content=\"512\" \/>\n\t<meta property=\"og:image:type\" content=\"image\/png\" \/>\n<meta name=\"author\" content=\"Jorge Matheus\" \/>\n<meta name=\"twitter:card\" content=\"summary_large_image\" \/>\n<meta name=\"twitter:creator\" content=\"@infoecos\" \/>\n<meta name=\"twitter:site\" content=\"@infoecos\" \/>\n<meta name=\"twitter:label1\" content=\"Escrito por\" \/>\n\t<meta name=\"twitter:data1\" content=\"Jorge Matheus\" \/>\n\t<meta name=\"twitter:label2\" content=\"Tiempo de lectura\" \/>\n\t<meta name=\"twitter:data2\" content=\"2 minutos\" \/>\n<script type=\"application\/ld+json\" class=\"yoast-schema-graph\">{\"@context\":\"https:\/\/schema.org\",\"@graph\":[{\"@type\":\"Article\",\"@id\":\"https:\/\/infoecos.com.ar\/index.php\/se-realizaria-la-fiesta-nacional-del-girasol-en-carlos-casares\/#article\",\"isPartOf\":{\"@id\":\"https:\/\/infoecos.com.ar\/index.php\/se-realizaria-la-fiesta-nacional-del-girasol-en-carlos-casares\/\"},\"author\":{\"name\":\"Jorge Matheus\",\"@id\":\"https:\/\/infoecos.com.ar\/#\/schema\/person\/8f5ace5ce73b4b4aac4b7245aee6f191\"},\"headline\":\"Se realizar\u00eda la Fiesta Nacional del Girasol en Carlos Casares\",\"datePublished\":\"2023-12-05T16:59:03+00:00\",\"dateModified\":\"2023-12-08T02:12:07+00:00\",\"mainEntityOfPage\":{\"@id\":\"https:\/\/infoecos.com.ar\/index.php\/se-realizaria-la-fiesta-nacional-del-girasol-en-carlos-casares\/\"},\"wordCount\":279,\"publisher\":{\"@id\":\"https:\/\/infoecos.com.ar\/#organization\"},\"image\":{\"@id\":\"https:\/\/infoecos.com.ar\/index.php\/se-realizaria-la-fiesta-nacional-del-girasol-en-carlos-casares\/#primaryimage\"},\"thumbnailUrl\":\"https:\/\/infoecos.com.ar\/wp-content\/uploads\/2023\/12\/image-25.png\",\"keywords\":[\"la 30\u00b0 Edici\u00f3n\"],\"articleSection\":[\"C1 nota 6\"],\"inLanguage\":\"es\"},{\"@type\":\"WebPage\",\"@id\":\"https:\/\/infoecos.com.ar\/index.php\/se-realizaria-la-fiesta-nacional-del-girasol-en-carlos-casares\/\",\"url\":\"https:\/\/infoecos.com.ar\/index.php\/se-realizaria-la-fiesta-nacional-del-girasol-en-carlos-casares\/\",\"name\":\"Se realizar\u00eda la Fiesta Nacional del Girasol en Carlos Casares - Infoecos\",\"isPartOf\":{\"@id\":\"https:\/\/infoecos.com.ar\/#website\"},\"primaryImageOfPage\":{\"@id\":\"https:\/\/infoecos.com.ar\/index.php\/se-realizaria-la-fiesta-nacional-del-girasol-en-carlos-casares\/#primaryimage\"},\"image\":{\"@id\":\"https:\/\/infoecos.com.ar\/index.php\/se-realizaria-la-fiesta-nacional-del-girasol-en-carlos-casares\/#primaryimage\"},\"thumbnailUrl\":\"https:\/\/infoecos.com.ar\/wp-content\/uploads\/2023\/12\/image-25.png\",\"datePublished\":\"2023-12-05T16:59:03+00:00\",\"dateModified\":\"2023-12-08T02:12:07+00:00\",\"breadcrumb\":{\"@id\":\"https:\/\/infoecos.com.ar\/index.php\/se-realizaria-la-fiesta-nacional-del-girasol-en-carlos-casares\/#breadcrumb\"},\"inLanguage\":\"es\",\"potentialAction\":[{\"@type\":\"ReadAction\",\"target\":[\"https:\/\/infoecos.com.ar\/index.php\/se-realizaria-la-fiesta-nacional-del-girasol-en-carlos-casares\/\"]}]},{\"@type\":\"ImageObject\",\"inLanguage\":\"es\",\"@id\":\"https:\/\/infoecos.com.ar\/index.php\/se-realizaria-la-fiesta-nacional-del-girasol-en-carlos-casares\/#primaryimage\",\"url\":\"https:\/\/infoecos.com.ar\/wp-content\/uploads\/2023\/12\/image-25.png\",\"contentUrl\":\"https:\/\/infoecos.com.ar\/wp-content\/uploads\/2023\/12\/image-25.png\",\"width\":880,\"height\":512},{\"@type\":\"BreadcrumbList\",\"@id\":\"https:\/\/infoecos.com.ar\/index.php\/se-realizaria-la-fiesta-nacional-del-girasol-en-carlos-casares\/#breadcrumb\",\"itemListElement\":[{\"@type\":\"ListItem\",\"position\":1,\"name\":\"Portada\",\"item\":\"https:\/\/infoecos.com.ar\/\"},{\"@type\":\"ListItem\",\"position\":2,\"name\":\"Se realizar\u00eda la Fiesta Nacional del Girasol en Carlos Casares\"}]},{\"@type\":\"WebSite\",\"@id\":\"https:\/\/infoecos.com.ar\/#website\",\"url\":\"https:\/\/infoecos.com.ar\/\",\"name\":\"Infoecos\",\"description\":\"Noticias de trenque lauquen y la zona\",\"publisher\":{\"@id\":\"https:\/\/infoecos.com.ar\/#organization\"},\"alternateName\":\"Noticias\",\"potentialAction\":[{\"@type\":\"SearchAction\",\"target\":{\"@type\":\"EntryPoint\",\"urlTemplate\":\"https:\/\/infoecos.com.ar\/?s={search_term_string}\"},\"query-input\":{\"@type\":\"PropertyValueSpecification\",\"valueRequired\":true,\"valueName\":\"search_term_string\"}}],\"inLanguage\":\"es\"},{\"@type\":\"Organization\",\"@id\":\"https:\/\/infoecos.com.ar\/#organization\",\"name\":\"Infoecos\",\"alternateName\":\"Noticias\",\"url\":\"https:\/\/infoecos.com.ar\/\",\"logo\":{\"@type\":\"ImageObject\",\"inLanguage\":\"es\",\"@id\":\"https:\/\/infoecos.com.ar\/#\/schema\/logo\/image\/\",\"url\":\"https:\/\/infoecos.com.ar\/wp-content\/uploads\/2024\/03\/cropped-logo.png\",\"contentUrl\":\"https:\/\/infoecos.com.ar\/wp-content\/uploads\/2024\/03\/cropped-logo.png\",\"width\":374,\"height\":90,\"caption\":\"Infoecos\"},\"image\":{\"@id\":\"https:\/\/infoecos.com.ar\/#\/schema\/logo\/image\/\"},\"sameAs\":[\"https:\/\/www.facebook.com\/profile.php?id=100063200290284\",\"https:\/\/x.com\/infoecos\"]},{\"@type\":\"Person\",\"@id\":\"https:\/\/infoecos.com.ar\/#\/schema\/person\/8f5ace5ce73b4b4aac4b7245aee6f191\",\"name\":\"Jorge Matheus\",\"url\":\"https:\/\/infoecos.com.ar\/index.php\/author\/jomatheus\/\"}]}<\/script>\n<!-- \/ Yoast SEO plugin. -->","yoast_head_json":{"title":"Se realizar\u00eda la Fiesta Nacional del Girasol en Carlos Casares - Infoecos","robots":{"index":"index","follow":"follow","max-snippet":"max-snippet:-1","max-image-preview":"max-image-preview:large","max-video-preview":"max-video-preview:-1"},"canonical":"https:\/\/infoecos.com.ar\/index.php\/se-realizaria-la-fiesta-nacional-del-girasol-en-carlos-casares\/","og_locale":"es_ES","og_type":"article","og_title":"Se realizar\u00eda la Fiesta Nacional del Girasol en Carlos Casares - Infoecos","og_description":"La edil, Itat\u00ed Escobar, inform\u00f3 que previo al encuentro con autoridades municipales","og_url":"https:\/\/infoecos.com.ar\/index.php\/se-realizaria-la-fiesta-nacional-del-girasol-en-carlos-casares\/","og_site_name":"Infoecos","article_publisher":"https:\/\/www.facebook.com\/profile.php?id=100063200290284","article_published_time":"2023-12-05T16:59:03+00:00","article_modified_time":"2023-12-08T02:12:07+00:00","og_image":[{"width":880,"height":512,"url":"https:\/\/infoecos.com.ar\/wp-content\/uploads\/2023\/12\/image-25.png","type":"image\/png"}],"author":"Jorge Matheus","twitter_card":"summary_large_image","twitter_creator":"@infoecos","twitter_site":"@infoecos","twitter_misc":{"Escrito por":"Jorge Matheus","Tiempo de lectura":"2 minutos"},"schema":{"@context":"https:\/\/schema.org","@graph":[{"@type":"Article","@id":"https:\/\/infoecos.com.ar\/index.php\/se-realizaria-la-fiesta-nacional-del-girasol-en-carlos-casares\/#article","isPartOf":{"@id":"https:\/\/infoecos.com.ar\/index.php\/se-realizaria-la-fiesta-nacional-del-girasol-en-carlos-casares\/"},"author":{"name":"Jorge Matheus","@id":"https:\/\/infoecos.com.ar\/#\/schema\/person\/8f5ace5ce73b4b4aac4b7245aee6f191"},"headline":"Se realizar\u00eda la Fiesta Nacional del Girasol en Carlos Casares","datePublished":"2023-12-05T16:59:03+00:00","dateModified":"2023-12-08T02:12:07+00:00","mainEntityOfPage":{"@id":"https:\/\/infoecos.com.ar\/index.php\/se-realizaria-la-fiesta-nacional-del-girasol-en-carlos-casares\/"},"wordCount":279,"publisher":{"@id":"https:\/\/infoecos.com.ar\/#organization"},"image":{"@id":"https:\/\/infoecos.com.ar\/index.php\/se-realizaria-la-fiesta-nacional-del-girasol-en-carlos-casares\/#primaryimage"},"thumbnailUrl":"https:\/\/infoecos.com.ar\/wp-content\/uploads\/2023\/12\/image-25.png","keywords":["la 30\u00b0 Edici\u00f3n"],"articleSection":["C1 nota 6"],"inLanguage":"es"},{"@type":"WebPage","@id":"https:\/\/infoecos.com.ar\/index.php\/se-realizaria-la-fiesta-nacional-del-girasol-en-carlos-casares\/","url":"https:\/\/infoecos.com.ar\/index.php\/se-realizaria-la-fiesta-nacional-del-girasol-en-carlos-casares\/","name":"Se realizar\u00eda la Fiesta Nacional del Girasol en Carlos Casares - Infoecos","isPartOf":{"@id":"https:\/\/infoecos.com.ar\/#website"},"primaryImageOfPage":{"@id":"https:\/\/infoecos.com.ar\/index.php\/se-realizaria-la-fiesta-nacional-del-girasol-en-carlos-casares\/#primaryimage"},"image":{"@id":"https:\/\/infoecos.com.ar\/index.php\/se-realizaria-la-fiesta-nacional-del-girasol-en-carlos-casares\/#primaryimage"},"thumbnailUrl":"https:\/\/infoecos.com.ar\/wp-content\/uploads\/2023\/12\/image-25.png","datePublished":"2023-12-05T16:59:03+00:00","dateModified":"2023-12-08T02:12:07+00:00","breadcrumb":{"@id":"https:\/\/infoecos.com.ar\/index.php\/se-realizaria-la-fiesta-nacional-del-girasol-en-carlos-casares\/#breadcrumb"},"inLanguage":"es","potentialAction":[{"@type":"ReadAction","target":["https:\/\/infoecos.com.ar\/index.php\/se-realizaria-la-fiesta-nacional-del-girasol-en-carlos-casares\/"]}]},{"@type":"ImageObject","inLanguage":"es","@id":"https:\/\/infoecos.com.ar\/index.php\/se-realizaria-la-fiesta-nacional-del-girasol-en-carlos-casares\/#primaryimage","url":"https:\/\/infoecos.com.ar\/wp-content\/uploads\/2023\/12\/image-25.png","contentUrl":"https:\/\/infoecos.com.ar\/wp-content\/uploads\/2023\/12\/image-25.png","width":880,"height":512},{"@type":"BreadcrumbList","@id":"https:\/\/infoecos.com.ar\/index.php\/se-realizaria-la-fiesta-nacional-del-girasol-en-carlos-casares\/#breadcrumb","itemListElement":[{"@type":"ListItem","position":1,"name":"Portada","item":"https:\/\/infoecos.com.ar\/"},{"@type":"ListItem","position":2,"name":"Se realizar\u00eda la Fiesta Nacional del Girasol en Carlos Casares"}]},{"@type":"WebSite","@id":"https:\/\/infoecos.com.ar\/#website","url":"https:\/\/infoecos.com.ar\/","name":"Infoecos","description":"Noticias de trenque lauquen y la zona","publisher":{"@id":"https:\/\/infoecos.com.ar\/#organization"},"alternateName":"Noticias","potentialAction":[{"@type":"SearchAction","target":{"@type":"EntryPoint","urlTemplate":"https:\/\/infoecos.com.ar\/?s={search_term_string}"},"query-input":{"@type":"PropertyValueSpecification","valueRequired":true,"valueName":"search_term_string"}}],"inLanguage":"es"},{"@type":"Organization","@id":"https:\/\/infoecos.com.ar\/#organization","name":"Infoecos","alternateName":"Noticias","url":"https:\/\/infoecos.com.ar\/","logo":{"@type":"ImageObject","inLanguage":"es","@id":"https:\/\/infoecos.com.ar\/#\/schema\/logo\/image\/","url":"https:\/\/infoecos.com.ar\/wp-content\/uploads\/2024\/03\/cropped-logo.png","contentUrl":"https:\/\/infoecos.com.ar\/wp-content\/uploads\/2024\/03\/cropped-logo.png","width":374,"height":90,"caption":"Infoecos"},"image":{"@id":"https:\/\/infoecos.com.ar\/#\/schema\/logo\/image\/"},"sameAs":["https:\/\/www.facebook.com\/profile.php?id=100063200290284","https:\/\/x.com\/infoecos"]},{"@type":"Person","@id":"https:\/\/infoecos.com.ar\/#\/schema\/person\/8f5ace5ce73b4b4aac4b7245aee6f191","name":"Jorge Matheus","url":"https:\/\/infoecos.com.ar\/index.php\/author\/jomatheus\/"}]}},"featured_image_urls":{"full":["https:\/\/infoecos.com.ar\/wp-content\/uploads\/2023\/12\/image-25.png",880,512,false],"thumbnail":["https:\/\/infoecos.com.ar\/wp-content\/uploads\/2023\/12\/image-25-300x150.png",300,150,true],"medium":["https:\/\/infoecos.com.ar\/wp-content\/uploads\/2023\/12\/image-25-800x465.png",800,465,true],"medium_large":["https:\/\/infoecos.com.ar\/wp-content\/uploads\/2023\/12\/image-25-768x447.png",640,373,true],"large":["https:\/\/infoecos.com.ar\/wp-content\/uploads\/2023\/12\/image-25.png",640,372,false],"1536x1536":["https:\/\/infoecos.com.ar\/wp-content\/uploads\/2023\/12\/image-25.png",880,512,false],"2048x2048":["https:\/\/infoecos.com.ar\/wp-content\/uploads\/2023\/12\/image-25.png",880,512,false],"covernews-slider-full":["https:\/\/infoecos.com.ar\/wp-content\/uploads\/2023\/12\/image-25.png",880,512,false],"covernews-slider-center":["https:\/\/infoecos.com.ar\/wp-content\/uploads\/2023\/12\/image-25.png",800,465,false],"covernews-featured":["https:\/\/infoecos.com.ar\/wp-content\/uploads\/2023\/12\/image-25.png",880,512,false],"covernews-medium":["https:\/\/infoecos.com.ar\/wp-content\/uploads\/2023\/12\/image-25-720x380.png",540,285,true],"covernews-medium-square":["https:\/\/infoecos.com.ar\/wp-content\/uploads\/2023\/12\/image-25-675x450.png",375,250,true]},"author_info":{"info":["Jorge Matheus"]},"category_info":"<a href=\"https:\/\/infoecos.com.ar\/index.php\/category\/c1nota6\/\" rel=\"category tag\">C1 nota 6<\/a>","tag_info":"C1 nota 6","comment_count":"0","_links":{"self":[{"href":"https:\/\/infoecos.com.ar\/index.php\/wp-json\/wp\/v2\/posts\/115874"}],"collection":[{"href":"https:\/\/infoecos.com.ar\/index.php\/wp-json\/wp\/v2\/posts"}],"about":[{"href":"https:\/\/infoecos.com.ar\/index.php\/wp-json\/wp\/v2\/types\/post"}],"author":[{"embeddable":true,"href":"https:\/\/infoecos.com.ar\/index.php\/wp-json\/wp\/v2\/users\/2"}],"replies":[{"embeddable":true,"href":"https:\/\/infoecos.com.ar\/index.php\/wp-json\/wp\/v2\/comments?post=115874"}],"version-history":[{"count":2,"href":"https:\/\/infoecos.com.ar\/index.php\/wp-json\/wp\/v2\/posts\/115874\/revisions"}],"predecessor-version":[{"id":115888,"href":"https:\/\/infoecos.com.ar\/index.php\/wp-json\/wp\/v2\/posts\/115874\/revisions\/115888"}],"wp:featuredmedia":[{"embeddable":true,"href":"https:\/\/infoecos.com.ar\/index.php\/wp-json\/wp\/v2\/media\/115876"}],"wp:attachment":[{"href":"https:\/\/infoecos.com.ar\/index.php\/wp-json\/wp\/v2\/media?parent=115874"}],"wp:term":[{"taxonomy":"category","embeddable":true,"href":"https:\/\/infoecos.com.ar\/index.php\/wp-json\/wp\/v2\/categories?post=115874"},{"taxonomy":"post_tag","embeddable":true,"href":"https:\/\/infoecos.com.ar\/index.php\/wp-json\/wp\/v2\/tags?post=115874"}],"curies":[{"name":"wp","href":"https:\/\/api.w.org\/{rel}","templated":true}]}}