{"id":115898,"date":"2023-12-06T14:14:13","date_gmt":"2023-12-06T17:14:13","guid":{"rendered":"https:\/\/infoecos.com.ar\/?p=115898"},"modified":"2023-12-10T12:20:41","modified_gmt":"2023-12-10T15:20:41","slug":"grave-agredieron-en-plena-audiencia-judicial-al-titular-de-la-ufi-7-doctor-luis-caldentey","status":"publish","type":"post","link":"https:\/\/infoecos.com.ar\/index.php\/grave-agredieron-en-plena-audiencia-judicial-al-titular-de-la-ufi-7-doctor-luis-caldentey\/","title":{"rendered":"Grave: agredieron en plena audiencia judicial al titular de la UFI 7, doctor Luis Caldentey"},"content":{"rendered":"\n<figure class=\"wp-block-image alignright size-full is-resized\"><img loading=\"lazy\" decoding=\"async\" src=\"https:\/\/infoecos.com.ar\/wp-content\/uploads\/2023\/12\/image-26.png\" alt=\"\" class=\"wp-image-115899\" width=\"386\" height=\"217\" srcset=\"https:\/\/infoecos.com.ar\/wp-content\/uploads\/2023\/12\/image-26.png 864w, https:\/\/infoecos.com.ar\/wp-content\/uploads\/2023\/12\/image-26-800x450.png 800w, https:\/\/infoecos.com.ar\/wp-content\/uploads\/2023\/12\/image-26-768x432.png 768w\" sizes=\"(max-width: 386px) 100vw, 386px\" \/><\/figure>\n\n\n\n<p>Agredieron, con un pu\u00f1etazo, en una audiencia judicial al titular de la UFI n\u00famero 7 con sede en Pehuaj\u00f3, Doctor Luis Caldentey.<\/p>\n\n\n\n<p>El hecho se conoci\u00f3 este mi\u00e9rcoles a partir de la publicaci\u00f3n de un documento de repudio elaborado por  el Colegio de Abogados del Departamento Judicial de Trenque Lauquen, firmado por Eleonora Sancho y Gaston Cucullu.<\/p>\n\n\n\n<p>El cuerpo que nuclea a los abogados se\u00f1ala que \u00abestos hechos no pueden ser permitidos en general hacia otro\/a ciudadano\/a; a los operadores jur\u00eddicos que ejercen el derecho: y en particular, sobre una persona como la del Fiscal indicado que reviste cualidades extraordinarias de responsabilidad y humanidad de trato. Hacemos extensivo el sentido de solidaridad a su familia, compa\u00f1eros\/as de trabajo y el Colegio de Magistrados y Funcionarios del Departamento Judicial Trenque Lauquen\u00bb.<\/p>\n\n\n\n<p>La nota remitida a los medios y difundida por todos los canales disponibles, se\u00f1ala finalmente que \u00abla violencia en todas sus variantes, opaca gravemente la convivencia pac\u00edfica que deseamos para nuestro pa\u00eds\u00bb.<\/p>\n\n\n\n<p><strong>Foto: Rumores de Pehuaj\u00f3<\/strong><\/p>\n","protected":false},"excerpt":{"rendered":"<p>El hecho se conoci\u00f3 este mi\u00e9rcoles a partir de la publicaci\u00f3n de un documento de repudio elaborado por  el Colegio de Abogados del Departamento Judicial de Trenque Lauquen, firmado por Eleonora Sancho y Gaston Cucullu<\/p>\n","protected":false},"author":2,"featured_media":115899,"comment_status":"closed","ping_status":"open","sticky":false,"template":"","format":"standard","meta":{"footnotes":""},"categories":[1331],"tags":[16],"class_list":["post-115898","post","type-post","status-publish","format-standard","has-post-thumbnail","hentry","category-inferior11","tag-pehuajo"],"yoast_head":"<!-- This site is optimized with the Yoast SEO plugin v23.4 - https:\/\/yoast.com\/wordpress\/plugins\/seo\/ -->\n<title>Grave: agredieron en plena audiencia judicial al titular de la UFI 7, doctor Luis Caldentey - Infoecos<\/title>\n<meta name=\"robots\" content=\"index, follow, max-snippet:-1, max-image-preview:large, max-video-preview:-1\" \/>\n<link rel=\"canonical\" href=\"https:\/\/infoecos.com.ar\/index.php\/grave-agredieron-en-plena-audiencia-judicial-al-titular-de-la-ufi-7-doctor-luis-caldentey\/\" \/>\n<meta property=\"og:locale\" content=\"es_ES\" \/>\n<meta property=\"og:type\" content=\"article\" \/>\n<meta property=\"og:title\" content=\"Grave: agredieron en plena audiencia judicial al titular de la UFI 7, doctor Luis Caldentey - Infoecos\" \/>\n<meta property=\"og:description\" content=\"El hecho se conoci\u00f3 este mi\u00e9rcoles a partir de la publicaci\u00f3n de un documento de repudio elaborado por el Colegio de Abogados del Departamento Judicial de Trenque Lauquen, firmado por Eleonora Sancho y Gaston Cucullu\" \/>\n<meta property=\"og:url\" content=\"https:\/\/infoecos.com.ar\/index.php\/grave-agredieron-en-plena-audiencia-judicial-al-titular-de-la-ufi-7-doctor-luis-caldentey\/\" \/>\n<meta property=\"og:site_name\" content=\"Infoecos\" \/>\n<meta property=\"article:publisher\" content=\"https:\/\/www.facebook.com\/profile.php?id=100063200290284\" \/>\n<meta property=\"article:published_time\" content=\"2023-12-06T17:14:13+00:00\" \/>\n<meta property=\"article:modified_time\" content=\"2023-12-10T15:20:41+00:00\" \/>\n<meta property=\"og:image\" content=\"https:\/\/infoecos.com.ar\/wp-content\/uploads\/2023\/12\/image-26.png\" \/>\n\t<meta property=\"og:image:width\" content=\"864\" \/>\n\t<meta property=\"og:image:height\" content=\"486\" \/>\n\t<meta property=\"og:image:type\" content=\"image\/png\" \/>\n<meta name=\"author\" content=\"Jorge Matheus\" \/>\n<meta name=\"twitter:card\" content=\"summary_large_image\" \/>\n<meta name=\"twitter:creator\" content=\"@infoecos\" \/>\n<meta name=\"twitter:site\" content=\"@infoecos\" \/>\n<meta name=\"twitter:label1\" content=\"Escrito por\" \/>\n\t<meta name=\"twitter:data1\" content=\"Jorge Matheus\" \/>\n\t<meta name=\"twitter:label2\" content=\"Tiempo de lectura\" \/>\n\t<meta name=\"twitter:data2\" content=\"1 minuto\" \/>\n<script type=\"application\/ld+json\" class=\"yoast-schema-graph\">{\"@context\":\"https:\/\/schema.org\",\"@graph\":[{\"@type\":\"Article\",\"@id\":\"https:\/\/infoecos.com.ar\/index.php\/grave-agredieron-en-plena-audiencia-judicial-al-titular-de-la-ufi-7-doctor-luis-caldentey\/#article\",\"isPartOf\":{\"@id\":\"https:\/\/infoecos.com.ar\/index.php\/grave-agredieron-en-plena-audiencia-judicial-al-titular-de-la-ufi-7-doctor-luis-caldentey\/\"},\"author\":{\"name\":\"Jorge Matheus\",\"@id\":\"https:\/\/infoecos.com.ar\/#\/schema\/person\/8f5ace5ce73b4b4aac4b7245aee6f191\"},\"headline\":\"Grave: agredieron en plena audiencia judicial al titular de la UFI 7, doctor Luis Caldentey\",\"datePublished\":\"2023-12-06T17:14:13+00:00\",\"dateModified\":\"2023-12-10T15:20:41+00:00\",\"mainEntityOfPage\":{\"@id\":\"https:\/\/infoecos.com.ar\/index.php\/grave-agredieron-en-plena-audiencia-judicial-al-titular-de-la-ufi-7-doctor-luis-caldentey\/\"},\"wordCount\":192,\"publisher\":{\"@id\":\"https:\/\/infoecos.com.ar\/#organization\"},\"image\":{\"@id\":\"https:\/\/infoecos.com.ar\/index.php\/grave-agredieron-en-plena-audiencia-judicial-al-titular-de-la-ufi-7-doctor-luis-caldentey\/#primaryimage\"},\"thumbnailUrl\":\"https:\/\/infoecos.com.ar\/wp-content\/uploads\/2023\/12\/image-26.png\",\"keywords\":[\"Pehuaj\u00f3\"],\"articleSection\":[\"Bloque inferior - 11\"],\"inLanguage\":\"es\"},{\"@type\":\"WebPage\",\"@id\":\"https:\/\/infoecos.com.ar\/index.php\/grave-agredieron-en-plena-audiencia-judicial-al-titular-de-la-ufi-7-doctor-luis-caldentey\/\",\"url\":\"https:\/\/infoecos.com.ar\/index.php\/grave-agredieron-en-plena-audiencia-judicial-al-titular-de-la-ufi-7-doctor-luis-caldentey\/\",\"name\":\"Grave: agredieron en plena audiencia judicial al titular de la UFI 7, doctor Luis Caldentey - Infoecos\",\"isPartOf\":{\"@id\":\"https:\/\/infoecos.com.ar\/#website\"},\"primaryImageOfPage\":{\"@id\":\"https:\/\/infoecos.com.ar\/index.php\/grave-agredieron-en-plena-audiencia-judicial-al-titular-de-la-ufi-7-doctor-luis-caldentey\/#primaryimage\"},\"image\":{\"@id\":\"https:\/\/infoecos.com.ar\/index.php\/grave-agredieron-en-plena-audiencia-judicial-al-titular-de-la-ufi-7-doctor-luis-caldentey\/#primaryimage\"},\"thumbnailUrl\":\"https:\/\/infoecos.com.ar\/wp-content\/uploads\/2023\/12\/image-26.png\",\"datePublished\":\"2023-12-06T17:14:13+00:00\",\"dateModified\":\"2023-12-10T15:20:41+00:00\",\"breadcrumb\":{\"@id\":\"https:\/\/infoecos.com.ar\/index.php\/grave-agredieron-en-plena-audiencia-judicial-al-titular-de-la-ufi-7-doctor-luis-caldentey\/#breadcrumb\"},\"inLanguage\":\"es\",\"potentialAction\":[{\"@type\":\"ReadAction\",\"target\":[\"https:\/\/infoecos.com.ar\/index.php\/grave-agredieron-en-plena-audiencia-judicial-al-titular-de-la-ufi-7-doctor-luis-caldentey\/\"]}]},{\"@type\":\"ImageObject\",\"inLanguage\":\"es\",\"@id\":\"https:\/\/infoecos.com.ar\/index.php\/grave-agredieron-en-plena-audiencia-judicial-al-titular-de-la-ufi-7-doctor-luis-caldentey\/#primaryimage\",\"url\":\"https:\/\/infoecos.com.ar\/wp-content\/uploads\/2023\/12\/image-26.png\",\"contentUrl\":\"https:\/\/infoecos.com.ar\/wp-content\/uploads\/2023\/12\/image-26.png\",\"width\":864,\"height\":486},{\"@type\":\"BreadcrumbList\",\"@id\":\"https:\/\/infoecos.com.ar\/index.php\/grave-agredieron-en-plena-audiencia-judicial-al-titular-de-la-ufi-7-doctor-luis-caldentey\/#breadcrumb\",\"itemListElement\":[{\"@type\":\"ListItem\",\"position\":1,\"name\":\"Portada\",\"item\":\"https:\/\/infoecos.com.ar\/\"},{\"@type\":\"ListItem\",\"position\":2,\"name\":\"Grave: agredieron en plena audiencia judicial al titular de la UFI 7, doctor Luis Caldentey\"}]},{\"@type\":\"WebSite\",\"@id\":\"https:\/\/infoecos.com.ar\/#website\",\"url\":\"https:\/\/infoecos.com.ar\/\",\"name\":\"Infoecos\",\"description\":\"Noticias de trenque lauquen y la zona\",\"publisher\":{\"@id\":\"https:\/\/infoecos.com.ar\/#organization\"},\"alternateName\":\"Noticias\",\"potentialAction\":[{\"@type\":\"SearchAction\",\"target\":{\"@type\":\"EntryPoint\",\"urlTemplate\":\"https:\/\/infoecos.com.ar\/?s={search_term_string}\"},\"query-input\":{\"@type\":\"PropertyValueSpecification\",\"valueRequired\":true,\"valueName\":\"search_term_string\"}}],\"inLanguage\":\"es\"},{\"@type\":\"Organization\",\"@id\":\"https:\/\/infoecos.com.ar\/#organization\",\"name\":\"Infoecos\",\"alternateName\":\"Noticias\",\"url\":\"https:\/\/infoecos.com.ar\/\",\"logo\":{\"@type\":\"ImageObject\",\"inLanguage\":\"es\",\"@id\":\"https:\/\/infoecos.com.ar\/#\/schema\/logo\/image\/\",\"url\":\"https:\/\/infoecos.com.ar\/wp-content\/uploads\/2024\/03\/cropped-logo.png\",\"contentUrl\":\"https:\/\/infoecos.com.ar\/wp-content\/uploads\/2024\/03\/cropped-logo.png\",\"width\":374,\"height\":90,\"caption\":\"Infoecos\"},\"image\":{\"@id\":\"https:\/\/infoecos.com.ar\/#\/schema\/logo\/image\/\"},\"sameAs\":[\"https:\/\/www.facebook.com\/profile.php?id=100063200290284\",\"https:\/\/x.com\/infoecos\"]},{\"@type\":\"Person\",\"@id\":\"https:\/\/infoecos.com.ar\/#\/schema\/person\/8f5ace5ce73b4b4aac4b7245aee6f191\",\"name\":\"Jorge Matheus\",\"url\":\"https:\/\/infoecos.com.ar\/index.php\/author\/jomatheus\/\"}]}<\/script>\n<!-- \/ Yoast SEO plugin. -->","yoast_head_json":{"title":"Grave: agredieron en plena audiencia judicial al titular de la UFI 7, doctor Luis Caldentey - Infoecos","robots":{"index":"index","follow":"follow","max-snippet":"max-snippet:-1","max-image-preview":"max-image-preview:large","max-video-preview":"max-video-preview:-1"},"canonical":"https:\/\/infoecos.com.ar\/index.php\/grave-agredieron-en-plena-audiencia-judicial-al-titular-de-la-ufi-7-doctor-luis-caldentey\/","og_locale":"es_ES","og_type":"article","og_title":"Grave: agredieron en plena audiencia judicial al titular de la UFI 7, doctor Luis Caldentey - Infoecos","og_description":"El hecho se conoci\u00f3 este mi\u00e9rcoles a partir de la publicaci\u00f3n de un documento de repudio elaborado por el Colegio de Abogados del Departamento Judicial de Trenque Lauquen, firmado por Eleonora Sancho y Gaston Cucullu","og_url":"https:\/\/infoecos.com.ar\/index.php\/grave-agredieron-en-plena-audiencia-judicial-al-titular-de-la-ufi-7-doctor-luis-caldentey\/","og_site_name":"Infoecos","article_publisher":"https:\/\/www.facebook.com\/profile.php?id=100063200290284","article_published_time":"2023-12-06T17:14:13+00:00","article_modified_time":"2023-12-10T15:20:41+00:00","og_image":[{"width":864,"height":486,"url":"https:\/\/infoecos.com.ar\/wp-content\/uploads\/2023\/12\/image-26.png","type":"image\/png"}],"author":"Jorge Matheus","twitter_card":"summary_large_image","twitter_creator":"@infoecos","twitter_site":"@infoecos","twitter_misc":{"Escrito por":"Jorge Matheus","Tiempo de lectura":"1 minuto"},"schema":{"@context":"https:\/\/schema.org","@graph":[{"@type":"Article","@id":"https:\/\/infoecos.com.ar\/index.php\/grave-agredieron-en-plena-audiencia-judicial-al-titular-de-la-ufi-7-doctor-luis-caldentey\/#article","isPartOf":{"@id":"https:\/\/infoecos.com.ar\/index.php\/grave-agredieron-en-plena-audiencia-judicial-al-titular-de-la-ufi-7-doctor-luis-caldentey\/"},"author":{"name":"Jorge Matheus","@id":"https:\/\/infoecos.com.ar\/#\/schema\/person\/8f5ace5ce73b4b4aac4b7245aee6f191"},"headline":"Grave: agredieron en plena audiencia judicial al titular de la UFI 7, doctor Luis Caldentey","datePublished":"2023-12-06T17:14:13+00:00","dateModified":"2023-12-10T15:20:41+00:00","mainEntityOfPage":{"@id":"https:\/\/infoecos.com.ar\/index.php\/grave-agredieron-en-plena-audiencia-judicial-al-titular-de-la-ufi-7-doctor-luis-caldentey\/"},"wordCount":192,"publisher":{"@id":"https:\/\/infoecos.com.ar\/#organization"},"image":{"@id":"https:\/\/infoecos.com.ar\/index.php\/grave-agredieron-en-plena-audiencia-judicial-al-titular-de-la-ufi-7-doctor-luis-caldentey\/#primaryimage"},"thumbnailUrl":"https:\/\/infoecos.com.ar\/wp-content\/uploads\/2023\/12\/image-26.png","keywords":["Pehuaj\u00f3"],"articleSection":["Bloque inferior - 11"],"inLanguage":"es"},{"@type":"WebPage","@id":"https:\/\/infoecos.com.ar\/index.php\/grave-agredieron-en-plena-audiencia-judicial-al-titular-de-la-ufi-7-doctor-luis-caldentey\/","url":"https:\/\/infoecos.com.ar\/index.php\/grave-agredieron-en-plena-audiencia-judicial-al-titular-de-la-ufi-7-doctor-luis-caldentey\/","name":"Grave: agredieron en plena audiencia judicial al titular de la UFI 7, doctor Luis Caldentey - Infoecos","isPartOf":{"@id":"https:\/\/infoecos.com.ar\/#website"},"primaryImageOfPage":{"@id":"https:\/\/infoecos.com.ar\/index.php\/grave-agredieron-en-plena-audiencia-judicial-al-titular-de-la-ufi-7-doctor-luis-caldentey\/#primaryimage"},"image":{"@id":"https:\/\/infoecos.com.ar\/index.php\/grave-agredieron-en-plena-audiencia-judicial-al-titular-de-la-ufi-7-doctor-luis-caldentey\/#primaryimage"},"thumbnailUrl":"https:\/\/infoecos.com.ar\/wp-content\/uploads\/2023\/12\/image-26.png","datePublished":"2023-12-06T17:14:13+00:00","dateModified":"2023-12-10T15:20:41+00:00","breadcrumb":{"@id":"https:\/\/infoecos.com.ar\/index.php\/grave-agredieron-en-plena-audiencia-judicial-al-titular-de-la-ufi-7-doctor-luis-caldentey\/#breadcrumb"},"inLanguage":"es","potentialAction":[{"@type":"ReadAction","target":["https:\/\/infoecos.com.ar\/index.php\/grave-agredieron-en-plena-audiencia-judicial-al-titular-de-la-ufi-7-doctor-luis-caldentey\/"]}]},{"@type":"ImageObject","inLanguage":"es","@id":"https:\/\/infoecos.com.ar\/index.php\/grave-agredieron-en-plena-audiencia-judicial-al-titular-de-la-ufi-7-doctor-luis-caldentey\/#primaryimage","url":"https:\/\/infoecos.com.ar\/wp-content\/uploads\/2023\/12\/image-26.png","contentUrl":"https:\/\/infoecos.com.ar\/wp-content\/uploads\/2023\/12\/image-26.png","width":864,"height":486},{"@type":"BreadcrumbList","@id":"https:\/\/infoecos.com.ar\/index.php\/grave-agredieron-en-plena-audiencia-judicial-al-titular-de-la-ufi-7-doctor-luis-caldentey\/#breadcrumb","itemListElement":[{"@type":"ListItem","position":1,"name":"Portada","item":"https:\/\/infoecos.com.ar\/"},{"@type":"ListItem","position":2,"name":"Grave: agredieron en plena audiencia judicial al titular de la UFI 7, doctor Luis Caldentey"}]},{"@type":"WebSite","@id":"https:\/\/infoecos.com.ar\/#website","url":"https:\/\/infoecos.com.ar\/","name":"Infoecos","description":"Noticias de trenque lauquen y la zona","publisher":{"@id":"https:\/\/infoecos.com.ar\/#organization"},"alternateName":"Noticias","potentialAction":[{"@type":"SearchAction","target":{"@type":"EntryPoint","urlTemplate":"https:\/\/infoecos.com.ar\/?s={search_term_string}"},"query-input":{"@type":"PropertyValueSpecification","valueRequired":true,"valueName":"search_term_string"}}],"inLanguage":"es"},{"@type":"Organization","@id":"https:\/\/infoecos.com.ar\/#organization","name":"Infoecos","alternateName":"Noticias","url":"https:\/\/infoecos.com.ar\/","logo":{"@type":"ImageObject","inLanguage":"es","@id":"https:\/\/infoecos.com.ar\/#\/schema\/logo\/image\/","url":"https:\/\/infoecos.com.ar\/wp-content\/uploads\/2024\/03\/cropped-logo.png","contentUrl":"https:\/\/infoecos.com.ar\/wp-content\/uploads\/2024\/03\/cropped-logo.png","width":374,"height":90,"caption":"Infoecos"},"image":{"@id":"https:\/\/infoecos.com.ar\/#\/schema\/logo\/image\/"},"sameAs":["https:\/\/www.facebook.com\/profile.php?id=100063200290284","https:\/\/x.com\/infoecos"]},{"@type":"Person","@id":"https:\/\/infoecos.com.ar\/#\/schema\/person\/8f5ace5ce73b4b4aac4b7245aee6f191","name":"Jorge Matheus","url":"https:\/\/infoecos.com.ar\/index.php\/author\/jomatheus\/"}]}},"featured_image_urls":{"full":["https:\/\/infoecos.com.ar\/wp-content\/uploads\/2023\/12\/image-26.png",864,486,false],"thumbnail":["https:\/\/infoecos.com.ar\/wp-content\/uploads\/2023\/12\/image-26-300x150.png",300,150,true],"medium":["https:\/\/infoecos.com.ar\/wp-content\/uploads\/2023\/12\/image-26-800x450.png",800,450,true],"medium_large":["https:\/\/infoecos.com.ar\/wp-content\/uploads\/2023\/12\/image-26-768x432.png",640,360,true],"large":["https:\/\/infoecos.com.ar\/wp-content\/uploads\/2023\/12\/image-26.png",640,360,false],"1536x1536":["https:\/\/infoecos.com.ar\/wp-content\/uploads\/2023\/12\/image-26.png",864,486,false],"2048x2048":["https:\/\/infoecos.com.ar\/wp-content\/uploads\/2023\/12\/image-26.png",864,486,false],"covernews-slider-full":["https:\/\/infoecos.com.ar\/wp-content\/uploads\/2023\/12\/image-26.png",864,486,false],"covernews-slider-center":["https:\/\/infoecos.com.ar\/wp-content\/uploads\/2023\/12\/image-26.png",800,450,false],"covernews-featured":["https:\/\/infoecos.com.ar\/wp-content\/uploads\/2023\/12\/image-26.png",864,486,false],"covernews-medium":["https:\/\/infoecos.com.ar\/wp-content\/uploads\/2023\/12\/image-26-720x380.png",540,285,true],"covernews-medium-square":["https:\/\/infoecos.com.ar\/wp-content\/uploads\/2023\/12\/image-26-675x450.png",375,250,true]},"author_info":{"info":["Jorge Matheus"]},"category_info":"<a href=\"https:\/\/infoecos.com.ar\/index.php\/category\/inferior11\/\" rel=\"category tag\">Bloque inferior - 11<\/a>","tag_info":"Bloque inferior - 11","comment_count":"0","_links":{"self":[{"href":"https:\/\/infoecos.com.ar\/index.php\/wp-json\/wp\/v2\/posts\/115898"}],"collection":[{"href":"https:\/\/infoecos.com.ar\/index.php\/wp-json\/wp\/v2\/posts"}],"about":[{"href":"https:\/\/infoecos.com.ar\/index.php\/wp-json\/wp\/v2\/types\/post"}],"author":[{"embeddable":true,"href":"https:\/\/infoecos.com.ar\/index.php\/wp-json\/wp\/v2\/users\/2"}],"replies":[{"embeddable":true,"href":"https:\/\/infoecos.com.ar\/index.php\/wp-json\/wp\/v2\/comments?post=115898"}],"version-history":[{"count":1,"href":"https:\/\/infoecos.com.ar\/index.php\/wp-json\/wp\/v2\/posts\/115898\/revisions"}],"predecessor-version":[{"id":115900,"href":"https:\/\/infoecos.com.ar\/index.php\/wp-json\/wp\/v2\/posts\/115898\/revisions\/115900"}],"wp:featuredmedia":[{"embeddable":true,"href":"https:\/\/infoecos.com.ar\/index.php\/wp-json\/wp\/v2\/media\/115899"}],"wp:attachment":[{"href":"https:\/\/infoecos.com.ar\/index.php\/wp-json\/wp\/v2\/media?parent=115898"}],"wp:term":[{"taxonomy":"category","embeddable":true,"href":"https:\/\/infoecos.com.ar\/index.php\/wp-json\/wp\/v2\/categories?post=115898"},{"taxonomy":"post_tag","embeddable":true,"href":"https:\/\/infoecos.com.ar\/index.php\/wp-json\/wp\/v2\/tags?post=115898"}],"curies":[{"name":"wp","href":"https:\/\/api.w.org\/{rel}","templated":true}]}}