{"id":115932,"date":"2023-12-07T00:23:34","date_gmt":"2023-12-07T03:23:34","guid":{"rendered":"https:\/\/infoecos.com.ar\/?p=115932"},"modified":"2023-12-10T12:18:10","modified_gmt":"2023-12-10T15:18:10","slug":"almuerzo-de-fin-de-ano-de-la-asociacion-argentina-de-shorhorn","status":"publish","type":"post","link":"https:\/\/infoecos.com.ar\/index.php\/almuerzo-de-fin-de-ano-de-la-asociacion-argentina-de-shorhorn\/","title":{"rendered":"Almuerzo de fin de A\u00f1o de la Asociaci\u00f3n Argentina de Shorthorn"},"content":{"rendered":"\n<figure class=\"wp-block-image alignright size-full is-resized\"><img loading=\"lazy\" decoding=\"async\" src=\"https:\/\/infoecos.com.ar\/wp-content\/uploads\/2023\/07\/shortorn.jpg\" alt=\"\" class=\"wp-image-107699\" width=\"278\" height=\"207\" srcset=\"https:\/\/infoecos.com.ar\/wp-content\/uploads\/2023\/07\/shortorn.jpg 837w, https:\/\/infoecos.com.ar\/wp-content\/uploads\/2023\/07\/shortorn-800x599.jpg 800w, https:\/\/infoecos.com.ar\/wp-content\/uploads\/2023\/07\/shortorn-768x575.jpg 768w\" sizes=\"(max-width: 278px) 100vw, 278px\" \/><\/figure>\n\n\n\n<p>La Caba\u00f1a Santa Mar\u00eda, ubicada en inmediaciones de la localidad de Quiroga en el Partido de 9 de Julio, fue el escenario del&nbsp;almuerzo de fin de a\u00f1o de la Asociaci\u00f3n Argentina de Criadores de Shorthorn.<\/p>\n\n\n\n<p>La caba\u00f1a anfitriona, perteneciente a Luciano Macaroni quien al mismo tiempo es vicepresidente primero de la entidad, result\u00f3 el lugar indicado para la conmemoraci\u00f3n.<\/p>\n\n\n\n<p>El presidente de la Asociaci\u00f3n,&nbsp;Carlos Juan Downey, se\u00f1al\u00f3 que toda la producci\u00f3n agropecuaria tiene las esperanzas puestas en un momento diferente del pa\u00eds, en el cual se privilegie la producci\u00f3n. \u201cEl campo har\u00e1 su esfuerzo. Con pol\u00edticas a largo plazo y reglas claras, estamos en condiciones de darle al pa\u00eds lo que necesita\u201d.<\/p>\n\n\n\n<figure class=\"wp-block-image aligncenter size-full is-resized\"><img loading=\"lazy\" decoding=\"async\" src=\"https:\/\/infoecos.com.ar\/wp-content\/uploads\/2023\/12\/image-28.png\" alt=\"\" class=\"wp-image-115933\" width=\"450\" height=\"202\" srcset=\"https:\/\/infoecos.com.ar\/wp-content\/uploads\/2023\/12\/image-28.png 1024w, https:\/\/infoecos.com.ar\/wp-content\/uploads\/2023\/12\/image-28-800x361.png 800w, https:\/\/infoecos.com.ar\/wp-content\/uploads\/2023\/12\/image-28-768x347.png 768w\" sizes=\"(max-width: 450px) 100vw, 450px\" \/><\/figure>\n\n\n\n<p>\u201cLa raza tiene mucho para aportar a la ganader\u00eda argentina y mucho lugar todav\u00eda en los rodeos comerciales del pa\u00eds\u201d, dijo Downey, quien asegur\u00f3 que muchos criadores han retornado al Shorthorn y muchos otros han optado por comenzar a criar a los descendientes de Tarquino. \u201cPor primera vez en muchos a\u00f1os tuvimos m\u00e1s de 100 ejemplares en Palermo, marcando a las claras un resurgimiento muy potente\u00bb, se\u00f1al\u00f3.<\/p>\n","protected":false},"excerpt":{"rendered":"<p>La caba\u00f1a anfitriona, perteneciente a Luciano Macaroni quien al mismo tiempo es vicepresidente primero de la entidad, result\u00f3 el lugar indicado para la conmemoraci\u00f3n<\/p>\n","protected":false},"author":2,"featured_media":115933,"comment_status":"closed","ping_status":"open","sticky":false,"template":"","format":"standard","meta":{"footnotes":""},"categories":[199],"tags":[9667],"class_list":["post-115932","post","type-post","status-publish","format-standard","has-post-thumbnail","hentry","category-inferior7","tag-quiroga-9-de-julio"],"yoast_head":"<!-- This site is optimized with the Yoast SEO plugin v23.4 - https:\/\/yoast.com\/wordpress\/plugins\/seo\/ -->\n<title>Almuerzo de fin de A\u00f1o de la Asociaci\u00f3n Argentina de Shorthorn - Infoecos<\/title>\n<meta name=\"robots\" content=\"index, follow, max-snippet:-1, max-image-preview:large, max-video-preview:-1\" \/>\n<link rel=\"canonical\" href=\"https:\/\/infoecos.com.ar\/index.php\/almuerzo-de-fin-de-ano-de-la-asociacion-argentina-de-shorhorn\/\" \/>\n<meta property=\"og:locale\" content=\"es_ES\" \/>\n<meta property=\"og:type\" content=\"article\" \/>\n<meta property=\"og:title\" content=\"Almuerzo de fin de A\u00f1o de la Asociaci\u00f3n Argentina de Shorthorn - Infoecos\" \/>\n<meta property=\"og:description\" content=\"La caba\u00f1a anfitriona, perteneciente a Luciano Macaroni quien al mismo tiempo es vicepresidente primero de la entidad, result\u00f3 el lugar indicado para la conmemoraci\u00f3n\" \/>\n<meta property=\"og:url\" content=\"https:\/\/infoecos.com.ar\/index.php\/almuerzo-de-fin-de-ano-de-la-asociacion-argentina-de-shorhorn\/\" \/>\n<meta property=\"og:site_name\" content=\"Infoecos\" \/>\n<meta property=\"article:publisher\" content=\"https:\/\/www.facebook.com\/profile.php?id=100063200290284\" \/>\n<meta property=\"article:published_time\" content=\"2023-12-07T03:23:34+00:00\" \/>\n<meta property=\"article:modified_time\" content=\"2023-12-10T15:18:10+00:00\" \/>\n<meta property=\"og:image\" content=\"https:\/\/infoecos.com.ar\/wp-content\/uploads\/2023\/12\/image-28.png\" \/>\n\t<meta property=\"og:image:width\" content=\"1024\" \/>\n\t<meta property=\"og:image:height\" content=\"462\" \/>\n\t<meta property=\"og:image:type\" content=\"image\/png\" \/>\n<meta name=\"author\" content=\"Jorge Matheus\" \/>\n<meta name=\"twitter:card\" content=\"summary_large_image\" \/>\n<meta name=\"twitter:creator\" content=\"@infoecos\" \/>\n<meta name=\"twitter:site\" content=\"@infoecos\" \/>\n<meta name=\"twitter:label1\" content=\"Escrito por\" \/>\n\t<meta name=\"twitter:data1\" content=\"Jorge Matheus\" \/>\n\t<meta name=\"twitter:label2\" content=\"Tiempo de lectura\" \/>\n\t<meta name=\"twitter:data2\" content=\"2 minutos\" \/>\n<script type=\"application\/ld+json\" class=\"yoast-schema-graph\">{\"@context\":\"https:\/\/schema.org\",\"@graph\":[{\"@type\":\"Article\",\"@id\":\"https:\/\/infoecos.com.ar\/index.php\/almuerzo-de-fin-de-ano-de-la-asociacion-argentina-de-shorhorn\/#article\",\"isPartOf\":{\"@id\":\"https:\/\/infoecos.com.ar\/index.php\/almuerzo-de-fin-de-ano-de-la-asociacion-argentina-de-shorhorn\/\"},\"author\":{\"name\":\"Jorge Matheus\",\"@id\":\"https:\/\/infoecos.com.ar\/#\/schema\/person\/8f5ace5ce73b4b4aac4b7245aee6f191\"},\"headline\":\"Almuerzo de fin de A\u00f1o de la Asociaci\u00f3n Argentina de Shorthorn\",\"datePublished\":\"2023-12-07T03:23:34+00:00\",\"dateModified\":\"2023-12-10T15:18:10+00:00\",\"mainEntityOfPage\":{\"@id\":\"https:\/\/infoecos.com.ar\/index.php\/almuerzo-de-fin-de-ano-de-la-asociacion-argentina-de-shorhorn\/\"},\"wordCount\":213,\"publisher\":{\"@id\":\"https:\/\/infoecos.com.ar\/#organization\"},\"image\":{\"@id\":\"https:\/\/infoecos.com.ar\/index.php\/almuerzo-de-fin-de-ano-de-la-asociacion-argentina-de-shorhorn\/#primaryimage\"},\"thumbnailUrl\":\"https:\/\/infoecos.com.ar\/wp-content\/uploads\/2023\/12\/image-28.png\",\"keywords\":[\"quiroga (9 de Julio)\"],\"articleSection\":[\"Bloque inferior - 7\"],\"inLanguage\":\"es\"},{\"@type\":\"WebPage\",\"@id\":\"https:\/\/infoecos.com.ar\/index.php\/almuerzo-de-fin-de-ano-de-la-asociacion-argentina-de-shorhorn\/\",\"url\":\"https:\/\/infoecos.com.ar\/index.php\/almuerzo-de-fin-de-ano-de-la-asociacion-argentina-de-shorhorn\/\",\"name\":\"Almuerzo de fin de A\u00f1o de la Asociaci\u00f3n Argentina de Shorthorn - Infoecos\",\"isPartOf\":{\"@id\":\"https:\/\/infoecos.com.ar\/#website\"},\"primaryImageOfPage\":{\"@id\":\"https:\/\/infoecos.com.ar\/index.php\/almuerzo-de-fin-de-ano-de-la-asociacion-argentina-de-shorhorn\/#primaryimage\"},\"image\":{\"@id\":\"https:\/\/infoecos.com.ar\/index.php\/almuerzo-de-fin-de-ano-de-la-asociacion-argentina-de-shorhorn\/#primaryimage\"},\"thumbnailUrl\":\"https:\/\/infoecos.com.ar\/wp-content\/uploads\/2023\/12\/image-28.png\",\"datePublished\":\"2023-12-07T03:23:34+00:00\",\"dateModified\":\"2023-12-10T15:18:10+00:00\",\"breadcrumb\":{\"@id\":\"https:\/\/infoecos.com.ar\/index.php\/almuerzo-de-fin-de-ano-de-la-asociacion-argentina-de-shorhorn\/#breadcrumb\"},\"inLanguage\":\"es\",\"potentialAction\":[{\"@type\":\"ReadAction\",\"target\":[\"https:\/\/infoecos.com.ar\/index.php\/almuerzo-de-fin-de-ano-de-la-asociacion-argentina-de-shorhorn\/\"]}]},{\"@type\":\"ImageObject\",\"inLanguage\":\"es\",\"@id\":\"https:\/\/infoecos.com.ar\/index.php\/almuerzo-de-fin-de-ano-de-la-asociacion-argentina-de-shorhorn\/#primaryimage\",\"url\":\"https:\/\/infoecos.com.ar\/wp-content\/uploads\/2023\/12\/image-28.png\",\"contentUrl\":\"https:\/\/infoecos.com.ar\/wp-content\/uploads\/2023\/12\/image-28.png\",\"width\":1024,\"height\":462},{\"@type\":\"BreadcrumbList\",\"@id\":\"https:\/\/infoecos.com.ar\/index.php\/almuerzo-de-fin-de-ano-de-la-asociacion-argentina-de-shorhorn\/#breadcrumb\",\"itemListElement\":[{\"@type\":\"ListItem\",\"position\":1,\"name\":\"Portada\",\"item\":\"https:\/\/infoecos.com.ar\/\"},{\"@type\":\"ListItem\",\"position\":2,\"name\":\"Almuerzo de fin de A\u00f1o de la Asociaci\u00f3n Argentina de Shorthorn\"}]},{\"@type\":\"WebSite\",\"@id\":\"https:\/\/infoecos.com.ar\/#website\",\"url\":\"https:\/\/infoecos.com.ar\/\",\"name\":\"Infoecos\",\"description\":\"Noticias de trenque lauquen y la zona\",\"publisher\":{\"@id\":\"https:\/\/infoecos.com.ar\/#organization\"},\"alternateName\":\"Noticias\",\"potentialAction\":[{\"@type\":\"SearchAction\",\"target\":{\"@type\":\"EntryPoint\",\"urlTemplate\":\"https:\/\/infoecos.com.ar\/?s={search_term_string}\"},\"query-input\":{\"@type\":\"PropertyValueSpecification\",\"valueRequired\":true,\"valueName\":\"search_term_string\"}}],\"inLanguage\":\"es\"},{\"@type\":\"Organization\",\"@id\":\"https:\/\/infoecos.com.ar\/#organization\",\"name\":\"Infoecos\",\"alternateName\":\"Noticias\",\"url\":\"https:\/\/infoecos.com.ar\/\",\"logo\":{\"@type\":\"ImageObject\",\"inLanguage\":\"es\",\"@id\":\"https:\/\/infoecos.com.ar\/#\/schema\/logo\/image\/\",\"url\":\"https:\/\/infoecos.com.ar\/wp-content\/uploads\/2024\/03\/cropped-logo.png\",\"contentUrl\":\"https:\/\/infoecos.com.ar\/wp-content\/uploads\/2024\/03\/cropped-logo.png\",\"width\":374,\"height\":90,\"caption\":\"Infoecos\"},\"image\":{\"@id\":\"https:\/\/infoecos.com.ar\/#\/schema\/logo\/image\/\"},\"sameAs\":[\"https:\/\/www.facebook.com\/profile.php?id=100063200290284\",\"https:\/\/x.com\/infoecos\"]},{\"@type\":\"Person\",\"@id\":\"https:\/\/infoecos.com.ar\/#\/schema\/person\/8f5ace5ce73b4b4aac4b7245aee6f191\",\"name\":\"Jorge Matheus\",\"url\":\"https:\/\/infoecos.com.ar\/index.php\/author\/jomatheus\/\"}]}<\/script>\n<!-- \/ Yoast SEO plugin. -->","yoast_head_json":{"title":"Almuerzo de fin de A\u00f1o de la Asociaci\u00f3n Argentina de Shorthorn - Infoecos","robots":{"index":"index","follow":"follow","max-snippet":"max-snippet:-1","max-image-preview":"max-image-preview:large","max-video-preview":"max-video-preview:-1"},"canonical":"https:\/\/infoecos.com.ar\/index.php\/almuerzo-de-fin-de-ano-de-la-asociacion-argentina-de-shorhorn\/","og_locale":"es_ES","og_type":"article","og_title":"Almuerzo de fin de A\u00f1o de la Asociaci\u00f3n Argentina de Shorthorn - Infoecos","og_description":"La caba\u00f1a anfitriona, perteneciente a Luciano Macaroni quien al mismo tiempo es vicepresidente primero de la entidad, result\u00f3 el lugar indicado para la conmemoraci\u00f3n","og_url":"https:\/\/infoecos.com.ar\/index.php\/almuerzo-de-fin-de-ano-de-la-asociacion-argentina-de-shorhorn\/","og_site_name":"Infoecos","article_publisher":"https:\/\/www.facebook.com\/profile.php?id=100063200290284","article_published_time":"2023-12-07T03:23:34+00:00","article_modified_time":"2023-12-10T15:18:10+00:00","og_image":[{"width":1024,"height":462,"url":"https:\/\/infoecos.com.ar\/wp-content\/uploads\/2023\/12\/image-28.png","type":"image\/png"}],"author":"Jorge Matheus","twitter_card":"summary_large_image","twitter_creator":"@infoecos","twitter_site":"@infoecos","twitter_misc":{"Escrito por":"Jorge Matheus","Tiempo de lectura":"2 minutos"},"schema":{"@context":"https:\/\/schema.org","@graph":[{"@type":"Article","@id":"https:\/\/infoecos.com.ar\/index.php\/almuerzo-de-fin-de-ano-de-la-asociacion-argentina-de-shorhorn\/#article","isPartOf":{"@id":"https:\/\/infoecos.com.ar\/index.php\/almuerzo-de-fin-de-ano-de-la-asociacion-argentina-de-shorhorn\/"},"author":{"name":"Jorge Matheus","@id":"https:\/\/infoecos.com.ar\/#\/schema\/person\/8f5ace5ce73b4b4aac4b7245aee6f191"},"headline":"Almuerzo de fin de A\u00f1o de la Asociaci\u00f3n Argentina de Shorthorn","datePublished":"2023-12-07T03:23:34+00:00","dateModified":"2023-12-10T15:18:10+00:00","mainEntityOfPage":{"@id":"https:\/\/infoecos.com.ar\/index.php\/almuerzo-de-fin-de-ano-de-la-asociacion-argentina-de-shorhorn\/"},"wordCount":213,"publisher":{"@id":"https:\/\/infoecos.com.ar\/#organization"},"image":{"@id":"https:\/\/infoecos.com.ar\/index.php\/almuerzo-de-fin-de-ano-de-la-asociacion-argentina-de-shorhorn\/#primaryimage"},"thumbnailUrl":"https:\/\/infoecos.com.ar\/wp-content\/uploads\/2023\/12\/image-28.png","keywords":["quiroga (9 de Julio)"],"articleSection":["Bloque inferior - 7"],"inLanguage":"es"},{"@type":"WebPage","@id":"https:\/\/infoecos.com.ar\/index.php\/almuerzo-de-fin-de-ano-de-la-asociacion-argentina-de-shorhorn\/","url":"https:\/\/infoecos.com.ar\/index.php\/almuerzo-de-fin-de-ano-de-la-asociacion-argentina-de-shorhorn\/","name":"Almuerzo de fin de A\u00f1o de la Asociaci\u00f3n Argentina de Shorthorn - Infoecos","isPartOf":{"@id":"https:\/\/infoecos.com.ar\/#website"},"primaryImageOfPage":{"@id":"https:\/\/infoecos.com.ar\/index.php\/almuerzo-de-fin-de-ano-de-la-asociacion-argentina-de-shorhorn\/#primaryimage"},"image":{"@id":"https:\/\/infoecos.com.ar\/index.php\/almuerzo-de-fin-de-ano-de-la-asociacion-argentina-de-shorhorn\/#primaryimage"},"thumbnailUrl":"https:\/\/infoecos.com.ar\/wp-content\/uploads\/2023\/12\/image-28.png","datePublished":"2023-12-07T03:23:34+00:00","dateModified":"2023-12-10T15:18:10+00:00","breadcrumb":{"@id":"https:\/\/infoecos.com.ar\/index.php\/almuerzo-de-fin-de-ano-de-la-asociacion-argentina-de-shorhorn\/#breadcrumb"},"inLanguage":"es","potentialAction":[{"@type":"ReadAction","target":["https:\/\/infoecos.com.ar\/index.php\/almuerzo-de-fin-de-ano-de-la-asociacion-argentina-de-shorhorn\/"]}]},{"@type":"ImageObject","inLanguage":"es","@id":"https:\/\/infoecos.com.ar\/index.php\/almuerzo-de-fin-de-ano-de-la-asociacion-argentina-de-shorhorn\/#primaryimage","url":"https:\/\/infoecos.com.ar\/wp-content\/uploads\/2023\/12\/image-28.png","contentUrl":"https:\/\/infoecos.com.ar\/wp-content\/uploads\/2023\/12\/image-28.png","width":1024,"height":462},{"@type":"BreadcrumbList","@id":"https:\/\/infoecos.com.ar\/index.php\/almuerzo-de-fin-de-ano-de-la-asociacion-argentina-de-shorhorn\/#breadcrumb","itemListElement":[{"@type":"ListItem","position":1,"name":"Portada","item":"https:\/\/infoecos.com.ar\/"},{"@type":"ListItem","position":2,"name":"Almuerzo de fin de A\u00f1o de la Asociaci\u00f3n Argentina de Shorthorn"}]},{"@type":"WebSite","@id":"https:\/\/infoecos.com.ar\/#website","url":"https:\/\/infoecos.com.ar\/","name":"Infoecos","description":"Noticias de trenque lauquen y la zona","publisher":{"@id":"https:\/\/infoecos.com.ar\/#organization"},"alternateName":"Noticias","potentialAction":[{"@type":"SearchAction","target":{"@type":"EntryPoint","urlTemplate":"https:\/\/infoecos.com.ar\/?s={search_term_string}"},"query-input":{"@type":"PropertyValueSpecification","valueRequired":true,"valueName":"search_term_string"}}],"inLanguage":"es"},{"@type":"Organization","@id":"https:\/\/infoecos.com.ar\/#organization","name":"Infoecos","alternateName":"Noticias","url":"https:\/\/infoecos.com.ar\/","logo":{"@type":"ImageObject","inLanguage":"es","@id":"https:\/\/infoecos.com.ar\/#\/schema\/logo\/image\/","url":"https:\/\/infoecos.com.ar\/wp-content\/uploads\/2024\/03\/cropped-logo.png","contentUrl":"https:\/\/infoecos.com.ar\/wp-content\/uploads\/2024\/03\/cropped-logo.png","width":374,"height":90,"caption":"Infoecos"},"image":{"@id":"https:\/\/infoecos.com.ar\/#\/schema\/logo\/image\/"},"sameAs":["https:\/\/www.facebook.com\/profile.php?id=100063200290284","https:\/\/x.com\/infoecos"]},{"@type":"Person","@id":"https:\/\/infoecos.com.ar\/#\/schema\/person\/8f5ace5ce73b4b4aac4b7245aee6f191","name":"Jorge Matheus","url":"https:\/\/infoecos.com.ar\/index.php\/author\/jomatheus\/"}]}},"featured_image_urls":{"full":["https:\/\/infoecos.com.ar\/wp-content\/uploads\/2023\/12\/image-28.png",1024,462,false],"thumbnail":["https:\/\/infoecos.com.ar\/wp-content\/uploads\/2023\/12\/image-28-300x150.png",300,150,true],"medium":["https:\/\/infoecos.com.ar\/wp-content\/uploads\/2023\/12\/image-28-800x361.png",800,361,true],"medium_large":["https:\/\/infoecos.com.ar\/wp-content\/uploads\/2023\/12\/image-28-768x347.png",640,289,true],"large":["https:\/\/infoecos.com.ar\/wp-content\/uploads\/2023\/12\/image-28.png",640,289,false],"1536x1536":["https:\/\/infoecos.com.ar\/wp-content\/uploads\/2023\/12\/image-28.png",1024,462,false],"2048x2048":["https:\/\/infoecos.com.ar\/wp-content\/uploads\/2023\/12\/image-28.png",1024,462,false],"covernews-slider-full":["https:\/\/infoecos.com.ar\/wp-content\/uploads\/2023\/12\/image-28.png",1024,462,false],"covernews-slider-center":["https:\/\/infoecos.com.ar\/wp-content\/uploads\/2023\/12\/image-28-936x462.png",800,395,true],"covernews-featured":["https:\/\/infoecos.com.ar\/wp-content\/uploads\/2023\/12\/image-28.png",1024,462,false],"covernews-medium":["https:\/\/infoecos.com.ar\/wp-content\/uploads\/2023\/12\/image-28-720x380.png",540,285,true],"covernews-medium-square":["https:\/\/infoecos.com.ar\/wp-content\/uploads\/2023\/12\/image-28-675x450.png",375,250,true]},"author_info":{"info":["Jorge Matheus"]},"category_info":"<a href=\"https:\/\/infoecos.com.ar\/index.php\/category\/inferior7\/\" rel=\"category tag\">Bloque inferior - 7<\/a>","tag_info":"Bloque inferior - 7","comment_count":"0","_links":{"self":[{"href":"https:\/\/infoecos.com.ar\/index.php\/wp-json\/wp\/v2\/posts\/115932"}],"collection":[{"href":"https:\/\/infoecos.com.ar\/index.php\/wp-json\/wp\/v2\/posts"}],"about":[{"href":"https:\/\/infoecos.com.ar\/index.php\/wp-json\/wp\/v2\/types\/post"}],"author":[{"embeddable":true,"href":"https:\/\/infoecos.com.ar\/index.php\/wp-json\/wp\/v2\/users\/2"}],"replies":[{"embeddable":true,"href":"https:\/\/infoecos.com.ar\/index.php\/wp-json\/wp\/v2\/comments?post=115932"}],"version-history":[{"count":2,"href":"https:\/\/infoecos.com.ar\/index.php\/wp-json\/wp\/v2\/posts\/115932\/revisions"}],"predecessor-version":[{"id":115937,"href":"https:\/\/infoecos.com.ar\/index.php\/wp-json\/wp\/v2\/posts\/115932\/revisions\/115937"}],"wp:featuredmedia":[{"embeddable":true,"href":"https:\/\/infoecos.com.ar\/index.php\/wp-json\/wp\/v2\/media\/115933"}],"wp:attachment":[{"href":"https:\/\/infoecos.com.ar\/index.php\/wp-json\/wp\/v2\/media?parent=115932"}],"wp:term":[{"taxonomy":"category","embeddable":true,"href":"https:\/\/infoecos.com.ar\/index.php\/wp-json\/wp\/v2\/categories?post=115932"},{"taxonomy":"post_tag","embeddable":true,"href":"https:\/\/infoecos.com.ar\/index.php\/wp-json\/wp\/v2\/tags?post=115932"}],"curies":[{"name":"wp","href":"https:\/\/api.w.org\/{rel}","templated":true}]}}