{"id":115938,"date":"2023-12-07T00:35:08","date_gmt":"2023-12-07T03:35:08","guid":{"rendered":"https:\/\/infoecos.com.ar\/?p=115938"},"modified":"2023-12-10T12:16:33","modified_gmt":"2023-12-10T15:16:33","slug":"farmacias-de-pehuajo-suspenden-la-atencion-de-la-gran-mayoria-de-las-obras-sociales","status":"publish","type":"post","link":"https:\/\/infoecos.com.ar\/index.php\/farmacias-de-pehuajo-suspenden-la-atencion-de-la-gran-mayoria-de-las-obras-sociales\/","title":{"rendered":"Farmacias de Pehuaj\u00f3 suspenden la atenci\u00f3n de la gran mayor\u00eda de las obras sociales"},"content":{"rendered":"\n<figure class=\"wp-block-image alignright size-full is-resized\"><img loading=\"lazy\" decoding=\"async\" src=\"https:\/\/infoecos.com.ar\/wp-content\/uploads\/2023\/08\/20230816161808_farmacias-la-generosa.jpg\" alt=\"\" class=\"wp-image-110023\" width=\"352\" height=\"235\" srcset=\"https:\/\/infoecos.com.ar\/wp-content\/uploads\/2023\/08\/20230816161808_farmacias-la-generosa.jpg 730w, https:\/\/infoecos.com.ar\/wp-content\/uploads\/2023\/08\/20230816161808_farmacias-la-generosa-675x450.jpg 675w\" sizes=\"(max-width: 352px) 100vw, 352px\" \/><\/figure>\n\n\n\n<p>La titular del Colegio de Farmac\u00e9uticos de Pehuaj\u00f3, Rosana Rossi, inform\u00f3 que el lunes se tom\u00f3 la determinaci\u00f3n de suspender la atenci\u00f3n de la gran mayor\u00eda de las obras sociales, a excepci\u00f3n de PAMI y OSDE, como consecuencia de la falta de respuestas a los reclamos que se vienen realizando desde el sector.<\/p>\n\n\n\n<p>En una entrevista que llev\u00f3 adelante en \u201cRadio M\u00e1gica\u201d, Rossi, sostuvo que lamentablemente, los plazos establecidos por convenio para el pago de las prestaciones son mucho m\u00e1s extensos de lo que las farmacias pueden sostener, algo que hicieron a lo largo de muchos a\u00f1os.<\/p>\n\n\n\n<p>Explic\u00f3 que en el mes de noviembre hubo tres aumentos, y los medicamentos que vendieron a principio de mes, los cobrar\u00e1n en febrero pr\u00f3ximo al precio de venta, lo que significa que no tengan ganancia, o lo que es peor, que vendan a p\u00e9rdida. Agreg\u00f3 que actualmente IOMA adeuda desde el mes de julio, y esas situaciones con las que ponen en jaque la econom\u00eda de las farmacias, que pagan todos los medicamentos e insumos que compran en droguer\u00edas al d\u00eda.<\/p>\n\n\n\n<p>La referente de los farmac\u00e9uticos locales indic\u00f3 que PAMI y OSDE se mantienen activos, aunque en el caso de PAMI se hizo una modificaci\u00f3n que mejora la situaci\u00f3n pero no la resuelve.<\/p>\n","protected":false},"excerpt":{"rendered":"<p>Como consecuencia de la falta de respuestas a los reclamos que se vienen realizando desde el sector<\/p>\n","protected":false},"author":2,"featured_media":110023,"comment_status":"closed","ping_status":"open","sticky":false,"template":"","format":"standard","meta":{"footnotes":""},"categories":[44],"tags":[9668],"class_list":["post-115938","post","type-post","status-publish","format-standard","has-post-thumbnail","hentry","category-inferior5","tag-menos-pami-y-osde"],"yoast_head":"<!-- This site is optimized with the Yoast SEO plugin v23.4 - https:\/\/yoast.com\/wordpress\/plugins\/seo\/ -->\n<title>Farmacias de Pehuaj\u00f3 suspenden la atenci\u00f3n de la gran mayor\u00eda de las obras sociales - Infoecos<\/title>\n<meta name=\"robots\" content=\"index, follow, max-snippet:-1, max-image-preview:large, max-video-preview:-1\" \/>\n<link rel=\"canonical\" href=\"https:\/\/infoecos.com.ar\/index.php\/farmacias-de-pehuajo-suspenden-la-atencion-de-la-gran-mayoria-de-las-obras-sociales\/\" \/>\n<meta property=\"og:locale\" content=\"es_ES\" \/>\n<meta property=\"og:type\" content=\"article\" \/>\n<meta property=\"og:title\" content=\"Farmacias de Pehuaj\u00f3 suspenden la atenci\u00f3n de la gran mayor\u00eda de las obras sociales - Infoecos\" \/>\n<meta property=\"og:description\" content=\"Como consecuencia de la falta de respuestas a los reclamos que se vienen realizando desde el sector\" \/>\n<meta property=\"og:url\" content=\"https:\/\/infoecos.com.ar\/index.php\/farmacias-de-pehuajo-suspenden-la-atencion-de-la-gran-mayoria-de-las-obras-sociales\/\" \/>\n<meta property=\"og:site_name\" content=\"Infoecos\" \/>\n<meta property=\"article:publisher\" content=\"https:\/\/www.facebook.com\/profile.php?id=100063200290284\" \/>\n<meta property=\"article:published_time\" content=\"2023-12-07T03:35:08+00:00\" \/>\n<meta property=\"article:modified_time\" content=\"2023-12-10T15:16:33+00:00\" \/>\n<meta property=\"og:image\" content=\"https:\/\/infoecos.com.ar\/wp-content\/uploads\/2023\/08\/20230816161808_farmacias-la-generosa.jpg\" \/>\n\t<meta property=\"og:image:width\" content=\"730\" \/>\n\t<meta property=\"og:image:height\" content=\"487\" \/>\n\t<meta property=\"og:image:type\" content=\"image\/jpeg\" \/>\n<meta name=\"author\" content=\"Jorge Matheus\" \/>\n<meta name=\"twitter:card\" content=\"summary_large_image\" \/>\n<meta name=\"twitter:creator\" content=\"@infoecos\" \/>\n<meta name=\"twitter:site\" content=\"@infoecos\" \/>\n<meta name=\"twitter:label1\" content=\"Escrito por\" \/>\n\t<meta name=\"twitter:data1\" content=\"Jorge Matheus\" \/>\n\t<meta name=\"twitter:label2\" content=\"Tiempo de lectura\" \/>\n\t<meta name=\"twitter:data2\" content=\"2 minutos\" \/>\n<script type=\"application\/ld+json\" class=\"yoast-schema-graph\">{\"@context\":\"https:\/\/schema.org\",\"@graph\":[{\"@type\":\"Article\",\"@id\":\"https:\/\/infoecos.com.ar\/index.php\/farmacias-de-pehuajo-suspenden-la-atencion-de-la-gran-mayoria-de-las-obras-sociales\/#article\",\"isPartOf\":{\"@id\":\"https:\/\/infoecos.com.ar\/index.php\/farmacias-de-pehuajo-suspenden-la-atencion-de-la-gran-mayoria-de-las-obras-sociales\/\"},\"author\":{\"name\":\"Jorge Matheus\",\"@id\":\"https:\/\/infoecos.com.ar\/#\/schema\/person\/8f5ace5ce73b4b4aac4b7245aee6f191\"},\"headline\":\"Farmacias de Pehuaj\u00f3 suspenden la atenci\u00f3n de la gran mayor\u00eda de las obras sociales\",\"datePublished\":\"2023-12-07T03:35:08+00:00\",\"dateModified\":\"2023-12-10T15:16:33+00:00\",\"mainEntityOfPage\":{\"@id\":\"https:\/\/infoecos.com.ar\/index.php\/farmacias-de-pehuajo-suspenden-la-atencion-de-la-gran-mayoria-de-las-obras-sociales\/\"},\"wordCount\":243,\"publisher\":{\"@id\":\"https:\/\/infoecos.com.ar\/#organization\"},\"image\":{\"@id\":\"https:\/\/infoecos.com.ar\/index.php\/farmacias-de-pehuajo-suspenden-la-atencion-de-la-gran-mayoria-de-las-obras-sociales\/#primaryimage\"},\"thumbnailUrl\":\"https:\/\/infoecos.com.ar\/wp-content\/uploads\/2023\/08\/20230816161808_farmacias-la-generosa.jpg\",\"keywords\":[\"menos PAMI Y OSDE\"],\"articleSection\":[\"Bloque inferior - 5\"],\"inLanguage\":\"es\"},{\"@type\":\"WebPage\",\"@id\":\"https:\/\/infoecos.com.ar\/index.php\/farmacias-de-pehuajo-suspenden-la-atencion-de-la-gran-mayoria-de-las-obras-sociales\/\",\"url\":\"https:\/\/infoecos.com.ar\/index.php\/farmacias-de-pehuajo-suspenden-la-atencion-de-la-gran-mayoria-de-las-obras-sociales\/\",\"name\":\"Farmacias de Pehuaj\u00f3 suspenden la atenci\u00f3n de la gran mayor\u00eda de las obras sociales - Infoecos\",\"isPartOf\":{\"@id\":\"https:\/\/infoecos.com.ar\/#website\"},\"primaryImageOfPage\":{\"@id\":\"https:\/\/infoecos.com.ar\/index.php\/farmacias-de-pehuajo-suspenden-la-atencion-de-la-gran-mayoria-de-las-obras-sociales\/#primaryimage\"},\"image\":{\"@id\":\"https:\/\/infoecos.com.ar\/index.php\/farmacias-de-pehuajo-suspenden-la-atencion-de-la-gran-mayoria-de-las-obras-sociales\/#primaryimage\"},\"thumbnailUrl\":\"https:\/\/infoecos.com.ar\/wp-content\/uploads\/2023\/08\/20230816161808_farmacias-la-generosa.jpg\",\"datePublished\":\"2023-12-07T03:35:08+00:00\",\"dateModified\":\"2023-12-10T15:16:33+00:00\",\"breadcrumb\":{\"@id\":\"https:\/\/infoecos.com.ar\/index.php\/farmacias-de-pehuajo-suspenden-la-atencion-de-la-gran-mayoria-de-las-obras-sociales\/#breadcrumb\"},\"inLanguage\":\"es\",\"potentialAction\":[{\"@type\":\"ReadAction\",\"target\":[\"https:\/\/infoecos.com.ar\/index.php\/farmacias-de-pehuajo-suspenden-la-atencion-de-la-gran-mayoria-de-las-obras-sociales\/\"]}]},{\"@type\":\"ImageObject\",\"inLanguage\":\"es\",\"@id\":\"https:\/\/infoecos.com.ar\/index.php\/farmacias-de-pehuajo-suspenden-la-atencion-de-la-gran-mayoria-de-las-obras-sociales\/#primaryimage\",\"url\":\"https:\/\/infoecos.com.ar\/wp-content\/uploads\/2023\/08\/20230816161808_farmacias-la-generosa.jpg\",\"contentUrl\":\"https:\/\/infoecos.com.ar\/wp-content\/uploads\/2023\/08\/20230816161808_farmacias-la-generosa.jpg\",\"width\":730,\"height\":487},{\"@type\":\"BreadcrumbList\",\"@id\":\"https:\/\/infoecos.com.ar\/index.php\/farmacias-de-pehuajo-suspenden-la-atencion-de-la-gran-mayoria-de-las-obras-sociales\/#breadcrumb\",\"itemListElement\":[{\"@type\":\"ListItem\",\"position\":1,\"name\":\"Portada\",\"item\":\"https:\/\/infoecos.com.ar\/\"},{\"@type\":\"ListItem\",\"position\":2,\"name\":\"Farmacias de Pehuaj\u00f3 suspenden la atenci\u00f3n de la gran mayor\u00eda de las obras sociales\"}]},{\"@type\":\"WebSite\",\"@id\":\"https:\/\/infoecos.com.ar\/#website\",\"url\":\"https:\/\/infoecos.com.ar\/\",\"name\":\"Infoecos\",\"description\":\"Noticias de trenque lauquen y la zona\",\"publisher\":{\"@id\":\"https:\/\/infoecos.com.ar\/#organization\"},\"alternateName\":\"Noticias\",\"potentialAction\":[{\"@type\":\"SearchAction\",\"target\":{\"@type\":\"EntryPoint\",\"urlTemplate\":\"https:\/\/infoecos.com.ar\/?s={search_term_string}\"},\"query-input\":{\"@type\":\"PropertyValueSpecification\",\"valueRequired\":true,\"valueName\":\"search_term_string\"}}],\"inLanguage\":\"es\"},{\"@type\":\"Organization\",\"@id\":\"https:\/\/infoecos.com.ar\/#organization\",\"name\":\"Infoecos\",\"alternateName\":\"Noticias\",\"url\":\"https:\/\/infoecos.com.ar\/\",\"logo\":{\"@type\":\"ImageObject\",\"inLanguage\":\"es\",\"@id\":\"https:\/\/infoecos.com.ar\/#\/schema\/logo\/image\/\",\"url\":\"https:\/\/infoecos.com.ar\/wp-content\/uploads\/2024\/03\/cropped-logo.png\",\"contentUrl\":\"https:\/\/infoecos.com.ar\/wp-content\/uploads\/2024\/03\/cropped-logo.png\",\"width\":374,\"height\":90,\"caption\":\"Infoecos\"},\"image\":{\"@id\":\"https:\/\/infoecos.com.ar\/#\/schema\/logo\/image\/\"},\"sameAs\":[\"https:\/\/www.facebook.com\/profile.php?id=100063200290284\",\"https:\/\/x.com\/infoecos\"]},{\"@type\":\"Person\",\"@id\":\"https:\/\/infoecos.com.ar\/#\/schema\/person\/8f5ace5ce73b4b4aac4b7245aee6f191\",\"name\":\"Jorge Matheus\",\"url\":\"https:\/\/infoecos.com.ar\/index.php\/author\/jomatheus\/\"}]}<\/script>\n<!-- \/ Yoast SEO plugin. -->","yoast_head_json":{"title":"Farmacias de Pehuaj\u00f3 suspenden la atenci\u00f3n de la gran mayor\u00eda de las obras sociales - Infoecos","robots":{"index":"index","follow":"follow","max-snippet":"max-snippet:-1","max-image-preview":"max-image-preview:large","max-video-preview":"max-video-preview:-1"},"canonical":"https:\/\/infoecos.com.ar\/index.php\/farmacias-de-pehuajo-suspenden-la-atencion-de-la-gran-mayoria-de-las-obras-sociales\/","og_locale":"es_ES","og_type":"article","og_title":"Farmacias de Pehuaj\u00f3 suspenden la atenci\u00f3n de la gran mayor\u00eda de las obras sociales - Infoecos","og_description":"Como consecuencia de la falta de respuestas a los reclamos que se vienen realizando desde el sector","og_url":"https:\/\/infoecos.com.ar\/index.php\/farmacias-de-pehuajo-suspenden-la-atencion-de-la-gran-mayoria-de-las-obras-sociales\/","og_site_name":"Infoecos","article_publisher":"https:\/\/www.facebook.com\/profile.php?id=100063200290284","article_published_time":"2023-12-07T03:35:08+00:00","article_modified_time":"2023-12-10T15:16:33+00:00","og_image":[{"width":730,"height":487,"url":"https:\/\/infoecos.com.ar\/wp-content\/uploads\/2023\/08\/20230816161808_farmacias-la-generosa.jpg","type":"image\/jpeg"}],"author":"Jorge Matheus","twitter_card":"summary_large_image","twitter_creator":"@infoecos","twitter_site":"@infoecos","twitter_misc":{"Escrito por":"Jorge Matheus","Tiempo de lectura":"2 minutos"},"schema":{"@context":"https:\/\/schema.org","@graph":[{"@type":"Article","@id":"https:\/\/infoecos.com.ar\/index.php\/farmacias-de-pehuajo-suspenden-la-atencion-de-la-gran-mayoria-de-las-obras-sociales\/#article","isPartOf":{"@id":"https:\/\/infoecos.com.ar\/index.php\/farmacias-de-pehuajo-suspenden-la-atencion-de-la-gran-mayoria-de-las-obras-sociales\/"},"author":{"name":"Jorge Matheus","@id":"https:\/\/infoecos.com.ar\/#\/schema\/person\/8f5ace5ce73b4b4aac4b7245aee6f191"},"headline":"Farmacias de Pehuaj\u00f3 suspenden la atenci\u00f3n de la gran mayor\u00eda de las obras sociales","datePublished":"2023-12-07T03:35:08+00:00","dateModified":"2023-12-10T15:16:33+00:00","mainEntityOfPage":{"@id":"https:\/\/infoecos.com.ar\/index.php\/farmacias-de-pehuajo-suspenden-la-atencion-de-la-gran-mayoria-de-las-obras-sociales\/"},"wordCount":243,"publisher":{"@id":"https:\/\/infoecos.com.ar\/#organization"},"image":{"@id":"https:\/\/infoecos.com.ar\/index.php\/farmacias-de-pehuajo-suspenden-la-atencion-de-la-gran-mayoria-de-las-obras-sociales\/#primaryimage"},"thumbnailUrl":"https:\/\/infoecos.com.ar\/wp-content\/uploads\/2023\/08\/20230816161808_farmacias-la-generosa.jpg","keywords":["menos PAMI Y OSDE"],"articleSection":["Bloque inferior - 5"],"inLanguage":"es"},{"@type":"WebPage","@id":"https:\/\/infoecos.com.ar\/index.php\/farmacias-de-pehuajo-suspenden-la-atencion-de-la-gran-mayoria-de-las-obras-sociales\/","url":"https:\/\/infoecos.com.ar\/index.php\/farmacias-de-pehuajo-suspenden-la-atencion-de-la-gran-mayoria-de-las-obras-sociales\/","name":"Farmacias de Pehuaj\u00f3 suspenden la atenci\u00f3n de la gran mayor\u00eda de las obras sociales - Infoecos","isPartOf":{"@id":"https:\/\/infoecos.com.ar\/#website"},"primaryImageOfPage":{"@id":"https:\/\/infoecos.com.ar\/index.php\/farmacias-de-pehuajo-suspenden-la-atencion-de-la-gran-mayoria-de-las-obras-sociales\/#primaryimage"},"image":{"@id":"https:\/\/infoecos.com.ar\/index.php\/farmacias-de-pehuajo-suspenden-la-atencion-de-la-gran-mayoria-de-las-obras-sociales\/#primaryimage"},"thumbnailUrl":"https:\/\/infoecos.com.ar\/wp-content\/uploads\/2023\/08\/20230816161808_farmacias-la-generosa.jpg","datePublished":"2023-12-07T03:35:08+00:00","dateModified":"2023-12-10T15:16:33+00:00","breadcrumb":{"@id":"https:\/\/infoecos.com.ar\/index.php\/farmacias-de-pehuajo-suspenden-la-atencion-de-la-gran-mayoria-de-las-obras-sociales\/#breadcrumb"},"inLanguage":"es","potentialAction":[{"@type":"ReadAction","target":["https:\/\/infoecos.com.ar\/index.php\/farmacias-de-pehuajo-suspenden-la-atencion-de-la-gran-mayoria-de-las-obras-sociales\/"]}]},{"@type":"ImageObject","inLanguage":"es","@id":"https:\/\/infoecos.com.ar\/index.php\/farmacias-de-pehuajo-suspenden-la-atencion-de-la-gran-mayoria-de-las-obras-sociales\/#primaryimage","url":"https:\/\/infoecos.com.ar\/wp-content\/uploads\/2023\/08\/20230816161808_farmacias-la-generosa.jpg","contentUrl":"https:\/\/infoecos.com.ar\/wp-content\/uploads\/2023\/08\/20230816161808_farmacias-la-generosa.jpg","width":730,"height":487},{"@type":"BreadcrumbList","@id":"https:\/\/infoecos.com.ar\/index.php\/farmacias-de-pehuajo-suspenden-la-atencion-de-la-gran-mayoria-de-las-obras-sociales\/#breadcrumb","itemListElement":[{"@type":"ListItem","position":1,"name":"Portada","item":"https:\/\/infoecos.com.ar\/"},{"@type":"ListItem","position":2,"name":"Farmacias de Pehuaj\u00f3 suspenden la atenci\u00f3n de la gran mayor\u00eda de las obras sociales"}]},{"@type":"WebSite","@id":"https:\/\/infoecos.com.ar\/#website","url":"https:\/\/infoecos.com.ar\/","name":"Infoecos","description":"Noticias de trenque lauquen y la zona","publisher":{"@id":"https:\/\/infoecos.com.ar\/#organization"},"alternateName":"Noticias","potentialAction":[{"@type":"SearchAction","target":{"@type":"EntryPoint","urlTemplate":"https:\/\/infoecos.com.ar\/?s={search_term_string}"},"query-input":{"@type":"PropertyValueSpecification","valueRequired":true,"valueName":"search_term_string"}}],"inLanguage":"es"},{"@type":"Organization","@id":"https:\/\/infoecos.com.ar\/#organization","name":"Infoecos","alternateName":"Noticias","url":"https:\/\/infoecos.com.ar\/","logo":{"@type":"ImageObject","inLanguage":"es","@id":"https:\/\/infoecos.com.ar\/#\/schema\/logo\/image\/","url":"https:\/\/infoecos.com.ar\/wp-content\/uploads\/2024\/03\/cropped-logo.png","contentUrl":"https:\/\/infoecos.com.ar\/wp-content\/uploads\/2024\/03\/cropped-logo.png","width":374,"height":90,"caption":"Infoecos"},"image":{"@id":"https:\/\/infoecos.com.ar\/#\/schema\/logo\/image\/"},"sameAs":["https:\/\/www.facebook.com\/profile.php?id=100063200290284","https:\/\/x.com\/infoecos"]},{"@type":"Person","@id":"https:\/\/infoecos.com.ar\/#\/schema\/person\/8f5ace5ce73b4b4aac4b7245aee6f191","name":"Jorge Matheus","url":"https:\/\/infoecos.com.ar\/index.php\/author\/jomatheus\/"}]}},"featured_image_urls":{"full":["https:\/\/infoecos.com.ar\/wp-content\/uploads\/2023\/08\/20230816161808_farmacias-la-generosa.jpg",730,487,false],"thumbnail":["https:\/\/infoecos.com.ar\/wp-content\/uploads\/2023\/08\/20230816161808_farmacias-la-generosa-300x150.jpg",300,150,true],"medium":["https:\/\/infoecos.com.ar\/wp-content\/uploads\/2023\/08\/20230816161808_farmacias-la-generosa.jpg",730,487,false],"medium_large":["https:\/\/infoecos.com.ar\/wp-content\/uploads\/2023\/08\/20230816161808_farmacias-la-generosa.jpg",640,427,false],"large":["https:\/\/infoecos.com.ar\/wp-content\/uploads\/2023\/08\/20230816161808_farmacias-la-generosa.jpg",640,427,false],"1536x1536":["https:\/\/infoecos.com.ar\/wp-content\/uploads\/2023\/08\/20230816161808_farmacias-la-generosa.jpg",730,487,false],"2048x2048":["https:\/\/infoecos.com.ar\/wp-content\/uploads\/2023\/08\/20230816161808_farmacias-la-generosa.jpg",730,487,false],"covernews-slider-full":["https:\/\/infoecos.com.ar\/wp-content\/uploads\/2023\/08\/20230816161808_farmacias-la-generosa.jpg",730,487,false],"covernews-slider-center":["https:\/\/infoecos.com.ar\/wp-content\/uploads\/2023\/08\/20230816161808_farmacias-la-generosa.jpg",730,487,false],"covernews-featured":["https:\/\/infoecos.com.ar\/wp-content\/uploads\/2023\/08\/20230816161808_farmacias-la-generosa.jpg",730,487,false],"covernews-medium":["https:\/\/infoecos.com.ar\/wp-content\/uploads\/2023\/08\/20230816161808_farmacias-la-generosa-720x380.jpg",540,285,true],"covernews-medium-square":["https:\/\/infoecos.com.ar\/wp-content\/uploads\/2023\/08\/20230816161808_farmacias-la-generosa-675x450.jpg",375,250,true]},"author_info":{"info":["Jorge Matheus"]},"category_info":"<a href=\"https:\/\/infoecos.com.ar\/index.php\/category\/inferior5\/\" rel=\"category tag\">Bloque inferior - 5<\/a>","tag_info":"Bloque inferior - 5","comment_count":"0","_links":{"self":[{"href":"https:\/\/infoecos.com.ar\/index.php\/wp-json\/wp\/v2\/posts\/115938"}],"collection":[{"href":"https:\/\/infoecos.com.ar\/index.php\/wp-json\/wp\/v2\/posts"}],"about":[{"href":"https:\/\/infoecos.com.ar\/index.php\/wp-json\/wp\/v2\/types\/post"}],"author":[{"embeddable":true,"href":"https:\/\/infoecos.com.ar\/index.php\/wp-json\/wp\/v2\/users\/2"}],"replies":[{"embeddable":true,"href":"https:\/\/infoecos.com.ar\/index.php\/wp-json\/wp\/v2\/comments?post=115938"}],"version-history":[{"count":1,"href":"https:\/\/infoecos.com.ar\/index.php\/wp-json\/wp\/v2\/posts\/115938\/revisions"}],"predecessor-version":[{"id":115939,"href":"https:\/\/infoecos.com.ar\/index.php\/wp-json\/wp\/v2\/posts\/115938\/revisions\/115939"}],"wp:featuredmedia":[{"embeddable":true,"href":"https:\/\/infoecos.com.ar\/index.php\/wp-json\/wp\/v2\/media\/110023"}],"wp:attachment":[{"href":"https:\/\/infoecos.com.ar\/index.php\/wp-json\/wp\/v2\/media?parent=115938"}],"wp:term":[{"taxonomy":"category","embeddable":true,"href":"https:\/\/infoecos.com.ar\/index.php\/wp-json\/wp\/v2\/categories?post=115938"},{"taxonomy":"post_tag","embeddable":true,"href":"https:\/\/infoecos.com.ar\/index.php\/wp-json\/wp\/v2\/tags?post=115938"}],"curies":[{"name":"wp","href":"https:\/\/api.w.org\/{rel}","templated":true}]}}