{"id":115940,"date":"2023-12-07T17:57:27","date_gmt":"2023-12-07T20:57:27","guid":{"rendered":"https:\/\/infoecos.com.ar\/?p=115940"},"modified":"2023-12-08T11:45:08","modified_gmt":"2023-12-08T14:45:08","slug":"recoulat-anuncio-los-nombres-de-su-equipo-de-gobierno","status":"publish","type":"post","link":"https:\/\/infoecos.com.ar\/index.php\/recoulat-anuncio-los-nombres-de-su-equipo-de-gobierno\/","title":{"rendered":"Recoulat anunci\u00f3 los nombres de su equipo de gobierno"},"content":{"rendered":"\n<p>El intendente electo del distrito de Trenque Lauquen, Francisco Recoulat, anunci\u00f3 en el marco de una reuni\u00f3n de medios y adherentes a su partido quienes ser\u00e1n los integrantes de su equipo, como as\u00ed tambi\u00e9n se refiri\u00f3 al nuevo organigrama municipal.<\/p>\n\n\n\n<p>Los cargos y funcionarios:<\/p>\n\n\n\n<p><strong>Secretar\u00eda de Gobierno<\/strong>: Mart\u00edn Borraz\u00e1s<\/p>\n\n\n\n<p><strong>Secretar\u00eda de Hacienda<\/strong>: Alfredo Zambiasio<\/p>\n\n\n\n<p><strong>Secretar\u00eda Legal y T\u00e9cnica<\/strong>: Gustavo Marchabalo<\/p>\n\n\n\n<p><strong>Secretar\u00eda Obras y Servicios P\u00fablicos<\/strong>: Manuel Silva Mu\u00f1oz <\/p>\n\n\n\n<p><strong>Secretar\u00eda de Salud<\/strong>: Sergio Valente<\/p>\n\n\n\n<p><strong>Secretar\u00eda General:<\/strong> Juan Manuel Sotullo<\/p>\n\n\n\n<figure class=\"wp-block-gallery has-nested-images columns-default is-cropped wp-block-gallery-1 is-layout-flex wp-block-gallery-is-layout-flex\">\n<figure class=\"wp-block-image size-large\"><img loading=\"lazy\" decoding=\"async\" width=\"1600\" height=\"1066\" data-id=\"115962\" src=\"https:\/\/infoecos.com.ar\/wp-content\/uploads\/2023\/12\/gabinete-francisco-recoulat-intendente.jpeg\" alt=\"\" class=\"wp-image-115962\" srcset=\"https:\/\/infoecos.com.ar\/wp-content\/uploads\/2023\/12\/gabinete-francisco-recoulat-intendente.jpeg 1600w, https:\/\/infoecos.com.ar\/wp-content\/uploads\/2023\/12\/gabinete-francisco-recoulat-intendente-800x533.jpeg 800w, https:\/\/infoecos.com.ar\/wp-content\/uploads\/2023\/12\/gabinete-francisco-recoulat-intendente-768x512.jpeg 768w, https:\/\/infoecos.com.ar\/wp-content\/uploads\/2023\/12\/gabinete-francisco-recoulat-intendente-1536x1023.jpeg 1536w, https:\/\/infoecos.com.ar\/wp-content\/uploads\/2023\/12\/gabinete-francisco-recoulat-intendente-1024x682.jpeg 1024w, https:\/\/infoecos.com.ar\/wp-content\/uploads\/2023\/12\/gabinete-francisco-recoulat-intendente-675x450.jpeg 675w\" sizes=\"(max-width: 1600px) 100vw, 1600px\" \/><\/figure>\n\n\n\n<figure class=\"wp-block-image size-large\"><img loading=\"lazy\" decoding=\"async\" width=\"1600\" height=\"1066\" data-id=\"115963\" src=\"https:\/\/infoecos.com.ar\/wp-content\/uploads\/2023\/12\/gabinete-general-1.jpeg\" alt=\"\" class=\"wp-image-115963\" srcset=\"https:\/\/infoecos.com.ar\/wp-content\/uploads\/2023\/12\/gabinete-general-1.jpeg 1600w, https:\/\/infoecos.com.ar\/wp-content\/uploads\/2023\/12\/gabinete-general-1-800x533.jpeg 800w, https:\/\/infoecos.com.ar\/wp-content\/uploads\/2023\/12\/gabinete-general-1-768x512.jpeg 768w, https:\/\/infoecos.com.ar\/wp-content\/uploads\/2023\/12\/gabinete-general-1-1536x1023.jpeg 1536w, https:\/\/infoecos.com.ar\/wp-content\/uploads\/2023\/12\/gabinete-general-1-1024x682.jpeg 1024w, https:\/\/infoecos.com.ar\/wp-content\/uploads\/2023\/12\/gabinete-general-1-675x450.jpeg 675w\" sizes=\"(max-width: 1600px) 100vw, 1600px\" \/><\/figure>\n\n\n\n<figure class=\"wp-block-image size-large\"><img loading=\"lazy\" decoding=\"async\" width=\"1600\" height=\"1066\" data-id=\"115964\" src=\"https:\/\/infoecos.com.ar\/wp-content\/uploads\/2023\/12\/gabinete-general-2.jpeg\" alt=\"\" class=\"wp-image-115964\" srcset=\"https:\/\/infoecos.com.ar\/wp-content\/uploads\/2023\/12\/gabinete-general-2.jpeg 1600w, https:\/\/infoecos.com.ar\/wp-content\/uploads\/2023\/12\/gabinete-general-2-800x533.jpeg 800w, https:\/\/infoecos.com.ar\/wp-content\/uploads\/2023\/12\/gabinete-general-2-768x512.jpeg 768w, https:\/\/infoecos.com.ar\/wp-content\/uploads\/2023\/12\/gabinete-general-2-1536x1023.jpeg 1536w, https:\/\/infoecos.com.ar\/wp-content\/uploads\/2023\/12\/gabinete-general-2-1024x682.jpeg 1024w, https:\/\/infoecos.com.ar\/wp-content\/uploads\/2023\/12\/gabinete-general-2-675x450.jpeg 675w\" sizes=\"(max-width: 1600px) 100vw, 1600px\" \/><\/figure>\n\n\n\n<figure class=\"wp-block-image size-large\"><img loading=\"lazy\" decoding=\"async\" width=\"1551\" height=\"735\" data-id=\"115961\" src=\"https:\/\/infoecos.com.ar\/wp-content\/uploads\/2023\/12\/gabinete-todos.jpeg\" alt=\"\" class=\"wp-image-115961\" srcset=\"https:\/\/infoecos.com.ar\/wp-content\/uploads\/2023\/12\/gabinete-todos.jpeg 1551w, https:\/\/infoecos.com.ar\/wp-content\/uploads\/2023\/12\/gabinete-todos-800x379.jpeg 800w, https:\/\/infoecos.com.ar\/wp-content\/uploads\/2023\/12\/gabinete-todos-768x364.jpeg 768w, https:\/\/infoecos.com.ar\/wp-content\/uploads\/2023\/12\/gabinete-todos-1536x728.jpeg 1536w, https:\/\/infoecos.com.ar\/wp-content\/uploads\/2023\/12\/gabinete-todos-1024x485.jpeg 1024w\" sizes=\"(max-width: 1551px) 100vw, 1551px\" \/><\/figure>\n<\/figure>\n\n\n\n<p>El intendente electo asumir\u00e1 el cargo el lunes pr\u00f3ximo a las 10:00 de la ma\u00f1ana en el Palacio Municipal y a las 21:00, el mismo lunes, se llevar\u00e1 a cabo la jura formal en el Concejo Deliberante, donde tambi\u00e9n asumir\u00e1n los 9 concejales electos para el pr\u00f3ximo per\u00edodo.<br><br><br><br><br><br><br><br><\/p>\n","protected":false},"excerpt":{"rendered":"<p>En el marco de una reuni\u00f3n de medios y adherentes a su partido quienes ser\u00e1n los integrantes de su equipo, como as\u00ed tambi\u00e9n se refiri\u00f3 al nuevo organigrama municipal<\/p>\n","protected":false},"author":2,"featured_media":114638,"comment_status":"closed","ping_status":"open","sticky":false,"template":"","format":"standard","meta":{"footnotes":""},"categories":[29],"tags":[9670],"class_list":["post-115940","post","type-post","status-publish","format-standard","has-post-thumbnail","hentry","category-c2nota1","tag-intendente-electo-de-t-lauquen"],"yoast_head":"<!-- This site is optimized with the Yoast SEO plugin v23.4 - https:\/\/yoast.com\/wordpress\/plugins\/seo\/ -->\n<title>Recoulat anunci\u00f3 los nombres de su equipo de gobierno - Infoecos<\/title>\n<meta name=\"robots\" content=\"index, follow, max-snippet:-1, max-image-preview:large, max-video-preview:-1\" \/>\n<link rel=\"canonical\" href=\"https:\/\/infoecos.com.ar\/index.php\/recoulat-anuncio-los-nombres-de-su-equipo-de-gobierno\/\" \/>\n<meta property=\"og:locale\" content=\"es_ES\" \/>\n<meta property=\"og:type\" content=\"article\" \/>\n<meta property=\"og:title\" content=\"Recoulat anunci\u00f3 los nombres de su equipo de gobierno - Infoecos\" \/>\n<meta property=\"og:description\" content=\"En el marco de una reuni\u00f3n de medios y adherentes a su partido quienes ser\u00e1n los integrantes de su equipo, como as\u00ed tambi\u00e9n se refiri\u00f3 al nuevo organigrama municipal\" \/>\n<meta property=\"og:url\" content=\"https:\/\/infoecos.com.ar\/index.php\/recoulat-anuncio-los-nombres-de-su-equipo-de-gobierno\/\" \/>\n<meta property=\"og:site_name\" content=\"Infoecos\" \/>\n<meta property=\"article:publisher\" content=\"https:\/\/www.facebook.com\/profile.php?id=100063200290284\" \/>\n<meta property=\"article:published_time\" content=\"2023-12-07T20:57:27+00:00\" \/>\n<meta property=\"article:modified_time\" content=\"2023-12-08T14:45:08+00:00\" \/>\n<meta property=\"og:image\" content=\"https:\/\/infoecos.com.ar\/wp-content\/uploads\/2023\/10\/image-180.png\" \/>\n\t<meta property=\"og:image:width\" content=\"902\" \/>\n\t<meta property=\"og:image:height\" content=\"600\" \/>\n\t<meta property=\"og:image:type\" content=\"image\/png\" \/>\n<meta name=\"author\" content=\"Jorge Matheus\" \/>\n<meta name=\"twitter:card\" content=\"summary_large_image\" \/>\n<meta name=\"twitter:creator\" content=\"@infoecos\" \/>\n<meta name=\"twitter:site\" content=\"@infoecos\" \/>\n<meta name=\"twitter:label1\" content=\"Escrito por\" \/>\n\t<meta name=\"twitter:data1\" content=\"Jorge Matheus\" \/>\n\t<meta name=\"twitter:label2\" content=\"Tiempo de lectura\" \/>\n\t<meta name=\"twitter:data2\" content=\"2 minutos\" \/>\n<script type=\"application\/ld+json\" class=\"yoast-schema-graph\">{\"@context\":\"https:\/\/schema.org\",\"@graph\":[{\"@type\":\"Article\",\"@id\":\"https:\/\/infoecos.com.ar\/index.php\/recoulat-anuncio-los-nombres-de-su-equipo-de-gobierno\/#article\",\"isPartOf\":{\"@id\":\"https:\/\/infoecos.com.ar\/index.php\/recoulat-anuncio-los-nombres-de-su-equipo-de-gobierno\/\"},\"author\":{\"name\":\"Jorge Matheus\",\"@id\":\"https:\/\/infoecos.com.ar\/#\/schema\/person\/8f5ace5ce73b4b4aac4b7245aee6f191\"},\"headline\":\"Recoulat anunci\u00f3 los nombres de su equipo de gobierno\",\"datePublished\":\"2023-12-07T20:57:27+00:00\",\"dateModified\":\"2023-12-08T14:45:08+00:00\",\"mainEntityOfPage\":{\"@id\":\"https:\/\/infoecos.com.ar\/index.php\/recoulat-anuncio-los-nombres-de-su-equipo-de-gobierno\/\"},\"wordCount\":152,\"publisher\":{\"@id\":\"https:\/\/infoecos.com.ar\/#organization\"},\"image\":{\"@id\":\"https:\/\/infoecos.com.ar\/index.php\/recoulat-anuncio-los-nombres-de-su-equipo-de-gobierno\/#primaryimage\"},\"thumbnailUrl\":\"https:\/\/infoecos.com.ar\/wp-content\/uploads\/2023\/10\/image-180.png\",\"keywords\":[\"intendente electo de t.lauquen\"],\"articleSection\":[\"C2 nota 1\"],\"inLanguage\":\"es\"},{\"@type\":\"WebPage\",\"@id\":\"https:\/\/infoecos.com.ar\/index.php\/recoulat-anuncio-los-nombres-de-su-equipo-de-gobierno\/\",\"url\":\"https:\/\/infoecos.com.ar\/index.php\/recoulat-anuncio-los-nombres-de-su-equipo-de-gobierno\/\",\"name\":\"Recoulat anunci\u00f3 los nombres de su equipo de gobierno - Infoecos\",\"isPartOf\":{\"@id\":\"https:\/\/infoecos.com.ar\/#website\"},\"primaryImageOfPage\":{\"@id\":\"https:\/\/infoecos.com.ar\/index.php\/recoulat-anuncio-los-nombres-de-su-equipo-de-gobierno\/#primaryimage\"},\"image\":{\"@id\":\"https:\/\/infoecos.com.ar\/index.php\/recoulat-anuncio-los-nombres-de-su-equipo-de-gobierno\/#primaryimage\"},\"thumbnailUrl\":\"https:\/\/infoecos.com.ar\/wp-content\/uploads\/2023\/10\/image-180.png\",\"datePublished\":\"2023-12-07T20:57:27+00:00\",\"dateModified\":\"2023-12-08T14:45:08+00:00\",\"breadcrumb\":{\"@id\":\"https:\/\/infoecos.com.ar\/index.php\/recoulat-anuncio-los-nombres-de-su-equipo-de-gobierno\/#breadcrumb\"},\"inLanguage\":\"es\",\"potentialAction\":[{\"@type\":\"ReadAction\",\"target\":[\"https:\/\/infoecos.com.ar\/index.php\/recoulat-anuncio-los-nombres-de-su-equipo-de-gobierno\/\"]}]},{\"@type\":\"ImageObject\",\"inLanguage\":\"es\",\"@id\":\"https:\/\/infoecos.com.ar\/index.php\/recoulat-anuncio-los-nombres-de-su-equipo-de-gobierno\/#primaryimage\",\"url\":\"https:\/\/infoecos.com.ar\/wp-content\/uploads\/2023\/10\/image-180.png\",\"contentUrl\":\"https:\/\/infoecos.com.ar\/wp-content\/uploads\/2023\/10\/image-180.png\",\"width\":902,\"height\":600},{\"@type\":\"BreadcrumbList\",\"@id\":\"https:\/\/infoecos.com.ar\/index.php\/recoulat-anuncio-los-nombres-de-su-equipo-de-gobierno\/#breadcrumb\",\"itemListElement\":[{\"@type\":\"ListItem\",\"position\":1,\"name\":\"Portada\",\"item\":\"https:\/\/infoecos.com.ar\/\"},{\"@type\":\"ListItem\",\"position\":2,\"name\":\"Recoulat anunci\u00f3 los nombres de su equipo de gobierno\"}]},{\"@type\":\"WebSite\",\"@id\":\"https:\/\/infoecos.com.ar\/#website\",\"url\":\"https:\/\/infoecos.com.ar\/\",\"name\":\"Infoecos\",\"description\":\"Noticias de trenque lauquen y la zona\",\"publisher\":{\"@id\":\"https:\/\/infoecos.com.ar\/#organization\"},\"alternateName\":\"Noticias\",\"potentialAction\":[{\"@type\":\"SearchAction\",\"target\":{\"@type\":\"EntryPoint\",\"urlTemplate\":\"https:\/\/infoecos.com.ar\/?s={search_term_string}\"},\"query-input\":{\"@type\":\"PropertyValueSpecification\",\"valueRequired\":true,\"valueName\":\"search_term_string\"}}],\"inLanguage\":\"es\"},{\"@type\":\"Organization\",\"@id\":\"https:\/\/infoecos.com.ar\/#organization\",\"name\":\"Infoecos\",\"alternateName\":\"Noticias\",\"url\":\"https:\/\/infoecos.com.ar\/\",\"logo\":{\"@type\":\"ImageObject\",\"inLanguage\":\"es\",\"@id\":\"https:\/\/infoecos.com.ar\/#\/schema\/logo\/image\/\",\"url\":\"https:\/\/infoecos.com.ar\/wp-content\/uploads\/2024\/03\/cropped-logo.png\",\"contentUrl\":\"https:\/\/infoecos.com.ar\/wp-content\/uploads\/2024\/03\/cropped-logo.png\",\"width\":374,\"height\":90,\"caption\":\"Infoecos\"},\"image\":{\"@id\":\"https:\/\/infoecos.com.ar\/#\/schema\/logo\/image\/\"},\"sameAs\":[\"https:\/\/www.facebook.com\/profile.php?id=100063200290284\",\"https:\/\/x.com\/infoecos\"]},{\"@type\":\"Person\",\"@id\":\"https:\/\/infoecos.com.ar\/#\/schema\/person\/8f5ace5ce73b4b4aac4b7245aee6f191\",\"name\":\"Jorge Matheus\",\"url\":\"https:\/\/infoecos.com.ar\/index.php\/author\/jomatheus\/\"}]}<\/script>\n<!-- \/ Yoast SEO plugin. -->","yoast_head_json":{"title":"Recoulat anunci\u00f3 los nombres de su equipo de gobierno - Infoecos","robots":{"index":"index","follow":"follow","max-snippet":"max-snippet:-1","max-image-preview":"max-image-preview:large","max-video-preview":"max-video-preview:-1"},"canonical":"https:\/\/infoecos.com.ar\/index.php\/recoulat-anuncio-los-nombres-de-su-equipo-de-gobierno\/","og_locale":"es_ES","og_type":"article","og_title":"Recoulat anunci\u00f3 los nombres de su equipo de gobierno - Infoecos","og_description":"En el marco de una reuni\u00f3n de medios y adherentes a su partido quienes ser\u00e1n los integrantes de su equipo, como as\u00ed tambi\u00e9n se refiri\u00f3 al nuevo organigrama municipal","og_url":"https:\/\/infoecos.com.ar\/index.php\/recoulat-anuncio-los-nombres-de-su-equipo-de-gobierno\/","og_site_name":"Infoecos","article_publisher":"https:\/\/www.facebook.com\/profile.php?id=100063200290284","article_published_time":"2023-12-07T20:57:27+00:00","article_modified_time":"2023-12-08T14:45:08+00:00","og_image":[{"width":902,"height":600,"url":"https:\/\/infoecos.com.ar\/wp-content\/uploads\/2023\/10\/image-180.png","type":"image\/png"}],"author":"Jorge Matheus","twitter_card":"summary_large_image","twitter_creator":"@infoecos","twitter_site":"@infoecos","twitter_misc":{"Escrito por":"Jorge Matheus","Tiempo de lectura":"2 minutos"},"schema":{"@context":"https:\/\/schema.org","@graph":[{"@type":"Article","@id":"https:\/\/infoecos.com.ar\/index.php\/recoulat-anuncio-los-nombres-de-su-equipo-de-gobierno\/#article","isPartOf":{"@id":"https:\/\/infoecos.com.ar\/index.php\/recoulat-anuncio-los-nombres-de-su-equipo-de-gobierno\/"},"author":{"name":"Jorge Matheus","@id":"https:\/\/infoecos.com.ar\/#\/schema\/person\/8f5ace5ce73b4b4aac4b7245aee6f191"},"headline":"Recoulat anunci\u00f3 los nombres de su equipo de gobierno","datePublished":"2023-12-07T20:57:27+00:00","dateModified":"2023-12-08T14:45:08+00:00","mainEntityOfPage":{"@id":"https:\/\/infoecos.com.ar\/index.php\/recoulat-anuncio-los-nombres-de-su-equipo-de-gobierno\/"},"wordCount":152,"publisher":{"@id":"https:\/\/infoecos.com.ar\/#organization"},"image":{"@id":"https:\/\/infoecos.com.ar\/index.php\/recoulat-anuncio-los-nombres-de-su-equipo-de-gobierno\/#primaryimage"},"thumbnailUrl":"https:\/\/infoecos.com.ar\/wp-content\/uploads\/2023\/10\/image-180.png","keywords":["intendente electo de t.lauquen"],"articleSection":["C2 nota 1"],"inLanguage":"es"},{"@type":"WebPage","@id":"https:\/\/infoecos.com.ar\/index.php\/recoulat-anuncio-los-nombres-de-su-equipo-de-gobierno\/","url":"https:\/\/infoecos.com.ar\/index.php\/recoulat-anuncio-los-nombres-de-su-equipo-de-gobierno\/","name":"Recoulat anunci\u00f3 los nombres de su equipo de gobierno - Infoecos","isPartOf":{"@id":"https:\/\/infoecos.com.ar\/#website"},"primaryImageOfPage":{"@id":"https:\/\/infoecos.com.ar\/index.php\/recoulat-anuncio-los-nombres-de-su-equipo-de-gobierno\/#primaryimage"},"image":{"@id":"https:\/\/infoecos.com.ar\/index.php\/recoulat-anuncio-los-nombres-de-su-equipo-de-gobierno\/#primaryimage"},"thumbnailUrl":"https:\/\/infoecos.com.ar\/wp-content\/uploads\/2023\/10\/image-180.png","datePublished":"2023-12-07T20:57:27+00:00","dateModified":"2023-12-08T14:45:08+00:00","breadcrumb":{"@id":"https:\/\/infoecos.com.ar\/index.php\/recoulat-anuncio-los-nombres-de-su-equipo-de-gobierno\/#breadcrumb"},"inLanguage":"es","potentialAction":[{"@type":"ReadAction","target":["https:\/\/infoecos.com.ar\/index.php\/recoulat-anuncio-los-nombres-de-su-equipo-de-gobierno\/"]}]},{"@type":"ImageObject","inLanguage":"es","@id":"https:\/\/infoecos.com.ar\/index.php\/recoulat-anuncio-los-nombres-de-su-equipo-de-gobierno\/#primaryimage","url":"https:\/\/infoecos.com.ar\/wp-content\/uploads\/2023\/10\/image-180.png","contentUrl":"https:\/\/infoecos.com.ar\/wp-content\/uploads\/2023\/10\/image-180.png","width":902,"height":600},{"@type":"BreadcrumbList","@id":"https:\/\/infoecos.com.ar\/index.php\/recoulat-anuncio-los-nombres-de-su-equipo-de-gobierno\/#breadcrumb","itemListElement":[{"@type":"ListItem","position":1,"name":"Portada","item":"https:\/\/infoecos.com.ar\/"},{"@type":"ListItem","position":2,"name":"Recoulat anunci\u00f3 los nombres de su equipo de gobierno"}]},{"@type":"WebSite","@id":"https:\/\/infoecos.com.ar\/#website","url":"https:\/\/infoecos.com.ar\/","name":"Infoecos","description":"Noticias de trenque lauquen y la zona","publisher":{"@id":"https:\/\/infoecos.com.ar\/#organization"},"alternateName":"Noticias","potentialAction":[{"@type":"SearchAction","target":{"@type":"EntryPoint","urlTemplate":"https:\/\/infoecos.com.ar\/?s={search_term_string}"},"query-input":{"@type":"PropertyValueSpecification","valueRequired":true,"valueName":"search_term_string"}}],"inLanguage":"es"},{"@type":"Organization","@id":"https:\/\/infoecos.com.ar\/#organization","name":"Infoecos","alternateName":"Noticias","url":"https:\/\/infoecos.com.ar\/","logo":{"@type":"ImageObject","inLanguage":"es","@id":"https:\/\/infoecos.com.ar\/#\/schema\/logo\/image\/","url":"https:\/\/infoecos.com.ar\/wp-content\/uploads\/2024\/03\/cropped-logo.png","contentUrl":"https:\/\/infoecos.com.ar\/wp-content\/uploads\/2024\/03\/cropped-logo.png","width":374,"height":90,"caption":"Infoecos"},"image":{"@id":"https:\/\/infoecos.com.ar\/#\/schema\/logo\/image\/"},"sameAs":["https:\/\/www.facebook.com\/profile.php?id=100063200290284","https:\/\/x.com\/infoecos"]},{"@type":"Person","@id":"https:\/\/infoecos.com.ar\/#\/schema\/person\/8f5ace5ce73b4b4aac4b7245aee6f191","name":"Jorge Matheus","url":"https:\/\/infoecos.com.ar\/index.php\/author\/jomatheus\/"}]}},"featured_image_urls":{"full":["https:\/\/infoecos.com.ar\/wp-content\/uploads\/2023\/10\/image-180.png",902,600,false],"thumbnail":["https:\/\/infoecos.com.ar\/wp-content\/uploads\/2023\/10\/image-180-300x150.png",300,150,true],"medium":["https:\/\/infoecos.com.ar\/wp-content\/uploads\/2023\/10\/image-180-800x532.png",800,532,true],"medium_large":["https:\/\/infoecos.com.ar\/wp-content\/uploads\/2023\/10\/image-180-768x511.png",640,426,true],"large":["https:\/\/infoecos.com.ar\/wp-content\/uploads\/2023\/10\/image-180.png",640,426,false],"1536x1536":["https:\/\/infoecos.com.ar\/wp-content\/uploads\/2023\/10\/image-180.png",902,600,false],"2048x2048":["https:\/\/infoecos.com.ar\/wp-content\/uploads\/2023\/10\/image-180.png",902,600,false],"covernews-slider-full":["https:\/\/infoecos.com.ar\/wp-content\/uploads\/2023\/10\/image-180.png",902,600,false],"covernews-slider-center":["https:\/\/infoecos.com.ar\/wp-content\/uploads\/2023\/10\/image-180.png",752,500,false],"covernews-featured":["https:\/\/infoecos.com.ar\/wp-content\/uploads\/2023\/10\/image-180.png",902,600,false],"covernews-medium":["https:\/\/infoecos.com.ar\/wp-content\/uploads\/2023\/10\/image-180-720x380.png",540,285,true],"covernews-medium-square":["https:\/\/infoecos.com.ar\/wp-content\/uploads\/2023\/10\/image-180-675x450.png",375,250,true]},"author_info":{"info":["Jorge Matheus"]},"category_info":"<a href=\"https:\/\/infoecos.com.ar\/index.php\/category\/c2nota1\/\" rel=\"category tag\">C2 nota 1<\/a>","tag_info":"C2 nota 1","comment_count":"0","_links":{"self":[{"href":"https:\/\/infoecos.com.ar\/index.php\/wp-json\/wp\/v2\/posts\/115940"}],"collection":[{"href":"https:\/\/infoecos.com.ar\/index.php\/wp-json\/wp\/v2\/posts"}],"about":[{"href":"https:\/\/infoecos.com.ar\/index.php\/wp-json\/wp\/v2\/types\/post"}],"author":[{"embeddable":true,"href":"https:\/\/infoecos.com.ar\/index.php\/wp-json\/wp\/v2\/users\/2"}],"replies":[{"embeddable":true,"href":"https:\/\/infoecos.com.ar\/index.php\/wp-json\/wp\/v2\/comments?post=115940"}],"version-history":[{"count":2,"href":"https:\/\/infoecos.com.ar\/index.php\/wp-json\/wp\/v2\/posts\/115940\/revisions"}],"predecessor-version":[{"id":115966,"href":"https:\/\/infoecos.com.ar\/index.php\/wp-json\/wp\/v2\/posts\/115940\/revisions\/115966"}],"wp:featuredmedia":[{"embeddable":true,"href":"https:\/\/infoecos.com.ar\/index.php\/wp-json\/wp\/v2\/media\/114638"}],"wp:attachment":[{"href":"https:\/\/infoecos.com.ar\/index.php\/wp-json\/wp\/v2\/media?parent=115940"}],"wp:term":[{"taxonomy":"category","embeddable":true,"href":"https:\/\/infoecos.com.ar\/index.php\/wp-json\/wp\/v2\/categories?post=115940"},{"taxonomy":"post_tag","embeddable":true,"href":"https:\/\/infoecos.com.ar\/index.php\/wp-json\/wp\/v2\/tags?post=115940"}],"curies":[{"name":"wp","href":"https:\/\/api.w.org\/{rel}","templated":true}]}}