{"id":116001,"date":"2023-12-09T08:48:17","date_gmt":"2023-12-09T11:48:17","guid":{"rendered":"https:\/\/infoecos.com.ar\/?p=116001"},"modified":"2023-12-10T12:00:43","modified_gmt":"2023-12-10T15:00:43","slug":"los-nombres-del-equipo-de-francisco-recoulat-y-el-nuevo-organigrama-municipal","status":"publish","type":"post","link":"https:\/\/infoecos.com.ar\/index.php\/los-nombres-del-equipo-de-francisco-recoulat-y-el-nuevo-organigrama-municipal\/","title":{"rendered":"Los nombres del equipo de Francisco Recoulat y el nuevo organigrama municipal"},"content":{"rendered":"\n<figure class=\"wp-block-image alignright size-full is-resized\"><img loading=\"lazy\" decoding=\"async\" src=\"https:\/\/infoecos.com.ar\/wp-content\/uploads\/2023\/12\/gabinete-francisco-recoulat-intendente.jpeg\" alt=\"\" class=\"wp-image-115962\" width=\"310\" height=\"206\" srcset=\"https:\/\/infoecos.com.ar\/wp-content\/uploads\/2023\/12\/gabinete-francisco-recoulat-intendente.jpeg 1600w, https:\/\/infoecos.com.ar\/wp-content\/uploads\/2023\/12\/gabinete-francisco-recoulat-intendente-800x533.jpeg 800w, https:\/\/infoecos.com.ar\/wp-content\/uploads\/2023\/12\/gabinete-francisco-recoulat-intendente-768x512.jpeg 768w, https:\/\/infoecos.com.ar\/wp-content\/uploads\/2023\/12\/gabinete-francisco-recoulat-intendente-1536x1020.jpeg 1536w, https:\/\/infoecos.com.ar\/wp-content\/uploads\/2023\/12\/gabinete-francisco-recoulat-intendente-1024x682.jpeg 1024w, https:\/\/infoecos.com.ar\/wp-content\/uploads\/2023\/12\/gabinete-francisco-recoulat-intendente-675x450.jpeg 675w\" sizes=\"(max-width: 310px) 100vw, 310px\" \/><\/figure>\n\n\n\n<p><span style=\"font-size: revert; color: initial;\">Los integrantes del equipo anunciado por<\/span><strong style=\"font-size: revert; color: initial;\"> Francisco Recoulat<\/strong><span style=\"font-size: revert; color: initial;\"> y el nuevo organigrama municipal. Fueron anunciados por el propio mandatario comunal electo, el pasado jueves. Los cargos y funcionarios:<\/span><\/p>\n\n\n\n<p><strong style=\"font-size: revert; color: initial;\">Secretar\u00eda de Gobierno<\/strong><span style=\"font-size: revert; color: initial;\">: Mart\u00edn Borraz\u00e1<\/span>s<\/p>\n\n\n\n<p><strong>Secretar\u00eda de Hacienda<\/strong>: Alfredo Zambiasio <\/p>\n\n\n\n<p><strong>Secretar\u00eda Legal y T\u00e9cnica<\/strong>: Gustavo Marchabalo <\/p>\n\n\n\n<p><strong>Secretar\u00eda de Obras y Servicios P\u00fablicos<\/strong>: Manuel Silva Mu\u00f1oz<\/p>\n\n\n\n<p><strong>Secretar\u00eda de Salud<\/strong>: Sergio Valente<\/p>\n\n\n\n<p><strong>Secretar\u00eda General<\/strong>: Juan Manuel Sotullo <\/p>\n\n\n\n<p><strong>Otros cargos anunciados por Recoulat y difundidos a trav\u00e9s de un parte oficial de la Uni\u00f3n C\u00edvica Radical<\/strong>:<\/p>\n\n\n\n<p><strong>Directora del Hospital Municipal \u00abDr. Pedro T. Orellana\u00bb<\/strong>: Silvina San Juan<\/p>\n\n\n\n<p><strong>Jefa de Recursos Humanos del Hospital Municipal \u00abDr. Pedro T. Orellana\u00bb<\/strong>: Luciana Basualdo<\/p>\n\n\n\n<p><strong>Direcci\u00f3n de Planeamiento<\/strong>: Cristian Rabasa<\/p>\n\n\n\n<p><strong>Espacios Verdes, Servicios Sanitarios<\/strong>: Juli\u00e1n Ballare <\/p>\n\n\n\n<p><strong>Higiene Urbana, Conservaci\u00f3n de la V\u00eda P\u00fablica<\/strong>: Luciana Bortolussi<\/p>\n\n\n\n<p><strong>Direcci\u00f3n de Cultura<\/strong>: Guillermo Ru\u00edz<\/p>\n\n\n\n<p><strong>Direcci\u00f3n de Educaci\u00f3n<\/strong>: Marisol Basso <\/p>\n\n\n\n<p><strong>Deportes:<\/strong> Sergio Barbas  <\/p>\n\n\n\n<p><strong>Subsecretar\u00eda de Desarrollo Econ\u00f3mico y Productivo<\/strong>: Germ\u00e1n Lauro<\/p>\n\n\n\n<p><strong>Direcci\u00f3n de Ambiente y Desarrollo Sustentable<\/strong>: Facundo Splendiani <\/p>\n\n\n\n<p><strong>Direcci\u00f3n del Ente Descentralizado de 30 de Agosto<\/strong>: Alicia Ramudo <\/p>\n\n\n\n<p><\/p>\n\n\n\n<p><\/p>\n\n\n\n<p>       <\/p>\n","protected":false},"excerpt":{"rendered":"<p>Fueron anunciados por el propio mandatario comunal electo, el pasado jueves<\/p>\n","protected":false},"author":2,"featured_media":115962,"comment_status":"closed","ping_status":"open","sticky":false,"template":"","format":"standard","meta":{"footnotes":""},"categories":[46],"tags":[9677],"class_list":["post-116001","post","type-post","status-publish","format-standard","has-post-thumbnail","hentry","category-c2nota2","tag-algunos-quedan-y-otros-se-van"],"yoast_head":"<!-- This site is optimized with the Yoast SEO plugin v23.4 - https:\/\/yoast.com\/wordpress\/plugins\/seo\/ -->\n<title>Los nombres del equipo de Francisco Recoulat y el nuevo organigrama municipal - Infoecos<\/title>\n<meta name=\"robots\" content=\"index, follow, max-snippet:-1, max-image-preview:large, max-video-preview:-1\" \/>\n<link rel=\"canonical\" href=\"https:\/\/infoecos.com.ar\/index.php\/los-nombres-del-equipo-de-francisco-recoulat-y-el-nuevo-organigrama-municipal\/\" \/>\n<meta property=\"og:locale\" content=\"es_ES\" \/>\n<meta property=\"og:type\" content=\"article\" \/>\n<meta property=\"og:title\" content=\"Los nombres del equipo de Francisco Recoulat y el nuevo organigrama municipal - Infoecos\" \/>\n<meta property=\"og:description\" content=\"Fueron anunciados por el propio mandatario comunal electo, el pasado jueves\" \/>\n<meta property=\"og:url\" content=\"https:\/\/infoecos.com.ar\/index.php\/los-nombres-del-equipo-de-francisco-recoulat-y-el-nuevo-organigrama-municipal\/\" \/>\n<meta property=\"og:site_name\" content=\"Infoecos\" \/>\n<meta property=\"article:publisher\" content=\"https:\/\/www.facebook.com\/profile.php?id=100063200290284\" \/>\n<meta property=\"article:published_time\" content=\"2023-12-09T11:48:17+00:00\" \/>\n<meta property=\"article:modified_time\" content=\"2023-12-10T15:00:43+00:00\" \/>\n<meta property=\"og:image\" content=\"https:\/\/infoecos.com.ar\/wp-content\/uploads\/2023\/12\/gabinete-francisco-recoulat-intendente.jpeg\" \/>\n\t<meta property=\"og:image:width\" content=\"1600\" \/>\n\t<meta property=\"og:image:height\" content=\"1066\" \/>\n\t<meta property=\"og:image:type\" content=\"image\/jpeg\" \/>\n<meta name=\"author\" content=\"Jorge Matheus\" \/>\n<meta name=\"twitter:card\" content=\"summary_large_image\" \/>\n<meta name=\"twitter:creator\" content=\"@infoecos\" \/>\n<meta name=\"twitter:site\" content=\"@infoecos\" \/>\n<meta name=\"twitter:label1\" content=\"Escrito por\" \/>\n\t<meta name=\"twitter:data1\" content=\"Jorge Matheus\" \/>\n\t<meta name=\"twitter:label2\" content=\"Tiempo de lectura\" \/>\n\t<meta name=\"twitter:data2\" content=\"1 minuto\" \/>\n<script type=\"application\/ld+json\" class=\"yoast-schema-graph\">{\"@context\":\"https:\/\/schema.org\",\"@graph\":[{\"@type\":\"Article\",\"@id\":\"https:\/\/infoecos.com.ar\/index.php\/los-nombres-del-equipo-de-francisco-recoulat-y-el-nuevo-organigrama-municipal\/#article\",\"isPartOf\":{\"@id\":\"https:\/\/infoecos.com.ar\/index.php\/los-nombres-del-equipo-de-francisco-recoulat-y-el-nuevo-organigrama-municipal\/\"},\"author\":{\"name\":\"Jorge Matheus\",\"@id\":\"https:\/\/infoecos.com.ar\/#\/schema\/person\/8f5ace5ce73b4b4aac4b7245aee6f191\"},\"headline\":\"Los nombres del equipo de Francisco Recoulat y el nuevo organigrama municipal\",\"datePublished\":\"2023-12-09T11:48:17+00:00\",\"dateModified\":\"2023-12-10T15:00:43+00:00\",\"mainEntityOfPage\":{\"@id\":\"https:\/\/infoecos.com.ar\/index.php\/los-nombres-del-equipo-de-francisco-recoulat-y-el-nuevo-organigrama-municipal\/\"},\"wordCount\":203,\"publisher\":{\"@id\":\"https:\/\/infoecos.com.ar\/#organization\"},\"image\":{\"@id\":\"https:\/\/infoecos.com.ar\/index.php\/los-nombres-del-equipo-de-francisco-recoulat-y-el-nuevo-organigrama-municipal\/#primaryimage\"},\"thumbnailUrl\":\"https:\/\/infoecos.com.ar\/wp-content\/uploads\/2023\/12\/gabinete-francisco-recoulat-intendente.jpeg\",\"keywords\":[\"algunos quedan y otros se van\"],\"articleSection\":[\"C2 N2\"],\"inLanguage\":\"es\"},{\"@type\":\"WebPage\",\"@id\":\"https:\/\/infoecos.com.ar\/index.php\/los-nombres-del-equipo-de-francisco-recoulat-y-el-nuevo-organigrama-municipal\/\",\"url\":\"https:\/\/infoecos.com.ar\/index.php\/los-nombres-del-equipo-de-francisco-recoulat-y-el-nuevo-organigrama-municipal\/\",\"name\":\"Los nombres del equipo de Francisco Recoulat y el nuevo organigrama municipal - Infoecos\",\"isPartOf\":{\"@id\":\"https:\/\/infoecos.com.ar\/#website\"},\"primaryImageOfPage\":{\"@id\":\"https:\/\/infoecos.com.ar\/index.php\/los-nombres-del-equipo-de-francisco-recoulat-y-el-nuevo-organigrama-municipal\/#primaryimage\"},\"image\":{\"@id\":\"https:\/\/infoecos.com.ar\/index.php\/los-nombres-del-equipo-de-francisco-recoulat-y-el-nuevo-organigrama-municipal\/#primaryimage\"},\"thumbnailUrl\":\"https:\/\/infoecos.com.ar\/wp-content\/uploads\/2023\/12\/gabinete-francisco-recoulat-intendente.jpeg\",\"datePublished\":\"2023-12-09T11:48:17+00:00\",\"dateModified\":\"2023-12-10T15:00:43+00:00\",\"breadcrumb\":{\"@id\":\"https:\/\/infoecos.com.ar\/index.php\/los-nombres-del-equipo-de-francisco-recoulat-y-el-nuevo-organigrama-municipal\/#breadcrumb\"},\"inLanguage\":\"es\",\"potentialAction\":[{\"@type\":\"ReadAction\",\"target\":[\"https:\/\/infoecos.com.ar\/index.php\/los-nombres-del-equipo-de-francisco-recoulat-y-el-nuevo-organigrama-municipal\/\"]}]},{\"@type\":\"ImageObject\",\"inLanguage\":\"es\",\"@id\":\"https:\/\/infoecos.com.ar\/index.php\/los-nombres-del-equipo-de-francisco-recoulat-y-el-nuevo-organigrama-municipal\/#primaryimage\",\"url\":\"https:\/\/infoecos.com.ar\/wp-content\/uploads\/2023\/12\/gabinete-francisco-recoulat-intendente.jpeg\",\"contentUrl\":\"https:\/\/infoecos.com.ar\/wp-content\/uploads\/2023\/12\/gabinete-francisco-recoulat-intendente.jpeg\",\"width\":1600,\"height\":1066},{\"@type\":\"BreadcrumbList\",\"@id\":\"https:\/\/infoecos.com.ar\/index.php\/los-nombres-del-equipo-de-francisco-recoulat-y-el-nuevo-organigrama-municipal\/#breadcrumb\",\"itemListElement\":[{\"@type\":\"ListItem\",\"position\":1,\"name\":\"Portada\",\"item\":\"https:\/\/infoecos.com.ar\/\"},{\"@type\":\"ListItem\",\"position\":2,\"name\":\"Los nombres del equipo de Francisco Recoulat y el nuevo organigrama municipal\"}]},{\"@type\":\"WebSite\",\"@id\":\"https:\/\/infoecos.com.ar\/#website\",\"url\":\"https:\/\/infoecos.com.ar\/\",\"name\":\"Infoecos\",\"description\":\"Noticias de trenque lauquen y la zona\",\"publisher\":{\"@id\":\"https:\/\/infoecos.com.ar\/#organization\"},\"alternateName\":\"Noticias\",\"potentialAction\":[{\"@type\":\"SearchAction\",\"target\":{\"@type\":\"EntryPoint\",\"urlTemplate\":\"https:\/\/infoecos.com.ar\/?s={search_term_string}\"},\"query-input\":{\"@type\":\"PropertyValueSpecification\",\"valueRequired\":true,\"valueName\":\"search_term_string\"}}],\"inLanguage\":\"es\"},{\"@type\":\"Organization\",\"@id\":\"https:\/\/infoecos.com.ar\/#organization\",\"name\":\"Infoecos\",\"alternateName\":\"Noticias\",\"url\":\"https:\/\/infoecos.com.ar\/\",\"logo\":{\"@type\":\"ImageObject\",\"inLanguage\":\"es\",\"@id\":\"https:\/\/infoecos.com.ar\/#\/schema\/logo\/image\/\",\"url\":\"https:\/\/infoecos.com.ar\/wp-content\/uploads\/2024\/03\/cropped-logo.png\",\"contentUrl\":\"https:\/\/infoecos.com.ar\/wp-content\/uploads\/2024\/03\/cropped-logo.png\",\"width\":374,\"height\":90,\"caption\":\"Infoecos\"},\"image\":{\"@id\":\"https:\/\/infoecos.com.ar\/#\/schema\/logo\/image\/\"},\"sameAs\":[\"https:\/\/www.facebook.com\/profile.php?id=100063200290284\",\"https:\/\/x.com\/infoecos\"]},{\"@type\":\"Person\",\"@id\":\"https:\/\/infoecos.com.ar\/#\/schema\/person\/8f5ace5ce73b4b4aac4b7245aee6f191\",\"name\":\"Jorge Matheus\",\"url\":\"https:\/\/infoecos.com.ar\/index.php\/author\/jomatheus\/\"}]}<\/script>\n<!-- \/ Yoast SEO plugin. -->","yoast_head_json":{"title":"Los nombres del equipo de Francisco Recoulat y el nuevo organigrama municipal - Infoecos","robots":{"index":"index","follow":"follow","max-snippet":"max-snippet:-1","max-image-preview":"max-image-preview:large","max-video-preview":"max-video-preview:-1"},"canonical":"https:\/\/infoecos.com.ar\/index.php\/los-nombres-del-equipo-de-francisco-recoulat-y-el-nuevo-organigrama-municipal\/","og_locale":"es_ES","og_type":"article","og_title":"Los nombres del equipo de Francisco Recoulat y el nuevo organigrama municipal - Infoecos","og_description":"Fueron anunciados por el propio mandatario comunal electo, el pasado jueves","og_url":"https:\/\/infoecos.com.ar\/index.php\/los-nombres-del-equipo-de-francisco-recoulat-y-el-nuevo-organigrama-municipal\/","og_site_name":"Infoecos","article_publisher":"https:\/\/www.facebook.com\/profile.php?id=100063200290284","article_published_time":"2023-12-09T11:48:17+00:00","article_modified_time":"2023-12-10T15:00:43+00:00","og_image":[{"width":1600,"height":1066,"url":"https:\/\/infoecos.com.ar\/wp-content\/uploads\/2023\/12\/gabinete-francisco-recoulat-intendente.jpeg","type":"image\/jpeg"}],"author":"Jorge Matheus","twitter_card":"summary_large_image","twitter_creator":"@infoecos","twitter_site":"@infoecos","twitter_misc":{"Escrito por":"Jorge Matheus","Tiempo de lectura":"1 minuto"},"schema":{"@context":"https:\/\/schema.org","@graph":[{"@type":"Article","@id":"https:\/\/infoecos.com.ar\/index.php\/los-nombres-del-equipo-de-francisco-recoulat-y-el-nuevo-organigrama-municipal\/#article","isPartOf":{"@id":"https:\/\/infoecos.com.ar\/index.php\/los-nombres-del-equipo-de-francisco-recoulat-y-el-nuevo-organigrama-municipal\/"},"author":{"name":"Jorge Matheus","@id":"https:\/\/infoecos.com.ar\/#\/schema\/person\/8f5ace5ce73b4b4aac4b7245aee6f191"},"headline":"Los nombres del equipo de Francisco Recoulat y el nuevo organigrama municipal","datePublished":"2023-12-09T11:48:17+00:00","dateModified":"2023-12-10T15:00:43+00:00","mainEntityOfPage":{"@id":"https:\/\/infoecos.com.ar\/index.php\/los-nombres-del-equipo-de-francisco-recoulat-y-el-nuevo-organigrama-municipal\/"},"wordCount":203,"publisher":{"@id":"https:\/\/infoecos.com.ar\/#organization"},"image":{"@id":"https:\/\/infoecos.com.ar\/index.php\/los-nombres-del-equipo-de-francisco-recoulat-y-el-nuevo-organigrama-municipal\/#primaryimage"},"thumbnailUrl":"https:\/\/infoecos.com.ar\/wp-content\/uploads\/2023\/12\/gabinete-francisco-recoulat-intendente.jpeg","keywords":["algunos quedan y otros se van"],"articleSection":["C2 N2"],"inLanguage":"es"},{"@type":"WebPage","@id":"https:\/\/infoecos.com.ar\/index.php\/los-nombres-del-equipo-de-francisco-recoulat-y-el-nuevo-organigrama-municipal\/","url":"https:\/\/infoecos.com.ar\/index.php\/los-nombres-del-equipo-de-francisco-recoulat-y-el-nuevo-organigrama-municipal\/","name":"Los nombres del equipo de Francisco Recoulat y el nuevo organigrama municipal - Infoecos","isPartOf":{"@id":"https:\/\/infoecos.com.ar\/#website"},"primaryImageOfPage":{"@id":"https:\/\/infoecos.com.ar\/index.php\/los-nombres-del-equipo-de-francisco-recoulat-y-el-nuevo-organigrama-municipal\/#primaryimage"},"image":{"@id":"https:\/\/infoecos.com.ar\/index.php\/los-nombres-del-equipo-de-francisco-recoulat-y-el-nuevo-organigrama-municipal\/#primaryimage"},"thumbnailUrl":"https:\/\/infoecos.com.ar\/wp-content\/uploads\/2023\/12\/gabinete-francisco-recoulat-intendente.jpeg","datePublished":"2023-12-09T11:48:17+00:00","dateModified":"2023-12-10T15:00:43+00:00","breadcrumb":{"@id":"https:\/\/infoecos.com.ar\/index.php\/los-nombres-del-equipo-de-francisco-recoulat-y-el-nuevo-organigrama-municipal\/#breadcrumb"},"inLanguage":"es","potentialAction":[{"@type":"ReadAction","target":["https:\/\/infoecos.com.ar\/index.php\/los-nombres-del-equipo-de-francisco-recoulat-y-el-nuevo-organigrama-municipal\/"]}]},{"@type":"ImageObject","inLanguage":"es","@id":"https:\/\/infoecos.com.ar\/index.php\/los-nombres-del-equipo-de-francisco-recoulat-y-el-nuevo-organigrama-municipal\/#primaryimage","url":"https:\/\/infoecos.com.ar\/wp-content\/uploads\/2023\/12\/gabinete-francisco-recoulat-intendente.jpeg","contentUrl":"https:\/\/infoecos.com.ar\/wp-content\/uploads\/2023\/12\/gabinete-francisco-recoulat-intendente.jpeg","width":1600,"height":1066},{"@type":"BreadcrumbList","@id":"https:\/\/infoecos.com.ar\/index.php\/los-nombres-del-equipo-de-francisco-recoulat-y-el-nuevo-organigrama-municipal\/#breadcrumb","itemListElement":[{"@type":"ListItem","position":1,"name":"Portada","item":"https:\/\/infoecos.com.ar\/"},{"@type":"ListItem","position":2,"name":"Los nombres del equipo de Francisco Recoulat y el nuevo organigrama municipal"}]},{"@type":"WebSite","@id":"https:\/\/infoecos.com.ar\/#website","url":"https:\/\/infoecos.com.ar\/","name":"Infoecos","description":"Noticias de trenque lauquen y la zona","publisher":{"@id":"https:\/\/infoecos.com.ar\/#organization"},"alternateName":"Noticias","potentialAction":[{"@type":"SearchAction","target":{"@type":"EntryPoint","urlTemplate":"https:\/\/infoecos.com.ar\/?s={search_term_string}"},"query-input":{"@type":"PropertyValueSpecification","valueRequired":true,"valueName":"search_term_string"}}],"inLanguage":"es"},{"@type":"Organization","@id":"https:\/\/infoecos.com.ar\/#organization","name":"Infoecos","alternateName":"Noticias","url":"https:\/\/infoecos.com.ar\/","logo":{"@type":"ImageObject","inLanguage":"es","@id":"https:\/\/infoecos.com.ar\/#\/schema\/logo\/image\/","url":"https:\/\/infoecos.com.ar\/wp-content\/uploads\/2024\/03\/cropped-logo.png","contentUrl":"https:\/\/infoecos.com.ar\/wp-content\/uploads\/2024\/03\/cropped-logo.png","width":374,"height":90,"caption":"Infoecos"},"image":{"@id":"https:\/\/infoecos.com.ar\/#\/schema\/logo\/image\/"},"sameAs":["https:\/\/www.facebook.com\/profile.php?id=100063200290284","https:\/\/x.com\/infoecos"]},{"@type":"Person","@id":"https:\/\/infoecos.com.ar\/#\/schema\/person\/8f5ace5ce73b4b4aac4b7245aee6f191","name":"Jorge Matheus","url":"https:\/\/infoecos.com.ar\/index.php\/author\/jomatheus\/"}]}},"featured_image_urls":{"full":["https:\/\/infoecos.com.ar\/wp-content\/uploads\/2023\/12\/gabinete-francisco-recoulat-intendente.jpeg",1600,1066,false],"thumbnail":["https:\/\/infoecos.com.ar\/wp-content\/uploads\/2023\/12\/gabinete-francisco-recoulat-intendente-300x150.jpeg",300,150,true],"medium":["https:\/\/infoecos.com.ar\/wp-content\/uploads\/2023\/12\/gabinete-francisco-recoulat-intendente-800x533.jpeg",800,533,true],"medium_large":["https:\/\/infoecos.com.ar\/wp-content\/uploads\/2023\/12\/gabinete-francisco-recoulat-intendente-768x512.jpeg",640,427,true],"large":["https:\/\/infoecos.com.ar\/wp-content\/uploads\/2023\/12\/gabinete-francisco-recoulat-intendente.jpeg",640,426,false],"1536x1536":["https:\/\/infoecos.com.ar\/wp-content\/uploads\/2023\/12\/gabinete-francisco-recoulat-intendente-1536x1023.jpeg",1536,1023,true],"2048x2048":["https:\/\/infoecos.com.ar\/wp-content\/uploads\/2023\/12\/gabinete-francisco-recoulat-intendente.jpeg",1600,1066,false],"covernews-slider-full":["https:\/\/infoecos.com.ar\/wp-content\/uploads\/2023\/12\/gabinete-francisco-recoulat-intendente-1536x1020.jpeg",1077,715,true],"covernews-slider-center":["https:\/\/infoecos.com.ar\/wp-content\/uploads\/2023\/12\/gabinete-francisco-recoulat-intendente-936x897.jpeg",522,500,true],"covernews-featured":["https:\/\/infoecos.com.ar\/wp-content\/uploads\/2023\/12\/gabinete-francisco-recoulat-intendente-1024x682.jpeg",1024,682,true],"covernews-medium":["https:\/\/infoecos.com.ar\/wp-content\/uploads\/2023\/12\/gabinete-francisco-recoulat-intendente-720x380.jpeg",540,285,true],"covernews-medium-square":["https:\/\/infoecos.com.ar\/wp-content\/uploads\/2023\/12\/gabinete-francisco-recoulat-intendente-675x450.jpeg",375,250,true]},"author_info":{"info":["Jorge Matheus"]},"category_info":"<a href=\"https:\/\/infoecos.com.ar\/index.php\/category\/c2nota2\/\" rel=\"category tag\">C2 N2<\/a>","tag_info":"C2 N2","comment_count":"0","_links":{"self":[{"href":"https:\/\/infoecos.com.ar\/index.php\/wp-json\/wp\/v2\/posts\/116001"}],"collection":[{"href":"https:\/\/infoecos.com.ar\/index.php\/wp-json\/wp\/v2\/posts"}],"about":[{"href":"https:\/\/infoecos.com.ar\/index.php\/wp-json\/wp\/v2\/types\/post"}],"author":[{"embeddable":true,"href":"https:\/\/infoecos.com.ar\/index.php\/wp-json\/wp\/v2\/users\/2"}],"replies":[{"embeddable":true,"href":"https:\/\/infoecos.com.ar\/index.php\/wp-json\/wp\/v2\/comments?post=116001"}],"version-history":[{"count":1,"href":"https:\/\/infoecos.com.ar\/index.php\/wp-json\/wp\/v2\/posts\/116001\/revisions"}],"predecessor-version":[{"id":116002,"href":"https:\/\/infoecos.com.ar\/index.php\/wp-json\/wp\/v2\/posts\/116001\/revisions\/116002"}],"wp:featuredmedia":[{"embeddable":true,"href":"https:\/\/infoecos.com.ar\/index.php\/wp-json\/wp\/v2\/media\/115962"}],"wp:attachment":[{"href":"https:\/\/infoecos.com.ar\/index.php\/wp-json\/wp\/v2\/media?parent=116001"}],"wp:term":[{"taxonomy":"category","embeddable":true,"href":"https:\/\/infoecos.com.ar\/index.php\/wp-json\/wp\/v2\/categories?post=116001"},{"taxonomy":"post_tag","embeddable":true,"href":"https:\/\/infoecos.com.ar\/index.php\/wp-json\/wp\/v2\/tags?post=116001"}],"curies":[{"name":"wp","href":"https:\/\/api.w.org\/{rel}","templated":true}]}}