{"id":116017,"date":"2023-12-10T08:16:24","date_gmt":"2023-12-10T11:16:24","guid":{"rendered":"https:\/\/infoecos.com.ar\/?p=116017"},"modified":"2023-12-10T08:16:25","modified_gmt":"2023-12-10T11:16:25","slug":"la-lluvia-y-fuertes-rafagas-de-viento-provocaron-problemas-en-general-villegas","status":"publish","type":"post","link":"https:\/\/infoecos.com.ar\/index.php\/la-lluvia-y-fuertes-rafagas-de-viento-provocaron-problemas-en-general-villegas\/","title":{"rendered":"La lluvia y fuertes r\u00e1fagas de viento provocaron problemas en General Villegas"},"content":{"rendered":"\n<figure class=\"wp-block-image alignright size-full is-resized\"><img loading=\"lazy\" decoding=\"async\" src=\"https:\/\/infoecos.com.ar\/wp-content\/uploads\/2023\/12\/image-32.png\" alt=\"\" class=\"wp-image-116018\" width=\"347\" height=\"168\"\/><\/figure>\n\n\n\n<p>La lluvia y fuertes r\u00e1fagas de viento causaron diferentes problemas en General Villegas.<\/p>\n\n\n\n<p>Dos palmeras de gran tama\u00f1o que sostienen cables de media tensi\u00f3n estuvieron a punto de caer sobre las viviendas en cercan\u00edas del hospital lo que provoc\u00f3 p\u00e1nico en los vecinos.<\/p>\n\n\n\n<p>A su vez otras palmeras quedaron sostenidas por los cables, mientras que en otros casos los cables quedaron en el suelo. Los bomberos acudieron a una vivienda de la calle Belgrano a la que el tanque le cay\u00f3 encima del techo provocando da\u00f1os, y en el barrio El Cicl\u00f3n se levant\u00f3, completo, el techo de una casa.<\/p>\n\n\n\n<figure class=\"wp-block-image alignright size-full is-resized\"><img loading=\"lazy\" decoding=\"async\" src=\"https:\/\/infoecos.com.ar\/wp-content\/uploads\/2023\/12\/image-33.png\" alt=\"\" class=\"wp-image-116019\" width=\"357\" height=\"201\" srcset=\"https:\/\/infoecos.com.ar\/wp-content\/uploads\/2023\/12\/image-33.png 1024w, https:\/\/infoecos.com.ar\/wp-content\/uploads\/2023\/12\/image-33-800x450.png 800w, https:\/\/infoecos.com.ar\/wp-content\/uploads\/2023\/12\/image-33-768x432.png 768w\" sizes=\"(max-width: 357px) 100vw, 357px\" \/><\/figure>\n\n\n\n<p>En la Ruta 188, a la altura de la Difunta Correa cayeron cables y un \u00e1rbol en la plazoleta del barrio El Progreso.<\/p>\n\n\n\n<p>Los da\u00f1os reportados fueron solo en bienes materiales.<\/p>\n\n\n\n<p>Otra de las consecuencias fueron algunos sectores de la ciudad sin servicio el\u00e9ctrico.<\/p>\n","protected":false},"excerpt":{"rendered":"<p>Dos palmeras de gran tama\u00f1o que sostienen cables de media tensi\u00f3n estuvieron a punto de caer sobre las viviendas en cercan\u00edas del hospital<\/p>\n","protected":false},"author":2,"featured_media":116019,"comment_status":"closed","ping_status":"open","sticky":false,"template":"","format":"standard","meta":{"footnotes":""},"categories":[50],"tags":[8147],"class_list":["post-116017","post","type-post","status-publish","format-standard","has-post-thumbnail","hentry","category-c1nota4","tag-la-region-2"],"yoast_head":"<!-- This site is optimized with the Yoast SEO plugin v23.4 - https:\/\/yoast.com\/wordpress\/plugins\/seo\/ -->\n<title>La lluvia y fuertes r\u00e1fagas de viento provocaron problemas en General Villegas - Infoecos<\/title>\n<meta name=\"robots\" content=\"index, follow, max-snippet:-1, max-image-preview:large, max-video-preview:-1\" \/>\n<link rel=\"canonical\" href=\"https:\/\/infoecos.com.ar\/index.php\/la-lluvia-y-fuertes-rafagas-de-viento-provocaron-problemas-en-general-villegas\/\" \/>\n<meta property=\"og:locale\" content=\"es_ES\" \/>\n<meta property=\"og:type\" content=\"article\" \/>\n<meta property=\"og:title\" content=\"La lluvia y fuertes r\u00e1fagas de viento provocaron problemas en General Villegas - Infoecos\" \/>\n<meta property=\"og:description\" content=\"Dos palmeras de gran tama\u00f1o que sostienen cables de media tensi\u00f3n estuvieron a punto de caer sobre las viviendas en cercan\u00edas del hospital\" \/>\n<meta property=\"og:url\" content=\"https:\/\/infoecos.com.ar\/index.php\/la-lluvia-y-fuertes-rafagas-de-viento-provocaron-problemas-en-general-villegas\/\" \/>\n<meta property=\"og:site_name\" content=\"Infoecos\" \/>\n<meta property=\"article:publisher\" content=\"https:\/\/www.facebook.com\/profile.php?id=100063200290284\" \/>\n<meta property=\"article:published_time\" content=\"2023-12-10T11:16:24+00:00\" \/>\n<meta property=\"article:modified_time\" content=\"2023-12-10T11:16:25+00:00\" \/>\n<meta property=\"og:image\" content=\"https:\/\/infoecos.com.ar\/wp-content\/uploads\/2023\/12\/image-33.png\" \/>\n\t<meta property=\"og:image:width\" content=\"1024\" \/>\n\t<meta property=\"og:image:height\" content=\"576\" \/>\n\t<meta property=\"og:image:type\" content=\"image\/png\" \/>\n<meta name=\"author\" content=\"Jorge Matheus\" \/>\n<meta name=\"twitter:card\" content=\"summary_large_image\" \/>\n<meta name=\"twitter:creator\" content=\"@infoecos\" \/>\n<meta name=\"twitter:site\" content=\"@infoecos\" \/>\n<meta name=\"twitter:label1\" content=\"Escrito por\" \/>\n\t<meta name=\"twitter:data1\" content=\"Jorge Matheus\" \/>\n\t<meta name=\"twitter:label2\" content=\"Tiempo de lectura\" \/>\n\t<meta name=\"twitter:data2\" content=\"2 minutos\" \/>\n<script type=\"application\/ld+json\" class=\"yoast-schema-graph\">{\"@context\":\"https:\/\/schema.org\",\"@graph\":[{\"@type\":\"Article\",\"@id\":\"https:\/\/infoecos.com.ar\/index.php\/la-lluvia-y-fuertes-rafagas-de-viento-provocaron-problemas-en-general-villegas\/#article\",\"isPartOf\":{\"@id\":\"https:\/\/infoecos.com.ar\/index.php\/la-lluvia-y-fuertes-rafagas-de-viento-provocaron-problemas-en-general-villegas\/\"},\"author\":{\"name\":\"Jorge Matheus\",\"@id\":\"https:\/\/infoecos.com.ar\/#\/schema\/person\/8f5ace5ce73b4b4aac4b7245aee6f191\"},\"headline\":\"La lluvia y fuertes r\u00e1fagas de viento provocaron problemas en General Villegas\",\"datePublished\":\"2023-12-10T11:16:24+00:00\",\"dateModified\":\"2023-12-10T11:16:25+00:00\",\"mainEntityOfPage\":{\"@id\":\"https:\/\/infoecos.com.ar\/index.php\/la-lluvia-y-fuertes-rafagas-de-viento-provocaron-problemas-en-general-villegas\/\"},\"wordCount\":165,\"publisher\":{\"@id\":\"https:\/\/infoecos.com.ar\/#organization\"},\"image\":{\"@id\":\"https:\/\/infoecos.com.ar\/index.php\/la-lluvia-y-fuertes-rafagas-de-viento-provocaron-problemas-en-general-villegas\/#primaryimage\"},\"thumbnailUrl\":\"https:\/\/infoecos.com.ar\/wp-content\/uploads\/2023\/12\/image-33.png\",\"keywords\":[\"la regi\u00f3n\"],\"articleSection\":[\"C1 N4\"],\"inLanguage\":\"es\"},{\"@type\":\"WebPage\",\"@id\":\"https:\/\/infoecos.com.ar\/index.php\/la-lluvia-y-fuertes-rafagas-de-viento-provocaron-problemas-en-general-villegas\/\",\"url\":\"https:\/\/infoecos.com.ar\/index.php\/la-lluvia-y-fuertes-rafagas-de-viento-provocaron-problemas-en-general-villegas\/\",\"name\":\"La lluvia y fuertes r\u00e1fagas de viento provocaron problemas en General Villegas - Infoecos\",\"isPartOf\":{\"@id\":\"https:\/\/infoecos.com.ar\/#website\"},\"primaryImageOfPage\":{\"@id\":\"https:\/\/infoecos.com.ar\/index.php\/la-lluvia-y-fuertes-rafagas-de-viento-provocaron-problemas-en-general-villegas\/#primaryimage\"},\"image\":{\"@id\":\"https:\/\/infoecos.com.ar\/index.php\/la-lluvia-y-fuertes-rafagas-de-viento-provocaron-problemas-en-general-villegas\/#primaryimage\"},\"thumbnailUrl\":\"https:\/\/infoecos.com.ar\/wp-content\/uploads\/2023\/12\/image-33.png\",\"datePublished\":\"2023-12-10T11:16:24+00:00\",\"dateModified\":\"2023-12-10T11:16:25+00:00\",\"breadcrumb\":{\"@id\":\"https:\/\/infoecos.com.ar\/index.php\/la-lluvia-y-fuertes-rafagas-de-viento-provocaron-problemas-en-general-villegas\/#breadcrumb\"},\"inLanguage\":\"es\",\"potentialAction\":[{\"@type\":\"ReadAction\",\"target\":[\"https:\/\/infoecos.com.ar\/index.php\/la-lluvia-y-fuertes-rafagas-de-viento-provocaron-problemas-en-general-villegas\/\"]}]},{\"@type\":\"ImageObject\",\"inLanguage\":\"es\",\"@id\":\"https:\/\/infoecos.com.ar\/index.php\/la-lluvia-y-fuertes-rafagas-de-viento-provocaron-problemas-en-general-villegas\/#primaryimage\",\"url\":\"https:\/\/infoecos.com.ar\/wp-content\/uploads\/2023\/12\/image-33.png\",\"contentUrl\":\"https:\/\/infoecos.com.ar\/wp-content\/uploads\/2023\/12\/image-33.png\",\"width\":1024,\"height\":576},{\"@type\":\"BreadcrumbList\",\"@id\":\"https:\/\/infoecos.com.ar\/index.php\/la-lluvia-y-fuertes-rafagas-de-viento-provocaron-problemas-en-general-villegas\/#breadcrumb\",\"itemListElement\":[{\"@type\":\"ListItem\",\"position\":1,\"name\":\"Portada\",\"item\":\"https:\/\/infoecos.com.ar\/\"},{\"@type\":\"ListItem\",\"position\":2,\"name\":\"La lluvia y fuertes r\u00e1fagas de viento provocaron problemas en General Villegas\"}]},{\"@type\":\"WebSite\",\"@id\":\"https:\/\/infoecos.com.ar\/#website\",\"url\":\"https:\/\/infoecos.com.ar\/\",\"name\":\"Infoecos\",\"description\":\"Noticias de trenque lauquen y la zona\",\"publisher\":{\"@id\":\"https:\/\/infoecos.com.ar\/#organization\"},\"alternateName\":\"Noticias\",\"potentialAction\":[{\"@type\":\"SearchAction\",\"target\":{\"@type\":\"EntryPoint\",\"urlTemplate\":\"https:\/\/infoecos.com.ar\/?s={search_term_string}\"},\"query-input\":{\"@type\":\"PropertyValueSpecification\",\"valueRequired\":true,\"valueName\":\"search_term_string\"}}],\"inLanguage\":\"es\"},{\"@type\":\"Organization\",\"@id\":\"https:\/\/infoecos.com.ar\/#organization\",\"name\":\"Infoecos\",\"alternateName\":\"Noticias\",\"url\":\"https:\/\/infoecos.com.ar\/\",\"logo\":{\"@type\":\"ImageObject\",\"inLanguage\":\"es\",\"@id\":\"https:\/\/infoecos.com.ar\/#\/schema\/logo\/image\/\",\"url\":\"https:\/\/infoecos.com.ar\/wp-content\/uploads\/2024\/03\/cropped-logo.png\",\"contentUrl\":\"https:\/\/infoecos.com.ar\/wp-content\/uploads\/2024\/03\/cropped-logo.png\",\"width\":374,\"height\":90,\"caption\":\"Infoecos\"},\"image\":{\"@id\":\"https:\/\/infoecos.com.ar\/#\/schema\/logo\/image\/\"},\"sameAs\":[\"https:\/\/www.facebook.com\/profile.php?id=100063200290284\",\"https:\/\/x.com\/infoecos\"]},{\"@type\":\"Person\",\"@id\":\"https:\/\/infoecos.com.ar\/#\/schema\/person\/8f5ace5ce73b4b4aac4b7245aee6f191\",\"name\":\"Jorge Matheus\",\"url\":\"https:\/\/infoecos.com.ar\/index.php\/author\/jomatheus\/\"}]}<\/script>\n<!-- \/ Yoast SEO plugin. -->","yoast_head_json":{"title":"La lluvia y fuertes r\u00e1fagas de viento provocaron problemas en General Villegas - Infoecos","robots":{"index":"index","follow":"follow","max-snippet":"max-snippet:-1","max-image-preview":"max-image-preview:large","max-video-preview":"max-video-preview:-1"},"canonical":"https:\/\/infoecos.com.ar\/index.php\/la-lluvia-y-fuertes-rafagas-de-viento-provocaron-problemas-en-general-villegas\/","og_locale":"es_ES","og_type":"article","og_title":"La lluvia y fuertes r\u00e1fagas de viento provocaron problemas en General Villegas - Infoecos","og_description":"Dos palmeras de gran tama\u00f1o que sostienen cables de media tensi\u00f3n estuvieron a punto de caer sobre las viviendas en cercan\u00edas del hospital","og_url":"https:\/\/infoecos.com.ar\/index.php\/la-lluvia-y-fuertes-rafagas-de-viento-provocaron-problemas-en-general-villegas\/","og_site_name":"Infoecos","article_publisher":"https:\/\/www.facebook.com\/profile.php?id=100063200290284","article_published_time":"2023-12-10T11:16:24+00:00","article_modified_time":"2023-12-10T11:16:25+00:00","og_image":[{"width":1024,"height":576,"url":"https:\/\/infoecos.com.ar\/wp-content\/uploads\/2023\/12\/image-33.png","type":"image\/png"}],"author":"Jorge Matheus","twitter_card":"summary_large_image","twitter_creator":"@infoecos","twitter_site":"@infoecos","twitter_misc":{"Escrito por":"Jorge Matheus","Tiempo de lectura":"2 minutos"},"schema":{"@context":"https:\/\/schema.org","@graph":[{"@type":"Article","@id":"https:\/\/infoecos.com.ar\/index.php\/la-lluvia-y-fuertes-rafagas-de-viento-provocaron-problemas-en-general-villegas\/#article","isPartOf":{"@id":"https:\/\/infoecos.com.ar\/index.php\/la-lluvia-y-fuertes-rafagas-de-viento-provocaron-problemas-en-general-villegas\/"},"author":{"name":"Jorge Matheus","@id":"https:\/\/infoecos.com.ar\/#\/schema\/person\/8f5ace5ce73b4b4aac4b7245aee6f191"},"headline":"La lluvia y fuertes r\u00e1fagas de viento provocaron problemas en General Villegas","datePublished":"2023-12-10T11:16:24+00:00","dateModified":"2023-12-10T11:16:25+00:00","mainEntityOfPage":{"@id":"https:\/\/infoecos.com.ar\/index.php\/la-lluvia-y-fuertes-rafagas-de-viento-provocaron-problemas-en-general-villegas\/"},"wordCount":165,"publisher":{"@id":"https:\/\/infoecos.com.ar\/#organization"},"image":{"@id":"https:\/\/infoecos.com.ar\/index.php\/la-lluvia-y-fuertes-rafagas-de-viento-provocaron-problemas-en-general-villegas\/#primaryimage"},"thumbnailUrl":"https:\/\/infoecos.com.ar\/wp-content\/uploads\/2023\/12\/image-33.png","keywords":["la regi\u00f3n"],"articleSection":["C1 N4"],"inLanguage":"es"},{"@type":"WebPage","@id":"https:\/\/infoecos.com.ar\/index.php\/la-lluvia-y-fuertes-rafagas-de-viento-provocaron-problemas-en-general-villegas\/","url":"https:\/\/infoecos.com.ar\/index.php\/la-lluvia-y-fuertes-rafagas-de-viento-provocaron-problemas-en-general-villegas\/","name":"La lluvia y fuertes r\u00e1fagas de viento provocaron problemas en General Villegas - Infoecos","isPartOf":{"@id":"https:\/\/infoecos.com.ar\/#website"},"primaryImageOfPage":{"@id":"https:\/\/infoecos.com.ar\/index.php\/la-lluvia-y-fuertes-rafagas-de-viento-provocaron-problemas-en-general-villegas\/#primaryimage"},"image":{"@id":"https:\/\/infoecos.com.ar\/index.php\/la-lluvia-y-fuertes-rafagas-de-viento-provocaron-problemas-en-general-villegas\/#primaryimage"},"thumbnailUrl":"https:\/\/infoecos.com.ar\/wp-content\/uploads\/2023\/12\/image-33.png","datePublished":"2023-12-10T11:16:24+00:00","dateModified":"2023-12-10T11:16:25+00:00","breadcrumb":{"@id":"https:\/\/infoecos.com.ar\/index.php\/la-lluvia-y-fuertes-rafagas-de-viento-provocaron-problemas-en-general-villegas\/#breadcrumb"},"inLanguage":"es","potentialAction":[{"@type":"ReadAction","target":["https:\/\/infoecos.com.ar\/index.php\/la-lluvia-y-fuertes-rafagas-de-viento-provocaron-problemas-en-general-villegas\/"]}]},{"@type":"ImageObject","inLanguage":"es","@id":"https:\/\/infoecos.com.ar\/index.php\/la-lluvia-y-fuertes-rafagas-de-viento-provocaron-problemas-en-general-villegas\/#primaryimage","url":"https:\/\/infoecos.com.ar\/wp-content\/uploads\/2023\/12\/image-33.png","contentUrl":"https:\/\/infoecos.com.ar\/wp-content\/uploads\/2023\/12\/image-33.png","width":1024,"height":576},{"@type":"BreadcrumbList","@id":"https:\/\/infoecos.com.ar\/index.php\/la-lluvia-y-fuertes-rafagas-de-viento-provocaron-problemas-en-general-villegas\/#breadcrumb","itemListElement":[{"@type":"ListItem","position":1,"name":"Portada","item":"https:\/\/infoecos.com.ar\/"},{"@type":"ListItem","position":2,"name":"La lluvia y fuertes r\u00e1fagas de viento provocaron problemas en General Villegas"}]},{"@type":"WebSite","@id":"https:\/\/infoecos.com.ar\/#website","url":"https:\/\/infoecos.com.ar\/","name":"Infoecos","description":"Noticias de trenque lauquen y la zona","publisher":{"@id":"https:\/\/infoecos.com.ar\/#organization"},"alternateName":"Noticias","potentialAction":[{"@type":"SearchAction","target":{"@type":"EntryPoint","urlTemplate":"https:\/\/infoecos.com.ar\/?s={search_term_string}"},"query-input":{"@type":"PropertyValueSpecification","valueRequired":true,"valueName":"search_term_string"}}],"inLanguage":"es"},{"@type":"Organization","@id":"https:\/\/infoecos.com.ar\/#organization","name":"Infoecos","alternateName":"Noticias","url":"https:\/\/infoecos.com.ar\/","logo":{"@type":"ImageObject","inLanguage":"es","@id":"https:\/\/infoecos.com.ar\/#\/schema\/logo\/image\/","url":"https:\/\/infoecos.com.ar\/wp-content\/uploads\/2024\/03\/cropped-logo.png","contentUrl":"https:\/\/infoecos.com.ar\/wp-content\/uploads\/2024\/03\/cropped-logo.png","width":374,"height":90,"caption":"Infoecos"},"image":{"@id":"https:\/\/infoecos.com.ar\/#\/schema\/logo\/image\/"},"sameAs":["https:\/\/www.facebook.com\/profile.php?id=100063200290284","https:\/\/x.com\/infoecos"]},{"@type":"Person","@id":"https:\/\/infoecos.com.ar\/#\/schema\/person\/8f5ace5ce73b4b4aac4b7245aee6f191","name":"Jorge Matheus","url":"https:\/\/infoecos.com.ar\/index.php\/author\/jomatheus\/"}]}},"featured_image_urls":{"full":["https:\/\/infoecos.com.ar\/wp-content\/uploads\/2023\/12\/image-33.png",1024,576,false],"thumbnail":["https:\/\/infoecos.com.ar\/wp-content\/uploads\/2023\/12\/image-33-300x150.png",300,150,true],"medium":["https:\/\/infoecos.com.ar\/wp-content\/uploads\/2023\/12\/image-33-800x450.png",800,450,true],"medium_large":["https:\/\/infoecos.com.ar\/wp-content\/uploads\/2023\/12\/image-33-768x432.png",640,360,true],"large":["https:\/\/infoecos.com.ar\/wp-content\/uploads\/2023\/12\/image-33.png",640,360,false],"1536x1536":["https:\/\/infoecos.com.ar\/wp-content\/uploads\/2023\/12\/image-33.png",1024,576,false],"2048x2048":["https:\/\/infoecos.com.ar\/wp-content\/uploads\/2023\/12\/image-33.png",1024,576,false],"covernews-slider-full":["https:\/\/infoecos.com.ar\/wp-content\/uploads\/2023\/12\/image-33.png",1024,576,false],"covernews-slider-center":["https:\/\/infoecos.com.ar\/wp-content\/uploads\/2023\/12\/image-33-936x576.png",800,492,true],"covernews-featured":["https:\/\/infoecos.com.ar\/wp-content\/uploads\/2023\/12\/image-33.png",1024,576,false],"covernews-medium":["https:\/\/infoecos.com.ar\/wp-content\/uploads\/2023\/12\/image-33-720x380.png",540,285,true],"covernews-medium-square":["https:\/\/infoecos.com.ar\/wp-content\/uploads\/2023\/12\/image-33-675x450.png",375,250,true]},"author_info":{"info":["Jorge Matheus"]},"category_info":"<a href=\"https:\/\/infoecos.com.ar\/index.php\/category\/c1nota4\/\" rel=\"category tag\">C1 N4<\/a>","tag_info":"C1 N4","comment_count":"0","_links":{"self":[{"href":"https:\/\/infoecos.com.ar\/index.php\/wp-json\/wp\/v2\/posts\/116017"}],"collection":[{"href":"https:\/\/infoecos.com.ar\/index.php\/wp-json\/wp\/v2\/posts"}],"about":[{"href":"https:\/\/infoecos.com.ar\/index.php\/wp-json\/wp\/v2\/types\/post"}],"author":[{"embeddable":true,"href":"https:\/\/infoecos.com.ar\/index.php\/wp-json\/wp\/v2\/users\/2"}],"replies":[{"embeddable":true,"href":"https:\/\/infoecos.com.ar\/index.php\/wp-json\/wp\/v2\/comments?post=116017"}],"version-history":[{"count":1,"href":"https:\/\/infoecos.com.ar\/index.php\/wp-json\/wp\/v2\/posts\/116017\/revisions"}],"predecessor-version":[{"id":116020,"href":"https:\/\/infoecos.com.ar\/index.php\/wp-json\/wp\/v2\/posts\/116017\/revisions\/116020"}],"wp:featuredmedia":[{"embeddable":true,"href":"https:\/\/infoecos.com.ar\/index.php\/wp-json\/wp\/v2\/media\/116019"}],"wp:attachment":[{"href":"https:\/\/infoecos.com.ar\/index.php\/wp-json\/wp\/v2\/media?parent=116017"}],"wp:term":[{"taxonomy":"category","embeddable":true,"href":"https:\/\/infoecos.com.ar\/index.php\/wp-json\/wp\/v2\/categories?post=116017"},{"taxonomy":"post_tag","embeddable":true,"href":"https:\/\/infoecos.com.ar\/index.php\/wp-json\/wp\/v2\/tags?post=116017"}],"curies":[{"name":"wp","href":"https:\/\/api.w.org\/{rel}","templated":true}]}}