{"id":116056,"date":"2023-12-10T19:12:42","date_gmt":"2023-12-10T22:12:42","guid":{"rendered":"https:\/\/infoecos.com.ar\/?p=116056"},"modified":"2023-12-11T12:04:10","modified_gmt":"2023-12-11T15:04:10","slug":"javier-milei-ya-es-presidente-de-la-nacion","status":"publish","type":"post","link":"https:\/\/infoecos.com.ar\/index.php\/javier-milei-ya-es-presidente-de-la-nacion\/","title":{"rendered":"Javier Milei ya es presidente de la Naci\u00f3n"},"content":{"rendered":"\n<figure class=\"wp-block-image alignright size-full is-resized\"><img loading=\"lazy\" decoding=\"async\" src=\"https:\/\/infoecos.com.ar\/wp-content\/uploads\/2023\/12\/image-43.png\" alt=\"\" class=\"wp-image-116057\" width=\"357\" height=\"238\" srcset=\"https:\/\/infoecos.com.ar\/wp-content\/uploads\/2023\/12\/image-43.png 1440w, https:\/\/infoecos.com.ar\/wp-content\/uploads\/2023\/12\/image-43-800x533.png 800w, https:\/\/infoecos.com.ar\/wp-content\/uploads\/2023\/12\/image-43-768x512.png 768w, https:\/\/infoecos.com.ar\/wp-content\/uploads\/2023\/12\/image-43-1024x683.png 1024w, https:\/\/infoecos.com.ar\/wp-content\/uploads\/2023\/12\/image-43-675x450.png 675w\" sizes=\"(max-width: 357px) 100vw, 357px\" \/><figcaption class=\"wp-element-caption\">Milei<\/figcaption><\/figure>\n\n\n\n<p>Javier Milei se convirti\u00f3 en el Presidente de la Argentina. <\/p>\n\n\n\n<p>Luego de presentarse ante el Congreso, se dirigi\u00f3 a las escalinatas y dio su primer discurso en p\u00fablico como jefe de Estado. Desde all\u00ed dio algunos&nbsp;lineamientos econ\u00f3micos&nbsp;para lo que viene.<\/p>\n\n\n\n<p>\u201cNing\u00fan gobierno ha recibido una herencia peor que la que estamos recibiendo nosotros\u201d, expres\u00f3 Milei y sigui\u00f3: \u201cEl kirchnerismo, que en sus inicios se jactaba de tener super\u00e1vits gemelos, fiscal y externo, hoy nos deja&nbsp;d\u00e9ficits gemelos por 17% del PBI\u201d.<\/p>\n\n\n\n<p>\u201cA su vez, el 15% corresponde al d\u00e9ficit consolidado<strong>&nbsp;<\/strong>entre el Tesoro y el Banco Central<strong>.&nbsp;<\/strong>Por lo tanto, no existe soluci\u00f3n viable en la que se evite atacar el d\u00e9ficit fiscal. Un 5% corresponde al Tesoro y 10% al Banco Central\u201d, explic\u00f3.<\/p>\n\n\n\n<figure class=\"wp-block-image alignright size-full is-resized\"><img loading=\"lazy\" decoding=\"async\" src=\"https:\/\/infoecos.com.ar\/wp-content\/uploads\/2023\/12\/image-44.png\" alt=\"\" class=\"wp-image-116058\" width=\"363\" height=\"204\" srcset=\"https:\/\/infoecos.com.ar\/wp-content\/uploads\/2023\/12\/image-44.png 1440w, https:\/\/infoecos.com.ar\/wp-content\/uploads\/2023\/12\/image-44-800x450.png 800w, https:\/\/infoecos.com.ar\/wp-content\/uploads\/2023\/12\/image-44-768x432.png 768w, https:\/\/infoecos.com.ar\/wp-content\/uploads\/2023\/12\/image-44-1024x576.png 1024w\" sizes=\"(max-width: 363px) 100vw, 363px\" \/><figcaption class=\"wp-element-caption\">Milei presidente<\/figcaption><\/figure>\n\n\n\n<p>Milei se refiri\u00f3 a las medidas que tomar\u00e1 para afrontar este escenario:&nbsp;\u201cLa soluci\u00f3n implica, por un lado, un ajuste fiscal en el sector p\u00fablico de 5 puntos del PBI, que a diferencia del pasado, caer\u00e1 casi totalmente sobre el Estado y no sobre el sector privado\u201d.<\/p>\n\n\n\n<p>\u201cPor otro lado, es necesario&nbsp;limpiar los pasivos remunerados del Banco Central&nbsp;que son responsables de los 10 puntos del d\u00e9ficit. De esta manera se pondr\u00eda fin a la emisi\u00f3n de dinero y con ello a la \u00fanica<strong>&nbsp;<\/strong>causa de la inflaci\u00f3n<strong>&nbsp;<\/strong>emp\u00edricamente cierta y v\u00e1lida en t\u00e9rminos te\u00f3ricos\u201d, indic\u00f3 el libertario.<\/p>\n\n\n\n<p>\u201cLa pol\u00edtica monetaria act\u00faa con un rezago que oscila entre 18 a 24 meses, aun cuando dejemos de emitir dinero seguiremos pagando los costos del desmadre monetario del gobierno saliente.&nbsp;Haber emitido por 20 puntos del PBI no es gratis: lo vamos a pagar en inflaci\u00f3n\u201d.<\/p>\n\n\n\n<p>\u201cA su vez, el<strong>&nbsp;<\/strong>cepo cambiario&nbsp;no solo constituye una pesadilla social y productiva porque implica altas tasas de inter\u00e9s, bajo nivel de actividad y de empleo formal y salarios reales miserables que impulsan el aumento de pobres e indigentes, sino que adem\u00e1s, hoy&nbsp;el sobrante de dinero en la econom\u00eda es el doble del que hab\u00eda en el Rodrigazo, que multiplic\u00f3 por seis la tasa de inflaci\u00f3n<strong>.<\/strong><\/p>\n\n\n\n<figure class=\"wp-block-image alignright size-full is-resized\"><img loading=\"lazy\" decoding=\"async\" src=\"https:\/\/infoecos.com.ar\/wp-content\/uploads\/2023\/12\/image-45.png\" alt=\"\" class=\"wp-image-116059\" width=\"369\" height=\"208\" srcset=\"https:\/\/infoecos.com.ar\/wp-content\/uploads\/2023\/12\/image-45.png 1440w, https:\/\/infoecos.com.ar\/wp-content\/uploads\/2023\/12\/image-45-800x451.png 800w, https:\/\/infoecos.com.ar\/wp-content\/uploads\/2023\/12\/image-45-768x433.png 768w, https:\/\/infoecos.com.ar\/wp-content\/uploads\/2023\/12\/image-45-1024x577.png 1024w\" sizes=\"(max-width: 369px) 100vw, 369px\" \/><figcaption class=\"wp-element-caption\">Milei presidente <\/figcaption><\/figure>\n\n\n\n<p>Inmediatamente, Javier Milei enfatiz\u00f3: \u201cUn evento similar significar\u00eda<strong>&nbsp;<\/strong>multiplicar la tasa de inflaci\u00f3n por 12<strong>&nbsp;<\/strong>y dado que viene viajando a un ritmo del 300%, podr\u00edamos pasar a una<strong>&nbsp;<\/strong>tasa anual del 3600%<strong>.<\/strong>&nbsp;A su vez, dada la situaci\u00f3n de los pasivos remunerados del BCRA, en muy poco tiempo se podr\u00eda cuadriplicar la cantidad de dinero y con eso llevar a la inflaci\u00f3n a niveles del 15.000% anual\u201d.<\/p>\n\n\n\n<p>\u201cEste n\u00famero, que parece un disparate, implica una<strong>&nbsp;inflaci\u00f3n del 52% mensual<\/strong>, mientras que hoy mismo viaja a un ritmo que oscilan entre&nbsp;<strong>el 20% y el 40% mensual&nbsp;<\/strong>para los meses entre diciembre y febrero\u201d.<\/p>\n\n\n\n<p>\u201cEl gobierno saliente nos dej\u00f3 plantada una&nbsp;<strong>hiperinflaci\u00f3n&nbsp;<\/strong>y es nuestra m\u00e1xima prioridad hacer todos los esfuerzos para evitar semejante cat\u00e1strofe que llevar\u00eda a la pobreza por encima del 90% y la indigencia por encima del 50%. No hay soluci\u00f3n alternativa al ajuste\u201d, argument\u00f3 el Presidente.<\/p>\n\n\n\n<p>\u201cEste n\u00famero, que parece un disparate, implica una<strong>&nbsp;inflaci\u00f3n del 52% mensual<\/strong>, mientras que hoy mismo viaja a un ritmo que oscilan entre&nbsp;<strong>el 20% y el 40% mensual&nbsp;<\/strong>para los meses entre diciembre y febrero\u201d.<\/p>\n\n\n\n<figure class=\"wp-block-image alignright size-full is-resized\"><img loading=\"lazy\" decoding=\"async\" src=\"https:\/\/infoecos.com.ar\/wp-content\/uploads\/2023\/12\/image-46.png\" alt=\"\" class=\"wp-image-116060\" width=\"335\" height=\"223\" srcset=\"https:\/\/infoecos.com.ar\/wp-content\/uploads\/2023\/12\/image-46.png 1440w, https:\/\/infoecos.com.ar\/wp-content\/uploads\/2023\/12\/image-46-800x533.png 800w, https:\/\/infoecos.com.ar\/wp-content\/uploads\/2023\/12\/image-46-768x512.png 768w, https:\/\/infoecos.com.ar\/wp-content\/uploads\/2023\/12\/image-46-1024x683.png 1024w, https:\/\/infoecos.com.ar\/wp-content\/uploads\/2023\/12\/image-46-675x450.png 675w\" sizes=\"(max-width: 335px) 100vw, 335px\" \/><figcaption class=\"wp-element-caption\">Milei presidente<\/figcaption><\/figure>\n\n\n\n<p>\u201cLa herencia no termina ah\u00ed\u201d, dijo Milei al comp\u00e1s de los c\u00e1nticos de la militancia. \u201cLos<strong>&nbsp;desequilibrios en tarifas&nbsp;<\/strong>son solo equiparables al desastre que dej\u00f3 el kirchnerismo en el 2015. En el plano cambiario la brecha oscila entre el 150% y 200%\u201d, apunt\u00f3.<\/p>\n\n\n\n<p>La deuda con importadores, seg\u00fan Milei, \u201csupera los&nbsp;<strong>US$30.000 millones<\/strong>&nbsp;y las utilidades retenidas a las empresas extranjeras alcanzan los&nbsp;<strong>US$10.000 millones<\/strong>. La deuda del BCRA e YPF suman US$25.000 millones y la deuda del Tesoro suma US$35.000 millones adicionales. La bomba de deuda asciende a US$100.000 millones que habr\u00e1 que sumar a los US$420.000 millones de deuda existente\u201d.<\/p>\n\n\n\n<p>\u201cLa conclusi\u00f3n es que&nbsp;<strong>no hay alternativa al ajuste y el shock<\/strong>. Eso impactar\u00e1 de modo negativo sobre el nivel de actividad, el empleo, los salarios reales y la cantidad de pobres e indigentes.<strong>&nbsp;Habr\u00e1 estanflaci\u00f3n<\/strong>, es cierto, pero no es algo muy distinto a lo que ha pasado en los \u00faltimos 12 a\u00f1os, con una ca\u00edda del 15% del PBI per c\u00e1pita. Hace m\u00e1s de una d\u00e9cada que vivimos en estanflaci\u00f3n y este&nbsp;<strong>es el \u00faltimo mal trago&nbsp;<\/strong>para comenzar la reconstrucci\u00f3n argentina\u201d, sostuvo el l\u00edder de La Libertad Avanza.<\/p>\n\n\n\n<p><strong>Fuente period\u00edstica: Tn.com.ar<\/strong><\/p>\n","protected":false},"excerpt":{"rendered":"<p>Luego de presentarse ante el Congreso, se dirigi\u00f3 a las escalinatas y dio su primer discurso en p\u00fablico como jefe de Estado. Desde all\u00ed dio algunos\u00a0lineamientos econ\u00f3micos\u00a0para lo que viene<\/p>\n","protected":false},"author":2,"featured_media":116058,"comment_status":"closed","ping_status":"open","sticky":false,"template":"","format":"standard","meta":{"footnotes":""},"categories":[1341],"tags":[9684],"class_list":["post-116056","post","type-post","status-publish","format-standard","has-post-thumbnail","hentry","category-c1nota7","tag-llego-la-hora-de-la-verdad"],"yoast_head":"<!-- This site is optimized with the Yoast SEO plugin v23.4 - https:\/\/yoast.com\/wordpress\/plugins\/seo\/ -->\n<title>Javier Milei ya es presidente de la Naci\u00f3n - Infoecos<\/title>\n<meta name=\"robots\" content=\"index, follow, max-snippet:-1, max-image-preview:large, max-video-preview:-1\" \/>\n<link rel=\"canonical\" href=\"https:\/\/infoecos.com.ar\/index.php\/javier-milei-ya-es-presidente-de-la-nacion\/\" \/>\n<meta property=\"og:locale\" content=\"es_ES\" \/>\n<meta property=\"og:type\" content=\"article\" \/>\n<meta property=\"og:title\" content=\"Javier Milei ya es presidente de la Naci\u00f3n - Infoecos\" \/>\n<meta property=\"og:description\" content=\"Luego de presentarse ante el Congreso, se dirigi\u00f3 a las escalinatas y dio su primer discurso en p\u00fablico como jefe de Estado. Desde all\u00ed dio algunos\u00a0lineamientos econ\u00f3micos\u00a0para lo que viene\" \/>\n<meta property=\"og:url\" content=\"https:\/\/infoecos.com.ar\/index.php\/javier-milei-ya-es-presidente-de-la-nacion\/\" \/>\n<meta property=\"og:site_name\" content=\"Infoecos\" \/>\n<meta property=\"article:publisher\" content=\"https:\/\/www.facebook.com\/profile.php?id=100063200290284\" \/>\n<meta property=\"article:published_time\" content=\"2023-12-10T22:12:42+00:00\" \/>\n<meta property=\"article:modified_time\" content=\"2023-12-11T15:04:10+00:00\" \/>\n<meta property=\"og:image\" content=\"https:\/\/infoecos.com.ar\/wp-content\/uploads\/2023\/12\/image-44.png\" \/>\n\t<meta property=\"og:image:width\" content=\"1440\" \/>\n\t<meta property=\"og:image:height\" content=\"810\" \/>\n\t<meta property=\"og:image:type\" content=\"image\/png\" \/>\n<meta name=\"author\" content=\"Jorge Matheus\" \/>\n<meta name=\"twitter:card\" content=\"summary_large_image\" \/>\n<meta name=\"twitter:creator\" content=\"@infoecos\" \/>\n<meta name=\"twitter:site\" content=\"@infoecos\" \/>\n<meta name=\"twitter:label1\" content=\"Escrito por\" \/>\n\t<meta name=\"twitter:data1\" content=\"Jorge Matheus\" \/>\n\t<meta name=\"twitter:label2\" content=\"Tiempo de lectura\" \/>\n\t<meta name=\"twitter:data2\" content=\"5 minutos\" \/>\n<script type=\"application\/ld+json\" class=\"yoast-schema-graph\">{\"@context\":\"https:\/\/schema.org\",\"@graph\":[{\"@type\":\"Article\",\"@id\":\"https:\/\/infoecos.com.ar\/index.php\/javier-milei-ya-es-presidente-de-la-nacion\/#article\",\"isPartOf\":{\"@id\":\"https:\/\/infoecos.com.ar\/index.php\/javier-milei-ya-es-presidente-de-la-nacion\/\"},\"author\":{\"name\":\"Jorge Matheus\",\"@id\":\"https:\/\/infoecos.com.ar\/#\/schema\/person\/8f5ace5ce73b4b4aac4b7245aee6f191\"},\"headline\":\"Javier Milei ya es presidente de la Naci\u00f3n\",\"datePublished\":\"2023-12-10T22:12:42+00:00\",\"dateModified\":\"2023-12-11T15:04:10+00:00\",\"mainEntityOfPage\":{\"@id\":\"https:\/\/infoecos.com.ar\/index.php\/javier-milei-ya-es-presidente-de-la-nacion\/\"},\"wordCount\":804,\"publisher\":{\"@id\":\"https:\/\/infoecos.com.ar\/#organization\"},\"image\":{\"@id\":\"https:\/\/infoecos.com.ar\/index.php\/javier-milei-ya-es-presidente-de-la-nacion\/#primaryimage\"},\"thumbnailUrl\":\"https:\/\/infoecos.com.ar\/wp-content\/uploads\/2023\/12\/image-44.png\",\"keywords\":[\"lleg\u00f3 la hora de la verdad\"],\"articleSection\":[\"C1 nota 7\"],\"inLanguage\":\"es\"},{\"@type\":\"WebPage\",\"@id\":\"https:\/\/infoecos.com.ar\/index.php\/javier-milei-ya-es-presidente-de-la-nacion\/\",\"url\":\"https:\/\/infoecos.com.ar\/index.php\/javier-milei-ya-es-presidente-de-la-nacion\/\",\"name\":\"Javier Milei ya es presidente de la Naci\u00f3n - Infoecos\",\"isPartOf\":{\"@id\":\"https:\/\/infoecos.com.ar\/#website\"},\"primaryImageOfPage\":{\"@id\":\"https:\/\/infoecos.com.ar\/index.php\/javier-milei-ya-es-presidente-de-la-nacion\/#primaryimage\"},\"image\":{\"@id\":\"https:\/\/infoecos.com.ar\/index.php\/javier-milei-ya-es-presidente-de-la-nacion\/#primaryimage\"},\"thumbnailUrl\":\"https:\/\/infoecos.com.ar\/wp-content\/uploads\/2023\/12\/image-44.png\",\"datePublished\":\"2023-12-10T22:12:42+00:00\",\"dateModified\":\"2023-12-11T15:04:10+00:00\",\"breadcrumb\":{\"@id\":\"https:\/\/infoecos.com.ar\/index.php\/javier-milei-ya-es-presidente-de-la-nacion\/#breadcrumb\"},\"inLanguage\":\"es\",\"potentialAction\":[{\"@type\":\"ReadAction\",\"target\":[\"https:\/\/infoecos.com.ar\/index.php\/javier-milei-ya-es-presidente-de-la-nacion\/\"]}]},{\"@type\":\"ImageObject\",\"inLanguage\":\"es\",\"@id\":\"https:\/\/infoecos.com.ar\/index.php\/javier-milei-ya-es-presidente-de-la-nacion\/#primaryimage\",\"url\":\"https:\/\/infoecos.com.ar\/wp-content\/uploads\/2023\/12\/image-44.png\",\"contentUrl\":\"https:\/\/infoecos.com.ar\/wp-content\/uploads\/2023\/12\/image-44.png\",\"width\":1440,\"height\":810},{\"@type\":\"BreadcrumbList\",\"@id\":\"https:\/\/infoecos.com.ar\/index.php\/javier-milei-ya-es-presidente-de-la-nacion\/#breadcrumb\",\"itemListElement\":[{\"@type\":\"ListItem\",\"position\":1,\"name\":\"Portada\",\"item\":\"https:\/\/infoecos.com.ar\/\"},{\"@type\":\"ListItem\",\"position\":2,\"name\":\"Javier Milei ya es presidente de la Naci\u00f3n\"}]},{\"@type\":\"WebSite\",\"@id\":\"https:\/\/infoecos.com.ar\/#website\",\"url\":\"https:\/\/infoecos.com.ar\/\",\"name\":\"Infoecos\",\"description\":\"Noticias de trenque lauquen y la zona\",\"publisher\":{\"@id\":\"https:\/\/infoecos.com.ar\/#organization\"},\"alternateName\":\"Noticias\",\"potentialAction\":[{\"@type\":\"SearchAction\",\"target\":{\"@type\":\"EntryPoint\",\"urlTemplate\":\"https:\/\/infoecos.com.ar\/?s={search_term_string}\"},\"query-input\":{\"@type\":\"PropertyValueSpecification\",\"valueRequired\":true,\"valueName\":\"search_term_string\"}}],\"inLanguage\":\"es\"},{\"@type\":\"Organization\",\"@id\":\"https:\/\/infoecos.com.ar\/#organization\",\"name\":\"Infoecos\",\"alternateName\":\"Noticias\",\"url\":\"https:\/\/infoecos.com.ar\/\",\"logo\":{\"@type\":\"ImageObject\",\"inLanguage\":\"es\",\"@id\":\"https:\/\/infoecos.com.ar\/#\/schema\/logo\/image\/\",\"url\":\"https:\/\/infoecos.com.ar\/wp-content\/uploads\/2024\/03\/cropped-logo.png\",\"contentUrl\":\"https:\/\/infoecos.com.ar\/wp-content\/uploads\/2024\/03\/cropped-logo.png\",\"width\":374,\"height\":90,\"caption\":\"Infoecos\"},\"image\":{\"@id\":\"https:\/\/infoecos.com.ar\/#\/schema\/logo\/image\/\"},\"sameAs\":[\"https:\/\/www.facebook.com\/profile.php?id=100063200290284\",\"https:\/\/x.com\/infoecos\"]},{\"@type\":\"Person\",\"@id\":\"https:\/\/infoecos.com.ar\/#\/schema\/person\/8f5ace5ce73b4b4aac4b7245aee6f191\",\"name\":\"Jorge Matheus\",\"url\":\"https:\/\/infoecos.com.ar\/index.php\/author\/jomatheus\/\"}]}<\/script>\n<!-- \/ Yoast SEO plugin. -->","yoast_head_json":{"title":"Javier Milei ya es presidente de la Naci\u00f3n - Infoecos","robots":{"index":"index","follow":"follow","max-snippet":"max-snippet:-1","max-image-preview":"max-image-preview:large","max-video-preview":"max-video-preview:-1"},"canonical":"https:\/\/infoecos.com.ar\/index.php\/javier-milei-ya-es-presidente-de-la-nacion\/","og_locale":"es_ES","og_type":"article","og_title":"Javier Milei ya es presidente de la Naci\u00f3n - Infoecos","og_description":"Luego de presentarse ante el Congreso, se dirigi\u00f3 a las escalinatas y dio su primer discurso en p\u00fablico como jefe de Estado. Desde all\u00ed dio algunos\u00a0lineamientos econ\u00f3micos\u00a0para lo que viene","og_url":"https:\/\/infoecos.com.ar\/index.php\/javier-milei-ya-es-presidente-de-la-nacion\/","og_site_name":"Infoecos","article_publisher":"https:\/\/www.facebook.com\/profile.php?id=100063200290284","article_published_time":"2023-12-10T22:12:42+00:00","article_modified_time":"2023-12-11T15:04:10+00:00","og_image":[{"width":1440,"height":810,"url":"https:\/\/infoecos.com.ar\/wp-content\/uploads\/2023\/12\/image-44.png","type":"image\/png"}],"author":"Jorge Matheus","twitter_card":"summary_large_image","twitter_creator":"@infoecos","twitter_site":"@infoecos","twitter_misc":{"Escrito por":"Jorge Matheus","Tiempo de lectura":"5 minutos"},"schema":{"@context":"https:\/\/schema.org","@graph":[{"@type":"Article","@id":"https:\/\/infoecos.com.ar\/index.php\/javier-milei-ya-es-presidente-de-la-nacion\/#article","isPartOf":{"@id":"https:\/\/infoecos.com.ar\/index.php\/javier-milei-ya-es-presidente-de-la-nacion\/"},"author":{"name":"Jorge Matheus","@id":"https:\/\/infoecos.com.ar\/#\/schema\/person\/8f5ace5ce73b4b4aac4b7245aee6f191"},"headline":"Javier Milei ya es presidente de la Naci\u00f3n","datePublished":"2023-12-10T22:12:42+00:00","dateModified":"2023-12-11T15:04:10+00:00","mainEntityOfPage":{"@id":"https:\/\/infoecos.com.ar\/index.php\/javier-milei-ya-es-presidente-de-la-nacion\/"},"wordCount":804,"publisher":{"@id":"https:\/\/infoecos.com.ar\/#organization"},"image":{"@id":"https:\/\/infoecos.com.ar\/index.php\/javier-milei-ya-es-presidente-de-la-nacion\/#primaryimage"},"thumbnailUrl":"https:\/\/infoecos.com.ar\/wp-content\/uploads\/2023\/12\/image-44.png","keywords":["lleg\u00f3 la hora de la verdad"],"articleSection":["C1 nota 7"],"inLanguage":"es"},{"@type":"WebPage","@id":"https:\/\/infoecos.com.ar\/index.php\/javier-milei-ya-es-presidente-de-la-nacion\/","url":"https:\/\/infoecos.com.ar\/index.php\/javier-milei-ya-es-presidente-de-la-nacion\/","name":"Javier Milei ya es presidente de la Naci\u00f3n - Infoecos","isPartOf":{"@id":"https:\/\/infoecos.com.ar\/#website"},"primaryImageOfPage":{"@id":"https:\/\/infoecos.com.ar\/index.php\/javier-milei-ya-es-presidente-de-la-nacion\/#primaryimage"},"image":{"@id":"https:\/\/infoecos.com.ar\/index.php\/javier-milei-ya-es-presidente-de-la-nacion\/#primaryimage"},"thumbnailUrl":"https:\/\/infoecos.com.ar\/wp-content\/uploads\/2023\/12\/image-44.png","datePublished":"2023-12-10T22:12:42+00:00","dateModified":"2023-12-11T15:04:10+00:00","breadcrumb":{"@id":"https:\/\/infoecos.com.ar\/index.php\/javier-milei-ya-es-presidente-de-la-nacion\/#breadcrumb"},"inLanguage":"es","potentialAction":[{"@type":"ReadAction","target":["https:\/\/infoecos.com.ar\/index.php\/javier-milei-ya-es-presidente-de-la-nacion\/"]}]},{"@type":"ImageObject","inLanguage":"es","@id":"https:\/\/infoecos.com.ar\/index.php\/javier-milei-ya-es-presidente-de-la-nacion\/#primaryimage","url":"https:\/\/infoecos.com.ar\/wp-content\/uploads\/2023\/12\/image-44.png","contentUrl":"https:\/\/infoecos.com.ar\/wp-content\/uploads\/2023\/12\/image-44.png","width":1440,"height":810},{"@type":"BreadcrumbList","@id":"https:\/\/infoecos.com.ar\/index.php\/javier-milei-ya-es-presidente-de-la-nacion\/#breadcrumb","itemListElement":[{"@type":"ListItem","position":1,"name":"Portada","item":"https:\/\/infoecos.com.ar\/"},{"@type":"ListItem","position":2,"name":"Javier Milei ya es presidente de la Naci\u00f3n"}]},{"@type":"WebSite","@id":"https:\/\/infoecos.com.ar\/#website","url":"https:\/\/infoecos.com.ar\/","name":"Infoecos","description":"Noticias de trenque lauquen y la zona","publisher":{"@id":"https:\/\/infoecos.com.ar\/#organization"},"alternateName":"Noticias","potentialAction":[{"@type":"SearchAction","target":{"@type":"EntryPoint","urlTemplate":"https:\/\/infoecos.com.ar\/?s={search_term_string}"},"query-input":{"@type":"PropertyValueSpecification","valueRequired":true,"valueName":"search_term_string"}}],"inLanguage":"es"},{"@type":"Organization","@id":"https:\/\/infoecos.com.ar\/#organization","name":"Infoecos","alternateName":"Noticias","url":"https:\/\/infoecos.com.ar\/","logo":{"@type":"ImageObject","inLanguage":"es","@id":"https:\/\/infoecos.com.ar\/#\/schema\/logo\/image\/","url":"https:\/\/infoecos.com.ar\/wp-content\/uploads\/2024\/03\/cropped-logo.png","contentUrl":"https:\/\/infoecos.com.ar\/wp-content\/uploads\/2024\/03\/cropped-logo.png","width":374,"height":90,"caption":"Infoecos"},"image":{"@id":"https:\/\/infoecos.com.ar\/#\/schema\/logo\/image\/"},"sameAs":["https:\/\/www.facebook.com\/profile.php?id=100063200290284","https:\/\/x.com\/infoecos"]},{"@type":"Person","@id":"https:\/\/infoecos.com.ar\/#\/schema\/person\/8f5ace5ce73b4b4aac4b7245aee6f191","name":"Jorge Matheus","url":"https:\/\/infoecos.com.ar\/index.php\/author\/jomatheus\/"}]}},"featured_image_urls":{"full":["https:\/\/infoecos.com.ar\/wp-content\/uploads\/2023\/12\/image-44.png",1440,810,false],"thumbnail":["https:\/\/infoecos.com.ar\/wp-content\/uploads\/2023\/12\/image-44-300x150.png",300,150,true],"medium":["https:\/\/infoecos.com.ar\/wp-content\/uploads\/2023\/12\/image-44-800x450.png",800,450,true],"medium_large":["https:\/\/infoecos.com.ar\/wp-content\/uploads\/2023\/12\/image-44-768x432.png",640,360,true],"large":["https:\/\/infoecos.com.ar\/wp-content\/uploads\/2023\/12\/image-44.png",640,360,false],"1536x1536":["https:\/\/infoecos.com.ar\/wp-content\/uploads\/2023\/12\/image-44.png",1440,810,false],"2048x2048":["https:\/\/infoecos.com.ar\/wp-content\/uploads\/2023\/12\/image-44.png",1440,810,false],"covernews-slider-full":["https:\/\/infoecos.com.ar\/wp-content\/uploads\/2023\/12\/image-44.png",1115,627,false],"covernews-slider-center":["https:\/\/infoecos.com.ar\/wp-content\/uploads\/2023\/12\/image-44-936x810.png",578,500,true],"covernews-featured":["https:\/\/infoecos.com.ar\/wp-content\/uploads\/2023\/12\/image-44-1024x576.png",1024,576,true],"covernews-medium":["https:\/\/infoecos.com.ar\/wp-content\/uploads\/2023\/12\/image-44-720x380.png",540,285,true],"covernews-medium-square":["https:\/\/infoecos.com.ar\/wp-content\/uploads\/2023\/12\/image-44-675x450.png",375,250,true]},"author_info":{"info":["Jorge Matheus"]},"category_info":"<a href=\"https:\/\/infoecos.com.ar\/index.php\/category\/c1nota7\/\" rel=\"category tag\">C1 nota 7<\/a>","tag_info":"C1 nota 7","comment_count":"0","_links":{"self":[{"href":"https:\/\/infoecos.com.ar\/index.php\/wp-json\/wp\/v2\/posts\/116056"}],"collection":[{"href":"https:\/\/infoecos.com.ar\/index.php\/wp-json\/wp\/v2\/posts"}],"about":[{"href":"https:\/\/infoecos.com.ar\/index.php\/wp-json\/wp\/v2\/types\/post"}],"author":[{"embeddable":true,"href":"https:\/\/infoecos.com.ar\/index.php\/wp-json\/wp\/v2\/users\/2"}],"replies":[{"embeddable":true,"href":"https:\/\/infoecos.com.ar\/index.php\/wp-json\/wp\/v2\/comments?post=116056"}],"version-history":[{"count":2,"href":"https:\/\/infoecos.com.ar\/index.php\/wp-json\/wp\/v2\/posts\/116056\/revisions"}],"predecessor-version":[{"id":116066,"href":"https:\/\/infoecos.com.ar\/index.php\/wp-json\/wp\/v2\/posts\/116056\/revisions\/116066"}],"wp:featuredmedia":[{"embeddable":true,"href":"https:\/\/infoecos.com.ar\/index.php\/wp-json\/wp\/v2\/media\/116058"}],"wp:attachment":[{"href":"https:\/\/infoecos.com.ar\/index.php\/wp-json\/wp\/v2\/media?parent=116056"}],"wp:term":[{"taxonomy":"category","embeddable":true,"href":"https:\/\/infoecos.com.ar\/index.php\/wp-json\/wp\/v2\/categories?post=116056"},{"taxonomy":"post_tag","embeddable":true,"href":"https:\/\/infoecos.com.ar\/index.php\/wp-json\/wp\/v2\/tags?post=116056"}],"curies":[{"name":"wp","href":"https:\/\/api.w.org\/{rel}","templated":true}]}}