{"id":116068,"date":"2023-12-11T10:03:37","date_gmt":"2023-12-11T13:03:37","guid":{"rendered":"https:\/\/infoecos.com.ar\/?p=116068"},"modified":"2023-12-15T00:12:26","modified_gmt":"2023-12-15T03:12:26","slug":"gustavo-coco-bories-el-lider-de-libertad-avanza-en-trenque-lauquen-en-la-asuncion-de-milei","status":"publish","type":"post","link":"https:\/\/infoecos.com.ar\/index.php\/gustavo-coco-bories-el-lider-de-libertad-avanza-en-trenque-lauquen-en-la-asuncion-de-milei\/","title":{"rendered":"Gustavo \u00abCoco\u00bb Bories, de Libertad Avanza  Trenque Lauquen, en la asunci\u00f3n de Milei"},"content":{"rendered":"\n<p>Gustavo \u00abCoco\u00bb Bories, el dirigente pol\u00edtico de mayor crecimiento exponencial en el electorado de Trenque Lauquen, hizo su \u00abdebut\u00bb en las grandes ligas del ahora oficialismo, la Libertad Avanza.<\/p>\n\n\n\n<figure class=\"wp-block-gallery has-nested-images columns-default is-cropped wp-block-gallery-1 is-layout-flex wp-block-gallery-is-layout-flex\">\n<figure class=\"wp-block-image size-large\"><img loading=\"lazy\" decoding=\"async\" width=\"720\" height=\"960\" data-id=\"116095\" src=\"https:\/\/infoecos.com.ar\/wp-content\/uploads\/2023\/12\/boriesconmondino-2.jpg\" alt=\"\" class=\"wp-image-116095\" srcset=\"https:\/\/infoecos.com.ar\/wp-content\/uploads\/2023\/12\/boriesconmondino-2.jpg 720w, https:\/\/infoecos.com.ar\/wp-content\/uploads\/2023\/12\/boriesconmondino-2-600x800.jpg 600w\" sizes=\"(max-width: 720px) 100vw, 720px\" \/><\/figure>\n\n\n\n<figure class=\"wp-block-image size-large\"><img loading=\"lazy\" decoding=\"async\" width=\"1200\" height=\"1600\" data-id=\"116098\" src=\"https:\/\/infoecos.com.ar\/wp-content\/uploads\/2023\/12\/boriesconvillaruel-2.jpg\" alt=\"\" class=\"wp-image-116098\" srcset=\"https:\/\/infoecos.com.ar\/wp-content\/uploads\/2023\/12\/boriesconvillaruel-2.jpg 1200w, https:\/\/infoecos.com.ar\/wp-content\/uploads\/2023\/12\/boriesconvillaruel-2-600x800.jpg 600w, https:\/\/infoecos.com.ar\/wp-content\/uploads\/2023\/12\/boriesconvillaruel-2-768x1024.jpg 768w, https:\/\/infoecos.com.ar\/wp-content\/uploads\/2023\/12\/boriesconvillaruel-2-1152x1536.jpg 1152w, https:\/\/infoecos.com.ar\/wp-content\/uploads\/2023\/12\/boriesconvillaruel-2-1024x1365.jpg 1024w\" sizes=\"(max-width: 1200px) 100vw, 1200px\" \/><\/figure>\n\n\n\n<figure class=\"wp-block-image size-large\"><img loading=\"lazy\" decoding=\"async\" width=\"960\" height=\"720\" data-id=\"116097\" src=\"https:\/\/infoecos.com.ar\/wp-content\/uploads\/2023\/12\/boriesenelcolonb-1.jpg\" alt=\"\" class=\"wp-image-116097\" srcset=\"https:\/\/infoecos.com.ar\/wp-content\/uploads\/2023\/12\/boriesenelcolonb-1.jpg 960w, https:\/\/infoecos.com.ar\/wp-content\/uploads\/2023\/12\/boriesenelcolonb-1-800x600.jpg 800w, https:\/\/infoecos.com.ar\/wp-content\/uploads\/2023\/12\/boriesenelcolonb-1-768x576.jpg 768w\" sizes=\"(max-width: 960px) 100vw, 960px\" \/><\/figure>\n\n\n\n<figure class=\"wp-block-image size-large\"><img loading=\"lazy\" decoding=\"async\" width=\"843\" height=\"1124\" data-id=\"116096\" src=\"https:\/\/infoecos.com.ar\/wp-content\/uploads\/2023\/12\/boriesenelcongresonacional-1.jpg\" alt=\"\" class=\"wp-image-116096\" srcset=\"https:\/\/infoecos.com.ar\/wp-content\/uploads\/2023\/12\/boriesenelcongresonacional-1.jpg 843w, https:\/\/infoecos.com.ar\/wp-content\/uploads\/2023\/12\/boriesenelcongresonacional-1-600x800.jpg 600w, https:\/\/infoecos.com.ar\/wp-content\/uploads\/2023\/12\/boriesenelcongresonacional-1-768x1024.jpg 768w\" sizes=\"(max-width: 843px) 100vw, 843px\" \/><\/figure>\n<\/figure>\n\n\n\n<p>Bories que a partir de hoy se desempe\u00f1ar\u00e1 oficialmente como concejal de la corriente que lidera el presidente de la Naci\u00f3n, Javier Milei, particip\u00f3 ayer de los actos que se desarrollaron en la Ciudad Aut\u00f3noma de Buenos Aires.<\/p>\n\n\n\n<p>El propio conductor del espacio pol\u00edtico en el distrito difundi\u00f3 la asistencia la ceremonia de asunci\u00f3n del nuevo Jefe de Estado, realizada en el Congreso Nacional, y luego las fotos con dirigentes en la gala del Teatro Col\u00f3n.<\/p>\n\n\n\n<p><\/p>\n\n\n\n<p><\/p>\n\n\n\n<p><\/p>\n\n\n\n<figure class=\"wp-block-gallery has-nested-images columns-default is-cropped wp-block-gallery-2 is-layout-flex wp-block-gallery-is-layout-flex\"><\/figure>\n","protected":false},"excerpt":{"rendered":"<p>El propio conductor del espacio pol\u00edtico en el distrito difundi\u00f3 en sus cuentas de las redes sociales la asistencia la ceremonia de asunci\u00f3n del nuevo Jefe de Estado, realizada en el Congreso Nacional y luego las fotos con dirigentes en la gala del Teatro Col\u00f3n<\/p>\n","protected":false},"author":2,"featured_media":116076,"comment_status":"closed","ping_status":"open","sticky":false,"template":"","format":"standard","meta":{"footnotes":""},"categories":[1333],"tags":[9685],"class_list":["post-116068","post","type-post","status-publish","format-standard","has-post-thumbnail","hentry","category-inferior13","tag-congreso-nacional-y-teatro-colon"],"yoast_head":"<!-- This site is optimized with the Yoast SEO plugin v23.4 - https:\/\/yoast.com\/wordpress\/plugins\/seo\/ -->\n<title>Gustavo &quot;Coco&quot; Bories, de Libertad Avanza Trenque Lauquen, en la asunci\u00f3n de Milei - Infoecos<\/title>\n<meta name=\"robots\" content=\"index, follow, max-snippet:-1, max-image-preview:large, max-video-preview:-1\" \/>\n<link rel=\"canonical\" href=\"https:\/\/infoecos.com.ar\/index.php\/gustavo-coco-bories-el-lider-de-libertad-avanza-en-trenque-lauquen-en-la-asuncion-de-milei\/\" \/>\n<meta property=\"og:locale\" content=\"es_ES\" \/>\n<meta property=\"og:type\" content=\"article\" \/>\n<meta property=\"og:title\" content=\"Gustavo &quot;Coco&quot; Bories, de Libertad Avanza Trenque Lauquen, en la asunci\u00f3n de Milei - Infoecos\" \/>\n<meta property=\"og:description\" content=\"El propio conductor del espacio pol\u00edtico en el distrito difundi\u00f3 en sus cuentas de las redes sociales la asistencia la ceremonia de asunci\u00f3n del nuevo Jefe de Estado, realizada en el Congreso Nacional y luego las fotos con dirigentes en la gala del Teatro Col\u00f3n\" \/>\n<meta property=\"og:url\" content=\"https:\/\/infoecos.com.ar\/index.php\/gustavo-coco-bories-el-lider-de-libertad-avanza-en-trenque-lauquen-en-la-asuncion-de-milei\/\" \/>\n<meta property=\"og:site_name\" content=\"Infoecos\" \/>\n<meta property=\"article:publisher\" content=\"https:\/\/www.facebook.com\/profile.php?id=100063200290284\" \/>\n<meta property=\"article:published_time\" content=\"2023-12-11T13:03:37+00:00\" \/>\n<meta property=\"article:modified_time\" content=\"2023-12-15T03:12:26+00:00\" \/>\n<meta property=\"og:image\" content=\"https:\/\/infoecos.com.ar\/wp-content\/uploads\/2023\/12\/boriesvillaruelllllllll.jpg\" \/>\n\t<meta property=\"og:image:width\" content=\"443\" \/>\n\t<meta property=\"og:image:height\" content=\"263\" \/>\n\t<meta property=\"og:image:type\" content=\"image\/jpeg\" \/>\n<meta name=\"author\" content=\"Jorge Matheus\" \/>\n<meta name=\"twitter:card\" content=\"summary_large_image\" \/>\n<meta name=\"twitter:creator\" content=\"@infoecos\" \/>\n<meta name=\"twitter:site\" content=\"@infoecos\" \/>\n<meta name=\"twitter:label1\" content=\"Escrito por\" \/>\n\t<meta name=\"twitter:data1\" content=\"Jorge Matheus\" \/>\n\t<meta name=\"twitter:label2\" content=\"Tiempo de lectura\" \/>\n\t<meta name=\"twitter:data2\" content=\"2 minutos\" \/>\n<script type=\"application\/ld+json\" class=\"yoast-schema-graph\">{\"@context\":\"https:\/\/schema.org\",\"@graph\":[{\"@type\":\"Article\",\"@id\":\"https:\/\/infoecos.com.ar\/index.php\/gustavo-coco-bories-el-lider-de-libertad-avanza-en-trenque-lauquen-en-la-asuncion-de-milei\/#article\",\"isPartOf\":{\"@id\":\"https:\/\/infoecos.com.ar\/index.php\/gustavo-coco-bories-el-lider-de-libertad-avanza-en-trenque-lauquen-en-la-asuncion-de-milei\/\"},\"author\":{\"name\":\"Jorge Matheus\",\"@id\":\"https:\/\/infoecos.com.ar\/#\/schema\/person\/8f5ace5ce73b4b4aac4b7245aee6f191\"},\"headline\":\"Gustavo \u00abCoco\u00bb Bories, de Libertad Avanza Trenque Lauquen, en la asunci\u00f3n de Milei\",\"datePublished\":\"2023-12-11T13:03:37+00:00\",\"dateModified\":\"2023-12-15T03:12:26+00:00\",\"mainEntityOfPage\":{\"@id\":\"https:\/\/infoecos.com.ar\/index.php\/gustavo-coco-bories-el-lider-de-libertad-avanza-en-trenque-lauquen-en-la-asuncion-de-milei\/\"},\"wordCount\":126,\"publisher\":{\"@id\":\"https:\/\/infoecos.com.ar\/#organization\"},\"image\":{\"@id\":\"https:\/\/infoecos.com.ar\/index.php\/gustavo-coco-bories-el-lider-de-libertad-avanza-en-trenque-lauquen-en-la-asuncion-de-milei\/#primaryimage\"},\"thumbnailUrl\":\"https:\/\/infoecos.com.ar\/wp-content\/uploads\/2023\/12\/boriesvillaruelllllllll.jpg\",\"keywords\":[\"Congreso Nacional y Teatro Col\u00f3n\"],\"articleSection\":[\"Bloque inferior - 13\"],\"inLanguage\":\"es\"},{\"@type\":\"WebPage\",\"@id\":\"https:\/\/infoecos.com.ar\/index.php\/gustavo-coco-bories-el-lider-de-libertad-avanza-en-trenque-lauquen-en-la-asuncion-de-milei\/\",\"url\":\"https:\/\/infoecos.com.ar\/index.php\/gustavo-coco-bories-el-lider-de-libertad-avanza-en-trenque-lauquen-en-la-asuncion-de-milei\/\",\"name\":\"Gustavo \\\"Coco\\\" Bories, de Libertad Avanza Trenque Lauquen, en la asunci\u00f3n de Milei - Infoecos\",\"isPartOf\":{\"@id\":\"https:\/\/infoecos.com.ar\/#website\"},\"primaryImageOfPage\":{\"@id\":\"https:\/\/infoecos.com.ar\/index.php\/gustavo-coco-bories-el-lider-de-libertad-avanza-en-trenque-lauquen-en-la-asuncion-de-milei\/#primaryimage\"},\"image\":{\"@id\":\"https:\/\/infoecos.com.ar\/index.php\/gustavo-coco-bories-el-lider-de-libertad-avanza-en-trenque-lauquen-en-la-asuncion-de-milei\/#primaryimage\"},\"thumbnailUrl\":\"https:\/\/infoecos.com.ar\/wp-content\/uploads\/2023\/12\/boriesvillaruelllllllll.jpg\",\"datePublished\":\"2023-12-11T13:03:37+00:00\",\"dateModified\":\"2023-12-15T03:12:26+00:00\",\"breadcrumb\":{\"@id\":\"https:\/\/infoecos.com.ar\/index.php\/gustavo-coco-bories-el-lider-de-libertad-avanza-en-trenque-lauquen-en-la-asuncion-de-milei\/#breadcrumb\"},\"inLanguage\":\"es\",\"potentialAction\":[{\"@type\":\"ReadAction\",\"target\":[\"https:\/\/infoecos.com.ar\/index.php\/gustavo-coco-bories-el-lider-de-libertad-avanza-en-trenque-lauquen-en-la-asuncion-de-milei\/\"]}]},{\"@type\":\"ImageObject\",\"inLanguage\":\"es\",\"@id\":\"https:\/\/infoecos.com.ar\/index.php\/gustavo-coco-bories-el-lider-de-libertad-avanza-en-trenque-lauquen-en-la-asuncion-de-milei\/#primaryimage\",\"url\":\"https:\/\/infoecos.com.ar\/wp-content\/uploads\/2023\/12\/boriesvillaruelllllllll.jpg\",\"contentUrl\":\"https:\/\/infoecos.com.ar\/wp-content\/uploads\/2023\/12\/boriesvillaruelllllllll.jpg\",\"width\":443,\"height\":263},{\"@type\":\"BreadcrumbList\",\"@id\":\"https:\/\/infoecos.com.ar\/index.php\/gustavo-coco-bories-el-lider-de-libertad-avanza-en-trenque-lauquen-en-la-asuncion-de-milei\/#breadcrumb\",\"itemListElement\":[{\"@type\":\"ListItem\",\"position\":1,\"name\":\"Portada\",\"item\":\"https:\/\/infoecos.com.ar\/\"},{\"@type\":\"ListItem\",\"position\":2,\"name\":\"Gustavo \u00abCoco\u00bb Bories, de Libertad Avanza Trenque Lauquen, en la asunci\u00f3n de Milei\"}]},{\"@type\":\"WebSite\",\"@id\":\"https:\/\/infoecos.com.ar\/#website\",\"url\":\"https:\/\/infoecos.com.ar\/\",\"name\":\"Infoecos\",\"description\":\"Noticias de trenque lauquen y la zona\",\"publisher\":{\"@id\":\"https:\/\/infoecos.com.ar\/#organization\"},\"alternateName\":\"Noticias\",\"potentialAction\":[{\"@type\":\"SearchAction\",\"target\":{\"@type\":\"EntryPoint\",\"urlTemplate\":\"https:\/\/infoecos.com.ar\/?s={search_term_string}\"},\"query-input\":{\"@type\":\"PropertyValueSpecification\",\"valueRequired\":true,\"valueName\":\"search_term_string\"}}],\"inLanguage\":\"es\"},{\"@type\":\"Organization\",\"@id\":\"https:\/\/infoecos.com.ar\/#organization\",\"name\":\"Infoecos\",\"alternateName\":\"Noticias\",\"url\":\"https:\/\/infoecos.com.ar\/\",\"logo\":{\"@type\":\"ImageObject\",\"inLanguage\":\"es\",\"@id\":\"https:\/\/infoecos.com.ar\/#\/schema\/logo\/image\/\",\"url\":\"https:\/\/infoecos.com.ar\/wp-content\/uploads\/2024\/03\/cropped-logo.png\",\"contentUrl\":\"https:\/\/infoecos.com.ar\/wp-content\/uploads\/2024\/03\/cropped-logo.png\",\"width\":374,\"height\":90,\"caption\":\"Infoecos\"},\"image\":{\"@id\":\"https:\/\/infoecos.com.ar\/#\/schema\/logo\/image\/\"},\"sameAs\":[\"https:\/\/www.facebook.com\/profile.php?id=100063200290284\",\"https:\/\/x.com\/infoecos\"]},{\"@type\":\"Person\",\"@id\":\"https:\/\/infoecos.com.ar\/#\/schema\/person\/8f5ace5ce73b4b4aac4b7245aee6f191\",\"name\":\"Jorge Matheus\",\"url\":\"https:\/\/infoecos.com.ar\/index.php\/author\/jomatheus\/\"}]}<\/script>\n<!-- \/ Yoast SEO plugin. -->","yoast_head_json":{"title":"Gustavo \"Coco\" Bories, de Libertad Avanza Trenque Lauquen, en la asunci\u00f3n de Milei - Infoecos","robots":{"index":"index","follow":"follow","max-snippet":"max-snippet:-1","max-image-preview":"max-image-preview:large","max-video-preview":"max-video-preview:-1"},"canonical":"https:\/\/infoecos.com.ar\/index.php\/gustavo-coco-bories-el-lider-de-libertad-avanza-en-trenque-lauquen-en-la-asuncion-de-milei\/","og_locale":"es_ES","og_type":"article","og_title":"Gustavo \"Coco\" Bories, de Libertad Avanza Trenque Lauquen, en la asunci\u00f3n de Milei - Infoecos","og_description":"El propio conductor del espacio pol\u00edtico en el distrito difundi\u00f3 en sus cuentas de las redes sociales la asistencia la ceremonia de asunci\u00f3n del nuevo Jefe de Estado, realizada en el Congreso Nacional y luego las fotos con dirigentes en la gala del Teatro Col\u00f3n","og_url":"https:\/\/infoecos.com.ar\/index.php\/gustavo-coco-bories-el-lider-de-libertad-avanza-en-trenque-lauquen-en-la-asuncion-de-milei\/","og_site_name":"Infoecos","article_publisher":"https:\/\/www.facebook.com\/profile.php?id=100063200290284","article_published_time":"2023-12-11T13:03:37+00:00","article_modified_time":"2023-12-15T03:12:26+00:00","og_image":[{"width":443,"height":263,"url":"https:\/\/infoecos.com.ar\/wp-content\/uploads\/2023\/12\/boriesvillaruelllllllll.jpg","type":"image\/jpeg"}],"author":"Jorge Matheus","twitter_card":"summary_large_image","twitter_creator":"@infoecos","twitter_site":"@infoecos","twitter_misc":{"Escrito por":"Jorge Matheus","Tiempo de lectura":"2 minutos"},"schema":{"@context":"https:\/\/schema.org","@graph":[{"@type":"Article","@id":"https:\/\/infoecos.com.ar\/index.php\/gustavo-coco-bories-el-lider-de-libertad-avanza-en-trenque-lauquen-en-la-asuncion-de-milei\/#article","isPartOf":{"@id":"https:\/\/infoecos.com.ar\/index.php\/gustavo-coco-bories-el-lider-de-libertad-avanza-en-trenque-lauquen-en-la-asuncion-de-milei\/"},"author":{"name":"Jorge Matheus","@id":"https:\/\/infoecos.com.ar\/#\/schema\/person\/8f5ace5ce73b4b4aac4b7245aee6f191"},"headline":"Gustavo \u00abCoco\u00bb Bories, de Libertad Avanza Trenque Lauquen, en la asunci\u00f3n de Milei","datePublished":"2023-12-11T13:03:37+00:00","dateModified":"2023-12-15T03:12:26+00:00","mainEntityOfPage":{"@id":"https:\/\/infoecos.com.ar\/index.php\/gustavo-coco-bories-el-lider-de-libertad-avanza-en-trenque-lauquen-en-la-asuncion-de-milei\/"},"wordCount":126,"publisher":{"@id":"https:\/\/infoecos.com.ar\/#organization"},"image":{"@id":"https:\/\/infoecos.com.ar\/index.php\/gustavo-coco-bories-el-lider-de-libertad-avanza-en-trenque-lauquen-en-la-asuncion-de-milei\/#primaryimage"},"thumbnailUrl":"https:\/\/infoecos.com.ar\/wp-content\/uploads\/2023\/12\/boriesvillaruelllllllll.jpg","keywords":["Congreso Nacional y Teatro Col\u00f3n"],"articleSection":["Bloque inferior - 13"],"inLanguage":"es"},{"@type":"WebPage","@id":"https:\/\/infoecos.com.ar\/index.php\/gustavo-coco-bories-el-lider-de-libertad-avanza-en-trenque-lauquen-en-la-asuncion-de-milei\/","url":"https:\/\/infoecos.com.ar\/index.php\/gustavo-coco-bories-el-lider-de-libertad-avanza-en-trenque-lauquen-en-la-asuncion-de-milei\/","name":"Gustavo \"Coco\" Bories, de Libertad Avanza Trenque Lauquen, en la asunci\u00f3n de Milei - Infoecos","isPartOf":{"@id":"https:\/\/infoecos.com.ar\/#website"},"primaryImageOfPage":{"@id":"https:\/\/infoecos.com.ar\/index.php\/gustavo-coco-bories-el-lider-de-libertad-avanza-en-trenque-lauquen-en-la-asuncion-de-milei\/#primaryimage"},"image":{"@id":"https:\/\/infoecos.com.ar\/index.php\/gustavo-coco-bories-el-lider-de-libertad-avanza-en-trenque-lauquen-en-la-asuncion-de-milei\/#primaryimage"},"thumbnailUrl":"https:\/\/infoecos.com.ar\/wp-content\/uploads\/2023\/12\/boriesvillaruelllllllll.jpg","datePublished":"2023-12-11T13:03:37+00:00","dateModified":"2023-12-15T03:12:26+00:00","breadcrumb":{"@id":"https:\/\/infoecos.com.ar\/index.php\/gustavo-coco-bories-el-lider-de-libertad-avanza-en-trenque-lauquen-en-la-asuncion-de-milei\/#breadcrumb"},"inLanguage":"es","potentialAction":[{"@type":"ReadAction","target":["https:\/\/infoecos.com.ar\/index.php\/gustavo-coco-bories-el-lider-de-libertad-avanza-en-trenque-lauquen-en-la-asuncion-de-milei\/"]}]},{"@type":"ImageObject","inLanguage":"es","@id":"https:\/\/infoecos.com.ar\/index.php\/gustavo-coco-bories-el-lider-de-libertad-avanza-en-trenque-lauquen-en-la-asuncion-de-milei\/#primaryimage","url":"https:\/\/infoecos.com.ar\/wp-content\/uploads\/2023\/12\/boriesvillaruelllllllll.jpg","contentUrl":"https:\/\/infoecos.com.ar\/wp-content\/uploads\/2023\/12\/boriesvillaruelllllllll.jpg","width":443,"height":263},{"@type":"BreadcrumbList","@id":"https:\/\/infoecos.com.ar\/index.php\/gustavo-coco-bories-el-lider-de-libertad-avanza-en-trenque-lauquen-en-la-asuncion-de-milei\/#breadcrumb","itemListElement":[{"@type":"ListItem","position":1,"name":"Portada","item":"https:\/\/infoecos.com.ar\/"},{"@type":"ListItem","position":2,"name":"Gustavo \u00abCoco\u00bb Bories, de Libertad Avanza Trenque Lauquen, en la asunci\u00f3n de Milei"}]},{"@type":"WebSite","@id":"https:\/\/infoecos.com.ar\/#website","url":"https:\/\/infoecos.com.ar\/","name":"Infoecos","description":"Noticias de trenque lauquen y la zona","publisher":{"@id":"https:\/\/infoecos.com.ar\/#organization"},"alternateName":"Noticias","potentialAction":[{"@type":"SearchAction","target":{"@type":"EntryPoint","urlTemplate":"https:\/\/infoecos.com.ar\/?s={search_term_string}"},"query-input":{"@type":"PropertyValueSpecification","valueRequired":true,"valueName":"search_term_string"}}],"inLanguage":"es"},{"@type":"Organization","@id":"https:\/\/infoecos.com.ar\/#organization","name":"Infoecos","alternateName":"Noticias","url":"https:\/\/infoecos.com.ar\/","logo":{"@type":"ImageObject","inLanguage":"es","@id":"https:\/\/infoecos.com.ar\/#\/schema\/logo\/image\/","url":"https:\/\/infoecos.com.ar\/wp-content\/uploads\/2024\/03\/cropped-logo.png","contentUrl":"https:\/\/infoecos.com.ar\/wp-content\/uploads\/2024\/03\/cropped-logo.png","width":374,"height":90,"caption":"Infoecos"},"image":{"@id":"https:\/\/infoecos.com.ar\/#\/schema\/logo\/image\/"},"sameAs":["https:\/\/www.facebook.com\/profile.php?id=100063200290284","https:\/\/x.com\/infoecos"]},{"@type":"Person","@id":"https:\/\/infoecos.com.ar\/#\/schema\/person\/8f5ace5ce73b4b4aac4b7245aee6f191","name":"Jorge Matheus","url":"https:\/\/infoecos.com.ar\/index.php\/author\/jomatheus\/"}]}},"featured_image_urls":{"full":["https:\/\/infoecos.com.ar\/wp-content\/uploads\/2023\/12\/boriesvillaruelllllllll.jpg",443,263,false],"thumbnail":["https:\/\/infoecos.com.ar\/wp-content\/uploads\/2023\/12\/boriesvillaruelllllllll-300x150.jpg",300,150,true],"medium":["https:\/\/infoecos.com.ar\/wp-content\/uploads\/2023\/12\/boriesvillaruelllllllll.jpg",443,263,false],"medium_large":["https:\/\/infoecos.com.ar\/wp-content\/uploads\/2023\/12\/boriesvillaruelllllllll.jpg",443,263,false],"large":["https:\/\/infoecos.com.ar\/wp-content\/uploads\/2023\/12\/boriesvillaruelllllllll.jpg",443,263,false],"1536x1536":["https:\/\/infoecos.com.ar\/wp-content\/uploads\/2023\/12\/boriesvillaruelllllllll.jpg",443,263,false],"2048x2048":["https:\/\/infoecos.com.ar\/wp-content\/uploads\/2023\/12\/boriesvillaruelllllllll.jpg",443,263,false],"covernews-slider-full":["https:\/\/infoecos.com.ar\/wp-content\/uploads\/2023\/12\/boriesvillaruelllllllll.jpg",443,263,false],"covernews-slider-center":["https:\/\/infoecos.com.ar\/wp-content\/uploads\/2023\/12\/boriesvillaruelllllllll.jpg",443,263,false],"covernews-featured":["https:\/\/infoecos.com.ar\/wp-content\/uploads\/2023\/12\/boriesvillaruelllllllll.jpg",443,263,false],"covernews-medium":["https:\/\/infoecos.com.ar\/wp-content\/uploads\/2023\/12\/boriesvillaruelllllllll.jpg",443,263,false],"covernews-medium-square":["https:\/\/infoecos.com.ar\/wp-content\/uploads\/2023\/12\/boriesvillaruelllllllll.jpg",400,237,false]},"author_info":{"info":["Jorge Matheus"]},"category_info":"<a href=\"https:\/\/infoecos.com.ar\/index.php\/category\/inferior13\/\" rel=\"category tag\">Bloque inferior - 13<\/a>","tag_info":"Bloque inferior - 13","comment_count":"0","_links":{"self":[{"href":"https:\/\/infoecos.com.ar\/index.php\/wp-json\/wp\/v2\/posts\/116068"}],"collection":[{"href":"https:\/\/infoecos.com.ar\/index.php\/wp-json\/wp\/v2\/posts"}],"about":[{"href":"https:\/\/infoecos.com.ar\/index.php\/wp-json\/wp\/v2\/types\/post"}],"author":[{"embeddable":true,"href":"https:\/\/infoecos.com.ar\/index.php\/wp-json\/wp\/v2\/users\/2"}],"replies":[{"embeddable":true,"href":"https:\/\/infoecos.com.ar\/index.php\/wp-json\/wp\/v2\/comments?post=116068"}],"version-history":[{"count":7,"href":"https:\/\/infoecos.com.ar\/index.php\/wp-json\/wp\/v2\/posts\/116068\/revisions"}],"predecessor-version":[{"id":116113,"href":"https:\/\/infoecos.com.ar\/index.php\/wp-json\/wp\/v2\/posts\/116068\/revisions\/116113"}],"wp:featuredmedia":[{"embeddable":true,"href":"https:\/\/infoecos.com.ar\/index.php\/wp-json\/wp\/v2\/media\/116076"}],"wp:attachment":[{"href":"https:\/\/infoecos.com.ar\/index.php\/wp-json\/wp\/v2\/media?parent=116068"}],"wp:term":[{"taxonomy":"category","embeddable":true,"href":"https:\/\/infoecos.com.ar\/index.php\/wp-json\/wp\/v2\/categories?post=116068"},{"taxonomy":"post_tag","embeddable":true,"href":"https:\/\/infoecos.com.ar\/index.php\/wp-json\/wp\/v2\/tags?post=116068"}],"curies":[{"name":"wp","href":"https:\/\/api.w.org\/{rel}","templated":true}]}}