{"id":116101,"date":"2023-12-11T10:30:13","date_gmt":"2023-12-11T13:30:13","guid":{"rendered":"https:\/\/infoecos.com.ar\/?p=116101"},"modified":"2023-12-13T10:13:46","modified_gmt":"2023-12-13T13:13:46","slug":"eduardo-pereda-hijo-destaco-el-compromiso-de-la-comunidad-de-trenque-lauquen","status":"publish","type":"post","link":"https:\/\/infoecos.com.ar\/index.php\/eduardo-pereda-hijo-destaco-el-compromiso-de-la-comunidad-de-trenque-lauquen\/","title":{"rendered":"Eduardo Pereda, hijo, destac\u00f3 el compromiso de la comunidad de Trenque Lauquen"},"content":{"rendered":"\n<figure class=\"wp-block-image alignright size-full is-resized\"><img loading=\"lazy\" decoding=\"async\" src=\"https:\/\/infoecos.com.ar\/wp-content\/uploads\/2023\/12\/Museo-7-rotated.jpeg\" alt=\"\" class=\"wp-image-116102\" width=\"431\" height=\"242\" srcset=\"https:\/\/infoecos.com.ar\/wp-content\/uploads\/2023\/12\/Museo-7-rotated.jpeg 1600w, https:\/\/infoecos.com.ar\/wp-content\/uploads\/2023\/12\/Museo-7-800x450.jpeg 800w, https:\/\/infoecos.com.ar\/wp-content\/uploads\/2023\/12\/Museo-7-768x432.jpeg 768w, https:\/\/infoecos.com.ar\/wp-content\/uploads\/2023\/12\/Museo-7-1536x864.jpeg 1536w, https:\/\/infoecos.com.ar\/wp-content\/uploads\/2023\/12\/Museo-7-1024x576.jpeg 1024w\" sizes=\"(max-width: 431px) 100vw, 431px\" \/><\/figure>\n\n\n\n<p>Eduardo Pereda, hijo, acompa\u00f1ado por su madre, Estela y su hermana Teresa (curadora de la colecci\u00f3n y encargada de clasificar las piezas) destac\u00f3 el trabajo realizado por su padre, y dijo que \u201cfue un logro de \u00e9l, y una envidia nuestra\u201d.<\/p>\n\n\n\n<p>\u201cSiempre nos preguntamos que vio detr\u00e1s de las piezas de plata, de los tejidos, de qu\u00e9 se enamor\u00f3\u201d, se\u00f1al\u00f3 Eduardo para contar que su padre, de muy chico, tuvo dos vivencias que le marcaron su pasi\u00f3n por la cultura mapuche, la primera fue en el campo de su abuelo en Trenque Lauquen, donde encontr\u00f3 muchas de las cosas que hoy est\u00e1n en exhibici\u00f3n, y la segunda vivencia fue un viaje que hizo a la Patagonia en el verano del \u201945 cuando ten\u00eda 18 a\u00f1os, donde tom\u00f3 contacto con la cultura mapuche y empez\u00f3 a recolectar las joyas y tejidos con el fin de preservarlos.<\/p>\n\n\n\n<p>\u201cHoy estamos contentos porque dimos cumplimiento al deseo de mi padre, que esta colecci\u00f3n quede albergada en una instituci\u00f3n p\u00fablica como el Museo Hist\u00f3rico Regional para que toda la comunidad pueda disfrutar de la colecci\u00f3n\u201d, se\u00f1al\u00f3 Pereda, quien destac\u00f3 el compromiso de la comunidad de Trenque Lauquen.<\/p>\n","protected":false},"excerpt":{"rendered":"<p>\u201cHoy estamos contentos porque dimos cumplimiento al deseo de mi padre, que esta colecci\u00f3n quede albergada en una instituci\u00f3n p\u00fablica como el Museo Hist\u00f3rico Regional\u00bb, se\u00f1al\u00f3 entre otras cosas<\/p>\n","protected":false},"author":2,"featured_media":116102,"comment_status":"closed","ping_status":"open","sticky":false,"template":"","format":"standard","meta":{"footnotes":""},"categories":[42],"tags":[9686],"class_list":["post-116101","post","type-post","status-publish","format-standard","has-post-thumbnail","hentry","category-inferior3","tag-museo-historico-regional-t-lauquen"],"yoast_head":"<!-- This site is optimized with the Yoast SEO plugin v23.4 - https:\/\/yoast.com\/wordpress\/plugins\/seo\/ -->\n<title>Eduardo Pereda, hijo, destac\u00f3 el compromiso de la comunidad de Trenque Lauquen - Infoecos<\/title>\n<meta name=\"robots\" content=\"index, follow, max-snippet:-1, max-image-preview:large, max-video-preview:-1\" \/>\n<link rel=\"canonical\" href=\"https:\/\/infoecos.com.ar\/index.php\/eduardo-pereda-hijo-destaco-el-compromiso-de-la-comunidad-de-trenque-lauquen\/\" \/>\n<meta property=\"og:locale\" content=\"es_ES\" \/>\n<meta property=\"og:type\" content=\"article\" \/>\n<meta property=\"og:title\" content=\"Eduardo Pereda, hijo, destac\u00f3 el compromiso de la comunidad de Trenque Lauquen - Infoecos\" \/>\n<meta property=\"og:description\" content=\"\u201cHoy estamos contentos porque dimos cumplimiento al deseo de mi padre, que esta colecci\u00f3n quede albergada en una instituci\u00f3n p\u00fablica como el Museo Hist\u00f3rico Regional&quot;, se\u00f1al\u00f3 entre otras cosas\" \/>\n<meta property=\"og:url\" content=\"https:\/\/infoecos.com.ar\/index.php\/eduardo-pereda-hijo-destaco-el-compromiso-de-la-comunidad-de-trenque-lauquen\/\" \/>\n<meta property=\"og:site_name\" content=\"Infoecos\" \/>\n<meta property=\"article:publisher\" content=\"https:\/\/www.facebook.com\/profile.php?id=100063200290284\" \/>\n<meta property=\"article:published_time\" content=\"2023-12-11T13:30:13+00:00\" \/>\n<meta property=\"article:modified_time\" content=\"2023-12-13T13:13:46+00:00\" \/>\n<meta property=\"og:image\" content=\"https:\/\/infoecos.com.ar\/wp-content\/uploads\/2023\/12\/Museo-7-rotated.jpeg\" \/>\n\t<meta property=\"og:image:width\" content=\"1600\" \/>\n\t<meta property=\"og:image:height\" content=\"900\" \/>\n\t<meta property=\"og:image:type\" content=\"image\/jpeg\" \/>\n<meta name=\"author\" content=\"Jorge Matheus\" \/>\n<meta name=\"twitter:card\" content=\"summary_large_image\" \/>\n<meta name=\"twitter:creator\" content=\"@infoecos\" \/>\n<meta name=\"twitter:site\" content=\"@infoecos\" \/>\n<meta name=\"twitter:label1\" content=\"Escrito por\" \/>\n\t<meta name=\"twitter:data1\" content=\"Jorge Matheus\" \/>\n\t<meta name=\"twitter:label2\" content=\"Tiempo de lectura\" \/>\n\t<meta name=\"twitter:data2\" content=\"2 minutos\" \/>\n<script type=\"application\/ld+json\" class=\"yoast-schema-graph\">{\"@context\":\"https:\/\/schema.org\",\"@graph\":[{\"@type\":\"Article\",\"@id\":\"https:\/\/infoecos.com.ar\/index.php\/eduardo-pereda-hijo-destaco-el-compromiso-de-la-comunidad-de-trenque-lauquen\/#article\",\"isPartOf\":{\"@id\":\"https:\/\/infoecos.com.ar\/index.php\/eduardo-pereda-hijo-destaco-el-compromiso-de-la-comunidad-de-trenque-lauquen\/\"},\"author\":{\"name\":\"Jorge Matheus\",\"@id\":\"https:\/\/infoecos.com.ar\/#\/schema\/person\/8f5ace5ce73b4b4aac4b7245aee6f191\"},\"headline\":\"Eduardo Pereda, hijo, destac\u00f3 el compromiso de la comunidad de Trenque Lauquen\",\"datePublished\":\"2023-12-11T13:30:13+00:00\",\"dateModified\":\"2023-12-13T13:13:46+00:00\",\"mainEntityOfPage\":{\"@id\":\"https:\/\/infoecos.com.ar\/index.php\/eduardo-pereda-hijo-destaco-el-compromiso-de-la-comunidad-de-trenque-lauquen\/\"},\"wordCount\":217,\"publisher\":{\"@id\":\"https:\/\/infoecos.com.ar\/#organization\"},\"image\":{\"@id\":\"https:\/\/infoecos.com.ar\/index.php\/eduardo-pereda-hijo-destaco-el-compromiso-de-la-comunidad-de-trenque-lauquen\/#primaryimage\"},\"thumbnailUrl\":\"https:\/\/infoecos.com.ar\/wp-content\/uploads\/2023\/12\/Museo-7-rotated.jpeg\",\"keywords\":[\"museo hist\u00f3rico regional T.Lauquen\"],\"articleSection\":[\"Bloque inferior - 3\"],\"inLanguage\":\"es\"},{\"@type\":\"WebPage\",\"@id\":\"https:\/\/infoecos.com.ar\/index.php\/eduardo-pereda-hijo-destaco-el-compromiso-de-la-comunidad-de-trenque-lauquen\/\",\"url\":\"https:\/\/infoecos.com.ar\/index.php\/eduardo-pereda-hijo-destaco-el-compromiso-de-la-comunidad-de-trenque-lauquen\/\",\"name\":\"Eduardo Pereda, hijo, destac\u00f3 el compromiso de la comunidad de Trenque Lauquen - Infoecos\",\"isPartOf\":{\"@id\":\"https:\/\/infoecos.com.ar\/#website\"},\"primaryImageOfPage\":{\"@id\":\"https:\/\/infoecos.com.ar\/index.php\/eduardo-pereda-hijo-destaco-el-compromiso-de-la-comunidad-de-trenque-lauquen\/#primaryimage\"},\"image\":{\"@id\":\"https:\/\/infoecos.com.ar\/index.php\/eduardo-pereda-hijo-destaco-el-compromiso-de-la-comunidad-de-trenque-lauquen\/#primaryimage\"},\"thumbnailUrl\":\"https:\/\/infoecos.com.ar\/wp-content\/uploads\/2023\/12\/Museo-7-rotated.jpeg\",\"datePublished\":\"2023-12-11T13:30:13+00:00\",\"dateModified\":\"2023-12-13T13:13:46+00:00\",\"breadcrumb\":{\"@id\":\"https:\/\/infoecos.com.ar\/index.php\/eduardo-pereda-hijo-destaco-el-compromiso-de-la-comunidad-de-trenque-lauquen\/#breadcrumb\"},\"inLanguage\":\"es\",\"potentialAction\":[{\"@type\":\"ReadAction\",\"target\":[\"https:\/\/infoecos.com.ar\/index.php\/eduardo-pereda-hijo-destaco-el-compromiso-de-la-comunidad-de-trenque-lauquen\/\"]}]},{\"@type\":\"ImageObject\",\"inLanguage\":\"es\",\"@id\":\"https:\/\/infoecos.com.ar\/index.php\/eduardo-pereda-hijo-destaco-el-compromiso-de-la-comunidad-de-trenque-lauquen\/#primaryimage\",\"url\":\"https:\/\/infoecos.com.ar\/wp-content\/uploads\/2023\/12\/Museo-7-rotated.jpeg\",\"contentUrl\":\"https:\/\/infoecos.com.ar\/wp-content\/uploads\/2023\/12\/Museo-7-rotated.jpeg\",\"width\":1600,\"height\":900},{\"@type\":\"BreadcrumbList\",\"@id\":\"https:\/\/infoecos.com.ar\/index.php\/eduardo-pereda-hijo-destaco-el-compromiso-de-la-comunidad-de-trenque-lauquen\/#breadcrumb\",\"itemListElement\":[{\"@type\":\"ListItem\",\"position\":1,\"name\":\"Portada\",\"item\":\"https:\/\/infoecos.com.ar\/\"},{\"@type\":\"ListItem\",\"position\":2,\"name\":\"Eduardo Pereda, hijo, destac\u00f3 el compromiso de la comunidad de Trenque Lauquen\"}]},{\"@type\":\"WebSite\",\"@id\":\"https:\/\/infoecos.com.ar\/#website\",\"url\":\"https:\/\/infoecos.com.ar\/\",\"name\":\"Infoecos\",\"description\":\"Noticias de trenque lauquen y la zona\",\"publisher\":{\"@id\":\"https:\/\/infoecos.com.ar\/#organization\"},\"alternateName\":\"Noticias\",\"potentialAction\":[{\"@type\":\"SearchAction\",\"target\":{\"@type\":\"EntryPoint\",\"urlTemplate\":\"https:\/\/infoecos.com.ar\/?s={search_term_string}\"},\"query-input\":{\"@type\":\"PropertyValueSpecification\",\"valueRequired\":true,\"valueName\":\"search_term_string\"}}],\"inLanguage\":\"es\"},{\"@type\":\"Organization\",\"@id\":\"https:\/\/infoecos.com.ar\/#organization\",\"name\":\"Infoecos\",\"alternateName\":\"Noticias\",\"url\":\"https:\/\/infoecos.com.ar\/\",\"logo\":{\"@type\":\"ImageObject\",\"inLanguage\":\"es\",\"@id\":\"https:\/\/infoecos.com.ar\/#\/schema\/logo\/image\/\",\"url\":\"https:\/\/infoecos.com.ar\/wp-content\/uploads\/2024\/03\/cropped-logo.png\",\"contentUrl\":\"https:\/\/infoecos.com.ar\/wp-content\/uploads\/2024\/03\/cropped-logo.png\",\"width\":374,\"height\":90,\"caption\":\"Infoecos\"},\"image\":{\"@id\":\"https:\/\/infoecos.com.ar\/#\/schema\/logo\/image\/\"},\"sameAs\":[\"https:\/\/www.facebook.com\/profile.php?id=100063200290284\",\"https:\/\/x.com\/infoecos\"]},{\"@type\":\"Person\",\"@id\":\"https:\/\/infoecos.com.ar\/#\/schema\/person\/8f5ace5ce73b4b4aac4b7245aee6f191\",\"name\":\"Jorge Matheus\",\"url\":\"https:\/\/infoecos.com.ar\/index.php\/author\/jomatheus\/\"}]}<\/script>\n<!-- \/ Yoast SEO plugin. -->","yoast_head_json":{"title":"Eduardo Pereda, hijo, destac\u00f3 el compromiso de la comunidad de Trenque Lauquen - Infoecos","robots":{"index":"index","follow":"follow","max-snippet":"max-snippet:-1","max-image-preview":"max-image-preview:large","max-video-preview":"max-video-preview:-1"},"canonical":"https:\/\/infoecos.com.ar\/index.php\/eduardo-pereda-hijo-destaco-el-compromiso-de-la-comunidad-de-trenque-lauquen\/","og_locale":"es_ES","og_type":"article","og_title":"Eduardo Pereda, hijo, destac\u00f3 el compromiso de la comunidad de Trenque Lauquen - Infoecos","og_description":"\u201cHoy estamos contentos porque dimos cumplimiento al deseo de mi padre, que esta colecci\u00f3n quede albergada en una instituci\u00f3n p\u00fablica como el Museo Hist\u00f3rico Regional\", se\u00f1al\u00f3 entre otras cosas","og_url":"https:\/\/infoecos.com.ar\/index.php\/eduardo-pereda-hijo-destaco-el-compromiso-de-la-comunidad-de-trenque-lauquen\/","og_site_name":"Infoecos","article_publisher":"https:\/\/www.facebook.com\/profile.php?id=100063200290284","article_published_time":"2023-12-11T13:30:13+00:00","article_modified_time":"2023-12-13T13:13:46+00:00","og_image":[{"width":1600,"height":900,"url":"https:\/\/infoecos.com.ar\/wp-content\/uploads\/2023\/12\/Museo-7-rotated.jpeg","type":"image\/jpeg"}],"author":"Jorge Matheus","twitter_card":"summary_large_image","twitter_creator":"@infoecos","twitter_site":"@infoecos","twitter_misc":{"Escrito por":"Jorge Matheus","Tiempo de lectura":"2 minutos"},"schema":{"@context":"https:\/\/schema.org","@graph":[{"@type":"Article","@id":"https:\/\/infoecos.com.ar\/index.php\/eduardo-pereda-hijo-destaco-el-compromiso-de-la-comunidad-de-trenque-lauquen\/#article","isPartOf":{"@id":"https:\/\/infoecos.com.ar\/index.php\/eduardo-pereda-hijo-destaco-el-compromiso-de-la-comunidad-de-trenque-lauquen\/"},"author":{"name":"Jorge Matheus","@id":"https:\/\/infoecos.com.ar\/#\/schema\/person\/8f5ace5ce73b4b4aac4b7245aee6f191"},"headline":"Eduardo Pereda, hijo, destac\u00f3 el compromiso de la comunidad de Trenque Lauquen","datePublished":"2023-12-11T13:30:13+00:00","dateModified":"2023-12-13T13:13:46+00:00","mainEntityOfPage":{"@id":"https:\/\/infoecos.com.ar\/index.php\/eduardo-pereda-hijo-destaco-el-compromiso-de-la-comunidad-de-trenque-lauquen\/"},"wordCount":217,"publisher":{"@id":"https:\/\/infoecos.com.ar\/#organization"},"image":{"@id":"https:\/\/infoecos.com.ar\/index.php\/eduardo-pereda-hijo-destaco-el-compromiso-de-la-comunidad-de-trenque-lauquen\/#primaryimage"},"thumbnailUrl":"https:\/\/infoecos.com.ar\/wp-content\/uploads\/2023\/12\/Museo-7-rotated.jpeg","keywords":["museo hist\u00f3rico regional T.Lauquen"],"articleSection":["Bloque inferior - 3"],"inLanguage":"es"},{"@type":"WebPage","@id":"https:\/\/infoecos.com.ar\/index.php\/eduardo-pereda-hijo-destaco-el-compromiso-de-la-comunidad-de-trenque-lauquen\/","url":"https:\/\/infoecos.com.ar\/index.php\/eduardo-pereda-hijo-destaco-el-compromiso-de-la-comunidad-de-trenque-lauquen\/","name":"Eduardo Pereda, hijo, destac\u00f3 el compromiso de la comunidad de Trenque Lauquen - Infoecos","isPartOf":{"@id":"https:\/\/infoecos.com.ar\/#website"},"primaryImageOfPage":{"@id":"https:\/\/infoecos.com.ar\/index.php\/eduardo-pereda-hijo-destaco-el-compromiso-de-la-comunidad-de-trenque-lauquen\/#primaryimage"},"image":{"@id":"https:\/\/infoecos.com.ar\/index.php\/eduardo-pereda-hijo-destaco-el-compromiso-de-la-comunidad-de-trenque-lauquen\/#primaryimage"},"thumbnailUrl":"https:\/\/infoecos.com.ar\/wp-content\/uploads\/2023\/12\/Museo-7-rotated.jpeg","datePublished":"2023-12-11T13:30:13+00:00","dateModified":"2023-12-13T13:13:46+00:00","breadcrumb":{"@id":"https:\/\/infoecos.com.ar\/index.php\/eduardo-pereda-hijo-destaco-el-compromiso-de-la-comunidad-de-trenque-lauquen\/#breadcrumb"},"inLanguage":"es","potentialAction":[{"@type":"ReadAction","target":["https:\/\/infoecos.com.ar\/index.php\/eduardo-pereda-hijo-destaco-el-compromiso-de-la-comunidad-de-trenque-lauquen\/"]}]},{"@type":"ImageObject","inLanguage":"es","@id":"https:\/\/infoecos.com.ar\/index.php\/eduardo-pereda-hijo-destaco-el-compromiso-de-la-comunidad-de-trenque-lauquen\/#primaryimage","url":"https:\/\/infoecos.com.ar\/wp-content\/uploads\/2023\/12\/Museo-7-rotated.jpeg","contentUrl":"https:\/\/infoecos.com.ar\/wp-content\/uploads\/2023\/12\/Museo-7-rotated.jpeg","width":1600,"height":900},{"@type":"BreadcrumbList","@id":"https:\/\/infoecos.com.ar\/index.php\/eduardo-pereda-hijo-destaco-el-compromiso-de-la-comunidad-de-trenque-lauquen\/#breadcrumb","itemListElement":[{"@type":"ListItem","position":1,"name":"Portada","item":"https:\/\/infoecos.com.ar\/"},{"@type":"ListItem","position":2,"name":"Eduardo Pereda, hijo, destac\u00f3 el compromiso de la comunidad de Trenque Lauquen"}]},{"@type":"WebSite","@id":"https:\/\/infoecos.com.ar\/#website","url":"https:\/\/infoecos.com.ar\/","name":"Infoecos","description":"Noticias de trenque lauquen y la zona","publisher":{"@id":"https:\/\/infoecos.com.ar\/#organization"},"alternateName":"Noticias","potentialAction":[{"@type":"SearchAction","target":{"@type":"EntryPoint","urlTemplate":"https:\/\/infoecos.com.ar\/?s={search_term_string}"},"query-input":{"@type":"PropertyValueSpecification","valueRequired":true,"valueName":"search_term_string"}}],"inLanguage":"es"},{"@type":"Organization","@id":"https:\/\/infoecos.com.ar\/#organization","name":"Infoecos","alternateName":"Noticias","url":"https:\/\/infoecos.com.ar\/","logo":{"@type":"ImageObject","inLanguage":"es","@id":"https:\/\/infoecos.com.ar\/#\/schema\/logo\/image\/","url":"https:\/\/infoecos.com.ar\/wp-content\/uploads\/2024\/03\/cropped-logo.png","contentUrl":"https:\/\/infoecos.com.ar\/wp-content\/uploads\/2024\/03\/cropped-logo.png","width":374,"height":90,"caption":"Infoecos"},"image":{"@id":"https:\/\/infoecos.com.ar\/#\/schema\/logo\/image\/"},"sameAs":["https:\/\/www.facebook.com\/profile.php?id=100063200290284","https:\/\/x.com\/infoecos"]},{"@type":"Person","@id":"https:\/\/infoecos.com.ar\/#\/schema\/person\/8f5ace5ce73b4b4aac4b7245aee6f191","name":"Jorge Matheus","url":"https:\/\/infoecos.com.ar\/index.php\/author\/jomatheus\/"}]}},"featured_image_urls":{"full":["https:\/\/infoecos.com.ar\/wp-content\/uploads\/2023\/12\/Museo-7-rotated.jpeg",1600,900,false],"thumbnail":["https:\/\/infoecos.com.ar\/wp-content\/uploads\/2023\/12\/Museo-7-300x150.jpeg",300,150,true],"medium":["https:\/\/infoecos.com.ar\/wp-content\/uploads\/2023\/12\/Museo-7-800x450.jpeg",800,450,true],"medium_large":["https:\/\/infoecos.com.ar\/wp-content\/uploads\/2023\/12\/Museo-7-768x432.jpeg",640,360,true],"large":["https:\/\/infoecos.com.ar\/wp-content\/uploads\/2023\/12\/Museo-7-rotated.jpeg",640,360,false],"1536x1536":["https:\/\/infoecos.com.ar\/wp-content\/uploads\/2023\/12\/Museo-7-1536x864.jpeg",1536,864,true],"2048x2048":["https:\/\/infoecos.com.ar\/wp-content\/uploads\/2023\/12\/Museo-7-rotated.jpeg",1600,900,false],"covernews-slider-full":["https:\/\/infoecos.com.ar\/wp-content\/uploads\/2023\/12\/Museo-7-1536x900.jpeg",1115,653,true],"covernews-slider-center":["https:\/\/infoecos.com.ar\/wp-content\/uploads\/2023\/12\/Museo-7-936x897.jpeg",522,500,true],"covernews-featured":["https:\/\/infoecos.com.ar\/wp-content\/uploads\/2023\/12\/Museo-7-1024x576.jpeg",1024,576,true],"covernews-medium":["https:\/\/infoecos.com.ar\/wp-content\/uploads\/2023\/12\/Museo-7-720x380.jpeg",540,285,true],"covernews-medium-square":["https:\/\/infoecos.com.ar\/wp-content\/uploads\/2023\/12\/Museo-7-675x450.jpeg",375,250,true]},"author_info":{"info":["Jorge Matheus"]},"category_info":"<a href=\"https:\/\/infoecos.com.ar\/index.php\/category\/inferior3\/\" rel=\"category tag\">Bloque inferior - 3<\/a>","tag_info":"Bloque inferior - 3","comment_count":"0","_links":{"self":[{"href":"https:\/\/infoecos.com.ar\/index.php\/wp-json\/wp\/v2\/posts\/116101"}],"collection":[{"href":"https:\/\/infoecos.com.ar\/index.php\/wp-json\/wp\/v2\/posts"}],"about":[{"href":"https:\/\/infoecos.com.ar\/index.php\/wp-json\/wp\/v2\/types\/post"}],"author":[{"embeddable":true,"href":"https:\/\/infoecos.com.ar\/index.php\/wp-json\/wp\/v2\/users\/2"}],"replies":[{"embeddable":true,"href":"https:\/\/infoecos.com.ar\/index.php\/wp-json\/wp\/v2\/comments?post=116101"}],"version-history":[{"count":1,"href":"https:\/\/infoecos.com.ar\/index.php\/wp-json\/wp\/v2\/posts\/116101\/revisions"}],"predecessor-version":[{"id":116103,"href":"https:\/\/infoecos.com.ar\/index.php\/wp-json\/wp\/v2\/posts\/116101\/revisions\/116103"}],"wp:featuredmedia":[{"embeddable":true,"href":"https:\/\/infoecos.com.ar\/index.php\/wp-json\/wp\/v2\/media\/116102"}],"wp:attachment":[{"href":"https:\/\/infoecos.com.ar\/index.php\/wp-json\/wp\/v2\/media?parent=116101"}],"wp:term":[{"taxonomy":"category","embeddable":true,"href":"https:\/\/infoecos.com.ar\/index.php\/wp-json\/wp\/v2\/categories?post=116101"},{"taxonomy":"post_tag","embeddable":true,"href":"https:\/\/infoecos.com.ar\/index.php\/wp-json\/wp\/v2\/tags?post=116101"}],"curies":[{"name":"wp","href":"https:\/\/api.w.org\/{rel}","templated":true}]}}