{"id":116160,"date":"2023-12-11T17:26:34","date_gmt":"2023-12-11T20:26:34","guid":{"rendered":"https:\/\/infoecos.com.ar\/?p=116160"},"modified":"2023-12-15T00:10:10","modified_gmt":"2023-12-15T03:10:10","slug":"david-siles-torrico-seguira-al-frente-del-consejo-escolar-de-trenque-lauquen","status":"publish","type":"post","link":"https:\/\/infoecos.com.ar\/index.php\/david-siles-torrico-seguira-al-frente-del-consejo-escolar-de-trenque-lauquen\/","title":{"rendered":"David Siles Torrico seguir\u00e1 al frente del Consejo Escolar de Trenque Lauquen"},"content":{"rendered":"\n<p>Asumieron los consejeros escolares Norma Zangirolami, Mauricio Nicotena y Silvia S\u00e1nchez, electos en las elecciones generales del 23 de octubre pasado, en Trenque Lauquen.<\/p>\n\n\n\n<p>El acto oficial desarrollado en el Centro C\u00edvico fue encabezado por el nuevo intendente municipal, Francisco Recoulat. Participaron concejales, el Inspector Jefe Distrital, Hugo Paoltroni, inspectores y representantes de las distintas \u00e1reas educativas, funcionarios municipales e integrantes de instituciones educativas y gremiales.<\/p>\n\n\n\n<figure class=\"wp-block-gallery has-nested-images columns-default is-cropped wp-block-gallery-1 is-layout-flex wp-block-gallery-is-layout-flex\">\n<figure class=\"wp-block-image size-large\"><img loading=\"lazy\" decoding=\"async\" width=\"974\" height=\"651\" data-id=\"116162\" src=\"https:\/\/infoecos.com.ar\/wp-content\/uploads\/2023\/12\/Consejeros-escolares-2.jpg\" alt=\"\" class=\"wp-image-116162\" srcset=\"https:\/\/infoecos.com.ar\/wp-content\/uploads\/2023\/12\/Consejeros-escolares-2.jpg 974w, https:\/\/infoecos.com.ar\/wp-content\/uploads\/2023\/12\/Consejeros-escolares-2-800x535.jpg 800w, https:\/\/infoecos.com.ar\/wp-content\/uploads\/2023\/12\/Consejeros-escolares-2-768x513.jpg 768w, https:\/\/infoecos.com.ar\/wp-content\/uploads\/2023\/12\/Consejeros-escolares-2-675x450.jpg 675w\" sizes=\"(max-width: 974px) 100vw, 974px\" \/><figcaption class=\"wp-element-caption\">Consejeros Escolares <\/figcaption><\/figure>\n\n\n\n<figure class=\"wp-block-image size-large\"><img loading=\"lazy\" decoding=\"async\" width=\"974\" height=\"651\" data-id=\"116163\" src=\"https:\/\/infoecos.com.ar\/wp-content\/uploads\/2023\/12\/Consejeros-escolares-3.jpg\" alt=\"\" class=\"wp-image-116163\" srcset=\"https:\/\/infoecos.com.ar\/wp-content\/uploads\/2023\/12\/Consejeros-escolares-3.jpg 974w, https:\/\/infoecos.com.ar\/wp-content\/uploads\/2023\/12\/Consejeros-escolares-3-800x535.jpg 800w, https:\/\/infoecos.com.ar\/wp-content\/uploads\/2023\/12\/Consejeros-escolares-3-768x513.jpg 768w, https:\/\/infoecos.com.ar\/wp-content\/uploads\/2023\/12\/Consejeros-escolares-3-675x450.jpg 675w\" sizes=\"(max-width: 974px) 100vw, 974px\" \/><figcaption class=\"wp-element-caption\">Consejeros Escolares <\/figcaption><\/figure>\n\n\n\n<figure class=\"wp-block-image size-large\"><img loading=\"lazy\" decoding=\"async\" width=\"974\" height=\"651\" data-id=\"116164\" src=\"https:\/\/infoecos.com.ar\/wp-content\/uploads\/2023\/12\/Consejeros-escolares-4.jpg\" alt=\"\" class=\"wp-image-116164\" srcset=\"https:\/\/infoecos.com.ar\/wp-content\/uploads\/2023\/12\/Consejeros-escolares-4.jpg 974w, https:\/\/infoecos.com.ar\/wp-content\/uploads\/2023\/12\/Consejeros-escolares-4-800x535.jpg 800w, https:\/\/infoecos.com.ar\/wp-content\/uploads\/2023\/12\/Consejeros-escolares-4-768x513.jpg 768w, https:\/\/infoecos.com.ar\/wp-content\/uploads\/2023\/12\/Consejeros-escolares-4-675x450.jpg 675w\" sizes=\"(max-width: 974px) 100vw, 974px\" \/><figcaption class=\"wp-element-caption\">Consejeros Escolares <\/figcaption><\/figure>\n<\/figure>\n\n\n\n<p>Culminaron su mandato Carolina Cervera, C\u00e9sar Carnez y Mauricio Rodecker. Este \u00faltimo ya hab\u00eda renunciado a su lugar para acceder al cargo de Secretario T\u00e9cnico.<\/p>\n\n\n\n<p>La nueva conformaci\u00f3n del cuerpo qued\u00f3 integrada por David Siles Torrico (Presidente), Rosario Mor\u00e1n (Vicepresidenta), Ra\u00fal Gonz\u00e1lez (Secretario), Silvia S\u00e1nchez (Tesorera), Norma Zangirolami (Vocal 1) y Mauricio Nicotena (Vocal 2).<\/p>\n\n\n\n<figure class=\"wp-block-gallery has-nested-images columns-default is-cropped wp-block-gallery-2 is-layout-flex wp-block-gallery-is-layout-flex\">\n<figure class=\"wp-block-image size-large\"><img loading=\"lazy\" decoding=\"async\" width=\"974\" height=\"651\" data-id=\"116165\" src=\"https:\/\/infoecos.com.ar\/wp-content\/uploads\/2023\/12\/Consejeros-escolares-1.jpg\" alt=\"\" class=\"wp-image-116165\" srcset=\"https:\/\/infoecos.com.ar\/wp-content\/uploads\/2023\/12\/Consejeros-escolares-1.jpg 974w, https:\/\/infoecos.com.ar\/wp-content\/uploads\/2023\/12\/Consejeros-escolares-1-800x535.jpg 800w, https:\/\/infoecos.com.ar\/wp-content\/uploads\/2023\/12\/Consejeros-escolares-1-768x513.jpg 768w, https:\/\/infoecos.com.ar\/wp-content\/uploads\/2023\/12\/Consejeros-escolares-1-675x450.jpg 675w\" sizes=\"(max-width: 974px) 100vw, 974px\" \/><figcaption class=\"wp-element-caption\">Consejeros Escolares <\/figcaption><\/figure>\n\n\n\n<figure class=\"wp-block-image size-large\"><img loading=\"lazy\" decoding=\"async\" width=\"974\" height=\"651\" data-id=\"116168\" src=\"https:\/\/infoecos.com.ar\/wp-content\/uploads\/2023\/12\/Consejeros-escolares-5.jpg\" alt=\"\" class=\"wp-image-116168\" srcset=\"https:\/\/infoecos.com.ar\/wp-content\/uploads\/2023\/12\/Consejeros-escolares-5.jpg 974w, https:\/\/infoecos.com.ar\/wp-content\/uploads\/2023\/12\/Consejeros-escolares-5-800x535.jpg 800w, https:\/\/infoecos.com.ar\/wp-content\/uploads\/2023\/12\/Consejeros-escolares-5-768x513.jpg 768w, https:\/\/infoecos.com.ar\/wp-content\/uploads\/2023\/12\/Consejeros-escolares-5-675x450.jpg 675w\" sizes=\"(max-width: 974px) 100vw, 974px\" \/><figcaption class=\"wp-element-caption\">Consejeros Escolares <\/figcaption><\/figure>\n<\/figure>\n\n\n\n<p>El Intendente municipal, Francisco Recoulat felicit\u00f3 a los consejeros que asumieron y a los salientes por el trabajo realizado y se comprometi\u00f3 \u201ca seguir trabajando en conjunto desde el Municipio para encontrar las mejores soluciones para la comunidad\u201d. Inform\u00f3 que dispuso la designaci\u00f3n de Marisol Basso como directora de Educaci\u00f3n del Municipio, destacando su trayectoria como consejera escolar y en el Concejo Deliberante ejerciendo la presidencia de la Comisi\u00f3n de Cultura y Educaci\u00f3n: \u201cTiene la experiencia y las ganas de trabajar en conjunto y articular desde lo municipal con el Consejo Escolar y junto a instituciones locales y entidades educativas de la Provincia\u201d.<\/p>\n\n\n\n<p><\/p>\n","protected":false},"excerpt":{"rendered":"<p>La nueva conformaci\u00f3n del cuerpo qued\u00f3 integrada por David Siles Torrico (Presidente), Rosario Mor\u00e1n (Vicepresidenta), Ra\u00fal Gonz\u00e1lez (Secretario), Silvia S\u00e1nchez (Tesorera), Norma Zangirolami (Vocal 1) y Mauricio Nicotena (Vocal 2)<\/p>\n","protected":false},"author":2,"featured_media":116167,"comment_status":"closed","ping_status":"open","sticky":false,"template":"","format":"standard","meta":{"footnotes":""},"categories":[1330],"tags":[9692],"class_list":["post-116160","post","type-post","status-publish","format-standard","has-post-thumbnail","hentry","category-inferior10","tag-al-acto-asistio-recoulat"],"yoast_head":"<!-- This site is optimized with the Yoast SEO plugin v23.4 - https:\/\/yoast.com\/wordpress\/plugins\/seo\/ -->\n<title>David Siles Torrico seguir\u00e1 al frente del Consejo Escolar de Trenque Lauquen - Infoecos<\/title>\n<meta name=\"robots\" content=\"index, follow, max-snippet:-1, max-image-preview:large, max-video-preview:-1\" \/>\n<link rel=\"canonical\" href=\"https:\/\/infoecos.com.ar\/index.php\/david-siles-torrico-seguira-al-frente-del-consejo-escolar-de-trenque-lauquen\/\" \/>\n<meta property=\"og:locale\" content=\"es_ES\" \/>\n<meta property=\"og:type\" content=\"article\" \/>\n<meta property=\"og:title\" content=\"David Siles Torrico seguir\u00e1 al frente del Consejo Escolar de Trenque Lauquen - Infoecos\" \/>\n<meta property=\"og:description\" content=\"La nueva conformaci\u00f3n del cuerpo qued\u00f3 integrada por David Siles Torrico (Presidente), Rosario Mor\u00e1n (Vicepresidenta), Ra\u00fal Gonz\u00e1lez (Secretario), Silvia S\u00e1nchez (Tesorera), Norma Zangirolami (Vocal 1) y Mauricio Nicotena (Vocal 2)\" \/>\n<meta property=\"og:url\" content=\"https:\/\/infoecos.com.ar\/index.php\/david-siles-torrico-seguira-al-frente-del-consejo-escolar-de-trenque-lauquen\/\" \/>\n<meta property=\"og:site_name\" content=\"Infoecos\" \/>\n<meta property=\"article:publisher\" content=\"https:\/\/www.facebook.com\/profile.php?id=100063200290284\" \/>\n<meta property=\"article:published_time\" content=\"2023-12-11T20:26:34+00:00\" \/>\n<meta property=\"article:modified_time\" content=\"2023-12-15T03:10:10+00:00\" \/>\n<meta property=\"og:image\" content=\"https:\/\/infoecos.com.ar\/wp-content\/uploads\/2023\/12\/Consejeros-escolares-3-1.jpg\" \/>\n\t<meta property=\"og:image:width\" content=\"974\" \/>\n\t<meta property=\"og:image:height\" content=\"651\" \/>\n\t<meta property=\"og:image:type\" content=\"image\/jpeg\" \/>\n<meta name=\"author\" content=\"Jorge Matheus\" \/>\n<meta name=\"twitter:card\" content=\"summary_large_image\" \/>\n<meta name=\"twitter:creator\" content=\"@infoecos\" \/>\n<meta name=\"twitter:site\" content=\"@infoecos\" \/>\n<meta name=\"twitter:label1\" content=\"Escrito por\" \/>\n\t<meta name=\"twitter:data1\" content=\"Jorge Matheus\" \/>\n\t<meta name=\"twitter:label2\" content=\"Tiempo de lectura\" \/>\n\t<meta name=\"twitter:data2\" content=\"3 minutos\" \/>\n<script type=\"application\/ld+json\" class=\"yoast-schema-graph\">{\"@context\":\"https:\/\/schema.org\",\"@graph\":[{\"@type\":\"Article\",\"@id\":\"https:\/\/infoecos.com.ar\/index.php\/david-siles-torrico-seguira-al-frente-del-consejo-escolar-de-trenque-lauquen\/#article\",\"isPartOf\":{\"@id\":\"https:\/\/infoecos.com.ar\/index.php\/david-siles-torrico-seguira-al-frente-del-consejo-escolar-de-trenque-lauquen\/\"},\"author\":{\"name\":\"Jorge Matheus\",\"@id\":\"https:\/\/infoecos.com.ar\/#\/schema\/person\/8f5ace5ce73b4b4aac4b7245aee6f191\"},\"headline\":\"David Siles Torrico seguir\u00e1 al frente del Consejo Escolar de Trenque Lauquen\",\"datePublished\":\"2023-12-11T20:26:34+00:00\",\"dateModified\":\"2023-12-15T03:10:10+00:00\",\"mainEntityOfPage\":{\"@id\":\"https:\/\/infoecos.com.ar\/index.php\/david-siles-torrico-seguira-al-frente-del-consejo-escolar-de-trenque-lauquen\/\"},\"wordCount\":257,\"publisher\":{\"@id\":\"https:\/\/infoecos.com.ar\/#organization\"},\"image\":{\"@id\":\"https:\/\/infoecos.com.ar\/index.php\/david-siles-torrico-seguira-al-frente-del-consejo-escolar-de-trenque-lauquen\/#primaryimage\"},\"thumbnailUrl\":\"https:\/\/infoecos.com.ar\/wp-content\/uploads\/2023\/12\/Consejeros-escolares-3-1.jpg\",\"keywords\":[\"AL ACTO ASISTI\u00d3 RECOULAT\"],\"articleSection\":[\"Bloque inferior - 10\"],\"inLanguage\":\"es\"},{\"@type\":\"WebPage\",\"@id\":\"https:\/\/infoecos.com.ar\/index.php\/david-siles-torrico-seguira-al-frente-del-consejo-escolar-de-trenque-lauquen\/\",\"url\":\"https:\/\/infoecos.com.ar\/index.php\/david-siles-torrico-seguira-al-frente-del-consejo-escolar-de-trenque-lauquen\/\",\"name\":\"David Siles Torrico seguir\u00e1 al frente del Consejo Escolar de Trenque Lauquen - Infoecos\",\"isPartOf\":{\"@id\":\"https:\/\/infoecos.com.ar\/#website\"},\"primaryImageOfPage\":{\"@id\":\"https:\/\/infoecos.com.ar\/index.php\/david-siles-torrico-seguira-al-frente-del-consejo-escolar-de-trenque-lauquen\/#primaryimage\"},\"image\":{\"@id\":\"https:\/\/infoecos.com.ar\/index.php\/david-siles-torrico-seguira-al-frente-del-consejo-escolar-de-trenque-lauquen\/#primaryimage\"},\"thumbnailUrl\":\"https:\/\/infoecos.com.ar\/wp-content\/uploads\/2023\/12\/Consejeros-escolares-3-1.jpg\",\"datePublished\":\"2023-12-11T20:26:34+00:00\",\"dateModified\":\"2023-12-15T03:10:10+00:00\",\"breadcrumb\":{\"@id\":\"https:\/\/infoecos.com.ar\/index.php\/david-siles-torrico-seguira-al-frente-del-consejo-escolar-de-trenque-lauquen\/#breadcrumb\"},\"inLanguage\":\"es\",\"potentialAction\":[{\"@type\":\"ReadAction\",\"target\":[\"https:\/\/infoecos.com.ar\/index.php\/david-siles-torrico-seguira-al-frente-del-consejo-escolar-de-trenque-lauquen\/\"]}]},{\"@type\":\"ImageObject\",\"inLanguage\":\"es\",\"@id\":\"https:\/\/infoecos.com.ar\/index.php\/david-siles-torrico-seguira-al-frente-del-consejo-escolar-de-trenque-lauquen\/#primaryimage\",\"url\":\"https:\/\/infoecos.com.ar\/wp-content\/uploads\/2023\/12\/Consejeros-escolares-3-1.jpg\",\"contentUrl\":\"https:\/\/infoecos.com.ar\/wp-content\/uploads\/2023\/12\/Consejeros-escolares-3-1.jpg\",\"width\":974,\"height\":651},{\"@type\":\"BreadcrumbList\",\"@id\":\"https:\/\/infoecos.com.ar\/index.php\/david-siles-torrico-seguira-al-frente-del-consejo-escolar-de-trenque-lauquen\/#breadcrumb\",\"itemListElement\":[{\"@type\":\"ListItem\",\"position\":1,\"name\":\"Portada\",\"item\":\"https:\/\/infoecos.com.ar\/\"},{\"@type\":\"ListItem\",\"position\":2,\"name\":\"David Siles Torrico seguir\u00e1 al frente del Consejo Escolar de Trenque Lauquen\"}]},{\"@type\":\"WebSite\",\"@id\":\"https:\/\/infoecos.com.ar\/#website\",\"url\":\"https:\/\/infoecos.com.ar\/\",\"name\":\"Infoecos\",\"description\":\"Noticias de trenque lauquen y la zona\",\"publisher\":{\"@id\":\"https:\/\/infoecos.com.ar\/#organization\"},\"alternateName\":\"Noticias\",\"potentialAction\":[{\"@type\":\"SearchAction\",\"target\":{\"@type\":\"EntryPoint\",\"urlTemplate\":\"https:\/\/infoecos.com.ar\/?s={search_term_string}\"},\"query-input\":{\"@type\":\"PropertyValueSpecification\",\"valueRequired\":true,\"valueName\":\"search_term_string\"}}],\"inLanguage\":\"es\"},{\"@type\":\"Organization\",\"@id\":\"https:\/\/infoecos.com.ar\/#organization\",\"name\":\"Infoecos\",\"alternateName\":\"Noticias\",\"url\":\"https:\/\/infoecos.com.ar\/\",\"logo\":{\"@type\":\"ImageObject\",\"inLanguage\":\"es\",\"@id\":\"https:\/\/infoecos.com.ar\/#\/schema\/logo\/image\/\",\"url\":\"https:\/\/infoecos.com.ar\/wp-content\/uploads\/2024\/03\/cropped-logo.png\",\"contentUrl\":\"https:\/\/infoecos.com.ar\/wp-content\/uploads\/2024\/03\/cropped-logo.png\",\"width\":374,\"height\":90,\"caption\":\"Infoecos\"},\"image\":{\"@id\":\"https:\/\/infoecos.com.ar\/#\/schema\/logo\/image\/\"},\"sameAs\":[\"https:\/\/www.facebook.com\/profile.php?id=100063200290284\",\"https:\/\/x.com\/infoecos\"]},{\"@type\":\"Person\",\"@id\":\"https:\/\/infoecos.com.ar\/#\/schema\/person\/8f5ace5ce73b4b4aac4b7245aee6f191\",\"name\":\"Jorge Matheus\",\"url\":\"https:\/\/infoecos.com.ar\/index.php\/author\/jomatheus\/\"}]}<\/script>\n<!-- \/ Yoast SEO plugin. -->","yoast_head_json":{"title":"David Siles Torrico seguir\u00e1 al frente del Consejo Escolar de Trenque Lauquen - Infoecos","robots":{"index":"index","follow":"follow","max-snippet":"max-snippet:-1","max-image-preview":"max-image-preview:large","max-video-preview":"max-video-preview:-1"},"canonical":"https:\/\/infoecos.com.ar\/index.php\/david-siles-torrico-seguira-al-frente-del-consejo-escolar-de-trenque-lauquen\/","og_locale":"es_ES","og_type":"article","og_title":"David Siles Torrico seguir\u00e1 al frente del Consejo Escolar de Trenque Lauquen - Infoecos","og_description":"La nueva conformaci\u00f3n del cuerpo qued\u00f3 integrada por David Siles Torrico (Presidente), Rosario Mor\u00e1n (Vicepresidenta), Ra\u00fal Gonz\u00e1lez (Secretario), Silvia S\u00e1nchez (Tesorera), Norma Zangirolami (Vocal 1) y Mauricio Nicotena (Vocal 2)","og_url":"https:\/\/infoecos.com.ar\/index.php\/david-siles-torrico-seguira-al-frente-del-consejo-escolar-de-trenque-lauquen\/","og_site_name":"Infoecos","article_publisher":"https:\/\/www.facebook.com\/profile.php?id=100063200290284","article_published_time":"2023-12-11T20:26:34+00:00","article_modified_time":"2023-12-15T03:10:10+00:00","og_image":[{"width":974,"height":651,"url":"https:\/\/infoecos.com.ar\/wp-content\/uploads\/2023\/12\/Consejeros-escolares-3-1.jpg","type":"image\/jpeg"}],"author":"Jorge Matheus","twitter_card":"summary_large_image","twitter_creator":"@infoecos","twitter_site":"@infoecos","twitter_misc":{"Escrito por":"Jorge Matheus","Tiempo de lectura":"3 minutos"},"schema":{"@context":"https:\/\/schema.org","@graph":[{"@type":"Article","@id":"https:\/\/infoecos.com.ar\/index.php\/david-siles-torrico-seguira-al-frente-del-consejo-escolar-de-trenque-lauquen\/#article","isPartOf":{"@id":"https:\/\/infoecos.com.ar\/index.php\/david-siles-torrico-seguira-al-frente-del-consejo-escolar-de-trenque-lauquen\/"},"author":{"name":"Jorge Matheus","@id":"https:\/\/infoecos.com.ar\/#\/schema\/person\/8f5ace5ce73b4b4aac4b7245aee6f191"},"headline":"David Siles Torrico seguir\u00e1 al frente del Consejo Escolar de Trenque Lauquen","datePublished":"2023-12-11T20:26:34+00:00","dateModified":"2023-12-15T03:10:10+00:00","mainEntityOfPage":{"@id":"https:\/\/infoecos.com.ar\/index.php\/david-siles-torrico-seguira-al-frente-del-consejo-escolar-de-trenque-lauquen\/"},"wordCount":257,"publisher":{"@id":"https:\/\/infoecos.com.ar\/#organization"},"image":{"@id":"https:\/\/infoecos.com.ar\/index.php\/david-siles-torrico-seguira-al-frente-del-consejo-escolar-de-trenque-lauquen\/#primaryimage"},"thumbnailUrl":"https:\/\/infoecos.com.ar\/wp-content\/uploads\/2023\/12\/Consejeros-escolares-3-1.jpg","keywords":["AL ACTO ASISTI\u00d3 RECOULAT"],"articleSection":["Bloque inferior - 10"],"inLanguage":"es"},{"@type":"WebPage","@id":"https:\/\/infoecos.com.ar\/index.php\/david-siles-torrico-seguira-al-frente-del-consejo-escolar-de-trenque-lauquen\/","url":"https:\/\/infoecos.com.ar\/index.php\/david-siles-torrico-seguira-al-frente-del-consejo-escolar-de-trenque-lauquen\/","name":"David Siles Torrico seguir\u00e1 al frente del Consejo Escolar de Trenque Lauquen - Infoecos","isPartOf":{"@id":"https:\/\/infoecos.com.ar\/#website"},"primaryImageOfPage":{"@id":"https:\/\/infoecos.com.ar\/index.php\/david-siles-torrico-seguira-al-frente-del-consejo-escolar-de-trenque-lauquen\/#primaryimage"},"image":{"@id":"https:\/\/infoecos.com.ar\/index.php\/david-siles-torrico-seguira-al-frente-del-consejo-escolar-de-trenque-lauquen\/#primaryimage"},"thumbnailUrl":"https:\/\/infoecos.com.ar\/wp-content\/uploads\/2023\/12\/Consejeros-escolares-3-1.jpg","datePublished":"2023-12-11T20:26:34+00:00","dateModified":"2023-12-15T03:10:10+00:00","breadcrumb":{"@id":"https:\/\/infoecos.com.ar\/index.php\/david-siles-torrico-seguira-al-frente-del-consejo-escolar-de-trenque-lauquen\/#breadcrumb"},"inLanguage":"es","potentialAction":[{"@type":"ReadAction","target":["https:\/\/infoecos.com.ar\/index.php\/david-siles-torrico-seguira-al-frente-del-consejo-escolar-de-trenque-lauquen\/"]}]},{"@type":"ImageObject","inLanguage":"es","@id":"https:\/\/infoecos.com.ar\/index.php\/david-siles-torrico-seguira-al-frente-del-consejo-escolar-de-trenque-lauquen\/#primaryimage","url":"https:\/\/infoecos.com.ar\/wp-content\/uploads\/2023\/12\/Consejeros-escolares-3-1.jpg","contentUrl":"https:\/\/infoecos.com.ar\/wp-content\/uploads\/2023\/12\/Consejeros-escolares-3-1.jpg","width":974,"height":651},{"@type":"BreadcrumbList","@id":"https:\/\/infoecos.com.ar\/index.php\/david-siles-torrico-seguira-al-frente-del-consejo-escolar-de-trenque-lauquen\/#breadcrumb","itemListElement":[{"@type":"ListItem","position":1,"name":"Portada","item":"https:\/\/infoecos.com.ar\/"},{"@type":"ListItem","position":2,"name":"David Siles Torrico seguir\u00e1 al frente del Consejo Escolar de Trenque Lauquen"}]},{"@type":"WebSite","@id":"https:\/\/infoecos.com.ar\/#website","url":"https:\/\/infoecos.com.ar\/","name":"Infoecos","description":"Noticias de trenque lauquen y la zona","publisher":{"@id":"https:\/\/infoecos.com.ar\/#organization"},"alternateName":"Noticias","potentialAction":[{"@type":"SearchAction","target":{"@type":"EntryPoint","urlTemplate":"https:\/\/infoecos.com.ar\/?s={search_term_string}"},"query-input":{"@type":"PropertyValueSpecification","valueRequired":true,"valueName":"search_term_string"}}],"inLanguage":"es"},{"@type":"Organization","@id":"https:\/\/infoecos.com.ar\/#organization","name":"Infoecos","alternateName":"Noticias","url":"https:\/\/infoecos.com.ar\/","logo":{"@type":"ImageObject","inLanguage":"es","@id":"https:\/\/infoecos.com.ar\/#\/schema\/logo\/image\/","url":"https:\/\/infoecos.com.ar\/wp-content\/uploads\/2024\/03\/cropped-logo.png","contentUrl":"https:\/\/infoecos.com.ar\/wp-content\/uploads\/2024\/03\/cropped-logo.png","width":374,"height":90,"caption":"Infoecos"},"image":{"@id":"https:\/\/infoecos.com.ar\/#\/schema\/logo\/image\/"},"sameAs":["https:\/\/www.facebook.com\/profile.php?id=100063200290284","https:\/\/x.com\/infoecos"]},{"@type":"Person","@id":"https:\/\/infoecos.com.ar\/#\/schema\/person\/8f5ace5ce73b4b4aac4b7245aee6f191","name":"Jorge Matheus","url":"https:\/\/infoecos.com.ar\/index.php\/author\/jomatheus\/"}]}},"featured_image_urls":{"full":["https:\/\/infoecos.com.ar\/wp-content\/uploads\/2023\/12\/Consejeros-escolares-3-1.jpg",974,651,false],"thumbnail":["https:\/\/infoecos.com.ar\/wp-content\/uploads\/2023\/12\/Consejeros-escolares-3-1-300x150.jpg",300,150,true],"medium":["https:\/\/infoecos.com.ar\/wp-content\/uploads\/2023\/12\/Consejeros-escolares-3-1-800x535.jpg",800,535,true],"medium_large":["https:\/\/infoecos.com.ar\/wp-content\/uploads\/2023\/12\/Consejeros-escolares-3-1-768x513.jpg",640,428,true],"large":["https:\/\/infoecos.com.ar\/wp-content\/uploads\/2023\/12\/Consejeros-escolares-3-1.jpg",640,428,false],"1536x1536":["https:\/\/infoecos.com.ar\/wp-content\/uploads\/2023\/12\/Consejeros-escolares-3-1.jpg",974,651,false],"2048x2048":["https:\/\/infoecos.com.ar\/wp-content\/uploads\/2023\/12\/Consejeros-escolares-3-1.jpg",974,651,false],"covernews-slider-full":["https:\/\/infoecos.com.ar\/wp-content\/uploads\/2023\/12\/Consejeros-escolares-3-1.jpg",974,651,false],"covernews-slider-center":["https:\/\/infoecos.com.ar\/wp-content\/uploads\/2023\/12\/Consejeros-escolares-3-1-936x651.jpg",719,500,true],"covernews-featured":["https:\/\/infoecos.com.ar\/wp-content\/uploads\/2023\/12\/Consejeros-escolares-3-1.jpg",974,651,false],"covernews-medium":["https:\/\/infoecos.com.ar\/wp-content\/uploads\/2023\/12\/Consejeros-escolares-3-1-720x380.jpg",540,285,true],"covernews-medium-square":["https:\/\/infoecos.com.ar\/wp-content\/uploads\/2023\/12\/Consejeros-escolares-3-1-675x450.jpg",375,250,true]},"author_info":{"info":["Jorge Matheus"]},"category_info":"<a href=\"https:\/\/infoecos.com.ar\/index.php\/category\/inferior10\/\" rel=\"category tag\">Bloque inferior - 10<\/a>","tag_info":"Bloque inferior - 10","comment_count":"0","_links":{"self":[{"href":"https:\/\/infoecos.com.ar\/index.php\/wp-json\/wp\/v2\/posts\/116160"}],"collection":[{"href":"https:\/\/infoecos.com.ar\/index.php\/wp-json\/wp\/v2\/posts"}],"about":[{"href":"https:\/\/infoecos.com.ar\/index.php\/wp-json\/wp\/v2\/types\/post"}],"author":[{"embeddable":true,"href":"https:\/\/infoecos.com.ar\/index.php\/wp-json\/wp\/v2\/users\/2"}],"replies":[{"embeddable":true,"href":"https:\/\/infoecos.com.ar\/index.php\/wp-json\/wp\/v2\/comments?post=116160"}],"version-history":[{"count":1,"href":"https:\/\/infoecos.com.ar\/index.php\/wp-json\/wp\/v2\/posts\/116160\/revisions"}],"predecessor-version":[{"id":116170,"href":"https:\/\/infoecos.com.ar\/index.php\/wp-json\/wp\/v2\/posts\/116160\/revisions\/116170"}],"wp:featuredmedia":[{"embeddable":true,"href":"https:\/\/infoecos.com.ar\/index.php\/wp-json\/wp\/v2\/media\/116167"}],"wp:attachment":[{"href":"https:\/\/infoecos.com.ar\/index.php\/wp-json\/wp\/v2\/media?parent=116160"}],"wp:term":[{"taxonomy":"category","embeddable":true,"href":"https:\/\/infoecos.com.ar\/index.php\/wp-json\/wp\/v2\/categories?post=116160"},{"taxonomy":"post_tag","embeddable":true,"href":"https:\/\/infoecos.com.ar\/index.php\/wp-json\/wp\/v2\/tags?post=116160"}],"curies":[{"name":"wp","href":"https:\/\/api.w.org\/{rel}","templated":true}]}}