{"id":116177,"date":"2023-12-12T00:55:46","date_gmt":"2023-12-12T03:55:46","guid":{"rendered":"https:\/\/infoecos.com.ar\/?p=116177"},"modified":"2023-12-15T00:05:00","modified_gmt":"2023-12-15T03:05:00","slug":"martha-bathis-del-bloque-juntos-preside-el-concejo-deliberante-de-trenque-lauquen","status":"publish","type":"post","link":"https:\/\/infoecos.com.ar\/index.php\/martha-bathis-del-bloque-juntos-preside-el-concejo-deliberante-de-trenque-lauquen\/","title":{"rendered":"Martha Bathis, del bloque Juntos, preside el Concejo Deliberante de Trenque Lauquen"},"content":{"rendered":"\n<figure class=\"wp-block-image alignright size-full is-resized\"><img loading=\"lazy\" decoding=\"async\" src=\"https:\/\/infoecos.com.ar\/wp-content\/uploads\/2023\/12\/concejobathis.jpg\" alt=\"\" class=\"wp-image-116178\" width=\"324\" height=\"432\" srcset=\"https:\/\/infoecos.com.ar\/wp-content\/uploads\/2023\/12\/concejobathis.jpg 768w, https:\/\/infoecos.com.ar\/wp-content\/uploads\/2023\/12\/concejobathis-600x800.jpg 600w\" sizes=\"(max-width: 324px) 100vw, 324px\" \/><\/figure>\n\n\n\n<p>El Concejo Deliberante de Trenque Lauquen consagr\u00f3 por votaci\u00f3n un\u00e1nime a la concejal Marta Bathis (bloque Juntos) como nueva presidente del cuerpo para el per\u00edodo 2023-2025, sucediendo en el cargo a Alberto Rodr\u00edguez Mera. <\/p>\n\n\n\n<p>Marta Bathis tiene 34 a\u00f1os de edad en la actualidad. Est\u00e1 casada con Adri\u00e1n Renon, tiene dos hijos; Lucrecia de 9 y Mateo de 3. Marta es la quinta de 6 hermanos.<\/p>\n\n\n\n<p>Curs\u00f3 sus estudios en los niveles inicial, primario y secundario en el medio rural, de donde es oriunda y se cri\u00f3: en la Colonia Mart\u00edn Fierro. Posteriormente ya viviendo en Trenque Lauquen estudi\u00f3 la carrera de Historia en el ISFDyT n\u00b040, y est\u00e1 Diplomada en Ni\u00f1ez y Adolescencia por la Universidad de La Matanza. En el ejercicio de la profesi\u00f3n fue docente entre los a\u00f1os 2013 a 2018.<\/p>\n\n\n\n<p>Ocup\u00f3 la titularidad de la Oficina de Juventud, cargo que ejerci\u00f3 desde diciembre de 2015 a diciembre de 2021, momento en que ingres\u00f3 al Concejo Deliberante, habiendo ocupado el 6to lugar de la lista de JUNTOS que encabez\u00f3 el actual intendente electo, Francisco Recoulat.<\/p>\n\n\n\n<p>Fue delegada seccional por la Juventud del radicalismo en el per\u00edodo 2018-2019, y posteriormente vocal titular del Partido en el per\u00edodo 2020 \u2013 2022.<\/p>\n\n\n\n<p>Se desempe\u00f1\u00f3 hasta el d\u00eda de ayer como titular de la Comisi\u00f3n de Salud del Concejo Deliberante. <\/p>\n","protected":false},"excerpt":{"rendered":"<p>Para el per\u00edodo 2023-2025, sucediendo en el cargo a Alberto Rodr\u00edguez Mera<\/p>\n","protected":false},"author":2,"featured_media":116180,"comment_status":"closed","ping_status":"open","sticky":false,"template":"","format":"standard","meta":{"footnotes":""},"categories":[200],"tags":[9694],"class_list":["post-116177","post","type-post","status-publish","format-standard","has-post-thumbnail","hentry","category-inferior8","tag-elegida-por-unanimidad"],"yoast_head":"<!-- This site is optimized with the Yoast SEO plugin v23.4 - https:\/\/yoast.com\/wordpress\/plugins\/seo\/ -->\n<title>Martha Bathis, del bloque Juntos, preside el Concejo Deliberante de Trenque Lauquen - Infoecos<\/title>\n<meta name=\"robots\" content=\"index, follow, max-snippet:-1, max-image-preview:large, max-video-preview:-1\" \/>\n<link rel=\"canonical\" href=\"https:\/\/infoecos.com.ar\/index.php\/martha-bathis-del-bloque-juntos-preside-el-concejo-deliberante-de-trenque-lauquen\/\" \/>\n<meta property=\"og:locale\" content=\"es_ES\" \/>\n<meta property=\"og:type\" content=\"article\" \/>\n<meta property=\"og:title\" content=\"Martha Bathis, del bloque Juntos, preside el Concejo Deliberante de Trenque Lauquen - Infoecos\" \/>\n<meta property=\"og:description\" content=\"Para el per\u00edodo 2023-2025, sucediendo en el cargo a Alberto Rodr\u00edguez Mera\" \/>\n<meta property=\"og:url\" content=\"https:\/\/infoecos.com.ar\/index.php\/martha-bathis-del-bloque-juntos-preside-el-concejo-deliberante-de-trenque-lauquen\/\" \/>\n<meta property=\"og:site_name\" content=\"Infoecos\" \/>\n<meta property=\"article:publisher\" content=\"https:\/\/www.facebook.com\/profile.php?id=100063200290284\" \/>\n<meta property=\"article:published_time\" content=\"2023-12-12T03:55:46+00:00\" \/>\n<meta property=\"article:modified_time\" content=\"2023-12-15T03:05:00+00:00\" \/>\n<meta property=\"og:image\" content=\"https:\/\/infoecos.com.ar\/wp-content\/uploads\/2023\/12\/MARRTHACONCEJO.jpg\" \/>\n\t<meta property=\"og:image:width\" content=\"764\" \/>\n\t<meta property=\"og:image:height\" content=\"589\" \/>\n\t<meta property=\"og:image:type\" content=\"image\/jpeg\" \/>\n<meta name=\"author\" content=\"Jorge Matheus\" \/>\n<meta name=\"twitter:card\" content=\"summary_large_image\" \/>\n<meta name=\"twitter:creator\" content=\"@infoecos\" \/>\n<meta name=\"twitter:site\" content=\"@infoecos\" \/>\n<meta name=\"twitter:label1\" content=\"Escrito por\" \/>\n\t<meta name=\"twitter:data1\" content=\"Jorge Matheus\" \/>\n\t<meta name=\"twitter:label2\" content=\"Tiempo de lectura\" \/>\n\t<meta name=\"twitter:data2\" content=\"2 minutos\" \/>\n<script type=\"application\/ld+json\" class=\"yoast-schema-graph\">{\"@context\":\"https:\/\/schema.org\",\"@graph\":[{\"@type\":\"Article\",\"@id\":\"https:\/\/infoecos.com.ar\/index.php\/martha-bathis-del-bloque-juntos-preside-el-concejo-deliberante-de-trenque-lauquen\/#article\",\"isPartOf\":{\"@id\":\"https:\/\/infoecos.com.ar\/index.php\/martha-bathis-del-bloque-juntos-preside-el-concejo-deliberante-de-trenque-lauquen\/\"},\"author\":{\"name\":\"Jorge Matheus\",\"@id\":\"https:\/\/infoecos.com.ar\/#\/schema\/person\/8f5ace5ce73b4b4aac4b7245aee6f191\"},\"headline\":\"Martha Bathis, del bloque Juntos, preside el Concejo Deliberante de Trenque Lauquen\",\"datePublished\":\"2023-12-12T03:55:46+00:00\",\"dateModified\":\"2023-12-15T03:05:00+00:00\",\"mainEntityOfPage\":{\"@id\":\"https:\/\/infoecos.com.ar\/index.php\/martha-bathis-del-bloque-juntos-preside-el-concejo-deliberante-de-trenque-lauquen\/\"},\"wordCount\":234,\"publisher\":{\"@id\":\"https:\/\/infoecos.com.ar\/#organization\"},\"image\":{\"@id\":\"https:\/\/infoecos.com.ar\/index.php\/martha-bathis-del-bloque-juntos-preside-el-concejo-deliberante-de-trenque-lauquen\/#primaryimage\"},\"thumbnailUrl\":\"https:\/\/infoecos.com.ar\/wp-content\/uploads\/2023\/12\/MARRTHACONCEJO.jpg\",\"keywords\":[\"ELEGIDA POR UNANIMIDAD\"],\"articleSection\":[\"Bloque inferior - 8\"],\"inLanguage\":\"es\"},{\"@type\":\"WebPage\",\"@id\":\"https:\/\/infoecos.com.ar\/index.php\/martha-bathis-del-bloque-juntos-preside-el-concejo-deliberante-de-trenque-lauquen\/\",\"url\":\"https:\/\/infoecos.com.ar\/index.php\/martha-bathis-del-bloque-juntos-preside-el-concejo-deliberante-de-trenque-lauquen\/\",\"name\":\"Martha Bathis, del bloque Juntos, preside el Concejo Deliberante de Trenque Lauquen - Infoecos\",\"isPartOf\":{\"@id\":\"https:\/\/infoecos.com.ar\/#website\"},\"primaryImageOfPage\":{\"@id\":\"https:\/\/infoecos.com.ar\/index.php\/martha-bathis-del-bloque-juntos-preside-el-concejo-deliberante-de-trenque-lauquen\/#primaryimage\"},\"image\":{\"@id\":\"https:\/\/infoecos.com.ar\/index.php\/martha-bathis-del-bloque-juntos-preside-el-concejo-deliberante-de-trenque-lauquen\/#primaryimage\"},\"thumbnailUrl\":\"https:\/\/infoecos.com.ar\/wp-content\/uploads\/2023\/12\/MARRTHACONCEJO.jpg\",\"datePublished\":\"2023-12-12T03:55:46+00:00\",\"dateModified\":\"2023-12-15T03:05:00+00:00\",\"breadcrumb\":{\"@id\":\"https:\/\/infoecos.com.ar\/index.php\/martha-bathis-del-bloque-juntos-preside-el-concejo-deliberante-de-trenque-lauquen\/#breadcrumb\"},\"inLanguage\":\"es\",\"potentialAction\":[{\"@type\":\"ReadAction\",\"target\":[\"https:\/\/infoecos.com.ar\/index.php\/martha-bathis-del-bloque-juntos-preside-el-concejo-deliberante-de-trenque-lauquen\/\"]}]},{\"@type\":\"ImageObject\",\"inLanguage\":\"es\",\"@id\":\"https:\/\/infoecos.com.ar\/index.php\/martha-bathis-del-bloque-juntos-preside-el-concejo-deliberante-de-trenque-lauquen\/#primaryimage\",\"url\":\"https:\/\/infoecos.com.ar\/wp-content\/uploads\/2023\/12\/MARRTHACONCEJO.jpg\",\"contentUrl\":\"https:\/\/infoecos.com.ar\/wp-content\/uploads\/2023\/12\/MARRTHACONCEJO.jpg\",\"width\":764,\"height\":589},{\"@type\":\"BreadcrumbList\",\"@id\":\"https:\/\/infoecos.com.ar\/index.php\/martha-bathis-del-bloque-juntos-preside-el-concejo-deliberante-de-trenque-lauquen\/#breadcrumb\",\"itemListElement\":[{\"@type\":\"ListItem\",\"position\":1,\"name\":\"Portada\",\"item\":\"https:\/\/infoecos.com.ar\/\"},{\"@type\":\"ListItem\",\"position\":2,\"name\":\"Martha Bathis, del bloque Juntos, preside el Concejo Deliberante de Trenque Lauquen\"}]},{\"@type\":\"WebSite\",\"@id\":\"https:\/\/infoecos.com.ar\/#website\",\"url\":\"https:\/\/infoecos.com.ar\/\",\"name\":\"Infoecos\",\"description\":\"Noticias de trenque lauquen y la zona\",\"publisher\":{\"@id\":\"https:\/\/infoecos.com.ar\/#organization\"},\"alternateName\":\"Noticias\",\"potentialAction\":[{\"@type\":\"SearchAction\",\"target\":{\"@type\":\"EntryPoint\",\"urlTemplate\":\"https:\/\/infoecos.com.ar\/?s={search_term_string}\"},\"query-input\":{\"@type\":\"PropertyValueSpecification\",\"valueRequired\":true,\"valueName\":\"search_term_string\"}}],\"inLanguage\":\"es\"},{\"@type\":\"Organization\",\"@id\":\"https:\/\/infoecos.com.ar\/#organization\",\"name\":\"Infoecos\",\"alternateName\":\"Noticias\",\"url\":\"https:\/\/infoecos.com.ar\/\",\"logo\":{\"@type\":\"ImageObject\",\"inLanguage\":\"es\",\"@id\":\"https:\/\/infoecos.com.ar\/#\/schema\/logo\/image\/\",\"url\":\"https:\/\/infoecos.com.ar\/wp-content\/uploads\/2024\/03\/cropped-logo.png\",\"contentUrl\":\"https:\/\/infoecos.com.ar\/wp-content\/uploads\/2024\/03\/cropped-logo.png\",\"width\":374,\"height\":90,\"caption\":\"Infoecos\"},\"image\":{\"@id\":\"https:\/\/infoecos.com.ar\/#\/schema\/logo\/image\/\"},\"sameAs\":[\"https:\/\/www.facebook.com\/profile.php?id=100063200290284\",\"https:\/\/x.com\/infoecos\"]},{\"@type\":\"Person\",\"@id\":\"https:\/\/infoecos.com.ar\/#\/schema\/person\/8f5ace5ce73b4b4aac4b7245aee6f191\",\"name\":\"Jorge Matheus\",\"url\":\"https:\/\/infoecos.com.ar\/index.php\/author\/jomatheus\/\"}]}<\/script>\n<!-- \/ Yoast SEO plugin. -->","yoast_head_json":{"title":"Martha Bathis, del bloque Juntos, preside el Concejo Deliberante de Trenque Lauquen - Infoecos","robots":{"index":"index","follow":"follow","max-snippet":"max-snippet:-1","max-image-preview":"max-image-preview:large","max-video-preview":"max-video-preview:-1"},"canonical":"https:\/\/infoecos.com.ar\/index.php\/martha-bathis-del-bloque-juntos-preside-el-concejo-deliberante-de-trenque-lauquen\/","og_locale":"es_ES","og_type":"article","og_title":"Martha Bathis, del bloque Juntos, preside el Concejo Deliberante de Trenque Lauquen - Infoecos","og_description":"Para el per\u00edodo 2023-2025, sucediendo en el cargo a Alberto Rodr\u00edguez Mera","og_url":"https:\/\/infoecos.com.ar\/index.php\/martha-bathis-del-bloque-juntos-preside-el-concejo-deliberante-de-trenque-lauquen\/","og_site_name":"Infoecos","article_publisher":"https:\/\/www.facebook.com\/profile.php?id=100063200290284","article_published_time":"2023-12-12T03:55:46+00:00","article_modified_time":"2023-12-15T03:05:00+00:00","og_image":[{"width":764,"height":589,"url":"https:\/\/infoecos.com.ar\/wp-content\/uploads\/2023\/12\/MARRTHACONCEJO.jpg","type":"image\/jpeg"}],"author":"Jorge Matheus","twitter_card":"summary_large_image","twitter_creator":"@infoecos","twitter_site":"@infoecos","twitter_misc":{"Escrito por":"Jorge Matheus","Tiempo de lectura":"2 minutos"},"schema":{"@context":"https:\/\/schema.org","@graph":[{"@type":"Article","@id":"https:\/\/infoecos.com.ar\/index.php\/martha-bathis-del-bloque-juntos-preside-el-concejo-deliberante-de-trenque-lauquen\/#article","isPartOf":{"@id":"https:\/\/infoecos.com.ar\/index.php\/martha-bathis-del-bloque-juntos-preside-el-concejo-deliberante-de-trenque-lauquen\/"},"author":{"name":"Jorge Matheus","@id":"https:\/\/infoecos.com.ar\/#\/schema\/person\/8f5ace5ce73b4b4aac4b7245aee6f191"},"headline":"Martha Bathis, del bloque Juntos, preside el Concejo Deliberante de Trenque Lauquen","datePublished":"2023-12-12T03:55:46+00:00","dateModified":"2023-12-15T03:05:00+00:00","mainEntityOfPage":{"@id":"https:\/\/infoecos.com.ar\/index.php\/martha-bathis-del-bloque-juntos-preside-el-concejo-deliberante-de-trenque-lauquen\/"},"wordCount":234,"publisher":{"@id":"https:\/\/infoecos.com.ar\/#organization"},"image":{"@id":"https:\/\/infoecos.com.ar\/index.php\/martha-bathis-del-bloque-juntos-preside-el-concejo-deliberante-de-trenque-lauquen\/#primaryimage"},"thumbnailUrl":"https:\/\/infoecos.com.ar\/wp-content\/uploads\/2023\/12\/MARRTHACONCEJO.jpg","keywords":["ELEGIDA POR UNANIMIDAD"],"articleSection":["Bloque inferior - 8"],"inLanguage":"es"},{"@type":"WebPage","@id":"https:\/\/infoecos.com.ar\/index.php\/martha-bathis-del-bloque-juntos-preside-el-concejo-deliberante-de-trenque-lauquen\/","url":"https:\/\/infoecos.com.ar\/index.php\/martha-bathis-del-bloque-juntos-preside-el-concejo-deliberante-de-trenque-lauquen\/","name":"Martha Bathis, del bloque Juntos, preside el Concejo Deliberante de Trenque Lauquen - Infoecos","isPartOf":{"@id":"https:\/\/infoecos.com.ar\/#website"},"primaryImageOfPage":{"@id":"https:\/\/infoecos.com.ar\/index.php\/martha-bathis-del-bloque-juntos-preside-el-concejo-deliberante-de-trenque-lauquen\/#primaryimage"},"image":{"@id":"https:\/\/infoecos.com.ar\/index.php\/martha-bathis-del-bloque-juntos-preside-el-concejo-deliberante-de-trenque-lauquen\/#primaryimage"},"thumbnailUrl":"https:\/\/infoecos.com.ar\/wp-content\/uploads\/2023\/12\/MARRTHACONCEJO.jpg","datePublished":"2023-12-12T03:55:46+00:00","dateModified":"2023-12-15T03:05:00+00:00","breadcrumb":{"@id":"https:\/\/infoecos.com.ar\/index.php\/martha-bathis-del-bloque-juntos-preside-el-concejo-deliberante-de-trenque-lauquen\/#breadcrumb"},"inLanguage":"es","potentialAction":[{"@type":"ReadAction","target":["https:\/\/infoecos.com.ar\/index.php\/martha-bathis-del-bloque-juntos-preside-el-concejo-deliberante-de-trenque-lauquen\/"]}]},{"@type":"ImageObject","inLanguage":"es","@id":"https:\/\/infoecos.com.ar\/index.php\/martha-bathis-del-bloque-juntos-preside-el-concejo-deliberante-de-trenque-lauquen\/#primaryimage","url":"https:\/\/infoecos.com.ar\/wp-content\/uploads\/2023\/12\/MARRTHACONCEJO.jpg","contentUrl":"https:\/\/infoecos.com.ar\/wp-content\/uploads\/2023\/12\/MARRTHACONCEJO.jpg","width":764,"height":589},{"@type":"BreadcrumbList","@id":"https:\/\/infoecos.com.ar\/index.php\/martha-bathis-del-bloque-juntos-preside-el-concejo-deliberante-de-trenque-lauquen\/#breadcrumb","itemListElement":[{"@type":"ListItem","position":1,"name":"Portada","item":"https:\/\/infoecos.com.ar\/"},{"@type":"ListItem","position":2,"name":"Martha Bathis, del bloque Juntos, preside el Concejo Deliberante de Trenque Lauquen"}]},{"@type":"WebSite","@id":"https:\/\/infoecos.com.ar\/#website","url":"https:\/\/infoecos.com.ar\/","name":"Infoecos","description":"Noticias de trenque lauquen y la zona","publisher":{"@id":"https:\/\/infoecos.com.ar\/#organization"},"alternateName":"Noticias","potentialAction":[{"@type":"SearchAction","target":{"@type":"EntryPoint","urlTemplate":"https:\/\/infoecos.com.ar\/?s={search_term_string}"},"query-input":{"@type":"PropertyValueSpecification","valueRequired":true,"valueName":"search_term_string"}}],"inLanguage":"es"},{"@type":"Organization","@id":"https:\/\/infoecos.com.ar\/#organization","name":"Infoecos","alternateName":"Noticias","url":"https:\/\/infoecos.com.ar\/","logo":{"@type":"ImageObject","inLanguage":"es","@id":"https:\/\/infoecos.com.ar\/#\/schema\/logo\/image\/","url":"https:\/\/infoecos.com.ar\/wp-content\/uploads\/2024\/03\/cropped-logo.png","contentUrl":"https:\/\/infoecos.com.ar\/wp-content\/uploads\/2024\/03\/cropped-logo.png","width":374,"height":90,"caption":"Infoecos"},"image":{"@id":"https:\/\/infoecos.com.ar\/#\/schema\/logo\/image\/"},"sameAs":["https:\/\/www.facebook.com\/profile.php?id=100063200290284","https:\/\/x.com\/infoecos"]},{"@type":"Person","@id":"https:\/\/infoecos.com.ar\/#\/schema\/person\/8f5ace5ce73b4b4aac4b7245aee6f191","name":"Jorge Matheus","url":"https:\/\/infoecos.com.ar\/index.php\/author\/jomatheus\/"}]}},"featured_image_urls":{"full":["https:\/\/infoecos.com.ar\/wp-content\/uploads\/2023\/12\/MARRTHACONCEJO.jpg",764,589,false],"thumbnail":["https:\/\/infoecos.com.ar\/wp-content\/uploads\/2023\/12\/MARRTHACONCEJO-300x150.jpg",300,150,true],"medium":["https:\/\/infoecos.com.ar\/wp-content\/uploads\/2023\/12\/MARRTHACONCEJO.jpg",764,589,false],"medium_large":["https:\/\/infoecos.com.ar\/wp-content\/uploads\/2023\/12\/MARRTHACONCEJO.jpg",640,493,false],"large":["https:\/\/infoecos.com.ar\/wp-content\/uploads\/2023\/12\/MARRTHACONCEJO.jpg",640,493,false],"1536x1536":["https:\/\/infoecos.com.ar\/wp-content\/uploads\/2023\/12\/MARRTHACONCEJO.jpg",764,589,false],"2048x2048":["https:\/\/infoecos.com.ar\/wp-content\/uploads\/2023\/12\/MARRTHACONCEJO.jpg",764,589,false],"covernews-slider-full":["https:\/\/infoecos.com.ar\/wp-content\/uploads\/2023\/12\/MARRTHACONCEJO.jpg",764,589,false],"covernews-slider-center":["https:\/\/infoecos.com.ar\/wp-content\/uploads\/2023\/12\/MARRTHACONCEJO.jpg",649,500,false],"covernews-featured":["https:\/\/infoecos.com.ar\/wp-content\/uploads\/2023\/12\/MARRTHACONCEJO.jpg",764,589,false],"covernews-medium":["https:\/\/infoecos.com.ar\/wp-content\/uploads\/2023\/12\/MARRTHACONCEJO-720x380.jpg",540,285,true],"covernews-medium-square":["https:\/\/infoecos.com.ar\/wp-content\/uploads\/2023\/12\/MARRTHACONCEJO-675x450.jpg",375,250,true]},"author_info":{"info":["Jorge Matheus"]},"category_info":"<a href=\"https:\/\/infoecos.com.ar\/index.php\/category\/inferior8\/\" rel=\"category tag\">Bloque inferior - 8<\/a>","tag_info":"Bloque inferior - 8","comment_count":"0","_links":{"self":[{"href":"https:\/\/infoecos.com.ar\/index.php\/wp-json\/wp\/v2\/posts\/116177"}],"collection":[{"href":"https:\/\/infoecos.com.ar\/index.php\/wp-json\/wp\/v2\/posts"}],"about":[{"href":"https:\/\/infoecos.com.ar\/index.php\/wp-json\/wp\/v2\/types\/post"}],"author":[{"embeddable":true,"href":"https:\/\/infoecos.com.ar\/index.php\/wp-json\/wp\/v2\/users\/2"}],"replies":[{"embeddable":true,"href":"https:\/\/infoecos.com.ar\/index.php\/wp-json\/wp\/v2\/comments?post=116177"}],"version-history":[{"count":1,"href":"https:\/\/infoecos.com.ar\/index.php\/wp-json\/wp\/v2\/posts\/116177\/revisions"}],"predecessor-version":[{"id":116181,"href":"https:\/\/infoecos.com.ar\/index.php\/wp-json\/wp\/v2\/posts\/116177\/revisions\/116181"}],"wp:featuredmedia":[{"embeddable":true,"href":"https:\/\/infoecos.com.ar\/index.php\/wp-json\/wp\/v2\/media\/116180"}],"wp:attachment":[{"href":"https:\/\/infoecos.com.ar\/index.php\/wp-json\/wp\/v2\/media?parent=116177"}],"wp:term":[{"taxonomy":"category","embeddable":true,"href":"https:\/\/infoecos.com.ar\/index.php\/wp-json\/wp\/v2\/categories?post=116177"},{"taxonomy":"post_tag","embeddable":true,"href":"https:\/\/infoecos.com.ar\/index.php\/wp-json\/wp\/v2\/tags?post=116177"}],"curies":[{"name":"wp","href":"https:\/\/api.w.org\/{rel}","templated":true}]}}