{"id":116195,"date":"2023-12-12T01:38:18","date_gmt":"2023-12-12T04:38:18","guid":{"rendered":"https:\/\/infoecos.com.ar\/?p=116195"},"modified":"2023-12-12T01:38:19","modified_gmt":"2023-12-12T04:38:19","slug":"llegaron-a-la-pampa-los-cuerpos-del-intendente-de-san-martin-raul-espir-y-del-escribano-sergio-berardo","status":"publish","type":"post","link":"https:\/\/infoecos.com.ar\/index.php\/llegaron-a-la-pampa-los-cuerpos-del-intendente-de-san-martin-raul-espir-y-del-escribano-sergio-berardo\/","title":{"rendered":"Llegaron a La Pampa los cuerpos del intendente de San Mart\u00edn, Ra\u00fal Espir, y del escribano Sergio Berardo"},"content":{"rendered":"\n<figure class=\"wp-block-image alignright size-full is-resized\"><img loading=\"lazy\" decoding=\"async\" src=\"https:\/\/infoecos.com.ar\/wp-content\/uploads\/2023\/12\/image-59.png\" alt=\"\" class=\"wp-image-116196\" width=\"400\" height=\"160\"\/><\/figure>\n\n\n\n<p>Los cuerpos\u00a0<strong>del intendente de San Mart\u00edn, Ra\u00fal Espir y del escribano Sergio Berardo<\/strong>,\u00a0arribaron este lunes a la noche a la capital pampeana, en un avi\u00f3n contratado por el Gobierno Provincial. <\/p>\n\n\n\n<p>Los pampeanos Ra\u00fal Espir y Sergio Berardo y el mendocino Ignacio Lucero murieron por \u00abhipotermia accidental\u00bb, seg\u00fan revel\u00f3 el Servicio M\u00e9dico Legal Chileno luego de la autopsia correspondiente de los cuerpos.<strong>\u00a0La hipotermia accidental es \u00abel descenso no intencionado de la temperatura corporal central (TCC) por debajo de los 35\u00b0C\u00bb<\/strong>.<\/p>\n\n\n\n<p>En el caso de Espir y Berardo, los cuerpos llegaron este lunes a la noche, pasadas las 23:30 horas, al Aeropuerto de Santa Rosa por medio de un avi\u00f3n contratado por la Provincia.<\/p>\n\n\n\n<figure class=\"wp-block-image alignright size-full is-resized\"><img loading=\"lazy\" decoding=\"async\" src=\"https:\/\/infoecos.com.ar\/wp-content\/uploads\/2023\/12\/image-60.png\" alt=\"\" class=\"wp-image-116197\" width=\"395\" height=\"210\" srcset=\"https:\/\/infoecos.com.ar\/wp-content\/uploads\/2023\/12\/image-60.png 1000w, https:\/\/infoecos.com.ar\/wp-content\/uploads\/2023\/12\/image-60-800x426.png 800w, https:\/\/infoecos.com.ar\/wp-content\/uploads\/2023\/12\/image-60-768x409.png 768w\" sizes=\"(max-width: 395px) 100vw, 395px\" \/><\/figure>\n\n\n\n<p>En el lugar no hab\u00eda familiares, pero s\u00ed estuvieron el ministro de Seguridad, Horacio di N\u00e1poli, el ministro de Gobierno y Asuntos Municipales, Pascual Fern\u00e1ndez, el subsecretario de Asuntos Municipales, Rogelio \u00abKelo\u00bb Schanton y el jefe de Polic\u00eda, comisario Daniel Guinchinao.<\/p>\n\n\n\n<p>De acuerdo a lo que pudo saber&nbsp;<strong>El Diario<\/strong>, los habitantes de General San Mart\u00edn podr\u00e1n acceder al velatorio de los restos de Espir y Berardo en la sala funeraria solo&nbsp;<strong>entre las 10:00 y las 13:00 horas<\/strong>&nbsp;de este martes.<\/p>\n\n\n\n<p>La decisi\u00f3n es respetar un espacio de \u00abintimidad\u00bb de los familiares de las v\u00edctimas de la tragedia en la Cordillera de los Andes. A partir de esa hora, de las 13:00, se recibir\u00e1 en el municipio a personas del \u00e1mbito \u00abde la pol\u00edtica y notarial\u00bb.<\/p>\n\n\n\n<p>Y a las 19:00 horas partir\u00e1 el cortejo f\u00fanebre:&nbsp;<strong>la despedida final de los restos en el cementerio ser\u00e1 una \u00abceremonia \u00edntima\u00bb<\/strong>. Aquellos que quieran acompa\u00f1ar ese momento deber\u00e1n permanecer en el play\u00f3n frente al mismo y una vez retirada la familia podr\u00e1n acceder.<\/p>\n","protected":false},"excerpt":{"rendered":"<p>De acuerdo a lo que pudo saber\u00a0El Diario, los habitantes de General San Mart\u00edn podr\u00e1n acceder al velatorio de los restos de Espir y Berardo en la sala funeraria solo\u00a0entre las 10:00 y las 13:00 horas\u00a0de este martes<\/p>\n","protected":false},"author":2,"featured_media":116196,"comment_status":"closed","ping_status":"open","sticky":false,"template":"","format":"standard","meta":{"footnotes":""},"categories":[47],"tags":[9696],"class_list":["post-116195","post","type-post","status-publish","format-standard","has-post-thumbnail","hentry","category-c3nota2","tag-los-velan-hoy-a-partir-de-las-10"],"yoast_head":"<!-- This site is optimized with the Yoast SEO plugin v23.4 - https:\/\/yoast.com\/wordpress\/plugins\/seo\/ -->\n<title>Llegaron a La Pampa los cuerpos del intendente de San Mart\u00edn, Ra\u00fal Espir, y del escribano Sergio Berardo - Infoecos<\/title>\n<meta name=\"robots\" content=\"index, follow, max-snippet:-1, max-image-preview:large, max-video-preview:-1\" \/>\n<link rel=\"canonical\" href=\"https:\/\/infoecos.com.ar\/index.php\/llegaron-a-la-pampa-los-cuerpos-del-intendente-de-san-martin-raul-espir-y-del-escribano-sergio-berardo\/\" \/>\n<meta property=\"og:locale\" content=\"es_ES\" \/>\n<meta property=\"og:type\" content=\"article\" \/>\n<meta property=\"og:title\" content=\"Llegaron a La Pampa los cuerpos del intendente de San Mart\u00edn, Ra\u00fal Espir, y del escribano Sergio Berardo - Infoecos\" \/>\n<meta property=\"og:description\" content=\"De acuerdo a lo que pudo saber\u00a0El Diario, los habitantes de General San Mart\u00edn podr\u00e1n acceder al velatorio de los restos de Espir y Berardo en la sala funeraria solo\u00a0entre las 10:00 y las 13:00 horas\u00a0de este martes\" \/>\n<meta property=\"og:url\" content=\"https:\/\/infoecos.com.ar\/index.php\/llegaron-a-la-pampa-los-cuerpos-del-intendente-de-san-martin-raul-espir-y-del-escribano-sergio-berardo\/\" \/>\n<meta property=\"og:site_name\" content=\"Infoecos\" \/>\n<meta property=\"article:publisher\" content=\"https:\/\/www.facebook.com\/profile.php?id=100063200290284\" \/>\n<meta property=\"article:published_time\" content=\"2023-12-12T04:38:18+00:00\" \/>\n<meta property=\"article:modified_time\" content=\"2023-12-12T04:38:19+00:00\" \/>\n<meta property=\"og:image\" content=\"https:\/\/infoecos.com.ar\/wp-content\/uploads\/2023\/12\/image-59.png\" \/>\n\t<meta property=\"og:image:width\" content=\"697\" \/>\n\t<meta property=\"og:image:height\" content=\"279\" \/>\n\t<meta property=\"og:image:type\" content=\"image\/png\" \/>\n<meta name=\"author\" content=\"Jorge Matheus\" \/>\n<meta name=\"twitter:card\" content=\"summary_large_image\" \/>\n<meta name=\"twitter:creator\" content=\"@infoecos\" \/>\n<meta name=\"twitter:site\" content=\"@infoecos\" \/>\n<meta name=\"twitter:label1\" content=\"Escrito por\" \/>\n\t<meta name=\"twitter:data1\" content=\"Jorge Matheus\" \/>\n\t<meta name=\"twitter:label2\" content=\"Tiempo de lectura\" \/>\n\t<meta name=\"twitter:data2\" content=\"2 minutos\" \/>\n<script type=\"application\/ld+json\" class=\"yoast-schema-graph\">{\"@context\":\"https:\/\/schema.org\",\"@graph\":[{\"@type\":\"Article\",\"@id\":\"https:\/\/infoecos.com.ar\/index.php\/llegaron-a-la-pampa-los-cuerpos-del-intendente-de-san-martin-raul-espir-y-del-escribano-sergio-berardo\/#article\",\"isPartOf\":{\"@id\":\"https:\/\/infoecos.com.ar\/index.php\/llegaron-a-la-pampa-los-cuerpos-del-intendente-de-san-martin-raul-espir-y-del-escribano-sergio-berardo\/\"},\"author\":{\"name\":\"Jorge Matheus\",\"@id\":\"https:\/\/infoecos.com.ar\/#\/schema\/person\/8f5ace5ce73b4b4aac4b7245aee6f191\"},\"headline\":\"Llegaron a La Pampa los cuerpos del intendente de San Mart\u00edn, Ra\u00fal Espir, y del escribano Sergio Berardo\",\"datePublished\":\"2023-12-12T04:38:18+00:00\",\"dateModified\":\"2023-12-12T04:38:19+00:00\",\"mainEntityOfPage\":{\"@id\":\"https:\/\/infoecos.com.ar\/index.php\/llegaron-a-la-pampa-los-cuerpos-del-intendente-de-san-martin-raul-espir-y-del-escribano-sergio-berardo\/\"},\"wordCount\":326,\"publisher\":{\"@id\":\"https:\/\/infoecos.com.ar\/#organization\"},\"image\":{\"@id\":\"https:\/\/infoecos.com.ar\/index.php\/llegaron-a-la-pampa-los-cuerpos-del-intendente-de-san-martin-raul-espir-y-del-escribano-sergio-berardo\/#primaryimage\"},\"thumbnailUrl\":\"https:\/\/infoecos.com.ar\/wp-content\/uploads\/2023\/12\/image-59.png\",\"keywords\":[\"LOS VELAN HOY A PARTIR DE LAS 10\"],\"articleSection\":[\"C3 N2\"],\"inLanguage\":\"es\"},{\"@type\":\"WebPage\",\"@id\":\"https:\/\/infoecos.com.ar\/index.php\/llegaron-a-la-pampa-los-cuerpos-del-intendente-de-san-martin-raul-espir-y-del-escribano-sergio-berardo\/\",\"url\":\"https:\/\/infoecos.com.ar\/index.php\/llegaron-a-la-pampa-los-cuerpos-del-intendente-de-san-martin-raul-espir-y-del-escribano-sergio-berardo\/\",\"name\":\"Llegaron a La Pampa los cuerpos del intendente de San Mart\u00edn, Ra\u00fal Espir, y del escribano Sergio Berardo - Infoecos\",\"isPartOf\":{\"@id\":\"https:\/\/infoecos.com.ar\/#website\"},\"primaryImageOfPage\":{\"@id\":\"https:\/\/infoecos.com.ar\/index.php\/llegaron-a-la-pampa-los-cuerpos-del-intendente-de-san-martin-raul-espir-y-del-escribano-sergio-berardo\/#primaryimage\"},\"image\":{\"@id\":\"https:\/\/infoecos.com.ar\/index.php\/llegaron-a-la-pampa-los-cuerpos-del-intendente-de-san-martin-raul-espir-y-del-escribano-sergio-berardo\/#primaryimage\"},\"thumbnailUrl\":\"https:\/\/infoecos.com.ar\/wp-content\/uploads\/2023\/12\/image-59.png\",\"datePublished\":\"2023-12-12T04:38:18+00:00\",\"dateModified\":\"2023-12-12T04:38:19+00:00\",\"breadcrumb\":{\"@id\":\"https:\/\/infoecos.com.ar\/index.php\/llegaron-a-la-pampa-los-cuerpos-del-intendente-de-san-martin-raul-espir-y-del-escribano-sergio-berardo\/#breadcrumb\"},\"inLanguage\":\"es\",\"potentialAction\":[{\"@type\":\"ReadAction\",\"target\":[\"https:\/\/infoecos.com.ar\/index.php\/llegaron-a-la-pampa-los-cuerpos-del-intendente-de-san-martin-raul-espir-y-del-escribano-sergio-berardo\/\"]}]},{\"@type\":\"ImageObject\",\"inLanguage\":\"es\",\"@id\":\"https:\/\/infoecos.com.ar\/index.php\/llegaron-a-la-pampa-los-cuerpos-del-intendente-de-san-martin-raul-espir-y-del-escribano-sergio-berardo\/#primaryimage\",\"url\":\"https:\/\/infoecos.com.ar\/wp-content\/uploads\/2023\/12\/image-59.png\",\"contentUrl\":\"https:\/\/infoecos.com.ar\/wp-content\/uploads\/2023\/12\/image-59.png\",\"width\":697,\"height\":279},{\"@type\":\"BreadcrumbList\",\"@id\":\"https:\/\/infoecos.com.ar\/index.php\/llegaron-a-la-pampa-los-cuerpos-del-intendente-de-san-martin-raul-espir-y-del-escribano-sergio-berardo\/#breadcrumb\",\"itemListElement\":[{\"@type\":\"ListItem\",\"position\":1,\"name\":\"Portada\",\"item\":\"https:\/\/infoecos.com.ar\/\"},{\"@type\":\"ListItem\",\"position\":2,\"name\":\"Llegaron a La Pampa los cuerpos del intendente de San Mart\u00edn, Ra\u00fal Espir, y del escribano Sergio Berardo\"}]},{\"@type\":\"WebSite\",\"@id\":\"https:\/\/infoecos.com.ar\/#website\",\"url\":\"https:\/\/infoecos.com.ar\/\",\"name\":\"Infoecos\",\"description\":\"Noticias de trenque lauquen y la zona\",\"publisher\":{\"@id\":\"https:\/\/infoecos.com.ar\/#organization\"},\"alternateName\":\"Noticias\",\"potentialAction\":[{\"@type\":\"SearchAction\",\"target\":{\"@type\":\"EntryPoint\",\"urlTemplate\":\"https:\/\/infoecos.com.ar\/?s={search_term_string}\"},\"query-input\":{\"@type\":\"PropertyValueSpecification\",\"valueRequired\":true,\"valueName\":\"search_term_string\"}}],\"inLanguage\":\"es\"},{\"@type\":\"Organization\",\"@id\":\"https:\/\/infoecos.com.ar\/#organization\",\"name\":\"Infoecos\",\"alternateName\":\"Noticias\",\"url\":\"https:\/\/infoecos.com.ar\/\",\"logo\":{\"@type\":\"ImageObject\",\"inLanguage\":\"es\",\"@id\":\"https:\/\/infoecos.com.ar\/#\/schema\/logo\/image\/\",\"url\":\"https:\/\/infoecos.com.ar\/wp-content\/uploads\/2024\/03\/cropped-logo.png\",\"contentUrl\":\"https:\/\/infoecos.com.ar\/wp-content\/uploads\/2024\/03\/cropped-logo.png\",\"width\":374,\"height\":90,\"caption\":\"Infoecos\"},\"image\":{\"@id\":\"https:\/\/infoecos.com.ar\/#\/schema\/logo\/image\/\"},\"sameAs\":[\"https:\/\/www.facebook.com\/profile.php?id=100063200290284\",\"https:\/\/x.com\/infoecos\"]},{\"@type\":\"Person\",\"@id\":\"https:\/\/infoecos.com.ar\/#\/schema\/person\/8f5ace5ce73b4b4aac4b7245aee6f191\",\"name\":\"Jorge Matheus\",\"url\":\"https:\/\/infoecos.com.ar\/index.php\/author\/jomatheus\/\"}]}<\/script>\n<!-- \/ Yoast SEO plugin. -->","yoast_head_json":{"title":"Llegaron a La Pampa los cuerpos del intendente de San Mart\u00edn, Ra\u00fal Espir, y del escribano Sergio Berardo - Infoecos","robots":{"index":"index","follow":"follow","max-snippet":"max-snippet:-1","max-image-preview":"max-image-preview:large","max-video-preview":"max-video-preview:-1"},"canonical":"https:\/\/infoecos.com.ar\/index.php\/llegaron-a-la-pampa-los-cuerpos-del-intendente-de-san-martin-raul-espir-y-del-escribano-sergio-berardo\/","og_locale":"es_ES","og_type":"article","og_title":"Llegaron a La Pampa los cuerpos del intendente de San Mart\u00edn, Ra\u00fal Espir, y del escribano Sergio Berardo - Infoecos","og_description":"De acuerdo a lo que pudo saber\u00a0El Diario, los habitantes de General San Mart\u00edn podr\u00e1n acceder al velatorio de los restos de Espir y Berardo en la sala funeraria solo\u00a0entre las 10:00 y las 13:00 horas\u00a0de este martes","og_url":"https:\/\/infoecos.com.ar\/index.php\/llegaron-a-la-pampa-los-cuerpos-del-intendente-de-san-martin-raul-espir-y-del-escribano-sergio-berardo\/","og_site_name":"Infoecos","article_publisher":"https:\/\/www.facebook.com\/profile.php?id=100063200290284","article_published_time":"2023-12-12T04:38:18+00:00","article_modified_time":"2023-12-12T04:38:19+00:00","og_image":[{"width":697,"height":279,"url":"https:\/\/infoecos.com.ar\/wp-content\/uploads\/2023\/12\/image-59.png","type":"image\/png"}],"author":"Jorge Matheus","twitter_card":"summary_large_image","twitter_creator":"@infoecos","twitter_site":"@infoecos","twitter_misc":{"Escrito por":"Jorge Matheus","Tiempo de lectura":"2 minutos"},"schema":{"@context":"https:\/\/schema.org","@graph":[{"@type":"Article","@id":"https:\/\/infoecos.com.ar\/index.php\/llegaron-a-la-pampa-los-cuerpos-del-intendente-de-san-martin-raul-espir-y-del-escribano-sergio-berardo\/#article","isPartOf":{"@id":"https:\/\/infoecos.com.ar\/index.php\/llegaron-a-la-pampa-los-cuerpos-del-intendente-de-san-martin-raul-espir-y-del-escribano-sergio-berardo\/"},"author":{"name":"Jorge Matheus","@id":"https:\/\/infoecos.com.ar\/#\/schema\/person\/8f5ace5ce73b4b4aac4b7245aee6f191"},"headline":"Llegaron a La Pampa los cuerpos del intendente de San Mart\u00edn, Ra\u00fal Espir, y del escribano Sergio Berardo","datePublished":"2023-12-12T04:38:18+00:00","dateModified":"2023-12-12T04:38:19+00:00","mainEntityOfPage":{"@id":"https:\/\/infoecos.com.ar\/index.php\/llegaron-a-la-pampa-los-cuerpos-del-intendente-de-san-martin-raul-espir-y-del-escribano-sergio-berardo\/"},"wordCount":326,"publisher":{"@id":"https:\/\/infoecos.com.ar\/#organization"},"image":{"@id":"https:\/\/infoecos.com.ar\/index.php\/llegaron-a-la-pampa-los-cuerpos-del-intendente-de-san-martin-raul-espir-y-del-escribano-sergio-berardo\/#primaryimage"},"thumbnailUrl":"https:\/\/infoecos.com.ar\/wp-content\/uploads\/2023\/12\/image-59.png","keywords":["LOS VELAN HOY A PARTIR DE LAS 10"],"articleSection":["C3 N2"],"inLanguage":"es"},{"@type":"WebPage","@id":"https:\/\/infoecos.com.ar\/index.php\/llegaron-a-la-pampa-los-cuerpos-del-intendente-de-san-martin-raul-espir-y-del-escribano-sergio-berardo\/","url":"https:\/\/infoecos.com.ar\/index.php\/llegaron-a-la-pampa-los-cuerpos-del-intendente-de-san-martin-raul-espir-y-del-escribano-sergio-berardo\/","name":"Llegaron a La Pampa los cuerpos del intendente de San Mart\u00edn, Ra\u00fal Espir, y del escribano Sergio Berardo - Infoecos","isPartOf":{"@id":"https:\/\/infoecos.com.ar\/#website"},"primaryImageOfPage":{"@id":"https:\/\/infoecos.com.ar\/index.php\/llegaron-a-la-pampa-los-cuerpos-del-intendente-de-san-martin-raul-espir-y-del-escribano-sergio-berardo\/#primaryimage"},"image":{"@id":"https:\/\/infoecos.com.ar\/index.php\/llegaron-a-la-pampa-los-cuerpos-del-intendente-de-san-martin-raul-espir-y-del-escribano-sergio-berardo\/#primaryimage"},"thumbnailUrl":"https:\/\/infoecos.com.ar\/wp-content\/uploads\/2023\/12\/image-59.png","datePublished":"2023-12-12T04:38:18+00:00","dateModified":"2023-12-12T04:38:19+00:00","breadcrumb":{"@id":"https:\/\/infoecos.com.ar\/index.php\/llegaron-a-la-pampa-los-cuerpos-del-intendente-de-san-martin-raul-espir-y-del-escribano-sergio-berardo\/#breadcrumb"},"inLanguage":"es","potentialAction":[{"@type":"ReadAction","target":["https:\/\/infoecos.com.ar\/index.php\/llegaron-a-la-pampa-los-cuerpos-del-intendente-de-san-martin-raul-espir-y-del-escribano-sergio-berardo\/"]}]},{"@type":"ImageObject","inLanguage":"es","@id":"https:\/\/infoecos.com.ar\/index.php\/llegaron-a-la-pampa-los-cuerpos-del-intendente-de-san-martin-raul-espir-y-del-escribano-sergio-berardo\/#primaryimage","url":"https:\/\/infoecos.com.ar\/wp-content\/uploads\/2023\/12\/image-59.png","contentUrl":"https:\/\/infoecos.com.ar\/wp-content\/uploads\/2023\/12\/image-59.png","width":697,"height":279},{"@type":"BreadcrumbList","@id":"https:\/\/infoecos.com.ar\/index.php\/llegaron-a-la-pampa-los-cuerpos-del-intendente-de-san-martin-raul-espir-y-del-escribano-sergio-berardo\/#breadcrumb","itemListElement":[{"@type":"ListItem","position":1,"name":"Portada","item":"https:\/\/infoecos.com.ar\/"},{"@type":"ListItem","position":2,"name":"Llegaron a La Pampa los cuerpos del intendente de San Mart\u00edn, Ra\u00fal Espir, y del escribano Sergio Berardo"}]},{"@type":"WebSite","@id":"https:\/\/infoecos.com.ar\/#website","url":"https:\/\/infoecos.com.ar\/","name":"Infoecos","description":"Noticias de trenque lauquen y la zona","publisher":{"@id":"https:\/\/infoecos.com.ar\/#organization"},"alternateName":"Noticias","potentialAction":[{"@type":"SearchAction","target":{"@type":"EntryPoint","urlTemplate":"https:\/\/infoecos.com.ar\/?s={search_term_string}"},"query-input":{"@type":"PropertyValueSpecification","valueRequired":true,"valueName":"search_term_string"}}],"inLanguage":"es"},{"@type":"Organization","@id":"https:\/\/infoecos.com.ar\/#organization","name":"Infoecos","alternateName":"Noticias","url":"https:\/\/infoecos.com.ar\/","logo":{"@type":"ImageObject","inLanguage":"es","@id":"https:\/\/infoecos.com.ar\/#\/schema\/logo\/image\/","url":"https:\/\/infoecos.com.ar\/wp-content\/uploads\/2024\/03\/cropped-logo.png","contentUrl":"https:\/\/infoecos.com.ar\/wp-content\/uploads\/2024\/03\/cropped-logo.png","width":374,"height":90,"caption":"Infoecos"},"image":{"@id":"https:\/\/infoecos.com.ar\/#\/schema\/logo\/image\/"},"sameAs":["https:\/\/www.facebook.com\/profile.php?id=100063200290284","https:\/\/x.com\/infoecos"]},{"@type":"Person","@id":"https:\/\/infoecos.com.ar\/#\/schema\/person\/8f5ace5ce73b4b4aac4b7245aee6f191","name":"Jorge Matheus","url":"https:\/\/infoecos.com.ar\/index.php\/author\/jomatheus\/"}]}},"featured_image_urls":{"full":["https:\/\/infoecos.com.ar\/wp-content\/uploads\/2023\/12\/image-59.png",697,279,false],"thumbnail":["https:\/\/infoecos.com.ar\/wp-content\/uploads\/2023\/12\/image-59-300x150.png",300,150,true],"medium":["https:\/\/infoecos.com.ar\/wp-content\/uploads\/2023\/12\/image-59.png",697,279,false],"medium_large":["https:\/\/infoecos.com.ar\/wp-content\/uploads\/2023\/12\/image-59.png",640,256,false],"large":["https:\/\/infoecos.com.ar\/wp-content\/uploads\/2023\/12\/image-59.png",640,256,false],"1536x1536":["https:\/\/infoecos.com.ar\/wp-content\/uploads\/2023\/12\/image-59.png",697,279,false],"2048x2048":["https:\/\/infoecos.com.ar\/wp-content\/uploads\/2023\/12\/image-59.png",697,279,false],"covernews-slider-full":["https:\/\/infoecos.com.ar\/wp-content\/uploads\/2023\/12\/image-59.png",697,279,false],"covernews-slider-center":["https:\/\/infoecos.com.ar\/wp-content\/uploads\/2023\/12\/image-59.png",697,279,false],"covernews-featured":["https:\/\/infoecos.com.ar\/wp-content\/uploads\/2023\/12\/image-59.png",697,279,false],"covernews-medium":["https:\/\/infoecos.com.ar\/wp-content\/uploads\/2023\/12\/image-59.png",540,216,false],"covernews-medium-square":["https:\/\/infoecos.com.ar\/wp-content\/uploads\/2023\/12\/image-59-675x279.png",400,165,true]},"author_info":{"info":["Jorge Matheus"]},"category_info":"<a href=\"https:\/\/infoecos.com.ar\/index.php\/category\/c3nota2\/\" rel=\"category tag\">C3 N2<\/a>","tag_info":"C3 N2","comment_count":"0","_links":{"self":[{"href":"https:\/\/infoecos.com.ar\/index.php\/wp-json\/wp\/v2\/posts\/116195"}],"collection":[{"href":"https:\/\/infoecos.com.ar\/index.php\/wp-json\/wp\/v2\/posts"}],"about":[{"href":"https:\/\/infoecos.com.ar\/index.php\/wp-json\/wp\/v2\/types\/post"}],"author":[{"embeddable":true,"href":"https:\/\/infoecos.com.ar\/index.php\/wp-json\/wp\/v2\/users\/2"}],"replies":[{"embeddable":true,"href":"https:\/\/infoecos.com.ar\/index.php\/wp-json\/wp\/v2\/comments?post=116195"}],"version-history":[{"count":1,"href":"https:\/\/infoecos.com.ar\/index.php\/wp-json\/wp\/v2\/posts\/116195\/revisions"}],"predecessor-version":[{"id":116198,"href":"https:\/\/infoecos.com.ar\/index.php\/wp-json\/wp\/v2\/posts\/116195\/revisions\/116198"}],"wp:featuredmedia":[{"embeddable":true,"href":"https:\/\/infoecos.com.ar\/index.php\/wp-json\/wp\/v2\/media\/116196"}],"wp:attachment":[{"href":"https:\/\/infoecos.com.ar\/index.php\/wp-json\/wp\/v2\/media?parent=116195"}],"wp:term":[{"taxonomy":"category","embeddable":true,"href":"https:\/\/infoecos.com.ar\/index.php\/wp-json\/wp\/v2\/categories?post=116195"},{"taxonomy":"post_tag","embeddable":true,"href":"https:\/\/infoecos.com.ar\/index.php\/wp-json\/wp\/v2\/tags?post=116195"}],"curies":[{"name":"wp","href":"https:\/\/api.w.org\/{rel}","templated":true}]}}