{"id":116202,"date":"2023-12-12T19:20:49","date_gmt":"2023-12-12T22:20:49","guid":{"rendered":"https:\/\/infoecos.com.ar\/?p=116202"},"modified":"2023-12-13T18:30:48","modified_gmt":"2023-12-13T21:30:48","slug":"juicio-oral-y-publico-contra-la-jueza-ana-clara-perez-ballester-y-la-asesora-elisa-alejandra-catan","status":"publish","type":"post","link":"https:\/\/infoecos.com.ar\/index.php\/juicio-oral-y-publico-contra-la-jueza-ana-clara-perez-ballester-y-la-asesora-elisa-alejandra-catan\/","title":{"rendered":"Juicio Oral y P\u00fablico contra la jueza P\u00e9rez Ballester y la asesora Cat\u00e1n"},"content":{"rendered":"\n<p>Comenz\u00f3 el juicio oral y p\u00fablico contra&nbsp;la jueza pampeana <strong>Ana Clara P\u00e9rez Ballester<\/strong> y la asesora <strong>Elisa Alejandra Cat\u00e1n<\/strong>, acusadas de mal desempe\u00f1o en la tramitaci\u00f3n de los expedientes por la tutela y el cuidado personal del ni\u00f1o&nbsp;<strong>Lucio Dupuy<\/strong>, fallecido el 26 de noviembre de 2021.<\/p>\n\n\n\n<figure class=\"wp-block-gallery has-nested-images columns-default is-cropped wp-block-gallery-1 is-layout-flex wp-block-gallery-is-layout-flex\">\n<figure class=\"wp-block-image size-large\"><img loading=\"lazy\" decoding=\"async\" width=\"1000\" height=\"608\" data-id=\"116204\" src=\"https:\/\/infoecos.com.ar\/wp-content\/uploads\/2023\/12\/447965-t.webp\" alt=\"\" class=\"wp-image-116204\" srcset=\"https:\/\/infoecos.com.ar\/wp-content\/uploads\/2023\/12\/447965-t.webp 1000w, https:\/\/infoecos.com.ar\/wp-content\/uploads\/2023\/12\/447965-t-800x486.webp 800w, https:\/\/infoecos.com.ar\/wp-content\/uploads\/2023\/12\/447965-t-768x467.webp 768w\" sizes=\"(max-width: 1000px) 100vw, 1000px\" \/><figcaption class=\"wp-element-caption\">Caso Lucio &#8211; Juicio a las juezas &#8211; Foto: El Diario de La Pampa <\/figcaption><\/figure>\n\n\n\n<figure class=\"wp-block-image size-large\"><img loading=\"lazy\" decoding=\"async\" width=\"1000\" height=\"667\" data-id=\"116206\" src=\"https:\/\/infoecos.com.ar\/wp-content\/uploads\/2023\/12\/447967-t.webp\" alt=\"\" class=\"wp-image-116206\" srcset=\"https:\/\/infoecos.com.ar\/wp-content\/uploads\/2023\/12\/447967-t.webp 1000w, https:\/\/infoecos.com.ar\/wp-content\/uploads\/2023\/12\/447967-t-800x534.webp 800w, https:\/\/infoecos.com.ar\/wp-content\/uploads\/2023\/12\/447967-t-768x512.webp 768w, https:\/\/infoecos.com.ar\/wp-content\/uploads\/2023\/12\/447967-t-675x450.webp 675w\" sizes=\"(max-width: 1000px) 100vw, 1000px\" \/><figcaption class=\"wp-element-caption\">Caso Lucio &#8211; Juicio a las juezas &#8211; Foto: El Diario de La Pampa <\/figcaption><\/figure>\n\n\n\n<figure class=\"wp-block-image size-large\"><img loading=\"lazy\" decoding=\"async\" width=\"1000\" height=\"585\" data-id=\"116205\" src=\"https:\/\/infoecos.com.ar\/wp-content\/uploads\/2023\/12\/447971-t.webp\" alt=\"\" class=\"wp-image-116205\" srcset=\"https:\/\/infoecos.com.ar\/wp-content\/uploads\/2023\/12\/447971-t.webp 1000w, https:\/\/infoecos.com.ar\/wp-content\/uploads\/2023\/12\/447971-t-800x468.webp 800w, https:\/\/infoecos.com.ar\/wp-content\/uploads\/2023\/12\/447971-t-768x449.webp 768w\" sizes=\"(max-width: 1000px) 100vw, 1000px\" \/><figcaption class=\"wp-element-caption\">Caso Lucio &#8211; Juicio a las juezas &#8211; Foto: El Diario de La Pampa <\/figcaption><\/figure>\n<\/figure>\n\n\n\n<p>Se escucharon los alegatos de las partes, tanto la acusaci\u00f3n por parte del fiscal general <strong>Guillermo Sancho <\/strong>-interviene como procurador subrogante- como las defensas a cargo del abogado <strong>Pablo Rodriguez Salto <\/strong>en representaci\u00f3n de la jueza y <strong>Ana Carolina D\u00edaz<\/strong> en nombre de Cat\u00e1n. Ninguna de las dos funcionarias quiso declarar.&nbsp;<\/p>\n\n\n\n<p>El jurado de enjuiciamiento est\u00e1 conformado por su presidente, y a su vez titular del Superior Tribunal de Justicia, <strong>Fabricio Luis Losi<\/strong>; las legisladoras provinciales <strong>Mar\u00eda Silvia Larreta<\/strong> y <strong>Mar\u00eda Andrea Valderrama Calvo<\/strong>, y las abogadas por la matr\u00edcula, <strong>Silvina Mar\u00eda Garro<\/strong> y <strong>Mar\u00eda Natalia Gaccio<\/strong> (fueron designadas por sorteo). Tambi\u00e9n intervienen el procurador general subrogante, <strong>Guillermo Sancho<\/strong> \u2013en reemplazo del titular, <strong>Mario Oscar Bongianino<\/strong>, quien se excus\u00f3 a partir de una recusaci\u00f3n planteada por Cat\u00e1n\u2013; el abogado particular de <strong>P\u00e9rez Ballester<\/strong>, <strong>Pablo Rodr\u00edguez Salto<\/strong>; y las defensoras oficiales de Cat\u00e1n, la defensora general <strong>Carina Ganuza<\/strong> y <strong>Ana Carolina D\u00edaz<\/strong>.<\/p>\n\n\n\n<figure class=\"wp-block-gallery has-nested-images columns-default is-cropped wp-block-gallery-2 is-layout-flex wp-block-gallery-is-layout-flex\">\n<figure class=\"wp-block-image size-large\"><img loading=\"lazy\" decoding=\"async\" width=\"1000\" height=\"656\" data-id=\"116208\" src=\"https:\/\/infoecos.com.ar\/wp-content\/uploads\/2023\/12\/447975-t.webp\" alt=\"\" class=\"wp-image-116208\" srcset=\"https:\/\/infoecos.com.ar\/wp-content\/uploads\/2023\/12\/447975-t.webp 1000w, https:\/\/infoecos.com.ar\/wp-content\/uploads\/2023\/12\/447975-t-800x525.webp 800w, https:\/\/infoecos.com.ar\/wp-content\/uploads\/2023\/12\/447975-t-768x504.webp 768w\" sizes=\"(max-width: 1000px) 100vw, 1000px\" \/><figcaption class=\"wp-element-caption\">Caso Lucio &#8211; Juicio a las juezas &#8211; Foto: El Diario de La Pampa <\/figcaption><\/figure>\n\n\n\n<figure class=\"wp-block-image size-large\"><img loading=\"lazy\" decoding=\"async\" width=\"1000\" height=\"701\" data-id=\"116207\" src=\"https:\/\/infoecos.com.ar\/wp-content\/uploads\/2023\/12\/447976-t.webp\" alt=\"\" class=\"wp-image-116207\" srcset=\"https:\/\/infoecos.com.ar\/wp-content\/uploads\/2023\/12\/447976-t.webp 1000w, https:\/\/infoecos.com.ar\/wp-content\/uploads\/2023\/12\/447976-t-800x561.webp 800w, https:\/\/infoecos.com.ar\/wp-content\/uploads\/2023\/12\/447976-t-768x538.webp 768w\" sizes=\"(max-width: 1000px) 100vw, 1000px\" \/><figcaption class=\"wp-element-caption\">Caso Lucio &#8211; Juicio a las juezas &#8211; Foto: El Diario de La Pampa <\/figcaption><\/figure>\n\n\n\n<figure class=\"wp-block-image size-large\"><img loading=\"lazy\" decoding=\"async\" width=\"1000\" height=\"666\" data-id=\"116209\" src=\"https:\/\/infoecos.com.ar\/wp-content\/uploads\/2023\/12\/447978-t.webp\" alt=\"\" class=\"wp-image-116209\" srcset=\"https:\/\/infoecos.com.ar\/wp-content\/uploads\/2023\/12\/447978-t.webp 1000w, https:\/\/infoecos.com.ar\/wp-content\/uploads\/2023\/12\/447978-t-800x533.webp 800w, https:\/\/infoecos.com.ar\/wp-content\/uploads\/2023\/12\/447978-t-768x511.webp 768w, https:\/\/infoecos.com.ar\/wp-content\/uploads\/2023\/12\/447978-t-675x450.webp 675w\" sizes=\"(max-width: 1000px) 100vw, 1000px\" \/><figcaption class=\"wp-element-caption\">Caso Lucio &#8211; Juicio a las juezas &#8211; Foto: El Diario de La Pampa <\/figcaption><\/figure>\n<\/figure>\n\n\n\n<p><strong>Sancho acus\u00f3 en forma verbal a P\u00e9rez Ballester, a cargo del Juzgado de la Familia, Ni\u00f1as, Ni\u00f1os y Adolescentes N\u00b0 1 de General Pico; y a Cat\u00e1n, responsable de Asesor\u00eda de Ni\u00f1as, Ni\u00f1os y Adolescentes N\u00b0 2 de esa ciudad. Ellas fueron suspendidas preventivamente por el jurado \u00abmientras dure la tramitaci\u00f3n del juicio\u00bb.<\/strong><\/p>\n\n\n\n<p>Est\u00e1 programado que se escuche a 40 testigos, durante esta semana. Diez fueron requeridos por la Procuraci\u00f3n, 21 por la defensa de P\u00e9rez Ballester y 28 por la defensa de Cat\u00e1n. En la mayor\u00eda de los casos un testigo fue solicitado por dos de las partes y solamente dos testimonios fueron pedidos por todas las partes.<\/p>\n\n\n\n<p>Adem\u00e1s de los actos procesales anunciados, expondr\u00e1n 12 testigos ante el jurado; ma\u00f1ana est\u00e1n citados ocho, y el jueves y viernes (a partir de las 8) concurrir\u00e1n 13 y 7, respectivamente.<\/p>\n\n\n\n<p>Sancho consider\u00f3 que la jueza Ana Clara P\u00e9rez Ballester y la asesora Elisa Alejandra Cat\u00e1n incumplieron sus funciones, entre otras cosas porque no atendieron las demandas del propio ni\u00f1o y de su familia paterna.<\/p>\n\n\n\n<figure class=\"wp-block-gallery has-nested-images columns-default is-cropped wp-block-gallery-3 is-layout-flex wp-block-gallery-is-layout-flex\">\n<figure class=\"wp-block-image size-large\"><img loading=\"lazy\" decoding=\"async\" width=\"860\" height=\"452\" data-id=\"116210\" src=\"https:\/\/infoecos.com.ar\/wp-content\/uploads\/2023\/12\/260472.webp\" alt=\"\" class=\"wp-image-116210\" srcset=\"https:\/\/infoecos.com.ar\/wp-content\/uploads\/2023\/12\/260472.webp 860w, https:\/\/infoecos.com.ar\/wp-content\/uploads\/2023\/12\/260472-800x420.webp 800w, https:\/\/infoecos.com.ar\/wp-content\/uploads\/2023\/12\/260472-768x404.webp 768w\" sizes=\"(max-width: 860px) 100vw, 860px\" \/><figcaption class=\"wp-element-caption\">Caso Lucio &#8211; Juicio a las juezas &#8211; Foto: El Diario de La Pampa <\/figcaption><\/figure>\n\n\n\n<figure class=\"wp-block-image size-large\"><img loading=\"lazy\" decoding=\"async\" width=\"860\" height=\"452\" data-id=\"116211\" src=\"https:\/\/infoecos.com.ar\/wp-content\/uploads\/2023\/12\/260475.webp\" alt=\"\" class=\"wp-image-116211\" srcset=\"https:\/\/infoecos.com.ar\/wp-content\/uploads\/2023\/12\/260475.webp 860w, https:\/\/infoecos.com.ar\/wp-content\/uploads\/2023\/12\/260475-800x420.webp 800w, https:\/\/infoecos.com.ar\/wp-content\/uploads\/2023\/12\/260475-768x404.webp 768w\" sizes=\"(max-width: 860px) 100vw, 860px\" \/><figcaption class=\"wp-element-caption\">Caso Lucio &#8211; Juicio a las juezas &#8211; Foto: El Diario de La Pampa <\/figcaption><\/figure>\n\n\n\n<figure class=\"wp-block-image size-large\"><img loading=\"lazy\" decoding=\"async\" width=\"860\" height=\"452\" data-id=\"116212\" src=\"https:\/\/infoecos.com.ar\/wp-content\/uploads\/2023\/12\/260477.webp\" alt=\"\" class=\"wp-image-116212\" srcset=\"https:\/\/infoecos.com.ar\/wp-content\/uploads\/2023\/12\/260477.webp 860w, https:\/\/infoecos.com.ar\/wp-content\/uploads\/2023\/12\/260477-800x420.webp 800w, https:\/\/infoecos.com.ar\/wp-content\/uploads\/2023\/12\/260477-768x404.webp 768w\" sizes=\"(max-width: 860px) 100vw, 860px\" \/><figcaption class=\"wp-element-caption\">Caso Lucio &#8211; Juicio a las juezas &#8211; Foto: El Diario de La Pampa <\/figcaption><\/figure>\n<\/figure>\n\n\n\n<p><strong>Sancho explic\u00f3 que las actuaciones dieron inicio a partir de la denuncia de diputados del PRO. Interpret\u00f3 que \u00abno se escuch\u00f3 a Lucio\u00bb.<\/strong><\/p>\n\n\n\n<p>Enumer\u00f3 que se presumi\u00f3 que no estaba en condiciones de prestar declaraci\u00f3n; y que eso afect\u00f3 los derechos del ni\u00f1o. Tambi\u00e9n cuestion\u00f3 que las funcionarias judiciales omitieron escuchar al padre y a la propia madre del ni\u00f1o, a pesar de que est\u00e1 previsto por la ley.<\/p>\n\n\n\n<p>\u00abEl contexto ameritaba que se hiciera\u00bb, interpret\u00f3 y consider\u00f3 que \u00abesto se podr\u00eda haber hecho de oficio por pedido de la jueza\u00bb.<\/p>\n\n\n\n<p>El fiscal insisti\u00f3 en que \u00abno se escuch\u00f3 al ni\u00f1o, y eso era m\u00e1s importante por la decisi\u00f3n que se iba a adoptar\u00bb.<\/p>\n\n\n\n<p>\u00abNo se escuch\u00f3 ni al padre ni a la madre en este acuerdo, lo que provoc\u00f3 que el ni\u00f1o fuera trasladado.&nbsp;Lucio viv\u00eda con la madre un mes antes de que se homologara el acuerdo\u00bb, revel\u00f3.<\/p>\n\n\n\n<p><strong>El abogado Pablo Rodr\u00edguez Salto, defensor de la magistrada acusada, en el marco del jury se\u00f1al\u00f3 que Ana Clara P\u00e9rez Ballester no decidi\u00f3 entregar la guarda de Lucio Dupuy a su madre, sino que esa situaci\u00f3n fue fruto de un acuerdo entre partes. As\u00ed lo afirm\u00f3 Respald\u00f3 lo actuado por la jueza y dijo que al momento de su intervenci\u00f3n no hab\u00eda indicio alguno de posibles hechos de violencia.<\/strong><\/p>\n\n\n\n<p>La defensa insisti\u00f3 en que en el jury no se tratan los hechos que&nbsp;llevaron al homicidio de Lucio, porque \u00abya fueron juzgados y esas personas fueron condenadas\u00bb.&nbsp;<\/p>\n\n\n\n<p>\u00abLas partes entregaron el ni\u00f1o y ratificaron esa decisi\u00f3n presentando un acuerdo en el que explicaban los motivos por los que el ni\u00f1o iba a continuar viviendo con la madre. Cuando a la jueza le llega el expediente, ese proceso no era con controversia.&nbsp;No exist\u00edan dos reclamos en pugna.&nbsp;No hab\u00eda dos o m\u00e1s personas que se disputaban continuar con el cuidado del ni\u00f1o.&nbsp;Hab\u00eda una sola postura tomada por las dos partes\u00bb, insisti\u00f3.<\/p>\n\n\n\n<p><strong>La abogada Ana Carolina D\u00edaz, en defensa de la acusada Alejandra Cat\u00e1n, plante\u00f3 la inconstitucionalidad del jurado de Enjuiciamiento en su conformaci\u00f3n. \u00abEs el mismo jurado el que investig\u00f3 y el que juzga. Se afectan los derechos de mi defendida\u00bb, dijo.<\/strong><\/p>\n\n\n\n<p>Interpret\u00f3 adem\u00e1s que \u00abla acusaci\u00f3n no est\u00e1 fundada en derecho, no tenemos acusaci\u00f3n. Se olvidan dos cuestiones puntuales del ni\u00f1o: la edad y el grado de madurez. Lucio ten\u00eda dos a\u00f1os al momento del expediente. No entiende los intereses que est\u00e1n tratando\u00bb, contraatac\u00f3.<\/p>\n\n\n\n<p>Tambi\u00e9n sali\u00f3 al cruce respecto de la acusaci\u00f3n de que \u00abno se escuch\u00f3 ni cit\u00f3 al padre ni a la madre. Esta acusaci\u00f3n est\u00e1 fundada en la ley 2704 y la ley 1270 que esta derogada, no tiene sustento legal\u00bb, apunt\u00f3.<\/p>\n\n\n\n<p>Hizo notar que \u00ablos actos realizados por uno de los progenitores cuentan con la aprobaci\u00f3n del otro, esto queda demostrado\u00bb. Adem\u00e1s, dijo, \u00abel fiscal reconoci\u00f3 que no hab\u00eda expedientes de violencia, por lo que se cae la acusaci\u00f3n. \u00bfPara qu\u00e9 le iba a dar intervenci\u00f3n a equipos t\u00e9cnicos de Ni\u00f1ez ante presunta vulneraci\u00f3n de derechos cuando se ha reconocido que no hab\u00eda violencia?\u00bb, pregunt\u00f3 de modo ret\u00f3rico.<\/p>\n\n\n\n<p>Insisti\u00f3 en que la acusaci\u00f3n \u00abno tiene fundamentaci\u00f3n\u00bb. <\/p>\n\n\n\n<p><strong>Cristian Dupuy, padre del asesinado Lucio Dupuy, admiti\u00f3 que \u00e9l mismo estuvo de acuerdo en que el chico se fuera con la madre despu\u00e9s del tiempo de tutela con su t\u00eda. Tambi\u00e9n reconoci\u00f3 que no percibi\u00f3 hechos de violencia y que nunca imagin\u00f3 alg\u00fan maltrato. <\/strong><\/p>\n\n\n\n<p>Cuando le preguntaron por el tr\u00e1mite desde el momento en que la madre entreg\u00f3 a Lucio a su t\u00eda, Cristian cont\u00f3 que \u00abla madre decidi\u00f3 volverse a Pico, yo me qued\u00e9 en Luj\u00e1n por trabajo y lo dej\u00e9 al cuidado de mi hermano y su pareja.&nbsp;Luego decid\u00ed volver a Pico, no era justo que Lucio est\u00e9 sin su mam\u00e1 ni su pap\u00e1.&nbsp;Ellos hab\u00edan arreglado una especia de tutela.&nbsp;Lo ve\u00eda a Lucio los fines de semana, y cuando pod\u00eda en la semana tambi\u00e9n\u00bb, cont\u00f3.<\/p>\n\n\n\n<p>\u00abYo nunca pens\u00e9 que le iba a hacer da\u00f1o, tengo mucho remordimiento, mucha culpa de poder haber hecho algo m\u00e1s\u00bb, confes\u00f3 el padre del ni\u00f1o asesinado.<\/p>\n\n\n\n<p>Tambi\u00e9n aclar\u00f3 que del tr\u00e1mite legal \u00abnunca supe nada, s\u00f3lo sabia que lo iban a devolver.&nbsp;No pod\u00edamos hacer nada, dije que estaba bien, que era la madre.&nbsp;Nunca me citaron de ning\u00fan lado, no hubo ninguna notificaci\u00f3n para un tr\u00e1mite\u00bb.<\/p>\n\n\n\n<p><strong>Leticia Hidalgo, t\u00eda de Lucio Dupuy y declar\u00f3 como testigo en el jury. Cont\u00f3 que se hizo cargo del nene desde fines de 2018 y que termin\u00f3 aceptando su entrega por \u00abcansancio\u00bb, porque \u00abrecib\u00eda amenazas\u00bb de la madre y porque \u00abya no sab\u00eda qu\u00e9 m\u00e1s hacer\u00bb desde el punto de vista legal.<\/strong><\/p>\n\n\n\n<p>\u00abLo mand\u00e1bamos a la guarder\u00eda, nos ped\u00edan un papel porque no ten\u00edamos nada legal.&nbsp;Hicimos una exposici\u00f3n en la Polic\u00eda de Santa Rosa y otra en General Pico, me ped\u00edan una guarda, no sab\u00edamos lo que ten\u00edamos que hacer\u00bb, relat\u00f3.<\/p>\n\n\n\n<p>Explic\u00f3 que una abogada de apellido Coronel inici\u00f3 tr\u00e1mites en ese sentido: \u00abMe otorgaron la tutela, todo normal.&nbsp;Pasaron casi dos a\u00f1os hasta que la madre lo volvi\u00f3 a pedir.&nbsp;Ella andaba de mochilera y en ese tiempo tuvo muy poco contacto con Lucio.&nbsp;Cuando hac\u00edan videollamadas, Lucio no sab\u00eda qui\u00e9n era, hab\u00eda poco contacto personal.&nbsp;Pas\u00f3 de esa situaci\u00f3n a pedir al tenencia, que le devolviera el nene, diciendo que era su hijo\u00bb, record\u00f3.<\/p>\n\n\n\n<p>Apunt\u00f3: \u00abYo le dije que no se lo quer\u00eda dar.&nbsp;Yo lo tuve casi dos a\u00f1os y nunca me pregunt\u00f3 por su mam\u00e1\u00bb. Refresc\u00f3 que la citaron por el tema y le ped\u00edan que devolviera a Lucio: \u00abmi hija m\u00e1s grande me pidi\u00f3 por favor no se lo devuelva\u00bb, apunt\u00f3. \u00abMe llamaba la abogada de ella para que se lo devolviera.&nbsp;Siempre me amenazaban, que me iba a pasar de todo\u00bb, asegur\u00f3 en medio de un rapto de emoci\u00f3n durante su testimonio.<\/p>\n\n\n\n<p>Sin acuerdo por el reclamo de cuidado personal se arregl\u00f3 s\u00ed un&nbsp;r\u00e9gimen comunicacional.&nbsp;Ah\u00ed comienza a ir la madre y lo retira. \u00abElla no respetaba el acuerdo, ven\u00eda cuando quer\u00eda y yo no quer\u00eda hacerle problemas\u00bb, dijo Hidalgo. Relat\u00f3 situaciones de tensi\u00f3n y amenazas. En un momento la madre hizo una denuncia \u00aby nos sacaron al nene\u00bb.<\/p>\n\n\n\n<p>\u00abM\u00e1s all\u00e1 de la tutela, no pod\u00edamos hacer nada y nos dec\u00edan que era su mam\u00e1.&nbsp;Todos los d\u00edas nos denunciaba.&nbsp;No pod\u00edamos vivir as\u00ed, no sab\u00edamos c\u00f3mo manejarnos.&nbsp;Cuando ella se lo llev\u00f3, hubo un r\u00e9gimen de visitas y ella ten\u00eda que ir a buscarlo a Pico\u00bb, cont\u00f3.<\/p>\n\n\n\n<p>Entonces, \u00abse lo llev\u00f3 en pandemia y desde ese d\u00eda no me lo devolvi\u00f3 mas.&nbsp;Lo ten\u00eda que llevar el lunes y me dijo que no se pod\u00eda pasar de Santa Rosa a Pico.&nbsp;No pod\u00edamos vivir as\u00ed, no pod\u00edamos vivir amenazados. Y firmamos ante abogados para que viviera con ella\u00bb, dijo.<\/p>\n\n\n\n<p>Explic\u00f3 adem\u00e1s que mientras estuvo con ella \u00abla vida de Lucio era normal, iba a la guarder\u00eda, ten\u00eda sus amigos, nuestra iglesia, una vida normal.&nbsp;En Santa Rosa no tenia a nadie\u00bb.<\/p>\n\n\n\n<p><strong>Fuente: <\/strong><\/p>\n\n\n\n<p><strong>El Diario de La Pampa<\/strong><\/p>\n\n\n\n<p><strong>eldiariodelapampa.com.ar<\/strong><\/p>\n\n\n\n<p><\/p>\n\n\n\n<p><\/p>\n","protected":false},"excerpt":{"rendered":"<p>Fuente casi textual y fotos: El Diario de La Pampa, de Santa Rosa<\/p>\n","protected":false},"author":2,"featured_media":116204,"comment_status":"closed","ping_status":"open","sticky":false,"template":"","format":"standard","meta":{"footnotes":""},"categories":[47],"tags":[9698],"class_list":["post-116202","post","type-post","status-publish","format-standard","has-post-thumbnail","hentry","category-c3nota2","tag-caso-lucio-dupuy-la-pampa"],"yoast_head":"<!-- This site is optimized with the Yoast SEO plugin v23.4 - https:\/\/yoast.com\/wordpress\/plugins\/seo\/ -->\n<title>Juicio Oral y P\u00fablico contra la jueza P\u00e9rez Ballester y la asesora Cat\u00e1n - Infoecos<\/title>\n<meta name=\"robots\" content=\"index, follow, max-snippet:-1, max-image-preview:large, max-video-preview:-1\" \/>\n<link rel=\"canonical\" href=\"https:\/\/infoecos.com.ar\/index.php\/juicio-oral-y-publico-contra-la-jueza-ana-clara-perez-ballester-y-la-asesora-elisa-alejandra-catan\/\" \/>\n<meta property=\"og:locale\" content=\"es_ES\" \/>\n<meta property=\"og:type\" content=\"article\" \/>\n<meta property=\"og:title\" content=\"Juicio Oral y P\u00fablico contra la jueza P\u00e9rez Ballester y la asesora Cat\u00e1n - Infoecos\" \/>\n<meta property=\"og:description\" content=\"Fuente casi textual y fotos: El Diario de La Pampa, de Santa Rosa\" \/>\n<meta property=\"og:url\" content=\"https:\/\/infoecos.com.ar\/index.php\/juicio-oral-y-publico-contra-la-jueza-ana-clara-perez-ballester-y-la-asesora-elisa-alejandra-catan\/\" \/>\n<meta property=\"og:site_name\" content=\"Infoecos\" \/>\n<meta property=\"article:publisher\" content=\"https:\/\/www.facebook.com\/profile.php?id=100063200290284\" \/>\n<meta property=\"article:published_time\" content=\"2023-12-12T22:20:49+00:00\" \/>\n<meta property=\"article:modified_time\" content=\"2023-12-13T21:30:48+00:00\" \/>\n<meta property=\"og:image\" content=\"https:\/\/infoecos.com.ar\/wp-content\/uploads\/2023\/12\/447965-t.webp\" \/>\n\t<meta property=\"og:image:width\" content=\"1000\" \/>\n\t<meta property=\"og:image:height\" content=\"608\" \/>\n\t<meta property=\"og:image:type\" content=\"image\/webp\" \/>\n<meta name=\"author\" content=\"Jorge Matheus\" \/>\n<meta name=\"twitter:card\" content=\"summary_large_image\" \/>\n<meta name=\"twitter:creator\" content=\"@infoecos\" \/>\n<meta name=\"twitter:site\" content=\"@infoecos\" \/>\n<meta name=\"twitter:label1\" content=\"Escrito por\" \/>\n\t<meta name=\"twitter:data1\" content=\"Jorge Matheus\" \/>\n\t<meta name=\"twitter:label2\" content=\"Tiempo de lectura\" \/>\n\t<meta name=\"twitter:data2\" content=\"10 minutos\" \/>\n<script type=\"application\/ld+json\" class=\"yoast-schema-graph\">{\"@context\":\"https:\/\/schema.org\",\"@graph\":[{\"@type\":\"Article\",\"@id\":\"https:\/\/infoecos.com.ar\/index.php\/juicio-oral-y-publico-contra-la-jueza-ana-clara-perez-ballester-y-la-asesora-elisa-alejandra-catan\/#article\",\"isPartOf\":{\"@id\":\"https:\/\/infoecos.com.ar\/index.php\/juicio-oral-y-publico-contra-la-jueza-ana-clara-perez-ballester-y-la-asesora-elisa-alejandra-catan\/\"},\"author\":{\"name\":\"Jorge Matheus\",\"@id\":\"https:\/\/infoecos.com.ar\/#\/schema\/person\/8f5ace5ce73b4b4aac4b7245aee6f191\"},\"headline\":\"Juicio Oral y P\u00fablico contra la jueza P\u00e9rez Ballester y la asesora Cat\u00e1n\",\"datePublished\":\"2023-12-12T22:20:49+00:00\",\"dateModified\":\"2023-12-13T21:30:48+00:00\",\"mainEntityOfPage\":{\"@id\":\"https:\/\/infoecos.com.ar\/index.php\/juicio-oral-y-publico-contra-la-jueza-ana-clara-perez-ballester-y-la-asesora-elisa-alejandra-catan\/\"},\"wordCount\":1858,\"publisher\":{\"@id\":\"https:\/\/infoecos.com.ar\/#organization\"},\"image\":{\"@id\":\"https:\/\/infoecos.com.ar\/index.php\/juicio-oral-y-publico-contra-la-jueza-ana-clara-perez-ballester-y-la-asesora-elisa-alejandra-catan\/#primaryimage\"},\"thumbnailUrl\":\"https:\/\/infoecos.com.ar\/wp-content\/uploads\/2023\/12\/447965-t.webp\",\"keywords\":[\"caso lucio dupuy - La Pampa\"],\"articleSection\":[\"C3 N2\"],\"inLanguage\":\"es\"},{\"@type\":\"WebPage\",\"@id\":\"https:\/\/infoecos.com.ar\/index.php\/juicio-oral-y-publico-contra-la-jueza-ana-clara-perez-ballester-y-la-asesora-elisa-alejandra-catan\/\",\"url\":\"https:\/\/infoecos.com.ar\/index.php\/juicio-oral-y-publico-contra-la-jueza-ana-clara-perez-ballester-y-la-asesora-elisa-alejandra-catan\/\",\"name\":\"Juicio Oral y P\u00fablico contra la jueza P\u00e9rez Ballester y la asesora Cat\u00e1n - Infoecos\",\"isPartOf\":{\"@id\":\"https:\/\/infoecos.com.ar\/#website\"},\"primaryImageOfPage\":{\"@id\":\"https:\/\/infoecos.com.ar\/index.php\/juicio-oral-y-publico-contra-la-jueza-ana-clara-perez-ballester-y-la-asesora-elisa-alejandra-catan\/#primaryimage\"},\"image\":{\"@id\":\"https:\/\/infoecos.com.ar\/index.php\/juicio-oral-y-publico-contra-la-jueza-ana-clara-perez-ballester-y-la-asesora-elisa-alejandra-catan\/#primaryimage\"},\"thumbnailUrl\":\"https:\/\/infoecos.com.ar\/wp-content\/uploads\/2023\/12\/447965-t.webp\",\"datePublished\":\"2023-12-12T22:20:49+00:00\",\"dateModified\":\"2023-12-13T21:30:48+00:00\",\"breadcrumb\":{\"@id\":\"https:\/\/infoecos.com.ar\/index.php\/juicio-oral-y-publico-contra-la-jueza-ana-clara-perez-ballester-y-la-asesora-elisa-alejandra-catan\/#breadcrumb\"},\"inLanguage\":\"es\",\"potentialAction\":[{\"@type\":\"ReadAction\",\"target\":[\"https:\/\/infoecos.com.ar\/index.php\/juicio-oral-y-publico-contra-la-jueza-ana-clara-perez-ballester-y-la-asesora-elisa-alejandra-catan\/\"]}]},{\"@type\":\"ImageObject\",\"inLanguage\":\"es\",\"@id\":\"https:\/\/infoecos.com.ar\/index.php\/juicio-oral-y-publico-contra-la-jueza-ana-clara-perez-ballester-y-la-asesora-elisa-alejandra-catan\/#primaryimage\",\"url\":\"https:\/\/infoecos.com.ar\/wp-content\/uploads\/2023\/12\/447965-t.webp\",\"contentUrl\":\"https:\/\/infoecos.com.ar\/wp-content\/uploads\/2023\/12\/447965-t.webp\",\"width\":1000,\"height\":608},{\"@type\":\"BreadcrumbList\",\"@id\":\"https:\/\/infoecos.com.ar\/index.php\/juicio-oral-y-publico-contra-la-jueza-ana-clara-perez-ballester-y-la-asesora-elisa-alejandra-catan\/#breadcrumb\",\"itemListElement\":[{\"@type\":\"ListItem\",\"position\":1,\"name\":\"Portada\",\"item\":\"https:\/\/infoecos.com.ar\/\"},{\"@type\":\"ListItem\",\"position\":2,\"name\":\"Juicio Oral y P\u00fablico contra la jueza P\u00e9rez Ballester y la asesora Cat\u00e1n\"}]},{\"@type\":\"WebSite\",\"@id\":\"https:\/\/infoecos.com.ar\/#website\",\"url\":\"https:\/\/infoecos.com.ar\/\",\"name\":\"Infoecos\",\"description\":\"Noticias de trenque lauquen y la zona\",\"publisher\":{\"@id\":\"https:\/\/infoecos.com.ar\/#organization\"},\"alternateName\":\"Noticias\",\"potentialAction\":[{\"@type\":\"SearchAction\",\"target\":{\"@type\":\"EntryPoint\",\"urlTemplate\":\"https:\/\/infoecos.com.ar\/?s={search_term_string}\"},\"query-input\":{\"@type\":\"PropertyValueSpecification\",\"valueRequired\":true,\"valueName\":\"search_term_string\"}}],\"inLanguage\":\"es\"},{\"@type\":\"Organization\",\"@id\":\"https:\/\/infoecos.com.ar\/#organization\",\"name\":\"Infoecos\",\"alternateName\":\"Noticias\",\"url\":\"https:\/\/infoecos.com.ar\/\",\"logo\":{\"@type\":\"ImageObject\",\"inLanguage\":\"es\",\"@id\":\"https:\/\/infoecos.com.ar\/#\/schema\/logo\/image\/\",\"url\":\"https:\/\/infoecos.com.ar\/wp-content\/uploads\/2024\/03\/cropped-logo.png\",\"contentUrl\":\"https:\/\/infoecos.com.ar\/wp-content\/uploads\/2024\/03\/cropped-logo.png\",\"width\":374,\"height\":90,\"caption\":\"Infoecos\"},\"image\":{\"@id\":\"https:\/\/infoecos.com.ar\/#\/schema\/logo\/image\/\"},\"sameAs\":[\"https:\/\/www.facebook.com\/profile.php?id=100063200290284\",\"https:\/\/x.com\/infoecos\"]},{\"@type\":\"Person\",\"@id\":\"https:\/\/infoecos.com.ar\/#\/schema\/person\/8f5ace5ce73b4b4aac4b7245aee6f191\",\"name\":\"Jorge Matheus\",\"url\":\"https:\/\/infoecos.com.ar\/index.php\/author\/jomatheus\/\"}]}<\/script>\n<!-- \/ Yoast SEO plugin. -->","yoast_head_json":{"title":"Juicio Oral y P\u00fablico contra la jueza P\u00e9rez Ballester y la asesora Cat\u00e1n - Infoecos","robots":{"index":"index","follow":"follow","max-snippet":"max-snippet:-1","max-image-preview":"max-image-preview:large","max-video-preview":"max-video-preview:-1"},"canonical":"https:\/\/infoecos.com.ar\/index.php\/juicio-oral-y-publico-contra-la-jueza-ana-clara-perez-ballester-y-la-asesora-elisa-alejandra-catan\/","og_locale":"es_ES","og_type":"article","og_title":"Juicio Oral y P\u00fablico contra la jueza P\u00e9rez Ballester y la asesora Cat\u00e1n - Infoecos","og_description":"Fuente casi textual y fotos: El Diario de La Pampa, de Santa Rosa","og_url":"https:\/\/infoecos.com.ar\/index.php\/juicio-oral-y-publico-contra-la-jueza-ana-clara-perez-ballester-y-la-asesora-elisa-alejandra-catan\/","og_site_name":"Infoecos","article_publisher":"https:\/\/www.facebook.com\/profile.php?id=100063200290284","article_published_time":"2023-12-12T22:20:49+00:00","article_modified_time":"2023-12-13T21:30:48+00:00","og_image":[{"width":1000,"height":608,"url":"https:\/\/infoecos.com.ar\/wp-content\/uploads\/2023\/12\/447965-t.webp","type":"image\/webp"}],"author":"Jorge Matheus","twitter_card":"summary_large_image","twitter_creator":"@infoecos","twitter_site":"@infoecos","twitter_misc":{"Escrito por":"Jorge Matheus","Tiempo de lectura":"10 minutos"},"schema":{"@context":"https:\/\/schema.org","@graph":[{"@type":"Article","@id":"https:\/\/infoecos.com.ar\/index.php\/juicio-oral-y-publico-contra-la-jueza-ana-clara-perez-ballester-y-la-asesora-elisa-alejandra-catan\/#article","isPartOf":{"@id":"https:\/\/infoecos.com.ar\/index.php\/juicio-oral-y-publico-contra-la-jueza-ana-clara-perez-ballester-y-la-asesora-elisa-alejandra-catan\/"},"author":{"name":"Jorge Matheus","@id":"https:\/\/infoecos.com.ar\/#\/schema\/person\/8f5ace5ce73b4b4aac4b7245aee6f191"},"headline":"Juicio Oral y P\u00fablico contra la jueza P\u00e9rez Ballester y la asesora Cat\u00e1n","datePublished":"2023-12-12T22:20:49+00:00","dateModified":"2023-12-13T21:30:48+00:00","mainEntityOfPage":{"@id":"https:\/\/infoecos.com.ar\/index.php\/juicio-oral-y-publico-contra-la-jueza-ana-clara-perez-ballester-y-la-asesora-elisa-alejandra-catan\/"},"wordCount":1858,"publisher":{"@id":"https:\/\/infoecos.com.ar\/#organization"},"image":{"@id":"https:\/\/infoecos.com.ar\/index.php\/juicio-oral-y-publico-contra-la-jueza-ana-clara-perez-ballester-y-la-asesora-elisa-alejandra-catan\/#primaryimage"},"thumbnailUrl":"https:\/\/infoecos.com.ar\/wp-content\/uploads\/2023\/12\/447965-t.webp","keywords":["caso lucio dupuy - La Pampa"],"articleSection":["C3 N2"],"inLanguage":"es"},{"@type":"WebPage","@id":"https:\/\/infoecos.com.ar\/index.php\/juicio-oral-y-publico-contra-la-jueza-ana-clara-perez-ballester-y-la-asesora-elisa-alejandra-catan\/","url":"https:\/\/infoecos.com.ar\/index.php\/juicio-oral-y-publico-contra-la-jueza-ana-clara-perez-ballester-y-la-asesora-elisa-alejandra-catan\/","name":"Juicio Oral y P\u00fablico contra la jueza P\u00e9rez Ballester y la asesora Cat\u00e1n - Infoecos","isPartOf":{"@id":"https:\/\/infoecos.com.ar\/#website"},"primaryImageOfPage":{"@id":"https:\/\/infoecos.com.ar\/index.php\/juicio-oral-y-publico-contra-la-jueza-ana-clara-perez-ballester-y-la-asesora-elisa-alejandra-catan\/#primaryimage"},"image":{"@id":"https:\/\/infoecos.com.ar\/index.php\/juicio-oral-y-publico-contra-la-jueza-ana-clara-perez-ballester-y-la-asesora-elisa-alejandra-catan\/#primaryimage"},"thumbnailUrl":"https:\/\/infoecos.com.ar\/wp-content\/uploads\/2023\/12\/447965-t.webp","datePublished":"2023-12-12T22:20:49+00:00","dateModified":"2023-12-13T21:30:48+00:00","breadcrumb":{"@id":"https:\/\/infoecos.com.ar\/index.php\/juicio-oral-y-publico-contra-la-jueza-ana-clara-perez-ballester-y-la-asesora-elisa-alejandra-catan\/#breadcrumb"},"inLanguage":"es","potentialAction":[{"@type":"ReadAction","target":["https:\/\/infoecos.com.ar\/index.php\/juicio-oral-y-publico-contra-la-jueza-ana-clara-perez-ballester-y-la-asesora-elisa-alejandra-catan\/"]}]},{"@type":"ImageObject","inLanguage":"es","@id":"https:\/\/infoecos.com.ar\/index.php\/juicio-oral-y-publico-contra-la-jueza-ana-clara-perez-ballester-y-la-asesora-elisa-alejandra-catan\/#primaryimage","url":"https:\/\/infoecos.com.ar\/wp-content\/uploads\/2023\/12\/447965-t.webp","contentUrl":"https:\/\/infoecos.com.ar\/wp-content\/uploads\/2023\/12\/447965-t.webp","width":1000,"height":608},{"@type":"BreadcrumbList","@id":"https:\/\/infoecos.com.ar\/index.php\/juicio-oral-y-publico-contra-la-jueza-ana-clara-perez-ballester-y-la-asesora-elisa-alejandra-catan\/#breadcrumb","itemListElement":[{"@type":"ListItem","position":1,"name":"Portada","item":"https:\/\/infoecos.com.ar\/"},{"@type":"ListItem","position":2,"name":"Juicio Oral y P\u00fablico contra la jueza P\u00e9rez Ballester y la asesora Cat\u00e1n"}]},{"@type":"WebSite","@id":"https:\/\/infoecos.com.ar\/#website","url":"https:\/\/infoecos.com.ar\/","name":"Infoecos","description":"Noticias de trenque lauquen y la zona","publisher":{"@id":"https:\/\/infoecos.com.ar\/#organization"},"alternateName":"Noticias","potentialAction":[{"@type":"SearchAction","target":{"@type":"EntryPoint","urlTemplate":"https:\/\/infoecos.com.ar\/?s={search_term_string}"},"query-input":{"@type":"PropertyValueSpecification","valueRequired":true,"valueName":"search_term_string"}}],"inLanguage":"es"},{"@type":"Organization","@id":"https:\/\/infoecos.com.ar\/#organization","name":"Infoecos","alternateName":"Noticias","url":"https:\/\/infoecos.com.ar\/","logo":{"@type":"ImageObject","inLanguage":"es","@id":"https:\/\/infoecos.com.ar\/#\/schema\/logo\/image\/","url":"https:\/\/infoecos.com.ar\/wp-content\/uploads\/2024\/03\/cropped-logo.png","contentUrl":"https:\/\/infoecos.com.ar\/wp-content\/uploads\/2024\/03\/cropped-logo.png","width":374,"height":90,"caption":"Infoecos"},"image":{"@id":"https:\/\/infoecos.com.ar\/#\/schema\/logo\/image\/"},"sameAs":["https:\/\/www.facebook.com\/profile.php?id=100063200290284","https:\/\/x.com\/infoecos"]},{"@type":"Person","@id":"https:\/\/infoecos.com.ar\/#\/schema\/person\/8f5ace5ce73b4b4aac4b7245aee6f191","name":"Jorge Matheus","url":"https:\/\/infoecos.com.ar\/index.php\/author\/jomatheus\/"}]}},"featured_image_urls":{"full":["https:\/\/infoecos.com.ar\/wp-content\/uploads\/2023\/12\/447965-t.webp",1000,608,false],"thumbnail":["https:\/\/infoecos.com.ar\/wp-content\/uploads\/2023\/12\/447965-t-300x150.webp",300,150,true],"medium":["https:\/\/infoecos.com.ar\/wp-content\/uploads\/2023\/12\/447965-t-800x486.webp",800,486,true],"medium_large":["https:\/\/infoecos.com.ar\/wp-content\/uploads\/2023\/12\/447965-t-768x467.webp",640,389,true],"large":["https:\/\/infoecos.com.ar\/wp-content\/uploads\/2023\/12\/447965-t.webp",640,389,false],"1536x1536":["https:\/\/infoecos.com.ar\/wp-content\/uploads\/2023\/12\/447965-t.webp",1000,608,false],"2048x2048":["https:\/\/infoecos.com.ar\/wp-content\/uploads\/2023\/12\/447965-t.webp",1000,608,false],"covernews-slider-full":["https:\/\/infoecos.com.ar\/wp-content\/uploads\/2023\/12\/447965-t.webp",1000,608,false],"covernews-slider-center":["https:\/\/infoecos.com.ar\/wp-content\/uploads\/2023\/12\/447965-t-936x608.webp",770,500,true],"covernews-featured":["https:\/\/infoecos.com.ar\/wp-content\/uploads\/2023\/12\/447965-t.webp",1000,608,false],"covernews-medium":["https:\/\/infoecos.com.ar\/wp-content\/uploads\/2023\/12\/447965-t-720x380.webp",540,285,true],"covernews-medium-square":["https:\/\/infoecos.com.ar\/wp-content\/uploads\/2023\/12\/447965-t-675x450.webp",375,250,true]},"author_info":{"info":["Jorge Matheus"]},"category_info":"<a href=\"https:\/\/infoecos.com.ar\/index.php\/category\/c3nota2\/\" rel=\"category tag\">C3 N2<\/a>","tag_info":"C3 N2","comment_count":"0","_links":{"self":[{"href":"https:\/\/infoecos.com.ar\/index.php\/wp-json\/wp\/v2\/posts\/116202"}],"collection":[{"href":"https:\/\/infoecos.com.ar\/index.php\/wp-json\/wp\/v2\/posts"}],"about":[{"href":"https:\/\/infoecos.com.ar\/index.php\/wp-json\/wp\/v2\/types\/post"}],"author":[{"embeddable":true,"href":"https:\/\/infoecos.com.ar\/index.php\/wp-json\/wp\/v2\/users\/2"}],"replies":[{"embeddable":true,"href":"https:\/\/infoecos.com.ar\/index.php\/wp-json\/wp\/v2\/comments?post=116202"}],"version-history":[{"count":2,"href":"https:\/\/infoecos.com.ar\/index.php\/wp-json\/wp\/v2\/posts\/116202\/revisions"}],"predecessor-version":[{"id":116214,"href":"https:\/\/infoecos.com.ar\/index.php\/wp-json\/wp\/v2\/posts\/116202\/revisions\/116214"}],"wp:featuredmedia":[{"embeddable":true,"href":"https:\/\/infoecos.com.ar\/index.php\/wp-json\/wp\/v2\/media\/116204"}],"wp:attachment":[{"href":"https:\/\/infoecos.com.ar\/index.php\/wp-json\/wp\/v2\/media?parent=116202"}],"wp:term":[{"taxonomy":"category","embeddable":true,"href":"https:\/\/infoecos.com.ar\/index.php\/wp-json\/wp\/v2\/categories?post=116202"},{"taxonomy":"post_tag","embeddable":true,"href":"https:\/\/infoecos.com.ar\/index.php\/wp-json\/wp\/v2\/tags?post=116202"}],"curies":[{"name":"wp","href":"https:\/\/api.w.org\/{rel}","templated":true}]}}